{"id":50139,"date":"2019-10-13T23:00:46","date_gmt":"2019-10-14T04:00:46","guid":{"rendered":"http:\/\/www.lospoliticosveracruz.com.mx\/?p=50139"},"modified":"2019-10-14T06:41:27","modified_gmt":"2019-10-14T11:41:27","slug":"el-regreso-del-zorro","status":"publish","type":"post","link":"https:\/\/lospoliticosveracruz.com\/?p=50139","title":{"rendered":"El regreso del Zorro\u00a0"},"content":{"rendered":"<p><strong>Salvador Mu\u00f1oz<\/strong><\/p>\n<p><em>Los Pol\u00edticos<\/em><\/p>\n<p><span style=\"font-weight: 400;\">\u2013Yo a ti te conozco\u2013 le dijo \u2013T\u00fa eras cantinero en La Casa de Amparo, all\u00e1 en Cordoba. Jos\u00e9 Sosa Ortiz se sorprendi\u00f3 y asinti\u00f3, \u00a1era cierto! La relaci\u00f3n de Jos\u00e9 con Veracruz es muy estrecha y no s\u00f3lo porque se haya ido a casar a Catemaco, sino porque esa pl\u00e1tica con la que inicia este texto, se da en la Ciudad de M\u00e9xico con un veracruzano que compet\u00eda en Valores Bacard\u00ed, all\u00e1 por 1981.<\/span><\/p>\n<p><span style=\"font-weight: 400;\">Estoy desayunando unas setas a la mexicana en Isla Camar\u00f3n, y si por s\u00ed est\u00e1n riqu\u00edsimas, el Zorro Bohemio les da todav\u00eda el toque especial escuchando sus an\u00e9cdotas.<\/span><\/p>\n<p><span style=\"font-weight: 400;\">Es seguro que muchos conozcan al Zorro Bohemio, pero a quienes no, hablo de Jes\u00fas Moreno Fr\u00edas, aquel diputado del PAN que durante la primera sesi\u00f3n en LVII o LVIII, el dato se me escapa, se le plant\u00f3 en Tribuna al Maestro Pericles Namorado Urrutia, cuando \u00e9ste se refiri\u00f3 como minor\u00eda a la bancada panista y le dio tres puntos a su calificaci\u00f3n:<\/span><\/p>\n<p><span style=\"font-weight: 400;\">1.- No hay minor\u00edas porque cualitativamente, son iguales.<\/span><\/p>\n<p><span style=\"font-weight: 400;\">2.- La historia de M\u00e9xico habla de pesos y contrapesos necesarios para la democracia.<\/span><\/p>\n<p><span style=\"font-weight: 400;\">3.- Le pidi\u00f3 que subiera a Tribuna a rectificar su posici\u00f3n\u2026<\/span><\/p>\n<p><span style=\"font-weight: 400;\">\u00a1Por supuesto! El Maestro Pericles regres\u00f3, y con el talante que le caracteriz\u00f3, precis\u00f3 y remat\u00f3: \u201cTienes aqu\u00ed a un adversario\u201d que realmente se convirti\u00f3 al paso del tiempo, en amigo.<\/span><\/p>\n<p><span style=\"font-weight: 400;\">Coincidimos en Isla Camar\u00f3n, all\u00e1 en Plaza San Jos\u00e9\u2026 bueno, ya le llevaba delantera con un Shot de Jengibre (insisto: deliciosamente adictivo) pero nos empatamos con un caf\u00e9 negro acompa\u00f1ados de don Miguel Cabrera Gordillo y Monserrat Molina, que se perdi\u00f3 de la charla porque el deber la llamaba.<\/span><\/p>\n<p><span style=\"font-weight: 400;\">Moreno Fr\u00edas dice que est\u00e1 de regreso\u2026 tan de vuelta que dice que ya tuvo una confrontaci\u00f3n con un diputado quien queriendo hacerse el gracioso, le quiso cerrar el acceso al pleno pero lo par\u00f3 en seco con un \u201cSi usted no respeta la asamblea, \u00a1resp\u00e9teme a m\u00ed!\u201d \u00a1y santo remedio! \u00bfAdivina qu\u00e9 diputado fue?<\/span><\/p>\n<p><span style=\"font-weight: 400;\">Mientras me tomo mi licuado de Maca (ya saben, el de la ra\u00edz afrodisiaca), estoy en la disyuntiva entre pedir un Pambazo San Crist\u00f3bal (betabel, j\u00edcama y zanahoria rayada con los cl\u00e1sicos frijolitos) o unos huevos benedictinos\u2026 para variar, me sugiere don Miguel un coctel pero no de camar\u00f3n, sino de coco y durazno\u2026<\/span><\/p>\n<p><span style=\"font-weight: 400;\">Moreno Fr\u00edas me muestra un video de la noche anterior\u2026 estaba en Isla Camar\u00f3n, pero en el horario vespertino, y que se encontr\u00f3 a un saxofonista y ambos interpretaron \u201cA mi manera\u201d&#8230; uno con el instrumento; Jes\u00fas, con la voz\u2026 \u00a1hey! \u00a1canta bien! Para ese momento, Moreno Fr\u00edas ya pidi\u00f3 sus huevitos con un toque de albur\u2026 y me doy el lujo de que a capella, cante \u201cMi coraz\u00f3n es un gitano\u201d&#8230;<\/span><\/p>\n<p><span style=\"font-weight: 400;\">Las an\u00e9cdotas son varias, que van desde la Facultad de Letras, donde no coincidimos, pero da pie a que salgan a la luz dos pel\u00edculas que exhibi\u00f3 a algunos alumnos: El Nombre de la Rosa y El Exorcista\u2026 ah, se me olvid\u00f3 decirles que Jes\u00fas fue seminarista y aunque concluy\u00f3 sus estudios, jam\u00e1s ofici\u00f3, pero eso no fue impedimento para que gozara de la amistad de Sergio Obeso Rivera, quien le pidi\u00f3 que le contara un chiste colorado\u2026 esa an\u00e9cdota me la reservo para mejor ocasi\u00f3n\u2026 otro de sus amigos fue el padre Mart\u00edn del Campo, el exorcista, y nos cont\u00f3 que le toc\u00f3 ser testigo de un caso de posesi\u00f3n diab\u00f3lica en San Rafael, una comunidad entre Cardel y Chachalacas\u2026 justo en ese momento, saboreo mi coctel de coco con durazno\u2026 dice que era una joven de 16 a\u00f1os. \u00c9l estaba acompa\u00f1ado por dos esc\u00e9pticos amigos suyos que no cre\u00edan en las manifestaciones del mal, pero en cuanto la posesa empez\u00f3 a describir su vida, cambiaron su forma de ver las cosas\u2026 Moreno Fr\u00edas nos da los cinco puntos para que se declare a alguien pose\u00eddo por un demonio\u2026 igual, me los reservo por espacio.<\/span><\/p>\n<p><span style=\"font-weight: 400;\">Despu\u00e9s de esa pl\u00e1tica diab\u00f3lica, necesito algo fresco\u2026 \u00a1un agua de avena con manzana!<\/span><\/p>\n<p><span style=\"font-weight: 400;\">Moreno Fr\u00edas nos dice que Jos\u00e9 Jos\u00e9 estuvo trabajando en C\u00f3rdoba, \u00e9l asegura que de cantinero en la Casa de Amparo. El d\u00eda que lo reconoci\u00f3, estaba el veracruzano compitiendo en Valores Bacard\u00ed y fue que se encontr\u00f3 con Jos\u00e9 Jos\u00e9. Lo descalificaron porque lo consideraron profesional pero a\u00fan as\u00ed, tuvo oportunidad de asistir a un taller con cantantes como el Pr\u00edncipe de la Canci\u00f3n que le dio un consejo: \u201cTienes potencial, pero no trates de imitarme\u201d.<\/span><\/p>\n<p><span style=\"font-weight: 400;\">En serio, quedan en el tintero cantidad de ricas an\u00e9cdotas del Zorro Bohemio\u2026 espero volver a tener el gusto de coincidir con \u00e9l en Isla Camar\u00f3n en mi pr\u00f3xima visita.<\/span><\/p>\n<p>&nbsp;<\/p>\n<p><span style=\"font-weight: 400;\">smcainito@gmail.com<\/span><\/p>\n<p>&nbsp;<\/p>\n","protected":false},"excerpt":{"rendered":"<p>Salvador Mu\u00f1oz Los Pol\u00edticos \u2013Yo a ti te conozco\u2013 le dijo \u2013T\u00fa eras cantinero en La Casa de Amparo, all\u00e1 en Cordoba. Jos\u00e9 Sosa Ortiz se sorprendi\u00f3 y asinti\u00f3, \u00a1era cierto! La relaci\u00f3n de Jos\u00e9 con Veracruz es muy estrecha y no s\u00f3lo porque se haya ido a casar a Catemaco, sino porque esa pl\u00e1tica [&hellip;]<\/p>\n","protected":false},"author":2,"featured_media":50140,"comment_status":"open","ping_status":"open","sticky":false,"template":"","format":"standard","meta":{"tdm_status":"","tdm_grid_status":"","footnotes":""},"categories":[70],"tags":[751,15415,4882,15297,15412,15409,15410,15416,15413,266,8392,15418,670,195],"class_list":{"0":"post-50139","1":"post","2":"type-post","3":"status-publish","4":"format-standard","5":"has-post-thumbnail","7":"category-de-opinion","8":"tag-cordoba","9":"tag-el-exorcista","10":"tag-el-nombre-de-la-rosa","11":"tag-isla-camaron","12":"tag-jesus-moreno-frias","13":"tag-jose-sosa-ortiz","14":"tag-la-casa-de-amparo","15":"tag-martin-del-campo","16":"tag-pambazo-san-cristobal","17":"tag-pan","18":"tag-pericles-namorado-urrutia","19":"tag-principe-de-la-cancion","20":"tag-sergio-obeso-rivera","21":"tag-veracruz"},"yoast_head":"<!-- This site is optimized with the Yoast SEO plugin v27.4 - https:\/\/yoast.com\/product\/yoast-seo-wordpress\/ -->\n<title>El regreso del Zorro\u00a0 - Los pol\u00edticos Veracruz<\/title>\n<meta name=\"robots\" content=\"index, follow, max-snippet:-1, max-image-preview:large, max-video-preview:-1\" \/>\n<link rel=\"canonical\" href=\"https:\/\/lospoliticosveracruz.com\/?p=50139\" \/>\n<meta property=\"og:locale\" content=\"es_ES\" \/>\n<meta property=\"og:type\" content=\"article\" \/>\n<meta property=\"og:title\" content=\"El regreso del Zorro\u00a0 - Los pol\u00edticos Veracruz\" \/>\n<meta property=\"og:description\" content=\"Salvador Mu\u00f1oz Los Pol\u00edticos \u2013Yo a ti te conozco\u2013 le dijo \u2013T\u00fa eras cantinero en La Casa de Amparo, all\u00e1 en Cordoba. Jos\u00e9 Sosa Ortiz se sorprendi\u00f3 y asinti\u00f3, \u00a1era cierto! La relaci\u00f3n de Jos\u00e9 con Veracruz es muy estrecha y no s\u00f3lo porque se haya ido a casar a Catemaco, sino porque esa pl\u00e1tica [&hellip;]\" \/>\n<meta property=\"og:url\" content=\"https:\/\/lospoliticosveracruz.com\/?p=50139\" \/>\n<meta property=\"og:site_name\" content=\"Los pol\u00edticos Veracruz\" \/>\n<meta property=\"article:publisher\" content=\"https:\/\/www.facebook.com\/people\/Notimemes-de-los-Polticos\/61565672886568\/\" \/>\n<meta property=\"article:published_time\" content=\"2019-10-14T04:00:46+00:00\" \/>\n<meta property=\"article:modified_time\" content=\"2019-10-14T11:41:27+00:00\" \/>\n<meta property=\"og:image\" content=\"https:\/\/lospoliticosveracruz.com\/wp-content\/uploads\/2019\/10\/Isla-Camaron.jpg\" \/>\n\t<meta property=\"og:image:width\" content=\"600\" \/>\n\t<meta property=\"og:image:height\" content=\"450\" \/>\n\t<meta property=\"og:image:type\" content=\"image\/jpeg\" \/>\n<meta name=\"author\" content=\"Lo viste en Los Pol\u00edticos\" \/>\n<meta name=\"twitter:card\" content=\"summary_large_image\" \/>\n<meta name=\"twitter:creator\" content=\"@LosPoliticosVer\" \/>\n<meta name=\"twitter:site\" content=\"@LosPoliticosVer\" \/>\n<meta name=\"twitter:label1\" content=\"Escrito por\" \/>\n\t<meta name=\"twitter:data1\" content=\"Lo viste en Los Pol\u00edticos\" \/>\n\t<meta name=\"twitter:label2\" content=\"Tiempo de lectura\" \/>\n\t<meta name=\"twitter:data2\" content=\"4 minutos\" \/>\n<script type=\"application\/ld+json\" class=\"yoast-schema-graph\">{\"@context\":\"https:\\\/\\\/schema.org\",\"@graph\":[{\"@type\":\"Article\",\"@id\":\"https:\\\/\\\/lospoliticosveracruz.com\\\/?p=50139#article\",\"isPartOf\":{\"@id\":\"https:\\\/\\\/lospoliticosveracruz.com\\\/?p=50139\"},\"author\":{\"name\":\"Lo viste en Los Pol\u00edticos\",\"@id\":\"https:\\\/\\\/lospoliticosveracruz.com\\\/#\\\/schema\\\/person\\\/b8702bb0e538456e6efd07080bf2a4a2\"},\"headline\":\"El regreso del Zorro\u00a0\",\"datePublished\":\"2019-10-14T04:00:46+00:00\",\"dateModified\":\"2019-10-14T11:41:27+00:00\",\"mainEntityOfPage\":{\"@id\":\"https:\\\/\\\/lospoliticosveracruz.com\\\/?p=50139\"},\"wordCount\":850,\"commentCount\":0,\"publisher\":{\"@id\":\"https:\\\/\\\/lospoliticosveracruz.com\\\/#organization\"},\"image\":{\"@id\":\"https:\\\/\\\/lospoliticosveracruz.com\\\/?p=50139#primaryimage\"},\"thumbnailUrl\":\"https:\\\/\\\/lospoliticosveracruz.com\\\/wp-content\\\/uploads\\\/2019\\\/10\\\/Isla-Camaron.jpg\",\"keywords\":[\"C\u00f3rdoba\",\"El Exorcista\",\"El nombre de la rosa\",\"Isla Camar\u00f3n\",\"Jes\u00fas Moreno Fr\u00edas\",\"Jos\u00e9 Sosa Ortiz\",\"La Casa de Amparo\",\"Mart\u00edn del Campo\",\"Pambazo San Crist\u00f3bal\",\"PAN\",\"Pericles Namorado Urrutia\",\"Pr\u00edncipe de la Canci\u00f3n\",\"Sergio Obeso Rivera\",\"Veracruz\"],\"articleSection\":[\"De Opini\u00f3n\"],\"inLanguage\":\"es\",\"potentialAction\":[{\"@type\":\"CommentAction\",\"name\":\"Comment\",\"target\":[\"https:\\\/\\\/lospoliticosveracruz.com\\\/?p=50139#respond\"]}]},{\"@type\":\"WebPage\",\"@id\":\"https:\\\/\\\/lospoliticosveracruz.com\\\/?p=50139\",\"url\":\"https:\\\/\\\/lospoliticosveracruz.com\\\/?p=50139\",\"name\":\"El regreso del Zorro\u00a0 - Los pol\u00edticos Veracruz\",\"isPartOf\":{\"@id\":\"https:\\\/\\\/lospoliticosveracruz.com\\\/#website\"},\"primaryImageOfPage\":{\"@id\":\"https:\\\/\\\/lospoliticosveracruz.com\\\/?p=50139#primaryimage\"},\"image\":{\"@id\":\"https:\\\/\\\/lospoliticosveracruz.com\\\/?p=50139#primaryimage\"},\"thumbnailUrl\":\"https:\\\/\\\/lospoliticosveracruz.com\\\/wp-content\\\/uploads\\\/2019\\\/10\\\/Isla-Camaron.jpg\",\"datePublished\":\"2019-10-14T04:00:46+00:00\",\"dateModified\":\"2019-10-14T11:41:27+00:00\",\"breadcrumb\":{\"@id\":\"https:\\\/\\\/lospoliticosveracruz.com\\\/?p=50139#breadcrumb\"},\"inLanguage\":\"es\",\"potentialAction\":[{\"@type\":\"ReadAction\",\"target\":[\"https:\\\/\\\/lospoliticosveracruz.com\\\/?p=50139\"]}]},{\"@type\":\"ImageObject\",\"inLanguage\":\"es\",\"@id\":\"https:\\\/\\\/lospoliticosveracruz.com\\\/?p=50139#primaryimage\",\"url\":\"https:\\\/\\\/lospoliticosveracruz.com\\\/wp-content\\\/uploads\\\/2019\\\/10\\\/Isla-Camaron.jpg\",\"contentUrl\":\"https:\\\/\\\/lospoliticosveracruz.com\\\/wp-content\\\/uploads\\\/2019\\\/10\\\/Isla-Camaron.jpg\",\"width\":600,\"height\":450},{\"@type\":\"BreadcrumbList\",\"@id\":\"https:\\\/\\\/lospoliticosveracruz.com\\\/?p=50139#breadcrumb\",\"itemListElement\":[{\"@type\":\"ListItem\",\"position\":1,\"name\":\"Portada\",\"item\":\"https:\\\/\\\/lospoliticosveracruz.com\\\/\"},{\"@type\":\"ListItem\",\"position\":2,\"name\":\"El regreso del Zorro\u00a0\"}]},{\"@type\":\"WebSite\",\"@id\":\"https:\\\/\\\/lospoliticosveracruz.com\\\/#website\",\"url\":\"https:\\\/\\\/lospoliticosveracruz.com\\\/\",\"name\":\"Los pol\u00edticos Veracruz\",\"description\":\"\",\"publisher\":{\"@id\":\"https:\\\/\\\/lospoliticosveracruz.com\\\/#organization\"},\"potentialAction\":[{\"@type\":\"SearchAction\",\"target\":{\"@type\":\"EntryPoint\",\"urlTemplate\":\"https:\\\/\\\/lospoliticosveracruz.com\\\/?s={search_term_string}\"},\"query-input\":{\"@type\":\"PropertyValueSpecification\",\"valueRequired\":true,\"valueName\":\"search_term_string\"}}],\"inLanguage\":\"es\"},{\"@type\":\"Organization\",\"@id\":\"https:\\\/\\\/lospoliticosveracruz.com\\\/#organization\",\"name\":\"Los pol\u00edticos Veracruz\",\"url\":\"https:\\\/\\\/lospoliticosveracruz.com\\\/\",\"logo\":{\"@type\":\"ImageObject\",\"inLanguage\":\"es\",\"@id\":\"https:\\\/\\\/lospoliticosveracruz.com\\\/#\\\/schema\\\/logo\\\/image\\\/\",\"url\":\"https:\\\/\\\/lospoliticosveracruz.com\\\/wp-content\\\/uploads\\\/2025\\\/12\\\/Logo-Nuevo-LOS-POLITICOS-1.jpg\",\"contentUrl\":\"https:\\\/\\\/lospoliticosveracruz.com\\\/wp-content\\\/uploads\\\/2025\\\/12\\\/Logo-Nuevo-LOS-POLITICOS-1.jpg\",\"width\":260,\"height\":70,\"caption\":\"Los pol\u00edticos Veracruz\"},\"image\":{\"@id\":\"https:\\\/\\\/lospoliticosveracruz.com\\\/#\\\/schema\\\/logo\\\/image\\\/\"},\"sameAs\":[\"https:\\\/\\\/www.facebook.com\\\/people\\\/Notimemes-de-los-Polticos\\\/61565672886568\\\/\",\"https:\\\/\\\/x.com\\\/LosPoliticosVer\"]},{\"@type\":\"Person\",\"@id\":\"https:\\\/\\\/lospoliticosveracruz.com\\\/#\\\/schema\\\/person\\\/b8702bb0e538456e6efd07080bf2a4a2\",\"name\":\"Lo viste en Los Pol\u00edticos\",\"image\":{\"@type\":\"ImageObject\",\"inLanguage\":\"es\",\"@id\":\"https:\\\/\\\/secure.gravatar.com\\\/avatar\\\/3a8de04a2656d44082be478bd6c086daa447c4651605818287b9532d3d0bd435?s=96&d=mm&r=g\",\"url\":\"https:\\\/\\\/secure.gravatar.com\\\/avatar\\\/3a8de04a2656d44082be478bd6c086daa447c4651605818287b9532d3d0bd435?s=96&d=mm&r=g\",\"contentUrl\":\"https:\\\/\\\/secure.gravatar.com\\\/avatar\\\/3a8de04a2656d44082be478bd6c086daa447c4651605818287b9532d3d0bd435?s=96&d=mm&r=g\",\"caption\":\"Lo viste en Los Pol\u00edticos\"},\"url\":\"https:\\\/\\\/lospoliticosveracruz.com\\\/?author=2\"}]}<\/script>\n<!-- \/ Yoast SEO plugin. -->","yoast_head_json":{"title":"El regreso del Zorro\u00a0 - Los pol\u00edticos Veracruz","robots":{"index":"index","follow":"follow","max-snippet":"max-snippet:-1","max-image-preview":"max-image-preview:large","max-video-preview":"max-video-preview:-1"},"canonical":"https:\/\/lospoliticosveracruz.com\/?p=50139","og_locale":"es_ES","og_type":"article","og_title":"El regreso del Zorro\u00a0 - Los pol\u00edticos Veracruz","og_description":"Salvador Mu\u00f1oz Los Pol\u00edticos \u2013Yo a ti te conozco\u2013 le dijo \u2013T\u00fa eras cantinero en La Casa de Amparo, all\u00e1 en Cordoba. Jos\u00e9 Sosa Ortiz se sorprendi\u00f3 y asinti\u00f3, \u00a1era cierto! La relaci\u00f3n de Jos\u00e9 con Veracruz es muy estrecha y no s\u00f3lo porque se haya ido a casar a Catemaco, sino porque esa pl\u00e1tica [&hellip;]","og_url":"https:\/\/lospoliticosveracruz.com\/?p=50139","og_site_name":"Los pol\u00edticos Veracruz","article_publisher":"https:\/\/www.facebook.com\/people\/Notimemes-de-los-Polticos\/61565672886568\/","article_published_time":"2019-10-14T04:00:46+00:00","article_modified_time":"2019-10-14T11:41:27+00:00","og_image":[{"width":600,"height":450,"url":"https:\/\/lospoliticosveracruz.com\/wp-content\/uploads\/2019\/10\/Isla-Camaron.jpg","type":"image\/jpeg"}],"author":"Lo viste en Los Pol\u00edticos","twitter_card":"summary_large_image","twitter_creator":"@LosPoliticosVer","twitter_site":"@LosPoliticosVer","twitter_misc":{"Escrito por":"Lo viste en Los Pol\u00edticos","Tiempo de lectura":"4 minutos"},"schema":{"@context":"https:\/\/schema.org","@graph":[{"@type":"Article","@id":"https:\/\/lospoliticosveracruz.com\/?p=50139#article","isPartOf":{"@id":"https:\/\/lospoliticosveracruz.com\/?p=50139"},"author":{"name":"Lo viste en Los Pol\u00edticos","@id":"https:\/\/lospoliticosveracruz.com\/#\/schema\/person\/b8702bb0e538456e6efd07080bf2a4a2"},"headline":"El regreso del Zorro\u00a0","datePublished":"2019-10-14T04:00:46+00:00","dateModified":"2019-10-14T11:41:27+00:00","mainEntityOfPage":{"@id":"https:\/\/lospoliticosveracruz.com\/?p=50139"},"wordCount":850,"commentCount":0,"publisher":{"@id":"https:\/\/lospoliticosveracruz.com\/#organization"},"image":{"@id":"https:\/\/lospoliticosveracruz.com\/?p=50139#primaryimage"},"thumbnailUrl":"https:\/\/lospoliticosveracruz.com\/wp-content\/uploads\/2019\/10\/Isla-Camaron.jpg","keywords":["C\u00f3rdoba","El Exorcista","El nombre de la rosa","Isla Camar\u00f3n","Jes\u00fas Moreno Fr\u00edas","Jos\u00e9 Sosa Ortiz","La Casa de Amparo","Mart\u00edn del Campo","Pambazo San Crist\u00f3bal","PAN","Pericles Namorado Urrutia","Pr\u00edncipe de la Canci\u00f3n","Sergio Obeso Rivera","Veracruz"],"articleSection":["De Opini\u00f3n"],"inLanguage":"es","potentialAction":[{"@type":"CommentAction","name":"Comment","target":["https:\/\/lospoliticosveracruz.com\/?p=50139#respond"]}]},{"@type":"WebPage","@id":"https:\/\/lospoliticosveracruz.com\/?p=50139","url":"https:\/\/lospoliticosveracruz.com\/?p=50139","name":"El regreso del Zorro\u00a0 - Los pol\u00edticos Veracruz","isPartOf":{"@id":"https:\/\/lospoliticosveracruz.com\/#website"},"primaryImageOfPage":{"@id":"https:\/\/lospoliticosveracruz.com\/?p=50139#primaryimage"},"image":{"@id":"https:\/\/lospoliticosveracruz.com\/?p=50139#primaryimage"},"thumbnailUrl":"https:\/\/lospoliticosveracruz.com\/wp-content\/uploads\/2019\/10\/Isla-Camaron.jpg","datePublished":"2019-10-14T04:00:46+00:00","dateModified":"2019-10-14T11:41:27+00:00","breadcrumb":{"@id":"https:\/\/lospoliticosveracruz.com\/?p=50139#breadcrumb"},"inLanguage":"es","potentialAction":[{"@type":"ReadAction","target":["https:\/\/lospoliticosveracruz.com\/?p=50139"]}]},{"@type":"ImageObject","inLanguage":"es","@id":"https:\/\/lospoliticosveracruz.com\/?p=50139#primaryimage","url":"https:\/\/lospoliticosveracruz.com\/wp-content\/uploads\/2019\/10\/Isla-Camaron.jpg","contentUrl":"https:\/\/lospoliticosveracruz.com\/wp-content\/uploads\/2019\/10\/Isla-Camaron.jpg","width":600,"height":450},{"@type":"BreadcrumbList","@id":"https:\/\/lospoliticosveracruz.com\/?p=50139#breadcrumb","itemListElement":[{"@type":"ListItem","position":1,"name":"Portada","item":"https:\/\/lospoliticosveracruz.com\/"},{"@type":"ListItem","position":2,"name":"El regreso del Zorro\u00a0"}]},{"@type":"WebSite","@id":"https:\/\/lospoliticosveracruz.com\/#website","url":"https:\/\/lospoliticosveracruz.com\/","name":"Los pol\u00edticos Veracruz","description":"","publisher":{"@id":"https:\/\/lospoliticosveracruz.com\/#organization"},"potentialAction":[{"@type":"SearchAction","target":{"@type":"EntryPoint","urlTemplate":"https:\/\/lospoliticosveracruz.com\/?s={search_term_string}"},"query-input":{"@type":"PropertyValueSpecification","valueRequired":true,"valueName":"search_term_string"}}],"inLanguage":"es"},{"@type":"Organization","@id":"https:\/\/lospoliticosveracruz.com\/#organization","name":"Los pol\u00edticos Veracruz","url":"https:\/\/lospoliticosveracruz.com\/","logo":{"@type":"ImageObject","inLanguage":"es","@id":"https:\/\/lospoliticosveracruz.com\/#\/schema\/logo\/image\/","url":"https:\/\/lospoliticosveracruz.com\/wp-content\/uploads\/2025\/12\/Logo-Nuevo-LOS-POLITICOS-1.jpg","contentUrl":"https:\/\/lospoliticosveracruz.com\/wp-content\/uploads\/2025\/12\/Logo-Nuevo-LOS-POLITICOS-1.jpg","width":260,"height":70,"caption":"Los pol\u00edticos Veracruz"},"image":{"@id":"https:\/\/lospoliticosveracruz.com\/#\/schema\/logo\/image\/"},"sameAs":["https:\/\/www.facebook.com\/people\/Notimemes-de-los-Polticos\/61565672886568\/","https:\/\/x.com\/LosPoliticosVer"]},{"@type":"Person","@id":"https:\/\/lospoliticosveracruz.com\/#\/schema\/person\/b8702bb0e538456e6efd07080bf2a4a2","name":"Lo viste en Los Pol\u00edticos","image":{"@type":"ImageObject","inLanguage":"es","@id":"https:\/\/secure.gravatar.com\/avatar\/3a8de04a2656d44082be478bd6c086daa447c4651605818287b9532d3d0bd435?s=96&d=mm&r=g","url":"https:\/\/secure.gravatar.com\/avatar\/3a8de04a2656d44082be478bd6c086daa447c4651605818287b9532d3d0bd435?s=96&d=mm&r=g","contentUrl":"https:\/\/secure.gravatar.com\/avatar\/3a8de04a2656d44082be478bd6c086daa447c4651605818287b9532d3d0bd435?s=96&d=mm&r=g","caption":"Lo viste en Los Pol\u00edticos"},"url":"https:\/\/lospoliticosveracruz.com\/?author=2"}]}},"_links":{"self":[{"href":"https:\/\/lospoliticosveracruz.com\/index.php?rest_route=\/wp\/v2\/posts\/50139","targetHints":{"allow":["GET"]}}],"collection":[{"href":"https:\/\/lospoliticosveracruz.com\/index.php?rest_route=\/wp\/v2\/posts"}],"about":[{"href":"https:\/\/lospoliticosveracruz.com\/index.php?rest_route=\/wp\/v2\/types\/post"}],"author":[{"embeddable":true,"href":"https:\/\/lospoliticosveracruz.com\/index.php?rest_route=\/wp\/v2\/users\/2"}],"replies":[{"embeddable":true,"href":"https:\/\/lospoliticosveracruz.com\/index.php?rest_route=%2Fwp%2Fv2%2Fcomments&post=50139"}],"version-history":[{"count":1,"href":"https:\/\/lospoliticosveracruz.com\/index.php?rest_route=\/wp\/v2\/posts\/50139\/revisions"}],"predecessor-version":[{"id":50141,"href":"https:\/\/lospoliticosveracruz.com\/index.php?rest_route=\/wp\/v2\/posts\/50139\/revisions\/50141"}],"wp:featuredmedia":[{"embeddable":true,"href":"https:\/\/lospoliticosveracruz.com\/index.php?rest_route=\/wp\/v2\/media\/50140"}],"wp:attachment":[{"href":"https:\/\/lospoliticosveracruz.com\/index.php?rest_route=%2Fwp%2Fv2%2Fmedia&parent=50139"}],"wp:term":[{"taxonomy":"category","embeddable":true,"href":"https:\/\/lospoliticosveracruz.com\/index.php?rest_route=%2Fwp%2Fv2%2Fcategories&post=50139"},{"taxonomy":"post_tag","embeddable":true,"href":"https:\/\/lospoliticosveracruz.com\/index.php?rest_route=%2Fwp%2Fv2%2Ftags&post=50139"}],"curies":[{"name":"wp","href":"https:\/\/api.w.org\/{rel}","templated":true}]}}