{"id":50173,"date":"2019-10-15T09:43:37","date_gmt":"2019-10-15T14:43:37","guid":{"rendered":"http:\/\/www.lospoliticosveracruz.com.mx\/?p=50173"},"modified":"2019-10-15T09:43:37","modified_gmt":"2019-10-15T14:43:37","slug":"linfedema-como-atenderlo-juvecan","status":"publish","type":"post","link":"https:\/\/lospoliticosveracruz.com\/?p=50173","title":{"rendered":"Linfedema, c\u00f3mo atenderlo: Juvecan"},"content":{"rendered":"<p>Linfedema fue el tema que el pasado doce de octubre, reuni\u00f3 a las integrantes de Juntas Venciendo al C\u00e1ncer (Juvecan) en el DIF municipal de Coatepec, quienes siguieron atentas las indicaciones de Mar\u00eda del Milagro P\u00e9rez Varela, Terapeuta\u00a0F\u00edsica del Centro de Cancerolog\u00eda (Cecan).<br \/>\nEl\u00a0Linfedema es la inflamaci\u00f3n del brazo por acumulaci\u00f3n de l\u00edquido linf\u00e1tico, hablando espec\u00edficamente del\u00a0caso que refiere\u00a0al\u00a0postoperatorio de c\u00e1ncer de mama.<br \/>\nExplica gr\u00e1ficamente en qu\u00e9 consiste el sistema linf\u00e1tico, que act\u00faa como filtro de los desechos que transportan las venas.<br \/>\nHay 3 etapas de Linfedema: El 0 (cero),\u00a0donde no hay dolor; el grado 1, que consiste en acumulaci\u00f3n que regresa cuando se levanta la mano;\u00a0el grado 2, cuando es irreversible elevando la mano; el grado 3, que llega a elefantiasis con dolor por la afectaci\u00f3n de nervios.<br \/>\nPara prevenirlo, recomienda P\u00e9rez Varela, hay que evitar cargar m\u00e1s de 2 kg con el lado operado; no tomarse la presi\u00f3n arterial en ese lado; evitar quemaduras, piquetes de insectos y heridas.<\/p>\n<p>Adem\u00e1s, evitar el\u00a0uso de joyer\u00eda de ese lado\u00a0as\u00ed como\u00a0acupuntura. Alejarse de ondas de calor como puede ser la estufa\u00a0y sobre todo, no cansar el brazo. En caso de que se tenga que viajar,\u00a0utilizar una manga de compresi\u00f3n preventiva y no usar\u00a0diur\u00e9ticos en caso de linfedema.<br \/>\nLa terapeuta f\u00edsica recomienda el uso de la manga de compresi\u00f3n preventiva desde que se sale de la cirug\u00eda y empezar a hacer los ejercicios de levantamiento del brazo poco a poco, junto con\u00a0ejercicios respiratorios.<br \/>\nLos ejercicios b\u00e1sicos, sugiere, hacerlos acostada, con bast\u00f3n, ejercicios de calentamiento de cuello y hombros, etc\u00e9tera.<br \/>\nUn buen\u00a0tratamiento del Linfedema es\u00a0la\u00a0prevenci\u00f3n, as\u00ed como la presoterapia, drenaje linf\u00e1tico, vendaje multicapa, manga de compresi\u00f3n y ejercicios pasivos y activos.<br \/>\nLas guerreras de Juvecan agradecen a la ponente su entrega, su participaci\u00f3n, su tiempo, pero sobre todo, su paciencia para responder cada una de las dudas que se expusieron y fueron respondidas una por una&#8230;<\/p>\n","protected":false},"excerpt":{"rendered":"<p>Linfedema fue el tema que el pasado doce de octubre, reuni\u00f3 a las integrantes de Juntas Venciendo al C\u00e1ncer (Juvecan) en el DIF municipal de Coatepec, quienes siguieron atentas las indicaciones de Mar\u00eda del Milagro P\u00e9rez Varela, Terapeuta\u00a0F\u00edsica del Centro de Cancerolog\u00eda (Cecan). El\u00a0Linfedema es la inflamaci\u00f3n del brazo por acumulaci\u00f3n de l\u00edquido linf\u00e1tico, hablando [&hellip;]<\/p>\n","protected":false},"author":2,"featured_media":50174,"comment_status":"open","ping_status":"open","sticky":false,"template":"","format":"standard","meta":{"tdm_status":"","tdm_grid_status":"","footnotes":""},"categories":[72],"tags":[4884,297,4577,277,6046,9327,15439],"class_list":{"0":"post-50173","1":"post","2":"type-post","3":"status-publish","4":"format-standard","5":"has-post-thumbnail","7":"category-palomazos","8":"tag-cancer-de-mama","9":"tag-cecan","10":"tag-centro-de-cancerologia","11":"tag-coatepec","12":"tag-juvecan","13":"tag-linfedema","14":"tag-maria-del-milagro-perez-varela"},"yoast_head":"<!-- This site is optimized with the Yoast SEO plugin v27.4 - https:\/\/yoast.com\/product\/yoast-seo-wordpress\/ -->\n<title>Linfedema, c\u00f3mo atenderlo: Juvecan - Los pol\u00edticos Veracruz<\/title>\n<meta name=\"robots\" content=\"index, follow, max-snippet:-1, max-image-preview:large, max-video-preview:-1\" \/>\n<link rel=\"canonical\" href=\"https:\/\/lospoliticosveracruz.com\/?p=50173\" \/>\n<meta property=\"og:locale\" content=\"es_ES\" \/>\n<meta property=\"og:type\" content=\"article\" \/>\n<meta property=\"og:title\" content=\"Linfedema, c\u00f3mo atenderlo: Juvecan - Los pol\u00edticos Veracruz\" \/>\n<meta property=\"og:description\" content=\"Linfedema fue el tema que el pasado doce de octubre, reuni\u00f3 a las integrantes de Juntas Venciendo al C\u00e1ncer (Juvecan) en el DIF municipal de Coatepec, quienes siguieron atentas las indicaciones de Mar\u00eda del Milagro P\u00e9rez Varela, Terapeuta\u00a0F\u00edsica del Centro de Cancerolog\u00eda (Cecan). El\u00a0Linfedema es la inflamaci\u00f3n del brazo por acumulaci\u00f3n de l\u00edquido linf\u00e1tico, hablando [&hellip;]\" \/>\n<meta property=\"og:url\" content=\"https:\/\/lospoliticosveracruz.com\/?p=50173\" \/>\n<meta property=\"og:site_name\" content=\"Los pol\u00edticos Veracruz\" \/>\n<meta property=\"article:publisher\" content=\"https:\/\/www.facebook.com\/people\/Notimemes-de-los-Polticos\/61565672886568\/\" \/>\n<meta property=\"article:published_time\" content=\"2019-10-15T14:43:37+00:00\" \/>\n<meta property=\"og:image\" content=\"https:\/\/lospoliticosveracruz.com\/wp-content\/uploads\/2019\/10\/Juvecan-Linfedema.jpg\" \/>\n\t<meta property=\"og:image:width\" content=\"600\" \/>\n\t<meta property=\"og:image:height\" content=\"417\" \/>\n\t<meta property=\"og:image:type\" content=\"image\/jpeg\" \/>\n<meta name=\"author\" content=\"Lo viste en Los Pol\u00edticos\" \/>\n<meta name=\"twitter:card\" content=\"summary_large_image\" \/>\n<meta name=\"twitter:creator\" content=\"@LosPoliticosVer\" \/>\n<meta name=\"twitter:site\" content=\"@LosPoliticosVer\" \/>\n<meta name=\"twitter:label1\" content=\"Escrito por\" \/>\n\t<meta name=\"twitter:data1\" content=\"Lo viste en Los Pol\u00edticos\" \/>\n\t<meta name=\"twitter:label2\" content=\"Tiempo de lectura\" \/>\n\t<meta name=\"twitter:data2\" content=\"2 minutos\" \/>\n<script type=\"application\/ld+json\" class=\"yoast-schema-graph\">{\"@context\":\"https:\\\/\\\/schema.org\",\"@graph\":[{\"@type\":\"Article\",\"@id\":\"https:\\\/\\\/lospoliticosveracruz.com\\\/?p=50173#article\",\"isPartOf\":{\"@id\":\"https:\\\/\\\/lospoliticosveracruz.com\\\/?p=50173\"},\"author\":{\"name\":\"Lo viste en Los Pol\u00edticos\",\"@id\":\"https:\\\/\\\/lospoliticosveracruz.com\\\/#\\\/schema\\\/person\\\/b8702bb0e538456e6efd07080bf2a4a2\"},\"headline\":\"Linfedema, c\u00f3mo atenderlo: Juvecan\",\"datePublished\":\"2019-10-15T14:43:37+00:00\",\"mainEntityOfPage\":{\"@id\":\"https:\\\/\\\/lospoliticosveracruz.com\\\/?p=50173\"},\"wordCount\":362,\"commentCount\":0,\"publisher\":{\"@id\":\"https:\\\/\\\/lospoliticosveracruz.com\\\/#organization\"},\"image\":{\"@id\":\"https:\\\/\\\/lospoliticosveracruz.com\\\/?p=50173#primaryimage\"},\"thumbnailUrl\":\"https:\\\/\\\/lospoliticosveracruz.com\\\/wp-content\\\/uploads\\\/2019\\\/10\\\/Juvecan-Linfedema.jpg\",\"keywords\":[\"c\u00e1ncer de mama\",\"Cecan\",\"Centro de Cancerolog\u00eda\",\"Coatepec\",\"Juvecan\",\"Linfedema\",\"Mar\u00eda del Milagro P\u00e9rez Varela\"],\"articleSection\":[\"Palomazos\"],\"inLanguage\":\"es\",\"potentialAction\":[{\"@type\":\"CommentAction\",\"name\":\"Comment\",\"target\":[\"https:\\\/\\\/lospoliticosveracruz.com\\\/?p=50173#respond\"]}]},{\"@type\":\"WebPage\",\"@id\":\"https:\\\/\\\/lospoliticosveracruz.com\\\/?p=50173\",\"url\":\"https:\\\/\\\/lospoliticosveracruz.com\\\/?p=50173\",\"name\":\"Linfedema, c\u00f3mo atenderlo: Juvecan - Los pol\u00edticos Veracruz\",\"isPartOf\":{\"@id\":\"https:\\\/\\\/lospoliticosveracruz.com\\\/#website\"},\"primaryImageOfPage\":{\"@id\":\"https:\\\/\\\/lospoliticosveracruz.com\\\/?p=50173#primaryimage\"},\"image\":{\"@id\":\"https:\\\/\\\/lospoliticosveracruz.com\\\/?p=50173#primaryimage\"},\"thumbnailUrl\":\"https:\\\/\\\/lospoliticosveracruz.com\\\/wp-content\\\/uploads\\\/2019\\\/10\\\/Juvecan-Linfedema.jpg\",\"datePublished\":\"2019-10-15T14:43:37+00:00\",\"breadcrumb\":{\"@id\":\"https:\\\/\\\/lospoliticosveracruz.com\\\/?p=50173#breadcrumb\"},\"inLanguage\":\"es\",\"potentialAction\":[{\"@type\":\"ReadAction\",\"target\":[\"https:\\\/\\\/lospoliticosveracruz.com\\\/?p=50173\"]}]},{\"@type\":\"ImageObject\",\"inLanguage\":\"es\",\"@id\":\"https:\\\/\\\/lospoliticosveracruz.com\\\/?p=50173#primaryimage\",\"url\":\"https:\\\/\\\/lospoliticosveracruz.com\\\/wp-content\\\/uploads\\\/2019\\\/10\\\/Juvecan-Linfedema.jpg\",\"contentUrl\":\"https:\\\/\\\/lospoliticosveracruz.com\\\/wp-content\\\/uploads\\\/2019\\\/10\\\/Juvecan-Linfedema.jpg\",\"width\":600,\"height\":417},{\"@type\":\"BreadcrumbList\",\"@id\":\"https:\\\/\\\/lospoliticosveracruz.com\\\/?p=50173#breadcrumb\",\"itemListElement\":[{\"@type\":\"ListItem\",\"position\":1,\"name\":\"Portada\",\"item\":\"https:\\\/\\\/lospoliticosveracruz.com\\\/\"},{\"@type\":\"ListItem\",\"position\":2,\"name\":\"Linfedema, c\u00f3mo atenderlo: Juvecan\"}]},{\"@type\":\"WebSite\",\"@id\":\"https:\\\/\\\/lospoliticosveracruz.com\\\/#website\",\"url\":\"https:\\\/\\\/lospoliticosveracruz.com\\\/\",\"name\":\"Los pol\u00edticos Veracruz\",\"description\":\"\",\"publisher\":{\"@id\":\"https:\\\/\\\/lospoliticosveracruz.com\\\/#organization\"},\"potentialAction\":[{\"@type\":\"SearchAction\",\"target\":{\"@type\":\"EntryPoint\",\"urlTemplate\":\"https:\\\/\\\/lospoliticosveracruz.com\\\/?s={search_term_string}\"},\"query-input\":{\"@type\":\"PropertyValueSpecification\",\"valueRequired\":true,\"valueName\":\"search_term_string\"}}],\"inLanguage\":\"es\"},{\"@type\":\"Organization\",\"@id\":\"https:\\\/\\\/lospoliticosveracruz.com\\\/#organization\",\"name\":\"Los pol\u00edticos Veracruz\",\"url\":\"https:\\\/\\\/lospoliticosveracruz.com\\\/\",\"logo\":{\"@type\":\"ImageObject\",\"inLanguage\":\"es\",\"@id\":\"https:\\\/\\\/lospoliticosveracruz.com\\\/#\\\/schema\\\/logo\\\/image\\\/\",\"url\":\"https:\\\/\\\/lospoliticosveracruz.com\\\/wp-content\\\/uploads\\\/2025\\\/12\\\/Logo-Nuevo-LOS-POLITICOS-1.jpg\",\"contentUrl\":\"https:\\\/\\\/lospoliticosveracruz.com\\\/wp-content\\\/uploads\\\/2025\\\/12\\\/Logo-Nuevo-LOS-POLITICOS-1.jpg\",\"width\":260,\"height\":70,\"caption\":\"Los pol\u00edticos Veracruz\"},\"image\":{\"@id\":\"https:\\\/\\\/lospoliticosveracruz.com\\\/#\\\/schema\\\/logo\\\/image\\\/\"},\"sameAs\":[\"https:\\\/\\\/www.facebook.com\\\/people\\\/Notimemes-de-los-Polticos\\\/61565672886568\\\/\",\"https:\\\/\\\/x.com\\\/LosPoliticosVer\"]},{\"@type\":\"Person\",\"@id\":\"https:\\\/\\\/lospoliticosveracruz.com\\\/#\\\/schema\\\/person\\\/b8702bb0e538456e6efd07080bf2a4a2\",\"name\":\"Lo viste en Los Pol\u00edticos\",\"image\":{\"@type\":\"ImageObject\",\"inLanguage\":\"es\",\"@id\":\"https:\\\/\\\/secure.gravatar.com\\\/avatar\\\/3a8de04a2656d44082be478bd6c086daa447c4651605818287b9532d3d0bd435?s=96&d=mm&r=g\",\"url\":\"https:\\\/\\\/secure.gravatar.com\\\/avatar\\\/3a8de04a2656d44082be478bd6c086daa447c4651605818287b9532d3d0bd435?s=96&d=mm&r=g\",\"contentUrl\":\"https:\\\/\\\/secure.gravatar.com\\\/avatar\\\/3a8de04a2656d44082be478bd6c086daa447c4651605818287b9532d3d0bd435?s=96&d=mm&r=g\",\"caption\":\"Lo viste en Los Pol\u00edticos\"},\"url\":\"https:\\\/\\\/lospoliticosveracruz.com\\\/?author=2\"}]}<\/script>\n<!-- \/ Yoast SEO plugin. -->","yoast_head_json":{"title":"Linfedema, c\u00f3mo atenderlo: Juvecan - Los pol\u00edticos Veracruz","robots":{"index":"index","follow":"follow","max-snippet":"max-snippet:-1","max-image-preview":"max-image-preview:large","max-video-preview":"max-video-preview:-1"},"canonical":"https:\/\/lospoliticosveracruz.com\/?p=50173","og_locale":"es_ES","og_type":"article","og_title":"Linfedema, c\u00f3mo atenderlo: Juvecan - Los pol\u00edticos Veracruz","og_description":"Linfedema fue el tema que el pasado doce de octubre, reuni\u00f3 a las integrantes de Juntas Venciendo al C\u00e1ncer (Juvecan) en el DIF municipal de Coatepec, quienes siguieron atentas las indicaciones de Mar\u00eda del Milagro P\u00e9rez Varela, Terapeuta\u00a0F\u00edsica del Centro de Cancerolog\u00eda (Cecan). El\u00a0Linfedema es la inflamaci\u00f3n del brazo por acumulaci\u00f3n de l\u00edquido linf\u00e1tico, hablando [&hellip;]","og_url":"https:\/\/lospoliticosveracruz.com\/?p=50173","og_site_name":"Los pol\u00edticos Veracruz","article_publisher":"https:\/\/www.facebook.com\/people\/Notimemes-de-los-Polticos\/61565672886568\/","article_published_time":"2019-10-15T14:43:37+00:00","og_image":[{"width":600,"height":417,"url":"https:\/\/lospoliticosveracruz.com\/wp-content\/uploads\/2019\/10\/Juvecan-Linfedema.jpg","type":"image\/jpeg"}],"author":"Lo viste en Los Pol\u00edticos","twitter_card":"summary_large_image","twitter_creator":"@LosPoliticosVer","twitter_site":"@LosPoliticosVer","twitter_misc":{"Escrito por":"Lo viste en Los Pol\u00edticos","Tiempo de lectura":"2 minutos"},"schema":{"@context":"https:\/\/schema.org","@graph":[{"@type":"Article","@id":"https:\/\/lospoliticosveracruz.com\/?p=50173#article","isPartOf":{"@id":"https:\/\/lospoliticosveracruz.com\/?p=50173"},"author":{"name":"Lo viste en Los Pol\u00edticos","@id":"https:\/\/lospoliticosveracruz.com\/#\/schema\/person\/b8702bb0e538456e6efd07080bf2a4a2"},"headline":"Linfedema, c\u00f3mo atenderlo: Juvecan","datePublished":"2019-10-15T14:43:37+00:00","mainEntityOfPage":{"@id":"https:\/\/lospoliticosveracruz.com\/?p=50173"},"wordCount":362,"commentCount":0,"publisher":{"@id":"https:\/\/lospoliticosveracruz.com\/#organization"},"image":{"@id":"https:\/\/lospoliticosveracruz.com\/?p=50173#primaryimage"},"thumbnailUrl":"https:\/\/lospoliticosveracruz.com\/wp-content\/uploads\/2019\/10\/Juvecan-Linfedema.jpg","keywords":["c\u00e1ncer de mama","Cecan","Centro de Cancerolog\u00eda","Coatepec","Juvecan","Linfedema","Mar\u00eda del Milagro P\u00e9rez Varela"],"articleSection":["Palomazos"],"inLanguage":"es","potentialAction":[{"@type":"CommentAction","name":"Comment","target":["https:\/\/lospoliticosveracruz.com\/?p=50173#respond"]}]},{"@type":"WebPage","@id":"https:\/\/lospoliticosveracruz.com\/?p=50173","url":"https:\/\/lospoliticosveracruz.com\/?p=50173","name":"Linfedema, c\u00f3mo atenderlo: Juvecan - Los pol\u00edticos Veracruz","isPartOf":{"@id":"https:\/\/lospoliticosveracruz.com\/#website"},"primaryImageOfPage":{"@id":"https:\/\/lospoliticosveracruz.com\/?p=50173#primaryimage"},"image":{"@id":"https:\/\/lospoliticosveracruz.com\/?p=50173#primaryimage"},"thumbnailUrl":"https:\/\/lospoliticosveracruz.com\/wp-content\/uploads\/2019\/10\/Juvecan-Linfedema.jpg","datePublished":"2019-10-15T14:43:37+00:00","breadcrumb":{"@id":"https:\/\/lospoliticosveracruz.com\/?p=50173#breadcrumb"},"inLanguage":"es","potentialAction":[{"@type":"ReadAction","target":["https:\/\/lospoliticosveracruz.com\/?p=50173"]}]},{"@type":"ImageObject","inLanguage":"es","@id":"https:\/\/lospoliticosveracruz.com\/?p=50173#primaryimage","url":"https:\/\/lospoliticosveracruz.com\/wp-content\/uploads\/2019\/10\/Juvecan-Linfedema.jpg","contentUrl":"https:\/\/lospoliticosveracruz.com\/wp-content\/uploads\/2019\/10\/Juvecan-Linfedema.jpg","width":600,"height":417},{"@type":"BreadcrumbList","@id":"https:\/\/lospoliticosveracruz.com\/?p=50173#breadcrumb","itemListElement":[{"@type":"ListItem","position":1,"name":"Portada","item":"https:\/\/lospoliticosveracruz.com\/"},{"@type":"ListItem","position":2,"name":"Linfedema, c\u00f3mo atenderlo: Juvecan"}]},{"@type":"WebSite","@id":"https:\/\/lospoliticosveracruz.com\/#website","url":"https:\/\/lospoliticosveracruz.com\/","name":"Los pol\u00edticos Veracruz","description":"","publisher":{"@id":"https:\/\/lospoliticosveracruz.com\/#organization"},"potentialAction":[{"@type":"SearchAction","target":{"@type":"EntryPoint","urlTemplate":"https:\/\/lospoliticosveracruz.com\/?s={search_term_string}"},"query-input":{"@type":"PropertyValueSpecification","valueRequired":true,"valueName":"search_term_string"}}],"inLanguage":"es"},{"@type":"Organization","@id":"https:\/\/lospoliticosveracruz.com\/#organization","name":"Los pol\u00edticos Veracruz","url":"https:\/\/lospoliticosveracruz.com\/","logo":{"@type":"ImageObject","inLanguage":"es","@id":"https:\/\/lospoliticosveracruz.com\/#\/schema\/logo\/image\/","url":"https:\/\/lospoliticosveracruz.com\/wp-content\/uploads\/2025\/12\/Logo-Nuevo-LOS-POLITICOS-1.jpg","contentUrl":"https:\/\/lospoliticosveracruz.com\/wp-content\/uploads\/2025\/12\/Logo-Nuevo-LOS-POLITICOS-1.jpg","width":260,"height":70,"caption":"Los pol\u00edticos Veracruz"},"image":{"@id":"https:\/\/lospoliticosveracruz.com\/#\/schema\/logo\/image\/"},"sameAs":["https:\/\/www.facebook.com\/people\/Notimemes-de-los-Polticos\/61565672886568\/","https:\/\/x.com\/LosPoliticosVer"]},{"@type":"Person","@id":"https:\/\/lospoliticosveracruz.com\/#\/schema\/person\/b8702bb0e538456e6efd07080bf2a4a2","name":"Lo viste en Los Pol\u00edticos","image":{"@type":"ImageObject","inLanguage":"es","@id":"https:\/\/secure.gravatar.com\/avatar\/3a8de04a2656d44082be478bd6c086daa447c4651605818287b9532d3d0bd435?s=96&d=mm&r=g","url":"https:\/\/secure.gravatar.com\/avatar\/3a8de04a2656d44082be478bd6c086daa447c4651605818287b9532d3d0bd435?s=96&d=mm&r=g","contentUrl":"https:\/\/secure.gravatar.com\/avatar\/3a8de04a2656d44082be478bd6c086daa447c4651605818287b9532d3d0bd435?s=96&d=mm&r=g","caption":"Lo viste en Los Pol\u00edticos"},"url":"https:\/\/lospoliticosveracruz.com\/?author=2"}]}},"_links":{"self":[{"href":"https:\/\/lospoliticosveracruz.com\/index.php?rest_route=\/wp\/v2\/posts\/50173","targetHints":{"allow":["GET"]}}],"collection":[{"href":"https:\/\/lospoliticosveracruz.com\/index.php?rest_route=\/wp\/v2\/posts"}],"about":[{"href":"https:\/\/lospoliticosveracruz.com\/index.php?rest_route=\/wp\/v2\/types\/post"}],"author":[{"embeddable":true,"href":"https:\/\/lospoliticosveracruz.com\/index.php?rest_route=\/wp\/v2\/users\/2"}],"replies":[{"embeddable":true,"href":"https:\/\/lospoliticosveracruz.com\/index.php?rest_route=%2Fwp%2Fv2%2Fcomments&post=50173"}],"version-history":[{"count":1,"href":"https:\/\/lospoliticosveracruz.com\/index.php?rest_route=\/wp\/v2\/posts\/50173\/revisions"}],"predecessor-version":[{"id":50175,"href":"https:\/\/lospoliticosveracruz.com\/index.php?rest_route=\/wp\/v2\/posts\/50173\/revisions\/50175"}],"wp:featuredmedia":[{"embeddable":true,"href":"https:\/\/lospoliticosveracruz.com\/index.php?rest_route=\/wp\/v2\/media\/50174"}],"wp:attachment":[{"href":"https:\/\/lospoliticosveracruz.com\/index.php?rest_route=%2Fwp%2Fv2%2Fmedia&parent=50173"}],"wp:term":[{"taxonomy":"category","embeddable":true,"href":"https:\/\/lospoliticosveracruz.com\/index.php?rest_route=%2Fwp%2Fv2%2Fcategories&post=50173"},{"taxonomy":"post_tag","embeddable":true,"href":"https:\/\/lospoliticosveracruz.com\/index.php?rest_route=%2Fwp%2Fv2%2Ftags&post=50173"}],"curies":[{"name":"wp","href":"https:\/\/api.w.org\/{rel}","templated":true}]}}