{"id":50220,"date":"2019-10-17T23:01:29","date_gmt":"2019-10-18T04:01:29","guid":{"rendered":"http:\/\/www.lospoliticosveracruz.com.mx\/?p=50220"},"modified":"2019-10-17T19:32:13","modified_gmt":"2019-10-18T00:32:13","slug":"tiburones-cruz-azul-y-dorados","status":"publish","type":"post","link":"https:\/\/lospoliticosveracruz.com\/?p=50220","title":{"rendered":"Tiburones, Cruz Azul y Dorados"},"content":{"rendered":"<p><strong>Salvador Mu\u00f1oz<\/strong><\/p>\n<p><em>Los Pol\u00edticos<\/em><\/p>\n<p><span style=\"font-weight: 400;\">Si fuera \u201cCaliente\u201d, ya hubiera soltado una serie de apuestas para este viernes por la tarde en el Pirata Fuente:<\/span><\/p>\n<p><span style=\"font-weight: 400;\">1.- Se presentar\u00e1 o no la escuadra de los escualos para enfrentar a los Tigres\u2026<\/span><\/p>\n<p><span style=\"font-weight: 400;\">2.- Si es as\u00ed\u2026 Jugar\u00e1n los Tiburones Rojos con su equipo base o se apoyar\u00e1 con canteranos\u2026<\/span><\/p>\n<p><span style=\"font-weight: 400;\">Las siguientes apuestas ya ser\u00edan las comunes:<\/span><\/p>\n<p><span style=\"font-weight: 400;\">3.- \u00bfSeguir\u00e1 marcando r\u00e9cord el equipo veracruzano con un partido m\u00e1s sin ganar?<\/span><\/p>\n<p><span style=\"font-weight: 400;\">4.- Si gana a Tigres, se apuesta a que es por una diferencia de un gol o m\u00e1s\u2026<\/span><\/p>\n<p><span style=\"font-weight: 400;\">5.- Si pierden los Tiburones, por un gol o por goliza\u2026<\/span><\/p>\n<p><span style=\"font-weight: 400;\">6.- Cu\u00e1ntos goles creen que pueda anotar Gignac\u2026<\/span><\/p>\n<p><span style=\"font-weight: 400;\">Y un largo etc\u00e9tera.<\/span><\/p>\n<p><span style=\"font-weight: 400;\">Disculpen la simpleza de mis apuestas pero ni un volado echo y por lo mismo desconozco el sistema que se emplea en un \u201cCaliente\u201d&#8230; aunque el asunto es el esc\u00e1ndalo que se ha suscitado, no porque haya el riesgo de que los Tiburones Rojos no pisen la grama del Pirata Fuente este viernes, sino por las razones que los obligan a lanzar tal advertencia a su directiva\u2026 la falta de pago.<\/span><\/p>\n<p><span style=\"font-weight: 400;\">Seg\u00fan se ha dicho, Fidel Kuri Grajales aplic\u00f3 la Cuarta Transformaci\u00f3n a las condiciones que se viven en este momento al interior de su equipo: responsabiliz\u00f3 a administraciones anteriores de Herrer\u00edas y Mohamed Morales por \u201cdeudas heredadas\u201d. S\u00ed, yo tampoco le creo\u2026<\/span><\/p>\n<p><span style=\"font-weight: 400;\">Claro que este caso no es nuevo\u2026 me refiero a la \u201camenaza\u201d de que en un momento dado, no pudiera salir a jugar el equipo contra su adversario\u2026 una ocasi\u00f3n, no hace mucho, el Cruz Azul pas\u00f3 por lo mismo pero con distintas circunstancias.<\/span><\/p>\n<p><span style=\"font-weight: 400;\">All\u00e1 por el 2003, con 27 puntos disputados y s\u00f3lo seis en la bolsa, la M\u00e1quina Celeste marcaba un inicio desastroso en el torneo\u2026 la directiva no se anduvo con rodeos y decidi\u00f3 cortar de tajo con todos los jugadores dando por finiquitado su contrato as\u00ed como una indemnizaci\u00f3n. Hab\u00eda estrellas como el Loco Abreu, Paco Palencia, \u00d3scar P\u00e9rez, Sergio Almaguer y Melvin Brown, entre otros\u2026 muchos jugadores pensaron que la directiva ser\u00eda incapaz de prescindir de ellos porque \u00bfpues con qui\u00e9n iba a jugar? \u00a1Y debutaron muchos canteranos! entre ellos Juan Carlos Cacho, quien por cierto, le anot\u00f3 dos goles a Pumas para romper con la mala racha y obtener su primer triunfo en el torneo\u2026<\/span><\/p>\n<p><span style=\"font-weight: 400;\">A qu\u00e9 voy con esto: apuesto a que los Tiburones Rojos juegan ma\u00f1ana\u2026 pero de que ganen, ya es otra historia.<\/span><\/p>\n<p><span style=\"font-weight: 400;\">Lo que s\u00ed, es que mientras no pite el \u00e1rbitro a 22 jugadores este viernes, creo que muchos veracruzanos estar\u00e1n a la expectativa\u2026 no as\u00ed los aficionados de los Dorados de Sinaloa, quienes este jueves se iban a enfrentar a los Potros del Atlante en el torneo de la Liga de Ascenso, pero de la jornada de patadas se pas\u00f3 a la jornada violenta de disparos en la capital de ese estado por la detenci\u00f3n de uno de los hijos de Joaqu\u00edn El Chapo Guzm\u00e1n, lo que hace poner como una trivialidad el caso de los Tiburones ante lo que sucede en la Divisi\u00f3n de Plata en Culiac\u00e1n, que al menos este jueves se volvi\u00f3 de plomo\u2026<\/span><\/p>\n<p><span style=\"font-weight: 400;\">\u00a1Claro! muy independiente de que si juegan o no los escualos este viernes, el juego de apuestas para Fidel Kuri Grajales apenas inicia y podr\u00edamos empezar con \u00e9sta:<\/span><\/p>\n<p><span style=\"font-weight: 400;\">1.- Tras este esc\u00e1ndalo en el Veracruz, \u00bfel SAT podr\u00eda estar interesado en saber y conocer el sistema de dobles contratos que tiene con muchos jugadores el empresario veracruzano? o m\u00e1s que un Tibur\u00f3n, el SAT opte por un Pez m\u00e1s Gordo que m\u00ednimo, nos haga olvidar las razones por las que los Dorados de Sinaloa no jugaron ayer\u2026 \u00a1Haga sus apuestas!<\/span><\/p>\n<p>&nbsp;<\/p>\n<p><span style=\"font-weight: 400;\">smcainito@gmail.com<\/span><\/p>\n<p>&nbsp;<\/p>\n","protected":false},"excerpt":{"rendered":"<p>Salvador Mu\u00f1oz Los Pol\u00edticos Si fuera \u201cCaliente\u201d, ya hubiera soltado una serie de apuestas para este viernes por la tarde en el Pirata Fuente: 1.- Se presentar\u00e1 o no la escuadra de los escualos para enfrentar a los Tigres\u2026 2.- Si es as\u00ed\u2026 Jugar\u00e1n los Tiburones Rojos con su equipo base o se apoyar\u00e1 con [&hellip;]<\/p>\n","protected":false},"author":2,"featured_media":50221,"comment_status":"open","ping_status":"open","sticky":false,"template":"","format":"standard","meta":{"tdm_status":"","tdm_grid_status":"","footnotes":""},"categories":[70],"tags":[2796,15469,2640,608,15471,15472,15476,15474,15473,8565,115,15475,1641,15468],"class_list":{"0":"post-50220","1":"post","2":"type-post","3":"status-publish","4":"format-standard","5":"has-post-thumbnail","7":"category-de-opinion","8":"tag-cruz-azul","9":"tag-dorados-de-sinaloa","10":"tag-el-chapo-guzman","11":"tag-fidel-kuri-grajales","12":"tag-juan-carola-cacho","14":"tag-melvin-brown","15":"tag-oscar-perez","16":"tag-paco-palencia","17":"tag-pumas","18":"tag-sat","19":"tag-sergio-almaguer","20":"tag-tiburones-rojos","21":"tag-tigres"},"yoast_head":"<!-- This site is optimized with the Yoast SEO plugin v27.4 - https:\/\/yoast.com\/product\/yoast-seo-wordpress\/ -->\n<title>Tiburones, Cruz Azul y Dorados - Los pol\u00edticos Veracruz<\/title>\n<meta name=\"robots\" content=\"index, follow, max-snippet:-1, max-image-preview:large, max-video-preview:-1\" \/>\n<link rel=\"canonical\" href=\"https:\/\/lospoliticosveracruz.com\/?p=50220\" \/>\n<meta property=\"og:locale\" content=\"es_ES\" \/>\n<meta property=\"og:type\" content=\"article\" \/>\n<meta property=\"og:title\" content=\"Tiburones, Cruz Azul y Dorados - Los pol\u00edticos Veracruz\" \/>\n<meta property=\"og:description\" content=\"Salvador Mu\u00f1oz Los Pol\u00edticos Si fuera \u201cCaliente\u201d, ya hubiera soltado una serie de apuestas para este viernes por la tarde en el Pirata Fuente: 1.- Se presentar\u00e1 o no la escuadra de los escualos para enfrentar a los Tigres\u2026 2.- Si es as\u00ed\u2026 Jugar\u00e1n los Tiburones Rojos con su equipo base o se apoyar\u00e1 con [&hellip;]\" \/>\n<meta property=\"og:url\" content=\"https:\/\/lospoliticosveracruz.com\/?p=50220\" \/>\n<meta property=\"og:site_name\" content=\"Los pol\u00edticos Veracruz\" \/>\n<meta property=\"article:publisher\" content=\"https:\/\/www.facebook.com\/people\/Notimemes-de-los-Polticos\/61565672886568\/\" \/>\n<meta property=\"article:published_time\" content=\"2019-10-18T04:01:29+00:00\" \/>\n<meta property=\"og:image\" content=\"https:\/\/lospoliticosveracruz.com\/wp-content\/uploads\/2019\/10\/Fidel-Kuri.jpeg\" \/>\n\t<meta property=\"og:image:width\" content=\"680\" \/>\n\t<meta property=\"og:image:height\" content=\"353\" \/>\n\t<meta property=\"og:image:type\" content=\"image\/jpeg\" \/>\n<meta name=\"author\" content=\"Lo viste en Los Pol\u00edticos\" \/>\n<meta name=\"twitter:card\" content=\"summary_large_image\" \/>\n<meta name=\"twitter:creator\" content=\"@LosPoliticosVer\" \/>\n<meta name=\"twitter:site\" content=\"@LosPoliticosVer\" \/>\n<meta name=\"twitter:label1\" content=\"Escrito por\" \/>\n\t<meta name=\"twitter:data1\" content=\"Lo viste en Los Pol\u00edticos\" \/>\n\t<meta name=\"twitter:label2\" content=\"Tiempo de lectura\" \/>\n\t<meta name=\"twitter:data2\" content=\"3 minutos\" \/>\n<script type=\"application\/ld+json\" class=\"yoast-schema-graph\">{\"@context\":\"https:\\\/\\\/schema.org\",\"@graph\":[{\"@type\":\"Article\",\"@id\":\"https:\\\/\\\/lospoliticosveracruz.com\\\/?p=50220#article\",\"isPartOf\":{\"@id\":\"https:\\\/\\\/lospoliticosveracruz.com\\\/?p=50220\"},\"author\":{\"name\":\"Lo viste en Los Pol\u00edticos\",\"@id\":\"https:\\\/\\\/lospoliticosveracruz.com\\\/#\\\/schema\\\/person\\\/b8702bb0e538456e6efd07080bf2a4a2\"},\"headline\":\"Tiburones, Cruz Azul y Dorados\",\"datePublished\":\"2019-10-18T04:01:29+00:00\",\"mainEntityOfPage\":{\"@id\":\"https:\\\/\\\/lospoliticosveracruz.com\\\/?p=50220\"},\"wordCount\":661,\"commentCount\":0,\"publisher\":{\"@id\":\"https:\\\/\\\/lospoliticosveracruz.com\\\/#organization\"},\"image\":{\"@id\":\"https:\\\/\\\/lospoliticosveracruz.com\\\/?p=50220#primaryimage\"},\"thumbnailUrl\":\"https:\\\/\\\/lospoliticosveracruz.com\\\/wp-content\\\/uploads\\\/2019\\\/10\\\/Fidel-Kuri.jpeg\",\"keywords\":[\"Cruz Azul\",\"Dorados de Sinaloa\",\"El Chapo Guzm\u00e1n\",\"Fidel Kuri Grajales\",\"Juan Carola Cacho\",\"Loco Abreu\",\"Melvin Brown\",\"\u00d3scar P\u00e9rez\",\"Paco Palencia\",\"Pumas\",\"SAT\",\"Sergio Almaguer\",\"Tiburones Rojos\",\"Tigres\"],\"articleSection\":[\"De Opini\u00f3n\"],\"inLanguage\":\"es\",\"potentialAction\":[{\"@type\":\"CommentAction\",\"name\":\"Comment\",\"target\":[\"https:\\\/\\\/lospoliticosveracruz.com\\\/?p=50220#respond\"]}]},{\"@type\":\"WebPage\",\"@id\":\"https:\\\/\\\/lospoliticosveracruz.com\\\/?p=50220\",\"url\":\"https:\\\/\\\/lospoliticosveracruz.com\\\/?p=50220\",\"name\":\"Tiburones, Cruz Azul y Dorados - Los pol\u00edticos Veracruz\",\"isPartOf\":{\"@id\":\"https:\\\/\\\/lospoliticosveracruz.com\\\/#website\"},\"primaryImageOfPage\":{\"@id\":\"https:\\\/\\\/lospoliticosveracruz.com\\\/?p=50220#primaryimage\"},\"image\":{\"@id\":\"https:\\\/\\\/lospoliticosveracruz.com\\\/?p=50220#primaryimage\"},\"thumbnailUrl\":\"https:\\\/\\\/lospoliticosveracruz.com\\\/wp-content\\\/uploads\\\/2019\\\/10\\\/Fidel-Kuri.jpeg\",\"datePublished\":\"2019-10-18T04:01:29+00:00\",\"breadcrumb\":{\"@id\":\"https:\\\/\\\/lospoliticosveracruz.com\\\/?p=50220#breadcrumb\"},\"inLanguage\":\"es\",\"potentialAction\":[{\"@type\":\"ReadAction\",\"target\":[\"https:\\\/\\\/lospoliticosveracruz.com\\\/?p=50220\"]}]},{\"@type\":\"ImageObject\",\"inLanguage\":\"es\",\"@id\":\"https:\\\/\\\/lospoliticosveracruz.com\\\/?p=50220#primaryimage\",\"url\":\"https:\\\/\\\/lospoliticosveracruz.com\\\/wp-content\\\/uploads\\\/2019\\\/10\\\/Fidel-Kuri.jpeg\",\"contentUrl\":\"https:\\\/\\\/lospoliticosveracruz.com\\\/wp-content\\\/uploads\\\/2019\\\/10\\\/Fidel-Kuri.jpeg\",\"width\":680,\"height\":353},{\"@type\":\"BreadcrumbList\",\"@id\":\"https:\\\/\\\/lospoliticosveracruz.com\\\/?p=50220#breadcrumb\",\"itemListElement\":[{\"@type\":\"ListItem\",\"position\":1,\"name\":\"Portada\",\"item\":\"https:\\\/\\\/lospoliticosveracruz.com\\\/\"},{\"@type\":\"ListItem\",\"position\":2,\"name\":\"Tiburones, Cruz Azul y Dorados\"}]},{\"@type\":\"WebSite\",\"@id\":\"https:\\\/\\\/lospoliticosveracruz.com\\\/#website\",\"url\":\"https:\\\/\\\/lospoliticosveracruz.com\\\/\",\"name\":\"Los pol\u00edticos Veracruz\",\"description\":\"\",\"publisher\":{\"@id\":\"https:\\\/\\\/lospoliticosveracruz.com\\\/#organization\"},\"potentialAction\":[{\"@type\":\"SearchAction\",\"target\":{\"@type\":\"EntryPoint\",\"urlTemplate\":\"https:\\\/\\\/lospoliticosveracruz.com\\\/?s={search_term_string}\"},\"query-input\":{\"@type\":\"PropertyValueSpecification\",\"valueRequired\":true,\"valueName\":\"search_term_string\"}}],\"inLanguage\":\"es\"},{\"@type\":\"Organization\",\"@id\":\"https:\\\/\\\/lospoliticosveracruz.com\\\/#organization\",\"name\":\"Los pol\u00edticos Veracruz\",\"url\":\"https:\\\/\\\/lospoliticosveracruz.com\\\/\",\"logo\":{\"@type\":\"ImageObject\",\"inLanguage\":\"es\",\"@id\":\"https:\\\/\\\/lospoliticosveracruz.com\\\/#\\\/schema\\\/logo\\\/image\\\/\",\"url\":\"https:\\\/\\\/lospoliticosveracruz.com\\\/wp-content\\\/uploads\\\/2025\\\/12\\\/Logo-Nuevo-LOS-POLITICOS-1.jpg\",\"contentUrl\":\"https:\\\/\\\/lospoliticosveracruz.com\\\/wp-content\\\/uploads\\\/2025\\\/12\\\/Logo-Nuevo-LOS-POLITICOS-1.jpg\",\"width\":260,\"height\":70,\"caption\":\"Los pol\u00edticos Veracruz\"},\"image\":{\"@id\":\"https:\\\/\\\/lospoliticosveracruz.com\\\/#\\\/schema\\\/logo\\\/image\\\/\"},\"sameAs\":[\"https:\\\/\\\/www.facebook.com\\\/people\\\/Notimemes-de-los-Polticos\\\/61565672886568\\\/\",\"https:\\\/\\\/x.com\\\/LosPoliticosVer\"]},{\"@type\":\"Person\",\"@id\":\"https:\\\/\\\/lospoliticosveracruz.com\\\/#\\\/schema\\\/person\\\/b8702bb0e538456e6efd07080bf2a4a2\",\"name\":\"Lo viste en Los Pol\u00edticos\",\"image\":{\"@type\":\"ImageObject\",\"inLanguage\":\"es\",\"@id\":\"https:\\\/\\\/secure.gravatar.com\\\/avatar\\\/3a8de04a2656d44082be478bd6c086daa447c4651605818287b9532d3d0bd435?s=96&d=mm&r=g\",\"url\":\"https:\\\/\\\/secure.gravatar.com\\\/avatar\\\/3a8de04a2656d44082be478bd6c086daa447c4651605818287b9532d3d0bd435?s=96&d=mm&r=g\",\"contentUrl\":\"https:\\\/\\\/secure.gravatar.com\\\/avatar\\\/3a8de04a2656d44082be478bd6c086daa447c4651605818287b9532d3d0bd435?s=96&d=mm&r=g\",\"caption\":\"Lo viste en Los Pol\u00edticos\"},\"url\":\"https:\\\/\\\/lospoliticosveracruz.com\\\/?author=2\"}]}<\/script>\n<!-- \/ Yoast SEO plugin. -->","yoast_head_json":{"title":"Tiburones, Cruz Azul y Dorados - Los pol\u00edticos Veracruz","robots":{"index":"index","follow":"follow","max-snippet":"max-snippet:-1","max-image-preview":"max-image-preview:large","max-video-preview":"max-video-preview:-1"},"canonical":"https:\/\/lospoliticosveracruz.com\/?p=50220","og_locale":"es_ES","og_type":"article","og_title":"Tiburones, Cruz Azul y Dorados - Los pol\u00edticos Veracruz","og_description":"Salvador Mu\u00f1oz Los Pol\u00edticos Si fuera \u201cCaliente\u201d, ya hubiera soltado una serie de apuestas para este viernes por la tarde en el Pirata Fuente: 1.- Se presentar\u00e1 o no la escuadra de los escualos para enfrentar a los Tigres\u2026 2.- Si es as\u00ed\u2026 Jugar\u00e1n los Tiburones Rojos con su equipo base o se apoyar\u00e1 con [&hellip;]","og_url":"https:\/\/lospoliticosveracruz.com\/?p=50220","og_site_name":"Los pol\u00edticos Veracruz","article_publisher":"https:\/\/www.facebook.com\/people\/Notimemes-de-los-Polticos\/61565672886568\/","article_published_time":"2019-10-18T04:01:29+00:00","og_image":[{"width":680,"height":353,"url":"https:\/\/lospoliticosveracruz.com\/wp-content\/uploads\/2019\/10\/Fidel-Kuri.jpeg","type":"image\/jpeg"}],"author":"Lo viste en Los Pol\u00edticos","twitter_card":"summary_large_image","twitter_creator":"@LosPoliticosVer","twitter_site":"@LosPoliticosVer","twitter_misc":{"Escrito por":"Lo viste en Los Pol\u00edticos","Tiempo de lectura":"3 minutos"},"schema":{"@context":"https:\/\/schema.org","@graph":[{"@type":"Article","@id":"https:\/\/lospoliticosveracruz.com\/?p=50220#article","isPartOf":{"@id":"https:\/\/lospoliticosveracruz.com\/?p=50220"},"author":{"name":"Lo viste en Los Pol\u00edticos","@id":"https:\/\/lospoliticosveracruz.com\/#\/schema\/person\/b8702bb0e538456e6efd07080bf2a4a2"},"headline":"Tiburones, Cruz Azul y Dorados","datePublished":"2019-10-18T04:01:29+00:00","mainEntityOfPage":{"@id":"https:\/\/lospoliticosveracruz.com\/?p=50220"},"wordCount":661,"commentCount":0,"publisher":{"@id":"https:\/\/lospoliticosveracruz.com\/#organization"},"image":{"@id":"https:\/\/lospoliticosveracruz.com\/?p=50220#primaryimage"},"thumbnailUrl":"https:\/\/lospoliticosveracruz.com\/wp-content\/uploads\/2019\/10\/Fidel-Kuri.jpeg","keywords":["Cruz Azul","Dorados de Sinaloa","El Chapo Guzm\u00e1n","Fidel Kuri Grajales","Juan Carola Cacho","Loco Abreu","Melvin Brown","\u00d3scar P\u00e9rez","Paco Palencia","Pumas","SAT","Sergio Almaguer","Tiburones Rojos","Tigres"],"articleSection":["De Opini\u00f3n"],"inLanguage":"es","potentialAction":[{"@type":"CommentAction","name":"Comment","target":["https:\/\/lospoliticosveracruz.com\/?p=50220#respond"]}]},{"@type":"WebPage","@id":"https:\/\/lospoliticosveracruz.com\/?p=50220","url":"https:\/\/lospoliticosveracruz.com\/?p=50220","name":"Tiburones, Cruz Azul y Dorados - Los pol\u00edticos Veracruz","isPartOf":{"@id":"https:\/\/lospoliticosveracruz.com\/#website"},"primaryImageOfPage":{"@id":"https:\/\/lospoliticosveracruz.com\/?p=50220#primaryimage"},"image":{"@id":"https:\/\/lospoliticosveracruz.com\/?p=50220#primaryimage"},"thumbnailUrl":"https:\/\/lospoliticosveracruz.com\/wp-content\/uploads\/2019\/10\/Fidel-Kuri.jpeg","datePublished":"2019-10-18T04:01:29+00:00","breadcrumb":{"@id":"https:\/\/lospoliticosveracruz.com\/?p=50220#breadcrumb"},"inLanguage":"es","potentialAction":[{"@type":"ReadAction","target":["https:\/\/lospoliticosveracruz.com\/?p=50220"]}]},{"@type":"ImageObject","inLanguage":"es","@id":"https:\/\/lospoliticosveracruz.com\/?p=50220#primaryimage","url":"https:\/\/lospoliticosveracruz.com\/wp-content\/uploads\/2019\/10\/Fidel-Kuri.jpeg","contentUrl":"https:\/\/lospoliticosveracruz.com\/wp-content\/uploads\/2019\/10\/Fidel-Kuri.jpeg","width":680,"height":353},{"@type":"BreadcrumbList","@id":"https:\/\/lospoliticosveracruz.com\/?p=50220#breadcrumb","itemListElement":[{"@type":"ListItem","position":1,"name":"Portada","item":"https:\/\/lospoliticosveracruz.com\/"},{"@type":"ListItem","position":2,"name":"Tiburones, Cruz Azul y Dorados"}]},{"@type":"WebSite","@id":"https:\/\/lospoliticosveracruz.com\/#website","url":"https:\/\/lospoliticosveracruz.com\/","name":"Los pol\u00edticos Veracruz","description":"","publisher":{"@id":"https:\/\/lospoliticosveracruz.com\/#organization"},"potentialAction":[{"@type":"SearchAction","target":{"@type":"EntryPoint","urlTemplate":"https:\/\/lospoliticosveracruz.com\/?s={search_term_string}"},"query-input":{"@type":"PropertyValueSpecification","valueRequired":true,"valueName":"search_term_string"}}],"inLanguage":"es"},{"@type":"Organization","@id":"https:\/\/lospoliticosveracruz.com\/#organization","name":"Los pol\u00edticos Veracruz","url":"https:\/\/lospoliticosveracruz.com\/","logo":{"@type":"ImageObject","inLanguage":"es","@id":"https:\/\/lospoliticosveracruz.com\/#\/schema\/logo\/image\/","url":"https:\/\/lospoliticosveracruz.com\/wp-content\/uploads\/2025\/12\/Logo-Nuevo-LOS-POLITICOS-1.jpg","contentUrl":"https:\/\/lospoliticosveracruz.com\/wp-content\/uploads\/2025\/12\/Logo-Nuevo-LOS-POLITICOS-1.jpg","width":260,"height":70,"caption":"Los pol\u00edticos Veracruz"},"image":{"@id":"https:\/\/lospoliticosveracruz.com\/#\/schema\/logo\/image\/"},"sameAs":["https:\/\/www.facebook.com\/people\/Notimemes-de-los-Polticos\/61565672886568\/","https:\/\/x.com\/LosPoliticosVer"]},{"@type":"Person","@id":"https:\/\/lospoliticosveracruz.com\/#\/schema\/person\/b8702bb0e538456e6efd07080bf2a4a2","name":"Lo viste en Los Pol\u00edticos","image":{"@type":"ImageObject","inLanguage":"es","@id":"https:\/\/secure.gravatar.com\/avatar\/3a8de04a2656d44082be478bd6c086daa447c4651605818287b9532d3d0bd435?s=96&d=mm&r=g","url":"https:\/\/secure.gravatar.com\/avatar\/3a8de04a2656d44082be478bd6c086daa447c4651605818287b9532d3d0bd435?s=96&d=mm&r=g","contentUrl":"https:\/\/secure.gravatar.com\/avatar\/3a8de04a2656d44082be478bd6c086daa447c4651605818287b9532d3d0bd435?s=96&d=mm&r=g","caption":"Lo viste en Los Pol\u00edticos"},"url":"https:\/\/lospoliticosveracruz.com\/?author=2"}]}},"_links":{"self":[{"href":"https:\/\/lospoliticosveracruz.com\/index.php?rest_route=\/wp\/v2\/posts\/50220","targetHints":{"allow":["GET"]}}],"collection":[{"href":"https:\/\/lospoliticosveracruz.com\/index.php?rest_route=\/wp\/v2\/posts"}],"about":[{"href":"https:\/\/lospoliticosveracruz.com\/index.php?rest_route=\/wp\/v2\/types\/post"}],"author":[{"embeddable":true,"href":"https:\/\/lospoliticosveracruz.com\/index.php?rest_route=\/wp\/v2\/users\/2"}],"replies":[{"embeddable":true,"href":"https:\/\/lospoliticosveracruz.com\/index.php?rest_route=%2Fwp%2Fv2%2Fcomments&post=50220"}],"version-history":[{"count":1,"href":"https:\/\/lospoliticosveracruz.com\/index.php?rest_route=\/wp\/v2\/posts\/50220\/revisions"}],"predecessor-version":[{"id":50222,"href":"https:\/\/lospoliticosveracruz.com\/index.php?rest_route=\/wp\/v2\/posts\/50220\/revisions\/50222"}],"wp:featuredmedia":[{"embeddable":true,"href":"https:\/\/lospoliticosveracruz.com\/index.php?rest_route=\/wp\/v2\/media\/50221"}],"wp:attachment":[{"href":"https:\/\/lospoliticosveracruz.com\/index.php?rest_route=%2Fwp%2Fv2%2Fmedia&parent=50220"}],"wp:term":[{"taxonomy":"category","embeddable":true,"href":"https:\/\/lospoliticosveracruz.com\/index.php?rest_route=%2Fwp%2Fv2%2Fcategories&post=50220"},{"taxonomy":"post_tag","embeddable":true,"href":"https:\/\/lospoliticosveracruz.com\/index.php?rest_route=%2Fwp%2Fv2%2Ftags&post=50220"}],"curies":[{"name":"wp","href":"https:\/\/api.w.org\/{rel}","templated":true}]}}