{"id":50257,"date":"2019-10-20T20:39:34","date_gmt":"2019-10-21T01:39:34","guid":{"rendered":"http:\/\/www.lospoliticosveracruz.com.mx\/?p=50257"},"modified":"2019-10-20T20:38:46","modified_gmt":"2019-10-21T01:38:46","slug":"creando-historias","status":"publish","type":"post","link":"https:\/\/lospoliticosveracruz.com\/?p=50257","title":{"rendered":"Creando Historias"},"content":{"rendered":"<p><strong>Brenda Caballero<\/strong><\/p>\n<p><em>N\u00fameros Rojos<\/em><\/p>\n<p><span style=\"font-weight: 400;\">\u201cNo ten\u00eda dolor, ni n\u00e1useas, todo fue perfecto para m\u00ed\u201d, dice Cindy Virues al contar el testimonio de vida de su embarazo ante un p\u00fablico que la segu\u00edamos atenta.\u00a0<\/span><\/p>\n<p><span style=\"font-weight: 400;\">Nerviosa, caminando de un lado a otro, confes\u00f3 el c\u00f3mo se prepar\u00f3 para la llegada del peque\u00f1o Santiago, al que esperaban ansiosos ella y su esposo Alberto Silva Ramos. Sin embargo, no todo fue perfecto (ya contar\u00e9 a detalle todo lo vivido por la familia Silva Virues en otra columna), pues Santiago tuvo varias complicaciones desde que naci\u00f3 por ces\u00e1rea en Chiapas, hasta su traslado a la Ciudad de M\u00e9xico.\u00a0<\/span><\/p>\n<p><span style=\"font-weight: 400;\">Por fortuna Santiago ya est\u00e1 bien y nos lo muestra orgullosa. Un fuerte aplauso de los presentes suena en la Galer\u00eda Dom\u00ednguez y Buis que fue sede del primer evento denominado Creando Historias, organizado por la Universidad An\u00e1huac y diversos patrocinadores como Caf\u00e9 Bola de Oro, Sushiitto, X24, Asadero Cien, Layla Eventos, Hotelera Posadas, Jorge Rivera Sal\u00f3n, AD Icycle, El F\u00e9nix papeler\u00edas y Mujeres que Inspiran.<\/span><\/p>\n<p><span style=\"font-weight: 400;\">Creando Historias es un proyecto que naci\u00f3 hace varios meses por iniciativa de dos j\u00f3venes emprendedores e inquietos: Luis Eduardo L\u00f3pez Hern\u00e1ndez y Rebeca Aspiazu Ram\u00edrez, ambos estudiantes de la Universidad An\u00e1huac, los cuales ya han participado en <\/span><span style=\"font-weight: 400;\">varios proyectos al donar su tiempo en instituciones como casas hogar y en albergues para j\u00f3venes con adicciones.<\/span><\/p>\n<p><span style=\"font-weight: 400;\">\u201cAs\u00ed les naci\u00f3 la labor altruista\u201d, me dicen Leti Aspiazu y Lul\u00fa Hern\u00e1ndez, madres de los j\u00f3venes emprendedores, quienes cuentan estar contentas que sus hijos prefieran apoyar buenas causas que andar en los antros. A ellos se sumaron alrededor de otros 20 j\u00f3venes entre 17 y 22 a\u00f1os.<\/span><\/p>\n<p><span style=\"font-weight: 400;\">Creando Historias <\/span><span style=\"font-weight: 400;\">es el primer evento de la Universidad que impulsa a j\u00f3venes emprendedores y que <\/span><span style=\"font-weight: 400;\">pretende apoyar las causas buenas en M\u00e9xico, pues hoy m\u00e1s que nunca necesitamos un pa\u00eds diferente.<\/span><\/p>\n<p><span style=\"font-weight: 400;\">Al proyecto se sumaron artistas reconocidos en el estado y en el pa\u00eds, como Jaime Fern\u00e1ndez, de 35 a\u00f1os, que don\u00f3 un cuadro impresionante llamado \u201cFrida Khalo, mariposas en el viento\u201d. \u00c9l cuenta que decidi\u00f3 pintarla porque es una mujer ic\u00f3nica mexicana; representa la fortaleza, la dedicaci\u00f3n y la pasi\u00f3n. Cuenta que las mariposas en el cuadro representan a Diego Rivera y a la misma Frida. Jaime considera que su pintura es abstracta, pero que le interesaba reflejar la mirada de Frida, que trasmitiera la pasi\u00f3n y melancol\u00eda de su vida. El valor de su cuadro es de ocho mil pesos, pero espera pueda recaudar m\u00e1s.<\/span><\/p>\n<p><span style=\"font-weight: 400;\">Vanesa Arroyo, de 19 a\u00f1os, tambi\u00e9n don\u00f3 un cuadro de Cristo; Fabiola Acosta y Javier Moreno, estudiantes de la Universidad An\u00e1huac, tambi\u00e9n donaron sus pinturas.<\/span><\/p>\n<p><span style=\"font-weight: 400;\">Patricia Obeso don\u00f3 un cuadro llamado \u201cEl Desahogo\u201d.<\/span><\/p>\n<p><span style=\"font-weight: 400;\">Llama mi atenci\u00f3n el cuadro que me muestra Rebeca, \u201ces de Pedro Trueba \u2013me dice\u2013 el es top 5 en M\u00e9xico\u201d; pero lo sorprendente es que me cuenta que plasm\u00f3 la misma pintura en un mural de 600 metros cuadrados en un templo ubicado en Reforma, en la Ciudad de M\u00e9xico. La obra trae dos libros anexo y su costo es de 22 mil pesos.<\/span><\/p>\n<p><span style=\"font-weight: 400;\">Aidyl Daniela, de 20 a\u00f1os, tambi\u00e9n hizo su donaci\u00f3n en dos obras que denomin\u00f3 \u201cColores de mi M\u00e9xico\u201d.<\/span><\/p>\n<p><span style=\"font-weight: 400;\">Con la ya conocida mascada rosa, s\u00edmbolo de la lucha contra el c\u00e1ncer, estaba Ilia Mar\u00eda Beltr\u00e1n Coronel, presidenta de la Fundaci\u00f3n Lepach, patronato del Cecan desde hace 15 a\u00f1os, quien platica de c\u00f3mo los j\u00f3venes se acercan a ella para poder apoyar a los ni\u00f1os de la Fundaci\u00f3n.<\/span><\/p>\n<p><span style=\"font-weight: 400;\">Hasta la marca Adolfo Dom\u00ednguez aport\u00f3 <\/span><span style=\"font-weight: 400;\">para apoyar a los ni\u00f1os con c\u00e1ncer, pues los fondos recaudados en el evento ser\u00e1n donados a la asociaci\u00f3n Civil Lepach AC, para su tratamiento.<\/span><\/p>\n<p><span style=\"font-weight: 400;\">Lepach trabaja con campa\u00f1as en especie para poder procurar fondos, incluso en octubre, me cuenta Beltr\u00e1n Coronel que tienen la campa\u00f1a \u201cUna trenza, un apoyo\u201d, la cual se puede entregar en sus oficinas dentro del Cecan Xalapa a un lado de la Farmacia, de lunes a domingo de 9 de la ma\u00f1ana a 7 de la noche. Recuerden que la trenza debe tener m\u00ednimo 30 cent\u00edmetros; el cabello puede estar te\u00f1ido, mas no decolorado.\u00a0\u00a0<\/span><\/p>\n<p><span style=\"font-weight: 400;\">Ilia coment\u00f3 que este 27 de octubre en el parque de los Berros, en Xalapa, a la altura del Kiosco, estar\u00e1 la Asociaci\u00f3n Lepach Xalapa con el apoyo de peinado express cortando el cabello de manera gratuita para las personas que deseen donar su trenza o pueden llevarla (de 25 cent\u00edmetros en adelante). Piden tambi\u00e9n apoyos como Ensure, pa\u00f1ales de ni\u00f1o o de adulto, hieleras peque\u00f1as para guardar sus medicamentos, as\u00ed como 20 pesos.<\/span><\/p>\n<p><span style=\"font-weight: 400;\">Destac\u00f3 tambi\u00e9n el apoyo que se le dar\u00e1 al peque\u00f1o Jordan para que se le haga su trasplante de m\u00e9dula en la Ciudad de M\u00e9xico.<\/span><\/p>\n<p><span style=\"font-weight: 400;\">Son\u00f3 la m\u00fasica de la banda Gran Colecty y posteriormente el evento fue inaugurado por el regidor d\u00e9cimo de Xalapa, Juan Gabriel Fern\u00e1ndez Garibay.<\/span><\/p>\n<p>Lleg\u00f3 el momento del Fashion Show con la colecci\u00f3n Oto\u00f1o-Invierno de Adolfo Dom\u00ednguez con la destacada participaci\u00f3n de Paola Sierra Chedraui, cuya sonrisa es sin\u00f3nimo de dedicaci\u00f3n y pasi\u00f3n a la vida que logran transcender para crear un mundo mejor.<br \/>\nAdem\u00e1s se\u00a0cont\u00f3\u00a0con la participaci\u00f3n de un joven int\u00e9rprete que es \u00a0claro ejemplo de que podemos cumplir lo que nos propongamos si reunimos los ingredientes indispensables, la pasi\u00f3n por la m\u00fasica, estudio, dedicaci\u00f3n, esfuerzo, amor y sentimiento.\u00a0Con su interpretaci\u00f3n de \u00abUn beso\u00bb (trending topic en redes sociales y esta noche con una noble causa) se hizo presente la voz y presencia de Luis Zorrilla.<\/p>\n<p><span style=\"font-weight: 400;\">Alberto Silva tom\u00f3 a Mateo en brazos y camin\u00f3 con \u00e9l hacia la salida&#8230; trataba de arrullarlo con los acordes de la banda que tocaba&#8230; una faceta no conocida del famoso Cisne.<\/span><\/p>\n<p>&nbsp;<\/p>\n<p><span style=\"font-weight: 400;\">caballero_brenda@hotmail.com<\/span><\/p>\n<p><span style=\"font-weight: 400;\">@NumerosRojos_BC<\/span><\/p>\n<p>&nbsp;<\/p>\n","protected":false},"excerpt":{"rendered":"<p>Brenda Caballero N\u00fameros Rojos \u201cNo ten\u00eda dolor, ni n\u00e1useas, todo fue perfecto para m\u00ed\u201d, dice Cindy Virues al contar el testimonio de vida de su embarazo ante un p\u00fablico que la segu\u00edamos atenta.\u00a0 Nerviosa, caminando de un lado a otro, confes\u00f3 el c\u00f3mo se prepar\u00f3 para la llegada del peque\u00f1o Santiago, al que esperaban ansiosos [&hellip;]<\/p>\n","protected":false},"author":2,"featured_media":50272,"comment_status":"open","ping_status":"open","sticky":false,"template":"","format":"video","meta":{"tdm_status":"","tdm_grid_status":"","footnotes":""},"categories":[70],"tags":[15496,297,15493,15494,15503,15510,15516,15500,15515,15509,15511,15501,8036,15499,15495,15507,15505,15518,15508,15504,15517,15512,15506,14519,15497,15519,11698],"class_list":{"0":"post-50257","1":"post","2":"type-post","3":"status-publish","4":"format-video","5":"has-post-thumbnail","7":"category-de-opinion","8":"tag-cafe-bola-de-oro","9":"tag-cecan","10":"tag-cindy-virues","11":"tag-creando-historias","12":"tag-el-fenix-papelerias","13":"tag-fabiola-acosta","14":"tag-gran-colecty","15":"tag-hotelera-posadas","16":"tag-ilia-maria-beltran-coronel","17":"tag-jaime-fernandez","18":"tag-javier-moreno","19":"tag-jorge-rivera-salon","20":"tag-juan-gabriel-fernandez-garibay","21":"tag-layla-eventos","22":"tag-lepach","23":"tag-leti-aspiazu","24":"tag-luis-eduardo-lopez-hernandez","25":"tag-luis-zorrilla","26":"tag-lulu-hernandez","27":"tag-mujeres-que-inspiran","28":"tag-paola-sierra-chedraui","29":"tag-pedro-trueba","30":"tag-rebeca-aspiazu-ramirez","31":"tag-santiago","32":"tag-sushiitto","33":"tag-un-beso","34":"tag-universidad-anahuac","35":"post_format-post-format-video"},"yoast_head":"<!-- This site is optimized with the Yoast SEO plugin v27.4 - https:\/\/yoast.com\/product\/yoast-seo-wordpress\/ -->\n<title>Creando Historias - Los pol\u00edticos Veracruz<\/title>\n<meta name=\"robots\" content=\"index, follow, max-snippet:-1, max-image-preview:large, max-video-preview:-1\" \/>\n<link rel=\"canonical\" href=\"https:\/\/lospoliticosveracruz.com\/?p=50257\" \/>\n<meta property=\"og:locale\" content=\"es_ES\" \/>\n<meta property=\"og:type\" content=\"article\" \/>\n<meta property=\"og:title\" content=\"Creando Historias - Los pol\u00edticos Veracruz\" \/>\n<meta property=\"og:description\" content=\"Brenda Caballero N\u00fameros Rojos \u201cNo ten\u00eda dolor, ni n\u00e1useas, todo fue perfecto para m\u00ed\u201d, dice Cindy Virues al contar el testimonio de vida de su embarazo ante un p\u00fablico que la segu\u00edamos atenta.\u00a0 Nerviosa, caminando de un lado a otro, confes\u00f3 el c\u00f3mo se prepar\u00f3 para la llegada del peque\u00f1o Santiago, al que esperaban ansiosos [&hellip;]\" \/>\n<meta property=\"og:url\" content=\"https:\/\/lospoliticosveracruz.com\/?p=50257\" \/>\n<meta property=\"og:site_name\" content=\"Los pol\u00edticos Veracruz\" \/>\n<meta property=\"article:publisher\" content=\"https:\/\/www.facebook.com\/people\/Notimemes-de-los-Polticos\/61565672886568\/\" \/>\n<meta property=\"article:published_time\" content=\"2019-10-21T01:39:34+00:00\" \/>\n<meta property=\"og:image\" content=\"https:\/\/lospoliticosveracruz.com\/wp-content\/uploads\/2019\/10\/Creando-Historias-I.jpeg\" \/>\n\t<meta property=\"og:image:width\" content=\"527\" \/>\n\t<meta property=\"og:image:height\" content=\"352\" \/>\n\t<meta property=\"og:image:type\" content=\"image\/jpeg\" \/>\n<meta name=\"author\" content=\"Lo viste en Los Pol\u00edticos\" \/>\n<meta name=\"twitter:card\" content=\"summary_large_image\" \/>\n<meta name=\"twitter:creator\" content=\"@LosPoliticosVer\" \/>\n<meta name=\"twitter:site\" content=\"@LosPoliticosVer\" \/>\n<meta name=\"twitter:label1\" content=\"Escrito por\" \/>\n\t<meta name=\"twitter:data1\" content=\"Lo viste en Los Pol\u00edticos\" \/>\n\t<meta name=\"twitter:label2\" content=\"Tiempo de lectura\" \/>\n\t<meta name=\"twitter:data2\" content=\"5 minutos\" \/>\n<script type=\"application\/ld+json\" class=\"yoast-schema-graph\">{\"@context\":\"https:\\\/\\\/schema.org\",\"@graph\":[{\"@type\":\"Article\",\"@id\":\"https:\\\/\\\/lospoliticosveracruz.com\\\/?p=50257#article\",\"isPartOf\":{\"@id\":\"https:\\\/\\\/lospoliticosveracruz.com\\\/?p=50257\"},\"author\":{\"name\":\"Lo viste en Los Pol\u00edticos\",\"@id\":\"https:\\\/\\\/lospoliticosveracruz.com\\\/#\\\/schema\\\/person\\\/b8702bb0e538456e6efd07080bf2a4a2\"},\"headline\":\"Creando Historias\",\"datePublished\":\"2019-10-21T01:39:34+00:00\",\"mainEntityOfPage\":{\"@id\":\"https:\\\/\\\/lospoliticosveracruz.com\\\/?p=50257\"},\"wordCount\":1034,\"commentCount\":0,\"publisher\":{\"@id\":\"https:\\\/\\\/lospoliticosveracruz.com\\\/#organization\"},\"image\":{\"@id\":\"https:\\\/\\\/lospoliticosveracruz.com\\\/?p=50257#primaryimage\"},\"thumbnailUrl\":\"https:\\\/\\\/lospoliticosveracruz.com\\\/wp-content\\\/uploads\\\/2019\\\/10\\\/Creando-Historias-I.jpeg\",\"keywords\":[\"Caf\u00e9 Bola de Oro\",\"Cecan\",\"Cindy Virues\",\"Creando Historias\",\"El F\u00e9nix papeler\u00edas\",\"Fabiola Acosta\",\"Gran Colecty\",\"Hotelera Posadas\",\"Ilia Mar\u00eda Beltr\u00e1n Coronel\",\"Jaime Fern\u00e1ndez\",\"Javier Moreno\",\"Jorge Rivera Sal\u00f3n\",\"Juan Gabriel Fern\u00e1ndez Garibay\",\"Layla Eventos\",\"Lepach\",\"Leti Aspiazu\",\"Luis Eduardo L\u00f3pez Hern\u00e1ndez\",\"Luis Zorrilla\",\"Lul\u00fa Hern\u00e1ndez\",\"Mujeres que Inspiran\",\"Paola Sierra Chedraui\",\"Pedro Trueba\",\"Rebeca Aspiazu Ram\u00edrez\",\"Santiago\",\"Sushiitto\",\"Un beso\",\"Universidad An\u00e1huac\"],\"articleSection\":[\"De Opini\u00f3n\"],\"inLanguage\":\"es\",\"potentialAction\":[{\"@type\":\"CommentAction\",\"name\":\"Comment\",\"target\":[\"https:\\\/\\\/lospoliticosveracruz.com\\\/?p=50257#respond\"]}]},{\"@type\":\"WebPage\",\"@id\":\"https:\\\/\\\/lospoliticosveracruz.com\\\/?p=50257\",\"url\":\"https:\\\/\\\/lospoliticosveracruz.com\\\/?p=50257\",\"name\":\"Creando Historias - Los pol\u00edticos Veracruz\",\"isPartOf\":{\"@id\":\"https:\\\/\\\/lospoliticosveracruz.com\\\/#website\"},\"primaryImageOfPage\":{\"@id\":\"https:\\\/\\\/lospoliticosveracruz.com\\\/?p=50257#primaryimage\"},\"image\":{\"@id\":\"https:\\\/\\\/lospoliticosveracruz.com\\\/?p=50257#primaryimage\"},\"thumbnailUrl\":\"https:\\\/\\\/lospoliticosveracruz.com\\\/wp-content\\\/uploads\\\/2019\\\/10\\\/Creando-Historias-I.jpeg\",\"datePublished\":\"2019-10-21T01:39:34+00:00\",\"breadcrumb\":{\"@id\":\"https:\\\/\\\/lospoliticosveracruz.com\\\/?p=50257#breadcrumb\"},\"inLanguage\":\"es\",\"potentialAction\":[{\"@type\":\"ReadAction\",\"target\":[\"https:\\\/\\\/lospoliticosveracruz.com\\\/?p=50257\"]}]},{\"@type\":\"ImageObject\",\"inLanguage\":\"es\",\"@id\":\"https:\\\/\\\/lospoliticosveracruz.com\\\/?p=50257#primaryimage\",\"url\":\"https:\\\/\\\/lospoliticosveracruz.com\\\/wp-content\\\/uploads\\\/2019\\\/10\\\/Creando-Historias-I.jpeg\",\"contentUrl\":\"https:\\\/\\\/lospoliticosveracruz.com\\\/wp-content\\\/uploads\\\/2019\\\/10\\\/Creando-Historias-I.jpeg\",\"width\":527,\"height\":352},{\"@type\":\"BreadcrumbList\",\"@id\":\"https:\\\/\\\/lospoliticosveracruz.com\\\/?p=50257#breadcrumb\",\"itemListElement\":[{\"@type\":\"ListItem\",\"position\":1,\"name\":\"Portada\",\"item\":\"https:\\\/\\\/lospoliticosveracruz.com\\\/\"},{\"@type\":\"ListItem\",\"position\":2,\"name\":\"Creando Historias\"}]},{\"@type\":\"WebSite\",\"@id\":\"https:\\\/\\\/lospoliticosveracruz.com\\\/#website\",\"url\":\"https:\\\/\\\/lospoliticosveracruz.com\\\/\",\"name\":\"Los pol\u00edticos Veracruz\",\"description\":\"\",\"publisher\":{\"@id\":\"https:\\\/\\\/lospoliticosveracruz.com\\\/#organization\"},\"potentialAction\":[{\"@type\":\"SearchAction\",\"target\":{\"@type\":\"EntryPoint\",\"urlTemplate\":\"https:\\\/\\\/lospoliticosveracruz.com\\\/?s={search_term_string}\"},\"query-input\":{\"@type\":\"PropertyValueSpecification\",\"valueRequired\":true,\"valueName\":\"search_term_string\"}}],\"inLanguage\":\"es\"},{\"@type\":\"Organization\",\"@id\":\"https:\\\/\\\/lospoliticosveracruz.com\\\/#organization\",\"name\":\"Los pol\u00edticos Veracruz\",\"url\":\"https:\\\/\\\/lospoliticosveracruz.com\\\/\",\"logo\":{\"@type\":\"ImageObject\",\"inLanguage\":\"es\",\"@id\":\"https:\\\/\\\/lospoliticosveracruz.com\\\/#\\\/schema\\\/logo\\\/image\\\/\",\"url\":\"https:\\\/\\\/lospoliticosveracruz.com\\\/wp-content\\\/uploads\\\/2025\\\/12\\\/Logo-Nuevo-LOS-POLITICOS-1.jpg\",\"contentUrl\":\"https:\\\/\\\/lospoliticosveracruz.com\\\/wp-content\\\/uploads\\\/2025\\\/12\\\/Logo-Nuevo-LOS-POLITICOS-1.jpg\",\"width\":260,\"height\":70,\"caption\":\"Los pol\u00edticos Veracruz\"},\"image\":{\"@id\":\"https:\\\/\\\/lospoliticosveracruz.com\\\/#\\\/schema\\\/logo\\\/image\\\/\"},\"sameAs\":[\"https:\\\/\\\/www.facebook.com\\\/people\\\/Notimemes-de-los-Polticos\\\/61565672886568\\\/\",\"https:\\\/\\\/x.com\\\/LosPoliticosVer\"]},{\"@type\":\"Person\",\"@id\":\"https:\\\/\\\/lospoliticosveracruz.com\\\/#\\\/schema\\\/person\\\/b8702bb0e538456e6efd07080bf2a4a2\",\"name\":\"Lo viste en Los Pol\u00edticos\",\"image\":{\"@type\":\"ImageObject\",\"inLanguage\":\"es\",\"@id\":\"https:\\\/\\\/secure.gravatar.com\\\/avatar\\\/3a8de04a2656d44082be478bd6c086daa447c4651605818287b9532d3d0bd435?s=96&d=mm&r=g\",\"url\":\"https:\\\/\\\/secure.gravatar.com\\\/avatar\\\/3a8de04a2656d44082be478bd6c086daa447c4651605818287b9532d3d0bd435?s=96&d=mm&r=g\",\"contentUrl\":\"https:\\\/\\\/secure.gravatar.com\\\/avatar\\\/3a8de04a2656d44082be478bd6c086daa447c4651605818287b9532d3d0bd435?s=96&d=mm&r=g\",\"caption\":\"Lo viste en Los Pol\u00edticos\"},\"url\":\"https:\\\/\\\/lospoliticosveracruz.com\\\/?author=2\"}]}<\/script>\n<!-- \/ Yoast SEO plugin. -->","yoast_head_json":{"title":"Creando Historias - Los pol\u00edticos Veracruz","robots":{"index":"index","follow":"follow","max-snippet":"max-snippet:-1","max-image-preview":"max-image-preview:large","max-video-preview":"max-video-preview:-1"},"canonical":"https:\/\/lospoliticosveracruz.com\/?p=50257","og_locale":"es_ES","og_type":"article","og_title":"Creando Historias - Los pol\u00edticos Veracruz","og_description":"Brenda Caballero N\u00fameros Rojos \u201cNo ten\u00eda dolor, ni n\u00e1useas, todo fue perfecto para m\u00ed\u201d, dice Cindy Virues al contar el testimonio de vida de su embarazo ante un p\u00fablico que la segu\u00edamos atenta.\u00a0 Nerviosa, caminando de un lado a otro, confes\u00f3 el c\u00f3mo se prepar\u00f3 para la llegada del peque\u00f1o Santiago, al que esperaban ansiosos [&hellip;]","og_url":"https:\/\/lospoliticosveracruz.com\/?p=50257","og_site_name":"Los pol\u00edticos Veracruz","article_publisher":"https:\/\/www.facebook.com\/people\/Notimemes-de-los-Polticos\/61565672886568\/","article_published_time":"2019-10-21T01:39:34+00:00","og_image":[{"width":527,"height":352,"url":"https:\/\/lospoliticosveracruz.com\/wp-content\/uploads\/2019\/10\/Creando-Historias-I.jpeg","type":"image\/jpeg"}],"author":"Lo viste en Los Pol\u00edticos","twitter_card":"summary_large_image","twitter_creator":"@LosPoliticosVer","twitter_site":"@LosPoliticosVer","twitter_misc":{"Escrito por":"Lo viste en Los Pol\u00edticos","Tiempo de lectura":"5 minutos"},"schema":{"@context":"https:\/\/schema.org","@graph":[{"@type":"Article","@id":"https:\/\/lospoliticosveracruz.com\/?p=50257#article","isPartOf":{"@id":"https:\/\/lospoliticosveracruz.com\/?p=50257"},"author":{"name":"Lo viste en Los Pol\u00edticos","@id":"https:\/\/lospoliticosveracruz.com\/#\/schema\/person\/b8702bb0e538456e6efd07080bf2a4a2"},"headline":"Creando Historias","datePublished":"2019-10-21T01:39:34+00:00","mainEntityOfPage":{"@id":"https:\/\/lospoliticosveracruz.com\/?p=50257"},"wordCount":1034,"commentCount":0,"publisher":{"@id":"https:\/\/lospoliticosveracruz.com\/#organization"},"image":{"@id":"https:\/\/lospoliticosveracruz.com\/?p=50257#primaryimage"},"thumbnailUrl":"https:\/\/lospoliticosveracruz.com\/wp-content\/uploads\/2019\/10\/Creando-Historias-I.jpeg","keywords":["Caf\u00e9 Bola de Oro","Cecan","Cindy Virues","Creando Historias","El F\u00e9nix papeler\u00edas","Fabiola Acosta","Gran Colecty","Hotelera Posadas","Ilia Mar\u00eda Beltr\u00e1n Coronel","Jaime Fern\u00e1ndez","Javier Moreno","Jorge Rivera Sal\u00f3n","Juan Gabriel Fern\u00e1ndez Garibay","Layla Eventos","Lepach","Leti Aspiazu","Luis Eduardo L\u00f3pez Hern\u00e1ndez","Luis Zorrilla","Lul\u00fa Hern\u00e1ndez","Mujeres que Inspiran","Paola Sierra Chedraui","Pedro Trueba","Rebeca Aspiazu Ram\u00edrez","Santiago","Sushiitto","Un beso","Universidad An\u00e1huac"],"articleSection":["De Opini\u00f3n"],"inLanguage":"es","potentialAction":[{"@type":"CommentAction","name":"Comment","target":["https:\/\/lospoliticosveracruz.com\/?p=50257#respond"]}]},{"@type":"WebPage","@id":"https:\/\/lospoliticosveracruz.com\/?p=50257","url":"https:\/\/lospoliticosveracruz.com\/?p=50257","name":"Creando Historias - Los pol\u00edticos Veracruz","isPartOf":{"@id":"https:\/\/lospoliticosveracruz.com\/#website"},"primaryImageOfPage":{"@id":"https:\/\/lospoliticosveracruz.com\/?p=50257#primaryimage"},"image":{"@id":"https:\/\/lospoliticosveracruz.com\/?p=50257#primaryimage"},"thumbnailUrl":"https:\/\/lospoliticosveracruz.com\/wp-content\/uploads\/2019\/10\/Creando-Historias-I.jpeg","datePublished":"2019-10-21T01:39:34+00:00","breadcrumb":{"@id":"https:\/\/lospoliticosveracruz.com\/?p=50257#breadcrumb"},"inLanguage":"es","potentialAction":[{"@type":"ReadAction","target":["https:\/\/lospoliticosveracruz.com\/?p=50257"]}]},{"@type":"ImageObject","inLanguage":"es","@id":"https:\/\/lospoliticosveracruz.com\/?p=50257#primaryimage","url":"https:\/\/lospoliticosveracruz.com\/wp-content\/uploads\/2019\/10\/Creando-Historias-I.jpeg","contentUrl":"https:\/\/lospoliticosveracruz.com\/wp-content\/uploads\/2019\/10\/Creando-Historias-I.jpeg","width":527,"height":352},{"@type":"BreadcrumbList","@id":"https:\/\/lospoliticosveracruz.com\/?p=50257#breadcrumb","itemListElement":[{"@type":"ListItem","position":1,"name":"Portada","item":"https:\/\/lospoliticosveracruz.com\/"},{"@type":"ListItem","position":2,"name":"Creando Historias"}]},{"@type":"WebSite","@id":"https:\/\/lospoliticosveracruz.com\/#website","url":"https:\/\/lospoliticosveracruz.com\/","name":"Los pol\u00edticos Veracruz","description":"","publisher":{"@id":"https:\/\/lospoliticosveracruz.com\/#organization"},"potentialAction":[{"@type":"SearchAction","target":{"@type":"EntryPoint","urlTemplate":"https:\/\/lospoliticosveracruz.com\/?s={search_term_string}"},"query-input":{"@type":"PropertyValueSpecification","valueRequired":true,"valueName":"search_term_string"}}],"inLanguage":"es"},{"@type":"Organization","@id":"https:\/\/lospoliticosveracruz.com\/#organization","name":"Los pol\u00edticos Veracruz","url":"https:\/\/lospoliticosveracruz.com\/","logo":{"@type":"ImageObject","inLanguage":"es","@id":"https:\/\/lospoliticosveracruz.com\/#\/schema\/logo\/image\/","url":"https:\/\/lospoliticosveracruz.com\/wp-content\/uploads\/2025\/12\/Logo-Nuevo-LOS-POLITICOS-1.jpg","contentUrl":"https:\/\/lospoliticosveracruz.com\/wp-content\/uploads\/2025\/12\/Logo-Nuevo-LOS-POLITICOS-1.jpg","width":260,"height":70,"caption":"Los pol\u00edticos Veracruz"},"image":{"@id":"https:\/\/lospoliticosveracruz.com\/#\/schema\/logo\/image\/"},"sameAs":["https:\/\/www.facebook.com\/people\/Notimemes-de-los-Polticos\/61565672886568\/","https:\/\/x.com\/LosPoliticosVer"]},{"@type":"Person","@id":"https:\/\/lospoliticosveracruz.com\/#\/schema\/person\/b8702bb0e538456e6efd07080bf2a4a2","name":"Lo viste en Los Pol\u00edticos","image":{"@type":"ImageObject","inLanguage":"es","@id":"https:\/\/secure.gravatar.com\/avatar\/3a8de04a2656d44082be478bd6c086daa447c4651605818287b9532d3d0bd435?s=96&d=mm&r=g","url":"https:\/\/secure.gravatar.com\/avatar\/3a8de04a2656d44082be478bd6c086daa447c4651605818287b9532d3d0bd435?s=96&d=mm&r=g","contentUrl":"https:\/\/secure.gravatar.com\/avatar\/3a8de04a2656d44082be478bd6c086daa447c4651605818287b9532d3d0bd435?s=96&d=mm&r=g","caption":"Lo viste en Los Pol\u00edticos"},"url":"https:\/\/lospoliticosveracruz.com\/?author=2"}]}},"_links":{"self":[{"href":"https:\/\/lospoliticosveracruz.com\/index.php?rest_route=\/wp\/v2\/posts\/50257","targetHints":{"allow":["GET"]}}],"collection":[{"href":"https:\/\/lospoliticosveracruz.com\/index.php?rest_route=\/wp\/v2\/posts"}],"about":[{"href":"https:\/\/lospoliticosveracruz.com\/index.php?rest_route=\/wp\/v2\/types\/post"}],"author":[{"embeddable":true,"href":"https:\/\/lospoliticosveracruz.com\/index.php?rest_route=\/wp\/v2\/users\/2"}],"replies":[{"embeddable":true,"href":"https:\/\/lospoliticosveracruz.com\/index.php?rest_route=%2Fwp%2Fv2%2Fcomments&post=50257"}],"version-history":[{"count":2,"href":"https:\/\/lospoliticosveracruz.com\/index.php?rest_route=\/wp\/v2\/posts\/50257\/revisions"}],"predecessor-version":[{"id":50271,"href":"https:\/\/lospoliticosveracruz.com\/index.php?rest_route=\/wp\/v2\/posts\/50257\/revisions\/50271"}],"wp:featuredmedia":[{"embeddable":true,"href":"https:\/\/lospoliticosveracruz.com\/index.php?rest_route=\/wp\/v2\/media\/50272"}],"wp:attachment":[{"href":"https:\/\/lospoliticosveracruz.com\/index.php?rest_route=%2Fwp%2Fv2%2Fmedia&parent=50257"}],"wp:term":[{"taxonomy":"category","embeddable":true,"href":"https:\/\/lospoliticosveracruz.com\/index.php?rest_route=%2Fwp%2Fv2%2Fcategories&post=50257"},{"taxonomy":"post_tag","embeddable":true,"href":"https:\/\/lospoliticosveracruz.com\/index.php?rest_route=%2Fwp%2Fv2%2Ftags&post=50257"}],"curies":[{"name":"wp","href":"https:\/\/api.w.org\/{rel}","templated":true}]}}