{"id":50274,"date":"2019-10-21T08:05:11","date_gmt":"2019-10-21T13:05:11","guid":{"rendered":"http:\/\/www.lospoliticosveracruz.com.mx\/?p=50274"},"modified":"2019-10-21T08:05:11","modified_gmt":"2019-10-21T13:05:11","slug":"defensor-municipal-de-derechos-humanos","status":"publish","type":"post","link":"https:\/\/lospoliticosveracruz.com\/?p=50274","title":{"rendered":"Defensor municipal de derechos humanos"},"content":{"rendered":"<p><strong>Enrique Yasser Pompeyo<\/strong><\/p>\n<p><em>Mesa de Redacci\u00f3n<\/em><\/p>\n<p>Ante las constantes denuncias por violaciones a los derechos humanos en el estado de Veracruz, hay quienes proponen crear la figura de un defensor municipal para dar una atenci\u00f3n m\u00e1s directa a los ciudadanos y tambi\u00e9n para reforzar el trabajo de la Comisi\u00f3n Estatal de Derechos Humanos (CEDH).<\/p>\n<p>El tema no es nuevo. En el Estado de M\u00e9xico ya existe una Defensor\u00eda Municipal desde 1999.<\/p>\n<p>Aqu\u00ed en Veracruz, un grupo de ciudadanos llev\u00f3 la propuesta al Congreso del Estado en junio de 2017, pero desafortunadamente no prosper\u00f3.<\/p>\n<p>En noviembre de 2018, se present\u00f3 una iniciativa ciudadana ante la CEDH y tampoco se ha obtenido una respuesta favorable.<\/p>\n<p>La asociaci\u00f3n civil &#8216;Comit\u00e9 de Difusi\u00f3n de los Derechos Humanos&#8217; que encabeza Alberto Salceda Morantes ha buscado el acercamiento con los diputados locales y con la presidenta de la CEDH, Namiko Matzumoto Ben\u00edtez.<\/p>\n<p>Pese a que se han realizado dos foros, uno en la Universidad Veracruzana y otro en el Palacio Legislativo, no se ha logrado concretar la propuesta.<\/p>\n<p>Para ello, se requiere que los legisladores realicen las modificaciones correspondientes a la Ley Org\u00e1nica del Municipio Libre.<\/p>\n<p>La figura de la Defensor\u00eda Municipal de Derechos Humanos se constituir\u00eda como un \u00f3rgano aut\u00f3nomo del Ayuntamiento, con presupuesto propio y cuyas funciones ser\u00edan brindar asesor\u00eda a la poblaci\u00f3n respecto a la protecci\u00f3n de sus derechos, ante qui\u00e9n iniciar una queja por posibles violaciones y brindarles acompa\u00f1amiento en el proceso.<\/p>\n<p>La Comisi\u00f3n Estatal de Derechos Humanos cuenta s\u00f3lo con diez delegaciones &#8211; Coatzacoalcos, Tuxpan, C\u00f3rdoba, P\u00e1nuco, Veracruz, Xalapa, Chicontepec, Papantla, Zongolica y Acayucan- que brindan servicios a los 212 municipios.<\/p>\n<p>De ah\u00ed la necesidad de que esta figura se formalice, pues permitir\u00eda que los habitantes ya no se trasladaran a otras ciudades, no perdieran tiempo y dinero, adem\u00e1s de que agilizar\u00eda las denuncias sin tanta burocracia.<\/p>\n<p>Se trata de un tema de voluntad pol\u00edtica y est\u00e1 en manos de los diputados concretarlo; adem\u00e1s de dar cumplimiento a lo que establece la Constituci\u00f3n Pol\u00edtica de los Estados Unidos Mexicanos en su art\u00edculo primero.<\/p>\n<p>DIPUTADOS FEDERALES ACUDEN AL CONGRESO<\/p>\n<p>Este lunes, en punto de las 11 de la ma\u00f1ana, legisladores federales acudir\u00e1n al Congreso del Estado para hablar sobre el trabajo que han hecho en la C\u00e1mara de Diputados. A ver qu\u00e9 informan.<\/p>\n<p>enriquepompeyo@hotmail.com<\/p>\n","protected":false},"excerpt":{"rendered":"<p>Enrique Yasser Pompeyo Mesa de Redacci\u00f3n Ante las constantes denuncias por violaciones a los derechos humanos en el estado de Veracruz, hay quienes proponen crear la figura de un defensor municipal para dar una atenci\u00f3n m\u00e1s directa a los ciudadanos y tambi\u00e9n para reforzar el trabajo de la Comisi\u00f3n Estatal de Derechos Humanos (CEDH). El [&hellip;]<\/p>\n","protected":false},"author":2,"featured_media":50275,"comment_status":"open","ping_status":"open","sticky":false,"template":"","format":"standard","meta":{"tdm_status":"","tdm_grid_status":"","footnotes":""},"categories":[70],"tags":[4813,331,15521,4430,15477,10253,4389,219,195],"class_list":{"0":"post-50274","1":"post","2":"type-post","3":"status-publish","4":"format-standard","5":"has-post-thumbnail","7":"category-de-opinion","8":"tag-cedh","9":"tag-congreso-del-estado","10":"tag-defensoria-municipal-de-derechos-humanos","11":"tag-derechos-humanos","12":"tag-enrique-yasser-pompeyo","13":"tag-ley-organica-del-municipio-libre","14":"tag-namiko-matzumoto-benitez","15":"tag-universidad-veracruzana","16":"tag-veracruz"},"yoast_head":"<!-- This site is optimized with the Yoast SEO plugin v27.4 - https:\/\/yoast.com\/product\/yoast-seo-wordpress\/ -->\n<title>Defensor municipal de derechos humanos - Los pol\u00edticos Veracruz<\/title>\n<meta name=\"robots\" content=\"index, follow, max-snippet:-1, max-image-preview:large, max-video-preview:-1\" \/>\n<link rel=\"canonical\" href=\"https:\/\/lospoliticosveracruz.com\/?p=50274\" \/>\n<meta property=\"og:locale\" content=\"es_ES\" \/>\n<meta property=\"og:type\" content=\"article\" \/>\n<meta property=\"og:title\" content=\"Defensor municipal de derechos humanos - Los pol\u00edticos Veracruz\" \/>\n<meta property=\"og:description\" content=\"Enrique Yasser Pompeyo Mesa de Redacci\u00f3n Ante las constantes denuncias por violaciones a los derechos humanos en el estado de Veracruz, hay quienes proponen crear la figura de un defensor municipal para dar una atenci\u00f3n m\u00e1s directa a los ciudadanos y tambi\u00e9n para reforzar el trabajo de la Comisi\u00f3n Estatal de Derechos Humanos (CEDH). El [&hellip;]\" \/>\n<meta property=\"og:url\" content=\"https:\/\/lospoliticosveracruz.com\/?p=50274\" \/>\n<meta property=\"og:site_name\" content=\"Los pol\u00edticos Veracruz\" \/>\n<meta property=\"article:publisher\" content=\"https:\/\/www.facebook.com\/people\/Notimemes-de-los-Polticos\/61565672886568\/\" \/>\n<meta property=\"article:published_time\" content=\"2019-10-21T13:05:11+00:00\" \/>\n<meta property=\"og:image\" content=\"https:\/\/lospoliticosveracruz.com\/wp-content\/uploads\/2019\/10\/Alberto-Salceda-Morantes.jpeg\" \/>\n\t<meta property=\"og:image:width\" content=\"600\" \/>\n\t<meta property=\"og:image:height\" content=\"387\" \/>\n\t<meta property=\"og:image:type\" content=\"image\/jpeg\" \/>\n<meta name=\"author\" content=\"Lo viste en Los Pol\u00edticos\" \/>\n<meta name=\"twitter:card\" content=\"summary_large_image\" \/>\n<meta name=\"twitter:creator\" content=\"@LosPoliticosVer\" \/>\n<meta name=\"twitter:site\" content=\"@LosPoliticosVer\" \/>\n<meta name=\"twitter:label1\" content=\"Escrito por\" \/>\n\t<meta name=\"twitter:data1\" content=\"Lo viste en Los Pol\u00edticos\" \/>\n\t<meta name=\"twitter:label2\" content=\"Tiempo de lectura\" \/>\n\t<meta name=\"twitter:data2\" content=\"2 minutos\" \/>\n<script type=\"application\/ld+json\" class=\"yoast-schema-graph\">{\"@context\":\"https:\\\/\\\/schema.org\",\"@graph\":[{\"@type\":\"Article\",\"@id\":\"https:\\\/\\\/lospoliticosveracruz.com\\\/?p=50274#article\",\"isPartOf\":{\"@id\":\"https:\\\/\\\/lospoliticosveracruz.com\\\/?p=50274\"},\"author\":{\"name\":\"Lo viste en Los Pol\u00edticos\",\"@id\":\"https:\\\/\\\/lospoliticosveracruz.com\\\/#\\\/schema\\\/person\\\/b8702bb0e538456e6efd07080bf2a4a2\"},\"headline\":\"Defensor municipal de derechos humanos\",\"datePublished\":\"2019-10-21T13:05:11+00:00\",\"mainEntityOfPage\":{\"@id\":\"https:\\\/\\\/lospoliticosveracruz.com\\\/?p=50274\"},\"wordCount\":419,\"commentCount\":0,\"publisher\":{\"@id\":\"https:\\\/\\\/lospoliticosveracruz.com\\\/#organization\"},\"image\":{\"@id\":\"https:\\\/\\\/lospoliticosveracruz.com\\\/?p=50274#primaryimage\"},\"thumbnailUrl\":\"https:\\\/\\\/lospoliticosveracruz.com\\\/wp-content\\\/uploads\\\/2019\\\/10\\\/Alberto-Salceda-Morantes.jpeg\",\"keywords\":[\"CEDH\",\"Congreso del Estado\",\"Defensor\u00eda Municipal de Derechos Humanos\",\"derechos humanos\",\"Enrique Yasser Pompeyo\",\"Ley Org\u00e1nica del Municipio Libre\",\"Namiko Matzumoto Ben\u00edtez\",\"Universidad Veracruzana\",\"Veracruz\"],\"articleSection\":[\"De Opini\u00f3n\"],\"inLanguage\":\"es\",\"potentialAction\":[{\"@type\":\"CommentAction\",\"name\":\"Comment\",\"target\":[\"https:\\\/\\\/lospoliticosveracruz.com\\\/?p=50274#respond\"]}]},{\"@type\":\"WebPage\",\"@id\":\"https:\\\/\\\/lospoliticosveracruz.com\\\/?p=50274\",\"url\":\"https:\\\/\\\/lospoliticosveracruz.com\\\/?p=50274\",\"name\":\"Defensor municipal de derechos humanos - Los pol\u00edticos Veracruz\",\"isPartOf\":{\"@id\":\"https:\\\/\\\/lospoliticosveracruz.com\\\/#website\"},\"primaryImageOfPage\":{\"@id\":\"https:\\\/\\\/lospoliticosveracruz.com\\\/?p=50274#primaryimage\"},\"image\":{\"@id\":\"https:\\\/\\\/lospoliticosveracruz.com\\\/?p=50274#primaryimage\"},\"thumbnailUrl\":\"https:\\\/\\\/lospoliticosveracruz.com\\\/wp-content\\\/uploads\\\/2019\\\/10\\\/Alberto-Salceda-Morantes.jpeg\",\"datePublished\":\"2019-10-21T13:05:11+00:00\",\"breadcrumb\":{\"@id\":\"https:\\\/\\\/lospoliticosveracruz.com\\\/?p=50274#breadcrumb\"},\"inLanguage\":\"es\",\"potentialAction\":[{\"@type\":\"ReadAction\",\"target\":[\"https:\\\/\\\/lospoliticosveracruz.com\\\/?p=50274\"]}]},{\"@type\":\"ImageObject\",\"inLanguage\":\"es\",\"@id\":\"https:\\\/\\\/lospoliticosveracruz.com\\\/?p=50274#primaryimage\",\"url\":\"https:\\\/\\\/lospoliticosveracruz.com\\\/wp-content\\\/uploads\\\/2019\\\/10\\\/Alberto-Salceda-Morantes.jpeg\",\"contentUrl\":\"https:\\\/\\\/lospoliticosveracruz.com\\\/wp-content\\\/uploads\\\/2019\\\/10\\\/Alberto-Salceda-Morantes.jpeg\",\"width\":600,\"height\":387},{\"@type\":\"BreadcrumbList\",\"@id\":\"https:\\\/\\\/lospoliticosveracruz.com\\\/?p=50274#breadcrumb\",\"itemListElement\":[{\"@type\":\"ListItem\",\"position\":1,\"name\":\"Portada\",\"item\":\"https:\\\/\\\/lospoliticosveracruz.com\\\/\"},{\"@type\":\"ListItem\",\"position\":2,\"name\":\"Defensor municipal de derechos humanos\"}]},{\"@type\":\"WebSite\",\"@id\":\"https:\\\/\\\/lospoliticosveracruz.com\\\/#website\",\"url\":\"https:\\\/\\\/lospoliticosveracruz.com\\\/\",\"name\":\"Los pol\u00edticos Veracruz\",\"description\":\"\",\"publisher\":{\"@id\":\"https:\\\/\\\/lospoliticosveracruz.com\\\/#organization\"},\"potentialAction\":[{\"@type\":\"SearchAction\",\"target\":{\"@type\":\"EntryPoint\",\"urlTemplate\":\"https:\\\/\\\/lospoliticosveracruz.com\\\/?s={search_term_string}\"},\"query-input\":{\"@type\":\"PropertyValueSpecification\",\"valueRequired\":true,\"valueName\":\"search_term_string\"}}],\"inLanguage\":\"es\"},{\"@type\":\"Organization\",\"@id\":\"https:\\\/\\\/lospoliticosveracruz.com\\\/#organization\",\"name\":\"Los pol\u00edticos Veracruz\",\"url\":\"https:\\\/\\\/lospoliticosveracruz.com\\\/\",\"logo\":{\"@type\":\"ImageObject\",\"inLanguage\":\"es\",\"@id\":\"https:\\\/\\\/lospoliticosveracruz.com\\\/#\\\/schema\\\/logo\\\/image\\\/\",\"url\":\"https:\\\/\\\/lospoliticosveracruz.com\\\/wp-content\\\/uploads\\\/2025\\\/12\\\/Logo-Nuevo-LOS-POLITICOS-1.jpg\",\"contentUrl\":\"https:\\\/\\\/lospoliticosveracruz.com\\\/wp-content\\\/uploads\\\/2025\\\/12\\\/Logo-Nuevo-LOS-POLITICOS-1.jpg\",\"width\":260,\"height\":70,\"caption\":\"Los pol\u00edticos Veracruz\"},\"image\":{\"@id\":\"https:\\\/\\\/lospoliticosveracruz.com\\\/#\\\/schema\\\/logo\\\/image\\\/\"},\"sameAs\":[\"https:\\\/\\\/www.facebook.com\\\/people\\\/Notimemes-de-los-Polticos\\\/61565672886568\\\/\",\"https:\\\/\\\/x.com\\\/LosPoliticosVer\"]},{\"@type\":\"Person\",\"@id\":\"https:\\\/\\\/lospoliticosveracruz.com\\\/#\\\/schema\\\/person\\\/b8702bb0e538456e6efd07080bf2a4a2\",\"name\":\"Lo viste en Los Pol\u00edticos\",\"image\":{\"@type\":\"ImageObject\",\"inLanguage\":\"es\",\"@id\":\"https:\\\/\\\/secure.gravatar.com\\\/avatar\\\/3a8de04a2656d44082be478bd6c086daa447c4651605818287b9532d3d0bd435?s=96&d=mm&r=g\",\"url\":\"https:\\\/\\\/secure.gravatar.com\\\/avatar\\\/3a8de04a2656d44082be478bd6c086daa447c4651605818287b9532d3d0bd435?s=96&d=mm&r=g\",\"contentUrl\":\"https:\\\/\\\/secure.gravatar.com\\\/avatar\\\/3a8de04a2656d44082be478bd6c086daa447c4651605818287b9532d3d0bd435?s=96&d=mm&r=g\",\"caption\":\"Lo viste en Los Pol\u00edticos\"},\"url\":\"https:\\\/\\\/lospoliticosveracruz.com\\\/?author=2\"}]}<\/script>\n<!-- \/ Yoast SEO plugin. -->","yoast_head_json":{"title":"Defensor municipal de derechos humanos - Los pol\u00edticos Veracruz","robots":{"index":"index","follow":"follow","max-snippet":"max-snippet:-1","max-image-preview":"max-image-preview:large","max-video-preview":"max-video-preview:-1"},"canonical":"https:\/\/lospoliticosveracruz.com\/?p=50274","og_locale":"es_ES","og_type":"article","og_title":"Defensor municipal de derechos humanos - Los pol\u00edticos Veracruz","og_description":"Enrique Yasser Pompeyo Mesa de Redacci\u00f3n Ante las constantes denuncias por violaciones a los derechos humanos en el estado de Veracruz, hay quienes proponen crear la figura de un defensor municipal para dar una atenci\u00f3n m\u00e1s directa a los ciudadanos y tambi\u00e9n para reforzar el trabajo de la Comisi\u00f3n Estatal de Derechos Humanos (CEDH). El [&hellip;]","og_url":"https:\/\/lospoliticosveracruz.com\/?p=50274","og_site_name":"Los pol\u00edticos Veracruz","article_publisher":"https:\/\/www.facebook.com\/people\/Notimemes-de-los-Polticos\/61565672886568\/","article_published_time":"2019-10-21T13:05:11+00:00","og_image":[{"width":600,"height":387,"url":"https:\/\/lospoliticosveracruz.com\/wp-content\/uploads\/2019\/10\/Alberto-Salceda-Morantes.jpeg","type":"image\/jpeg"}],"author":"Lo viste en Los Pol\u00edticos","twitter_card":"summary_large_image","twitter_creator":"@LosPoliticosVer","twitter_site":"@LosPoliticosVer","twitter_misc":{"Escrito por":"Lo viste en Los Pol\u00edticos","Tiempo de lectura":"2 minutos"},"schema":{"@context":"https:\/\/schema.org","@graph":[{"@type":"Article","@id":"https:\/\/lospoliticosveracruz.com\/?p=50274#article","isPartOf":{"@id":"https:\/\/lospoliticosveracruz.com\/?p=50274"},"author":{"name":"Lo viste en Los Pol\u00edticos","@id":"https:\/\/lospoliticosveracruz.com\/#\/schema\/person\/b8702bb0e538456e6efd07080bf2a4a2"},"headline":"Defensor municipal de derechos humanos","datePublished":"2019-10-21T13:05:11+00:00","mainEntityOfPage":{"@id":"https:\/\/lospoliticosveracruz.com\/?p=50274"},"wordCount":419,"commentCount":0,"publisher":{"@id":"https:\/\/lospoliticosveracruz.com\/#organization"},"image":{"@id":"https:\/\/lospoliticosveracruz.com\/?p=50274#primaryimage"},"thumbnailUrl":"https:\/\/lospoliticosveracruz.com\/wp-content\/uploads\/2019\/10\/Alberto-Salceda-Morantes.jpeg","keywords":["CEDH","Congreso del Estado","Defensor\u00eda Municipal de Derechos Humanos","derechos humanos","Enrique Yasser Pompeyo","Ley Org\u00e1nica del Municipio Libre","Namiko Matzumoto Ben\u00edtez","Universidad Veracruzana","Veracruz"],"articleSection":["De Opini\u00f3n"],"inLanguage":"es","potentialAction":[{"@type":"CommentAction","name":"Comment","target":["https:\/\/lospoliticosveracruz.com\/?p=50274#respond"]}]},{"@type":"WebPage","@id":"https:\/\/lospoliticosveracruz.com\/?p=50274","url":"https:\/\/lospoliticosveracruz.com\/?p=50274","name":"Defensor municipal de derechos humanos - Los pol\u00edticos Veracruz","isPartOf":{"@id":"https:\/\/lospoliticosveracruz.com\/#website"},"primaryImageOfPage":{"@id":"https:\/\/lospoliticosveracruz.com\/?p=50274#primaryimage"},"image":{"@id":"https:\/\/lospoliticosveracruz.com\/?p=50274#primaryimage"},"thumbnailUrl":"https:\/\/lospoliticosveracruz.com\/wp-content\/uploads\/2019\/10\/Alberto-Salceda-Morantes.jpeg","datePublished":"2019-10-21T13:05:11+00:00","breadcrumb":{"@id":"https:\/\/lospoliticosveracruz.com\/?p=50274#breadcrumb"},"inLanguage":"es","potentialAction":[{"@type":"ReadAction","target":["https:\/\/lospoliticosveracruz.com\/?p=50274"]}]},{"@type":"ImageObject","inLanguage":"es","@id":"https:\/\/lospoliticosveracruz.com\/?p=50274#primaryimage","url":"https:\/\/lospoliticosveracruz.com\/wp-content\/uploads\/2019\/10\/Alberto-Salceda-Morantes.jpeg","contentUrl":"https:\/\/lospoliticosveracruz.com\/wp-content\/uploads\/2019\/10\/Alberto-Salceda-Morantes.jpeg","width":600,"height":387},{"@type":"BreadcrumbList","@id":"https:\/\/lospoliticosveracruz.com\/?p=50274#breadcrumb","itemListElement":[{"@type":"ListItem","position":1,"name":"Portada","item":"https:\/\/lospoliticosveracruz.com\/"},{"@type":"ListItem","position":2,"name":"Defensor municipal de derechos humanos"}]},{"@type":"WebSite","@id":"https:\/\/lospoliticosveracruz.com\/#website","url":"https:\/\/lospoliticosveracruz.com\/","name":"Los pol\u00edticos Veracruz","description":"","publisher":{"@id":"https:\/\/lospoliticosveracruz.com\/#organization"},"potentialAction":[{"@type":"SearchAction","target":{"@type":"EntryPoint","urlTemplate":"https:\/\/lospoliticosveracruz.com\/?s={search_term_string}"},"query-input":{"@type":"PropertyValueSpecification","valueRequired":true,"valueName":"search_term_string"}}],"inLanguage":"es"},{"@type":"Organization","@id":"https:\/\/lospoliticosveracruz.com\/#organization","name":"Los pol\u00edticos Veracruz","url":"https:\/\/lospoliticosveracruz.com\/","logo":{"@type":"ImageObject","inLanguage":"es","@id":"https:\/\/lospoliticosveracruz.com\/#\/schema\/logo\/image\/","url":"https:\/\/lospoliticosveracruz.com\/wp-content\/uploads\/2025\/12\/Logo-Nuevo-LOS-POLITICOS-1.jpg","contentUrl":"https:\/\/lospoliticosveracruz.com\/wp-content\/uploads\/2025\/12\/Logo-Nuevo-LOS-POLITICOS-1.jpg","width":260,"height":70,"caption":"Los pol\u00edticos Veracruz"},"image":{"@id":"https:\/\/lospoliticosveracruz.com\/#\/schema\/logo\/image\/"},"sameAs":["https:\/\/www.facebook.com\/people\/Notimemes-de-los-Polticos\/61565672886568\/","https:\/\/x.com\/LosPoliticosVer"]},{"@type":"Person","@id":"https:\/\/lospoliticosveracruz.com\/#\/schema\/person\/b8702bb0e538456e6efd07080bf2a4a2","name":"Lo viste en Los Pol\u00edticos","image":{"@type":"ImageObject","inLanguage":"es","@id":"https:\/\/secure.gravatar.com\/avatar\/3a8de04a2656d44082be478bd6c086daa447c4651605818287b9532d3d0bd435?s=96&d=mm&r=g","url":"https:\/\/secure.gravatar.com\/avatar\/3a8de04a2656d44082be478bd6c086daa447c4651605818287b9532d3d0bd435?s=96&d=mm&r=g","contentUrl":"https:\/\/secure.gravatar.com\/avatar\/3a8de04a2656d44082be478bd6c086daa447c4651605818287b9532d3d0bd435?s=96&d=mm&r=g","caption":"Lo viste en Los Pol\u00edticos"},"url":"https:\/\/lospoliticosveracruz.com\/?author=2"}]}},"_links":{"self":[{"href":"https:\/\/lospoliticosveracruz.com\/index.php?rest_route=\/wp\/v2\/posts\/50274","targetHints":{"allow":["GET"]}}],"collection":[{"href":"https:\/\/lospoliticosveracruz.com\/index.php?rest_route=\/wp\/v2\/posts"}],"about":[{"href":"https:\/\/lospoliticosveracruz.com\/index.php?rest_route=\/wp\/v2\/types\/post"}],"author":[{"embeddable":true,"href":"https:\/\/lospoliticosveracruz.com\/index.php?rest_route=\/wp\/v2\/users\/2"}],"replies":[{"embeddable":true,"href":"https:\/\/lospoliticosveracruz.com\/index.php?rest_route=%2Fwp%2Fv2%2Fcomments&post=50274"}],"version-history":[{"count":1,"href":"https:\/\/lospoliticosveracruz.com\/index.php?rest_route=\/wp\/v2\/posts\/50274\/revisions"}],"predecessor-version":[{"id":50276,"href":"https:\/\/lospoliticosveracruz.com\/index.php?rest_route=\/wp\/v2\/posts\/50274\/revisions\/50276"}],"wp:featuredmedia":[{"embeddable":true,"href":"https:\/\/lospoliticosveracruz.com\/index.php?rest_route=\/wp\/v2\/media\/50275"}],"wp:attachment":[{"href":"https:\/\/lospoliticosveracruz.com\/index.php?rest_route=%2Fwp%2Fv2%2Fmedia&parent=50274"}],"wp:term":[{"taxonomy":"category","embeddable":true,"href":"https:\/\/lospoliticosveracruz.com\/index.php?rest_route=%2Fwp%2Fv2%2Fcategories&post=50274"},{"taxonomy":"post_tag","embeddable":true,"href":"https:\/\/lospoliticosveracruz.com\/index.php?rest_route=%2Fwp%2Fv2%2Ftags&post=50274"}],"curies":[{"name":"wp","href":"https:\/\/api.w.org\/{rel}","templated":true}]}}