{"id":50312,"date":"2019-10-22T14:53:12","date_gmt":"2019-10-22T19:53:12","guid":{"rendered":"http:\/\/www.lospoliticosveracruz.com.mx\/?p=50312"},"modified":"2019-10-22T14:53:23","modified_gmt":"2019-10-22T19:53:23","slug":"descomposicion-de-morena-acelerada-marlon","status":"publish","type":"post","link":"https:\/\/lospoliticosveracruz.com\/?p=50312","title":{"rendered":"Descomposici\u00f3n de Morena, acelerada: Marlon"},"content":{"rendered":"<p>El presidente del CDE del PRI en Veracruz, Marlon Ram\u00edrez Mar\u00edn, dio a conocer que ya est\u00e1 publicada la Convocatoria para la Elecci\u00f3n de las Personas que integrar\u00e1n los Consejos Pol\u00edticos Municipales, en 57 municipios en una primera etapa, para el periodo estatutario 2019-2022.<\/p>\n<p>Los Consejos Pol\u00edticos Municipales en cada municipio, ser\u00e1n los responsables de<br \/>\ndefinir el m\u00e9todo de elecci\u00f3n para la renovaci\u00f3n de las presidencias de los Consejos Municipales, aunque en el Consejo Pol\u00edtico Estatal reciente se propuso que sea por el m\u00e9todo de consulta a la base.<\/p>\n<p>\u201cA partir de que se lleven a cabo los primeros procesos de renovaci\u00f3n, estaremos en condiciones de poder hacer tambi\u00e9n las elecciones de Comit\u00e9s Directivos Municipales, es un proceso que nos va a llevar aproximadamente 6 meses desde que iniciamos el proceso de renovaci\u00f3n del primer consejo pol\u00edtico municipal, hasta los Comit\u00e9s Municipales en todo el estado de Veracruz\u201d, explic\u00f3 en conferencia de prensa.<\/p>\n<p>Indic\u00f3 que en esta primera etapa se renovar\u00e1n 57 municipios, y que la convocatoria se encuentra disponible en la p\u00e1gina de internet del PRI Veracruz, en la secci\u00f3n de estrados digitales: http:\/\/www.priveracruz.mx\/proceso-interno-2019-2022\/<\/p>\n<p>Asegur\u00f3 que en los 92 municipios que ha visitado desde que asumi\u00f3 la dirigencia estatal del partido, se ha encontrado una participaci\u00f3n importante de la militancia, hay inter\u00e9s de poder llevar a cabo los procesos de integraci\u00f3n y de renovaci\u00f3n.<\/p>\n<p>En otro tema, Marlon Ram\u00edrez consider\u00f3 que el proceso de descomposici\u00f3n de Morena ha sido muy acelerado, \u201cy es sintom\u00e1tico que solo en diez meses los propios integrantes del partido oficial, los integrantes del partido en el Gobierno, est\u00e9n acusando a lo que por tantos a\u00f1os se\u00f1alaron. \u00bfNo? Me parece que su proceso de descomposici\u00f3n ha sido muy acelerado\u201d.<\/p>\n<p>Puntualiz\u00f3 que en Veracruz debe prevalecer el estado de derecho, y que es la encargada de la Fiscal\u00eda General, Ver\u00f3nica Hern\u00e1ndez Giad\u00e1ns, quien debe responder sobre se\u00f1alamientos hechos por diputados locales respecto a que se est\u00e9 utilizando a la Fiscal\u00eda con fines partidistas y de persecuci\u00f3n pol\u00edtica.<\/p>\n<p>\u201cQue nadie est\u00e9 por encima de la ley, y la realidad es que la encargada de la Fiscal\u00eda General del Estado, tiene que responder por lo que est\u00e9 haciendo de manera correcta y tambi\u00e9n por lo que haga de manera incorrecta, ser\u00e1n los Diputados Locales, ser\u00e1 la Fiscal General quien de cuentas de sus hechos.<\/p>\n<p>Que demuestren como lo ha dicho el Presidente, que no son iguales. Hoy lo que est\u00e1n mostrando es que son igual o peor, porque una cosa es cuando t\u00fa cr\u00edticas y argumentas honestidad, transparencia, rendici\u00f3n de cuentas para poder hacer las cosas mejor y llegas para hacerlas peor, me parece que estamos en el peor de los mundos\u201d, a\u00f1adi\u00f3.<\/p>\n","protected":false},"excerpt":{"rendered":"<p>El presidente del CDE del PRI en Veracruz, Marlon Ram\u00edrez Mar\u00edn, dio a conocer que ya est\u00e1 publicada la Convocatoria para la Elecci\u00f3n de las Personas que integrar\u00e1n los Consejos Pol\u00edticos Municipales, en 57 municipios en una primera etapa, para el periodo estatutario 2019-2022. Los Consejos Pol\u00edticos Municipales en cada municipio, ser\u00e1n los responsables de [&hellip;]<\/p>\n","protected":false},"author":2,"featured_media":50313,"comment_status":"open","ping_status":"open","sticky":false,"template":"","format":"standard","meta":{"tdm_status":"","tdm_grid_status":"","footnotes":""},"categories":[73],"tags":[3914,15531,12261,2908,1026,195,15165],"class_list":{"0":"post-50312","1":"post","2":"type-post","3":"status-publish","4":"format-standard","5":"has-post-thumbnail","7":"category-de-boleto","8":"tag-cde-del-pri","9":"tag-consejos-politicos-municipales","10":"tag-fiscalia-general","11":"tag-marlon-ramirez-marin","12":"tag-morena","13":"tag-veracruz","14":"tag-veronica-hernandez-giadans"},"yoast_head":"<!-- This site is optimized with the Yoast SEO plugin v27.4 - https:\/\/yoast.com\/product\/yoast-seo-wordpress\/ -->\n<title>Descomposici\u00f3n de Morena, acelerada: Marlon - Los pol\u00edticos Veracruz<\/title>\n<meta name=\"robots\" content=\"index, follow, max-snippet:-1, max-image-preview:large, max-video-preview:-1\" \/>\n<link rel=\"canonical\" href=\"https:\/\/lospoliticosveracruz.com\/?p=50312\" \/>\n<meta property=\"og:locale\" content=\"es_ES\" \/>\n<meta property=\"og:type\" content=\"article\" \/>\n<meta property=\"og:title\" content=\"Descomposici\u00f3n de Morena, acelerada: Marlon - Los pol\u00edticos Veracruz\" \/>\n<meta property=\"og:description\" content=\"El presidente del CDE del PRI en Veracruz, Marlon Ram\u00edrez Mar\u00edn, dio a conocer que ya est\u00e1 publicada la Convocatoria para la Elecci\u00f3n de las Personas que integrar\u00e1n los Consejos Pol\u00edticos Municipales, en 57 municipios en una primera etapa, para el periodo estatutario 2019-2022. Los Consejos Pol\u00edticos Municipales en cada municipio, ser\u00e1n los responsables de [&hellip;]\" \/>\n<meta property=\"og:url\" content=\"https:\/\/lospoliticosveracruz.com\/?p=50312\" \/>\n<meta property=\"og:site_name\" content=\"Los pol\u00edticos Veracruz\" \/>\n<meta property=\"article:publisher\" content=\"https:\/\/www.facebook.com\/people\/Notimemes-de-los-Polticos\/61565672886568\/\" \/>\n<meta property=\"article:published_time\" content=\"2019-10-22T19:53:12+00:00\" \/>\n<meta property=\"article:modified_time\" content=\"2019-10-22T19:53:23+00:00\" \/>\n<meta property=\"og:image\" content=\"https:\/\/lospoliticosveracruz.com\/wp-content\/uploads\/2019\/10\/Marlon2.jpeg\" \/>\n\t<meta property=\"og:image:width\" content=\"600\" \/>\n\t<meta property=\"og:image:height\" content=\"390\" \/>\n\t<meta property=\"og:image:type\" content=\"image\/jpeg\" \/>\n<meta name=\"author\" content=\"Lo viste en Los Pol\u00edticos\" \/>\n<meta name=\"twitter:card\" content=\"summary_large_image\" \/>\n<meta name=\"twitter:creator\" content=\"@LosPoliticosVer\" \/>\n<meta name=\"twitter:site\" content=\"@LosPoliticosVer\" \/>\n<meta name=\"twitter:label1\" content=\"Escrito por\" \/>\n\t<meta name=\"twitter:data1\" content=\"Lo viste en Los Pol\u00edticos\" \/>\n\t<meta name=\"twitter:label2\" content=\"Tiempo de lectura\" \/>\n\t<meta name=\"twitter:data2\" content=\"2 minutos\" \/>\n<script type=\"application\/ld+json\" class=\"yoast-schema-graph\">{\"@context\":\"https:\\\/\\\/schema.org\",\"@graph\":[{\"@type\":\"Article\",\"@id\":\"https:\\\/\\\/lospoliticosveracruz.com\\\/?p=50312#article\",\"isPartOf\":{\"@id\":\"https:\\\/\\\/lospoliticosveracruz.com\\\/?p=50312\"},\"author\":{\"name\":\"Lo viste en Los Pol\u00edticos\",\"@id\":\"https:\\\/\\\/lospoliticosveracruz.com\\\/#\\\/schema\\\/person\\\/b8702bb0e538456e6efd07080bf2a4a2\"},\"headline\":\"Descomposici\u00f3n de Morena, acelerada: Marlon\",\"datePublished\":\"2019-10-22T19:53:12+00:00\",\"dateModified\":\"2019-10-22T19:53:23+00:00\",\"mainEntityOfPage\":{\"@id\":\"https:\\\/\\\/lospoliticosveracruz.com\\\/?p=50312\"},\"wordCount\":499,\"commentCount\":0,\"publisher\":{\"@id\":\"https:\\\/\\\/lospoliticosveracruz.com\\\/#organization\"},\"image\":{\"@id\":\"https:\\\/\\\/lospoliticosveracruz.com\\\/?p=50312#primaryimage\"},\"thumbnailUrl\":\"https:\\\/\\\/lospoliticosveracruz.com\\\/wp-content\\\/uploads\\\/2019\\\/10\\\/Marlon2.jpeg\",\"keywords\":[\"CDE del PRI\",\"Consejos Pol\u00edticos Municipales\",\"Fiscal\u00eda General\",\"Marlon Ram\u00edrez Mar\u00edn\",\"Morena\",\"Veracruz\",\"Ver\u00f3nica Hern\u00e1ndez Giad\u00e1ns\"],\"articleSection\":[\"De Boleto\"],\"inLanguage\":\"es\",\"potentialAction\":[{\"@type\":\"CommentAction\",\"name\":\"Comment\",\"target\":[\"https:\\\/\\\/lospoliticosveracruz.com\\\/?p=50312#respond\"]}]},{\"@type\":\"WebPage\",\"@id\":\"https:\\\/\\\/lospoliticosveracruz.com\\\/?p=50312\",\"url\":\"https:\\\/\\\/lospoliticosveracruz.com\\\/?p=50312\",\"name\":\"Descomposici\u00f3n de Morena, acelerada: Marlon - Los pol\u00edticos Veracruz\",\"isPartOf\":{\"@id\":\"https:\\\/\\\/lospoliticosveracruz.com\\\/#website\"},\"primaryImageOfPage\":{\"@id\":\"https:\\\/\\\/lospoliticosveracruz.com\\\/?p=50312#primaryimage\"},\"image\":{\"@id\":\"https:\\\/\\\/lospoliticosveracruz.com\\\/?p=50312#primaryimage\"},\"thumbnailUrl\":\"https:\\\/\\\/lospoliticosveracruz.com\\\/wp-content\\\/uploads\\\/2019\\\/10\\\/Marlon2.jpeg\",\"datePublished\":\"2019-10-22T19:53:12+00:00\",\"dateModified\":\"2019-10-22T19:53:23+00:00\",\"breadcrumb\":{\"@id\":\"https:\\\/\\\/lospoliticosveracruz.com\\\/?p=50312#breadcrumb\"},\"inLanguage\":\"es\",\"potentialAction\":[{\"@type\":\"ReadAction\",\"target\":[\"https:\\\/\\\/lospoliticosveracruz.com\\\/?p=50312\"]}]},{\"@type\":\"ImageObject\",\"inLanguage\":\"es\",\"@id\":\"https:\\\/\\\/lospoliticosveracruz.com\\\/?p=50312#primaryimage\",\"url\":\"https:\\\/\\\/lospoliticosveracruz.com\\\/wp-content\\\/uploads\\\/2019\\\/10\\\/Marlon2.jpeg\",\"contentUrl\":\"https:\\\/\\\/lospoliticosveracruz.com\\\/wp-content\\\/uploads\\\/2019\\\/10\\\/Marlon2.jpeg\",\"width\":600,\"height\":390},{\"@type\":\"BreadcrumbList\",\"@id\":\"https:\\\/\\\/lospoliticosveracruz.com\\\/?p=50312#breadcrumb\",\"itemListElement\":[{\"@type\":\"ListItem\",\"position\":1,\"name\":\"Portada\",\"item\":\"https:\\\/\\\/lospoliticosveracruz.com\\\/\"},{\"@type\":\"ListItem\",\"position\":2,\"name\":\"Descomposici\u00f3n de Morena, acelerada: Marlon\"}]},{\"@type\":\"WebSite\",\"@id\":\"https:\\\/\\\/lospoliticosveracruz.com\\\/#website\",\"url\":\"https:\\\/\\\/lospoliticosveracruz.com\\\/\",\"name\":\"Los pol\u00edticos Veracruz\",\"description\":\"\",\"publisher\":{\"@id\":\"https:\\\/\\\/lospoliticosveracruz.com\\\/#organization\"},\"potentialAction\":[{\"@type\":\"SearchAction\",\"target\":{\"@type\":\"EntryPoint\",\"urlTemplate\":\"https:\\\/\\\/lospoliticosveracruz.com\\\/?s={search_term_string}\"},\"query-input\":{\"@type\":\"PropertyValueSpecification\",\"valueRequired\":true,\"valueName\":\"search_term_string\"}}],\"inLanguage\":\"es\"},{\"@type\":\"Organization\",\"@id\":\"https:\\\/\\\/lospoliticosveracruz.com\\\/#organization\",\"name\":\"Los pol\u00edticos Veracruz\",\"url\":\"https:\\\/\\\/lospoliticosveracruz.com\\\/\",\"logo\":{\"@type\":\"ImageObject\",\"inLanguage\":\"es\",\"@id\":\"https:\\\/\\\/lospoliticosveracruz.com\\\/#\\\/schema\\\/logo\\\/image\\\/\",\"url\":\"https:\\\/\\\/lospoliticosveracruz.com\\\/wp-content\\\/uploads\\\/2025\\\/12\\\/Logo-Nuevo-LOS-POLITICOS-1.jpg\",\"contentUrl\":\"https:\\\/\\\/lospoliticosveracruz.com\\\/wp-content\\\/uploads\\\/2025\\\/12\\\/Logo-Nuevo-LOS-POLITICOS-1.jpg\",\"width\":260,\"height\":70,\"caption\":\"Los pol\u00edticos Veracruz\"},\"image\":{\"@id\":\"https:\\\/\\\/lospoliticosveracruz.com\\\/#\\\/schema\\\/logo\\\/image\\\/\"},\"sameAs\":[\"https:\\\/\\\/www.facebook.com\\\/people\\\/Notimemes-de-los-Polticos\\\/61565672886568\\\/\",\"https:\\\/\\\/x.com\\\/LosPoliticosVer\"]},{\"@type\":\"Person\",\"@id\":\"https:\\\/\\\/lospoliticosveracruz.com\\\/#\\\/schema\\\/person\\\/b8702bb0e538456e6efd07080bf2a4a2\",\"name\":\"Lo viste en Los Pol\u00edticos\",\"image\":{\"@type\":\"ImageObject\",\"inLanguage\":\"es\",\"@id\":\"https:\\\/\\\/secure.gravatar.com\\\/avatar\\\/3a8de04a2656d44082be478bd6c086daa447c4651605818287b9532d3d0bd435?s=96&d=mm&r=g\",\"url\":\"https:\\\/\\\/secure.gravatar.com\\\/avatar\\\/3a8de04a2656d44082be478bd6c086daa447c4651605818287b9532d3d0bd435?s=96&d=mm&r=g\",\"contentUrl\":\"https:\\\/\\\/secure.gravatar.com\\\/avatar\\\/3a8de04a2656d44082be478bd6c086daa447c4651605818287b9532d3d0bd435?s=96&d=mm&r=g\",\"caption\":\"Lo viste en Los Pol\u00edticos\"},\"url\":\"https:\\\/\\\/lospoliticosveracruz.com\\\/?author=2\"}]}<\/script>\n<!-- \/ Yoast SEO plugin. -->","yoast_head_json":{"title":"Descomposici\u00f3n de Morena, acelerada: Marlon - Los pol\u00edticos Veracruz","robots":{"index":"index","follow":"follow","max-snippet":"max-snippet:-1","max-image-preview":"max-image-preview:large","max-video-preview":"max-video-preview:-1"},"canonical":"https:\/\/lospoliticosveracruz.com\/?p=50312","og_locale":"es_ES","og_type":"article","og_title":"Descomposici\u00f3n de Morena, acelerada: Marlon - Los pol\u00edticos Veracruz","og_description":"El presidente del CDE del PRI en Veracruz, Marlon Ram\u00edrez Mar\u00edn, dio a conocer que ya est\u00e1 publicada la Convocatoria para la Elecci\u00f3n de las Personas que integrar\u00e1n los Consejos Pol\u00edticos Municipales, en 57 municipios en una primera etapa, para el periodo estatutario 2019-2022. Los Consejos Pol\u00edticos Municipales en cada municipio, ser\u00e1n los responsables de [&hellip;]","og_url":"https:\/\/lospoliticosveracruz.com\/?p=50312","og_site_name":"Los pol\u00edticos Veracruz","article_publisher":"https:\/\/www.facebook.com\/people\/Notimemes-de-los-Polticos\/61565672886568\/","article_published_time":"2019-10-22T19:53:12+00:00","article_modified_time":"2019-10-22T19:53:23+00:00","og_image":[{"width":600,"height":390,"url":"https:\/\/lospoliticosveracruz.com\/wp-content\/uploads\/2019\/10\/Marlon2.jpeg","type":"image\/jpeg"}],"author":"Lo viste en Los Pol\u00edticos","twitter_card":"summary_large_image","twitter_creator":"@LosPoliticosVer","twitter_site":"@LosPoliticosVer","twitter_misc":{"Escrito por":"Lo viste en Los Pol\u00edticos","Tiempo de lectura":"2 minutos"},"schema":{"@context":"https:\/\/schema.org","@graph":[{"@type":"Article","@id":"https:\/\/lospoliticosveracruz.com\/?p=50312#article","isPartOf":{"@id":"https:\/\/lospoliticosveracruz.com\/?p=50312"},"author":{"name":"Lo viste en Los Pol\u00edticos","@id":"https:\/\/lospoliticosveracruz.com\/#\/schema\/person\/b8702bb0e538456e6efd07080bf2a4a2"},"headline":"Descomposici\u00f3n de Morena, acelerada: Marlon","datePublished":"2019-10-22T19:53:12+00:00","dateModified":"2019-10-22T19:53:23+00:00","mainEntityOfPage":{"@id":"https:\/\/lospoliticosveracruz.com\/?p=50312"},"wordCount":499,"commentCount":0,"publisher":{"@id":"https:\/\/lospoliticosveracruz.com\/#organization"},"image":{"@id":"https:\/\/lospoliticosveracruz.com\/?p=50312#primaryimage"},"thumbnailUrl":"https:\/\/lospoliticosveracruz.com\/wp-content\/uploads\/2019\/10\/Marlon2.jpeg","keywords":["CDE del PRI","Consejos Pol\u00edticos Municipales","Fiscal\u00eda General","Marlon Ram\u00edrez Mar\u00edn","Morena","Veracruz","Ver\u00f3nica Hern\u00e1ndez Giad\u00e1ns"],"articleSection":["De Boleto"],"inLanguage":"es","potentialAction":[{"@type":"CommentAction","name":"Comment","target":["https:\/\/lospoliticosveracruz.com\/?p=50312#respond"]}]},{"@type":"WebPage","@id":"https:\/\/lospoliticosveracruz.com\/?p=50312","url":"https:\/\/lospoliticosveracruz.com\/?p=50312","name":"Descomposici\u00f3n de Morena, acelerada: Marlon - Los pol\u00edticos Veracruz","isPartOf":{"@id":"https:\/\/lospoliticosveracruz.com\/#website"},"primaryImageOfPage":{"@id":"https:\/\/lospoliticosveracruz.com\/?p=50312#primaryimage"},"image":{"@id":"https:\/\/lospoliticosveracruz.com\/?p=50312#primaryimage"},"thumbnailUrl":"https:\/\/lospoliticosveracruz.com\/wp-content\/uploads\/2019\/10\/Marlon2.jpeg","datePublished":"2019-10-22T19:53:12+00:00","dateModified":"2019-10-22T19:53:23+00:00","breadcrumb":{"@id":"https:\/\/lospoliticosveracruz.com\/?p=50312#breadcrumb"},"inLanguage":"es","potentialAction":[{"@type":"ReadAction","target":["https:\/\/lospoliticosveracruz.com\/?p=50312"]}]},{"@type":"ImageObject","inLanguage":"es","@id":"https:\/\/lospoliticosveracruz.com\/?p=50312#primaryimage","url":"https:\/\/lospoliticosveracruz.com\/wp-content\/uploads\/2019\/10\/Marlon2.jpeg","contentUrl":"https:\/\/lospoliticosveracruz.com\/wp-content\/uploads\/2019\/10\/Marlon2.jpeg","width":600,"height":390},{"@type":"BreadcrumbList","@id":"https:\/\/lospoliticosveracruz.com\/?p=50312#breadcrumb","itemListElement":[{"@type":"ListItem","position":1,"name":"Portada","item":"https:\/\/lospoliticosveracruz.com\/"},{"@type":"ListItem","position":2,"name":"Descomposici\u00f3n de Morena, acelerada: Marlon"}]},{"@type":"WebSite","@id":"https:\/\/lospoliticosveracruz.com\/#website","url":"https:\/\/lospoliticosveracruz.com\/","name":"Los pol\u00edticos Veracruz","description":"","publisher":{"@id":"https:\/\/lospoliticosveracruz.com\/#organization"},"potentialAction":[{"@type":"SearchAction","target":{"@type":"EntryPoint","urlTemplate":"https:\/\/lospoliticosveracruz.com\/?s={search_term_string}"},"query-input":{"@type":"PropertyValueSpecification","valueRequired":true,"valueName":"search_term_string"}}],"inLanguage":"es"},{"@type":"Organization","@id":"https:\/\/lospoliticosveracruz.com\/#organization","name":"Los pol\u00edticos Veracruz","url":"https:\/\/lospoliticosveracruz.com\/","logo":{"@type":"ImageObject","inLanguage":"es","@id":"https:\/\/lospoliticosveracruz.com\/#\/schema\/logo\/image\/","url":"https:\/\/lospoliticosveracruz.com\/wp-content\/uploads\/2025\/12\/Logo-Nuevo-LOS-POLITICOS-1.jpg","contentUrl":"https:\/\/lospoliticosveracruz.com\/wp-content\/uploads\/2025\/12\/Logo-Nuevo-LOS-POLITICOS-1.jpg","width":260,"height":70,"caption":"Los pol\u00edticos Veracruz"},"image":{"@id":"https:\/\/lospoliticosveracruz.com\/#\/schema\/logo\/image\/"},"sameAs":["https:\/\/www.facebook.com\/people\/Notimemes-de-los-Polticos\/61565672886568\/","https:\/\/x.com\/LosPoliticosVer"]},{"@type":"Person","@id":"https:\/\/lospoliticosveracruz.com\/#\/schema\/person\/b8702bb0e538456e6efd07080bf2a4a2","name":"Lo viste en Los Pol\u00edticos","image":{"@type":"ImageObject","inLanguage":"es","@id":"https:\/\/secure.gravatar.com\/avatar\/3a8de04a2656d44082be478bd6c086daa447c4651605818287b9532d3d0bd435?s=96&d=mm&r=g","url":"https:\/\/secure.gravatar.com\/avatar\/3a8de04a2656d44082be478bd6c086daa447c4651605818287b9532d3d0bd435?s=96&d=mm&r=g","contentUrl":"https:\/\/secure.gravatar.com\/avatar\/3a8de04a2656d44082be478bd6c086daa447c4651605818287b9532d3d0bd435?s=96&d=mm&r=g","caption":"Lo viste en Los Pol\u00edticos"},"url":"https:\/\/lospoliticosveracruz.com\/?author=2"}]}},"_links":{"self":[{"href":"https:\/\/lospoliticosveracruz.com\/index.php?rest_route=\/wp\/v2\/posts\/50312","targetHints":{"allow":["GET"]}}],"collection":[{"href":"https:\/\/lospoliticosveracruz.com\/index.php?rest_route=\/wp\/v2\/posts"}],"about":[{"href":"https:\/\/lospoliticosveracruz.com\/index.php?rest_route=\/wp\/v2\/types\/post"}],"author":[{"embeddable":true,"href":"https:\/\/lospoliticosveracruz.com\/index.php?rest_route=\/wp\/v2\/users\/2"}],"replies":[{"embeddable":true,"href":"https:\/\/lospoliticosveracruz.com\/index.php?rest_route=%2Fwp%2Fv2%2Fcomments&post=50312"}],"version-history":[{"count":2,"href":"https:\/\/lospoliticosveracruz.com\/index.php?rest_route=\/wp\/v2\/posts\/50312\/revisions"}],"predecessor-version":[{"id":50315,"href":"https:\/\/lospoliticosveracruz.com\/index.php?rest_route=\/wp\/v2\/posts\/50312\/revisions\/50315"}],"wp:featuredmedia":[{"embeddable":true,"href":"https:\/\/lospoliticosveracruz.com\/index.php?rest_route=\/wp\/v2\/media\/50313"}],"wp:attachment":[{"href":"https:\/\/lospoliticosveracruz.com\/index.php?rest_route=%2Fwp%2Fv2%2Fmedia&parent=50312"}],"wp:term":[{"taxonomy":"category","embeddable":true,"href":"https:\/\/lospoliticosveracruz.com\/index.php?rest_route=%2Fwp%2Fv2%2Fcategories&post=50312"},{"taxonomy":"post_tag","embeddable":true,"href":"https:\/\/lospoliticosveracruz.com\/index.php?rest_route=%2Fwp%2Fv2%2Ftags&post=50312"}],"curies":[{"name":"wp","href":"https:\/\/api.w.org\/{rel}","templated":true}]}}