{"id":50338,"date":"2019-10-24T08:17:01","date_gmt":"2019-10-24T13:17:01","guid":{"rendered":"http:\/\/www.lospoliticosveracruz.com.mx\/?p=50338"},"modified":"2019-10-24T08:17:01","modified_gmt":"2019-10-24T13:17:01","slug":"se-tambalea-otro-lider-petrolero","status":"publish","type":"post","link":"https:\/\/lospoliticosveracruz.com\/?p=50338","title":{"rendered":"\u00a1Se tambalea otro l\u00edder petrolero!"},"content":{"rendered":"<p><strong>Ricardo Ch\u00faa<\/strong><\/p>\n<p><em>Sale y Vale<\/em><\/p>\n<p>OJO&#8230; Minatitlan es ya una ciudad desolada&#8230; Despu\u00e9s de las 19:00 horas la vida comercial, familiar y laboral se apaga en este municipio sure\u00f1o&#8230; El tema es el mismo desde diciembre pasado: La inseguridad&#8230; La gente no sale a las calles a comprar, ni a pasear cuando cae el sol&#8230; S\u00f3lo se escuchan los pocos carros que circulan por la avenida principal&#8230; Es ya una ciudad \u00abfantasma\u00bb&#8230; Desde que entras se respira mucho miedo&#8230; Nadie olvida la masacre de la colonia Obrera&#8230; El terru\u00f1o ha perdido su esp\u00edritu&#8230; Que tristeza&#8230; DIOS LA BENDIGA&#8230;<\/p>\n<p>VAN POR TODOS&#8230; Una fuente informada del gobierno estatal coment\u00f3 que la administraci\u00f3n estatal de Cuitl\u00e1huac Garc\u00eda tiene como PRIORIDAD ir por las \u00abcabecillas\u00bb del grupo de los Yunes Azules con tal de llevarlos ante la justicia&#8230; El delito no importa, lo que interesa es que estos personajes est\u00e9n en jaque para evitar que sigan creciendo pol\u00edticamente dentro del PAN u otro partido&#8230; Y que en el 2021 los \u00abpongan a parir chayotes\u00bb&#8230; No los quieren de rivales pol\u00edticos y \u00abajustan venganza\u00bb pol\u00edtica&#8230; En Veracruz todo es posible&#8230;.<\/p>\n<p>Y la situaci\u00f3n ha empezado a tomar fuerza dentro de los grupos pol\u00edticos panistas con quienes laboraron en el gobierno de Yunes Linares&#8230; Que la semana pasada despu\u00e9s de la detenci\u00f3n y prisi\u00f3n por un a\u00f1o de manera preventiva de un ex funcionario estatal yunista que trabaj\u00f3 en SEFIPLAN&#8230; Que uno de los colaboradores del ex funcionario preso y que fue de sus hombres cercanos en esa dependencia&#8230; Renunci\u00f3 a su trabajo que desempe\u00f1aba en Boca del R\u00edo y se fue&#8230;<\/p>\n<p>As\u00ed como lo leen&#8230; Este ex funcionario de SEFIPLAN estaba laborando desde enero pasado en el ayuntamiento de Boca del R\u00edo, de Humberto Alonso Morelli&#8230; Pero al enterarse de la suerte judicial de su ex jefe&#8230; Tom\u00f3 la decisi\u00f3n de darse de baja en la administraci\u00f3n.. Y por aquello de las \u00abrecochinas\u00bb dudas, mejor se fue de la ciudad a un sitio desconocido&#8230; No sea la de \u00abmalas\u00bb y pague tambi\u00e9n los \u00abplatos rotos\u00bb&#8230; Como contra el Jefe del Clan Yunes, no act\u00faan, lo quieren cercar&#8230; Pero el le\u00f3n herido es el m\u00e1s peligroso&#8230;. AMEN<\/p>\n<p>PIDEN SALIDA DE OTRO L\u00cdDER PETROLERO&#8230; Despu\u00e9s de la salida la semana pasada del ex l\u00edder del sindicato nacional de los trabajadores petrolero, Carlos Romero Deschamps, muchos de los l\u00edderes de las distintas secciones del STPRM del pa\u00eds&#8230; Han perdido su fuerza porque ya no tienen el \u00abmanto protector\u00bb del dirigente sindical&#8230;. Tal es el caso de Jorge Wade Gonz\u00e1lez, otro de los \u00abeternos\u00bb l\u00edderes de la secci\u00f3n 10 de Minatitlan&#8230; Del cual piden tambi\u00e9n que la FGR lo investigue sobre el manejo de las cuentas de este gremio&#8230;<\/p>\n<p>Por eso trabajadores que pidieron el anonimato por temor a represalias&#8230; Hicieron llegar un documento dirigido a L\u00f3pez Obador, Gertz Manero y Octavio Romero, director de PEMEX, donde denuncian lo siguiente (lo publicamos textual): \u00abJorge Wade Gonzalez, l\u00edder pol\u00edtico semptieterno del Frente Liberal Sindicalista, grupo pol\u00edtico que siempre ha designado a secretarios generales de la secci\u00f3n 10 en Minatitl\u00e1n, designa a candidatos a diputaciones y presidentes municipales. El mismo a ocupado var\u00edas veces la secretar\u00eda General de la secci\u00f3n 10&#8230;<\/p>\n<p>\u00abA su hijo Jorge Wade Z\u00fa\u00f1iga (el junior) lo tiene siempre ocupando carteras sindicales, nunca ha trabajado. Es el encargado de cobrar las cuotas que los delegados departamentales de Marina de Altura les cobran a todos los trabajadores marinos transitorios, que llegan a ser de hasta 12 mil pesos catorcenales. Por una ficha para trabajar en Pemex hasta 250 mil pesos por una planta hasta 500 mil pesos. Tiene la casa m\u00e1s ostentosa en la colonia de Pemex, llamada \u201cSoto Ines \u201c. Se hizo de la categor\u00eda de motorista abordo de los barcos de Pemex, pero nunca a laborado abordo de una embarcaci\u00f3n&#8230;<\/p>\n<p>\u00abEn el departamento de Marina de Altura siempre colocan como delegados a sus incondicionales, como a Leonardo Montalvo quien actualmente est\u00e1 purgando condena en prisi\u00f3n por corrupci\u00f3n en Guaymas, Sonora. Gilberto Gomez Rosas -el chalita- (quien siendo chofer y achichincle del \u201cjunior\u201d), le consiguieron ficha, luego le dieron la planta en la Refiner\u00eda de Minatitl\u00e1n y ahora desde hace 3 a\u00f1os lo hicieron \u201cmarino\u201d, sin embargo, nunca ha pisado un barco y lo acaban de designar para la Secretaria del Trabajo en Pajaritos en Coatzacoalcos&#8230;.<\/p>\n<p>\u00abRuben Andrade como delegado especial en Salina Cruz, Oaxaca.. Y mantiene a Luis Antonio Mart\u00ednez Gomez como delegado especial en Terminal Mar\u00edtima Madero, en Ciudad Madero, Tamaulipas. quien es hijo de Luis Antonio Mart\u00ednez, asesor e incondicional de Carlos Antonio Romero Deschamps. Todos siguen corrompiendo a los trabajadores cobr\u00e1ndoles -cuotas- hasta de 12 mil pesos por catorcena..<br \/>\n.<br \/>\n\u00abSaul Wade Leon hijo de Wade Gonzalez, en segundas nupcias con la Sra Reina Le\u00f3n, quien tambi\u00e9n tiene intereses en influir en la designaci\u00f3n directa del delegado especial en la Terminal Mar\u00edtima Salina Cruz, Oax (Ruben Andrade, quien la presume como su madrina); Saul siempre se ha desempe\u00f1ado como tesorero, s\u00edndico o regidor en el ayuntamiento de Minatitl\u00e1n, es muy comentado que cuando se iba a practicar una auditoria a las arcas del municipio (siendo el tesorero) misteriosamente las oficinas se quemaron&#8230;<\/p>\n<p>\u00abTodos ellos se han visto beneficiados de manera ileg\u00edtima con las cuotas que cobran a los trabajadores transitorios de Refiner\u00eda, del Complejo Cosoleacaque, de Ductos, del Hospital, de Terminal Mar\u00edtima Pajaritos, de Marina de Altura, en fin de todo donde tenga adscripci\u00f3n la Secci\u00f3n 10 de Minatitl\u00e1n, ademas de las arcas municipales y el Sistema de Transportaci\u00f3n de Pemex a los diversos centros de trabajo (los autobuses son propiedad de ellos mismos). Propietarios adem\u00e1s de m\u00faltiples propiedades en diversas ciudades del pa\u00eds, contando adem\u00e1s con un Hotel en Playa del Carmen y m\u00faltiples gasolineras en la regi\u00f3n sur de Veracruz..<\/p>\n<p>\u00abSe han rodeado adem\u00e1s de una casta de expertos en hamponerias y triqui\u00f1uelas como Lic Ibarra, Ter\u00e1n, Garces, Chi\u00f1as, Saenz, Juli\u00e1n, No\u00e9, etc, etc todos con t\u00edtulos de Licenciados egresados de una Universidad Patito que ni registro tiene. Todos ellos con la obligaci\u00f3n de atender debidamente a todo trabajador que requiera de alg\u00fan tr\u00e1mite, nunca se encuentran en sus oficinas por estar enfocados a realizar trabajos de proselitismo partidario en favor al JEFE o PATR\u00d3N. Ojal\u00e1 pronto tenga la oportunidad de extender con una verdadera investigaci\u00f3n judicial el brazo de la justicia por lo antes descrito\u00bb&#8230; Firman: TRABAJADORES PETROLEROS ADSCRITOS A LA SECCI\u00d3N No 10 STPRM, MINATITL\u00c1N&#8230; AMEN&#8230;<\/p>\n","protected":false},"excerpt":{"rendered":"<p>Ricardo Ch\u00faa Sale y Vale OJO&#8230; Minatitlan es ya una ciudad desolada&#8230; Despu\u00e9s de las 19:00 horas la vida comercial, familiar y laboral se apaga en este municipio sure\u00f1o&#8230; El tema es el mismo desde diciembre pasado: La inseguridad&#8230; La gente no sale a las calles a comprar, ni a pasear cuando cae el sol&#8230; [&hellip;]<\/p>\n","protected":false},"author":2,"featured_media":50339,"comment_status":"open","ping_status":"open","sticky":false,"template":"","format":"standard","meta":{"tdm_status":"","tdm_grid_status":"","footnotes":""},"categories":[70],"tags":[601,2009,15481,1681,15567,8428,196,15566,1003,373,13579,266,13604,640,195],"class_list":{"0":"post-50338","1":"post","2":"type-post","3":"status-publish","4":"format-standard","5":"has-post-thumbnail","7":"category-de-opinion","8":"tag-boca-del-rio","9":"tag-carlos-romero-deschamps","10":"tag-colonia-obrera","11":"tag-cuitlahuac-garcia","12":"tag-gertz-manero","13":"tag-humberto-alonso-morelli","14":"tag-inseguridad","15":"tag-jorge-wade-gonzalez","16":"tag-lopez-obrador","17":"tag-minatitlan","18":"tag-octavio-romero","19":"tag-pan","20":"tag-ricardo-chua","21":"tag-sefiplan","22":"tag-veracruz"},"yoast_head":"<!-- This site is optimized with the Yoast SEO plugin v27.4 - https:\/\/yoast.com\/product\/yoast-seo-wordpress\/ -->\n<title>\u00a1Se tambalea otro l\u00edder petrolero! - Los pol\u00edticos Veracruz<\/title>\n<meta name=\"robots\" content=\"index, follow, max-snippet:-1, max-image-preview:large, max-video-preview:-1\" \/>\n<link rel=\"canonical\" href=\"https:\/\/lospoliticosveracruz.com\/?p=50338\" \/>\n<meta property=\"og:locale\" content=\"es_ES\" \/>\n<meta property=\"og:type\" content=\"article\" \/>\n<meta property=\"og:title\" content=\"\u00a1Se tambalea otro l\u00edder petrolero! - Los pol\u00edticos Veracruz\" \/>\n<meta property=\"og:description\" content=\"Ricardo Ch\u00faa Sale y Vale OJO&#8230; Minatitlan es ya una ciudad desolada&#8230; Despu\u00e9s de las 19:00 horas la vida comercial, familiar y laboral se apaga en este municipio sure\u00f1o&#8230; El tema es el mismo desde diciembre pasado: La inseguridad&#8230; La gente no sale a las calles a comprar, ni a pasear cuando cae el sol&#8230; [&hellip;]\" \/>\n<meta property=\"og:url\" content=\"https:\/\/lospoliticosveracruz.com\/?p=50338\" \/>\n<meta property=\"og:site_name\" content=\"Los pol\u00edticos Veracruz\" \/>\n<meta property=\"article:publisher\" content=\"https:\/\/www.facebook.com\/people\/Notimemes-de-los-Polticos\/61565672886568\/\" \/>\n<meta property=\"article:published_time\" content=\"2019-10-24T13:17:01+00:00\" \/>\n<meta property=\"og:image\" content=\"https:\/\/lospoliticosveracruz.com\/wp-content\/uploads\/2019\/10\/Jorge-Wade-Gonz\u00e1lez.jpg\" \/>\n\t<meta property=\"og:image:width\" content=\"600\" \/>\n\t<meta property=\"og:image:height\" content=\"469\" \/>\n\t<meta property=\"og:image:type\" content=\"image\/jpeg\" \/>\n<meta name=\"author\" content=\"Lo viste en Los Pol\u00edticos\" \/>\n<meta name=\"twitter:card\" content=\"summary_large_image\" \/>\n<meta name=\"twitter:creator\" content=\"@LosPoliticosVer\" \/>\n<meta name=\"twitter:site\" content=\"@LosPoliticosVer\" \/>\n<meta name=\"twitter:label1\" content=\"Escrito por\" \/>\n\t<meta name=\"twitter:data1\" content=\"Lo viste en Los Pol\u00edticos\" \/>\n\t<meta name=\"twitter:label2\" content=\"Tiempo de lectura\" \/>\n\t<meta name=\"twitter:data2\" content=\"6 minutos\" \/>\n<script type=\"application\/ld+json\" class=\"yoast-schema-graph\">{\"@context\":\"https:\\\/\\\/schema.org\",\"@graph\":[{\"@type\":\"Article\",\"@id\":\"https:\\\/\\\/lospoliticosveracruz.com\\\/?p=50338#article\",\"isPartOf\":{\"@id\":\"https:\\\/\\\/lospoliticosveracruz.com\\\/?p=50338\"},\"author\":{\"name\":\"Lo viste en Los Pol\u00edticos\",\"@id\":\"https:\\\/\\\/lospoliticosveracruz.com\\\/#\\\/schema\\\/person\\\/b8702bb0e538456e6efd07080bf2a4a2\"},\"headline\":\"\u00a1Se tambalea otro l\u00edder petrolero!\",\"datePublished\":\"2019-10-24T13:17:01+00:00\",\"mainEntityOfPage\":{\"@id\":\"https:\\\/\\\/lospoliticosveracruz.com\\\/?p=50338\"},\"wordCount\":1151,\"commentCount\":0,\"publisher\":{\"@id\":\"https:\\\/\\\/lospoliticosveracruz.com\\\/#organization\"},\"image\":{\"@id\":\"https:\\\/\\\/lospoliticosveracruz.com\\\/?p=50338#primaryimage\"},\"thumbnailUrl\":\"https:\\\/\\\/lospoliticosveracruz.com\\\/wp-content\\\/uploads\\\/2019\\\/10\\\/Jorge-Wade-Gonz\u00e1lez.jpg\",\"keywords\":[\"Boca del R\u00edo\",\"Carlos Romero Deschamps\",\"Colonia Obrera\",\"Cuitl\u00e1huac Garc\u00eda\",\"Gertz Manero\",\"HUmberto Alonso Morelli\",\"inseguridad\",\"Jorge Wade Gonz\u00e1lez\",\"L\u00f3pez Obrador\",\"Minatitl\u00e1n\",\"Octavio Romero\",\"PAN\",\"Ricardo Ch\u00faa\",\"Sefiplan\",\"Veracruz\"],\"articleSection\":[\"De Opini\u00f3n\"],\"inLanguage\":\"es\",\"potentialAction\":[{\"@type\":\"CommentAction\",\"name\":\"Comment\",\"target\":[\"https:\\\/\\\/lospoliticosveracruz.com\\\/?p=50338#respond\"]}]},{\"@type\":\"WebPage\",\"@id\":\"https:\\\/\\\/lospoliticosveracruz.com\\\/?p=50338\",\"url\":\"https:\\\/\\\/lospoliticosveracruz.com\\\/?p=50338\",\"name\":\"\u00a1Se tambalea otro l\u00edder petrolero! - Los pol\u00edticos Veracruz\",\"isPartOf\":{\"@id\":\"https:\\\/\\\/lospoliticosveracruz.com\\\/#website\"},\"primaryImageOfPage\":{\"@id\":\"https:\\\/\\\/lospoliticosveracruz.com\\\/?p=50338#primaryimage\"},\"image\":{\"@id\":\"https:\\\/\\\/lospoliticosveracruz.com\\\/?p=50338#primaryimage\"},\"thumbnailUrl\":\"https:\\\/\\\/lospoliticosveracruz.com\\\/wp-content\\\/uploads\\\/2019\\\/10\\\/Jorge-Wade-Gonz\u00e1lez.jpg\",\"datePublished\":\"2019-10-24T13:17:01+00:00\",\"breadcrumb\":{\"@id\":\"https:\\\/\\\/lospoliticosveracruz.com\\\/?p=50338#breadcrumb\"},\"inLanguage\":\"es\",\"potentialAction\":[{\"@type\":\"ReadAction\",\"target\":[\"https:\\\/\\\/lospoliticosveracruz.com\\\/?p=50338\"]}]},{\"@type\":\"ImageObject\",\"inLanguage\":\"es\",\"@id\":\"https:\\\/\\\/lospoliticosveracruz.com\\\/?p=50338#primaryimage\",\"url\":\"https:\\\/\\\/lospoliticosveracruz.com\\\/wp-content\\\/uploads\\\/2019\\\/10\\\/Jorge-Wade-Gonz\u00e1lez.jpg\",\"contentUrl\":\"https:\\\/\\\/lospoliticosveracruz.com\\\/wp-content\\\/uploads\\\/2019\\\/10\\\/Jorge-Wade-Gonz\u00e1lez.jpg\",\"width\":600,\"height\":469},{\"@type\":\"BreadcrumbList\",\"@id\":\"https:\\\/\\\/lospoliticosveracruz.com\\\/?p=50338#breadcrumb\",\"itemListElement\":[{\"@type\":\"ListItem\",\"position\":1,\"name\":\"Portada\",\"item\":\"https:\\\/\\\/lospoliticosveracruz.com\\\/\"},{\"@type\":\"ListItem\",\"position\":2,\"name\":\"\u00a1Se tambalea otro l\u00edder petrolero!\"}]},{\"@type\":\"WebSite\",\"@id\":\"https:\\\/\\\/lospoliticosveracruz.com\\\/#website\",\"url\":\"https:\\\/\\\/lospoliticosveracruz.com\\\/\",\"name\":\"Los pol\u00edticos Veracruz\",\"description\":\"\",\"publisher\":{\"@id\":\"https:\\\/\\\/lospoliticosveracruz.com\\\/#organization\"},\"potentialAction\":[{\"@type\":\"SearchAction\",\"target\":{\"@type\":\"EntryPoint\",\"urlTemplate\":\"https:\\\/\\\/lospoliticosveracruz.com\\\/?s={search_term_string}\"},\"query-input\":{\"@type\":\"PropertyValueSpecification\",\"valueRequired\":true,\"valueName\":\"search_term_string\"}}],\"inLanguage\":\"es\"},{\"@type\":\"Organization\",\"@id\":\"https:\\\/\\\/lospoliticosveracruz.com\\\/#organization\",\"name\":\"Los pol\u00edticos Veracruz\",\"url\":\"https:\\\/\\\/lospoliticosveracruz.com\\\/\",\"logo\":{\"@type\":\"ImageObject\",\"inLanguage\":\"es\",\"@id\":\"https:\\\/\\\/lospoliticosveracruz.com\\\/#\\\/schema\\\/logo\\\/image\\\/\",\"url\":\"https:\\\/\\\/lospoliticosveracruz.com\\\/wp-content\\\/uploads\\\/2025\\\/12\\\/Logo-Nuevo-LOS-POLITICOS-1.jpg\",\"contentUrl\":\"https:\\\/\\\/lospoliticosveracruz.com\\\/wp-content\\\/uploads\\\/2025\\\/12\\\/Logo-Nuevo-LOS-POLITICOS-1.jpg\",\"width\":260,\"height\":70,\"caption\":\"Los pol\u00edticos Veracruz\"},\"image\":{\"@id\":\"https:\\\/\\\/lospoliticosveracruz.com\\\/#\\\/schema\\\/logo\\\/image\\\/\"},\"sameAs\":[\"https:\\\/\\\/www.facebook.com\\\/people\\\/Notimemes-de-los-Polticos\\\/61565672886568\\\/\",\"https:\\\/\\\/x.com\\\/LosPoliticosVer\"]},{\"@type\":\"Person\",\"@id\":\"https:\\\/\\\/lospoliticosveracruz.com\\\/#\\\/schema\\\/person\\\/b8702bb0e538456e6efd07080bf2a4a2\",\"name\":\"Lo viste en Los Pol\u00edticos\",\"image\":{\"@type\":\"ImageObject\",\"inLanguage\":\"es\",\"@id\":\"https:\\\/\\\/secure.gravatar.com\\\/avatar\\\/3a8de04a2656d44082be478bd6c086daa447c4651605818287b9532d3d0bd435?s=96&d=mm&r=g\",\"url\":\"https:\\\/\\\/secure.gravatar.com\\\/avatar\\\/3a8de04a2656d44082be478bd6c086daa447c4651605818287b9532d3d0bd435?s=96&d=mm&r=g\",\"contentUrl\":\"https:\\\/\\\/secure.gravatar.com\\\/avatar\\\/3a8de04a2656d44082be478bd6c086daa447c4651605818287b9532d3d0bd435?s=96&d=mm&r=g\",\"caption\":\"Lo viste en Los Pol\u00edticos\"},\"url\":\"https:\\\/\\\/lospoliticosveracruz.com\\\/?author=2\"}]}<\/script>\n<!-- \/ Yoast SEO plugin. -->","yoast_head_json":{"title":"\u00a1Se tambalea otro l\u00edder petrolero! - Los pol\u00edticos Veracruz","robots":{"index":"index","follow":"follow","max-snippet":"max-snippet:-1","max-image-preview":"max-image-preview:large","max-video-preview":"max-video-preview:-1"},"canonical":"https:\/\/lospoliticosveracruz.com\/?p=50338","og_locale":"es_ES","og_type":"article","og_title":"\u00a1Se tambalea otro l\u00edder petrolero! - Los pol\u00edticos Veracruz","og_description":"Ricardo Ch\u00faa Sale y Vale OJO&#8230; Minatitlan es ya una ciudad desolada&#8230; Despu\u00e9s de las 19:00 horas la vida comercial, familiar y laboral se apaga en este municipio sure\u00f1o&#8230; El tema es el mismo desde diciembre pasado: La inseguridad&#8230; La gente no sale a las calles a comprar, ni a pasear cuando cae el sol&#8230; [&hellip;]","og_url":"https:\/\/lospoliticosveracruz.com\/?p=50338","og_site_name":"Los pol\u00edticos Veracruz","article_publisher":"https:\/\/www.facebook.com\/people\/Notimemes-de-los-Polticos\/61565672886568\/","article_published_time":"2019-10-24T13:17:01+00:00","og_image":[{"width":600,"height":469,"url":"https:\/\/lospoliticosveracruz.com\/wp-content\/uploads\/2019\/10\/Jorge-Wade-Gonz\u00e1lez.jpg","type":"image\/jpeg"}],"author":"Lo viste en Los Pol\u00edticos","twitter_card":"summary_large_image","twitter_creator":"@LosPoliticosVer","twitter_site":"@LosPoliticosVer","twitter_misc":{"Escrito por":"Lo viste en Los Pol\u00edticos","Tiempo de lectura":"6 minutos"},"schema":{"@context":"https:\/\/schema.org","@graph":[{"@type":"Article","@id":"https:\/\/lospoliticosveracruz.com\/?p=50338#article","isPartOf":{"@id":"https:\/\/lospoliticosveracruz.com\/?p=50338"},"author":{"name":"Lo viste en Los Pol\u00edticos","@id":"https:\/\/lospoliticosveracruz.com\/#\/schema\/person\/b8702bb0e538456e6efd07080bf2a4a2"},"headline":"\u00a1Se tambalea otro l\u00edder petrolero!","datePublished":"2019-10-24T13:17:01+00:00","mainEntityOfPage":{"@id":"https:\/\/lospoliticosveracruz.com\/?p=50338"},"wordCount":1151,"commentCount":0,"publisher":{"@id":"https:\/\/lospoliticosveracruz.com\/#organization"},"image":{"@id":"https:\/\/lospoliticosveracruz.com\/?p=50338#primaryimage"},"thumbnailUrl":"https:\/\/lospoliticosveracruz.com\/wp-content\/uploads\/2019\/10\/Jorge-Wade-Gonz\u00e1lez.jpg","keywords":["Boca del R\u00edo","Carlos Romero Deschamps","Colonia Obrera","Cuitl\u00e1huac Garc\u00eda","Gertz Manero","HUmberto Alonso Morelli","inseguridad","Jorge Wade Gonz\u00e1lez","L\u00f3pez Obrador","Minatitl\u00e1n","Octavio Romero","PAN","Ricardo Ch\u00faa","Sefiplan","Veracruz"],"articleSection":["De Opini\u00f3n"],"inLanguage":"es","potentialAction":[{"@type":"CommentAction","name":"Comment","target":["https:\/\/lospoliticosveracruz.com\/?p=50338#respond"]}]},{"@type":"WebPage","@id":"https:\/\/lospoliticosveracruz.com\/?p=50338","url":"https:\/\/lospoliticosveracruz.com\/?p=50338","name":"\u00a1Se tambalea otro l\u00edder petrolero! - Los pol\u00edticos Veracruz","isPartOf":{"@id":"https:\/\/lospoliticosveracruz.com\/#website"},"primaryImageOfPage":{"@id":"https:\/\/lospoliticosveracruz.com\/?p=50338#primaryimage"},"image":{"@id":"https:\/\/lospoliticosveracruz.com\/?p=50338#primaryimage"},"thumbnailUrl":"https:\/\/lospoliticosveracruz.com\/wp-content\/uploads\/2019\/10\/Jorge-Wade-Gonz\u00e1lez.jpg","datePublished":"2019-10-24T13:17:01+00:00","breadcrumb":{"@id":"https:\/\/lospoliticosveracruz.com\/?p=50338#breadcrumb"},"inLanguage":"es","potentialAction":[{"@type":"ReadAction","target":["https:\/\/lospoliticosveracruz.com\/?p=50338"]}]},{"@type":"ImageObject","inLanguage":"es","@id":"https:\/\/lospoliticosveracruz.com\/?p=50338#primaryimage","url":"https:\/\/lospoliticosveracruz.com\/wp-content\/uploads\/2019\/10\/Jorge-Wade-Gonz\u00e1lez.jpg","contentUrl":"https:\/\/lospoliticosveracruz.com\/wp-content\/uploads\/2019\/10\/Jorge-Wade-Gonz\u00e1lez.jpg","width":600,"height":469},{"@type":"BreadcrumbList","@id":"https:\/\/lospoliticosveracruz.com\/?p=50338#breadcrumb","itemListElement":[{"@type":"ListItem","position":1,"name":"Portada","item":"https:\/\/lospoliticosveracruz.com\/"},{"@type":"ListItem","position":2,"name":"\u00a1Se tambalea otro l\u00edder petrolero!"}]},{"@type":"WebSite","@id":"https:\/\/lospoliticosveracruz.com\/#website","url":"https:\/\/lospoliticosveracruz.com\/","name":"Los pol\u00edticos Veracruz","description":"","publisher":{"@id":"https:\/\/lospoliticosveracruz.com\/#organization"},"potentialAction":[{"@type":"SearchAction","target":{"@type":"EntryPoint","urlTemplate":"https:\/\/lospoliticosveracruz.com\/?s={search_term_string}"},"query-input":{"@type":"PropertyValueSpecification","valueRequired":true,"valueName":"search_term_string"}}],"inLanguage":"es"},{"@type":"Organization","@id":"https:\/\/lospoliticosveracruz.com\/#organization","name":"Los pol\u00edticos Veracruz","url":"https:\/\/lospoliticosveracruz.com\/","logo":{"@type":"ImageObject","inLanguage":"es","@id":"https:\/\/lospoliticosveracruz.com\/#\/schema\/logo\/image\/","url":"https:\/\/lospoliticosveracruz.com\/wp-content\/uploads\/2025\/12\/Logo-Nuevo-LOS-POLITICOS-1.jpg","contentUrl":"https:\/\/lospoliticosveracruz.com\/wp-content\/uploads\/2025\/12\/Logo-Nuevo-LOS-POLITICOS-1.jpg","width":260,"height":70,"caption":"Los pol\u00edticos Veracruz"},"image":{"@id":"https:\/\/lospoliticosveracruz.com\/#\/schema\/logo\/image\/"},"sameAs":["https:\/\/www.facebook.com\/people\/Notimemes-de-los-Polticos\/61565672886568\/","https:\/\/x.com\/LosPoliticosVer"]},{"@type":"Person","@id":"https:\/\/lospoliticosveracruz.com\/#\/schema\/person\/b8702bb0e538456e6efd07080bf2a4a2","name":"Lo viste en Los Pol\u00edticos","image":{"@type":"ImageObject","inLanguage":"es","@id":"https:\/\/secure.gravatar.com\/avatar\/3a8de04a2656d44082be478bd6c086daa447c4651605818287b9532d3d0bd435?s=96&d=mm&r=g","url":"https:\/\/secure.gravatar.com\/avatar\/3a8de04a2656d44082be478bd6c086daa447c4651605818287b9532d3d0bd435?s=96&d=mm&r=g","contentUrl":"https:\/\/secure.gravatar.com\/avatar\/3a8de04a2656d44082be478bd6c086daa447c4651605818287b9532d3d0bd435?s=96&d=mm&r=g","caption":"Lo viste en Los Pol\u00edticos"},"url":"https:\/\/lospoliticosveracruz.com\/?author=2"}]}},"_links":{"self":[{"href":"https:\/\/lospoliticosveracruz.com\/index.php?rest_route=\/wp\/v2\/posts\/50338","targetHints":{"allow":["GET"]}}],"collection":[{"href":"https:\/\/lospoliticosveracruz.com\/index.php?rest_route=\/wp\/v2\/posts"}],"about":[{"href":"https:\/\/lospoliticosveracruz.com\/index.php?rest_route=\/wp\/v2\/types\/post"}],"author":[{"embeddable":true,"href":"https:\/\/lospoliticosveracruz.com\/index.php?rest_route=\/wp\/v2\/users\/2"}],"replies":[{"embeddable":true,"href":"https:\/\/lospoliticosveracruz.com\/index.php?rest_route=%2Fwp%2Fv2%2Fcomments&post=50338"}],"version-history":[{"count":1,"href":"https:\/\/lospoliticosveracruz.com\/index.php?rest_route=\/wp\/v2\/posts\/50338\/revisions"}],"predecessor-version":[{"id":50340,"href":"https:\/\/lospoliticosveracruz.com\/index.php?rest_route=\/wp\/v2\/posts\/50338\/revisions\/50340"}],"wp:featuredmedia":[{"embeddable":true,"href":"https:\/\/lospoliticosveracruz.com\/index.php?rest_route=\/wp\/v2\/media\/50339"}],"wp:attachment":[{"href":"https:\/\/lospoliticosveracruz.com\/index.php?rest_route=%2Fwp%2Fv2%2Fmedia&parent=50338"}],"wp:term":[{"taxonomy":"category","embeddable":true,"href":"https:\/\/lospoliticosveracruz.com\/index.php?rest_route=%2Fwp%2Fv2%2Fcategories&post=50338"},{"taxonomy":"post_tag","embeddable":true,"href":"https:\/\/lospoliticosveracruz.com\/index.php?rest_route=%2Fwp%2Fv2%2Ftags&post=50338"}],"curies":[{"name":"wp","href":"https:\/\/api.w.org\/{rel}","templated":true}]}}