{"id":50358,"date":"2019-10-25T07:41:11","date_gmt":"2019-10-25T12:41:11","guid":{"rendered":"http:\/\/www.lospoliticosveracruz.com.mx\/?p=50358"},"modified":"2019-10-25T07:41:11","modified_gmt":"2019-10-25T12:41:11","slug":"como-contratar-un-seguro-que-sea-seguro","status":"publish","type":"post","link":"https:\/\/lospoliticosveracruz.com\/?p=50358","title":{"rendered":"\u00bfC\u00f3mo contratar un seguro, que sea seguro?"},"content":{"rendered":"<p><strong>Teresa Carbajal<\/strong><\/p>\n<p><em>Debo no niego; pago lo justo<\/em><\/p>\n<p>Uno que s\u00ed funcione cuando lo necesite. Entender conceptos b\u00e1sicos como p\u00f3liza, deducible, condiciones generales, exclusiones, y por supuesto, c\u00f3mo hacerlos efectivos y obtener las indemnizaciones correspondientes.<\/p>\n<p>\u00a1Pues \u00e9sta es su oportunidad! Porque hoy\u00a0 25 de octubre 2019 en punto de las 6 de la tarde, tendremos en la sala de juntas del Barz\u00f3n a Mar\u00eda del Rosario G\u00f3mez Gonz\u00e1lez ella es asesora profesional de seguros autorizada por la Comisi\u00f3n Nacional de Seguros y Fianzas de la Secretar\u00eda de Hacienda y Cr\u00e9dito P\u00fablico, posgraduada en finanzas, y de m\u00e1s est\u00e1 decir que es experta en el tema de seguros.<\/p>\n<p>Y viene a darnos una pl\u00e1tica sobre \u201cSeguros\u201d, uno de los 5 ejes fundamentales de la educaci\u00f3n financiera.<\/p>\n<p>Y es que resulta que en el Barz\u00f3n comenzamos a idear que si de por s\u00ed, nosotros tenemos cada ocho d\u00edas, (los d\u00edas viernes) nuestras pl\u00e1ticas informativas sobre temas como, finanzas personales, cambios o modificaciones legales en el uso de servicios financieros, uso correcto de cr\u00e9ditos, entre otros, \u00a1por qu\u00e9 no compartirlas!<\/p>\n<p>Y entonces, decidimos abrir esas pl\u00e1ticas al p\u00fablico en general para llevar a todos ustedes, la informaci\u00f3n tan valiosa que tenemos para prevenci\u00f3n, aprovechando la gran preparaci\u00f3n y experiencia de nuestra \u00e1rea legal en el manejo cotidiano de todo tipo de casos \u201cdif\u00edciles y desesperados\u201d de cartera vencida, en sinergia con la experiencia de quienes por falta de conocimientos o de informaci\u00f3n han sufrido experiencias fallidas en el uso de cr\u00e9ditos.<\/p>\n<p>La era digital nos plantea diariamente nuevos retos, las reformas y adiciones legales otro tanto y lo mejor es educarnos financieramente, actualizarnos o simplemente reflexionar y generar conciencia financiera.<\/p>\n<p>Para ello armamos un ciclo de 4 conferencias, estas dieron inicio el viernes pasado tocando inaugurar al Notario P\u00fablico N\u00famero 6 de esta demarcaci\u00f3n notarial de Xalapa, Veracruz, Daniel Reyes Mor\u00e1n, con quien compart\u00ed el aula del grupo de \u201calto rendimiento\u201d en la Facultad de Derecho de la UV, \u00e9l fue un destacado estudiante y ahora es un excelente profesionista, Daniel nos habl\u00f3 sobre el testamento en una charla muy amena y cercana que estoy segura sirvi\u00f3 a todos los asistentes.<\/p>\n<p>Como ahora espero sirva a todos los que nos acompa\u00f1en a escuchar a Rosario, la agente de seguros, as\u00ed que no lo olvide la cita es hoy y puede llamar para reservar su lugar a los datos de contacto que aparecen al calce.<\/p>\n<p>Ahora que, si lo suyo es saber sobre Afores, lo invito a escuchar el pr\u00f3ximo 8 de noviembre a la misma hora, 6 pm, al abogado Jonathan Chimal, y cerraremos con un taller de presupuesto familiar de la que estamos por confirmar fecha.<\/p>\n<p>\u00a1Todas son gratuitas! as\u00ed que no desaproveche la oportunidad de venir a escucharlos y de paso llevarse su revista (tambi\u00e9n gratuita) de \u201cProteja su Dinero\u201d, y ya por aqu\u00ed nos tomamos un cafecito.<\/p>\n<p>\u00a1Si tiene deudas y desea exponer su caso llame al 2281148502!<\/p>\n<p>Visite\u00a0 <a href=\"http:\/\/www.elbarzonrc.org\/\">www.elbarzonrc.org<\/a> Contacte <a href=\"mailto:elbarzonrc@yahoo.com.mx\">elbarzonrc@yahoo.com.mx<\/a>, O s\u00edgame en @terecarbajal<\/p>\n<p>&nbsp;<\/p>\n<p><strong>\u00a0<\/strong><\/p>\n<p>&nbsp;<\/p>\n<p>&nbsp;<\/p>\n<p>&nbsp;<\/p>\n<p>&nbsp;<\/p>\n<p>&nbsp;<\/p>\n","protected":false},"excerpt":{"rendered":"<p>Teresa Carbajal Debo no niego; pago lo justo Uno que s\u00ed funcione cuando lo necesite. Entender conceptos b\u00e1sicos como p\u00f3liza, deducible, condiciones generales, exclusiones, y por supuesto, c\u00f3mo hacerlos efectivos y obtener las indemnizaciones correspondientes. \u00a1Pues \u00e9sta es su oportunidad! Porque hoy\u00a0 25 de octubre 2019 en punto de las 6 de la tarde, tendremos [&hellip;]<\/p>\n","protected":false},"author":2,"featured_media":50359,"comment_status":"open","ping_status":"open","sticky":false,"template":"","format":"standard","meta":{"tdm_status":"","tdm_grid_status":"","footnotes":""},"categories":[70],"tags":[15550,15581,15577,15582,15576,15578,3356,15584,15580,15575,15585,6605,15579,15570,172,195,96],"class_list":{"0":"post-50358","1":"post","2":"type-post","3":"status-publish","4":"format-standard","5":"has-post-thumbnail","7":"category-de-opinion","8":"tag-barzon","9":"tag-comision-nacional-de-seguros-y-fianzas","10":"tag-condiciones-generales","11":"tag-daniel-reyes-moran","12":"tag-deducible","13":"tag-exclusiones","14":"tag-facultad-de-derecho","15":"tag-jonathan-chimal","16":"tag-maria-del-rosario-gomez-gonzalez","17":"tag-poliza","18":"tag-proteja-su-dinero","19":"tag-secretaria-de-hacienda-y-credito-publico","20":"tag-seguro","21":"tag-teresa-carbajal","22":"tag-uv","23":"tag-veracruz","24":"tag-xalapa"},"yoast_head":"<!-- This site is optimized with the Yoast SEO plugin v27.4 - https:\/\/yoast.com\/product\/yoast-seo-wordpress\/ -->\n<title>\u00bfC\u00f3mo contratar un seguro, que sea seguro? - Los pol\u00edticos Veracruz<\/title>\n<meta name=\"robots\" content=\"index, follow, max-snippet:-1, max-image-preview:large, max-video-preview:-1\" \/>\n<link rel=\"canonical\" href=\"https:\/\/lospoliticosveracruz.com\/?p=50358\" \/>\n<meta property=\"og:locale\" content=\"es_ES\" \/>\n<meta property=\"og:type\" content=\"article\" \/>\n<meta property=\"og:title\" content=\"\u00bfC\u00f3mo contratar un seguro, que sea seguro? - Los pol\u00edticos Veracruz\" \/>\n<meta property=\"og:description\" content=\"Teresa Carbajal Debo no niego; pago lo justo Uno que s\u00ed funcione cuando lo necesite. Entender conceptos b\u00e1sicos como p\u00f3liza, deducible, condiciones generales, exclusiones, y por supuesto, c\u00f3mo hacerlos efectivos y obtener las indemnizaciones correspondientes. \u00a1Pues \u00e9sta es su oportunidad! Porque hoy\u00a0 25 de octubre 2019 en punto de las 6 de la tarde, tendremos [&hellip;]\" \/>\n<meta property=\"og:url\" content=\"https:\/\/lospoliticosveracruz.com\/?p=50358\" \/>\n<meta property=\"og:site_name\" content=\"Los pol\u00edticos Veracruz\" \/>\n<meta property=\"article:publisher\" content=\"https:\/\/www.facebook.com\/people\/Notimemes-de-los-Polticos\/61565672886568\/\" \/>\n<meta property=\"article:published_time\" content=\"2019-10-25T12:41:11+00:00\" \/>\n<meta property=\"og:image\" content=\"https:\/\/lospoliticosveracruz.com\/wp-content\/uploads\/2019\/10\/Seguros.jpeg\" \/>\n\t<meta property=\"og:image:width\" content=\"600\" \/>\n\t<meta property=\"og:image:height\" content=\"337\" \/>\n\t<meta property=\"og:image:type\" content=\"image\/jpeg\" \/>\n<meta name=\"author\" content=\"Lo viste en Los Pol\u00edticos\" \/>\n<meta name=\"twitter:card\" content=\"summary_large_image\" \/>\n<meta name=\"twitter:creator\" content=\"@LosPoliticosVer\" \/>\n<meta name=\"twitter:site\" content=\"@LosPoliticosVer\" \/>\n<meta name=\"twitter:label1\" content=\"Escrito por\" \/>\n\t<meta name=\"twitter:data1\" content=\"Lo viste en Los Pol\u00edticos\" \/>\n\t<meta name=\"twitter:label2\" content=\"Tiempo de lectura\" \/>\n\t<meta name=\"twitter:data2\" content=\"3 minutos\" \/>\n<script type=\"application\/ld+json\" class=\"yoast-schema-graph\">{\"@context\":\"https:\\\/\\\/schema.org\",\"@graph\":[{\"@type\":\"Article\",\"@id\":\"https:\\\/\\\/lospoliticosveracruz.com\\\/?p=50358#article\",\"isPartOf\":{\"@id\":\"https:\\\/\\\/lospoliticosveracruz.com\\\/?p=50358\"},\"author\":{\"name\":\"Lo viste en Los Pol\u00edticos\",\"@id\":\"https:\\\/\\\/lospoliticosveracruz.com\\\/#\\\/schema\\\/person\\\/b8702bb0e538456e6efd07080bf2a4a2\"},\"headline\":\"\u00bfC\u00f3mo contratar un seguro, que sea seguro?\",\"datePublished\":\"2019-10-25T12:41:11+00:00\",\"mainEntityOfPage\":{\"@id\":\"https:\\\/\\\/lospoliticosveracruz.com\\\/?p=50358\"},\"wordCount\":541,\"commentCount\":0,\"publisher\":{\"@id\":\"https:\\\/\\\/lospoliticosveracruz.com\\\/#organization\"},\"image\":{\"@id\":\"https:\\\/\\\/lospoliticosveracruz.com\\\/?p=50358#primaryimage\"},\"thumbnailUrl\":\"https:\\\/\\\/lospoliticosveracruz.com\\\/wp-content\\\/uploads\\\/2019\\\/10\\\/Seguros.jpeg\",\"keywords\":[\"Barz\u00f3n\",\"Comisi\u00f3n Nacional de Seguros y Fianzas\",\"condiciones generales\",\"Daniel Reyes Mor\u00e1n\",\"deducible\",\"exclusiones\",\"Facultad de Derecho\",\"Jonathan Chimal\",\"Mar\u00eda del Rosario G\u00f3mez Gonz\u00e1lez\",\"p\u00f3liza\",\"Proteja su Dinero\",\"Secretar\u00eda de Hacienda y Cr\u00e9dito P\u00fablico\",\"seguro\",\"Teresa Carbajal\",\"UV\",\"Veracruz\",\"Xalapa\"],\"articleSection\":[\"De Opini\u00f3n\"],\"inLanguage\":\"es\",\"potentialAction\":[{\"@type\":\"CommentAction\",\"name\":\"Comment\",\"target\":[\"https:\\\/\\\/lospoliticosveracruz.com\\\/?p=50358#respond\"]}]},{\"@type\":\"WebPage\",\"@id\":\"https:\\\/\\\/lospoliticosveracruz.com\\\/?p=50358\",\"url\":\"https:\\\/\\\/lospoliticosveracruz.com\\\/?p=50358\",\"name\":\"\u00bfC\u00f3mo contratar un seguro, que sea seguro? - Los pol\u00edticos Veracruz\",\"isPartOf\":{\"@id\":\"https:\\\/\\\/lospoliticosveracruz.com\\\/#website\"},\"primaryImageOfPage\":{\"@id\":\"https:\\\/\\\/lospoliticosveracruz.com\\\/?p=50358#primaryimage\"},\"image\":{\"@id\":\"https:\\\/\\\/lospoliticosveracruz.com\\\/?p=50358#primaryimage\"},\"thumbnailUrl\":\"https:\\\/\\\/lospoliticosveracruz.com\\\/wp-content\\\/uploads\\\/2019\\\/10\\\/Seguros.jpeg\",\"datePublished\":\"2019-10-25T12:41:11+00:00\",\"breadcrumb\":{\"@id\":\"https:\\\/\\\/lospoliticosveracruz.com\\\/?p=50358#breadcrumb\"},\"inLanguage\":\"es\",\"potentialAction\":[{\"@type\":\"ReadAction\",\"target\":[\"https:\\\/\\\/lospoliticosveracruz.com\\\/?p=50358\"]}]},{\"@type\":\"ImageObject\",\"inLanguage\":\"es\",\"@id\":\"https:\\\/\\\/lospoliticosveracruz.com\\\/?p=50358#primaryimage\",\"url\":\"https:\\\/\\\/lospoliticosveracruz.com\\\/wp-content\\\/uploads\\\/2019\\\/10\\\/Seguros.jpeg\",\"contentUrl\":\"https:\\\/\\\/lospoliticosveracruz.com\\\/wp-content\\\/uploads\\\/2019\\\/10\\\/Seguros.jpeg\",\"width\":600,\"height\":337},{\"@type\":\"BreadcrumbList\",\"@id\":\"https:\\\/\\\/lospoliticosveracruz.com\\\/?p=50358#breadcrumb\",\"itemListElement\":[{\"@type\":\"ListItem\",\"position\":1,\"name\":\"Portada\",\"item\":\"https:\\\/\\\/lospoliticosveracruz.com\\\/\"},{\"@type\":\"ListItem\",\"position\":2,\"name\":\"\u00bfC\u00f3mo contratar un seguro, que sea seguro?\"}]},{\"@type\":\"WebSite\",\"@id\":\"https:\\\/\\\/lospoliticosveracruz.com\\\/#website\",\"url\":\"https:\\\/\\\/lospoliticosveracruz.com\\\/\",\"name\":\"Los pol\u00edticos Veracruz\",\"description\":\"\",\"publisher\":{\"@id\":\"https:\\\/\\\/lospoliticosveracruz.com\\\/#organization\"},\"potentialAction\":[{\"@type\":\"SearchAction\",\"target\":{\"@type\":\"EntryPoint\",\"urlTemplate\":\"https:\\\/\\\/lospoliticosveracruz.com\\\/?s={search_term_string}\"},\"query-input\":{\"@type\":\"PropertyValueSpecification\",\"valueRequired\":true,\"valueName\":\"search_term_string\"}}],\"inLanguage\":\"es\"},{\"@type\":\"Organization\",\"@id\":\"https:\\\/\\\/lospoliticosveracruz.com\\\/#organization\",\"name\":\"Los pol\u00edticos Veracruz\",\"url\":\"https:\\\/\\\/lospoliticosveracruz.com\\\/\",\"logo\":{\"@type\":\"ImageObject\",\"inLanguage\":\"es\",\"@id\":\"https:\\\/\\\/lospoliticosveracruz.com\\\/#\\\/schema\\\/logo\\\/image\\\/\",\"url\":\"https:\\\/\\\/lospoliticosveracruz.com\\\/wp-content\\\/uploads\\\/2025\\\/12\\\/Logo-Nuevo-LOS-POLITICOS-1.jpg\",\"contentUrl\":\"https:\\\/\\\/lospoliticosveracruz.com\\\/wp-content\\\/uploads\\\/2025\\\/12\\\/Logo-Nuevo-LOS-POLITICOS-1.jpg\",\"width\":260,\"height\":70,\"caption\":\"Los pol\u00edticos Veracruz\"},\"image\":{\"@id\":\"https:\\\/\\\/lospoliticosveracruz.com\\\/#\\\/schema\\\/logo\\\/image\\\/\"},\"sameAs\":[\"https:\\\/\\\/www.facebook.com\\\/people\\\/Notimemes-de-los-Polticos\\\/61565672886568\\\/\",\"https:\\\/\\\/x.com\\\/LosPoliticosVer\"]},{\"@type\":\"Person\",\"@id\":\"https:\\\/\\\/lospoliticosveracruz.com\\\/#\\\/schema\\\/person\\\/b8702bb0e538456e6efd07080bf2a4a2\",\"name\":\"Lo viste en Los Pol\u00edticos\",\"image\":{\"@type\":\"ImageObject\",\"inLanguage\":\"es\",\"@id\":\"https:\\\/\\\/secure.gravatar.com\\\/avatar\\\/3a8de04a2656d44082be478bd6c086daa447c4651605818287b9532d3d0bd435?s=96&d=mm&r=g\",\"url\":\"https:\\\/\\\/secure.gravatar.com\\\/avatar\\\/3a8de04a2656d44082be478bd6c086daa447c4651605818287b9532d3d0bd435?s=96&d=mm&r=g\",\"contentUrl\":\"https:\\\/\\\/secure.gravatar.com\\\/avatar\\\/3a8de04a2656d44082be478bd6c086daa447c4651605818287b9532d3d0bd435?s=96&d=mm&r=g\",\"caption\":\"Lo viste en Los Pol\u00edticos\"},\"url\":\"https:\\\/\\\/lospoliticosveracruz.com\\\/?author=2\"}]}<\/script>\n<!-- \/ Yoast SEO plugin. -->","yoast_head_json":{"title":"\u00bfC\u00f3mo contratar un seguro, que sea seguro? - Los pol\u00edticos Veracruz","robots":{"index":"index","follow":"follow","max-snippet":"max-snippet:-1","max-image-preview":"max-image-preview:large","max-video-preview":"max-video-preview:-1"},"canonical":"https:\/\/lospoliticosveracruz.com\/?p=50358","og_locale":"es_ES","og_type":"article","og_title":"\u00bfC\u00f3mo contratar un seguro, que sea seguro? - Los pol\u00edticos Veracruz","og_description":"Teresa Carbajal Debo no niego; pago lo justo Uno que s\u00ed funcione cuando lo necesite. Entender conceptos b\u00e1sicos como p\u00f3liza, deducible, condiciones generales, exclusiones, y por supuesto, c\u00f3mo hacerlos efectivos y obtener las indemnizaciones correspondientes. \u00a1Pues \u00e9sta es su oportunidad! Porque hoy\u00a0 25 de octubre 2019 en punto de las 6 de la tarde, tendremos [&hellip;]","og_url":"https:\/\/lospoliticosveracruz.com\/?p=50358","og_site_name":"Los pol\u00edticos Veracruz","article_publisher":"https:\/\/www.facebook.com\/people\/Notimemes-de-los-Polticos\/61565672886568\/","article_published_time":"2019-10-25T12:41:11+00:00","og_image":[{"width":600,"height":337,"url":"https:\/\/lospoliticosveracruz.com\/wp-content\/uploads\/2019\/10\/Seguros.jpeg","type":"image\/jpeg"}],"author":"Lo viste en Los Pol\u00edticos","twitter_card":"summary_large_image","twitter_creator":"@LosPoliticosVer","twitter_site":"@LosPoliticosVer","twitter_misc":{"Escrito por":"Lo viste en Los Pol\u00edticos","Tiempo de lectura":"3 minutos"},"schema":{"@context":"https:\/\/schema.org","@graph":[{"@type":"Article","@id":"https:\/\/lospoliticosveracruz.com\/?p=50358#article","isPartOf":{"@id":"https:\/\/lospoliticosveracruz.com\/?p=50358"},"author":{"name":"Lo viste en Los Pol\u00edticos","@id":"https:\/\/lospoliticosveracruz.com\/#\/schema\/person\/b8702bb0e538456e6efd07080bf2a4a2"},"headline":"\u00bfC\u00f3mo contratar un seguro, que sea seguro?","datePublished":"2019-10-25T12:41:11+00:00","mainEntityOfPage":{"@id":"https:\/\/lospoliticosveracruz.com\/?p=50358"},"wordCount":541,"commentCount":0,"publisher":{"@id":"https:\/\/lospoliticosveracruz.com\/#organization"},"image":{"@id":"https:\/\/lospoliticosveracruz.com\/?p=50358#primaryimage"},"thumbnailUrl":"https:\/\/lospoliticosveracruz.com\/wp-content\/uploads\/2019\/10\/Seguros.jpeg","keywords":["Barz\u00f3n","Comisi\u00f3n Nacional de Seguros y Fianzas","condiciones generales","Daniel Reyes Mor\u00e1n","deducible","exclusiones","Facultad de Derecho","Jonathan Chimal","Mar\u00eda del Rosario G\u00f3mez Gonz\u00e1lez","p\u00f3liza","Proteja su Dinero","Secretar\u00eda de Hacienda y Cr\u00e9dito P\u00fablico","seguro","Teresa Carbajal","UV","Veracruz","Xalapa"],"articleSection":["De Opini\u00f3n"],"inLanguage":"es","potentialAction":[{"@type":"CommentAction","name":"Comment","target":["https:\/\/lospoliticosveracruz.com\/?p=50358#respond"]}]},{"@type":"WebPage","@id":"https:\/\/lospoliticosveracruz.com\/?p=50358","url":"https:\/\/lospoliticosveracruz.com\/?p=50358","name":"\u00bfC\u00f3mo contratar un seguro, que sea seguro? - Los pol\u00edticos Veracruz","isPartOf":{"@id":"https:\/\/lospoliticosveracruz.com\/#website"},"primaryImageOfPage":{"@id":"https:\/\/lospoliticosveracruz.com\/?p=50358#primaryimage"},"image":{"@id":"https:\/\/lospoliticosveracruz.com\/?p=50358#primaryimage"},"thumbnailUrl":"https:\/\/lospoliticosveracruz.com\/wp-content\/uploads\/2019\/10\/Seguros.jpeg","datePublished":"2019-10-25T12:41:11+00:00","breadcrumb":{"@id":"https:\/\/lospoliticosveracruz.com\/?p=50358#breadcrumb"},"inLanguage":"es","potentialAction":[{"@type":"ReadAction","target":["https:\/\/lospoliticosveracruz.com\/?p=50358"]}]},{"@type":"ImageObject","inLanguage":"es","@id":"https:\/\/lospoliticosveracruz.com\/?p=50358#primaryimage","url":"https:\/\/lospoliticosveracruz.com\/wp-content\/uploads\/2019\/10\/Seguros.jpeg","contentUrl":"https:\/\/lospoliticosveracruz.com\/wp-content\/uploads\/2019\/10\/Seguros.jpeg","width":600,"height":337},{"@type":"BreadcrumbList","@id":"https:\/\/lospoliticosveracruz.com\/?p=50358#breadcrumb","itemListElement":[{"@type":"ListItem","position":1,"name":"Portada","item":"https:\/\/lospoliticosveracruz.com\/"},{"@type":"ListItem","position":2,"name":"\u00bfC\u00f3mo contratar un seguro, que sea seguro?"}]},{"@type":"WebSite","@id":"https:\/\/lospoliticosveracruz.com\/#website","url":"https:\/\/lospoliticosveracruz.com\/","name":"Los pol\u00edticos Veracruz","description":"","publisher":{"@id":"https:\/\/lospoliticosveracruz.com\/#organization"},"potentialAction":[{"@type":"SearchAction","target":{"@type":"EntryPoint","urlTemplate":"https:\/\/lospoliticosveracruz.com\/?s={search_term_string}"},"query-input":{"@type":"PropertyValueSpecification","valueRequired":true,"valueName":"search_term_string"}}],"inLanguage":"es"},{"@type":"Organization","@id":"https:\/\/lospoliticosveracruz.com\/#organization","name":"Los pol\u00edticos Veracruz","url":"https:\/\/lospoliticosveracruz.com\/","logo":{"@type":"ImageObject","inLanguage":"es","@id":"https:\/\/lospoliticosveracruz.com\/#\/schema\/logo\/image\/","url":"https:\/\/lospoliticosveracruz.com\/wp-content\/uploads\/2025\/12\/Logo-Nuevo-LOS-POLITICOS-1.jpg","contentUrl":"https:\/\/lospoliticosveracruz.com\/wp-content\/uploads\/2025\/12\/Logo-Nuevo-LOS-POLITICOS-1.jpg","width":260,"height":70,"caption":"Los pol\u00edticos Veracruz"},"image":{"@id":"https:\/\/lospoliticosveracruz.com\/#\/schema\/logo\/image\/"},"sameAs":["https:\/\/www.facebook.com\/people\/Notimemes-de-los-Polticos\/61565672886568\/","https:\/\/x.com\/LosPoliticosVer"]},{"@type":"Person","@id":"https:\/\/lospoliticosveracruz.com\/#\/schema\/person\/b8702bb0e538456e6efd07080bf2a4a2","name":"Lo viste en Los Pol\u00edticos","image":{"@type":"ImageObject","inLanguage":"es","@id":"https:\/\/secure.gravatar.com\/avatar\/3a8de04a2656d44082be478bd6c086daa447c4651605818287b9532d3d0bd435?s=96&d=mm&r=g","url":"https:\/\/secure.gravatar.com\/avatar\/3a8de04a2656d44082be478bd6c086daa447c4651605818287b9532d3d0bd435?s=96&d=mm&r=g","contentUrl":"https:\/\/secure.gravatar.com\/avatar\/3a8de04a2656d44082be478bd6c086daa447c4651605818287b9532d3d0bd435?s=96&d=mm&r=g","caption":"Lo viste en Los Pol\u00edticos"},"url":"https:\/\/lospoliticosveracruz.com\/?author=2"}]}},"_links":{"self":[{"href":"https:\/\/lospoliticosveracruz.com\/index.php?rest_route=\/wp\/v2\/posts\/50358","targetHints":{"allow":["GET"]}}],"collection":[{"href":"https:\/\/lospoliticosveracruz.com\/index.php?rest_route=\/wp\/v2\/posts"}],"about":[{"href":"https:\/\/lospoliticosveracruz.com\/index.php?rest_route=\/wp\/v2\/types\/post"}],"author":[{"embeddable":true,"href":"https:\/\/lospoliticosveracruz.com\/index.php?rest_route=\/wp\/v2\/users\/2"}],"replies":[{"embeddable":true,"href":"https:\/\/lospoliticosveracruz.com\/index.php?rest_route=%2Fwp%2Fv2%2Fcomments&post=50358"}],"version-history":[{"count":1,"href":"https:\/\/lospoliticosveracruz.com\/index.php?rest_route=\/wp\/v2\/posts\/50358\/revisions"}],"predecessor-version":[{"id":50360,"href":"https:\/\/lospoliticosveracruz.com\/index.php?rest_route=\/wp\/v2\/posts\/50358\/revisions\/50360"}],"wp:featuredmedia":[{"embeddable":true,"href":"https:\/\/lospoliticosveracruz.com\/index.php?rest_route=\/wp\/v2\/media\/50359"}],"wp:attachment":[{"href":"https:\/\/lospoliticosveracruz.com\/index.php?rest_route=%2Fwp%2Fv2%2Fmedia&parent=50358"}],"wp:term":[{"taxonomy":"category","embeddable":true,"href":"https:\/\/lospoliticosveracruz.com\/index.php?rest_route=%2Fwp%2Fv2%2Fcategories&post=50358"},{"taxonomy":"post_tag","embeddable":true,"href":"https:\/\/lospoliticosveracruz.com\/index.php?rest_route=%2Fwp%2Fv2%2Ftags&post=50358"}],"curies":[{"name":"wp","href":"https:\/\/api.w.org\/{rel}","templated":true}]}}