{"id":50374,"date":"2019-10-25T23:00:58","date_gmt":"2019-10-26T04:00:58","guid":{"rendered":"http:\/\/www.lospoliticosveracruz.com.mx\/?p=50374"},"modified":"2019-10-25T21:04:23","modified_gmt":"2019-10-26T02:04:23","slug":"y-usted-en-que-gasta","status":"publish","type":"post","link":"https:\/\/lospoliticosveracruz.com\/?p=50374","title":{"rendered":"Y usted \u00bfen qu\u00e9 gasta?"},"content":{"rendered":"<p><strong>Brenda Caballero<\/strong><\/p>\n<p><em>N\u00fameros Rojos<\/em><\/p>\n<p>\u00bfHa pensado en qu\u00e9 gasta la quincena cuando llega a sus manos? \u00bfen renta? \u00bftransporte? \u00bfsalud? \u00bfeducaci\u00f3n? T\u00f3mese su tiempo para meditarlo.<\/p>\n<p>Mientras, le comento que los resultados presentados por el Inegi de la encuesta Nacional de Ingresos y Gastos de los Hogares 2018, mejor conocida como Enigh, ya se dieron a conocer.<\/p>\n<p>Con respecto a los ingresos de la mayor\u00eda de los hogares en el pa\u00eds, el trabajo personal subordinado o independiente sigue siendo la principal fuente, con 67 de cada 100 personas.<\/p>\n<p>Pero \u00bfen qu\u00e9 gastamos el dinero fruto de nuestro trabajo? Seg\u00fan la encuesta, el 35.3 por ciento se nos va en alimentos, pero tambi\u00e9n en bebidas y tabaco. S\u00ed, escuch\u00f3 usted bien: Los cigarros est\u00e1n dentro de las prioridades de los mexicanos. En cuanto al rubro de \u201cBebidas\u201d, d\u00edgame \u00bfqu\u00e9 toma en su casa?<\/p>\n<p>El segundo gasto en que desembolsamos es en el transporte y en lo que menos invertimos es en el cuidado de la salud, apenas un 2.6 por ciento.<\/p>\n<p>El lugar 28 que ocupa Veracruz en ingreso y gasto promedio, bastante bajo por cierto, solamente es superado por Morelos, Oaxaca, Guerrero y Chiapas de acuerdo a datos de la iniciativa M\u00e9xico \u00bfC\u00f3mo vamos?<\/p>\n<p>Este escenario mucho tiene que ver con la forma en que ha crecido la pobreza laboral en Veracruz al segundo trimestre de 2019, ya que presenta 48.7%, es decir, supera la media nacional que es de 37.5%, Pero \u00bfQu\u00e9 quiere decir eso de pobreza laboral? Es cuando el ingreso laboral de un hogar no es suficiente para alimentar a todos sus miembros y de seguro lo habr\u00e1 visto en el Super cuando una se\u00f1ora ya ni lleva carrito o canasta, pues compra dos o tres latas y bolsas de sopa\u2026 \u00a1se vive al d\u00eda! O usted mismo, que va haciendo cuentas con la calculadora para no pasarse de lo que lleva para gastar y evitarse la pena de dejar un producto en la caja porque no le alcanz\u00f3 para todo\u2026 Esto se refleja en los 3.6 puntos porcentuales que cay\u00f3 Veracruz en pobreza laboral del segundo trimestre de 2018 al segundo trimestre de 2019.<\/p>\n<p>Ahora, \u00bfya pens\u00f3 en qu\u00e9 se le va su quincena? Pues s\u00ed\u2026 de seguro en algunas frituras, chescos y chelas, pero quiz\u00e1s hay algo que no tom\u00f3 en cuenta la encuesta del Inegi: la vertiginosa vida que llevamos obliga a muchas familias a pensar en comidas y bebidas r\u00e1pidas que s\u00ed, son m\u00e1s baratas, pero a la larga, esa inversi\u00f3n que le damos a nuestra salud de un poquito arriba del 2 por ciento, se multiplica porque al final, lo que comemos o dejamos de comer, nos pasa factura.<\/p>\n<p>@NumerosRojos_BC<\/p>\n<p><a href=\"mailto:caballero_brenda@hotmail.com\">caballero_brenda@hotmail.com<\/a><\/p>\n","protected":false},"excerpt":{"rendered":"<p>Brenda Caballero N\u00fameros Rojos \u00bfHa pensado en qu\u00e9 gasta la quincena cuando llega a sus manos? \u00bfen renta? \u00bftransporte? \u00bfsalud? \u00bfeducaci\u00f3n? T\u00f3mese su tiempo para meditarlo. Mientras, le comento que los resultados presentados por el Inegi de la encuesta Nacional de Ingresos y Gastos de los Hogares 2018, mejor conocida como Enigh, ya se dieron [&hellip;]<\/p>\n","protected":false},"author":2,"featured_media":50375,"comment_status":"open","ping_status":"open","sticky":false,"template":"","format":"standard","meta":{"tdm_status":"","tdm_grid_status":"","footnotes":""},"categories":[70],"tags":[15588,2687,544,15587,92,178,15589,5855,1215,90,10943,195],"class_list":{"0":"post-50374","1":"post","2":"type-post","3":"status-publish","4":"format-standard","5":"has-post-thumbnail","7":"category-de-opinion","8":"tag-bebidas","9":"tag-brenda-caballero","10":"tag-chiapas","11":"tag-encuesta-nacional-de-ingresos-y-gastos-de-los-hogares","12":"tag-guerrero","13":"tag-inegi","14":"tag-mexico-como-vamos","15":"tag-morelos","16":"tag-oaxaca","17":"tag-salud","18":"tag-tabaco","19":"tag-veracruz"},"yoast_head":"<!-- This site is optimized with the Yoast SEO plugin v27.4 - https:\/\/yoast.com\/product\/yoast-seo-wordpress\/ -->\n<title>Y usted \u00bfen qu\u00e9 gasta? - Los pol\u00edticos Veracruz<\/title>\n<meta name=\"robots\" content=\"index, follow, max-snippet:-1, max-image-preview:large, max-video-preview:-1\" \/>\n<link rel=\"canonical\" href=\"https:\/\/lospoliticosveracruz.com\/?p=50374\" \/>\n<meta property=\"og:locale\" content=\"es_ES\" \/>\n<meta property=\"og:type\" content=\"article\" \/>\n<meta property=\"og:title\" content=\"Y usted \u00bfen qu\u00e9 gasta? - Los pol\u00edticos Veracruz\" \/>\n<meta property=\"og:description\" content=\"Brenda Caballero N\u00fameros Rojos \u00bfHa pensado en qu\u00e9 gasta la quincena cuando llega a sus manos? \u00bfen renta? \u00bftransporte? \u00bfsalud? \u00bfeducaci\u00f3n? T\u00f3mese su tiempo para meditarlo. Mientras, le comento que los resultados presentados por el Inegi de la encuesta Nacional de Ingresos y Gastos de los Hogares 2018, mejor conocida como Enigh, ya se dieron [&hellip;]\" \/>\n<meta property=\"og:url\" content=\"https:\/\/lospoliticosveracruz.com\/?p=50374\" \/>\n<meta property=\"og:site_name\" content=\"Los pol\u00edticos Veracruz\" \/>\n<meta property=\"article:publisher\" content=\"https:\/\/www.facebook.com\/people\/Notimemes-de-los-Polticos\/61565672886568\/\" \/>\n<meta property=\"article:published_time\" content=\"2019-10-26T04:00:58+00:00\" \/>\n<meta property=\"og:image\" content=\"https:\/\/lospoliticosveracruz.com\/wp-content\/uploads\/2019\/10\/Inegi.jpeg\" \/>\n\t<meta property=\"og:image:width\" content=\"600\" \/>\n\t<meta property=\"og:image:height\" content=\"328\" \/>\n\t<meta property=\"og:image:type\" content=\"image\/jpeg\" \/>\n<meta name=\"author\" content=\"Lo viste en Los Pol\u00edticos\" \/>\n<meta name=\"twitter:card\" content=\"summary_large_image\" \/>\n<meta name=\"twitter:creator\" content=\"@LosPoliticosVer\" \/>\n<meta name=\"twitter:site\" content=\"@LosPoliticosVer\" \/>\n<meta name=\"twitter:label1\" content=\"Escrito por\" \/>\n\t<meta name=\"twitter:data1\" content=\"Lo viste en Los Pol\u00edticos\" \/>\n\t<meta name=\"twitter:label2\" content=\"Tiempo de lectura\" \/>\n\t<meta name=\"twitter:data2\" content=\"2 minutos\" \/>\n<script type=\"application\/ld+json\" class=\"yoast-schema-graph\">{\"@context\":\"https:\\\/\\\/schema.org\",\"@graph\":[{\"@type\":\"Article\",\"@id\":\"https:\\\/\\\/lospoliticosveracruz.com\\\/?p=50374#article\",\"isPartOf\":{\"@id\":\"https:\\\/\\\/lospoliticosveracruz.com\\\/?p=50374\"},\"author\":{\"name\":\"Lo viste en Los Pol\u00edticos\",\"@id\":\"https:\\\/\\\/lospoliticosveracruz.com\\\/#\\\/schema\\\/person\\\/b8702bb0e538456e6efd07080bf2a4a2\"},\"headline\":\"Y usted \u00bfen qu\u00e9 gasta?\",\"datePublished\":\"2019-10-26T04:00:58+00:00\",\"mainEntityOfPage\":{\"@id\":\"https:\\\/\\\/lospoliticosveracruz.com\\\/?p=50374\"},\"wordCount\":462,\"commentCount\":0,\"publisher\":{\"@id\":\"https:\\\/\\\/lospoliticosveracruz.com\\\/#organization\"},\"image\":{\"@id\":\"https:\\\/\\\/lospoliticosveracruz.com\\\/?p=50374#primaryimage\"},\"thumbnailUrl\":\"https:\\\/\\\/lospoliticosveracruz.com\\\/wp-content\\\/uploads\\\/2019\\\/10\\\/Inegi.jpeg\",\"keywords\":[\"Bebidas\",\"Brenda Caballero\",\"Chiapas\",\"encuesta Nacional de Ingresos y Gastos de los Hogares\",\"Guerrero\",\"Inegi\",\"M\u00e9xico \u00bfC\u00f3mo vamos?\",\"Morelos\",\"Oaxaca\",\"Salud\",\"Tabaco\",\"Veracruz\"],\"articleSection\":[\"De Opini\u00f3n\"],\"inLanguage\":\"es\",\"potentialAction\":[{\"@type\":\"CommentAction\",\"name\":\"Comment\",\"target\":[\"https:\\\/\\\/lospoliticosveracruz.com\\\/?p=50374#respond\"]}]},{\"@type\":\"WebPage\",\"@id\":\"https:\\\/\\\/lospoliticosveracruz.com\\\/?p=50374\",\"url\":\"https:\\\/\\\/lospoliticosveracruz.com\\\/?p=50374\",\"name\":\"Y usted \u00bfen qu\u00e9 gasta? - Los pol\u00edticos Veracruz\",\"isPartOf\":{\"@id\":\"https:\\\/\\\/lospoliticosveracruz.com\\\/#website\"},\"primaryImageOfPage\":{\"@id\":\"https:\\\/\\\/lospoliticosveracruz.com\\\/?p=50374#primaryimage\"},\"image\":{\"@id\":\"https:\\\/\\\/lospoliticosveracruz.com\\\/?p=50374#primaryimage\"},\"thumbnailUrl\":\"https:\\\/\\\/lospoliticosveracruz.com\\\/wp-content\\\/uploads\\\/2019\\\/10\\\/Inegi.jpeg\",\"datePublished\":\"2019-10-26T04:00:58+00:00\",\"breadcrumb\":{\"@id\":\"https:\\\/\\\/lospoliticosveracruz.com\\\/?p=50374#breadcrumb\"},\"inLanguage\":\"es\",\"potentialAction\":[{\"@type\":\"ReadAction\",\"target\":[\"https:\\\/\\\/lospoliticosveracruz.com\\\/?p=50374\"]}]},{\"@type\":\"ImageObject\",\"inLanguage\":\"es\",\"@id\":\"https:\\\/\\\/lospoliticosveracruz.com\\\/?p=50374#primaryimage\",\"url\":\"https:\\\/\\\/lospoliticosveracruz.com\\\/wp-content\\\/uploads\\\/2019\\\/10\\\/Inegi.jpeg\",\"contentUrl\":\"https:\\\/\\\/lospoliticosveracruz.com\\\/wp-content\\\/uploads\\\/2019\\\/10\\\/Inegi.jpeg\",\"width\":600,\"height\":328},{\"@type\":\"BreadcrumbList\",\"@id\":\"https:\\\/\\\/lospoliticosveracruz.com\\\/?p=50374#breadcrumb\",\"itemListElement\":[{\"@type\":\"ListItem\",\"position\":1,\"name\":\"Portada\",\"item\":\"https:\\\/\\\/lospoliticosveracruz.com\\\/\"},{\"@type\":\"ListItem\",\"position\":2,\"name\":\"Y usted \u00bfen qu\u00e9 gasta?\"}]},{\"@type\":\"WebSite\",\"@id\":\"https:\\\/\\\/lospoliticosveracruz.com\\\/#website\",\"url\":\"https:\\\/\\\/lospoliticosveracruz.com\\\/\",\"name\":\"Los pol\u00edticos Veracruz\",\"description\":\"\",\"publisher\":{\"@id\":\"https:\\\/\\\/lospoliticosveracruz.com\\\/#organization\"},\"potentialAction\":[{\"@type\":\"SearchAction\",\"target\":{\"@type\":\"EntryPoint\",\"urlTemplate\":\"https:\\\/\\\/lospoliticosveracruz.com\\\/?s={search_term_string}\"},\"query-input\":{\"@type\":\"PropertyValueSpecification\",\"valueRequired\":true,\"valueName\":\"search_term_string\"}}],\"inLanguage\":\"es\"},{\"@type\":\"Organization\",\"@id\":\"https:\\\/\\\/lospoliticosveracruz.com\\\/#organization\",\"name\":\"Los pol\u00edticos Veracruz\",\"url\":\"https:\\\/\\\/lospoliticosveracruz.com\\\/\",\"logo\":{\"@type\":\"ImageObject\",\"inLanguage\":\"es\",\"@id\":\"https:\\\/\\\/lospoliticosveracruz.com\\\/#\\\/schema\\\/logo\\\/image\\\/\",\"url\":\"https:\\\/\\\/lospoliticosveracruz.com\\\/wp-content\\\/uploads\\\/2025\\\/12\\\/Logo-Nuevo-LOS-POLITICOS-1.jpg\",\"contentUrl\":\"https:\\\/\\\/lospoliticosveracruz.com\\\/wp-content\\\/uploads\\\/2025\\\/12\\\/Logo-Nuevo-LOS-POLITICOS-1.jpg\",\"width\":260,\"height\":70,\"caption\":\"Los pol\u00edticos Veracruz\"},\"image\":{\"@id\":\"https:\\\/\\\/lospoliticosveracruz.com\\\/#\\\/schema\\\/logo\\\/image\\\/\"},\"sameAs\":[\"https:\\\/\\\/www.facebook.com\\\/people\\\/Notimemes-de-los-Polticos\\\/61565672886568\\\/\",\"https:\\\/\\\/x.com\\\/LosPoliticosVer\"]},{\"@type\":\"Person\",\"@id\":\"https:\\\/\\\/lospoliticosveracruz.com\\\/#\\\/schema\\\/person\\\/b8702bb0e538456e6efd07080bf2a4a2\",\"name\":\"Lo viste en Los Pol\u00edticos\",\"image\":{\"@type\":\"ImageObject\",\"inLanguage\":\"es\",\"@id\":\"https:\\\/\\\/secure.gravatar.com\\\/avatar\\\/3a8de04a2656d44082be478bd6c086daa447c4651605818287b9532d3d0bd435?s=96&d=mm&r=g\",\"url\":\"https:\\\/\\\/secure.gravatar.com\\\/avatar\\\/3a8de04a2656d44082be478bd6c086daa447c4651605818287b9532d3d0bd435?s=96&d=mm&r=g\",\"contentUrl\":\"https:\\\/\\\/secure.gravatar.com\\\/avatar\\\/3a8de04a2656d44082be478bd6c086daa447c4651605818287b9532d3d0bd435?s=96&d=mm&r=g\",\"caption\":\"Lo viste en Los Pol\u00edticos\"},\"url\":\"https:\\\/\\\/lospoliticosveracruz.com\\\/?author=2\"}]}<\/script>\n<!-- \/ Yoast SEO plugin. -->","yoast_head_json":{"title":"Y usted \u00bfen qu\u00e9 gasta? - Los pol\u00edticos Veracruz","robots":{"index":"index","follow":"follow","max-snippet":"max-snippet:-1","max-image-preview":"max-image-preview:large","max-video-preview":"max-video-preview:-1"},"canonical":"https:\/\/lospoliticosveracruz.com\/?p=50374","og_locale":"es_ES","og_type":"article","og_title":"Y usted \u00bfen qu\u00e9 gasta? - Los pol\u00edticos Veracruz","og_description":"Brenda Caballero N\u00fameros Rojos \u00bfHa pensado en qu\u00e9 gasta la quincena cuando llega a sus manos? \u00bfen renta? \u00bftransporte? \u00bfsalud? \u00bfeducaci\u00f3n? T\u00f3mese su tiempo para meditarlo. Mientras, le comento que los resultados presentados por el Inegi de la encuesta Nacional de Ingresos y Gastos de los Hogares 2018, mejor conocida como Enigh, ya se dieron [&hellip;]","og_url":"https:\/\/lospoliticosveracruz.com\/?p=50374","og_site_name":"Los pol\u00edticos Veracruz","article_publisher":"https:\/\/www.facebook.com\/people\/Notimemes-de-los-Polticos\/61565672886568\/","article_published_time":"2019-10-26T04:00:58+00:00","og_image":[{"width":600,"height":328,"url":"https:\/\/lospoliticosveracruz.com\/wp-content\/uploads\/2019\/10\/Inegi.jpeg","type":"image\/jpeg"}],"author":"Lo viste en Los Pol\u00edticos","twitter_card":"summary_large_image","twitter_creator":"@LosPoliticosVer","twitter_site":"@LosPoliticosVer","twitter_misc":{"Escrito por":"Lo viste en Los Pol\u00edticos","Tiempo de lectura":"2 minutos"},"schema":{"@context":"https:\/\/schema.org","@graph":[{"@type":"Article","@id":"https:\/\/lospoliticosveracruz.com\/?p=50374#article","isPartOf":{"@id":"https:\/\/lospoliticosveracruz.com\/?p=50374"},"author":{"name":"Lo viste en Los Pol\u00edticos","@id":"https:\/\/lospoliticosveracruz.com\/#\/schema\/person\/b8702bb0e538456e6efd07080bf2a4a2"},"headline":"Y usted \u00bfen qu\u00e9 gasta?","datePublished":"2019-10-26T04:00:58+00:00","mainEntityOfPage":{"@id":"https:\/\/lospoliticosveracruz.com\/?p=50374"},"wordCount":462,"commentCount":0,"publisher":{"@id":"https:\/\/lospoliticosveracruz.com\/#organization"},"image":{"@id":"https:\/\/lospoliticosveracruz.com\/?p=50374#primaryimage"},"thumbnailUrl":"https:\/\/lospoliticosveracruz.com\/wp-content\/uploads\/2019\/10\/Inegi.jpeg","keywords":["Bebidas","Brenda Caballero","Chiapas","encuesta Nacional de Ingresos y Gastos de los Hogares","Guerrero","Inegi","M\u00e9xico \u00bfC\u00f3mo vamos?","Morelos","Oaxaca","Salud","Tabaco","Veracruz"],"articleSection":["De Opini\u00f3n"],"inLanguage":"es","potentialAction":[{"@type":"CommentAction","name":"Comment","target":["https:\/\/lospoliticosveracruz.com\/?p=50374#respond"]}]},{"@type":"WebPage","@id":"https:\/\/lospoliticosveracruz.com\/?p=50374","url":"https:\/\/lospoliticosveracruz.com\/?p=50374","name":"Y usted \u00bfen qu\u00e9 gasta? - Los pol\u00edticos Veracruz","isPartOf":{"@id":"https:\/\/lospoliticosveracruz.com\/#website"},"primaryImageOfPage":{"@id":"https:\/\/lospoliticosveracruz.com\/?p=50374#primaryimage"},"image":{"@id":"https:\/\/lospoliticosveracruz.com\/?p=50374#primaryimage"},"thumbnailUrl":"https:\/\/lospoliticosveracruz.com\/wp-content\/uploads\/2019\/10\/Inegi.jpeg","datePublished":"2019-10-26T04:00:58+00:00","breadcrumb":{"@id":"https:\/\/lospoliticosveracruz.com\/?p=50374#breadcrumb"},"inLanguage":"es","potentialAction":[{"@type":"ReadAction","target":["https:\/\/lospoliticosveracruz.com\/?p=50374"]}]},{"@type":"ImageObject","inLanguage":"es","@id":"https:\/\/lospoliticosveracruz.com\/?p=50374#primaryimage","url":"https:\/\/lospoliticosveracruz.com\/wp-content\/uploads\/2019\/10\/Inegi.jpeg","contentUrl":"https:\/\/lospoliticosveracruz.com\/wp-content\/uploads\/2019\/10\/Inegi.jpeg","width":600,"height":328},{"@type":"BreadcrumbList","@id":"https:\/\/lospoliticosveracruz.com\/?p=50374#breadcrumb","itemListElement":[{"@type":"ListItem","position":1,"name":"Portada","item":"https:\/\/lospoliticosveracruz.com\/"},{"@type":"ListItem","position":2,"name":"Y usted \u00bfen qu\u00e9 gasta?"}]},{"@type":"WebSite","@id":"https:\/\/lospoliticosveracruz.com\/#website","url":"https:\/\/lospoliticosveracruz.com\/","name":"Los pol\u00edticos Veracruz","description":"","publisher":{"@id":"https:\/\/lospoliticosveracruz.com\/#organization"},"potentialAction":[{"@type":"SearchAction","target":{"@type":"EntryPoint","urlTemplate":"https:\/\/lospoliticosveracruz.com\/?s={search_term_string}"},"query-input":{"@type":"PropertyValueSpecification","valueRequired":true,"valueName":"search_term_string"}}],"inLanguage":"es"},{"@type":"Organization","@id":"https:\/\/lospoliticosveracruz.com\/#organization","name":"Los pol\u00edticos Veracruz","url":"https:\/\/lospoliticosveracruz.com\/","logo":{"@type":"ImageObject","inLanguage":"es","@id":"https:\/\/lospoliticosveracruz.com\/#\/schema\/logo\/image\/","url":"https:\/\/lospoliticosveracruz.com\/wp-content\/uploads\/2025\/12\/Logo-Nuevo-LOS-POLITICOS-1.jpg","contentUrl":"https:\/\/lospoliticosveracruz.com\/wp-content\/uploads\/2025\/12\/Logo-Nuevo-LOS-POLITICOS-1.jpg","width":260,"height":70,"caption":"Los pol\u00edticos Veracruz"},"image":{"@id":"https:\/\/lospoliticosveracruz.com\/#\/schema\/logo\/image\/"},"sameAs":["https:\/\/www.facebook.com\/people\/Notimemes-de-los-Polticos\/61565672886568\/","https:\/\/x.com\/LosPoliticosVer"]},{"@type":"Person","@id":"https:\/\/lospoliticosveracruz.com\/#\/schema\/person\/b8702bb0e538456e6efd07080bf2a4a2","name":"Lo viste en Los Pol\u00edticos","image":{"@type":"ImageObject","inLanguage":"es","@id":"https:\/\/secure.gravatar.com\/avatar\/3a8de04a2656d44082be478bd6c086daa447c4651605818287b9532d3d0bd435?s=96&d=mm&r=g","url":"https:\/\/secure.gravatar.com\/avatar\/3a8de04a2656d44082be478bd6c086daa447c4651605818287b9532d3d0bd435?s=96&d=mm&r=g","contentUrl":"https:\/\/secure.gravatar.com\/avatar\/3a8de04a2656d44082be478bd6c086daa447c4651605818287b9532d3d0bd435?s=96&d=mm&r=g","caption":"Lo viste en Los Pol\u00edticos"},"url":"https:\/\/lospoliticosveracruz.com\/?author=2"}]}},"_links":{"self":[{"href":"https:\/\/lospoliticosveracruz.com\/index.php?rest_route=\/wp\/v2\/posts\/50374","targetHints":{"allow":["GET"]}}],"collection":[{"href":"https:\/\/lospoliticosveracruz.com\/index.php?rest_route=\/wp\/v2\/posts"}],"about":[{"href":"https:\/\/lospoliticosveracruz.com\/index.php?rest_route=\/wp\/v2\/types\/post"}],"author":[{"embeddable":true,"href":"https:\/\/lospoliticosveracruz.com\/index.php?rest_route=\/wp\/v2\/users\/2"}],"replies":[{"embeddable":true,"href":"https:\/\/lospoliticosveracruz.com\/index.php?rest_route=%2Fwp%2Fv2%2Fcomments&post=50374"}],"version-history":[{"count":1,"href":"https:\/\/lospoliticosveracruz.com\/index.php?rest_route=\/wp\/v2\/posts\/50374\/revisions"}],"predecessor-version":[{"id":50376,"href":"https:\/\/lospoliticosveracruz.com\/index.php?rest_route=\/wp\/v2\/posts\/50374\/revisions\/50376"}],"wp:featuredmedia":[{"embeddable":true,"href":"https:\/\/lospoliticosveracruz.com\/index.php?rest_route=\/wp\/v2\/media\/50375"}],"wp:attachment":[{"href":"https:\/\/lospoliticosveracruz.com\/index.php?rest_route=%2Fwp%2Fv2%2Fmedia&parent=50374"}],"wp:term":[{"taxonomy":"category","embeddable":true,"href":"https:\/\/lospoliticosveracruz.com\/index.php?rest_route=%2Fwp%2Fv2%2Fcategories&post=50374"},{"taxonomy":"post_tag","embeddable":true,"href":"https:\/\/lospoliticosveracruz.com\/index.php?rest_route=%2Fwp%2Fv2%2Ftags&post=50374"}],"curies":[{"name":"wp","href":"https:\/\/api.w.org\/{rel}","templated":true}]}}