{"id":50397,"date":"2019-10-27T23:00:28","date_gmt":"2019-10-28T05:00:28","guid":{"rendered":"http:\/\/www.lospoliticosveracruz.com.mx\/?p=50397"},"modified":"2019-10-27T20:02:04","modified_gmt":"2019-10-28T02:02:04","slug":"delia-cecilia-y-cinthya","status":"publish","type":"post","link":"https:\/\/lospoliticosveracruz.com\/?p=50397","title":{"rendered":"Delia, Cecilia y Cinthya"},"content":{"rendered":"<p><strong>Brenda Caballero<\/strong><\/p>\n<p><em>N\u00fameros Rojos<\/em><\/p>\n<p>\u00a1Qui\u00e9n lo hubiera pensado hace un mes! Sin embargo, all\u00ed estaban las dos juntas, llegando a desayunar como grandes amigas a invitaci\u00f3n de las integrantes de L\u00edderes Veracruzanas. Es Delia Gonz\u00e1lez Cobos, titular del \u00d3rgano de Fiscalizaci\u00f3n Superior (Orfis)<span class=\"apple-converted-space\">\u00a0<\/span>\u00a0y Cecilia Coronel Brizio, Auditora Especial de Fortalecimiento Institucional. De esa forma confirmaron que s\u00ed son grandes amigas, aunque compitieron para el mismo puesto. A este d\u00fao din\u00e1mico que se ve que est\u00e1 haciendo gran mancuerna all\u00e1 en el bulevar Culturas Veracruzanas (pues Delia es abogada y Ceci, contadora) les acompa\u00f1\u00f3 otra mujer, Cinthya Reyes D\u00edaz Mu\u00f1oz, licenciada en Derecho y especialista en temas fiscales y Auditora de Legalidad. Entonces, L\u00edderes Veracruzanas ya ten\u00eda a un tr\u00edo din\u00e1mico en su mesa.<\/p>\n<p>En realidad Delia confirm\u00f3 que ya conoc\u00eda antes a Cecilia y hasta casi ten\u00edan la estrategia de que cualquiera que quedara como titular del Orfis se llevar\u00eda a la otra, pues actualmente es necesario abrir m\u00e1s espacios para las mujeres en la administraci\u00f3n p\u00fablica.<\/p>\n<p><b><i>\u201cMi comportamiento es recto y soy doblemente observada por ser mujer\u201d<\/i><\/b><\/p>\n<p>Delia, con esa sonrisa que la caracteriza, platic\u00f3 que le encanta vivir en Xalapa, lugar donde radica desde hace algunos a\u00f1os. Vivi\u00f3 alrededor de 40 a\u00f1os en Ciudad de M\u00e9xico (CDMX); all\u00e1 se cas\u00f3; nacieron sus tres hijos; hizo una maestr\u00eda y se divorci\u00f3. Platica que sus tres hijos viven en la CDMX y aunque sus padres son abogados, su hija es historiadora; otro de sus hijos estudi\u00f3 Letras Espa\u00f1olas, y el tercero, Ling\u00fc\u00edstica.<\/p>\n<p>Delia record\u00f3 un pasaje del libro \u201cEl arte de Amar\u201d, del alem\u00e1n Erich Fromm, referente a que la mujer es la \u00fanica que da la leche y la miel, haciendo \u00e9nfasis que todo gira alrededor de ella. A su vez resalt\u00f3 la importancia de que \u00e9sta ocupe m\u00e1s espacios de poder. \u201cEn el Orfis tenemos m\u00e1s mujeres\u201d, incluso cont\u00f3 que la oficina del titular pareciera haber sido pensada \u00fanicamente en varones, ya que para acceder a ella hay una escalera de caracol de m\u00e1s de cuarenta escalones&#8230; \u00a1y\u00a0 tener que subir con tacones!, indic\u00f3.<\/p>\n<p>Aunque es doblemente observada por ser mujer, entonces tiene un doble compromiso, adem\u00e1s \u201ctengo 3 hijos que me lo van a exigir\u201d. Asegur\u00f3 que su comportamiento es recto: \u201cDebo promover la rendici\u00f3n de cuentas y los entes fiscalizables; necesitamos valores \u00e9ticos a la vista\u201d.<\/p>\n<p><b><i>\u201cTodos los grupos parlamentarios me dieron su confianza; sin embargo, no quiere decir que les tenga que perdonar algo\u201d<\/i><\/b><\/p>\n<p>La titular del Orfis resalt\u00f3 que dirige a un \u00f3rgano t\u00e9cnico, que tiene que desarrollar ese trabajo; de lo pol\u00edtico se encarga la C\u00e1mara de Diputados; incluso refiri\u00f3 que actualmente tiene en las oficinas a los diputados locales de varios partidos, ya que est\u00e1n revisando la cuenta p\u00fablica y que si ellos algo necesitan, all\u00ed se les apoya, pues a m\u00e1s tardar, el 31 de octubre debe aprobarse la Cuenta P\u00fablica 2018. De all\u00ed vendr\u00e1 la siguiente etapa que ser\u00e1 de investigaci\u00f3n y sustanciaci\u00f3n as\u00ed como el seguimiento a los casos pendientes de solventar observaciones.<\/p>\n<p>Aclar\u00f3 que en su trabajo no tienen que ver para nada los colores partidistas; ella no favorecer\u00e1 a sus amigos. Las denuncias ir\u00e1n enfocadas \u201ca quien se porte mal\u201d; adem\u00e1s, all\u00ed entra el tema de la reestructrura\u00a0<span class=\"apple-converted-space\">\u00a0<\/span>pues se requiere separar el \u00e1rea de investigaci\u00f3n de la de sustanciaci\u00f3n, pues el Tribunal ha dado resoluciones contrarias, por lo cual es necesario fortalecer los procedimientos que se han seguido actualmente, pero con un reglamento diferente. En esta semana ya se tendr\u00e1 informaci\u00f3n, dijo.<span class=\"apple-converted-space\">\u00a0<\/span><\/p>\n<p><b><i>\u201cMi compromiso fue de integridad, de honestidad; es lo mismo que le exijo a la gente que lleg\u00f3 conmigo aparte de las capacidades t\u00e9cnicas del puesto\u201d<span class=\"apple-converted-space\">\u00a0<\/span><\/i><\/b><\/p>\n<p>Delia resalt\u00f3 que ella es institucional, que ya se est\u00e1n haciendo cambios en los procedimientos lo cual arrojar\u00e1 otros resultados. Se\u00f1al\u00f3 ya estar trabajando en una Reforma Constitucional Federal para modificar los tiempos de fiscalizaci\u00f3n, pues no es posible que casi un a\u00f1o despu\u00e9s se hagan las observaciones a la cuenta p\u00fablica, \u201cno se debe esperar tanto para actuar, debe ser en tiempo real, acortar los plazos, pero no para beneficio del Orfis, sino para todos los veracruzanos\u201d. Para ello, ya est\u00e1 en contacto con la senadora por Veracruz Gloria S\u00e1nchez.<\/p>\n<p>Record\u00f3 tambi\u00e9n las recomendaciones del Auditor Superior de la Federaci\u00f3n de no tener Enlace de Prensa y afirm\u00f3: \u201cMi trabajo es t\u00e9cnico, no tengo porqu\u00e9 andarme publicitando en medios\u201d<span class=\"apple-converted-space\">.<\/span><\/p>\n<p>Reconoce que hay falta de capacitaci\u00f3n en los Ayuntamientos, pero que ya se est\u00e1 fortaleciendo esa parte; y se\u00f1al\u00f3 que ya lo est\u00e1 trabajando Cecilia Coronel para que los alcaldes vayan de la mano con el Orfis, para que sus resultados con respecto al gasto sean transparentes y conforme a las leyes. Tambi\u00e9n Delia quiere tener cercan\u00eda con los mun\u00edcipes, para que sientan el respaldo de la instituci\u00f3n.<\/p>\n<p><b><i>\u201cVan a cambiar las cosas con los despachos externos\u201d<\/i><\/b><\/p>\n<p>Con respecto a los despachos externos indic\u00f3 que el Orfis no tiene la capacidad para revisar a los 212 municipios ni a los entes fiscalizables que en total suman 328, raz\u00f3n por la que requiere que profesionales externos le auxilien, por lo que se asignan despachos externos; sin embargo, es necesario cambiar la manera de asignaci\u00f3n, pues siempre les toca a los mismos, \u201ca los amiguitos de los que ya est\u00e1n\u201d. Delia record\u00f3 que cuando lleg\u00f3 al Orfis, ya faltaban tres d\u00edas para que venciera la convocatoria de registro de despachos y alguien le habl\u00f3 para que ampliara esa fecha con el argumento de seguir trabajando con los mismos, pero no consider\u00f3 que mandara un buen mensaje el modificar fechas, pues se pensar\u00eda que hasta les quiere dar un pedazo de \u201cese pastel\u201d, raz\u00f3n por la que Delia opt\u00f3 por trabajar con los ya inscritos, pero \u00e9stos ser\u00e1n calificados con base en un procedimiento el cual ser\u00e1 totalmente transparente.<\/p>\n<p>Durante el desayuno con las integrantes de L\u00edderes Veracruzanas, Elena Fiorenzano cuestion\u00f3 que fuera m\u00e1s de lo mismo en el Orfis, con respecto a la corrupci\u00f3n, a lo que sin tapujos, Cinthya Reyes contest\u00f3: \u201cYo a la maestra la conozco desde hace 25 a\u00f1os , trabajamos juntas en Procuradur\u00eda Fiscal Federal y puedo dar fe de que s\u00ed es una persona honesta\u201d.<\/p>\n<p>Por su parte, Delia Gonz\u00e1lez respondi\u00f3: \u201cCuando me inscrib\u00ed a la convocatoria no lo hice pensando en buscar un trabajo, sino en hacer aportaciones\u2026 en servir. Y si me dan la oportunidad, quiero hacer algo que sirva a Veracruz\u201d<span class=\"apple-converted-space\">.<\/span><\/p>\n<p>\u201cPara ser feliz, hay que hacer lo que uno quiere\u201d, es la recomendaci\u00f3n que finalmente nos da Delia.<\/p>\n<p>&nbsp;<\/p>\n<p>@NumerosRojos_BC<\/p>\n<p><a href=\"mailto:caballero_brenda@hotmail.com\" target=\"_blank\">caballero_brenda@hotmail.com<\/a><\/p>\n","protected":false},"excerpt":{"rendered":"<p>Brenda Caballero N\u00fameros Rojos \u00a1Qui\u00e9n lo hubiera pensado hace un mes! Sin embargo, all\u00ed estaban las dos juntas, llegando a desayunar como grandes amigas a invitaci\u00f3n de las integrantes de L\u00edderes Veracruzanas. Es Delia Gonz\u00e1lez Cobos, titular del \u00d3rgano de Fiscalizaci\u00f3n Superior (Orfis)\u00a0\u00a0y Cecilia Coronel Brizio, Auditora Especial de Fortalecimiento Institucional. De esa forma confirmaron [&hellip;]<\/p>\n","protected":false},"author":2,"featured_media":50398,"comment_status":"open","ping_status":"open","sticky":false,"template":"","format":"standard","meta":{"tdm_status":"","tdm_grid_status":"","footnotes":""},"categories":[70],"tags":[2687,15595,15597,2823,15181,12504,135],"class_list":{"0":"post-50397","1":"post","2":"type-post","3":"status-publish","4":"format-standard","5":"has-post-thumbnail","7":"category-de-opinion","8":"tag-brenda-caballero","9":"tag-cecilia-coronel-brizio","10":"tag-cinthya-reyes-diaz-munoz","11":"tag-cuenta-publica","12":"tag-delia-gonzalez-cobos","13":"tag-lideres-veracruzanas","14":"tag-orfis"},"yoast_head":"<!-- This site is optimized with the Yoast SEO plugin v27.4 - https:\/\/yoast.com\/product\/yoast-seo-wordpress\/ -->\n<title>Delia, Cecilia y Cinthya - Los pol\u00edticos Veracruz<\/title>\n<meta name=\"robots\" content=\"index, follow, max-snippet:-1, max-image-preview:large, max-video-preview:-1\" \/>\n<link rel=\"canonical\" href=\"https:\/\/lospoliticosveracruz.com\/?p=50397\" \/>\n<meta property=\"og:locale\" content=\"es_ES\" \/>\n<meta property=\"og:type\" content=\"article\" \/>\n<meta property=\"og:title\" content=\"Delia, Cecilia y Cinthya - Los pol\u00edticos Veracruz\" \/>\n<meta property=\"og:description\" content=\"Brenda Caballero N\u00fameros Rojos \u00a1Qui\u00e9n lo hubiera pensado hace un mes! Sin embargo, all\u00ed estaban las dos juntas, llegando a desayunar como grandes amigas a invitaci\u00f3n de las integrantes de L\u00edderes Veracruzanas. Es Delia Gonz\u00e1lez Cobos, titular del \u00d3rgano de Fiscalizaci\u00f3n Superior (Orfis)\u00a0\u00a0y Cecilia Coronel Brizio, Auditora Especial de Fortalecimiento Institucional. De esa forma confirmaron [&hellip;]\" \/>\n<meta property=\"og:url\" content=\"https:\/\/lospoliticosveracruz.com\/?p=50397\" \/>\n<meta property=\"og:site_name\" content=\"Los pol\u00edticos Veracruz\" \/>\n<meta property=\"article:publisher\" content=\"https:\/\/www.facebook.com\/people\/Notimemes-de-los-Polticos\/61565672886568\/\" \/>\n<meta property=\"article:published_time\" content=\"2019-10-28T05:00:28+00:00\" \/>\n<meta property=\"og:image\" content=\"https:\/\/lospoliticosveracruz.com\/wp-content\/uploads\/2019\/10\/Orfis.jpg\" \/>\n\t<meta property=\"og:image:width\" content=\"600\" \/>\n\t<meta property=\"og:image:height\" content=\"323\" \/>\n\t<meta property=\"og:image:type\" content=\"image\/jpeg\" \/>\n<meta name=\"author\" content=\"Lo viste en Los Pol\u00edticos\" \/>\n<meta name=\"twitter:card\" content=\"summary_large_image\" \/>\n<meta name=\"twitter:creator\" content=\"@LosPoliticosVer\" \/>\n<meta name=\"twitter:site\" content=\"@LosPoliticosVer\" \/>\n<meta name=\"twitter:label1\" content=\"Escrito por\" \/>\n\t<meta name=\"twitter:data1\" content=\"Lo viste en Los Pol\u00edticos\" \/>\n\t<meta name=\"twitter:label2\" content=\"Tiempo de lectura\" \/>\n\t<meta name=\"twitter:data2\" content=\"6 minutos\" \/>\n<script type=\"application\/ld+json\" class=\"yoast-schema-graph\">{\"@context\":\"https:\\\/\\\/schema.org\",\"@graph\":[{\"@type\":\"Article\",\"@id\":\"https:\\\/\\\/lospoliticosveracruz.com\\\/?p=50397#article\",\"isPartOf\":{\"@id\":\"https:\\\/\\\/lospoliticosveracruz.com\\\/?p=50397\"},\"author\":{\"name\":\"Lo viste en Los Pol\u00edticos\",\"@id\":\"https:\\\/\\\/lospoliticosveracruz.com\\\/#\\\/schema\\\/person\\\/b8702bb0e538456e6efd07080bf2a4a2\"},\"headline\":\"Delia, Cecilia y Cinthya\",\"datePublished\":\"2019-10-28T05:00:28+00:00\",\"mainEntityOfPage\":{\"@id\":\"https:\\\/\\\/lospoliticosveracruz.com\\\/?p=50397\"},\"wordCount\":1168,\"commentCount\":0,\"publisher\":{\"@id\":\"https:\\\/\\\/lospoliticosveracruz.com\\\/#organization\"},\"image\":{\"@id\":\"https:\\\/\\\/lospoliticosveracruz.com\\\/?p=50397#primaryimage\"},\"thumbnailUrl\":\"https:\\\/\\\/lospoliticosveracruz.com\\\/wp-content\\\/uploads\\\/2019\\\/10\\\/Orfis.jpg\",\"keywords\":[\"Brenda Caballero\",\"Cecilia Coronel Brizio\",\"Cinthya Reyes D\u00edaz Mu\u00f1oz\",\"Cuenta P\u00fablica\",\"Delia Gonz\u00e1lez Cobos\",\"L\u00edderes Veracruzanas\",\"Orfis\"],\"articleSection\":[\"De Opini\u00f3n\"],\"inLanguage\":\"es\",\"potentialAction\":[{\"@type\":\"CommentAction\",\"name\":\"Comment\",\"target\":[\"https:\\\/\\\/lospoliticosveracruz.com\\\/?p=50397#respond\"]}]},{\"@type\":\"WebPage\",\"@id\":\"https:\\\/\\\/lospoliticosveracruz.com\\\/?p=50397\",\"url\":\"https:\\\/\\\/lospoliticosveracruz.com\\\/?p=50397\",\"name\":\"Delia, Cecilia y Cinthya - Los pol\u00edticos Veracruz\",\"isPartOf\":{\"@id\":\"https:\\\/\\\/lospoliticosveracruz.com\\\/#website\"},\"primaryImageOfPage\":{\"@id\":\"https:\\\/\\\/lospoliticosveracruz.com\\\/?p=50397#primaryimage\"},\"image\":{\"@id\":\"https:\\\/\\\/lospoliticosveracruz.com\\\/?p=50397#primaryimage\"},\"thumbnailUrl\":\"https:\\\/\\\/lospoliticosveracruz.com\\\/wp-content\\\/uploads\\\/2019\\\/10\\\/Orfis.jpg\",\"datePublished\":\"2019-10-28T05:00:28+00:00\",\"breadcrumb\":{\"@id\":\"https:\\\/\\\/lospoliticosveracruz.com\\\/?p=50397#breadcrumb\"},\"inLanguage\":\"es\",\"potentialAction\":[{\"@type\":\"ReadAction\",\"target\":[\"https:\\\/\\\/lospoliticosveracruz.com\\\/?p=50397\"]}]},{\"@type\":\"ImageObject\",\"inLanguage\":\"es\",\"@id\":\"https:\\\/\\\/lospoliticosveracruz.com\\\/?p=50397#primaryimage\",\"url\":\"https:\\\/\\\/lospoliticosveracruz.com\\\/wp-content\\\/uploads\\\/2019\\\/10\\\/Orfis.jpg\",\"contentUrl\":\"https:\\\/\\\/lospoliticosveracruz.com\\\/wp-content\\\/uploads\\\/2019\\\/10\\\/Orfis.jpg\",\"width\":600,\"height\":323},{\"@type\":\"BreadcrumbList\",\"@id\":\"https:\\\/\\\/lospoliticosveracruz.com\\\/?p=50397#breadcrumb\",\"itemListElement\":[{\"@type\":\"ListItem\",\"position\":1,\"name\":\"Portada\",\"item\":\"https:\\\/\\\/lospoliticosveracruz.com\\\/\"},{\"@type\":\"ListItem\",\"position\":2,\"name\":\"Delia, Cecilia y Cinthya\"}]},{\"@type\":\"WebSite\",\"@id\":\"https:\\\/\\\/lospoliticosveracruz.com\\\/#website\",\"url\":\"https:\\\/\\\/lospoliticosveracruz.com\\\/\",\"name\":\"Los pol\u00edticos Veracruz\",\"description\":\"\",\"publisher\":{\"@id\":\"https:\\\/\\\/lospoliticosveracruz.com\\\/#organization\"},\"potentialAction\":[{\"@type\":\"SearchAction\",\"target\":{\"@type\":\"EntryPoint\",\"urlTemplate\":\"https:\\\/\\\/lospoliticosveracruz.com\\\/?s={search_term_string}\"},\"query-input\":{\"@type\":\"PropertyValueSpecification\",\"valueRequired\":true,\"valueName\":\"search_term_string\"}}],\"inLanguage\":\"es\"},{\"@type\":\"Organization\",\"@id\":\"https:\\\/\\\/lospoliticosveracruz.com\\\/#organization\",\"name\":\"Los pol\u00edticos Veracruz\",\"url\":\"https:\\\/\\\/lospoliticosveracruz.com\\\/\",\"logo\":{\"@type\":\"ImageObject\",\"inLanguage\":\"es\",\"@id\":\"https:\\\/\\\/lospoliticosveracruz.com\\\/#\\\/schema\\\/logo\\\/image\\\/\",\"url\":\"https:\\\/\\\/lospoliticosveracruz.com\\\/wp-content\\\/uploads\\\/2025\\\/12\\\/Logo-Nuevo-LOS-POLITICOS-1.jpg\",\"contentUrl\":\"https:\\\/\\\/lospoliticosveracruz.com\\\/wp-content\\\/uploads\\\/2025\\\/12\\\/Logo-Nuevo-LOS-POLITICOS-1.jpg\",\"width\":260,\"height\":70,\"caption\":\"Los pol\u00edticos Veracruz\"},\"image\":{\"@id\":\"https:\\\/\\\/lospoliticosveracruz.com\\\/#\\\/schema\\\/logo\\\/image\\\/\"},\"sameAs\":[\"https:\\\/\\\/www.facebook.com\\\/people\\\/Notimemes-de-los-Polticos\\\/61565672886568\\\/\",\"https:\\\/\\\/x.com\\\/LosPoliticosVer\"]},{\"@type\":\"Person\",\"@id\":\"https:\\\/\\\/lospoliticosveracruz.com\\\/#\\\/schema\\\/person\\\/b8702bb0e538456e6efd07080bf2a4a2\",\"name\":\"Lo viste en Los Pol\u00edticos\",\"image\":{\"@type\":\"ImageObject\",\"inLanguage\":\"es\",\"@id\":\"https:\\\/\\\/secure.gravatar.com\\\/avatar\\\/3a8de04a2656d44082be478bd6c086daa447c4651605818287b9532d3d0bd435?s=96&d=mm&r=g\",\"url\":\"https:\\\/\\\/secure.gravatar.com\\\/avatar\\\/3a8de04a2656d44082be478bd6c086daa447c4651605818287b9532d3d0bd435?s=96&d=mm&r=g\",\"contentUrl\":\"https:\\\/\\\/secure.gravatar.com\\\/avatar\\\/3a8de04a2656d44082be478bd6c086daa447c4651605818287b9532d3d0bd435?s=96&d=mm&r=g\",\"caption\":\"Lo viste en Los Pol\u00edticos\"},\"url\":\"https:\\\/\\\/lospoliticosveracruz.com\\\/?author=2\"}]}<\/script>\n<!-- \/ Yoast SEO plugin. -->","yoast_head_json":{"title":"Delia, Cecilia y Cinthya - Los pol\u00edticos Veracruz","robots":{"index":"index","follow":"follow","max-snippet":"max-snippet:-1","max-image-preview":"max-image-preview:large","max-video-preview":"max-video-preview:-1"},"canonical":"https:\/\/lospoliticosveracruz.com\/?p=50397","og_locale":"es_ES","og_type":"article","og_title":"Delia, Cecilia y Cinthya - Los pol\u00edticos Veracruz","og_description":"Brenda Caballero N\u00fameros Rojos \u00a1Qui\u00e9n lo hubiera pensado hace un mes! Sin embargo, all\u00ed estaban las dos juntas, llegando a desayunar como grandes amigas a invitaci\u00f3n de las integrantes de L\u00edderes Veracruzanas. Es Delia Gonz\u00e1lez Cobos, titular del \u00d3rgano de Fiscalizaci\u00f3n Superior (Orfis)\u00a0\u00a0y Cecilia Coronel Brizio, Auditora Especial de Fortalecimiento Institucional. De esa forma confirmaron [&hellip;]","og_url":"https:\/\/lospoliticosveracruz.com\/?p=50397","og_site_name":"Los pol\u00edticos Veracruz","article_publisher":"https:\/\/www.facebook.com\/people\/Notimemes-de-los-Polticos\/61565672886568\/","article_published_time":"2019-10-28T05:00:28+00:00","og_image":[{"width":600,"height":323,"url":"https:\/\/lospoliticosveracruz.com\/wp-content\/uploads\/2019\/10\/Orfis.jpg","type":"image\/jpeg"}],"author":"Lo viste en Los Pol\u00edticos","twitter_card":"summary_large_image","twitter_creator":"@LosPoliticosVer","twitter_site":"@LosPoliticosVer","twitter_misc":{"Escrito por":"Lo viste en Los Pol\u00edticos","Tiempo de lectura":"6 minutos"},"schema":{"@context":"https:\/\/schema.org","@graph":[{"@type":"Article","@id":"https:\/\/lospoliticosveracruz.com\/?p=50397#article","isPartOf":{"@id":"https:\/\/lospoliticosveracruz.com\/?p=50397"},"author":{"name":"Lo viste en Los Pol\u00edticos","@id":"https:\/\/lospoliticosveracruz.com\/#\/schema\/person\/b8702bb0e538456e6efd07080bf2a4a2"},"headline":"Delia, Cecilia y Cinthya","datePublished":"2019-10-28T05:00:28+00:00","mainEntityOfPage":{"@id":"https:\/\/lospoliticosveracruz.com\/?p=50397"},"wordCount":1168,"commentCount":0,"publisher":{"@id":"https:\/\/lospoliticosveracruz.com\/#organization"},"image":{"@id":"https:\/\/lospoliticosveracruz.com\/?p=50397#primaryimage"},"thumbnailUrl":"https:\/\/lospoliticosveracruz.com\/wp-content\/uploads\/2019\/10\/Orfis.jpg","keywords":["Brenda Caballero","Cecilia Coronel Brizio","Cinthya Reyes D\u00edaz Mu\u00f1oz","Cuenta P\u00fablica","Delia Gonz\u00e1lez Cobos","L\u00edderes Veracruzanas","Orfis"],"articleSection":["De Opini\u00f3n"],"inLanguage":"es","potentialAction":[{"@type":"CommentAction","name":"Comment","target":["https:\/\/lospoliticosveracruz.com\/?p=50397#respond"]}]},{"@type":"WebPage","@id":"https:\/\/lospoliticosveracruz.com\/?p=50397","url":"https:\/\/lospoliticosveracruz.com\/?p=50397","name":"Delia, Cecilia y Cinthya - Los pol\u00edticos Veracruz","isPartOf":{"@id":"https:\/\/lospoliticosveracruz.com\/#website"},"primaryImageOfPage":{"@id":"https:\/\/lospoliticosveracruz.com\/?p=50397#primaryimage"},"image":{"@id":"https:\/\/lospoliticosveracruz.com\/?p=50397#primaryimage"},"thumbnailUrl":"https:\/\/lospoliticosveracruz.com\/wp-content\/uploads\/2019\/10\/Orfis.jpg","datePublished":"2019-10-28T05:00:28+00:00","breadcrumb":{"@id":"https:\/\/lospoliticosveracruz.com\/?p=50397#breadcrumb"},"inLanguage":"es","potentialAction":[{"@type":"ReadAction","target":["https:\/\/lospoliticosveracruz.com\/?p=50397"]}]},{"@type":"ImageObject","inLanguage":"es","@id":"https:\/\/lospoliticosveracruz.com\/?p=50397#primaryimage","url":"https:\/\/lospoliticosveracruz.com\/wp-content\/uploads\/2019\/10\/Orfis.jpg","contentUrl":"https:\/\/lospoliticosveracruz.com\/wp-content\/uploads\/2019\/10\/Orfis.jpg","width":600,"height":323},{"@type":"BreadcrumbList","@id":"https:\/\/lospoliticosveracruz.com\/?p=50397#breadcrumb","itemListElement":[{"@type":"ListItem","position":1,"name":"Portada","item":"https:\/\/lospoliticosveracruz.com\/"},{"@type":"ListItem","position":2,"name":"Delia, Cecilia y Cinthya"}]},{"@type":"WebSite","@id":"https:\/\/lospoliticosveracruz.com\/#website","url":"https:\/\/lospoliticosveracruz.com\/","name":"Los pol\u00edticos Veracruz","description":"","publisher":{"@id":"https:\/\/lospoliticosveracruz.com\/#organization"},"potentialAction":[{"@type":"SearchAction","target":{"@type":"EntryPoint","urlTemplate":"https:\/\/lospoliticosveracruz.com\/?s={search_term_string}"},"query-input":{"@type":"PropertyValueSpecification","valueRequired":true,"valueName":"search_term_string"}}],"inLanguage":"es"},{"@type":"Organization","@id":"https:\/\/lospoliticosveracruz.com\/#organization","name":"Los pol\u00edticos Veracruz","url":"https:\/\/lospoliticosveracruz.com\/","logo":{"@type":"ImageObject","inLanguage":"es","@id":"https:\/\/lospoliticosveracruz.com\/#\/schema\/logo\/image\/","url":"https:\/\/lospoliticosveracruz.com\/wp-content\/uploads\/2025\/12\/Logo-Nuevo-LOS-POLITICOS-1.jpg","contentUrl":"https:\/\/lospoliticosveracruz.com\/wp-content\/uploads\/2025\/12\/Logo-Nuevo-LOS-POLITICOS-1.jpg","width":260,"height":70,"caption":"Los pol\u00edticos Veracruz"},"image":{"@id":"https:\/\/lospoliticosveracruz.com\/#\/schema\/logo\/image\/"},"sameAs":["https:\/\/www.facebook.com\/people\/Notimemes-de-los-Polticos\/61565672886568\/","https:\/\/x.com\/LosPoliticosVer"]},{"@type":"Person","@id":"https:\/\/lospoliticosveracruz.com\/#\/schema\/person\/b8702bb0e538456e6efd07080bf2a4a2","name":"Lo viste en Los Pol\u00edticos","image":{"@type":"ImageObject","inLanguage":"es","@id":"https:\/\/secure.gravatar.com\/avatar\/3a8de04a2656d44082be478bd6c086daa447c4651605818287b9532d3d0bd435?s=96&d=mm&r=g","url":"https:\/\/secure.gravatar.com\/avatar\/3a8de04a2656d44082be478bd6c086daa447c4651605818287b9532d3d0bd435?s=96&d=mm&r=g","contentUrl":"https:\/\/secure.gravatar.com\/avatar\/3a8de04a2656d44082be478bd6c086daa447c4651605818287b9532d3d0bd435?s=96&d=mm&r=g","caption":"Lo viste en Los Pol\u00edticos"},"url":"https:\/\/lospoliticosveracruz.com\/?author=2"}]}},"_links":{"self":[{"href":"https:\/\/lospoliticosveracruz.com\/index.php?rest_route=\/wp\/v2\/posts\/50397","targetHints":{"allow":["GET"]}}],"collection":[{"href":"https:\/\/lospoliticosveracruz.com\/index.php?rest_route=\/wp\/v2\/posts"}],"about":[{"href":"https:\/\/lospoliticosveracruz.com\/index.php?rest_route=\/wp\/v2\/types\/post"}],"author":[{"embeddable":true,"href":"https:\/\/lospoliticosveracruz.com\/index.php?rest_route=\/wp\/v2\/users\/2"}],"replies":[{"embeddable":true,"href":"https:\/\/lospoliticosveracruz.com\/index.php?rest_route=%2Fwp%2Fv2%2Fcomments&post=50397"}],"version-history":[{"count":1,"href":"https:\/\/lospoliticosveracruz.com\/index.php?rest_route=\/wp\/v2\/posts\/50397\/revisions"}],"predecessor-version":[{"id":50399,"href":"https:\/\/lospoliticosveracruz.com\/index.php?rest_route=\/wp\/v2\/posts\/50397\/revisions\/50399"}],"wp:featuredmedia":[{"embeddable":true,"href":"https:\/\/lospoliticosveracruz.com\/index.php?rest_route=\/wp\/v2\/media\/50398"}],"wp:attachment":[{"href":"https:\/\/lospoliticosveracruz.com\/index.php?rest_route=%2Fwp%2Fv2%2Fmedia&parent=50397"}],"wp:term":[{"taxonomy":"category","embeddable":true,"href":"https:\/\/lospoliticosveracruz.com\/index.php?rest_route=%2Fwp%2Fv2%2Fcategories&post=50397"},{"taxonomy":"post_tag","embeddable":true,"href":"https:\/\/lospoliticosveracruz.com\/index.php?rest_route=%2Fwp%2Fv2%2Ftags&post=50397"}],"curies":[{"name":"wp","href":"https:\/\/api.w.org\/{rel}","templated":true}]}}