{"id":50461,"date":"2019-10-29T12:03:42","date_gmt":"2019-10-29T18:03:42","guid":{"rendered":"http:\/\/www.lospoliticosveracruz.com.mx\/?p=50461"},"modified":"2019-10-29T12:03:42","modified_gmt":"2019-10-29T18:03:42","slug":"cumple-cuic-con-casa-a-familiares-de-polis-caidos","status":"publish","type":"post","link":"https:\/\/lospoliticosveracruz.com\/?p=50461","title":{"rendered":"Cumple Cuic con casa a familiares de polis ca\u00eddos"},"content":{"rendered":"<p>Reconociendo que los integrantes de la Polic\u00eda exponen la vida con motivo de sus funciones y muestran vocaci\u00f3n de servicio por delante de cualquier hecho y circunstancia, as\u00ed como responsabilidad y compromiso hacia la instituci\u00f3n a la que sirven y, primordialmente, a la defensa de la ciudadan\u00eda en general; el Gobierno del Estado entreg\u00f3 40 viviendas en beneficio de 139 familiares deudos de polic\u00edas ca\u00eddos en el cumplimiento de su deber.<\/p>\n<p>En este sentido, el gobernador Cuitl\u00e1huac Garc\u00eda Jim\u00e9nez, en una ceremonia de honor, enalteci\u00f3 la labor por dem\u00e1s heroica que realizan d\u00eda a d\u00eda los integrantes de la Polic\u00eda; y expres\u00f3 adem\u00e1s su profunda gratitud, conjuntamente con el sentir moral e institucional, hacia aquellos elementos que, por su entrega, valor, compromiso, actitud de servicio, y lealtad demostrada como servidores p\u00fablicos, han perdido la vida; por lo que en este d\u00eda se les concede justicia social y respeto de los derechos humanos<\/p>\n<p>A trav\u00e9s del Instituto Veracruzano de la Vivienda (Invivienda) se otorgaron escrituras y llaves de casas habitaci\u00f3n,\u00a0resultando as\u00ed 4 en el municipio de Tuxpan, 18 en Xalapa, 4 en Medell\u00edn, 7 en Veracruz, 4 en Orizaba y 3 en Minatitl\u00e1n, por un total de 19 millones 962 mil 79 pesos; inform\u00f3 al Gobernador el gerente general de Invivienda, Hazael Flores Castro.<\/p>\n<p>\u00abCon honestidad y transparencia en adquisici\u00f3n de viviendas se dio cumplimiento a la Ley 290, bajo la cual las secretar\u00edas de Seguridad P\u00fablica y de Desarrollo Social, de manera coordinada y con atenci\u00f3n humana, aportaron respectivamente, 10 millones de pesos la primera; en tanto que la segunda 10 mdp m\u00e1s, a trav\u00e9s de INVIVIENDA; otorgando casas con las debidas caracter\u00edsticas para cada una de las familias\u00bb, detall\u00f3.<\/p>\n<p>Por su parte, el secretario de Seguridad P\u00fablica (SSP,) Hugo Guti\u00e9rrez Maldonado, se\u00f1al\u00f3 de que fueron tres administraciones anteriores las que ignoraron las necesidades de estos deudos, y hoy, por fin, cuentan con un hogar, \u00abnunca la Polic\u00eda Estatal\u00a0hab\u00eda sido tan beneficiada con aumentos de sueldos, nos encontramos dentro de las 10 corporaciones mejor pagadas, contamos con mejores\u00a0unidades, equipamiento t\u00e1ctico y uniformes\u00bb.<\/p>\n<p>Presentes estuvieron el titular de Desarrollo Social (Sedesol), Guillermo Fern\u00e1ndez; la directora de Cultura de Paz y Derechos Humanos,\u00a0Mayra Ledesma Arronte; as\u00ed como la diputada local Rosalinda Galindo Silva.<\/p>\n","protected":false},"excerpt":{"rendered":"<p>Reconociendo que los integrantes de la Polic\u00eda exponen la vida con motivo de sus funciones y muestran vocaci\u00f3n de servicio por delante de cualquier hecho y circunstancia, as\u00ed como responsabilidad y compromiso hacia la instituci\u00f3n a la que sirven y, primordialmente, a la defensa de la ciudadan\u00eda en general; el Gobierno del Estado entreg\u00f3 40 [&hellip;]<\/p>\n","protected":false},"author":2,"featured_media":50462,"comment_status":"open","ping_status":"open","sticky":false,"template":"","format":"standard","meta":{"tdm_status":"","tdm_grid_status":"","footnotes":""},"categories":[73],"tags":[1563,15624,15625,13303,8071,13487,15623,10669,715,177],"class_list":{"0":"post-50461","1":"post","2":"type-post","3":"status-publish","4":"format-standard","5":"has-post-thumbnail","7":"category-de-boleto","8":"tag-cuitlahuac-garcia-jimenez","9":"tag-guillermo-fernandez","10":"tag-hazael-flores-castro","11":"tag-hugo-gutierrez-maldonado","12":"tag-invivienda","13":"tag-mayra-ledesma-arronte","14":"tag-policias-caidos","15":"tag-rosalinda-galindo-silva","16":"tag-sedesol","17":"tag-seguridad-publica"},"yoast_head":"<!-- This site is optimized with the Yoast SEO plugin v27.4 - https:\/\/yoast.com\/product\/yoast-seo-wordpress\/ -->\n<title>Cumple Cuic con casa a familiares de polis ca\u00eddos - Los pol\u00edticos Veracruz<\/title>\n<meta name=\"robots\" content=\"index, follow, max-snippet:-1, max-image-preview:large, max-video-preview:-1\" \/>\n<link rel=\"canonical\" href=\"https:\/\/lospoliticosveracruz.com\/?p=50461\" \/>\n<meta property=\"og:locale\" content=\"es_ES\" \/>\n<meta property=\"og:type\" content=\"article\" \/>\n<meta property=\"og:title\" content=\"Cumple Cuic con casa a familiares de polis ca\u00eddos - Los pol\u00edticos Veracruz\" \/>\n<meta property=\"og:description\" content=\"Reconociendo que los integrantes de la Polic\u00eda exponen la vida con motivo de sus funciones y muestran vocaci\u00f3n de servicio por delante de cualquier hecho y circunstancia, as\u00ed como responsabilidad y compromiso hacia la instituci\u00f3n a la que sirven y, primordialmente, a la defensa de la ciudadan\u00eda en general; el Gobierno del Estado entreg\u00f3 40 [&hellip;]\" \/>\n<meta property=\"og:url\" content=\"https:\/\/lospoliticosveracruz.com\/?p=50461\" \/>\n<meta property=\"og:site_name\" content=\"Los pol\u00edticos Veracruz\" \/>\n<meta property=\"article:publisher\" content=\"https:\/\/www.facebook.com\/people\/Notimemes-de-los-Polticos\/61565672886568\/\" \/>\n<meta property=\"article:published_time\" content=\"2019-10-29T18:03:42+00:00\" \/>\n<meta property=\"og:image\" content=\"https:\/\/lospoliticosveracruz.com\/wp-content\/uploads\/2019\/10\/Viviendas.jpg\" \/>\n\t<meta property=\"og:image:width\" content=\"600\" \/>\n\t<meta property=\"og:image:height\" content=\"359\" \/>\n\t<meta property=\"og:image:type\" content=\"image\/jpeg\" \/>\n<meta name=\"author\" content=\"Lo viste en Los Pol\u00edticos\" \/>\n<meta name=\"twitter:card\" content=\"summary_large_image\" \/>\n<meta name=\"twitter:creator\" content=\"@LosPoliticosVer\" \/>\n<meta name=\"twitter:site\" content=\"@LosPoliticosVer\" \/>\n<meta name=\"twitter:label1\" content=\"Escrito por\" \/>\n\t<meta name=\"twitter:data1\" content=\"Lo viste en Los Pol\u00edticos\" \/>\n\t<meta name=\"twitter:label2\" content=\"Tiempo de lectura\" \/>\n\t<meta name=\"twitter:data2\" content=\"2 minutos\" \/>\n<script type=\"application\/ld+json\" class=\"yoast-schema-graph\">{\"@context\":\"https:\\\/\\\/schema.org\",\"@graph\":[{\"@type\":\"Article\",\"@id\":\"https:\\\/\\\/lospoliticosveracruz.com\\\/?p=50461#article\",\"isPartOf\":{\"@id\":\"https:\\\/\\\/lospoliticosveracruz.com\\\/?p=50461\"},\"author\":{\"name\":\"Lo viste en Los Pol\u00edticos\",\"@id\":\"https:\\\/\\\/lospoliticosveracruz.com\\\/#\\\/schema\\\/person\\\/b8702bb0e538456e6efd07080bf2a4a2\"},\"headline\":\"Cumple Cuic con casa a familiares de polis ca\u00eddos\",\"datePublished\":\"2019-10-29T18:03:42+00:00\",\"mainEntityOfPage\":{\"@id\":\"https:\\\/\\\/lospoliticosveracruz.com\\\/?p=50461\"},\"wordCount\":404,\"commentCount\":0,\"publisher\":{\"@id\":\"https:\\\/\\\/lospoliticosveracruz.com\\\/#organization\"},\"image\":{\"@id\":\"https:\\\/\\\/lospoliticosveracruz.com\\\/?p=50461#primaryimage\"},\"thumbnailUrl\":\"https:\\\/\\\/lospoliticosveracruz.com\\\/wp-content\\\/uploads\\\/2019\\\/10\\\/Viviendas.jpg\",\"keywords\":[\"Cuitl\u00e1huac Garc\u00eda Jim\u00e9nez\",\"Guillermo Fern\u00e1ndez\",\"Hazael Flores Castro\",\"Hugo Guti\u00e9rrez Maldonado\",\"Invivienda\",\"Mayra Ledesma-Arronte\",\"policias ca\u00eddos\",\"Rosalinda Galindo Silva\",\"Sedesol\",\"Seguridad P\u00fablica\"],\"articleSection\":[\"De Boleto\"],\"inLanguage\":\"es\",\"potentialAction\":[{\"@type\":\"CommentAction\",\"name\":\"Comment\",\"target\":[\"https:\\\/\\\/lospoliticosveracruz.com\\\/?p=50461#respond\"]}]},{\"@type\":\"WebPage\",\"@id\":\"https:\\\/\\\/lospoliticosveracruz.com\\\/?p=50461\",\"url\":\"https:\\\/\\\/lospoliticosveracruz.com\\\/?p=50461\",\"name\":\"Cumple Cuic con casa a familiares de polis ca\u00eddos - Los pol\u00edticos Veracruz\",\"isPartOf\":{\"@id\":\"https:\\\/\\\/lospoliticosveracruz.com\\\/#website\"},\"primaryImageOfPage\":{\"@id\":\"https:\\\/\\\/lospoliticosveracruz.com\\\/?p=50461#primaryimage\"},\"image\":{\"@id\":\"https:\\\/\\\/lospoliticosveracruz.com\\\/?p=50461#primaryimage\"},\"thumbnailUrl\":\"https:\\\/\\\/lospoliticosveracruz.com\\\/wp-content\\\/uploads\\\/2019\\\/10\\\/Viviendas.jpg\",\"datePublished\":\"2019-10-29T18:03:42+00:00\",\"breadcrumb\":{\"@id\":\"https:\\\/\\\/lospoliticosveracruz.com\\\/?p=50461#breadcrumb\"},\"inLanguage\":\"es\",\"potentialAction\":[{\"@type\":\"ReadAction\",\"target\":[\"https:\\\/\\\/lospoliticosveracruz.com\\\/?p=50461\"]}]},{\"@type\":\"ImageObject\",\"inLanguage\":\"es\",\"@id\":\"https:\\\/\\\/lospoliticosveracruz.com\\\/?p=50461#primaryimage\",\"url\":\"https:\\\/\\\/lospoliticosveracruz.com\\\/wp-content\\\/uploads\\\/2019\\\/10\\\/Viviendas.jpg\",\"contentUrl\":\"https:\\\/\\\/lospoliticosveracruz.com\\\/wp-content\\\/uploads\\\/2019\\\/10\\\/Viviendas.jpg\",\"width\":600,\"height\":359},{\"@type\":\"BreadcrumbList\",\"@id\":\"https:\\\/\\\/lospoliticosveracruz.com\\\/?p=50461#breadcrumb\",\"itemListElement\":[{\"@type\":\"ListItem\",\"position\":1,\"name\":\"Portada\",\"item\":\"https:\\\/\\\/lospoliticosveracruz.com\\\/\"},{\"@type\":\"ListItem\",\"position\":2,\"name\":\"Cumple Cuic con casa a familiares de polis ca\u00eddos\"}]},{\"@type\":\"WebSite\",\"@id\":\"https:\\\/\\\/lospoliticosveracruz.com\\\/#website\",\"url\":\"https:\\\/\\\/lospoliticosveracruz.com\\\/\",\"name\":\"Los pol\u00edticos Veracruz\",\"description\":\"\",\"publisher\":{\"@id\":\"https:\\\/\\\/lospoliticosveracruz.com\\\/#organization\"},\"potentialAction\":[{\"@type\":\"SearchAction\",\"target\":{\"@type\":\"EntryPoint\",\"urlTemplate\":\"https:\\\/\\\/lospoliticosveracruz.com\\\/?s={search_term_string}\"},\"query-input\":{\"@type\":\"PropertyValueSpecification\",\"valueRequired\":true,\"valueName\":\"search_term_string\"}}],\"inLanguage\":\"es\"},{\"@type\":\"Organization\",\"@id\":\"https:\\\/\\\/lospoliticosveracruz.com\\\/#organization\",\"name\":\"Los pol\u00edticos Veracruz\",\"url\":\"https:\\\/\\\/lospoliticosveracruz.com\\\/\",\"logo\":{\"@type\":\"ImageObject\",\"inLanguage\":\"es\",\"@id\":\"https:\\\/\\\/lospoliticosveracruz.com\\\/#\\\/schema\\\/logo\\\/image\\\/\",\"url\":\"https:\\\/\\\/lospoliticosveracruz.com\\\/wp-content\\\/uploads\\\/2025\\\/12\\\/Logo-Nuevo-LOS-POLITICOS-1.jpg\",\"contentUrl\":\"https:\\\/\\\/lospoliticosveracruz.com\\\/wp-content\\\/uploads\\\/2025\\\/12\\\/Logo-Nuevo-LOS-POLITICOS-1.jpg\",\"width\":260,\"height\":70,\"caption\":\"Los pol\u00edticos Veracruz\"},\"image\":{\"@id\":\"https:\\\/\\\/lospoliticosveracruz.com\\\/#\\\/schema\\\/logo\\\/image\\\/\"},\"sameAs\":[\"https:\\\/\\\/www.facebook.com\\\/people\\\/Notimemes-de-los-Polticos\\\/61565672886568\\\/\",\"https:\\\/\\\/x.com\\\/LosPoliticosVer\"]},{\"@type\":\"Person\",\"@id\":\"https:\\\/\\\/lospoliticosveracruz.com\\\/#\\\/schema\\\/person\\\/b8702bb0e538456e6efd07080bf2a4a2\",\"name\":\"Lo viste en Los Pol\u00edticos\",\"image\":{\"@type\":\"ImageObject\",\"inLanguage\":\"es\",\"@id\":\"https:\\\/\\\/secure.gravatar.com\\\/avatar\\\/3a8de04a2656d44082be478bd6c086daa447c4651605818287b9532d3d0bd435?s=96&d=mm&r=g\",\"url\":\"https:\\\/\\\/secure.gravatar.com\\\/avatar\\\/3a8de04a2656d44082be478bd6c086daa447c4651605818287b9532d3d0bd435?s=96&d=mm&r=g\",\"contentUrl\":\"https:\\\/\\\/secure.gravatar.com\\\/avatar\\\/3a8de04a2656d44082be478bd6c086daa447c4651605818287b9532d3d0bd435?s=96&d=mm&r=g\",\"caption\":\"Lo viste en Los Pol\u00edticos\"},\"url\":\"https:\\\/\\\/lospoliticosveracruz.com\\\/?author=2\"}]}<\/script>\n<!-- \/ Yoast SEO plugin. -->","yoast_head_json":{"title":"Cumple Cuic con casa a familiares de polis ca\u00eddos - Los pol\u00edticos Veracruz","robots":{"index":"index","follow":"follow","max-snippet":"max-snippet:-1","max-image-preview":"max-image-preview:large","max-video-preview":"max-video-preview:-1"},"canonical":"https:\/\/lospoliticosveracruz.com\/?p=50461","og_locale":"es_ES","og_type":"article","og_title":"Cumple Cuic con casa a familiares de polis ca\u00eddos - Los pol\u00edticos Veracruz","og_description":"Reconociendo que los integrantes de la Polic\u00eda exponen la vida con motivo de sus funciones y muestran vocaci\u00f3n de servicio por delante de cualquier hecho y circunstancia, as\u00ed como responsabilidad y compromiso hacia la instituci\u00f3n a la que sirven y, primordialmente, a la defensa de la ciudadan\u00eda en general; el Gobierno del Estado entreg\u00f3 40 [&hellip;]","og_url":"https:\/\/lospoliticosveracruz.com\/?p=50461","og_site_name":"Los pol\u00edticos Veracruz","article_publisher":"https:\/\/www.facebook.com\/people\/Notimemes-de-los-Polticos\/61565672886568\/","article_published_time":"2019-10-29T18:03:42+00:00","og_image":[{"width":600,"height":359,"url":"https:\/\/lospoliticosveracruz.com\/wp-content\/uploads\/2019\/10\/Viviendas.jpg","type":"image\/jpeg"}],"author":"Lo viste en Los Pol\u00edticos","twitter_card":"summary_large_image","twitter_creator":"@LosPoliticosVer","twitter_site":"@LosPoliticosVer","twitter_misc":{"Escrito por":"Lo viste en Los Pol\u00edticos","Tiempo de lectura":"2 minutos"},"schema":{"@context":"https:\/\/schema.org","@graph":[{"@type":"Article","@id":"https:\/\/lospoliticosveracruz.com\/?p=50461#article","isPartOf":{"@id":"https:\/\/lospoliticosveracruz.com\/?p=50461"},"author":{"name":"Lo viste en Los Pol\u00edticos","@id":"https:\/\/lospoliticosveracruz.com\/#\/schema\/person\/b8702bb0e538456e6efd07080bf2a4a2"},"headline":"Cumple Cuic con casa a familiares de polis ca\u00eddos","datePublished":"2019-10-29T18:03:42+00:00","mainEntityOfPage":{"@id":"https:\/\/lospoliticosveracruz.com\/?p=50461"},"wordCount":404,"commentCount":0,"publisher":{"@id":"https:\/\/lospoliticosveracruz.com\/#organization"},"image":{"@id":"https:\/\/lospoliticosveracruz.com\/?p=50461#primaryimage"},"thumbnailUrl":"https:\/\/lospoliticosveracruz.com\/wp-content\/uploads\/2019\/10\/Viviendas.jpg","keywords":["Cuitl\u00e1huac Garc\u00eda Jim\u00e9nez","Guillermo Fern\u00e1ndez","Hazael Flores Castro","Hugo Guti\u00e9rrez Maldonado","Invivienda","Mayra Ledesma-Arronte","policias ca\u00eddos","Rosalinda Galindo Silva","Sedesol","Seguridad P\u00fablica"],"articleSection":["De Boleto"],"inLanguage":"es","potentialAction":[{"@type":"CommentAction","name":"Comment","target":["https:\/\/lospoliticosveracruz.com\/?p=50461#respond"]}]},{"@type":"WebPage","@id":"https:\/\/lospoliticosveracruz.com\/?p=50461","url":"https:\/\/lospoliticosveracruz.com\/?p=50461","name":"Cumple Cuic con casa a familiares de polis ca\u00eddos - Los pol\u00edticos Veracruz","isPartOf":{"@id":"https:\/\/lospoliticosveracruz.com\/#website"},"primaryImageOfPage":{"@id":"https:\/\/lospoliticosveracruz.com\/?p=50461#primaryimage"},"image":{"@id":"https:\/\/lospoliticosveracruz.com\/?p=50461#primaryimage"},"thumbnailUrl":"https:\/\/lospoliticosveracruz.com\/wp-content\/uploads\/2019\/10\/Viviendas.jpg","datePublished":"2019-10-29T18:03:42+00:00","breadcrumb":{"@id":"https:\/\/lospoliticosveracruz.com\/?p=50461#breadcrumb"},"inLanguage":"es","potentialAction":[{"@type":"ReadAction","target":["https:\/\/lospoliticosveracruz.com\/?p=50461"]}]},{"@type":"ImageObject","inLanguage":"es","@id":"https:\/\/lospoliticosveracruz.com\/?p=50461#primaryimage","url":"https:\/\/lospoliticosveracruz.com\/wp-content\/uploads\/2019\/10\/Viviendas.jpg","contentUrl":"https:\/\/lospoliticosveracruz.com\/wp-content\/uploads\/2019\/10\/Viviendas.jpg","width":600,"height":359},{"@type":"BreadcrumbList","@id":"https:\/\/lospoliticosveracruz.com\/?p=50461#breadcrumb","itemListElement":[{"@type":"ListItem","position":1,"name":"Portada","item":"https:\/\/lospoliticosveracruz.com\/"},{"@type":"ListItem","position":2,"name":"Cumple Cuic con casa a familiares de polis ca\u00eddos"}]},{"@type":"WebSite","@id":"https:\/\/lospoliticosveracruz.com\/#website","url":"https:\/\/lospoliticosveracruz.com\/","name":"Los pol\u00edticos Veracruz","description":"","publisher":{"@id":"https:\/\/lospoliticosveracruz.com\/#organization"},"potentialAction":[{"@type":"SearchAction","target":{"@type":"EntryPoint","urlTemplate":"https:\/\/lospoliticosveracruz.com\/?s={search_term_string}"},"query-input":{"@type":"PropertyValueSpecification","valueRequired":true,"valueName":"search_term_string"}}],"inLanguage":"es"},{"@type":"Organization","@id":"https:\/\/lospoliticosveracruz.com\/#organization","name":"Los pol\u00edticos Veracruz","url":"https:\/\/lospoliticosveracruz.com\/","logo":{"@type":"ImageObject","inLanguage":"es","@id":"https:\/\/lospoliticosveracruz.com\/#\/schema\/logo\/image\/","url":"https:\/\/lospoliticosveracruz.com\/wp-content\/uploads\/2025\/12\/Logo-Nuevo-LOS-POLITICOS-1.jpg","contentUrl":"https:\/\/lospoliticosveracruz.com\/wp-content\/uploads\/2025\/12\/Logo-Nuevo-LOS-POLITICOS-1.jpg","width":260,"height":70,"caption":"Los pol\u00edticos Veracruz"},"image":{"@id":"https:\/\/lospoliticosveracruz.com\/#\/schema\/logo\/image\/"},"sameAs":["https:\/\/www.facebook.com\/people\/Notimemes-de-los-Polticos\/61565672886568\/","https:\/\/x.com\/LosPoliticosVer"]},{"@type":"Person","@id":"https:\/\/lospoliticosveracruz.com\/#\/schema\/person\/b8702bb0e538456e6efd07080bf2a4a2","name":"Lo viste en Los Pol\u00edticos","image":{"@type":"ImageObject","inLanguage":"es","@id":"https:\/\/secure.gravatar.com\/avatar\/3a8de04a2656d44082be478bd6c086daa447c4651605818287b9532d3d0bd435?s=96&d=mm&r=g","url":"https:\/\/secure.gravatar.com\/avatar\/3a8de04a2656d44082be478bd6c086daa447c4651605818287b9532d3d0bd435?s=96&d=mm&r=g","contentUrl":"https:\/\/secure.gravatar.com\/avatar\/3a8de04a2656d44082be478bd6c086daa447c4651605818287b9532d3d0bd435?s=96&d=mm&r=g","caption":"Lo viste en Los Pol\u00edticos"},"url":"https:\/\/lospoliticosveracruz.com\/?author=2"}]}},"_links":{"self":[{"href":"https:\/\/lospoliticosveracruz.com\/index.php?rest_route=\/wp\/v2\/posts\/50461","targetHints":{"allow":["GET"]}}],"collection":[{"href":"https:\/\/lospoliticosveracruz.com\/index.php?rest_route=\/wp\/v2\/posts"}],"about":[{"href":"https:\/\/lospoliticosveracruz.com\/index.php?rest_route=\/wp\/v2\/types\/post"}],"author":[{"embeddable":true,"href":"https:\/\/lospoliticosveracruz.com\/index.php?rest_route=\/wp\/v2\/users\/2"}],"replies":[{"embeddable":true,"href":"https:\/\/lospoliticosveracruz.com\/index.php?rest_route=%2Fwp%2Fv2%2Fcomments&post=50461"}],"version-history":[{"count":1,"href":"https:\/\/lospoliticosveracruz.com\/index.php?rest_route=\/wp\/v2\/posts\/50461\/revisions"}],"predecessor-version":[{"id":50463,"href":"https:\/\/lospoliticosveracruz.com\/index.php?rest_route=\/wp\/v2\/posts\/50461\/revisions\/50463"}],"wp:featuredmedia":[{"embeddable":true,"href":"https:\/\/lospoliticosveracruz.com\/index.php?rest_route=\/wp\/v2\/media\/50462"}],"wp:attachment":[{"href":"https:\/\/lospoliticosveracruz.com\/index.php?rest_route=%2Fwp%2Fv2%2Fmedia&parent=50461"}],"wp:term":[{"taxonomy":"category","embeddable":true,"href":"https:\/\/lospoliticosveracruz.com\/index.php?rest_route=%2Fwp%2Fv2%2Fcategories&post=50461"},{"taxonomy":"post_tag","embeddable":true,"href":"https:\/\/lospoliticosveracruz.com\/index.php?rest_route=%2Fwp%2Fv2%2Ftags&post=50461"}],"curies":[{"name":"wp","href":"https:\/\/api.w.org\/{rel}","templated":true}]}}