{"id":50472,"date":"2019-10-29T23:00:34","date_gmt":"2019-10-30T05:00:34","guid":{"rendered":"http:\/\/www.lospoliticosveracruz.com.mx\/?p=50472"},"modified":"2019-10-29T20:40:53","modified_gmt":"2019-10-30T02:40:53","slug":"las-horas-de-karime","status":"publish","type":"post","link":"https:\/\/lospoliticosveracruz.com\/?p=50472","title":{"rendered":"Las horas de Karime"},"content":{"rendered":"<p><strong>Brenda Caballero<\/strong><\/p>\n<p><em>N\u00fameros Rojos<\/em><\/p>\n<p>La noticia corri\u00f3 como reguero de p\u00f3lvora. El que corri\u00f3 la noticia cumpli\u00f3 su cometido: todos los medios ya mencionaban \u201cla Detenci\u00f3n de Karime Mac\u00edas en Reino Unido para su extradici\u00f3n a M\u00e9xico\u201d. Del mismo modo ya estaba en redes sociales. Durante varias horas el tema central de conversaci\u00f3n era Karime Mac\u00edas Tubilla. L\u00f3gicamente, todos y todas en contra de ella.<\/p>\n<p>\u00bfSer\u00e1 posible que ahora s\u00ed traigan a Karime para que enfrente los procesos que tiene en su contra?<\/p>\n<p>\u00bfSer\u00e1 que ahora s\u00ed merezca la c\u00e1rcel? \u00bfTendr\u00e1 algo que ver que Javier Duarte haya dejado de tuitear?<\/p>\n<p>Conforme fueron pasando las horas, el abogado de Karime y<span class=\"apple-converted-space\">\u00a0<\/span>\u00a0tambi\u00e9n de Javier Duarte, Marco Antonio del Toro, aclaraba v\u00eda telef\u00f3nica que fue ella misma la que se present\u00f3 voluntariamente a las nueve de la ma\u00f1ana para la audiencia de solicitud del proceso de extradici\u00f3n a M\u00e9xico.<\/p>\n<p>Hay que aclarar dos cosas: ni la detuvieron ni se present\u00f3 voluntariamente, pues seg\u00fan el mismo abogado desde el viernes pasado se le hab\u00eda notificado una orden de presentaci\u00f3n en donde se le notificar\u00eda la orden de aprehensi\u00f3n girada por la Fiscal\u00eda del Estado de Veracruz y ejecutada a trav\u00e9s de la Canciller\u00eda del Gobierno Mexicano en coordinaci\u00f3n con la Fiscal\u00eda General de la Rep\u00fablica. Recordemos que desde 2018 el a\u00fan gobierno de Pe\u00f1a Nieto \u201chizo la solicitud de la ficha roja\u201d previo video de la forma de vida de Karime all\u00e1 en Londres, a lo que de inmediato Mac\u00edas Tubilla solicit\u00f3 asilo pol\u00edtico, ya que se dijo perseguida por el entonces gobernador Miguel \u00c1ngel Yunes.<\/p>\n<p>La audiencia continu\u00f3; mientras, ac\u00e1 en M\u00e9xico, todos haciendo conjeturas, pues no circul\u00f3 informaci\u00f3n oficial. Lo que se conoci\u00f3 fue precisamente por el mismo abogado de Mac\u00edas quien adem\u00e1s afirm\u00f3 que no hay sustento jur\u00eddico en las demandas contra su clienta realizadas por el entonces fiscal Jorge Winckler Ortiz.<\/p>\n<p>Y seis horas despu\u00e9s, dijeran por all\u00ed, nos quedamos vestidos y alborotados con la extradici\u00f3n de Karime, pues la periodista Danielle Dithurbide confirmaba la informaci\u00f3n de que el juez brit\u00e1nico le permitir\u00eda a Karime enfrentar su proceso en libertad, pero con restricciones como el no salir de aquel pa\u00eds \u00a1vaya castigo! Si es precisamente lo que ella estaba buscando.<\/p>\n<p>Adem\u00e1s, Karime tuvo que pagar una fianza de 150 mil libras esterlinas, algo as\u00ed como 3 millones 689 mil 733 pesos mexicanos. \u00a1No que no ten\u00eda dinero!<\/p>\n<p>Despu\u00e9s de estas seis horas de emocionar a los mexicanos, la controversia\u00a0<span class=\"apple-converted-space\">\u00a0<\/span>aument\u00f3. \u00bfAcaso una caja china ante la ca\u00edda de Pemex o la inundaci\u00f3n de Dos Bocas? \u00bfO es tan solo un \u201cestate quieto\u201d a Javier Duarte que ya se sent\u00eda asesor en materia de seguridad del gobernador Cuitl\u00e1huac Garc\u00eda?<\/p>\n<p>Lo cierto es que despu\u00e9s de este alboroto volvi\u00f3 a salir hasta la historia de amor de Karime y Javier Duarte. No cabe duda que a los mexicanos nos siguen dando historias telenovelescas para calmar nuestros \u00e1nimos.<\/p>\n<p>Seguramente las denuncias presentadas contra Karime por el saqueo al DIF Estatal no prosperen; seguramente las carpetas est\u00e9n mal integradas o se argumente que ella no firm\u00f3 absolutamente nada que la comprometiera con el desv\u00edo de recursos p\u00fablicos. Puede ser verdad. Lo que s\u00ed es cierto es que ahora que anda muy filosa la Unidad de Inteligencia Financiera de la Secretaria de Hacienda y Cr\u00e9dito P\u00fablico y tomando en cuenta la millonaria multa pagada para seguir el proceso en libertad, adem\u00e1s de la denuncia interpuesta por el anterior gobierno federal por defraudaci\u00f3n fiscal, Karime pudiera ser un caso para el Batman de la 4T: Santiago Nieto Castillo.<\/p>\n<p>&nbsp;<\/p>\n<p>@NumerosRojos_BC<\/p>\n<p><a href=\"mailto:caballero_brenda@hotmail.com\" target=\"_blank\">caballero_brenda@hotmail.com<\/a><\/p>\n","protected":false},"excerpt":{"rendered":"<p>Brenda Caballero N\u00fameros Rojos La noticia corri\u00f3 como reguero de p\u00f3lvora. El que corri\u00f3 la noticia cumpli\u00f3 su cometido: todos los medios ya mencionaban \u201cla Detenci\u00f3n de Karime Mac\u00edas en Reino Unido para su extradici\u00f3n a M\u00e9xico\u201d. Del mismo modo ya estaba en redes sociales. Durante varias horas el tema central de conversaci\u00f3n era Karime [&hellip;]<\/p>\n","protected":false},"author":2,"featured_media":50473,"comment_status":"open","ping_status":"open","sticky":false,"template":"","format":"standard","meta":{"tdm_status":"","tdm_grid_status":"","footnotes":""},"categories":[70],"tags":[1681,260,6150,231,8049],"class_list":{"0":"post-50472","1":"post","2":"type-post","3":"status-publish","4":"format-standard","5":"has-post-thumbnail","7":"category-de-opinion","8":"tag-cuitlahuac-garcia","9":"tag-javier-duarte-de-ochoa","10":"tag-jorge-winckler-ortiz","11":"tag-karime-macias-tubilla","12":"tag-londres"},"yoast_head":"<!-- This site is optimized with the Yoast SEO plugin v27.4 - https:\/\/yoast.com\/product\/yoast-seo-wordpress\/ -->\n<title>Las horas de Karime - Los pol\u00edticos Veracruz<\/title>\n<meta name=\"robots\" content=\"index, follow, max-snippet:-1, max-image-preview:large, max-video-preview:-1\" \/>\n<link rel=\"canonical\" href=\"https:\/\/lospoliticosveracruz.com\/?p=50472\" \/>\n<meta property=\"og:locale\" content=\"es_ES\" \/>\n<meta property=\"og:type\" content=\"article\" \/>\n<meta property=\"og:title\" content=\"Las horas de Karime - Los pol\u00edticos Veracruz\" \/>\n<meta property=\"og:description\" content=\"Brenda Caballero N\u00fameros Rojos La noticia corri\u00f3 como reguero de p\u00f3lvora. El que corri\u00f3 la noticia cumpli\u00f3 su cometido: todos los medios ya mencionaban \u201cla Detenci\u00f3n de Karime Mac\u00edas en Reino Unido para su extradici\u00f3n a M\u00e9xico\u201d. Del mismo modo ya estaba en redes sociales. Durante varias horas el tema central de conversaci\u00f3n era Karime [&hellip;]\" \/>\n<meta property=\"og:url\" content=\"https:\/\/lospoliticosveracruz.com\/?p=50472\" \/>\n<meta property=\"og:site_name\" content=\"Los pol\u00edticos Veracruz\" \/>\n<meta property=\"article:publisher\" content=\"https:\/\/www.facebook.com\/people\/Notimemes-de-los-Polticos\/61565672886568\/\" \/>\n<meta property=\"article:published_time\" content=\"2019-10-30T05:00:34+00:00\" \/>\n<meta property=\"og:image\" content=\"https:\/\/lospoliticosveracruz.com\/wp-content\/uploads\/2019\/10\/Kaarime.jpeg\" \/>\n\t<meta property=\"og:image:width\" content=\"600\" \/>\n\t<meta property=\"og:image:height\" content=\"300\" \/>\n\t<meta property=\"og:image:type\" content=\"image\/jpeg\" \/>\n<meta name=\"author\" content=\"Lo viste en Los Pol\u00edticos\" \/>\n<meta name=\"twitter:card\" content=\"summary_large_image\" \/>\n<meta name=\"twitter:creator\" content=\"@LosPoliticosVer\" \/>\n<meta name=\"twitter:site\" content=\"@LosPoliticosVer\" \/>\n<meta name=\"twitter:label1\" content=\"Escrito por\" \/>\n\t<meta name=\"twitter:data1\" content=\"Lo viste en Los Pol\u00edticos\" \/>\n\t<meta name=\"twitter:label2\" content=\"Tiempo de lectura\" \/>\n\t<meta name=\"twitter:data2\" content=\"3 minutos\" \/>\n<script type=\"application\/ld+json\" class=\"yoast-schema-graph\">{\"@context\":\"https:\\\/\\\/schema.org\",\"@graph\":[{\"@type\":\"Article\",\"@id\":\"https:\\\/\\\/lospoliticosveracruz.com\\\/?p=50472#article\",\"isPartOf\":{\"@id\":\"https:\\\/\\\/lospoliticosveracruz.com\\\/?p=50472\"},\"author\":{\"name\":\"Lo viste en Los Pol\u00edticos\",\"@id\":\"https:\\\/\\\/lospoliticosveracruz.com\\\/#\\\/schema\\\/person\\\/b8702bb0e538456e6efd07080bf2a4a2\"},\"headline\":\"Las horas de Karime\",\"datePublished\":\"2019-10-30T05:00:34+00:00\",\"mainEntityOfPage\":{\"@id\":\"https:\\\/\\\/lospoliticosveracruz.com\\\/?p=50472\"},\"wordCount\":658,\"commentCount\":0,\"publisher\":{\"@id\":\"https:\\\/\\\/lospoliticosveracruz.com\\\/#organization\"},\"image\":{\"@id\":\"https:\\\/\\\/lospoliticosveracruz.com\\\/?p=50472#primaryimage\"},\"thumbnailUrl\":\"https:\\\/\\\/lospoliticosveracruz.com\\\/wp-content\\\/uploads\\\/2019\\\/10\\\/Kaarime.jpeg\",\"keywords\":[\"Cuitl\u00e1huac Garc\u00eda\",\"Javier Duarte de Ochoa\",\"Jorge Winckler Ortiz\",\"Karime Mac\u00edas Tubilla\",\"Londres\"],\"articleSection\":[\"De Opini\u00f3n\"],\"inLanguage\":\"es\",\"potentialAction\":[{\"@type\":\"CommentAction\",\"name\":\"Comment\",\"target\":[\"https:\\\/\\\/lospoliticosveracruz.com\\\/?p=50472#respond\"]}]},{\"@type\":\"WebPage\",\"@id\":\"https:\\\/\\\/lospoliticosveracruz.com\\\/?p=50472\",\"url\":\"https:\\\/\\\/lospoliticosveracruz.com\\\/?p=50472\",\"name\":\"Las horas de Karime - Los pol\u00edticos Veracruz\",\"isPartOf\":{\"@id\":\"https:\\\/\\\/lospoliticosveracruz.com\\\/#website\"},\"primaryImageOfPage\":{\"@id\":\"https:\\\/\\\/lospoliticosveracruz.com\\\/?p=50472#primaryimage\"},\"image\":{\"@id\":\"https:\\\/\\\/lospoliticosveracruz.com\\\/?p=50472#primaryimage\"},\"thumbnailUrl\":\"https:\\\/\\\/lospoliticosveracruz.com\\\/wp-content\\\/uploads\\\/2019\\\/10\\\/Kaarime.jpeg\",\"datePublished\":\"2019-10-30T05:00:34+00:00\",\"breadcrumb\":{\"@id\":\"https:\\\/\\\/lospoliticosveracruz.com\\\/?p=50472#breadcrumb\"},\"inLanguage\":\"es\",\"potentialAction\":[{\"@type\":\"ReadAction\",\"target\":[\"https:\\\/\\\/lospoliticosveracruz.com\\\/?p=50472\"]}]},{\"@type\":\"ImageObject\",\"inLanguage\":\"es\",\"@id\":\"https:\\\/\\\/lospoliticosveracruz.com\\\/?p=50472#primaryimage\",\"url\":\"https:\\\/\\\/lospoliticosveracruz.com\\\/wp-content\\\/uploads\\\/2019\\\/10\\\/Kaarime.jpeg\",\"contentUrl\":\"https:\\\/\\\/lospoliticosveracruz.com\\\/wp-content\\\/uploads\\\/2019\\\/10\\\/Kaarime.jpeg\",\"width\":600,\"height\":300},{\"@type\":\"BreadcrumbList\",\"@id\":\"https:\\\/\\\/lospoliticosveracruz.com\\\/?p=50472#breadcrumb\",\"itemListElement\":[{\"@type\":\"ListItem\",\"position\":1,\"name\":\"Portada\",\"item\":\"https:\\\/\\\/lospoliticosveracruz.com\\\/\"},{\"@type\":\"ListItem\",\"position\":2,\"name\":\"Las horas de Karime\"}]},{\"@type\":\"WebSite\",\"@id\":\"https:\\\/\\\/lospoliticosveracruz.com\\\/#website\",\"url\":\"https:\\\/\\\/lospoliticosveracruz.com\\\/\",\"name\":\"Los pol\u00edticos Veracruz\",\"description\":\"\",\"publisher\":{\"@id\":\"https:\\\/\\\/lospoliticosveracruz.com\\\/#organization\"},\"potentialAction\":[{\"@type\":\"SearchAction\",\"target\":{\"@type\":\"EntryPoint\",\"urlTemplate\":\"https:\\\/\\\/lospoliticosveracruz.com\\\/?s={search_term_string}\"},\"query-input\":{\"@type\":\"PropertyValueSpecification\",\"valueRequired\":true,\"valueName\":\"search_term_string\"}}],\"inLanguage\":\"es\"},{\"@type\":\"Organization\",\"@id\":\"https:\\\/\\\/lospoliticosveracruz.com\\\/#organization\",\"name\":\"Los pol\u00edticos Veracruz\",\"url\":\"https:\\\/\\\/lospoliticosveracruz.com\\\/\",\"logo\":{\"@type\":\"ImageObject\",\"inLanguage\":\"es\",\"@id\":\"https:\\\/\\\/lospoliticosveracruz.com\\\/#\\\/schema\\\/logo\\\/image\\\/\",\"url\":\"https:\\\/\\\/lospoliticosveracruz.com\\\/wp-content\\\/uploads\\\/2025\\\/12\\\/Logo-Nuevo-LOS-POLITICOS-1.jpg\",\"contentUrl\":\"https:\\\/\\\/lospoliticosveracruz.com\\\/wp-content\\\/uploads\\\/2025\\\/12\\\/Logo-Nuevo-LOS-POLITICOS-1.jpg\",\"width\":260,\"height\":70,\"caption\":\"Los pol\u00edticos Veracruz\"},\"image\":{\"@id\":\"https:\\\/\\\/lospoliticosveracruz.com\\\/#\\\/schema\\\/logo\\\/image\\\/\"},\"sameAs\":[\"https:\\\/\\\/www.facebook.com\\\/people\\\/Notimemes-de-los-Polticos\\\/61565672886568\\\/\",\"https:\\\/\\\/x.com\\\/LosPoliticosVer\"]},{\"@type\":\"Person\",\"@id\":\"https:\\\/\\\/lospoliticosveracruz.com\\\/#\\\/schema\\\/person\\\/b8702bb0e538456e6efd07080bf2a4a2\",\"name\":\"Lo viste en Los Pol\u00edticos\",\"image\":{\"@type\":\"ImageObject\",\"inLanguage\":\"es\",\"@id\":\"https:\\\/\\\/secure.gravatar.com\\\/avatar\\\/3a8de04a2656d44082be478bd6c086daa447c4651605818287b9532d3d0bd435?s=96&d=mm&r=g\",\"url\":\"https:\\\/\\\/secure.gravatar.com\\\/avatar\\\/3a8de04a2656d44082be478bd6c086daa447c4651605818287b9532d3d0bd435?s=96&d=mm&r=g\",\"contentUrl\":\"https:\\\/\\\/secure.gravatar.com\\\/avatar\\\/3a8de04a2656d44082be478bd6c086daa447c4651605818287b9532d3d0bd435?s=96&d=mm&r=g\",\"caption\":\"Lo viste en Los Pol\u00edticos\"},\"url\":\"https:\\\/\\\/lospoliticosveracruz.com\\\/?author=2\"}]}<\/script>\n<!-- \/ Yoast SEO plugin. -->","yoast_head_json":{"title":"Las horas de Karime - Los pol\u00edticos Veracruz","robots":{"index":"index","follow":"follow","max-snippet":"max-snippet:-1","max-image-preview":"max-image-preview:large","max-video-preview":"max-video-preview:-1"},"canonical":"https:\/\/lospoliticosveracruz.com\/?p=50472","og_locale":"es_ES","og_type":"article","og_title":"Las horas de Karime - Los pol\u00edticos Veracruz","og_description":"Brenda Caballero N\u00fameros Rojos La noticia corri\u00f3 como reguero de p\u00f3lvora. El que corri\u00f3 la noticia cumpli\u00f3 su cometido: todos los medios ya mencionaban \u201cla Detenci\u00f3n de Karime Mac\u00edas en Reino Unido para su extradici\u00f3n a M\u00e9xico\u201d. Del mismo modo ya estaba en redes sociales. Durante varias horas el tema central de conversaci\u00f3n era Karime [&hellip;]","og_url":"https:\/\/lospoliticosveracruz.com\/?p=50472","og_site_name":"Los pol\u00edticos Veracruz","article_publisher":"https:\/\/www.facebook.com\/people\/Notimemes-de-los-Polticos\/61565672886568\/","article_published_time":"2019-10-30T05:00:34+00:00","og_image":[{"width":600,"height":300,"url":"https:\/\/lospoliticosveracruz.com\/wp-content\/uploads\/2019\/10\/Kaarime.jpeg","type":"image\/jpeg"}],"author":"Lo viste en Los Pol\u00edticos","twitter_card":"summary_large_image","twitter_creator":"@LosPoliticosVer","twitter_site":"@LosPoliticosVer","twitter_misc":{"Escrito por":"Lo viste en Los Pol\u00edticos","Tiempo de lectura":"3 minutos"},"schema":{"@context":"https:\/\/schema.org","@graph":[{"@type":"Article","@id":"https:\/\/lospoliticosveracruz.com\/?p=50472#article","isPartOf":{"@id":"https:\/\/lospoliticosveracruz.com\/?p=50472"},"author":{"name":"Lo viste en Los Pol\u00edticos","@id":"https:\/\/lospoliticosveracruz.com\/#\/schema\/person\/b8702bb0e538456e6efd07080bf2a4a2"},"headline":"Las horas de Karime","datePublished":"2019-10-30T05:00:34+00:00","mainEntityOfPage":{"@id":"https:\/\/lospoliticosveracruz.com\/?p=50472"},"wordCount":658,"commentCount":0,"publisher":{"@id":"https:\/\/lospoliticosveracruz.com\/#organization"},"image":{"@id":"https:\/\/lospoliticosveracruz.com\/?p=50472#primaryimage"},"thumbnailUrl":"https:\/\/lospoliticosveracruz.com\/wp-content\/uploads\/2019\/10\/Kaarime.jpeg","keywords":["Cuitl\u00e1huac Garc\u00eda","Javier Duarte de Ochoa","Jorge Winckler Ortiz","Karime Mac\u00edas Tubilla","Londres"],"articleSection":["De Opini\u00f3n"],"inLanguage":"es","potentialAction":[{"@type":"CommentAction","name":"Comment","target":["https:\/\/lospoliticosveracruz.com\/?p=50472#respond"]}]},{"@type":"WebPage","@id":"https:\/\/lospoliticosveracruz.com\/?p=50472","url":"https:\/\/lospoliticosveracruz.com\/?p=50472","name":"Las horas de Karime - Los pol\u00edticos Veracruz","isPartOf":{"@id":"https:\/\/lospoliticosveracruz.com\/#website"},"primaryImageOfPage":{"@id":"https:\/\/lospoliticosveracruz.com\/?p=50472#primaryimage"},"image":{"@id":"https:\/\/lospoliticosveracruz.com\/?p=50472#primaryimage"},"thumbnailUrl":"https:\/\/lospoliticosveracruz.com\/wp-content\/uploads\/2019\/10\/Kaarime.jpeg","datePublished":"2019-10-30T05:00:34+00:00","breadcrumb":{"@id":"https:\/\/lospoliticosveracruz.com\/?p=50472#breadcrumb"},"inLanguage":"es","potentialAction":[{"@type":"ReadAction","target":["https:\/\/lospoliticosveracruz.com\/?p=50472"]}]},{"@type":"ImageObject","inLanguage":"es","@id":"https:\/\/lospoliticosveracruz.com\/?p=50472#primaryimage","url":"https:\/\/lospoliticosveracruz.com\/wp-content\/uploads\/2019\/10\/Kaarime.jpeg","contentUrl":"https:\/\/lospoliticosveracruz.com\/wp-content\/uploads\/2019\/10\/Kaarime.jpeg","width":600,"height":300},{"@type":"BreadcrumbList","@id":"https:\/\/lospoliticosveracruz.com\/?p=50472#breadcrumb","itemListElement":[{"@type":"ListItem","position":1,"name":"Portada","item":"https:\/\/lospoliticosveracruz.com\/"},{"@type":"ListItem","position":2,"name":"Las horas de Karime"}]},{"@type":"WebSite","@id":"https:\/\/lospoliticosveracruz.com\/#website","url":"https:\/\/lospoliticosveracruz.com\/","name":"Los pol\u00edticos Veracruz","description":"","publisher":{"@id":"https:\/\/lospoliticosveracruz.com\/#organization"},"potentialAction":[{"@type":"SearchAction","target":{"@type":"EntryPoint","urlTemplate":"https:\/\/lospoliticosveracruz.com\/?s={search_term_string}"},"query-input":{"@type":"PropertyValueSpecification","valueRequired":true,"valueName":"search_term_string"}}],"inLanguage":"es"},{"@type":"Organization","@id":"https:\/\/lospoliticosveracruz.com\/#organization","name":"Los pol\u00edticos Veracruz","url":"https:\/\/lospoliticosveracruz.com\/","logo":{"@type":"ImageObject","inLanguage":"es","@id":"https:\/\/lospoliticosveracruz.com\/#\/schema\/logo\/image\/","url":"https:\/\/lospoliticosveracruz.com\/wp-content\/uploads\/2025\/12\/Logo-Nuevo-LOS-POLITICOS-1.jpg","contentUrl":"https:\/\/lospoliticosveracruz.com\/wp-content\/uploads\/2025\/12\/Logo-Nuevo-LOS-POLITICOS-1.jpg","width":260,"height":70,"caption":"Los pol\u00edticos Veracruz"},"image":{"@id":"https:\/\/lospoliticosveracruz.com\/#\/schema\/logo\/image\/"},"sameAs":["https:\/\/www.facebook.com\/people\/Notimemes-de-los-Polticos\/61565672886568\/","https:\/\/x.com\/LosPoliticosVer"]},{"@type":"Person","@id":"https:\/\/lospoliticosveracruz.com\/#\/schema\/person\/b8702bb0e538456e6efd07080bf2a4a2","name":"Lo viste en Los Pol\u00edticos","image":{"@type":"ImageObject","inLanguage":"es","@id":"https:\/\/secure.gravatar.com\/avatar\/3a8de04a2656d44082be478bd6c086daa447c4651605818287b9532d3d0bd435?s=96&d=mm&r=g","url":"https:\/\/secure.gravatar.com\/avatar\/3a8de04a2656d44082be478bd6c086daa447c4651605818287b9532d3d0bd435?s=96&d=mm&r=g","contentUrl":"https:\/\/secure.gravatar.com\/avatar\/3a8de04a2656d44082be478bd6c086daa447c4651605818287b9532d3d0bd435?s=96&d=mm&r=g","caption":"Lo viste en Los Pol\u00edticos"},"url":"https:\/\/lospoliticosveracruz.com\/?author=2"}]}},"_links":{"self":[{"href":"https:\/\/lospoliticosveracruz.com\/index.php?rest_route=\/wp\/v2\/posts\/50472","targetHints":{"allow":["GET"]}}],"collection":[{"href":"https:\/\/lospoliticosveracruz.com\/index.php?rest_route=\/wp\/v2\/posts"}],"about":[{"href":"https:\/\/lospoliticosveracruz.com\/index.php?rest_route=\/wp\/v2\/types\/post"}],"author":[{"embeddable":true,"href":"https:\/\/lospoliticosveracruz.com\/index.php?rest_route=\/wp\/v2\/users\/2"}],"replies":[{"embeddable":true,"href":"https:\/\/lospoliticosveracruz.com\/index.php?rest_route=%2Fwp%2Fv2%2Fcomments&post=50472"}],"version-history":[{"count":1,"href":"https:\/\/lospoliticosveracruz.com\/index.php?rest_route=\/wp\/v2\/posts\/50472\/revisions"}],"predecessor-version":[{"id":50474,"href":"https:\/\/lospoliticosveracruz.com\/index.php?rest_route=\/wp\/v2\/posts\/50472\/revisions\/50474"}],"wp:featuredmedia":[{"embeddable":true,"href":"https:\/\/lospoliticosveracruz.com\/index.php?rest_route=\/wp\/v2\/media\/50473"}],"wp:attachment":[{"href":"https:\/\/lospoliticosveracruz.com\/index.php?rest_route=%2Fwp%2Fv2%2Fmedia&parent=50472"}],"wp:term":[{"taxonomy":"category","embeddable":true,"href":"https:\/\/lospoliticosveracruz.com\/index.php?rest_route=%2Fwp%2Fv2%2Fcategories&post=50472"},{"taxonomy":"post_tag","embeddable":true,"href":"https:\/\/lospoliticosveracruz.com\/index.php?rest_route=%2Fwp%2Fv2%2Ftags&post=50472"}],"curies":[{"name":"wp","href":"https:\/\/api.w.org\/{rel}","templated":true}]}}