{"id":50523,"date":"2019-10-31T08:02:31","date_gmt":"2019-10-31T14:02:31","guid":{"rendered":"http:\/\/www.lospoliticosveracruz.com.mx\/?p=50523"},"modified":"2019-10-31T08:02:31","modified_gmt":"2019-10-31T14:02:31","slug":"y-ahora-la-culpa-es-de-huerta","status":"publish","type":"post","link":"https:\/\/lospoliticosveracruz.com\/?p=50523","title":{"rendered":"Y ahora, la culpa es de&#8230; Huerta!"},"content":{"rendered":"<p><b>Ricardo Ch\u00faa\u00a0<\/b><\/p>\n<p><i>Sale y Vale<\/i><\/p>\n<p>POR LA GRANDEZA DE VERACRUZ&#8230; Ayer que fue el aniversario luctuoso de Fernando Guti\u00e9rrez Barrios, ex gobernador de Veracruz, quedan estas sabias palabras, ah\u00ed para el recuerdo: \u00abGobernar exige experiencia, serenidad y vocaci\u00f3n; gobernar es sobre todo tener la mirada y el o\u00eddo alerta, gobernar es un oficio superior que no pueden desempe\u00f1ar los improvisados y mucho menos los improvisados soberbios&#8230; El que entendi\u00f3, entendi\u00f3&#8230; Palabra del \u00abHOMBRE LEYENDA\u00bb &#8230;<\/p>\n<p>MORENA, ELECCI\u00d3N QUE NO FUE&#8230; Ayer y en espacios anteriores comentamos que por tener un padr\u00f3n desconfiable y que el INE no ten\u00eda a la militancia registrada dentro de su organismo, por lo cual dec\u00eda una leyenda : \u00abEn reserva\u00bb&#8230; Finalmente ayer pas\u00f3 lo que ten\u00eda que pasar&#8230; EL Tribunal Electoral Federal anul\u00f3 el proceso de la elecci\u00f3n a dirigente nacional de MORENA y por ende tambi\u00e9n su renovaci\u00f3n de sus comit\u00e9s estatales y municipales&#8230; Es decir, MORENA sigue siendo un movimiento con peligro de perder el registro en 2021&#8230;<\/p>\n<p>Por eso se\u00f1alamos que el Presidente, Andr\u00e9s Manuel L\u00f3pez Obrador amenaza con irse de MORENA&#8230; Y se ve que no le va a quedar de otra&#8230; Esto ya no se compone ni aunque se \u00abcanse el ganso\u00bb&#8230; Pero eso es otra historia,,, En Veracruz tendr\u00e1 que ser Cuitl\u00e1huac Garc\u00eda como el primer Morenista de la entidad, el que pida cuentas a Manuel Huerta Ladr\u00f3n de Guevara, sobre qu\u00e9 pas\u00f3 con el registro de la militancia en \u00abjarochilandia\u00bb&#8230; Por qu\u00e9 este partido no tiene un padr\u00f3n confiable y la culpa es de Manuel Huerta&#8230; Para seguir a tono&#8230;<\/p>\n<p>Huerta antes de ser delegado del gobierno federal en Veracruz, fue por 3 a\u00f1os, dirigente estatal de MORENA&#8230; Ten\u00eda el padr\u00f3n, impuso candidatos en elecciones&#8230; Manejo prerrogativas a diestra y siniestra desde el 2015 que el partido alcanz\u00f3 registro en el INE&#8230; \u00bfY, pues, qu\u00e9 pas\u00f3?&#8230; Donde qued\u00f3 la militancia registrada y dinero de las prerrogativas&#8230; Tendr\u00e1 Cuitl\u00e1huac los \u00abtama\u00f1os\u00bb para denunciar a Huerta&#8230; La culpa no es del INE o del TEPJF sino de quien manej\u00f3 MORENA en Veracruz&#8230; La culpa es de Huerta&#8230; Seguir escribiendo sobre el tema es perdida de tiempo y espacio.. TAN&#8230; TAN..<\/p>\n<p>\u00bfATACANTES SEXUALES SERIALES?&#8230; Desde hace d\u00edas se viene manejando la posibilidad que en Veracruz y Boca del R\u00edo, se encuentren operando una banda de personajes a los que se les puede llamar: \u00abVioladores sexuales seriales\u00bb&#8230; Ya que ante el suceso, de que presuntamente una menor de edad fue abusada sexualmente en la colonia El Coyol de este puerto, deja abierta la posibilidad por el \u00abmodus operandis\u00bb de este personaje y que en esta semana se sumar\u00eda la cifra de la cuarta v\u00edctima atacada de dos semanas a la fecha&#8230;<\/p>\n<p>Hace d\u00edas grupos de feministas se\u00f1alaban que el hecho que los ataques fueran nocturnos y por falta de iluminaci\u00f3n, eran culpas de los alcaldes de Veracruz y Boca del R\u00edo&#8230; Ambos son del PAN, uno se apellida Yunes y el otro Morelli&#8230; Por ah\u00ed se puede percibir por donde va el tema.. Pero qu\u00e9 pueden decir las feministas cuando el ataque ocurri\u00f3 en plena ma\u00f1ana presuntamente cuando la madre de esta menor sali\u00f3 de la casa a vender comida&#8230; \u00bfA qui\u00e9n buscar\u00e1n culpar ahora?&#8230; \u00bfA Winckler?&#8230; Ya s\u00f3lo falta eso&#8230;<\/p>\n<p>Este tema es muy grave para que estos grupos que se supone, defienden el inter\u00e9s de la mujer para lograr la equidad de su g\u00e9nero, pareciera que son los primeros que la politizan&#8230; Esto es un asunto que ya est\u00e1 en la Fiscal\u00eda de Veracruz en manos de Ver\u00f3nica Hern\u00e1ndez, una mujer, que por este tipo de delitos debe de poner a todo mundo a resolverlo&#8230; Ya que no es un caso aislado&#8230; Ya van 4 mujeres que son atacadas en una parte del territorio veracruzano&#8230; Ni modo que digan que el transgresor se escap\u00f3&#8230;<\/p>\n<p>Quiz\u00e1s de Yunes y Morelli sea la responsabilidad de que deben tener el sistema de alumbrado p\u00fablico en buen estado para inhibir a un presunto atacante sexual de mujeres&#8230; Pero eso tampoco garantiza que estos hombres detengan sus enfermos instintos sexuales, si se le puede llamar de una forma para que se explique&#8230; Aqu\u00ed entra el tema de la prevenci\u00f3n y la seguridad p\u00fablica&#8230; Y eso es asunto de la Secretar\u00eda de Marina y del gobierno de Cuitl\u00e1huac Garc\u00eda que tienen esa responsabilidad&#8230;. No de los alcaldes&#8230; Al menos de esta zona&#8230;<\/p>\n<p>Estos casos son muy delicados para politizarlos y sobre todo que la Fiscal\u00eca de Veracruz debe dar resultados pronto&#8230; No pueden seguir apareciendo m\u00e1s v\u00edctimas de estos personajes, lo importante es que paren esos abusos a menores de edad, no importa la hora que se realicen y de qui\u00e9n es responsabilidad&#8230; Si no qu\u00e9 va a pasar&#8230; Ya no habr\u00e1 mujeres en la calle por temor a que pueden ser atacadas en este puerto y Boca del R\u00edo&#8230;<\/p>\n<p>El martes despu\u00e9s del partido de Tiburones Rojos contra El Puebla&#8230; El equipo femenil de fuerzas b\u00e1sicas, chicas entre 15 a 17 a\u00f1os, se fueron todas juntas del \u00abPirata\u00bb Fuentes porque tem\u00edan por su integridad f\u00edsica&#8230; Y eso que aun no se sab\u00eda nada del tema de la ni\u00f1a abusada sexualmente presuntamente en El Coyol&#8230; Sino eso hubiera sido una psicosis&#8230; Ante estos temas tienen todos que perder&#8230; As\u00ed que no les queda de otra que trabajar juntos para poner un alto a estos ataques&#8230;<\/p>\n<p>Perder\u00eda la Fiscal\u00eda porque sino resuelve el tema y quedar\u00eda como inepta y ya sin Winckler a la cabeza&#8230; Perder\u00eda el gobierno de Cuitl\u00e1huac Garc\u00eda, que seguir\u00eda sumando m\u00e1s negativos de los que ya tiene, que como gobernador, pues, no puede con este paquete&#8230; De por si, Veracruz ocupa el primer lugar en femicidios y no es EXAGERACI\u00d3N&#8230; Y se le suman estos casos, el tema de la inseguridad y los magros resultados, se le pone peor el Estado&#8230;<\/p>\n<p>Mientras que los alcaldes panistas, Fernando Yunes y Alonso Morelli perder\u00edan entre la percepci\u00f3n ciudadana, de que sus municipios son seguros para el turismo, vida familiar y recreaci\u00f3n en estas zonas&#8230; S\u00f3lo hay que ver que estas noticias, no s\u00f3lo se quedan en la entidad sino que son de resonancia nacional&#8230; Ojal\u00e1 todo se resuelva pronto por el bien de las victimas y de la poblaci\u00f3n femenina de la conurbaci\u00f3n.. De ellos depende.. Las autoridades son las responsables&#8230; AMEN.<\/p>\n","protected":false},"excerpt":{"rendered":"<p>Ricardo Ch\u00faa\u00a0 Sale y Vale POR LA GRANDEZA DE VERACRUZ&#8230; Ayer que fue el aniversario luctuoso de Fernando Guti\u00e9rrez Barrios, ex gobernador de Veracruz, quedan estas sabias palabras, ah\u00ed para el recuerdo: \u00abGobernar exige experiencia, serenidad y vocaci\u00f3n; gobernar es sobre todo tener la mirada y el o\u00eddo alerta, gobernar es un oficio superior que [&hellip;]<\/p>\n","protected":false},"author":2,"featured_media":0,"comment_status":"open","ping_status":"open","sticky":false,"template":"","format":"standard","meta":{"tdm_status":"","tdm_grid_status":"","footnotes":""},"categories":[70],"tags":[601,13561,818,8428,6869,1850,1026,835,195],"class_list":{"0":"post-50523","1":"post","2":"type-post","3":"status-publish","4":"format-standard","6":"category-de-opinion","7":"tag-boca-del-rio","8":"tag-cuitlahauc-garcia-jimenez","9":"tag-fernando-yunes-marquez","10":"tag-humberto-alonso-morelli","11":"tag-jorge-winckler","12":"tag-manuel-huerta-ladron-de-guevara","13":"tag-morena","14":"tag-padron","15":"tag-veracruz"},"yoast_head":"<!-- This site is optimized with the Yoast SEO plugin v27.4 - https:\/\/yoast.com\/product\/yoast-seo-wordpress\/ -->\n<title>Y ahora, la culpa es de... Huerta! - Los pol\u00edticos Veracruz<\/title>\n<meta name=\"robots\" content=\"index, follow, max-snippet:-1, max-image-preview:large, max-video-preview:-1\" \/>\n<link rel=\"canonical\" href=\"https:\/\/lospoliticosveracruz.com\/?p=50523\" \/>\n<meta property=\"og:locale\" content=\"es_ES\" \/>\n<meta property=\"og:type\" content=\"article\" \/>\n<meta property=\"og:title\" content=\"Y ahora, la culpa es de... Huerta! - Los pol\u00edticos Veracruz\" \/>\n<meta property=\"og:description\" content=\"Ricardo Ch\u00faa\u00a0 Sale y Vale POR LA GRANDEZA DE VERACRUZ&#8230; Ayer que fue el aniversario luctuoso de Fernando Guti\u00e9rrez Barrios, ex gobernador de Veracruz, quedan estas sabias palabras, ah\u00ed para el recuerdo: \u00abGobernar exige experiencia, serenidad y vocaci\u00f3n; gobernar es sobre todo tener la mirada y el o\u00eddo alerta, gobernar es un oficio superior que [&hellip;]\" \/>\n<meta property=\"og:url\" content=\"https:\/\/lospoliticosveracruz.com\/?p=50523\" \/>\n<meta property=\"og:site_name\" content=\"Los pol\u00edticos Veracruz\" \/>\n<meta property=\"article:publisher\" content=\"https:\/\/www.facebook.com\/people\/Notimemes-de-los-Polticos\/61565672886568\/\" \/>\n<meta property=\"article:published_time\" content=\"2019-10-31T14:02:31+00:00\" \/>\n<meta property=\"og:image\" content=\"https:\/\/lospoliticosveracruz.com\/wp-content\/uploads\/2016\/07\/Logo-Dor.jpg\" \/>\n\t<meta property=\"og:image:width\" content=\"200\" \/>\n\t<meta property=\"og:image:height\" content=\"200\" \/>\n\t<meta property=\"og:image:type\" content=\"image\/jpeg\" \/>\n<meta name=\"author\" content=\"Lo viste en Los Pol\u00edticos\" \/>\n<meta name=\"twitter:card\" content=\"summary_large_image\" \/>\n<meta name=\"twitter:creator\" content=\"@LosPoliticosVer\" \/>\n<meta name=\"twitter:site\" content=\"@LosPoliticosVer\" \/>\n<meta name=\"twitter:label1\" content=\"Escrito por\" \/>\n\t<meta name=\"twitter:data1\" content=\"Lo viste en Los Pol\u00edticos\" \/>\n\t<meta name=\"twitter:label2\" content=\"Tiempo de lectura\" \/>\n\t<meta name=\"twitter:data2\" content=\"6 minutos\" \/>\n<script type=\"application\/ld+json\" class=\"yoast-schema-graph\">{\"@context\":\"https:\\\/\\\/schema.org\",\"@graph\":[{\"@type\":\"Article\",\"@id\":\"https:\\\/\\\/lospoliticosveracruz.com\\\/?p=50523#article\",\"isPartOf\":{\"@id\":\"https:\\\/\\\/lospoliticosveracruz.com\\\/?p=50523\"},\"author\":{\"name\":\"Lo viste en Los Pol\u00edticos\",\"@id\":\"https:\\\/\\\/lospoliticosveracruz.com\\\/#\\\/schema\\\/person\\\/b8702bb0e538456e6efd07080bf2a4a2\"},\"headline\":\"Y ahora, la culpa es de&#8230; Huerta!\",\"datePublished\":\"2019-10-31T14:02:31+00:00\",\"mainEntityOfPage\":{\"@id\":\"https:\\\/\\\/lospoliticosveracruz.com\\\/?p=50523\"},\"wordCount\":1124,\"commentCount\":0,\"publisher\":{\"@id\":\"https:\\\/\\\/lospoliticosveracruz.com\\\/#organization\"},\"keywords\":[\"Boca del R\u00edo\",\"Cuitl\u00e1hauc Garc\u00eda Jim\u00e9nez\",\"Fernando Yunes M\u00e1rquez\",\"HUmberto Alonso Morelli\",\"Jorge Winckler\",\"Manuel Huerta Ladr\u00f3n de Guevara\",\"Morena\",\"padr\u00f3n\",\"Veracruz\"],\"articleSection\":[\"De Opini\u00f3n\"],\"inLanguage\":\"es\",\"potentialAction\":[{\"@type\":\"CommentAction\",\"name\":\"Comment\",\"target\":[\"https:\\\/\\\/lospoliticosveracruz.com\\\/?p=50523#respond\"]}]},{\"@type\":\"WebPage\",\"@id\":\"https:\\\/\\\/lospoliticosveracruz.com\\\/?p=50523\",\"url\":\"https:\\\/\\\/lospoliticosveracruz.com\\\/?p=50523\",\"name\":\"Y ahora, la culpa es de... Huerta! - Los pol\u00edticos Veracruz\",\"isPartOf\":{\"@id\":\"https:\\\/\\\/lospoliticosveracruz.com\\\/#website\"},\"datePublished\":\"2019-10-31T14:02:31+00:00\",\"breadcrumb\":{\"@id\":\"https:\\\/\\\/lospoliticosveracruz.com\\\/?p=50523#breadcrumb\"},\"inLanguage\":\"es\",\"potentialAction\":[{\"@type\":\"ReadAction\",\"target\":[\"https:\\\/\\\/lospoliticosveracruz.com\\\/?p=50523\"]}]},{\"@type\":\"BreadcrumbList\",\"@id\":\"https:\\\/\\\/lospoliticosveracruz.com\\\/?p=50523#breadcrumb\",\"itemListElement\":[{\"@type\":\"ListItem\",\"position\":1,\"name\":\"Portada\",\"item\":\"https:\\\/\\\/lospoliticosveracruz.com\\\/\"},{\"@type\":\"ListItem\",\"position\":2,\"name\":\"Y ahora, la culpa es de&#8230; Huerta!\"}]},{\"@type\":\"WebSite\",\"@id\":\"https:\\\/\\\/lospoliticosveracruz.com\\\/#website\",\"url\":\"https:\\\/\\\/lospoliticosveracruz.com\\\/\",\"name\":\"Los pol\u00edticos Veracruz\",\"description\":\"\",\"publisher\":{\"@id\":\"https:\\\/\\\/lospoliticosveracruz.com\\\/#organization\"},\"potentialAction\":[{\"@type\":\"SearchAction\",\"target\":{\"@type\":\"EntryPoint\",\"urlTemplate\":\"https:\\\/\\\/lospoliticosveracruz.com\\\/?s={search_term_string}\"},\"query-input\":{\"@type\":\"PropertyValueSpecification\",\"valueRequired\":true,\"valueName\":\"search_term_string\"}}],\"inLanguage\":\"es\"},{\"@type\":\"Organization\",\"@id\":\"https:\\\/\\\/lospoliticosveracruz.com\\\/#organization\",\"name\":\"Los pol\u00edticos Veracruz\",\"url\":\"https:\\\/\\\/lospoliticosveracruz.com\\\/\",\"logo\":{\"@type\":\"ImageObject\",\"inLanguage\":\"es\",\"@id\":\"https:\\\/\\\/lospoliticosveracruz.com\\\/#\\\/schema\\\/logo\\\/image\\\/\",\"url\":\"https:\\\/\\\/lospoliticosveracruz.com\\\/wp-content\\\/uploads\\\/2025\\\/12\\\/Logo-Nuevo-LOS-POLITICOS-1.jpg\",\"contentUrl\":\"https:\\\/\\\/lospoliticosveracruz.com\\\/wp-content\\\/uploads\\\/2025\\\/12\\\/Logo-Nuevo-LOS-POLITICOS-1.jpg\",\"width\":260,\"height\":70,\"caption\":\"Los pol\u00edticos Veracruz\"},\"image\":{\"@id\":\"https:\\\/\\\/lospoliticosveracruz.com\\\/#\\\/schema\\\/logo\\\/image\\\/\"},\"sameAs\":[\"https:\\\/\\\/www.facebook.com\\\/people\\\/Notimemes-de-los-Polticos\\\/61565672886568\\\/\",\"https:\\\/\\\/x.com\\\/LosPoliticosVer\"]},{\"@type\":\"Person\",\"@id\":\"https:\\\/\\\/lospoliticosveracruz.com\\\/#\\\/schema\\\/person\\\/b8702bb0e538456e6efd07080bf2a4a2\",\"name\":\"Lo viste en Los Pol\u00edticos\",\"image\":{\"@type\":\"ImageObject\",\"inLanguage\":\"es\",\"@id\":\"https:\\\/\\\/secure.gravatar.com\\\/avatar\\\/3a8de04a2656d44082be478bd6c086daa447c4651605818287b9532d3d0bd435?s=96&d=mm&r=g\",\"url\":\"https:\\\/\\\/secure.gravatar.com\\\/avatar\\\/3a8de04a2656d44082be478bd6c086daa447c4651605818287b9532d3d0bd435?s=96&d=mm&r=g\",\"contentUrl\":\"https:\\\/\\\/secure.gravatar.com\\\/avatar\\\/3a8de04a2656d44082be478bd6c086daa447c4651605818287b9532d3d0bd435?s=96&d=mm&r=g\",\"caption\":\"Lo viste en Los Pol\u00edticos\"},\"url\":\"https:\\\/\\\/lospoliticosveracruz.com\\\/?author=2\"}]}<\/script>\n<!-- \/ Yoast SEO plugin. -->","yoast_head_json":{"title":"Y ahora, la culpa es de... Huerta! - Los pol\u00edticos Veracruz","robots":{"index":"index","follow":"follow","max-snippet":"max-snippet:-1","max-image-preview":"max-image-preview:large","max-video-preview":"max-video-preview:-1"},"canonical":"https:\/\/lospoliticosveracruz.com\/?p=50523","og_locale":"es_ES","og_type":"article","og_title":"Y ahora, la culpa es de... Huerta! - Los pol\u00edticos Veracruz","og_description":"Ricardo Ch\u00faa\u00a0 Sale y Vale POR LA GRANDEZA DE VERACRUZ&#8230; Ayer que fue el aniversario luctuoso de Fernando Guti\u00e9rrez Barrios, ex gobernador de Veracruz, quedan estas sabias palabras, ah\u00ed para el recuerdo: \u00abGobernar exige experiencia, serenidad y vocaci\u00f3n; gobernar es sobre todo tener la mirada y el o\u00eddo alerta, gobernar es un oficio superior que [&hellip;]","og_url":"https:\/\/lospoliticosveracruz.com\/?p=50523","og_site_name":"Los pol\u00edticos Veracruz","article_publisher":"https:\/\/www.facebook.com\/people\/Notimemes-de-los-Polticos\/61565672886568\/","article_published_time":"2019-10-31T14:02:31+00:00","og_image":[{"width":200,"height":200,"url":"https:\/\/lospoliticosveracruz.com\/wp-content\/uploads\/2016\/07\/Logo-Dor.jpg","type":"image\/jpeg"}],"author":"Lo viste en Los Pol\u00edticos","twitter_card":"summary_large_image","twitter_creator":"@LosPoliticosVer","twitter_site":"@LosPoliticosVer","twitter_misc":{"Escrito por":"Lo viste en Los Pol\u00edticos","Tiempo de lectura":"6 minutos"},"schema":{"@context":"https:\/\/schema.org","@graph":[{"@type":"Article","@id":"https:\/\/lospoliticosveracruz.com\/?p=50523#article","isPartOf":{"@id":"https:\/\/lospoliticosveracruz.com\/?p=50523"},"author":{"name":"Lo viste en Los Pol\u00edticos","@id":"https:\/\/lospoliticosveracruz.com\/#\/schema\/person\/b8702bb0e538456e6efd07080bf2a4a2"},"headline":"Y ahora, la culpa es de&#8230; Huerta!","datePublished":"2019-10-31T14:02:31+00:00","mainEntityOfPage":{"@id":"https:\/\/lospoliticosveracruz.com\/?p=50523"},"wordCount":1124,"commentCount":0,"publisher":{"@id":"https:\/\/lospoliticosveracruz.com\/#organization"},"keywords":["Boca del R\u00edo","Cuitl\u00e1hauc Garc\u00eda Jim\u00e9nez","Fernando Yunes M\u00e1rquez","HUmberto Alonso Morelli","Jorge Winckler","Manuel Huerta Ladr\u00f3n de Guevara","Morena","padr\u00f3n","Veracruz"],"articleSection":["De Opini\u00f3n"],"inLanguage":"es","potentialAction":[{"@type":"CommentAction","name":"Comment","target":["https:\/\/lospoliticosveracruz.com\/?p=50523#respond"]}]},{"@type":"WebPage","@id":"https:\/\/lospoliticosveracruz.com\/?p=50523","url":"https:\/\/lospoliticosveracruz.com\/?p=50523","name":"Y ahora, la culpa es de... Huerta! - Los pol\u00edticos Veracruz","isPartOf":{"@id":"https:\/\/lospoliticosveracruz.com\/#website"},"datePublished":"2019-10-31T14:02:31+00:00","breadcrumb":{"@id":"https:\/\/lospoliticosveracruz.com\/?p=50523#breadcrumb"},"inLanguage":"es","potentialAction":[{"@type":"ReadAction","target":["https:\/\/lospoliticosveracruz.com\/?p=50523"]}]},{"@type":"BreadcrumbList","@id":"https:\/\/lospoliticosveracruz.com\/?p=50523#breadcrumb","itemListElement":[{"@type":"ListItem","position":1,"name":"Portada","item":"https:\/\/lospoliticosveracruz.com\/"},{"@type":"ListItem","position":2,"name":"Y ahora, la culpa es de&#8230; Huerta!"}]},{"@type":"WebSite","@id":"https:\/\/lospoliticosveracruz.com\/#website","url":"https:\/\/lospoliticosveracruz.com\/","name":"Los pol\u00edticos Veracruz","description":"","publisher":{"@id":"https:\/\/lospoliticosveracruz.com\/#organization"},"potentialAction":[{"@type":"SearchAction","target":{"@type":"EntryPoint","urlTemplate":"https:\/\/lospoliticosveracruz.com\/?s={search_term_string}"},"query-input":{"@type":"PropertyValueSpecification","valueRequired":true,"valueName":"search_term_string"}}],"inLanguage":"es"},{"@type":"Organization","@id":"https:\/\/lospoliticosveracruz.com\/#organization","name":"Los pol\u00edticos Veracruz","url":"https:\/\/lospoliticosveracruz.com\/","logo":{"@type":"ImageObject","inLanguage":"es","@id":"https:\/\/lospoliticosveracruz.com\/#\/schema\/logo\/image\/","url":"https:\/\/lospoliticosveracruz.com\/wp-content\/uploads\/2025\/12\/Logo-Nuevo-LOS-POLITICOS-1.jpg","contentUrl":"https:\/\/lospoliticosveracruz.com\/wp-content\/uploads\/2025\/12\/Logo-Nuevo-LOS-POLITICOS-1.jpg","width":260,"height":70,"caption":"Los pol\u00edticos Veracruz"},"image":{"@id":"https:\/\/lospoliticosveracruz.com\/#\/schema\/logo\/image\/"},"sameAs":["https:\/\/www.facebook.com\/people\/Notimemes-de-los-Polticos\/61565672886568\/","https:\/\/x.com\/LosPoliticosVer"]},{"@type":"Person","@id":"https:\/\/lospoliticosveracruz.com\/#\/schema\/person\/b8702bb0e538456e6efd07080bf2a4a2","name":"Lo viste en Los Pol\u00edticos","image":{"@type":"ImageObject","inLanguage":"es","@id":"https:\/\/secure.gravatar.com\/avatar\/3a8de04a2656d44082be478bd6c086daa447c4651605818287b9532d3d0bd435?s=96&d=mm&r=g","url":"https:\/\/secure.gravatar.com\/avatar\/3a8de04a2656d44082be478bd6c086daa447c4651605818287b9532d3d0bd435?s=96&d=mm&r=g","contentUrl":"https:\/\/secure.gravatar.com\/avatar\/3a8de04a2656d44082be478bd6c086daa447c4651605818287b9532d3d0bd435?s=96&d=mm&r=g","caption":"Lo viste en Los Pol\u00edticos"},"url":"https:\/\/lospoliticosveracruz.com\/?author=2"}]}},"_links":{"self":[{"href":"https:\/\/lospoliticosveracruz.com\/index.php?rest_route=\/wp\/v2\/posts\/50523","targetHints":{"allow":["GET"]}}],"collection":[{"href":"https:\/\/lospoliticosveracruz.com\/index.php?rest_route=\/wp\/v2\/posts"}],"about":[{"href":"https:\/\/lospoliticosveracruz.com\/index.php?rest_route=\/wp\/v2\/types\/post"}],"author":[{"embeddable":true,"href":"https:\/\/lospoliticosveracruz.com\/index.php?rest_route=\/wp\/v2\/users\/2"}],"replies":[{"embeddable":true,"href":"https:\/\/lospoliticosveracruz.com\/index.php?rest_route=%2Fwp%2Fv2%2Fcomments&post=50523"}],"version-history":[{"count":1,"href":"https:\/\/lospoliticosveracruz.com\/index.php?rest_route=\/wp\/v2\/posts\/50523\/revisions"}],"predecessor-version":[{"id":50524,"href":"https:\/\/lospoliticosveracruz.com\/index.php?rest_route=\/wp\/v2\/posts\/50523\/revisions\/50524"}],"wp:attachment":[{"href":"https:\/\/lospoliticosveracruz.com\/index.php?rest_route=%2Fwp%2Fv2%2Fmedia&parent=50523"}],"wp:term":[{"taxonomy":"category","embeddable":true,"href":"https:\/\/lospoliticosveracruz.com\/index.php?rest_route=%2Fwp%2Fv2%2Fcategories&post=50523"},{"taxonomy":"post_tag","embeddable":true,"href":"https:\/\/lospoliticosveracruz.com\/index.php?rest_route=%2Fwp%2Fv2%2Ftags&post=50523"}],"curies":[{"name":"wp","href":"https:\/\/api.w.org\/{rel}","templated":true}]}}