{"id":50608,"date":"2019-11-06T23:00:31","date_gmt":"2019-11-07T05:00:31","guid":{"rendered":"http:\/\/www.lospoliticosveracruz.com.mx\/?p=50608"},"modified":"2019-11-06T18:22:16","modified_gmt":"2019-11-07T00:22:16","slug":"salud-reclamo-o-invitacion","status":"publish","type":"post","link":"https:\/\/lospoliticosveracruz.com\/?p=50608","title":{"rendered":"Salud: Reclamo o invitaci\u00f3n"},"content":{"rendered":"<p><strong>Salvador Mu\u00f1oz<\/strong><\/p>\n<p><em>Los Pol\u00edticos<\/em><\/p>\n<p><span style=\"font-weight: 400;\">El exhorto que hace la diputada Elizabeth Cervantes de la Cruz al gobernador del Estado, Cuitl\u00e1huac Garc\u00eda Jim\u00e9nez, es para llamar la atenci\u00f3n\u2026 no tanto porque se lo haga una diputada de Morena al moreno n\u00famero uno del Estado; no tanto porque recoja las voluntades de casi todas las fracciones legislativas a su reclamo; no tanto porque evidencia el triste papel del secretario de Salud, Roberto Ramos Alor\u2026 sino por lo que puede llevar este exhorto como mensaje.<\/span><\/p>\n<p><span style=\"font-weight: 400;\">Elizabeth Cervantes pas\u00f3 a tribuna para denunciar una serie de hechos que ocurren en el Hospital General de \u00c1lamo blandiendo los derechos que tienen los veracruzanos entorno a la Salud.<\/span><\/p>\n<p><span style=\"font-weight: 400;\">Llama de inmediato la atenci\u00f3n cuando si bien, hay un encargado en este ramo (Roberto Ramos Alor), la legisladora de Morena se\u00f1ala como responsable primario de la Salud, al gobernador, a quien directamente exhorta a que se emprendan acciones en dicho nosocomio por esto y otras cositas:<\/span><\/p>\n<p><span style=\"font-weight: 400;\">Asegura Cervantes de la Cruz que ella fue testigo el pasado 21 de octubre, de que en dicho Hospital le negaron atenci\u00f3n inmediata a una embarazada a quien hicieron aguardar horas que se traducen en sufrimiento y riesgo tanto para la mujer como para su hijo que lo tradujo en insensibilidad y carencia de atenci\u00f3n oportuna por parte de los trabajadores de la Salud en dicho Hospital, lo que en buen castellano no es otra cosa que Violencia \u201cObs-t\u00e9trica\u201d&#8230; el juego de palabra es m\u00edo, para acentuar el caso.<\/span><\/p>\n<p><span style=\"font-weight: 400;\">Complementa su inconformidad con quienes deber\u00edan de atender a las mujeres en el Hospital General de Alamo con algunos datos de \u201cLa Parter\u00eda en M\u00e9xico\u201d donde se evidencia el trato deplorable a embarazadas en los hospitales del pa\u00eds\u2026 por supuesto, incluye a Veracruz:<\/span><\/p>\n<p><span style=\"font-weight: 400;\">1.- A ocho de cada diez mujeres en trabajo de parto, no se les permiti\u00f3 beber agua.<\/span><\/p>\n<p><span style=\"font-weight: 400;\">2.- Ocho de cada diez mujeres no tuvieron compa\u00f1\u00eda durante el trabajo de parto.<\/span><\/p>\n<p><span style=\"font-weight: 400;\">3.- Seis de cada 10 recibieron explicaciones m\u00e9dicas dif\u00edciles de entender.<\/span><\/p>\n<p><span style=\"font-weight: 400;\">4.- Tres de cada diez mujeres se sintieron maltratadas, humilladas y rega\u00f1adas durante la atenci\u00f3n.<\/span><\/p>\n<p><span style=\"font-weight: 400;\">5.- Tres de cada diez mujeres no se sintieron seguras con la atenci\u00f3n que recibieron.<\/span><\/p>\n<p><span style=\"font-weight: 400;\">6.- Tres de cada diez mujeres esperaron mucho tiempo para recibir a sus hijos tras el parto.<\/span><\/p>\n<p><span style=\"font-weight: 400;\">7.- Algunas de las entrevistadas fueron v\u00edctimas de 20 tactos vaginales para conocer su dilataci\u00f3n; esto, hecho por pasantes, de manera grupal, sin su consentimiento.<\/span><\/p>\n<p><span style=\"font-weight: 400;\">Ahora, focalizado el asunto en Veracruz, la diputada se quej\u00f3 por el desabasto de medicamentos; extern\u00f3 su molestia al tener que surtir las recetas fuera del Hospital cuando la mayor parte de los usuarios carecen de recursos para comprar medicamentos; expuso la falta de equipo para radiograf\u00edas o estudios cl\u00ednicos b\u00e1sicos, por lo que \u201chay que hacerlos en el Hospital de Poza Rica (que implica traslados, gastos, tiempo, etc\u00e9tera) o con particulares\u201d.<\/span><\/p>\n<p><span style=\"font-weight: 400;\">Por ello, exigi\u00f3 para las mujeres de Alamo, para todas las veracruzanas, un trato digno, oportuno y de calidad por parte de las autoridades de Salud en todos los hospitales, porque \u201cno es justo que no haya medicamentos\u201d y que los tenga que costear el veracruzano; \u201cno es justo que las mujeres sean v\u00edctimas de violencia obst\u00e9trica\u201d, por ello, la diputada exhort\u00f3 al Gobernador Cuitl\u00e1huac Garc\u00eda Jim\u00e9nez ordene al titular de Salud la realizaci\u00f3n de una evaluaci\u00f3n de los servicios del Hospital de \u00c1lamo.<\/span><\/p>\n<p><span style=\"font-weight: 400;\">Si bien, fracciones legislativas y diputados por separado apoyaron el exhorto, no dejaron pasar la oportunidad de comentar que lo que ocurre en \u00c1lamo ocurre en todos los hospitales del sector Salud de todo Veracruz.<\/span><\/p>\n<p><span style=\"font-weight: 400;\">A d\u00edas del Primer Informe, a d\u00edas igual de que el secretario de Salud Roberto Ramos Alor se presente ante los diputados, este reclamo por parte de una diputada de Morena a un empleado del gobierno de Cuitl\u00e1huac, puede tener tres v\u00edas:<\/span><\/p>\n<p><span style=\"font-weight: 400;\">1.- El desempe\u00f1o 100 por ciento de una legisladora como voz de los veracruzanos, en este caso de \u00c1lamo\u2026 o<\/span><\/p>\n<p><span style=\"font-weight: 400;\">2.- La invitaci\u00f3n sutil de Morena para que renuncie uno de los integrantes del Gabinete que flaco favor le ha hecho al Gobierno de Cuitl\u00e1huac\u2026 o<\/span><\/p>\n<p><span style=\"font-weight: 400;\">3.-\u00a0 Ambos puntos anteriores\u2026<\/span><\/p>\n<p><span style=\"font-weight: 400;\">Al final, sea lo que sea, se espera que se atienda el exhorto de una diputada a un Gobernador, porque no est\u00e1 de m\u00e1s recordar que estos \u201cexhortos\u201d son como llamados a misa\u2026 esperemos la respuesta de Garc\u00eda Jim\u00e9nez a Elizabeth Cervantes.<\/span><\/p>\n<p>&nbsp;<\/p>\n<p><span style=\"font-weight: 400;\">smcainitogmail.com\u00a0<\/span><\/p>\n<p>&nbsp;<\/p>\n","protected":false},"excerpt":{"rendered":"<p>Salvador Mu\u00f1oz Los Pol\u00edticos El exhorto que hace la diputada Elizabeth Cervantes de la Cruz al gobernador del Estado, Cuitl\u00e1huac Garc\u00eda Jim\u00e9nez, es para llamar la atenci\u00f3n\u2026 no tanto porque se lo haga una diputada de Morena al moreno n\u00famero uno del Estado; no tanto porque recoja las voluntades de casi todas las fracciones legislativas [&hellip;]<\/p>\n","protected":false},"author":2,"featured_media":50609,"comment_status":"open","ping_status":"open","sticky":false,"template":"","format":"standard","meta":{"tdm_status":"","tdm_grid_status":"","footnotes":""},"categories":[70],"tags":[1563,13184,11187,12606,2646],"class_list":{"0":"post-50608","1":"post","2":"type-post","3":"status-publish","4":"format-standard","5":"has-post-thumbnail","7":"category-de-opinion","8":"tag-cuitlahuac-garcia-jimenez","9":"tag-elizabeth-cervantes-de-la-cruz","10":"tag-hospitales","11":"tag-roberto-ramos-alor","12":"tag-salvador-munoz"},"yoast_head":"<!-- This site is optimized with the Yoast SEO plugin v27.4 - https:\/\/yoast.com\/product\/yoast-seo-wordpress\/ -->\n<title>Salud: Reclamo o invitaci\u00f3n - Los pol\u00edticos Veracruz<\/title>\n<meta name=\"robots\" content=\"index, follow, max-snippet:-1, max-image-preview:large, max-video-preview:-1\" \/>\n<link rel=\"canonical\" href=\"https:\/\/lospoliticosveracruz.com\/?p=50608\" \/>\n<meta property=\"og:locale\" content=\"es_ES\" \/>\n<meta property=\"og:type\" content=\"article\" \/>\n<meta property=\"og:title\" content=\"Salud: Reclamo o invitaci\u00f3n - Los pol\u00edticos Veracruz\" \/>\n<meta property=\"og:description\" content=\"Salvador Mu\u00f1oz Los Pol\u00edticos El exhorto que hace la diputada Elizabeth Cervantes de la Cruz al gobernador del Estado, Cuitl\u00e1huac Garc\u00eda Jim\u00e9nez, es para llamar la atenci\u00f3n\u2026 no tanto porque se lo haga una diputada de Morena al moreno n\u00famero uno del Estado; no tanto porque recoja las voluntades de casi todas las fracciones legislativas [&hellip;]\" \/>\n<meta property=\"og:url\" content=\"https:\/\/lospoliticosveracruz.com\/?p=50608\" \/>\n<meta property=\"og:site_name\" content=\"Los pol\u00edticos Veracruz\" \/>\n<meta property=\"article:publisher\" content=\"https:\/\/www.facebook.com\/people\/Notimemes-de-los-Polticos\/61565672886568\/\" \/>\n<meta property=\"article:published_time\" content=\"2019-11-07T05:00:31+00:00\" \/>\n<meta property=\"og:image\" content=\"https:\/\/lospoliticosveracruz.com\/wp-content\/uploads\/2019\/11\/Elizabeth.jpeg\" \/>\n\t<meta property=\"og:image:width\" content=\"600\" \/>\n\t<meta property=\"og:image:height\" content=\"337\" \/>\n\t<meta property=\"og:image:type\" content=\"image\/jpeg\" \/>\n<meta name=\"author\" content=\"Lo viste en Los Pol\u00edticos\" \/>\n<meta name=\"twitter:card\" content=\"summary_large_image\" \/>\n<meta name=\"twitter:creator\" content=\"@LosPoliticosVer\" \/>\n<meta name=\"twitter:site\" content=\"@LosPoliticosVer\" \/>\n<meta name=\"twitter:label1\" content=\"Escrito por\" \/>\n\t<meta name=\"twitter:data1\" content=\"Lo viste en Los Pol\u00edticos\" \/>\n\t<meta name=\"twitter:label2\" content=\"Tiempo de lectura\" \/>\n\t<meta name=\"twitter:data2\" content=\"4 minutos\" \/>\n<script type=\"application\/ld+json\" class=\"yoast-schema-graph\">{\"@context\":\"https:\\\/\\\/schema.org\",\"@graph\":[{\"@type\":\"Article\",\"@id\":\"https:\\\/\\\/lospoliticosveracruz.com\\\/?p=50608#article\",\"isPartOf\":{\"@id\":\"https:\\\/\\\/lospoliticosveracruz.com\\\/?p=50608\"},\"author\":{\"name\":\"Lo viste en Los Pol\u00edticos\",\"@id\":\"https:\\\/\\\/lospoliticosveracruz.com\\\/#\\\/schema\\\/person\\\/b8702bb0e538456e6efd07080bf2a4a2\"},\"headline\":\"Salud: Reclamo o invitaci\u00f3n\",\"datePublished\":\"2019-11-07T05:00:31+00:00\",\"mainEntityOfPage\":{\"@id\":\"https:\\\/\\\/lospoliticosveracruz.com\\\/?p=50608\"},\"wordCount\":781,\"commentCount\":0,\"publisher\":{\"@id\":\"https:\\\/\\\/lospoliticosveracruz.com\\\/#organization\"},\"image\":{\"@id\":\"https:\\\/\\\/lospoliticosveracruz.com\\\/?p=50608#primaryimage\"},\"thumbnailUrl\":\"https:\\\/\\\/lospoliticosveracruz.com\\\/wp-content\\\/uploads\\\/2019\\\/11\\\/Elizabeth.jpeg\",\"keywords\":[\"Cuitl\u00e1huac Garc\u00eda Jim\u00e9nez\",\"Elizabeth Cervantes de la Cruz\",\"Hospitales\",\"Roberto Ramos Alor\",\"Salvador Mu\u00f1oz\"],\"articleSection\":[\"De Opini\u00f3n\"],\"inLanguage\":\"es\",\"potentialAction\":[{\"@type\":\"CommentAction\",\"name\":\"Comment\",\"target\":[\"https:\\\/\\\/lospoliticosveracruz.com\\\/?p=50608#respond\"]}]},{\"@type\":\"WebPage\",\"@id\":\"https:\\\/\\\/lospoliticosveracruz.com\\\/?p=50608\",\"url\":\"https:\\\/\\\/lospoliticosveracruz.com\\\/?p=50608\",\"name\":\"Salud: Reclamo o invitaci\u00f3n - Los pol\u00edticos Veracruz\",\"isPartOf\":{\"@id\":\"https:\\\/\\\/lospoliticosveracruz.com\\\/#website\"},\"primaryImageOfPage\":{\"@id\":\"https:\\\/\\\/lospoliticosveracruz.com\\\/?p=50608#primaryimage\"},\"image\":{\"@id\":\"https:\\\/\\\/lospoliticosveracruz.com\\\/?p=50608#primaryimage\"},\"thumbnailUrl\":\"https:\\\/\\\/lospoliticosveracruz.com\\\/wp-content\\\/uploads\\\/2019\\\/11\\\/Elizabeth.jpeg\",\"datePublished\":\"2019-11-07T05:00:31+00:00\",\"breadcrumb\":{\"@id\":\"https:\\\/\\\/lospoliticosveracruz.com\\\/?p=50608#breadcrumb\"},\"inLanguage\":\"es\",\"potentialAction\":[{\"@type\":\"ReadAction\",\"target\":[\"https:\\\/\\\/lospoliticosveracruz.com\\\/?p=50608\"]}]},{\"@type\":\"ImageObject\",\"inLanguage\":\"es\",\"@id\":\"https:\\\/\\\/lospoliticosveracruz.com\\\/?p=50608#primaryimage\",\"url\":\"https:\\\/\\\/lospoliticosveracruz.com\\\/wp-content\\\/uploads\\\/2019\\\/11\\\/Elizabeth.jpeg\",\"contentUrl\":\"https:\\\/\\\/lospoliticosveracruz.com\\\/wp-content\\\/uploads\\\/2019\\\/11\\\/Elizabeth.jpeg\",\"width\":600,\"height\":337},{\"@type\":\"BreadcrumbList\",\"@id\":\"https:\\\/\\\/lospoliticosveracruz.com\\\/?p=50608#breadcrumb\",\"itemListElement\":[{\"@type\":\"ListItem\",\"position\":1,\"name\":\"Portada\",\"item\":\"https:\\\/\\\/lospoliticosveracruz.com\\\/\"},{\"@type\":\"ListItem\",\"position\":2,\"name\":\"Salud: Reclamo o invitaci\u00f3n\"}]},{\"@type\":\"WebSite\",\"@id\":\"https:\\\/\\\/lospoliticosveracruz.com\\\/#website\",\"url\":\"https:\\\/\\\/lospoliticosveracruz.com\\\/\",\"name\":\"Los pol\u00edticos Veracruz\",\"description\":\"\",\"publisher\":{\"@id\":\"https:\\\/\\\/lospoliticosveracruz.com\\\/#organization\"},\"potentialAction\":[{\"@type\":\"SearchAction\",\"target\":{\"@type\":\"EntryPoint\",\"urlTemplate\":\"https:\\\/\\\/lospoliticosveracruz.com\\\/?s={search_term_string}\"},\"query-input\":{\"@type\":\"PropertyValueSpecification\",\"valueRequired\":true,\"valueName\":\"search_term_string\"}}],\"inLanguage\":\"es\"},{\"@type\":\"Organization\",\"@id\":\"https:\\\/\\\/lospoliticosveracruz.com\\\/#organization\",\"name\":\"Los pol\u00edticos Veracruz\",\"url\":\"https:\\\/\\\/lospoliticosveracruz.com\\\/\",\"logo\":{\"@type\":\"ImageObject\",\"inLanguage\":\"es\",\"@id\":\"https:\\\/\\\/lospoliticosveracruz.com\\\/#\\\/schema\\\/logo\\\/image\\\/\",\"url\":\"https:\\\/\\\/lospoliticosveracruz.com\\\/wp-content\\\/uploads\\\/2025\\\/12\\\/Logo-Nuevo-LOS-POLITICOS-1.jpg\",\"contentUrl\":\"https:\\\/\\\/lospoliticosveracruz.com\\\/wp-content\\\/uploads\\\/2025\\\/12\\\/Logo-Nuevo-LOS-POLITICOS-1.jpg\",\"width\":260,\"height\":70,\"caption\":\"Los pol\u00edticos Veracruz\"},\"image\":{\"@id\":\"https:\\\/\\\/lospoliticosveracruz.com\\\/#\\\/schema\\\/logo\\\/image\\\/\"},\"sameAs\":[\"https:\\\/\\\/www.facebook.com\\\/people\\\/Notimemes-de-los-Polticos\\\/61565672886568\\\/\",\"https:\\\/\\\/x.com\\\/LosPoliticosVer\"]},{\"@type\":\"Person\",\"@id\":\"https:\\\/\\\/lospoliticosveracruz.com\\\/#\\\/schema\\\/person\\\/b8702bb0e538456e6efd07080bf2a4a2\",\"name\":\"Lo viste en Los Pol\u00edticos\",\"image\":{\"@type\":\"ImageObject\",\"inLanguage\":\"es\",\"@id\":\"https:\\\/\\\/secure.gravatar.com\\\/avatar\\\/3a8de04a2656d44082be478bd6c086daa447c4651605818287b9532d3d0bd435?s=96&d=mm&r=g\",\"url\":\"https:\\\/\\\/secure.gravatar.com\\\/avatar\\\/3a8de04a2656d44082be478bd6c086daa447c4651605818287b9532d3d0bd435?s=96&d=mm&r=g\",\"contentUrl\":\"https:\\\/\\\/secure.gravatar.com\\\/avatar\\\/3a8de04a2656d44082be478bd6c086daa447c4651605818287b9532d3d0bd435?s=96&d=mm&r=g\",\"caption\":\"Lo viste en Los Pol\u00edticos\"},\"url\":\"https:\\\/\\\/lospoliticosveracruz.com\\\/?author=2\"}]}<\/script>\n<!-- \/ Yoast SEO plugin. -->","yoast_head_json":{"title":"Salud: Reclamo o invitaci\u00f3n - Los pol\u00edticos Veracruz","robots":{"index":"index","follow":"follow","max-snippet":"max-snippet:-1","max-image-preview":"max-image-preview:large","max-video-preview":"max-video-preview:-1"},"canonical":"https:\/\/lospoliticosveracruz.com\/?p=50608","og_locale":"es_ES","og_type":"article","og_title":"Salud: Reclamo o invitaci\u00f3n - Los pol\u00edticos Veracruz","og_description":"Salvador Mu\u00f1oz Los Pol\u00edticos El exhorto que hace la diputada Elizabeth Cervantes de la Cruz al gobernador del Estado, Cuitl\u00e1huac Garc\u00eda Jim\u00e9nez, es para llamar la atenci\u00f3n\u2026 no tanto porque se lo haga una diputada de Morena al moreno n\u00famero uno del Estado; no tanto porque recoja las voluntades de casi todas las fracciones legislativas [&hellip;]","og_url":"https:\/\/lospoliticosveracruz.com\/?p=50608","og_site_name":"Los pol\u00edticos Veracruz","article_publisher":"https:\/\/www.facebook.com\/people\/Notimemes-de-los-Polticos\/61565672886568\/","article_published_time":"2019-11-07T05:00:31+00:00","og_image":[{"width":600,"height":337,"url":"https:\/\/lospoliticosveracruz.com\/wp-content\/uploads\/2019\/11\/Elizabeth.jpeg","type":"image\/jpeg"}],"author":"Lo viste en Los Pol\u00edticos","twitter_card":"summary_large_image","twitter_creator":"@LosPoliticosVer","twitter_site":"@LosPoliticosVer","twitter_misc":{"Escrito por":"Lo viste en Los Pol\u00edticos","Tiempo de lectura":"4 minutos"},"schema":{"@context":"https:\/\/schema.org","@graph":[{"@type":"Article","@id":"https:\/\/lospoliticosveracruz.com\/?p=50608#article","isPartOf":{"@id":"https:\/\/lospoliticosveracruz.com\/?p=50608"},"author":{"name":"Lo viste en Los Pol\u00edticos","@id":"https:\/\/lospoliticosveracruz.com\/#\/schema\/person\/b8702bb0e538456e6efd07080bf2a4a2"},"headline":"Salud: Reclamo o invitaci\u00f3n","datePublished":"2019-11-07T05:00:31+00:00","mainEntityOfPage":{"@id":"https:\/\/lospoliticosveracruz.com\/?p=50608"},"wordCount":781,"commentCount":0,"publisher":{"@id":"https:\/\/lospoliticosveracruz.com\/#organization"},"image":{"@id":"https:\/\/lospoliticosveracruz.com\/?p=50608#primaryimage"},"thumbnailUrl":"https:\/\/lospoliticosveracruz.com\/wp-content\/uploads\/2019\/11\/Elizabeth.jpeg","keywords":["Cuitl\u00e1huac Garc\u00eda Jim\u00e9nez","Elizabeth Cervantes de la Cruz","Hospitales","Roberto Ramos Alor","Salvador Mu\u00f1oz"],"articleSection":["De Opini\u00f3n"],"inLanguage":"es","potentialAction":[{"@type":"CommentAction","name":"Comment","target":["https:\/\/lospoliticosveracruz.com\/?p=50608#respond"]}]},{"@type":"WebPage","@id":"https:\/\/lospoliticosveracruz.com\/?p=50608","url":"https:\/\/lospoliticosveracruz.com\/?p=50608","name":"Salud: Reclamo o invitaci\u00f3n - Los pol\u00edticos Veracruz","isPartOf":{"@id":"https:\/\/lospoliticosveracruz.com\/#website"},"primaryImageOfPage":{"@id":"https:\/\/lospoliticosveracruz.com\/?p=50608#primaryimage"},"image":{"@id":"https:\/\/lospoliticosveracruz.com\/?p=50608#primaryimage"},"thumbnailUrl":"https:\/\/lospoliticosveracruz.com\/wp-content\/uploads\/2019\/11\/Elizabeth.jpeg","datePublished":"2019-11-07T05:00:31+00:00","breadcrumb":{"@id":"https:\/\/lospoliticosveracruz.com\/?p=50608#breadcrumb"},"inLanguage":"es","potentialAction":[{"@type":"ReadAction","target":["https:\/\/lospoliticosveracruz.com\/?p=50608"]}]},{"@type":"ImageObject","inLanguage":"es","@id":"https:\/\/lospoliticosveracruz.com\/?p=50608#primaryimage","url":"https:\/\/lospoliticosveracruz.com\/wp-content\/uploads\/2019\/11\/Elizabeth.jpeg","contentUrl":"https:\/\/lospoliticosveracruz.com\/wp-content\/uploads\/2019\/11\/Elizabeth.jpeg","width":600,"height":337},{"@type":"BreadcrumbList","@id":"https:\/\/lospoliticosveracruz.com\/?p=50608#breadcrumb","itemListElement":[{"@type":"ListItem","position":1,"name":"Portada","item":"https:\/\/lospoliticosveracruz.com\/"},{"@type":"ListItem","position":2,"name":"Salud: Reclamo o invitaci\u00f3n"}]},{"@type":"WebSite","@id":"https:\/\/lospoliticosveracruz.com\/#website","url":"https:\/\/lospoliticosveracruz.com\/","name":"Los pol\u00edticos Veracruz","description":"","publisher":{"@id":"https:\/\/lospoliticosveracruz.com\/#organization"},"potentialAction":[{"@type":"SearchAction","target":{"@type":"EntryPoint","urlTemplate":"https:\/\/lospoliticosveracruz.com\/?s={search_term_string}"},"query-input":{"@type":"PropertyValueSpecification","valueRequired":true,"valueName":"search_term_string"}}],"inLanguage":"es"},{"@type":"Organization","@id":"https:\/\/lospoliticosveracruz.com\/#organization","name":"Los pol\u00edticos Veracruz","url":"https:\/\/lospoliticosveracruz.com\/","logo":{"@type":"ImageObject","inLanguage":"es","@id":"https:\/\/lospoliticosveracruz.com\/#\/schema\/logo\/image\/","url":"https:\/\/lospoliticosveracruz.com\/wp-content\/uploads\/2025\/12\/Logo-Nuevo-LOS-POLITICOS-1.jpg","contentUrl":"https:\/\/lospoliticosveracruz.com\/wp-content\/uploads\/2025\/12\/Logo-Nuevo-LOS-POLITICOS-1.jpg","width":260,"height":70,"caption":"Los pol\u00edticos Veracruz"},"image":{"@id":"https:\/\/lospoliticosveracruz.com\/#\/schema\/logo\/image\/"},"sameAs":["https:\/\/www.facebook.com\/people\/Notimemes-de-los-Polticos\/61565672886568\/","https:\/\/x.com\/LosPoliticosVer"]},{"@type":"Person","@id":"https:\/\/lospoliticosveracruz.com\/#\/schema\/person\/b8702bb0e538456e6efd07080bf2a4a2","name":"Lo viste en Los Pol\u00edticos","image":{"@type":"ImageObject","inLanguage":"es","@id":"https:\/\/secure.gravatar.com\/avatar\/3a8de04a2656d44082be478bd6c086daa447c4651605818287b9532d3d0bd435?s=96&d=mm&r=g","url":"https:\/\/secure.gravatar.com\/avatar\/3a8de04a2656d44082be478bd6c086daa447c4651605818287b9532d3d0bd435?s=96&d=mm&r=g","contentUrl":"https:\/\/secure.gravatar.com\/avatar\/3a8de04a2656d44082be478bd6c086daa447c4651605818287b9532d3d0bd435?s=96&d=mm&r=g","caption":"Lo viste en Los Pol\u00edticos"},"url":"https:\/\/lospoliticosveracruz.com\/?author=2"}]}},"_links":{"self":[{"href":"https:\/\/lospoliticosveracruz.com\/index.php?rest_route=\/wp\/v2\/posts\/50608","targetHints":{"allow":["GET"]}}],"collection":[{"href":"https:\/\/lospoliticosveracruz.com\/index.php?rest_route=\/wp\/v2\/posts"}],"about":[{"href":"https:\/\/lospoliticosveracruz.com\/index.php?rest_route=\/wp\/v2\/types\/post"}],"author":[{"embeddable":true,"href":"https:\/\/lospoliticosveracruz.com\/index.php?rest_route=\/wp\/v2\/users\/2"}],"replies":[{"embeddable":true,"href":"https:\/\/lospoliticosveracruz.com\/index.php?rest_route=%2Fwp%2Fv2%2Fcomments&post=50608"}],"version-history":[{"count":1,"href":"https:\/\/lospoliticosveracruz.com\/index.php?rest_route=\/wp\/v2\/posts\/50608\/revisions"}],"predecessor-version":[{"id":50610,"href":"https:\/\/lospoliticosveracruz.com\/index.php?rest_route=\/wp\/v2\/posts\/50608\/revisions\/50610"}],"wp:featuredmedia":[{"embeddable":true,"href":"https:\/\/lospoliticosveracruz.com\/index.php?rest_route=\/wp\/v2\/media\/50609"}],"wp:attachment":[{"href":"https:\/\/lospoliticosveracruz.com\/index.php?rest_route=%2Fwp%2Fv2%2Fmedia&parent=50608"}],"wp:term":[{"taxonomy":"category","embeddable":true,"href":"https:\/\/lospoliticosveracruz.com\/index.php?rest_route=%2Fwp%2Fv2%2Fcategories&post=50608"},{"taxonomy":"post_tag","embeddable":true,"href":"https:\/\/lospoliticosveracruz.com\/index.php?rest_route=%2Fwp%2Fv2%2Ftags&post=50608"}],"curies":[{"name":"wp","href":"https:\/\/api.w.org\/{rel}","templated":true}]}}