{"id":50656,"date":"2019-11-08T09:52:12","date_gmt":"2019-11-08T15:52:12","guid":{"rendered":"http:\/\/www.lospoliticosveracruz.com.mx\/?p=50656"},"modified":"2019-11-08T09:52:12","modified_gmt":"2019-11-08T15:52:12","slug":"primer-informe-va-o-no-va","status":"publish","type":"post","link":"https:\/\/lospoliticosveracruz.com\/?p=50656","title":{"rendered":"Primer Informe: \u00bfVa o no va?"},"content":{"rendered":"<p><strong>Ricardo Ch\u00faa<\/strong><\/p>\n<p><em>Sale y Vale<\/em><\/p>\n<p>EL INFORME&#8230; Muy mala se\u00f1al dar\u00eda el gobernador de Veracruz, Cuitl\u00e1huac Garc\u00eda si es que no acude al Congreso del Estado, el pr\u00f3ximo 15 de noviembre, a entregar su I Informe de Gobierno.. M\u00e1s como est\u00e1n las cosas en el Estado en tema de inseguridad, ingobernabilidad y recesi\u00f3n econ\u00f3mica&#8230; Mal har\u00eda el mandatario de MORENA no hacerlo&#8230; Por lo menos, Andr\u00e9s Manuel L\u00f3pez Obrador lo hace cada ma\u00f1ana ante los medios&#8230; Podr\u00e1 estar mal o criticable la forma como las aborda&#8230; Pero da la cara&#8230; Y a eso se le llama: VALOR CIVIL&#8230;<\/p>\n<p>Si bien es cierto como gobernador est\u00e1 facultado para mandar a una persona como representante&#8230; Su primer a\u00f1o de gobierno no ha sido como de otros mandatarios&#8230; Ni siquiera puede decir que empieza a \u00abcrecer hacia la plenitud del pinche poder\u00bb&#8230; Sus n\u00fameros no son los mejores y \u00e9l lo sabe&#8230; Que si va al Congreso Local y se enfrenta con diputados de oposici\u00f3n&#8230; Qu\u00e9 puede perder&#8230; Se ver\u00eda hasta valiente y dar\u00eda un mensaje de enfrentarse a su realidad pol\u00edtica, no que se esconde&#8230;<\/p>\n<p>El evento del Teatro del Estado, el s\u00e1bado 16 de noviembre, a todas \u00abluces\u00bb ser\u00e1 con auditorio \u00abcontrolado\u00bb por MORENA&#8230; Donde s\u00f3lo habr\u00e1 vivas y aplausos&#8230; Y finalmente, a diferencia de otros sexenios, las redes sociales anda activas y dar\u00e1n cuenta que no ser\u00e1 un Informe de Gobierno, sino simple acto pol\u00edtico de Morenos con gobernadores afines y dicen que Olga S\u00e1nchez Cordero, cuya imagen p\u00fablica, no es la mejor despu\u00e9s del v\u00eddeo de Baja California Norte&#8230; Pero s\u00f3lo Cuitl\u00e1huac decidir\u00e1 si da la cara o no&#8230; S\u00f3lo Judas temi\u00f3&#8230;<\/p>\n<p>EL REFRESQUERO ZENYANZEN&#8230; Por aquello de las \u00abrecochinas\u00bb dudas y que no quede nadie bajo sospecha&#8230; El titular de la SEV, Zenyanzen Escobar tendr\u00e1 que explicar de manera detallada, el motivo y la circunstancia por la cual la dependencia a su cargo, le dio la concesi\u00f3n de manera exclusiva a la marca refresquera Pepsi&#8230; Para que sea la \u00fanica gaseosa que se pueda vender en la escuelas p\u00fablicas de Veracruz&#8230;<\/p>\n<p>De esa manera, ya no le echar\u00e1n la culpa al Primo Eleazar como siempre de estar detr\u00e1s de todas estas decisiones&#8230; Esto a pesar que a muchas empresas regionales refresqueras los afectas, ya que al ordenar que s\u00f3lo sea Pepsi, la que se comercialice en escuelas&#8230; Les cierras \u00e1reas de trabajo&#8230; Adem\u00e1s a muchos ni\u00f1os y j\u00f3venes prefieren un refresco de sabor&#8230; Y ah\u00ed tendr\u00e1 que entrar tambi\u00e9n el sector salud&#8230; Debido a qu\u00e9 dieta sana puede llevar un ni\u00f1o, cuando la autoridad educativa concesiona la venta de refresco&#8230; OJO&#8230;<\/p>\n<p>EL EFECTO DE LA ALIANZA&#8230; Despu\u00e9s de que la imagen p\u00fablica de Andr\u00e9s Manuel L\u00f3pez Obrador, luego del -Culiacanazo- y la masacre de la Familia LeBaron est\u00e1 cayendo en el pa\u00eds&#8230; En Veracruz el efecto se acrecenta porque la figura del gobernador, Cuitl\u00e1huac Garc\u00eda, NO ES UN IMPULSO para el Presidente&#8230; En cambio, lo jala hac\u00eda abajo.. Tanto a \u00e9l como a MORENA&#8230; Lo que ha generado, que la idea de alianza de partidos para el proceso electoral del 2021&#8230; Este m\u00e1s vigente que nunca&#8230;<\/p>\n<p>Sobre todo, como abord\u00e1bamos en este espacio ayer&#8230; Si el PRI y PAN se ponen de acuerdo junto con Movimiento Ciudadano y PRD&#8230; De ir en coalici\u00f3n en los 30 distritos&#8230; Pero tomando en cuenta que el proyecto es ganar la conurbaci\u00f3n Veracruz-Boca del R\u00edo para convertirla en un \u00aboasis\u00bb para la oposici\u00f3n y que los alcaldes ganadores hagan a partir del 2021 una CAMPA\u00d1A DE CONTRASTES contra el \u00abCatr\u00edn Bailador\u00bb de aqu\u00ed al 2024&#8230; Siempre y cuando resista el embate electoral de la elecci\u00f3n intermedia&#8230; Si es que no se va&#8230;<\/p>\n<p>En estos d\u00edas, en Veracruz, los expertos en el manejo de las redes sociales est\u00e1n se\u00f1alando que ahora los que m\u00e1s est\u00e1n opinando en estas redes, es la clase media&#8230; Que en Veracruz fue la que hizo ganar a Cuitl\u00e1hauc Garc\u00eda&#8230; Pero para su desgracia, este sector de la poblaci\u00f3n influyente en percepci\u00f3n p\u00fablica&#8230; No opinan lo mejor de \u00e9l y MORENA&#8230; Por eso, el arrastre hac\u00eda el \u00abfondo de la tabla\u00bb como est\u00e1n Los Tiburones Rojos de Veracruz, y que le ocurre a Andr\u00e9s Manuel y a los Morenos, no es nada raro&#8230;<\/p>\n<p>Algo que sin duda&#8230; Ya lo midieron los propios comit\u00e9s nacionales del PAN y PRI&#8230; Quieren recuperar Veracruz e ir\u00edan por las 19 curules de las diputaciones federales y los 30 distritos de la diputaciones locales&#8230; Adem\u00e1s de la mayor\u00eda de los 212 municipios en disputa en el 2021&#8230; Con eso, le \u00abamarran\u00bb las manos a MORENA y Cuitl\u00e1huac Garc\u00eda, desde los Congresos Federal y Local&#8230; Los 3 a\u00f1os que restar\u00edan le ser\u00eda ingobernable al mandatario&#8230;<\/p>\n<p>Por ese sencillo motivo&#8230; Ya el PAN en Veracruz no se meti\u00f3 en conflictos y no objeto el triunfo a \u00abEl Chapito\u00bb Guzm\u00e1n Avil\u00e9s&#8230; Ya \u00e9l tendr\u00e1 que rendir cuentas despu\u00e9s pero ahora se pondr\u00e1 a la orden de la alianza&#8230; Adem\u00e1s superada esa situaci\u00f3n&#8230; El otro tema que era el rumor de que los Yunes Azules se ir\u00edan del PAN&#8230; Al parecer, no suceder\u00e1 y se quedan en ese partido.. \u00bfPa qu\u00e9? se van al PRD&#8230;. Si sus aliados tienen el control&#8230;. Y con Dante, obvio, hay pl\u00e1ticas&#8230; Lo que venga ser\u00e1 historia en el 2021&#8230; AMEN&#8230;<\/p>\n<p>TRONCOSO, EL DESIGNADO&#8230; Pase lo que pase, al parecer, en el comit\u00e9 del PRI municipal del puerto de Veracruz, cuya dirigencia local ahora est\u00e1 muy disputada por los grupos&#8230; El nuevo l\u00edder designado en sustituci\u00f3n de Jorge V\u00edctor Flores ser\u00e1 Carlos Troncoso, de familia priista de pura cepa, sobrino de los ya fallecidos Polo y Tino Troncoso&#8230; Y obviamente amigo y aliado de Marl\u00f3n Ram\u00edrez Mar\u00edn&#8230; Desde la casa se cuida el feudo&#8230; Al menos eso es&#8230; Lo que la gente cuenta&#8230;<\/p>\n<p>Al final de cuentas&#8230; El buen juez por su casa empieza&#8230; La manera de saber como pretende hacer crecer electoralmente al PRI por parte de Ram\u00ecrez Mar\u00ecn, es empezar hacer desde el comit\u00e9 del puerto de Veracruz&#8230; Troncoso es un personaje negociador y que conoce a la miltiancia priista porte\u00f1a&#8230; No le ser\u00e1 dif\u00edcil ponerse a tono con los dem\u00e1s l\u00edderes de grupos para empezar a trabajar en el 2021&#8230; Con o sin alianza&#8230; Quiz\u00e1s por ello, su llegada a la presidencia local sea lo m\u00e1s adecuado&#8230;.<\/p>\n","protected":false},"excerpt":{"rendered":"<p>Ricardo Ch\u00faa Sale y Vale EL INFORME&#8230; Muy mala se\u00f1al dar\u00eda el gobernador de Veracruz, Cuitl\u00e1huac Garc\u00eda si es que no acude al Congreso del Estado, el pr\u00f3ximo 15 de noviembre, a entregar su I Informe de Gobierno.. M\u00e1s como est\u00e1n las cosas en el Estado en tema de inseguridad, ingobernabilidad y recesi\u00f3n econ\u00f3mica&#8230; Mal [&hellip;]<\/p>\n","protected":false},"author":2,"featured_media":50657,"comment_status":"open","ping_status":"open","sticky":false,"template":"","format":"standard","meta":{"tdm_status":"","tdm_grid_status":"","footnotes":""},"categories":[70],"tags":[618,601,15692,331,1681,15690,15691,15687,15693,1026,687,15689,88,521,195,12372],"class_list":{"0":"post-50656","1":"post","2":"type-post","3":"status-publish","4":"format-standard","5":"has-post-thumbnail","7":"category-de-opinion","8":"tag-andres-manuel-lopez-obrador","9":"tag-boca-del-rio","10":"tag-carlos-troncoso","11":"tag-congreso-del-estado","12":"tag-cuitlahuac-garcia","13":"tag-culiacanazo","14":"tag-familia-lebaron","15":"tag-i-informe-de-gobierno","16":"tag-jorge-victor-flores","17":"tag-morena","18":"tag-olga-sanchez-cordero","19":"tag-pepsi","20":"tag-sev","21":"tag-teatro-del-estado","22":"tag-veracruz","23":"tag-zenyazen-escobar-garcia"},"yoast_head":"<!-- This site is optimized with the Yoast SEO plugin v27.4 - https:\/\/yoast.com\/product\/yoast-seo-wordpress\/ -->\n<title>Primer Informe: \u00bfVa o no va? - Los pol\u00edticos Veracruz<\/title>\n<meta name=\"robots\" content=\"index, follow, max-snippet:-1, max-image-preview:large, max-video-preview:-1\" \/>\n<link rel=\"canonical\" href=\"https:\/\/lospoliticosveracruz.com\/?p=50656\" \/>\n<meta property=\"og:locale\" content=\"es_ES\" \/>\n<meta property=\"og:type\" content=\"article\" \/>\n<meta property=\"og:title\" content=\"Primer Informe: \u00bfVa o no va? - Los pol\u00edticos Veracruz\" \/>\n<meta property=\"og:description\" content=\"Ricardo Ch\u00faa Sale y Vale EL INFORME&#8230; Muy mala se\u00f1al dar\u00eda el gobernador de Veracruz, Cuitl\u00e1huac Garc\u00eda si es que no acude al Congreso del Estado, el pr\u00f3ximo 15 de noviembre, a entregar su I Informe de Gobierno.. M\u00e1s como est\u00e1n las cosas en el Estado en tema de inseguridad, ingobernabilidad y recesi\u00f3n econ\u00f3mica&#8230; Mal [&hellip;]\" \/>\n<meta property=\"og:url\" content=\"https:\/\/lospoliticosveracruz.com\/?p=50656\" \/>\n<meta property=\"og:site_name\" content=\"Los pol\u00edticos Veracruz\" \/>\n<meta property=\"article:publisher\" content=\"https:\/\/www.facebook.com\/people\/Notimemes-de-los-Polticos\/61565672886568\/\" \/>\n<meta property=\"article:published_time\" content=\"2019-11-08T15:52:12+00:00\" \/>\n<meta property=\"og:image\" content=\"https:\/\/lospoliticosveracruz.com\/wp-content\/uploads\/2019\/11\/Primer-Informe.jpg\" \/>\n\t<meta property=\"og:image:width\" content=\"600\" \/>\n\t<meta property=\"og:image:height\" content=\"433\" \/>\n\t<meta property=\"og:image:type\" content=\"image\/jpeg\" \/>\n<meta name=\"author\" content=\"Lo viste en Los Pol\u00edticos\" \/>\n<meta name=\"twitter:card\" content=\"summary_large_image\" \/>\n<meta name=\"twitter:creator\" content=\"@LosPoliticosVer\" \/>\n<meta name=\"twitter:site\" content=\"@LosPoliticosVer\" \/>\n<meta name=\"twitter:label1\" content=\"Escrito por\" \/>\n\t<meta name=\"twitter:data1\" content=\"Lo viste en Los Pol\u00edticos\" \/>\n\t<meta name=\"twitter:label2\" content=\"Tiempo de lectura\" \/>\n\t<meta name=\"twitter:data2\" content=\"6 minutos\" \/>\n<script type=\"application\/ld+json\" class=\"yoast-schema-graph\">{\"@context\":\"https:\\\/\\\/schema.org\",\"@graph\":[{\"@type\":\"Article\",\"@id\":\"https:\\\/\\\/lospoliticosveracruz.com\\\/?p=50656#article\",\"isPartOf\":{\"@id\":\"https:\\\/\\\/lospoliticosveracruz.com\\\/?p=50656\"},\"author\":{\"name\":\"Lo viste en Los Pol\u00edticos\",\"@id\":\"https:\\\/\\\/lospoliticosveracruz.com\\\/#\\\/schema\\\/person\\\/b8702bb0e538456e6efd07080bf2a4a2\"},\"headline\":\"Primer Informe: \u00bfVa o no va?\",\"datePublished\":\"2019-11-08T15:52:12+00:00\",\"mainEntityOfPage\":{\"@id\":\"https:\\\/\\\/lospoliticosveracruz.com\\\/?p=50656\"},\"wordCount\":1141,\"commentCount\":0,\"publisher\":{\"@id\":\"https:\\\/\\\/lospoliticosveracruz.com\\\/#organization\"},\"image\":{\"@id\":\"https:\\\/\\\/lospoliticosveracruz.com\\\/?p=50656#primaryimage\"},\"thumbnailUrl\":\"https:\\\/\\\/lospoliticosveracruz.com\\\/wp-content\\\/uploads\\\/2019\\\/11\\\/Primer-Informe.jpg\",\"keywords\":[\"Andr\u00e9s Manuel L\u00f3pez Obrador\",\"Boca del R\u00edo\",\"Carlos Troncoso\",\"Congreso del Estado\",\"Cuitl\u00e1huac Garc\u00eda\",\"Culiacanazo\",\"Familia LeBar\u00f3n\",\"I Informe de Gobierno\",\"Jorge V\u00edctor Flores\",\"Morena\",\"Olga S\u00e1nchez Cordero\",\"Pepsi\",\"SEV\",\"Teatro del Estado\",\"Veracruz\",\"Zenyazen Escobar Garc\u00eda\"],\"articleSection\":[\"De Opini\u00f3n\"],\"inLanguage\":\"es\",\"potentialAction\":[{\"@type\":\"CommentAction\",\"name\":\"Comment\",\"target\":[\"https:\\\/\\\/lospoliticosveracruz.com\\\/?p=50656#respond\"]}]},{\"@type\":\"WebPage\",\"@id\":\"https:\\\/\\\/lospoliticosveracruz.com\\\/?p=50656\",\"url\":\"https:\\\/\\\/lospoliticosveracruz.com\\\/?p=50656\",\"name\":\"Primer Informe: \u00bfVa o no va? - Los pol\u00edticos Veracruz\",\"isPartOf\":{\"@id\":\"https:\\\/\\\/lospoliticosveracruz.com\\\/#website\"},\"primaryImageOfPage\":{\"@id\":\"https:\\\/\\\/lospoliticosveracruz.com\\\/?p=50656#primaryimage\"},\"image\":{\"@id\":\"https:\\\/\\\/lospoliticosveracruz.com\\\/?p=50656#primaryimage\"},\"thumbnailUrl\":\"https:\\\/\\\/lospoliticosveracruz.com\\\/wp-content\\\/uploads\\\/2019\\\/11\\\/Primer-Informe.jpg\",\"datePublished\":\"2019-11-08T15:52:12+00:00\",\"breadcrumb\":{\"@id\":\"https:\\\/\\\/lospoliticosveracruz.com\\\/?p=50656#breadcrumb\"},\"inLanguage\":\"es\",\"potentialAction\":[{\"@type\":\"ReadAction\",\"target\":[\"https:\\\/\\\/lospoliticosveracruz.com\\\/?p=50656\"]}]},{\"@type\":\"ImageObject\",\"inLanguage\":\"es\",\"@id\":\"https:\\\/\\\/lospoliticosveracruz.com\\\/?p=50656#primaryimage\",\"url\":\"https:\\\/\\\/lospoliticosveracruz.com\\\/wp-content\\\/uploads\\\/2019\\\/11\\\/Primer-Informe.jpg\",\"contentUrl\":\"https:\\\/\\\/lospoliticosveracruz.com\\\/wp-content\\\/uploads\\\/2019\\\/11\\\/Primer-Informe.jpg\",\"width\":600,\"height\":433},{\"@type\":\"BreadcrumbList\",\"@id\":\"https:\\\/\\\/lospoliticosveracruz.com\\\/?p=50656#breadcrumb\",\"itemListElement\":[{\"@type\":\"ListItem\",\"position\":1,\"name\":\"Portada\",\"item\":\"https:\\\/\\\/lospoliticosveracruz.com\\\/\"},{\"@type\":\"ListItem\",\"position\":2,\"name\":\"Primer Informe: \u00bfVa o no va?\"}]},{\"@type\":\"WebSite\",\"@id\":\"https:\\\/\\\/lospoliticosveracruz.com\\\/#website\",\"url\":\"https:\\\/\\\/lospoliticosveracruz.com\\\/\",\"name\":\"Los pol\u00edticos Veracruz\",\"description\":\"\",\"publisher\":{\"@id\":\"https:\\\/\\\/lospoliticosveracruz.com\\\/#organization\"},\"potentialAction\":[{\"@type\":\"SearchAction\",\"target\":{\"@type\":\"EntryPoint\",\"urlTemplate\":\"https:\\\/\\\/lospoliticosveracruz.com\\\/?s={search_term_string}\"},\"query-input\":{\"@type\":\"PropertyValueSpecification\",\"valueRequired\":true,\"valueName\":\"search_term_string\"}}],\"inLanguage\":\"es\"},{\"@type\":\"Organization\",\"@id\":\"https:\\\/\\\/lospoliticosveracruz.com\\\/#organization\",\"name\":\"Los pol\u00edticos Veracruz\",\"url\":\"https:\\\/\\\/lospoliticosveracruz.com\\\/\",\"logo\":{\"@type\":\"ImageObject\",\"inLanguage\":\"es\",\"@id\":\"https:\\\/\\\/lospoliticosveracruz.com\\\/#\\\/schema\\\/logo\\\/image\\\/\",\"url\":\"https:\\\/\\\/lospoliticosveracruz.com\\\/wp-content\\\/uploads\\\/2025\\\/12\\\/Logo-Nuevo-LOS-POLITICOS-1.jpg\",\"contentUrl\":\"https:\\\/\\\/lospoliticosveracruz.com\\\/wp-content\\\/uploads\\\/2025\\\/12\\\/Logo-Nuevo-LOS-POLITICOS-1.jpg\",\"width\":260,\"height\":70,\"caption\":\"Los pol\u00edticos Veracruz\"},\"image\":{\"@id\":\"https:\\\/\\\/lospoliticosveracruz.com\\\/#\\\/schema\\\/logo\\\/image\\\/\"},\"sameAs\":[\"https:\\\/\\\/www.facebook.com\\\/people\\\/Notimemes-de-los-Polticos\\\/61565672886568\\\/\",\"https:\\\/\\\/x.com\\\/LosPoliticosVer\"]},{\"@type\":\"Person\",\"@id\":\"https:\\\/\\\/lospoliticosveracruz.com\\\/#\\\/schema\\\/person\\\/b8702bb0e538456e6efd07080bf2a4a2\",\"name\":\"Lo viste en Los Pol\u00edticos\",\"image\":{\"@type\":\"ImageObject\",\"inLanguage\":\"es\",\"@id\":\"https:\\\/\\\/secure.gravatar.com\\\/avatar\\\/3a8de04a2656d44082be478bd6c086daa447c4651605818287b9532d3d0bd435?s=96&d=mm&r=g\",\"url\":\"https:\\\/\\\/secure.gravatar.com\\\/avatar\\\/3a8de04a2656d44082be478bd6c086daa447c4651605818287b9532d3d0bd435?s=96&d=mm&r=g\",\"contentUrl\":\"https:\\\/\\\/secure.gravatar.com\\\/avatar\\\/3a8de04a2656d44082be478bd6c086daa447c4651605818287b9532d3d0bd435?s=96&d=mm&r=g\",\"caption\":\"Lo viste en Los Pol\u00edticos\"},\"url\":\"https:\\\/\\\/lospoliticosveracruz.com\\\/?author=2\"}]}<\/script>\n<!-- \/ Yoast SEO plugin. -->","yoast_head_json":{"title":"Primer Informe: \u00bfVa o no va? - Los pol\u00edticos Veracruz","robots":{"index":"index","follow":"follow","max-snippet":"max-snippet:-1","max-image-preview":"max-image-preview:large","max-video-preview":"max-video-preview:-1"},"canonical":"https:\/\/lospoliticosveracruz.com\/?p=50656","og_locale":"es_ES","og_type":"article","og_title":"Primer Informe: \u00bfVa o no va? - Los pol\u00edticos Veracruz","og_description":"Ricardo Ch\u00faa Sale y Vale EL INFORME&#8230; Muy mala se\u00f1al dar\u00eda el gobernador de Veracruz, Cuitl\u00e1huac Garc\u00eda si es que no acude al Congreso del Estado, el pr\u00f3ximo 15 de noviembre, a entregar su I Informe de Gobierno.. M\u00e1s como est\u00e1n las cosas en el Estado en tema de inseguridad, ingobernabilidad y recesi\u00f3n econ\u00f3mica&#8230; Mal [&hellip;]","og_url":"https:\/\/lospoliticosveracruz.com\/?p=50656","og_site_name":"Los pol\u00edticos Veracruz","article_publisher":"https:\/\/www.facebook.com\/people\/Notimemes-de-los-Polticos\/61565672886568\/","article_published_time":"2019-11-08T15:52:12+00:00","og_image":[{"width":600,"height":433,"url":"https:\/\/lospoliticosveracruz.com\/wp-content\/uploads\/2019\/11\/Primer-Informe.jpg","type":"image\/jpeg"}],"author":"Lo viste en Los Pol\u00edticos","twitter_card":"summary_large_image","twitter_creator":"@LosPoliticosVer","twitter_site":"@LosPoliticosVer","twitter_misc":{"Escrito por":"Lo viste en Los Pol\u00edticos","Tiempo de lectura":"6 minutos"},"schema":{"@context":"https:\/\/schema.org","@graph":[{"@type":"Article","@id":"https:\/\/lospoliticosveracruz.com\/?p=50656#article","isPartOf":{"@id":"https:\/\/lospoliticosveracruz.com\/?p=50656"},"author":{"name":"Lo viste en Los Pol\u00edticos","@id":"https:\/\/lospoliticosveracruz.com\/#\/schema\/person\/b8702bb0e538456e6efd07080bf2a4a2"},"headline":"Primer Informe: \u00bfVa o no va?","datePublished":"2019-11-08T15:52:12+00:00","mainEntityOfPage":{"@id":"https:\/\/lospoliticosveracruz.com\/?p=50656"},"wordCount":1141,"commentCount":0,"publisher":{"@id":"https:\/\/lospoliticosveracruz.com\/#organization"},"image":{"@id":"https:\/\/lospoliticosveracruz.com\/?p=50656#primaryimage"},"thumbnailUrl":"https:\/\/lospoliticosveracruz.com\/wp-content\/uploads\/2019\/11\/Primer-Informe.jpg","keywords":["Andr\u00e9s Manuel L\u00f3pez Obrador","Boca del R\u00edo","Carlos Troncoso","Congreso del Estado","Cuitl\u00e1huac Garc\u00eda","Culiacanazo","Familia LeBar\u00f3n","I Informe de Gobierno","Jorge V\u00edctor Flores","Morena","Olga S\u00e1nchez Cordero","Pepsi","SEV","Teatro del Estado","Veracruz","Zenyazen Escobar Garc\u00eda"],"articleSection":["De Opini\u00f3n"],"inLanguage":"es","potentialAction":[{"@type":"CommentAction","name":"Comment","target":["https:\/\/lospoliticosveracruz.com\/?p=50656#respond"]}]},{"@type":"WebPage","@id":"https:\/\/lospoliticosveracruz.com\/?p=50656","url":"https:\/\/lospoliticosveracruz.com\/?p=50656","name":"Primer Informe: \u00bfVa o no va? - Los pol\u00edticos Veracruz","isPartOf":{"@id":"https:\/\/lospoliticosveracruz.com\/#website"},"primaryImageOfPage":{"@id":"https:\/\/lospoliticosveracruz.com\/?p=50656#primaryimage"},"image":{"@id":"https:\/\/lospoliticosveracruz.com\/?p=50656#primaryimage"},"thumbnailUrl":"https:\/\/lospoliticosveracruz.com\/wp-content\/uploads\/2019\/11\/Primer-Informe.jpg","datePublished":"2019-11-08T15:52:12+00:00","breadcrumb":{"@id":"https:\/\/lospoliticosveracruz.com\/?p=50656#breadcrumb"},"inLanguage":"es","potentialAction":[{"@type":"ReadAction","target":["https:\/\/lospoliticosveracruz.com\/?p=50656"]}]},{"@type":"ImageObject","inLanguage":"es","@id":"https:\/\/lospoliticosveracruz.com\/?p=50656#primaryimage","url":"https:\/\/lospoliticosveracruz.com\/wp-content\/uploads\/2019\/11\/Primer-Informe.jpg","contentUrl":"https:\/\/lospoliticosveracruz.com\/wp-content\/uploads\/2019\/11\/Primer-Informe.jpg","width":600,"height":433},{"@type":"BreadcrumbList","@id":"https:\/\/lospoliticosveracruz.com\/?p=50656#breadcrumb","itemListElement":[{"@type":"ListItem","position":1,"name":"Portada","item":"https:\/\/lospoliticosveracruz.com\/"},{"@type":"ListItem","position":2,"name":"Primer Informe: \u00bfVa o no va?"}]},{"@type":"WebSite","@id":"https:\/\/lospoliticosveracruz.com\/#website","url":"https:\/\/lospoliticosveracruz.com\/","name":"Los pol\u00edticos Veracruz","description":"","publisher":{"@id":"https:\/\/lospoliticosveracruz.com\/#organization"},"potentialAction":[{"@type":"SearchAction","target":{"@type":"EntryPoint","urlTemplate":"https:\/\/lospoliticosveracruz.com\/?s={search_term_string}"},"query-input":{"@type":"PropertyValueSpecification","valueRequired":true,"valueName":"search_term_string"}}],"inLanguage":"es"},{"@type":"Organization","@id":"https:\/\/lospoliticosveracruz.com\/#organization","name":"Los pol\u00edticos Veracruz","url":"https:\/\/lospoliticosveracruz.com\/","logo":{"@type":"ImageObject","inLanguage":"es","@id":"https:\/\/lospoliticosveracruz.com\/#\/schema\/logo\/image\/","url":"https:\/\/lospoliticosveracruz.com\/wp-content\/uploads\/2025\/12\/Logo-Nuevo-LOS-POLITICOS-1.jpg","contentUrl":"https:\/\/lospoliticosveracruz.com\/wp-content\/uploads\/2025\/12\/Logo-Nuevo-LOS-POLITICOS-1.jpg","width":260,"height":70,"caption":"Los pol\u00edticos Veracruz"},"image":{"@id":"https:\/\/lospoliticosveracruz.com\/#\/schema\/logo\/image\/"},"sameAs":["https:\/\/www.facebook.com\/people\/Notimemes-de-los-Polticos\/61565672886568\/","https:\/\/x.com\/LosPoliticosVer"]},{"@type":"Person","@id":"https:\/\/lospoliticosveracruz.com\/#\/schema\/person\/b8702bb0e538456e6efd07080bf2a4a2","name":"Lo viste en Los Pol\u00edticos","image":{"@type":"ImageObject","inLanguage":"es","@id":"https:\/\/secure.gravatar.com\/avatar\/3a8de04a2656d44082be478bd6c086daa447c4651605818287b9532d3d0bd435?s=96&d=mm&r=g","url":"https:\/\/secure.gravatar.com\/avatar\/3a8de04a2656d44082be478bd6c086daa447c4651605818287b9532d3d0bd435?s=96&d=mm&r=g","contentUrl":"https:\/\/secure.gravatar.com\/avatar\/3a8de04a2656d44082be478bd6c086daa447c4651605818287b9532d3d0bd435?s=96&d=mm&r=g","caption":"Lo viste en Los Pol\u00edticos"},"url":"https:\/\/lospoliticosveracruz.com\/?author=2"}]}},"_links":{"self":[{"href":"https:\/\/lospoliticosveracruz.com\/index.php?rest_route=\/wp\/v2\/posts\/50656","targetHints":{"allow":["GET"]}}],"collection":[{"href":"https:\/\/lospoliticosveracruz.com\/index.php?rest_route=\/wp\/v2\/posts"}],"about":[{"href":"https:\/\/lospoliticosveracruz.com\/index.php?rest_route=\/wp\/v2\/types\/post"}],"author":[{"embeddable":true,"href":"https:\/\/lospoliticosveracruz.com\/index.php?rest_route=\/wp\/v2\/users\/2"}],"replies":[{"embeddable":true,"href":"https:\/\/lospoliticosveracruz.com\/index.php?rest_route=%2Fwp%2Fv2%2Fcomments&post=50656"}],"version-history":[{"count":1,"href":"https:\/\/lospoliticosveracruz.com\/index.php?rest_route=\/wp\/v2\/posts\/50656\/revisions"}],"predecessor-version":[{"id":50658,"href":"https:\/\/lospoliticosveracruz.com\/index.php?rest_route=\/wp\/v2\/posts\/50656\/revisions\/50658"}],"wp:featuredmedia":[{"embeddable":true,"href":"https:\/\/lospoliticosveracruz.com\/index.php?rest_route=\/wp\/v2\/media\/50657"}],"wp:attachment":[{"href":"https:\/\/lospoliticosveracruz.com\/index.php?rest_route=%2Fwp%2Fv2%2Fmedia&parent=50656"}],"wp:term":[{"taxonomy":"category","embeddable":true,"href":"https:\/\/lospoliticosveracruz.com\/index.php?rest_route=%2Fwp%2Fv2%2Fcategories&post=50656"},{"taxonomy":"post_tag","embeddable":true,"href":"https:\/\/lospoliticosveracruz.com\/index.php?rest_route=%2Fwp%2Fv2%2Ftags&post=50656"}],"curies":[{"name":"wp","href":"https:\/\/api.w.org\/{rel}","templated":true}]}}