{"id":50722,"date":"2019-11-11T08:17:52","date_gmt":"2019-11-11T14:17:52","guid":{"rendered":"http:\/\/www.lospoliticosveracruz.com.mx\/?p=50722"},"modified":"2019-11-11T08:17:52","modified_gmt":"2019-11-11T14:17:52","slug":"por-un-cambio-positivo-y-verdadero","status":"publish","type":"post","link":"https:\/\/lospoliticosveracruz.com\/?p=50722","title":{"rendered":"Por un cambio positivo y verdadero"},"content":{"rendered":"<p><strong>Rafael Arias Hern\u00e1ndez<\/strong><\/p>\n<p>El intento gubernamental nacional ha comenzado, mucho por hacer y m\u00e1s en estados y municipios, as\u00ed como en \u00f3rganos aut\u00f3nomos y los llamados poderes independientes. Imposible negar evidencias y consecuencias;\u00a0 deben cambiar formas y actitudes, medios y procedimientos.<\/p>\n<p>Nada de cambiar por cambiar o para aparentar y simular. Urgente persistir en bueno y mejor, no en malo y peor. Hay que gobernar al gobierno, en todos sus \u00e1mbitos y formas.<\/p>\n<p>Nadie est\u00e1 obligado a sostener y padecer un mal o peor gobierno.<\/p>\n<p>Revocar\u00a0 mandato, despedir tanto ineptos y corruptos, como in\u00fatiles y \u00a0par\u00e1sitos; y en su caso, denunciar y sancionar \u00a0ineficientes y delincuentes.<\/p>\n<p>Por lo pronto,\u00a0 es oportuno recordar \u00a0que, \u00a0sin miedo a los cambios, hay que hacer todo el esfuerzo posible y pertinente, por transformar para bien,\u00a0 condiciones y situaci\u00f3n presente y futura. Sobre todo cuando \u00a0hartazgo e \u00a0inconformidad crecientes, comprueban que cambiar es \u00a0necesario o ineludible. Inaceptable seguir sacrificando, generaci\u00f3n tras generaci\u00f3n,\u00a0 m\u00e1s seres humanos.<\/p>\n<p>Hoy por hoy, sobresale \u00a0que \u00a0para M\u00e9xico, exportar pobres, es lo que m\u00e1s ingresos produce. \u00a0No solo no se les brinda oportunidad, oblig\u00e1ndoles a irse; sino que, responsables y solidarios, han llegado ya, a enviar solo en remesas, poco m\u00e1s de 36 mil millones de d\u00f3lares al a\u00f1o. El programa m\u00e1s importante de apoyo a los pobres,\u00a0 es de los pobres.<\/p>\n<p>Ante esto y m\u00e1s, urgen\u00a0 resultados favorables \u00a0e\u00a0 innegables. Y por tanto insistir e insistir: No m\u00e1s apariencia, enga\u00f1o\u00a0 y simulaci\u00f3n. No m\u00e1s ineptos y corruptos, ineficientes y delincuentes en los gobiernos.<\/p>\n<p>Imprescindible que todo servidores p\u00fablico cumpla bien y puntualmente, \u00a0con sus responsabilidades, empezando con la ineludible obligaci\u00f3n de informar y tambi\u00e9n, de atender el derecho a saber. Transparencia y acceso a la informaci\u00f3n son fundamentales, incluso para identificar y comprobar lo bueno, los pocos o muchos logros y avances.<\/p>\n<p>Hechos no dichos, reales no imaginarios. Evaluar a todos, objetiva y puntualmente. Identificar aciertos y errores, pendientes y avances.<\/p>\n<p>Mentir, distraer y fingir forman parte de la desinformaci\u00f3n. Enga\u00f1ar, posponer y no informar, tambi\u00e9n es irresponsabilidad y hasta conducta delictiva. Ineludiblemente, \u00a0todo\u00a0gobernante, funcionario y empleado, debe informar y no hacerse el occiso, y esperar a que le pregunten.<\/p>\n<p>Importante tener presente, que una fuente determinante del origen del cambio que se vive e intenta, \u00a0es simple y claramente, identificable a partir del reconocimiento y aceptaci\u00f3n, de que es expresi\u00f3n y decisi\u00f3n ciudadana y social. As\u00ed se dice \u00a0y sostiene,\u00a0 desde los resultados del proceso electoral del 2018.<\/p>\n<p>Principio democr\u00e1tico, decisi\u00f3n que deben acatar y hacer realidad quienes gobiernan y sus equipos. Todos sin excepci\u00f3n: representantes electos, funcionarios incorporados y servidores p\u00fablicos contratados, est\u00e1n obligados a orientar recursos y esfuerzos a consolidar y hacer realidad lo decidido. Cambiar es voluntad ciudadana y social, no individual y personal de quienes gobiernan. Mucho menos ocurrencia, o absurda improvisaci\u00f3n.<\/p>\n<p>Por otro lado, hay que advertir y se\u00f1alar, que no se quiere ni acepta cualquier cambio; como solo incorporar otras personas, enlistar otros nombres, colores, formas, ideas y procedimientos<\/p>\n<p>Lo que se quiere, exige y busca, \u00a0son resultados positivos; esto es, que verdaderamente sirvan para atender, bien y a tiempo, las crecientes necesidades b\u00e1sicas individuales y sociales; y tambi\u00e9n, se requieren y esperan\u00a0 transformaciones que faciliten y permitan resolver, viejos y nuevos, \u00a0conflictos y problemas,\u00a0 que se padecen y enfrentan.<\/p>\n<p>Y finalmente, otro aspecto que debe considerarse es el institucional y normativo. Esto es, la decisi\u00f3n de cambiar para mejorar, \u00a0que es ciudadana y social, tambi\u00e9n debe ser formal y legalmente sustentada, \u00a0convertida en norma y acci\u00f3n, actividad \u00a0y programa, sujetos \u00a0a seguimiento y control, evaluaci\u00f3n y retroalimentaci\u00f3n, para no solo asegurar uso adecuado de recursos p\u00fablicos\u00a0 y atribuciones institucionales; sino tambi\u00e9n, desde luego, para obtener y disponer de buenos resultados, comprobables y evaluables.<\/p>\n<p>En fin, obligado \u00a0insistir y resaltar,\u00a0 que el cambio en cuesti\u00f3n debe ser consensado y con respaldo social; de resultados positivos; institucional y legal, y\u00a0 no debe tomarse como\u00a0 una decisi\u00f3n personal o discrecional de quienes gobiernan. Se trata de una obligaci\u00f3n, para todo servidor p\u00fablico, \u00a0\u00a0que acarrea o exige\u00a0 responsabilidades y capacidades, \u00a0acciones y previsiones.<\/p>\n<p>Informaci\u00f3n \u00a0real y oportuna; disposici\u00f3n responsable y capaz; esfuerzo pertinente y efectivo. Buenos resultados comprobables.<\/p>\n<p>Sobre este complejo e interminable tema, Xavier Guix \u00a0sostiene \u00a0que: \u201cLo \u00fanico que no cambia es el cambio.\u00a0 La vida es movimiento; de lo contrario, estar\u00edamos muertos. Sin embargo, nos cuesta afrontar novedades, salir del confort. Hasta que llega el caos en forma de crisis existenciales\u2026No estamos entrenados para vivir en la incertidumbre. Tampoco es deseable una vida en la que solo exista caos\u2026\u201d (El pa\u00eds semanal. 190910)<\/p>\n<p>BUENO Y MEJOR<\/p>\n<p>Adem\u00e1s de saber que a lo malo le sigue lo peor; y que m\u00e1s rollo no significa desarrollo.<\/p>\n<p>Ante todo gobierno, debe \u00a0tenerse presente, que \u00a0lo mejor es enemigo de lo bueno, o cuando menos su siguiente etapa.<\/p>\n<p>En el contexto de evoluci\u00f3n y\u00a0 superaci\u00f3n no hay tregua, ni descanso, ni facilidad. Pero adem\u00e1s, el esfuerzo no termina con pasar de malo a regular, a bueno y a mejor. En todo caso, preciso es ser\u00a0 mejor, ni m\u00e1s ni menos.<\/p>\n<p>Para evitar mediocridad, ineficiencia e incompetencia; no aceptar ni disculpar culpabilidad, complacencia \u00a0y complicidad.<\/p>\n<p>Siempre\u00a0 hay que intentar \u00a0hacer las cosas bien, sobre todo los asuntos p\u00fablicos y de gobierno; pasar de malo a bueno no es f\u00e1cil, requiere de disciplina, aprendizaje y dedicaci\u00f3n.<\/p>\n<p>El esfuerzo no debe detenerse, ni dar lugar a \u00a0justificaci\u00f3n y resignaci\u00f3n, pretextos \u00a0e irresponsabilidades.<\/p>\n<p>No\u00a0 conviene\u00a0 conformase con ser bueno y no \u00a0intentar ser mejor; esto, desde luego, no es f\u00e1cil ni r\u00e1pido, exige de esfuerzo adicional, de perseverar\u00a0 y aprender m\u00e1s, evaluarse constantemente y estar atento a cambios en condiciones y oportunidades, reconocer\u00a0 nuevas \u00a0situaciones y sus perspectivas, viabilidades y costos.<\/p>\n<p>Vital hacer\u00a0 buen uso puntual, de los recursos p\u00fablicos. Ejercerlos, no perderlos, ni esconderlos, subejercerlos \u00a0o sustraerlos.<\/p>\n<p>En cuestiones de gobierno y de responsabilidad p\u00fablica, imprescindible pasar del dicho al hecho, del compromiso al resultado. En verdad, cambiar para mejorar.<\/p>\n<p>&nbsp;<\/p>\n<p>-Acad\u00e9mico-IIESESUV\u00a0 Twitter:@RafaelAriasH<\/p>\n","protected":false},"excerpt":{"rendered":"<p>Rafael Arias Hern\u00e1ndez El intento gubernamental nacional ha comenzado, mucho por hacer y m\u00e1s en estados y municipios, as\u00ed como en \u00f3rganos aut\u00f3nomos y los llamados poderes independientes. Imposible negar evidencias y consecuencias;\u00a0 deben cambiar formas y actitudes, medios y procedimientos. Nada de cambiar por cambiar o para aparentar y simular. Urgente persistir en bueno [&hellip;]<\/p>\n","protected":false},"author":2,"featured_media":46666,"comment_status":"open","ping_status":"open","sticky":false,"template":"","format":"standard","meta":{"tdm_status":"","tdm_grid_status":"","footnotes":""},"categories":[70],"tags":[8032],"class_list":{"0":"post-50722","1":"post","2":"type-post","3":"status-publish","4":"format-standard","5":"has-post-thumbnail","7":"category-de-opinion","8":"tag-rafael-arias-hernandez"},"yoast_head":"<!-- This site is optimized with the Yoast SEO plugin v27.4 - https:\/\/yoast.com\/product\/yoast-seo-wordpress\/ -->\n<title>Por un cambio positivo y verdadero - Los pol\u00edticos Veracruz<\/title>\n<meta name=\"robots\" content=\"index, follow, max-snippet:-1, max-image-preview:large, max-video-preview:-1\" \/>\n<link rel=\"canonical\" href=\"https:\/\/lospoliticosveracruz.com\/?p=50722\" \/>\n<meta property=\"og:locale\" content=\"es_ES\" \/>\n<meta property=\"og:type\" content=\"article\" \/>\n<meta property=\"og:title\" content=\"Por un cambio positivo y verdadero - Los pol\u00edticos Veracruz\" \/>\n<meta property=\"og:description\" content=\"Rafael Arias Hern\u00e1ndez El intento gubernamental nacional ha comenzado, mucho por hacer y m\u00e1s en estados y municipios, as\u00ed como en \u00f3rganos aut\u00f3nomos y los llamados poderes independientes. Imposible negar evidencias y consecuencias;\u00a0 deben cambiar formas y actitudes, medios y procedimientos. Nada de cambiar por cambiar o para aparentar y simular. Urgente persistir en bueno [&hellip;]\" \/>\n<meta property=\"og:url\" content=\"https:\/\/lospoliticosveracruz.com\/?p=50722\" \/>\n<meta property=\"og:site_name\" content=\"Los pol\u00edticos Veracruz\" \/>\n<meta property=\"article:publisher\" content=\"https:\/\/www.facebook.com\/people\/Notimemes-de-los-Polticos\/61565672886568\/\" \/>\n<meta property=\"article:published_time\" content=\"2019-11-11T14:17:52+00:00\" \/>\n<meta property=\"og:image\" content=\"https:\/\/lospoliticosveracruz.com\/wp-content\/uploads\/2019\/02\/Manuel-Huerta-Cuitl\u00e1huac-Garc\u00eda-y-Andr\u00e9s-Manuel-L\u00f3pez-Obrador.jpg\" \/>\n\t<meta property=\"og:image:width\" content=\"600\" \/>\n\t<meta property=\"og:image:height\" content=\"362\" \/>\n\t<meta property=\"og:image:type\" content=\"image\/jpeg\" \/>\n<meta name=\"author\" content=\"Lo viste en Los Pol\u00edticos\" \/>\n<meta name=\"twitter:card\" content=\"summary_large_image\" \/>\n<meta name=\"twitter:creator\" content=\"@LosPoliticosVer\" \/>\n<meta name=\"twitter:site\" content=\"@LosPoliticosVer\" \/>\n<meta name=\"twitter:label1\" content=\"Escrito por\" \/>\n\t<meta name=\"twitter:data1\" content=\"Lo viste en Los Pol\u00edticos\" \/>\n\t<meta name=\"twitter:label2\" content=\"Tiempo de lectura\" \/>\n\t<meta name=\"twitter:data2\" content=\"5 minutos\" \/>\n<script type=\"application\/ld+json\" class=\"yoast-schema-graph\">{\"@context\":\"https:\\\/\\\/schema.org\",\"@graph\":[{\"@type\":\"Article\",\"@id\":\"https:\\\/\\\/lospoliticosveracruz.com\\\/?p=50722#article\",\"isPartOf\":{\"@id\":\"https:\\\/\\\/lospoliticosveracruz.com\\\/?p=50722\"},\"author\":{\"name\":\"Lo viste en Los Pol\u00edticos\",\"@id\":\"https:\\\/\\\/lospoliticosveracruz.com\\\/#\\\/schema\\\/person\\\/b8702bb0e538456e6efd07080bf2a4a2\"},\"headline\":\"Por un cambio positivo y verdadero\",\"datePublished\":\"2019-11-11T14:17:52+00:00\",\"mainEntityOfPage\":{\"@id\":\"https:\\\/\\\/lospoliticosveracruz.com\\\/?p=50722\"},\"wordCount\":1071,\"commentCount\":0,\"publisher\":{\"@id\":\"https:\\\/\\\/lospoliticosveracruz.com\\\/#organization\"},\"image\":{\"@id\":\"https:\\\/\\\/lospoliticosveracruz.com\\\/?p=50722#primaryimage\"},\"thumbnailUrl\":\"https:\\\/\\\/lospoliticosveracruz.com\\\/wp-content\\\/uploads\\\/2019\\\/02\\\/Manuel-Huerta-Cuitl\u00e1huac-Garc\u00eda-y-Andr\u00e9s-Manuel-L\u00f3pez-Obrador.jpg\",\"keywords\":[\"Rafael Arias Hern\u00e1ndez\"],\"articleSection\":[\"De Opini\u00f3n\"],\"inLanguage\":\"es\",\"potentialAction\":[{\"@type\":\"CommentAction\",\"name\":\"Comment\",\"target\":[\"https:\\\/\\\/lospoliticosveracruz.com\\\/?p=50722#respond\"]}]},{\"@type\":\"WebPage\",\"@id\":\"https:\\\/\\\/lospoliticosveracruz.com\\\/?p=50722\",\"url\":\"https:\\\/\\\/lospoliticosveracruz.com\\\/?p=50722\",\"name\":\"Por un cambio positivo y verdadero - Los pol\u00edticos Veracruz\",\"isPartOf\":{\"@id\":\"https:\\\/\\\/lospoliticosveracruz.com\\\/#website\"},\"primaryImageOfPage\":{\"@id\":\"https:\\\/\\\/lospoliticosveracruz.com\\\/?p=50722#primaryimage\"},\"image\":{\"@id\":\"https:\\\/\\\/lospoliticosveracruz.com\\\/?p=50722#primaryimage\"},\"thumbnailUrl\":\"https:\\\/\\\/lospoliticosveracruz.com\\\/wp-content\\\/uploads\\\/2019\\\/02\\\/Manuel-Huerta-Cuitl\u00e1huac-Garc\u00eda-y-Andr\u00e9s-Manuel-L\u00f3pez-Obrador.jpg\",\"datePublished\":\"2019-11-11T14:17:52+00:00\",\"breadcrumb\":{\"@id\":\"https:\\\/\\\/lospoliticosveracruz.com\\\/?p=50722#breadcrumb\"},\"inLanguage\":\"es\",\"potentialAction\":[{\"@type\":\"ReadAction\",\"target\":[\"https:\\\/\\\/lospoliticosveracruz.com\\\/?p=50722\"]}]},{\"@type\":\"ImageObject\",\"inLanguage\":\"es\",\"@id\":\"https:\\\/\\\/lospoliticosveracruz.com\\\/?p=50722#primaryimage\",\"url\":\"https:\\\/\\\/lospoliticosveracruz.com\\\/wp-content\\\/uploads\\\/2019\\\/02\\\/Manuel-Huerta-Cuitl\u00e1huac-Garc\u00eda-y-Andr\u00e9s-Manuel-L\u00f3pez-Obrador.jpg\",\"contentUrl\":\"https:\\\/\\\/lospoliticosveracruz.com\\\/wp-content\\\/uploads\\\/2019\\\/02\\\/Manuel-Huerta-Cuitl\u00e1huac-Garc\u00eda-y-Andr\u00e9s-Manuel-L\u00f3pez-Obrador.jpg\",\"width\":600,\"height\":362},{\"@type\":\"BreadcrumbList\",\"@id\":\"https:\\\/\\\/lospoliticosveracruz.com\\\/?p=50722#breadcrumb\",\"itemListElement\":[{\"@type\":\"ListItem\",\"position\":1,\"name\":\"Portada\",\"item\":\"https:\\\/\\\/lospoliticosveracruz.com\\\/\"},{\"@type\":\"ListItem\",\"position\":2,\"name\":\"Por un cambio positivo y verdadero\"}]},{\"@type\":\"WebSite\",\"@id\":\"https:\\\/\\\/lospoliticosveracruz.com\\\/#website\",\"url\":\"https:\\\/\\\/lospoliticosveracruz.com\\\/\",\"name\":\"Los pol\u00edticos Veracruz\",\"description\":\"\",\"publisher\":{\"@id\":\"https:\\\/\\\/lospoliticosveracruz.com\\\/#organization\"},\"potentialAction\":[{\"@type\":\"SearchAction\",\"target\":{\"@type\":\"EntryPoint\",\"urlTemplate\":\"https:\\\/\\\/lospoliticosveracruz.com\\\/?s={search_term_string}\"},\"query-input\":{\"@type\":\"PropertyValueSpecification\",\"valueRequired\":true,\"valueName\":\"search_term_string\"}}],\"inLanguage\":\"es\"},{\"@type\":\"Organization\",\"@id\":\"https:\\\/\\\/lospoliticosveracruz.com\\\/#organization\",\"name\":\"Los pol\u00edticos Veracruz\",\"url\":\"https:\\\/\\\/lospoliticosveracruz.com\\\/\",\"logo\":{\"@type\":\"ImageObject\",\"inLanguage\":\"es\",\"@id\":\"https:\\\/\\\/lospoliticosveracruz.com\\\/#\\\/schema\\\/logo\\\/image\\\/\",\"url\":\"https:\\\/\\\/lospoliticosveracruz.com\\\/wp-content\\\/uploads\\\/2025\\\/12\\\/Logo-Nuevo-LOS-POLITICOS-1.jpg\",\"contentUrl\":\"https:\\\/\\\/lospoliticosveracruz.com\\\/wp-content\\\/uploads\\\/2025\\\/12\\\/Logo-Nuevo-LOS-POLITICOS-1.jpg\",\"width\":260,\"height\":70,\"caption\":\"Los pol\u00edticos Veracruz\"},\"image\":{\"@id\":\"https:\\\/\\\/lospoliticosveracruz.com\\\/#\\\/schema\\\/logo\\\/image\\\/\"},\"sameAs\":[\"https:\\\/\\\/www.facebook.com\\\/people\\\/Notimemes-de-los-Polticos\\\/61565672886568\\\/\",\"https:\\\/\\\/x.com\\\/LosPoliticosVer\"]},{\"@type\":\"Person\",\"@id\":\"https:\\\/\\\/lospoliticosveracruz.com\\\/#\\\/schema\\\/person\\\/b8702bb0e538456e6efd07080bf2a4a2\",\"name\":\"Lo viste en Los Pol\u00edticos\",\"image\":{\"@type\":\"ImageObject\",\"inLanguage\":\"es\",\"@id\":\"https:\\\/\\\/secure.gravatar.com\\\/avatar\\\/3a8de04a2656d44082be478bd6c086daa447c4651605818287b9532d3d0bd435?s=96&d=mm&r=g\",\"url\":\"https:\\\/\\\/secure.gravatar.com\\\/avatar\\\/3a8de04a2656d44082be478bd6c086daa447c4651605818287b9532d3d0bd435?s=96&d=mm&r=g\",\"contentUrl\":\"https:\\\/\\\/secure.gravatar.com\\\/avatar\\\/3a8de04a2656d44082be478bd6c086daa447c4651605818287b9532d3d0bd435?s=96&d=mm&r=g\",\"caption\":\"Lo viste en Los Pol\u00edticos\"},\"url\":\"https:\\\/\\\/lospoliticosveracruz.com\\\/?author=2\"}]}<\/script>\n<!-- \/ Yoast SEO plugin. -->","yoast_head_json":{"title":"Por un cambio positivo y verdadero - Los pol\u00edticos Veracruz","robots":{"index":"index","follow":"follow","max-snippet":"max-snippet:-1","max-image-preview":"max-image-preview:large","max-video-preview":"max-video-preview:-1"},"canonical":"https:\/\/lospoliticosveracruz.com\/?p=50722","og_locale":"es_ES","og_type":"article","og_title":"Por un cambio positivo y verdadero - Los pol\u00edticos Veracruz","og_description":"Rafael Arias Hern\u00e1ndez El intento gubernamental nacional ha comenzado, mucho por hacer y m\u00e1s en estados y municipios, as\u00ed como en \u00f3rganos aut\u00f3nomos y los llamados poderes independientes. Imposible negar evidencias y consecuencias;\u00a0 deben cambiar formas y actitudes, medios y procedimientos. Nada de cambiar por cambiar o para aparentar y simular. Urgente persistir en bueno [&hellip;]","og_url":"https:\/\/lospoliticosveracruz.com\/?p=50722","og_site_name":"Los pol\u00edticos Veracruz","article_publisher":"https:\/\/www.facebook.com\/people\/Notimemes-de-los-Polticos\/61565672886568\/","article_published_time":"2019-11-11T14:17:52+00:00","og_image":[{"width":600,"height":362,"url":"https:\/\/lospoliticosveracruz.com\/wp-content\/uploads\/2019\/02\/Manuel-Huerta-Cuitl\u00e1huac-Garc\u00eda-y-Andr\u00e9s-Manuel-L\u00f3pez-Obrador.jpg","type":"image\/jpeg"}],"author":"Lo viste en Los Pol\u00edticos","twitter_card":"summary_large_image","twitter_creator":"@LosPoliticosVer","twitter_site":"@LosPoliticosVer","twitter_misc":{"Escrito por":"Lo viste en Los Pol\u00edticos","Tiempo de lectura":"5 minutos"},"schema":{"@context":"https:\/\/schema.org","@graph":[{"@type":"Article","@id":"https:\/\/lospoliticosveracruz.com\/?p=50722#article","isPartOf":{"@id":"https:\/\/lospoliticosveracruz.com\/?p=50722"},"author":{"name":"Lo viste en Los Pol\u00edticos","@id":"https:\/\/lospoliticosveracruz.com\/#\/schema\/person\/b8702bb0e538456e6efd07080bf2a4a2"},"headline":"Por un cambio positivo y verdadero","datePublished":"2019-11-11T14:17:52+00:00","mainEntityOfPage":{"@id":"https:\/\/lospoliticosveracruz.com\/?p=50722"},"wordCount":1071,"commentCount":0,"publisher":{"@id":"https:\/\/lospoliticosveracruz.com\/#organization"},"image":{"@id":"https:\/\/lospoliticosveracruz.com\/?p=50722#primaryimage"},"thumbnailUrl":"https:\/\/lospoliticosveracruz.com\/wp-content\/uploads\/2019\/02\/Manuel-Huerta-Cuitl\u00e1huac-Garc\u00eda-y-Andr\u00e9s-Manuel-L\u00f3pez-Obrador.jpg","keywords":["Rafael Arias Hern\u00e1ndez"],"articleSection":["De Opini\u00f3n"],"inLanguage":"es","potentialAction":[{"@type":"CommentAction","name":"Comment","target":["https:\/\/lospoliticosveracruz.com\/?p=50722#respond"]}]},{"@type":"WebPage","@id":"https:\/\/lospoliticosveracruz.com\/?p=50722","url":"https:\/\/lospoliticosveracruz.com\/?p=50722","name":"Por un cambio positivo y verdadero - Los pol\u00edticos Veracruz","isPartOf":{"@id":"https:\/\/lospoliticosveracruz.com\/#website"},"primaryImageOfPage":{"@id":"https:\/\/lospoliticosveracruz.com\/?p=50722#primaryimage"},"image":{"@id":"https:\/\/lospoliticosveracruz.com\/?p=50722#primaryimage"},"thumbnailUrl":"https:\/\/lospoliticosveracruz.com\/wp-content\/uploads\/2019\/02\/Manuel-Huerta-Cuitl\u00e1huac-Garc\u00eda-y-Andr\u00e9s-Manuel-L\u00f3pez-Obrador.jpg","datePublished":"2019-11-11T14:17:52+00:00","breadcrumb":{"@id":"https:\/\/lospoliticosveracruz.com\/?p=50722#breadcrumb"},"inLanguage":"es","potentialAction":[{"@type":"ReadAction","target":["https:\/\/lospoliticosveracruz.com\/?p=50722"]}]},{"@type":"ImageObject","inLanguage":"es","@id":"https:\/\/lospoliticosveracruz.com\/?p=50722#primaryimage","url":"https:\/\/lospoliticosveracruz.com\/wp-content\/uploads\/2019\/02\/Manuel-Huerta-Cuitl\u00e1huac-Garc\u00eda-y-Andr\u00e9s-Manuel-L\u00f3pez-Obrador.jpg","contentUrl":"https:\/\/lospoliticosveracruz.com\/wp-content\/uploads\/2019\/02\/Manuel-Huerta-Cuitl\u00e1huac-Garc\u00eda-y-Andr\u00e9s-Manuel-L\u00f3pez-Obrador.jpg","width":600,"height":362},{"@type":"BreadcrumbList","@id":"https:\/\/lospoliticosveracruz.com\/?p=50722#breadcrumb","itemListElement":[{"@type":"ListItem","position":1,"name":"Portada","item":"https:\/\/lospoliticosveracruz.com\/"},{"@type":"ListItem","position":2,"name":"Por un cambio positivo y verdadero"}]},{"@type":"WebSite","@id":"https:\/\/lospoliticosveracruz.com\/#website","url":"https:\/\/lospoliticosveracruz.com\/","name":"Los pol\u00edticos Veracruz","description":"","publisher":{"@id":"https:\/\/lospoliticosveracruz.com\/#organization"},"potentialAction":[{"@type":"SearchAction","target":{"@type":"EntryPoint","urlTemplate":"https:\/\/lospoliticosveracruz.com\/?s={search_term_string}"},"query-input":{"@type":"PropertyValueSpecification","valueRequired":true,"valueName":"search_term_string"}}],"inLanguage":"es"},{"@type":"Organization","@id":"https:\/\/lospoliticosveracruz.com\/#organization","name":"Los pol\u00edticos Veracruz","url":"https:\/\/lospoliticosveracruz.com\/","logo":{"@type":"ImageObject","inLanguage":"es","@id":"https:\/\/lospoliticosveracruz.com\/#\/schema\/logo\/image\/","url":"https:\/\/lospoliticosveracruz.com\/wp-content\/uploads\/2025\/12\/Logo-Nuevo-LOS-POLITICOS-1.jpg","contentUrl":"https:\/\/lospoliticosveracruz.com\/wp-content\/uploads\/2025\/12\/Logo-Nuevo-LOS-POLITICOS-1.jpg","width":260,"height":70,"caption":"Los pol\u00edticos Veracruz"},"image":{"@id":"https:\/\/lospoliticosveracruz.com\/#\/schema\/logo\/image\/"},"sameAs":["https:\/\/www.facebook.com\/people\/Notimemes-de-los-Polticos\/61565672886568\/","https:\/\/x.com\/LosPoliticosVer"]},{"@type":"Person","@id":"https:\/\/lospoliticosveracruz.com\/#\/schema\/person\/b8702bb0e538456e6efd07080bf2a4a2","name":"Lo viste en Los Pol\u00edticos","image":{"@type":"ImageObject","inLanguage":"es","@id":"https:\/\/secure.gravatar.com\/avatar\/3a8de04a2656d44082be478bd6c086daa447c4651605818287b9532d3d0bd435?s=96&d=mm&r=g","url":"https:\/\/secure.gravatar.com\/avatar\/3a8de04a2656d44082be478bd6c086daa447c4651605818287b9532d3d0bd435?s=96&d=mm&r=g","contentUrl":"https:\/\/secure.gravatar.com\/avatar\/3a8de04a2656d44082be478bd6c086daa447c4651605818287b9532d3d0bd435?s=96&d=mm&r=g","caption":"Lo viste en Los Pol\u00edticos"},"url":"https:\/\/lospoliticosveracruz.com\/?author=2"}]}},"_links":{"self":[{"href":"https:\/\/lospoliticosveracruz.com\/index.php?rest_route=\/wp\/v2\/posts\/50722","targetHints":{"allow":["GET"]}}],"collection":[{"href":"https:\/\/lospoliticosveracruz.com\/index.php?rest_route=\/wp\/v2\/posts"}],"about":[{"href":"https:\/\/lospoliticosveracruz.com\/index.php?rest_route=\/wp\/v2\/types\/post"}],"author":[{"embeddable":true,"href":"https:\/\/lospoliticosveracruz.com\/index.php?rest_route=\/wp\/v2\/users\/2"}],"replies":[{"embeddable":true,"href":"https:\/\/lospoliticosveracruz.com\/index.php?rest_route=%2Fwp%2Fv2%2Fcomments&post=50722"}],"version-history":[{"count":1,"href":"https:\/\/lospoliticosveracruz.com\/index.php?rest_route=\/wp\/v2\/posts\/50722\/revisions"}],"predecessor-version":[{"id":50723,"href":"https:\/\/lospoliticosveracruz.com\/index.php?rest_route=\/wp\/v2\/posts\/50722\/revisions\/50723"}],"wp:featuredmedia":[{"embeddable":true,"href":"https:\/\/lospoliticosveracruz.com\/index.php?rest_route=\/wp\/v2\/media\/46666"}],"wp:attachment":[{"href":"https:\/\/lospoliticosveracruz.com\/index.php?rest_route=%2Fwp%2Fv2%2Fmedia&parent=50722"}],"wp:term":[{"taxonomy":"category","embeddable":true,"href":"https:\/\/lospoliticosveracruz.com\/index.php?rest_route=%2Fwp%2Fv2%2Fcategories&post=50722"},{"taxonomy":"post_tag","embeddable":true,"href":"https:\/\/lospoliticosveracruz.com\/index.php?rest_route=%2Fwp%2Fv2%2Ftags&post=50722"}],"curies":[{"name":"wp","href":"https:\/\/api.w.org\/{rel}","templated":true}]}}