{"id":50724,"date":"2019-11-11T08:29:46","date_gmt":"2019-11-11T14:29:46","guid":{"rendered":"http:\/\/www.lospoliticosveracruz.com.mx\/?p=50724"},"modified":"2019-11-11T08:29:46","modified_gmt":"2019-11-11T14:29:46","slug":"mayor-preocupacion-en-otros-paises-por-la-violencia-en-mexico","status":"publish","type":"post","link":"https:\/\/lospoliticosveracruz.com\/?p=50724","title":{"rendered":"Mayor preocupaci\u00f3n en otros pa\u00edses por la violencia en M\u00e9xico"},"content":{"rendered":"<p><strong>Ricardo V\u00e1zquez S.<\/strong><\/p>\n<p><em>Esfera Pol\u00edtica\u00a0<\/em><\/p>\n<p>Si Evo Morales, que ten\u00eda a las Fuerzas Armadas completamente de su lado, bastante y bien apapachadas en todos aspectos, comenzando por el econ\u00f3mico, canonj\u00edas diversas, abrazos y un sinf\u00edn de beneficios, a\u00fan con todo eso, los militares fueron factor decisivo al exigirle su renuncia como presidente de Bolivia. Ahora pensemos en un mandatario que menosprecia a la milicia, que argumenta que si por \u00e9l fuera desaparec\u00eda al Ej\u00e9rcito y la Marina, que se han visto obligados a humillarse ante los criminales. Imaginemos por un momento un escenario de esa naturaleza, un pa\u00eds con mayores problemas, un conflicto peor de grave que el que se vivi\u00f3 en Bolivia previo a la renuncia del dictadorzuelo Morales quien llevaba 13 a\u00f1os aferrado al poder. All\u00e1 tambi\u00e9n \u201cse cay\u00f3 el sistema\u201d, eso fue en las recientes elecciones del 20 de octubre en las que se manose\u00f3 el conteo de votos a favor de Evo -demasiada coincidencia-. Aunado al descontento generalizado de la poblaci\u00f3n, la milicia de aquella naci\u00f3n lleg\u00f3 al hartazgo, entre otras causas al pretender imponerles de forma institucional el adoctrinamiento marxista.<br \/>\nEl mundo entero vuelve a poner los ojos fijos en M\u00e9xico, por los terribles hechos de violencia que han pasado al grado de salvajismo, a la bestialidad, por el asesinato de ni\u00f1os de corta edad, de beb\u00e9s ultimados con toda crueldad.<br \/>\nTal parece que existe fuerte preocupaci\u00f3n en otras latitudes de lo que sucede en nuestro pa\u00eds. Las alarmas en Estados Unidos se han vuelto a encender por los focos de violencia que observan en sus vecinos del sur. La clase pol\u00edtica norteamericana, el sector empresarial y la sociedad en general se manifiestan sumamente preocupados por lo que est\u00e1 pasando en varias regiones de territorio mexicano.<br \/>\nChristopher Landau, embajador de Estados Unidos en nuestro pa\u00eds, antes de la masacre de la familia LeBar\u00f3n en Sonora, hab\u00eda advertido que el presidente Donald Trump \u201cest\u00e1 muy preocupado\u201d por la inseguridad en M\u00e9xico.<br \/>\nAutoridades estadounidenses observan que de este lado no hay estrategia para combatir a los c\u00e1rteles; que con la repartici\u00f3n de abrazos oficiales, en lugar de balazos, los grupos criminales se fortalecen, se posicionan, hacen valer su poder ante cualquier autoridad estatal o municipal que se atreva a hacer el intento de frenarlos.<br \/>\nLa liberaci\u00f3n de Ovidio Guzm\u00e1n, uno de los \u201cchapitos\u201d, ha sido interpretada como un mensaje que tienen que acatar los encargados de salvaguardar la seguridad de los ciudadanos.<br \/>\nComo se di\u00f3 a conocer, el Congressional Research Service del Congreso de EEUU elabor\u00f3 el documento \u201cMexico: Organized Crime and Drug Trafficking Organizations\u201d, fechado el 15 de agosto de 2019, dirigido a miembros del Senado y la C\u00e1mara de Representantes. En el documento se afirma que \u201cLas organizaciones de traficantes de drogas de M\u00e9xico representan la mayor amenaza criminal para Estados Unidos y detentan la mayor influencia en el mercado de las drogas\u201d.<br \/>\nSe\u00f1ala que los c\u00e1rteles mexicanos controlan el mercado de opi\u00e1ceos en ese pa\u00eds, que provoc\u00f3 m\u00e1s de 72 mil muertes en el a\u00f1o 2017. A pesar de la lucha contra el consumo de drogas, su importaci\u00f3n desde M\u00e9xico tiende a incrementarse. Menciona que \u201cla violencia en M\u00e9xico es de particular preocupaci\u00f3n para el Congreso de los Estados Unidos\u201d. Precisa que en la administraci\u00f3n de Felipe Calder\u00f3n operaban cuatro grandes c\u00e1rteles, y ahora, bajo el mandato de L\u00f3pez Obrador, son nueve los c\u00e1rteles activos.<br \/>\nEn el documento en menci\u00f3n, se hace referencia a la aparici\u00f3n de actos terroristas, derribo de helic\u00f3pteros con RPG (GPC), el uso de coches-bomba, adem\u00e1s de publicar videos donde decapitan a sus oponentes y los cuelgan de puentes con mensajes p\u00fablicos, a manera de advertencia o medida intimidatoria.<br \/>\nEl an\u00e1lisis elaborado puntualiza que los asesinatos de periodistas han aumentado de uno al mes, en 2018, a dos al mes en 2019, convirtiendo a M\u00e9xico en el pa\u00eds con m\u00e1s asesinatos de periodistas en el mundo.<br \/>\nExiste mayor preocupaci\u00f3n en otras latitudes por la violencia que se ha agudizado en M\u00e9xico, mientras ac\u00e1 siguen empantanados en las viciadas declaraciones ma\u00f1aneras.<br \/>\n<a href=\"mailto:rvazquez002@yahoo.com.mx\" target=\"_blank\">rvazquez002@yahoo.com.mx<\/a><\/p>\n","protected":false},"excerpt":{"rendered":"<p>Ricardo V\u00e1zquez S. Esfera Pol\u00edtica\u00a0 Si Evo Morales, que ten\u00eda a las Fuerzas Armadas completamente de su lado, bastante y bien apapachadas en todos aspectos, comenzando por el econ\u00f3mico, canonj\u00edas diversas, abrazos y un sinf\u00edn de beneficios, a\u00fan con todo eso, los militares fueron factor decisivo al exigirle su renuncia como presidente de Bolivia. Ahora [&hellip;]<\/p>\n","protected":false},"author":2,"featured_media":50725,"comment_status":"open","ping_status":"open","sticky":false,"template":"","format":"standard","meta":{"tdm_status":"","tdm_grid_status":"","footnotes":""},"categories":[70],"tags":[13257,15701,2846,15702,1313,2642,196,15658,395,12013,2353],"class_list":{"0":"post-50724","1":"post","2":"type-post","3":"status-publish","4":"format-standard","5":"has-post-thumbnail","7":"category-de-opinion","8":"tag-bolivia","9":"tag-christopher-landau","10":"tag-donald-trump","11":"tag-embajador-de-estados-unidos","12":"tag-evo-morales","13":"tag-fuerzas-armadas","14":"tag-inseguridad","15":"tag-lebaron","16":"tag-mexico","17":"tag-ricardo-vazquez","18":"tag-sonora"},"yoast_head":"<!-- This site is optimized with the Yoast SEO plugin v27.4 - https:\/\/yoast.com\/product\/yoast-seo-wordpress\/ -->\n<title>Mayor preocupaci\u00f3n en otros pa\u00edses por la violencia en M\u00e9xico - Los pol\u00edticos Veracruz<\/title>\n<meta name=\"robots\" content=\"index, follow, max-snippet:-1, max-image-preview:large, max-video-preview:-1\" \/>\n<link rel=\"canonical\" href=\"https:\/\/lospoliticosveracruz.com\/?p=50724\" \/>\n<meta property=\"og:locale\" content=\"es_ES\" \/>\n<meta property=\"og:type\" content=\"article\" \/>\n<meta property=\"og:title\" content=\"Mayor preocupaci\u00f3n en otros pa\u00edses por la violencia en M\u00e9xico - Los pol\u00edticos Veracruz\" \/>\n<meta property=\"og:description\" content=\"Ricardo V\u00e1zquez S. Esfera Pol\u00edtica\u00a0 Si Evo Morales, que ten\u00eda a las Fuerzas Armadas completamente de su lado, bastante y bien apapachadas en todos aspectos, comenzando por el econ\u00f3mico, canonj\u00edas diversas, abrazos y un sinf\u00edn de beneficios, a\u00fan con todo eso, los militares fueron factor decisivo al exigirle su renuncia como presidente de Bolivia. Ahora [&hellip;]\" \/>\n<meta property=\"og:url\" content=\"https:\/\/lospoliticosveracruz.com\/?p=50724\" \/>\n<meta property=\"og:site_name\" content=\"Los pol\u00edticos Veracruz\" \/>\n<meta property=\"article:publisher\" content=\"https:\/\/www.facebook.com\/people\/Notimemes-de-los-Polticos\/61565672886568\/\" \/>\n<meta property=\"article:published_time\" content=\"2019-11-11T14:29:46+00:00\" \/>\n<meta property=\"og:image\" content=\"https:\/\/lospoliticosveracruz.com\/wp-content\/uploads\/2019\/11\/Evo-Morales-AMLO.png\" \/>\n\t<meta property=\"og:image:width\" content=\"600\" \/>\n\t<meta property=\"og:image:height\" content=\"338\" \/>\n\t<meta property=\"og:image:type\" content=\"image\/png\" \/>\n<meta name=\"author\" content=\"Lo viste en Los Pol\u00edticos\" \/>\n<meta name=\"twitter:card\" content=\"summary_large_image\" \/>\n<meta name=\"twitter:creator\" content=\"@LosPoliticosVer\" \/>\n<meta name=\"twitter:site\" content=\"@LosPoliticosVer\" \/>\n<meta name=\"twitter:label1\" content=\"Escrito por\" \/>\n\t<meta name=\"twitter:data1\" content=\"Lo viste en Los Pol\u00edticos\" \/>\n\t<meta name=\"twitter:label2\" content=\"Tiempo de lectura\" \/>\n\t<meta name=\"twitter:data2\" content=\"4 minutos\" \/>\n<script type=\"application\/ld+json\" class=\"yoast-schema-graph\">{\"@context\":\"https:\\\/\\\/schema.org\",\"@graph\":[{\"@type\":\"Article\",\"@id\":\"https:\\\/\\\/lospoliticosveracruz.com\\\/?p=50724#article\",\"isPartOf\":{\"@id\":\"https:\\\/\\\/lospoliticosveracruz.com\\\/?p=50724\"},\"author\":{\"name\":\"Lo viste en Los Pol\u00edticos\",\"@id\":\"https:\\\/\\\/lospoliticosveracruz.com\\\/#\\\/schema\\\/person\\\/b8702bb0e538456e6efd07080bf2a4a2\"},\"headline\":\"Mayor preocupaci\u00f3n en otros pa\u00edses por la violencia en M\u00e9xico\",\"datePublished\":\"2019-11-11T14:29:46+00:00\",\"mainEntityOfPage\":{\"@id\":\"https:\\\/\\\/lospoliticosveracruz.com\\\/?p=50724\"},\"wordCount\":736,\"commentCount\":0,\"publisher\":{\"@id\":\"https:\\\/\\\/lospoliticosveracruz.com\\\/#organization\"},\"image\":{\"@id\":\"https:\\\/\\\/lospoliticosveracruz.com\\\/?p=50724#primaryimage\"},\"thumbnailUrl\":\"https:\\\/\\\/lospoliticosveracruz.com\\\/wp-content\\\/uploads\\\/2019\\\/11\\\/Evo-Morales-AMLO.png\",\"keywords\":[\"Bolivia\",\"Christopher Landau\",\"Donald Trump\",\"embajador de Estados Unidos\",\"Evo Morales\",\"fuerzas armadas\",\"inseguridad\",\"LeBar\u00f3n\",\"M\u00e9xico\",\"Ricardo V\u00e1zquez\",\"Sonora\"],\"articleSection\":[\"De Opini\u00f3n\"],\"inLanguage\":\"es\",\"potentialAction\":[{\"@type\":\"CommentAction\",\"name\":\"Comment\",\"target\":[\"https:\\\/\\\/lospoliticosveracruz.com\\\/?p=50724#respond\"]}]},{\"@type\":\"WebPage\",\"@id\":\"https:\\\/\\\/lospoliticosveracruz.com\\\/?p=50724\",\"url\":\"https:\\\/\\\/lospoliticosveracruz.com\\\/?p=50724\",\"name\":\"Mayor preocupaci\u00f3n en otros pa\u00edses por la violencia en M\u00e9xico - Los pol\u00edticos Veracruz\",\"isPartOf\":{\"@id\":\"https:\\\/\\\/lospoliticosveracruz.com\\\/#website\"},\"primaryImageOfPage\":{\"@id\":\"https:\\\/\\\/lospoliticosveracruz.com\\\/?p=50724#primaryimage\"},\"image\":{\"@id\":\"https:\\\/\\\/lospoliticosveracruz.com\\\/?p=50724#primaryimage\"},\"thumbnailUrl\":\"https:\\\/\\\/lospoliticosveracruz.com\\\/wp-content\\\/uploads\\\/2019\\\/11\\\/Evo-Morales-AMLO.png\",\"datePublished\":\"2019-11-11T14:29:46+00:00\",\"breadcrumb\":{\"@id\":\"https:\\\/\\\/lospoliticosveracruz.com\\\/?p=50724#breadcrumb\"},\"inLanguage\":\"es\",\"potentialAction\":[{\"@type\":\"ReadAction\",\"target\":[\"https:\\\/\\\/lospoliticosveracruz.com\\\/?p=50724\"]}]},{\"@type\":\"ImageObject\",\"inLanguage\":\"es\",\"@id\":\"https:\\\/\\\/lospoliticosveracruz.com\\\/?p=50724#primaryimage\",\"url\":\"https:\\\/\\\/lospoliticosveracruz.com\\\/wp-content\\\/uploads\\\/2019\\\/11\\\/Evo-Morales-AMLO.png\",\"contentUrl\":\"https:\\\/\\\/lospoliticosveracruz.com\\\/wp-content\\\/uploads\\\/2019\\\/11\\\/Evo-Morales-AMLO.png\",\"width\":600,\"height\":338},{\"@type\":\"BreadcrumbList\",\"@id\":\"https:\\\/\\\/lospoliticosveracruz.com\\\/?p=50724#breadcrumb\",\"itemListElement\":[{\"@type\":\"ListItem\",\"position\":1,\"name\":\"Portada\",\"item\":\"https:\\\/\\\/lospoliticosveracruz.com\\\/\"},{\"@type\":\"ListItem\",\"position\":2,\"name\":\"Mayor preocupaci\u00f3n en otros pa\u00edses por la violencia en M\u00e9xico\"}]},{\"@type\":\"WebSite\",\"@id\":\"https:\\\/\\\/lospoliticosveracruz.com\\\/#website\",\"url\":\"https:\\\/\\\/lospoliticosveracruz.com\\\/\",\"name\":\"Los pol\u00edticos Veracruz\",\"description\":\"\",\"publisher\":{\"@id\":\"https:\\\/\\\/lospoliticosveracruz.com\\\/#organization\"},\"potentialAction\":[{\"@type\":\"SearchAction\",\"target\":{\"@type\":\"EntryPoint\",\"urlTemplate\":\"https:\\\/\\\/lospoliticosveracruz.com\\\/?s={search_term_string}\"},\"query-input\":{\"@type\":\"PropertyValueSpecification\",\"valueRequired\":true,\"valueName\":\"search_term_string\"}}],\"inLanguage\":\"es\"},{\"@type\":\"Organization\",\"@id\":\"https:\\\/\\\/lospoliticosveracruz.com\\\/#organization\",\"name\":\"Los pol\u00edticos Veracruz\",\"url\":\"https:\\\/\\\/lospoliticosveracruz.com\\\/\",\"logo\":{\"@type\":\"ImageObject\",\"inLanguage\":\"es\",\"@id\":\"https:\\\/\\\/lospoliticosveracruz.com\\\/#\\\/schema\\\/logo\\\/image\\\/\",\"url\":\"https:\\\/\\\/lospoliticosveracruz.com\\\/wp-content\\\/uploads\\\/2025\\\/12\\\/Logo-Nuevo-LOS-POLITICOS-1.jpg\",\"contentUrl\":\"https:\\\/\\\/lospoliticosveracruz.com\\\/wp-content\\\/uploads\\\/2025\\\/12\\\/Logo-Nuevo-LOS-POLITICOS-1.jpg\",\"width\":260,\"height\":70,\"caption\":\"Los pol\u00edticos Veracruz\"},\"image\":{\"@id\":\"https:\\\/\\\/lospoliticosveracruz.com\\\/#\\\/schema\\\/logo\\\/image\\\/\"},\"sameAs\":[\"https:\\\/\\\/www.facebook.com\\\/people\\\/Notimemes-de-los-Polticos\\\/61565672886568\\\/\",\"https:\\\/\\\/x.com\\\/LosPoliticosVer\"]},{\"@type\":\"Person\",\"@id\":\"https:\\\/\\\/lospoliticosveracruz.com\\\/#\\\/schema\\\/person\\\/b8702bb0e538456e6efd07080bf2a4a2\",\"name\":\"Lo viste en Los Pol\u00edticos\",\"image\":{\"@type\":\"ImageObject\",\"inLanguage\":\"es\",\"@id\":\"https:\\\/\\\/secure.gravatar.com\\\/avatar\\\/3a8de04a2656d44082be478bd6c086daa447c4651605818287b9532d3d0bd435?s=96&d=mm&r=g\",\"url\":\"https:\\\/\\\/secure.gravatar.com\\\/avatar\\\/3a8de04a2656d44082be478bd6c086daa447c4651605818287b9532d3d0bd435?s=96&d=mm&r=g\",\"contentUrl\":\"https:\\\/\\\/secure.gravatar.com\\\/avatar\\\/3a8de04a2656d44082be478bd6c086daa447c4651605818287b9532d3d0bd435?s=96&d=mm&r=g\",\"caption\":\"Lo viste en Los Pol\u00edticos\"},\"url\":\"https:\\\/\\\/lospoliticosveracruz.com\\\/?author=2\"}]}<\/script>\n<!-- \/ Yoast SEO plugin. -->","yoast_head_json":{"title":"Mayor preocupaci\u00f3n en otros pa\u00edses por la violencia en M\u00e9xico - Los pol\u00edticos Veracruz","robots":{"index":"index","follow":"follow","max-snippet":"max-snippet:-1","max-image-preview":"max-image-preview:large","max-video-preview":"max-video-preview:-1"},"canonical":"https:\/\/lospoliticosveracruz.com\/?p=50724","og_locale":"es_ES","og_type":"article","og_title":"Mayor preocupaci\u00f3n en otros pa\u00edses por la violencia en M\u00e9xico - Los pol\u00edticos Veracruz","og_description":"Ricardo V\u00e1zquez S. Esfera Pol\u00edtica\u00a0 Si Evo Morales, que ten\u00eda a las Fuerzas Armadas completamente de su lado, bastante y bien apapachadas en todos aspectos, comenzando por el econ\u00f3mico, canonj\u00edas diversas, abrazos y un sinf\u00edn de beneficios, a\u00fan con todo eso, los militares fueron factor decisivo al exigirle su renuncia como presidente de Bolivia. Ahora [&hellip;]","og_url":"https:\/\/lospoliticosveracruz.com\/?p=50724","og_site_name":"Los pol\u00edticos Veracruz","article_publisher":"https:\/\/www.facebook.com\/people\/Notimemes-de-los-Polticos\/61565672886568\/","article_published_time":"2019-11-11T14:29:46+00:00","og_image":[{"width":600,"height":338,"url":"https:\/\/lospoliticosveracruz.com\/wp-content\/uploads\/2019\/11\/Evo-Morales-AMLO.png","type":"image\/png"}],"author":"Lo viste en Los Pol\u00edticos","twitter_card":"summary_large_image","twitter_creator":"@LosPoliticosVer","twitter_site":"@LosPoliticosVer","twitter_misc":{"Escrito por":"Lo viste en Los Pol\u00edticos","Tiempo de lectura":"4 minutos"},"schema":{"@context":"https:\/\/schema.org","@graph":[{"@type":"Article","@id":"https:\/\/lospoliticosveracruz.com\/?p=50724#article","isPartOf":{"@id":"https:\/\/lospoliticosveracruz.com\/?p=50724"},"author":{"name":"Lo viste en Los Pol\u00edticos","@id":"https:\/\/lospoliticosveracruz.com\/#\/schema\/person\/b8702bb0e538456e6efd07080bf2a4a2"},"headline":"Mayor preocupaci\u00f3n en otros pa\u00edses por la violencia en M\u00e9xico","datePublished":"2019-11-11T14:29:46+00:00","mainEntityOfPage":{"@id":"https:\/\/lospoliticosveracruz.com\/?p=50724"},"wordCount":736,"commentCount":0,"publisher":{"@id":"https:\/\/lospoliticosveracruz.com\/#organization"},"image":{"@id":"https:\/\/lospoliticosveracruz.com\/?p=50724#primaryimage"},"thumbnailUrl":"https:\/\/lospoliticosveracruz.com\/wp-content\/uploads\/2019\/11\/Evo-Morales-AMLO.png","keywords":["Bolivia","Christopher Landau","Donald Trump","embajador de Estados Unidos","Evo Morales","fuerzas armadas","inseguridad","LeBar\u00f3n","M\u00e9xico","Ricardo V\u00e1zquez","Sonora"],"articleSection":["De Opini\u00f3n"],"inLanguage":"es","potentialAction":[{"@type":"CommentAction","name":"Comment","target":["https:\/\/lospoliticosveracruz.com\/?p=50724#respond"]}]},{"@type":"WebPage","@id":"https:\/\/lospoliticosveracruz.com\/?p=50724","url":"https:\/\/lospoliticosveracruz.com\/?p=50724","name":"Mayor preocupaci\u00f3n en otros pa\u00edses por la violencia en M\u00e9xico - Los pol\u00edticos Veracruz","isPartOf":{"@id":"https:\/\/lospoliticosveracruz.com\/#website"},"primaryImageOfPage":{"@id":"https:\/\/lospoliticosveracruz.com\/?p=50724#primaryimage"},"image":{"@id":"https:\/\/lospoliticosveracruz.com\/?p=50724#primaryimage"},"thumbnailUrl":"https:\/\/lospoliticosveracruz.com\/wp-content\/uploads\/2019\/11\/Evo-Morales-AMLO.png","datePublished":"2019-11-11T14:29:46+00:00","breadcrumb":{"@id":"https:\/\/lospoliticosveracruz.com\/?p=50724#breadcrumb"},"inLanguage":"es","potentialAction":[{"@type":"ReadAction","target":["https:\/\/lospoliticosveracruz.com\/?p=50724"]}]},{"@type":"ImageObject","inLanguage":"es","@id":"https:\/\/lospoliticosveracruz.com\/?p=50724#primaryimage","url":"https:\/\/lospoliticosveracruz.com\/wp-content\/uploads\/2019\/11\/Evo-Morales-AMLO.png","contentUrl":"https:\/\/lospoliticosveracruz.com\/wp-content\/uploads\/2019\/11\/Evo-Morales-AMLO.png","width":600,"height":338},{"@type":"BreadcrumbList","@id":"https:\/\/lospoliticosveracruz.com\/?p=50724#breadcrumb","itemListElement":[{"@type":"ListItem","position":1,"name":"Portada","item":"https:\/\/lospoliticosveracruz.com\/"},{"@type":"ListItem","position":2,"name":"Mayor preocupaci\u00f3n en otros pa\u00edses por la violencia en M\u00e9xico"}]},{"@type":"WebSite","@id":"https:\/\/lospoliticosveracruz.com\/#website","url":"https:\/\/lospoliticosveracruz.com\/","name":"Los pol\u00edticos Veracruz","description":"","publisher":{"@id":"https:\/\/lospoliticosveracruz.com\/#organization"},"potentialAction":[{"@type":"SearchAction","target":{"@type":"EntryPoint","urlTemplate":"https:\/\/lospoliticosveracruz.com\/?s={search_term_string}"},"query-input":{"@type":"PropertyValueSpecification","valueRequired":true,"valueName":"search_term_string"}}],"inLanguage":"es"},{"@type":"Organization","@id":"https:\/\/lospoliticosveracruz.com\/#organization","name":"Los pol\u00edticos Veracruz","url":"https:\/\/lospoliticosveracruz.com\/","logo":{"@type":"ImageObject","inLanguage":"es","@id":"https:\/\/lospoliticosveracruz.com\/#\/schema\/logo\/image\/","url":"https:\/\/lospoliticosveracruz.com\/wp-content\/uploads\/2025\/12\/Logo-Nuevo-LOS-POLITICOS-1.jpg","contentUrl":"https:\/\/lospoliticosveracruz.com\/wp-content\/uploads\/2025\/12\/Logo-Nuevo-LOS-POLITICOS-1.jpg","width":260,"height":70,"caption":"Los pol\u00edticos Veracruz"},"image":{"@id":"https:\/\/lospoliticosveracruz.com\/#\/schema\/logo\/image\/"},"sameAs":["https:\/\/www.facebook.com\/people\/Notimemes-de-los-Polticos\/61565672886568\/","https:\/\/x.com\/LosPoliticosVer"]},{"@type":"Person","@id":"https:\/\/lospoliticosveracruz.com\/#\/schema\/person\/b8702bb0e538456e6efd07080bf2a4a2","name":"Lo viste en Los Pol\u00edticos","image":{"@type":"ImageObject","inLanguage":"es","@id":"https:\/\/secure.gravatar.com\/avatar\/3a8de04a2656d44082be478bd6c086daa447c4651605818287b9532d3d0bd435?s=96&d=mm&r=g","url":"https:\/\/secure.gravatar.com\/avatar\/3a8de04a2656d44082be478bd6c086daa447c4651605818287b9532d3d0bd435?s=96&d=mm&r=g","contentUrl":"https:\/\/secure.gravatar.com\/avatar\/3a8de04a2656d44082be478bd6c086daa447c4651605818287b9532d3d0bd435?s=96&d=mm&r=g","caption":"Lo viste en Los Pol\u00edticos"},"url":"https:\/\/lospoliticosveracruz.com\/?author=2"}]}},"_links":{"self":[{"href":"https:\/\/lospoliticosveracruz.com\/index.php?rest_route=\/wp\/v2\/posts\/50724","targetHints":{"allow":["GET"]}}],"collection":[{"href":"https:\/\/lospoliticosveracruz.com\/index.php?rest_route=\/wp\/v2\/posts"}],"about":[{"href":"https:\/\/lospoliticosveracruz.com\/index.php?rest_route=\/wp\/v2\/types\/post"}],"author":[{"embeddable":true,"href":"https:\/\/lospoliticosveracruz.com\/index.php?rest_route=\/wp\/v2\/users\/2"}],"replies":[{"embeddable":true,"href":"https:\/\/lospoliticosveracruz.com\/index.php?rest_route=%2Fwp%2Fv2%2Fcomments&post=50724"}],"version-history":[{"count":1,"href":"https:\/\/lospoliticosveracruz.com\/index.php?rest_route=\/wp\/v2\/posts\/50724\/revisions"}],"predecessor-version":[{"id":50726,"href":"https:\/\/lospoliticosveracruz.com\/index.php?rest_route=\/wp\/v2\/posts\/50724\/revisions\/50726"}],"wp:featuredmedia":[{"embeddable":true,"href":"https:\/\/lospoliticosveracruz.com\/index.php?rest_route=\/wp\/v2\/media\/50725"}],"wp:attachment":[{"href":"https:\/\/lospoliticosveracruz.com\/index.php?rest_route=%2Fwp%2Fv2%2Fmedia&parent=50724"}],"wp:term":[{"taxonomy":"category","embeddable":true,"href":"https:\/\/lospoliticosveracruz.com\/index.php?rest_route=%2Fwp%2Fv2%2Fcategories&post=50724"},{"taxonomy":"post_tag","embeddable":true,"href":"https:\/\/lospoliticosveracruz.com\/index.php?rest_route=%2Fwp%2Fv2%2Ftags&post=50724"}],"curies":[{"name":"wp","href":"https:\/\/api.w.org\/{rel}","templated":true}]}}