{"id":50775,"date":"2019-11-13T10:20:13","date_gmt":"2019-11-13T16:20:13","guid":{"rendered":"http:\/\/www.lospoliticosveracruz.com.mx\/?p=50775"},"modified":"2019-11-13T10:20:13","modified_gmt":"2019-11-13T16:20:13","slug":"el-beneficiado","status":"publish","type":"post","link":"https:\/\/lospoliticosveracruz.com\/?p=50775","title":{"rendered":"El beneficiado"},"content":{"rendered":"<p><strong>Ricardo Ch\u00faa<\/strong><\/p>\n<p><em>Sale y Vale<\/em><\/p>\n<p>EL LEGADO&#8230; Mucho se habl\u00f3 del crimen de Juan Carlos Molina Palacios, el pasado s\u00e1bado&#8230; Situaci\u00f3n aberrante y lamentable que las autoridades de la Fiscal\u00eca de Veracruz tendr\u00e1n que resolver en su momento&#8230; Que por lo visto no ha sido nada f\u00e1cil&#8230; Pero en otros temas, pese a la desgracia de su desaparici\u00f3n f\u00edsica&#8230; Hay que saber qui\u00e9n se quedar\u00e1 con el LEGADO POL\u00cdTICO en el sector ca\u00f1ero y CNC&#8230; Organismo campesino que ya pensaba dejar&#8230; \u00bfQui\u00e9n ser\u00e1 el personaje que tendr\u00e1 que seguir con esa labor?&#8230;<\/p>\n<p>En las \u00abgrillas\u00bb pol\u00edticas que se han manejado sobre esta central campesina, despu\u00e9s de su asesinato, se dice que el sucesor de Molina Palacios puede venir de la propia Cuenca del Papalaopan para respetar al grupo pol\u00edtico que \u00e9l representaba&#8230; Adem\u00e1s con la gente que tenia sus tratos como gobierno y clase pol\u00edtica&#8230; Muchos alcaldes de la zona le deben su triunfo al trabajo de Molina en la zona&#8230; Por ah\u00ed puede surgir uno de los que puedan continuar con su legado en CNC&#8230; Pero aun est\u00e1n de duelo&#8230; Hay que darle tiempo&#8230;<\/p>\n<p>Molina era un personaje listo que supo \u00abcolarse\u00bb en el priismo veracruzano&#8230; Hay que recordar que la CNC es el \u00abbrazo rural\u00bb del PRI&#8230; Y, tan fuerte era el cuenque\u00f1o&#8230; Que su sobrino, Mauricio Carl\u00ecn, ex alcalde de Carlos A Carillo, la tierra de Molina, tiene la cartera de la Secretaria de Acci\u00f3n Pol\u00edtica del comit\u00e9 estatal priista.. Para nadie es un secreto que Carl\u00edn fue impulsado por el grupo pol\u00edtico de la CNC&#8230; Es una posici\u00f3n dentro del partido.. Desde ah\u00ed se operaba parte de la estructura rural&#8230; Hay que esperar para saber que sucede&#8230;<\/p>\n<p>\u00bfEL BENEFICIADO?&#8230; Como siempre sucede cuando a un grupo pol\u00edtico le falta su \u00abl\u00edder\u00bb, por la raz\u00f3n que sea, en su ciudad, distrito, agrupaci\u00f3n o partido pol\u00edtico.. Las especulaciones comienzan a las horas de su desaparici\u00f3n f\u00edsica&#8230; Ya que uno de los temas que se est\u00e1 \u00abgrillando\u00bb por los pol\u00edticos de todos los partidos de Veracruz&#8230; Es, de qui\u00e9n tomar\u00e1 ahora le mando del distrito de Cosamaloapan, que bien lo ten\u00eda bajo su \u00abmanga\u00bb el malogrado priista&#8230; Sobre todo porque el 2021 est\u00e1 a la vuelta de la esquina&#8230;<\/p>\n<p>Desde hac\u00eda varios meses se ven\u00eda diciendo que Molina Palacios pudo haber querido participar en el proceso electoral del 2021 para buscar ser diputado federal por ese distrito&#8230; Obvio por el PRI y si se pod\u00eda en alianza con el PAN&#8230; Enfrentando al candidato de MORENA que mucho se dijo tambi\u00e9n que el aspirante podr\u00eda ser el secretario de Gobierno de Veracruz, Eric Cisneros Burgos&#8230; Quiz\u00e1s por ello las diferencias pol\u00edticas marcadas de ambos&#8230; Pero este s\u00e1bado las circunstancias cambiaron&#8230;<\/p>\n<p>Ya que despu\u00e9s del fallecimiento violento de Molina Palacio&#8230; Otro de los perjudicados pol\u00edticos por ese deceso fue Cisneros Burgos&#8230; Que si ten\u00eda la idea de lanzarse, ahora, ser\u00eda impresentable como candidato&#8230; Ya que la memoria pol\u00edtica de los habitantes de la zona, sera que se \u00abaprovecho\u00bb de la muerte del diputado local para \u00ablucrar\u00bb con sus aspiraciones pol\u00edticas.. Por ello, se\u00f1alan que el principal beneficiado de estas circunstancias, es nada menos, que el \u00abcachorro fiel\u00bb: Javier Herrera Borunda&#8230;<\/p>\n<p>El motivo es sencillo de explicarlo&#8230; A Javier Herrera lo que le sucedi\u00f3 a Molina Palacios, es un hecho que no tiene culpa y que lo rebasa como pol\u00edtico&#8230; Una desgracia, cierto, pero en pol\u00edtica, espacio que se deja vac\u00edo, viene otro y lo ocupa&#8230; Y como Eric Cisneros era su enemigo pol\u00edtico \u00abcantado\u00bb, pues, el mismo partido no podr\u00eda postularlo porque sus contrincantes en esa contienda podr\u00edan ocupar el \u00abvoto de la compasi\u00f3n\u00bb a favor de ellos y en contra del alto funcionario estatal&#8230; Es de l\u00f3gica simple&#8230;<\/p>\n<p>Adem\u00e1s hay que hacer un poco de memoria pol\u00edtica&#8230;. Y hay que recordar que en la Cuenca del Papalaopan, el personaje que ten\u00eda el control del distrito, desde el 2004 era el ex gobernador, Fidel Herrera Beltr\u00e1n&#8230; Y las cosas no cambiaron, hasta el 2011, que Javier Duarte cuando tom\u00f3 el poder quiso \u00abalejarse\u00bb del legado del \u00abT\u00edo Fide\u00bb y en ese distrito fue que promovi\u00f3 y apoy\u00f3 a Molina con todo&#8230; Al paso de los a\u00f1os, Juan Carlos tom\u00f3 el control, tan es as\u00ed que en 2015, hizo ganar en su momento a Tarek Abdala&#8230;<\/p>\n<p>Pero Molina siempre respeto a todos aquellos actores pol\u00edticos cuenque\u00f1os que fueron \u00abfidelistas\u00bb y que en 2018 le dieron la \u00abespalda\u00bb a \u00e8l y Pepe Yunes para irse con MORENA&#8230; As\u00ed que debido a ese cuidado que el ca\u00f1ero tuvo con el ex gobernador, por ello es que Fidel Herrera es el pol\u00edtico m\u00e1s querido de la Cuenca del Papaloapan, despu\u00e9s de Juan Carlos Molina&#8230;. Por esa raz\u00f3n, es que su hijo, Javier Herrera es quien puede ser impulsado en la regi\u00f3n para buscar la diputaci\u00f3n federal&#8230;<\/p>\n<p>S\u00f3lo hay que recordar que en las \u00faltimos meses&#8230; Despu\u00e9s de mayo&#8230; Se ha manejado una posible alianza electoral para los procesos del 2021 entre MORENA y el PVEM&#8230; Si est\u00e1 se llega a dar, sin Molina en medio de una contienda&#8230; \u00bfQui\u00e9n le podr\u00eda impedir al hijo del ex gobernador priista ir por las siglas del -Verde- para buscar la diputaci\u00f3n federal por el distrito?&#8230; \u00bfQui\u00e9n le puede decir NO?&#8230; Ya que Javier \u00abvender\u00eda\u00bb mejor imagen como candidato que el propio Cisneros Burgos&#8230; Ah\u00ed puede estar el \u00abBENEFICIADO\u00bb&#8230;<\/p>\n<p>Y si nos regresamos al 2015&#8230; Hay que recordar que Javier Herrera estuvo \u00abcoqueteando\u00bb esta posibilidad contra Tarek&#8230; Hasta hizo una caminata en caballo en Nopaltepec, el pueblo de su pap\u00e1, en una acci\u00f3n que no estaba consensuada con Duarte, que puso a temblar a Tarek y que este oper\u00f3 medi\u00e1ticamente para atacar al hijo de la \u00abFidelidad\u00bb&#8230; Al final, todo se negoci\u00f3 y Tarek fue candidato y diputado&#8230; Javier tambi\u00e9n fue \u00abpluri\u00bb por el PVEM en el grupo ligado al senador, Manuel Velasco&#8230; El verdadero \u00abcacique\u00bb del PVEM&#8230;<\/p>\n<p>PD&#8230; No hay que pensarle mucho&#8230; Si hay una alianza del PVEM-MORENA para el 2021&#8230; Puede ser una posibilidad que Herrera Borunda sea el \u00abbeneficiado\u00bb&#8230; Y sin la presencia pol\u00edtica de Juan Carlos Molina, el hijo del ex gobernante tienen posibilidades de ganar&#8230; Al menos que en MORENA no lo dejen (cosa que se ve dif\u00edcil, qui\u00e9n le dir\u00e1 NO a Fidel Herrera) e impongan a otro candidato&#8230; De otra manera, s\u00f3lo que alguien tome la bandera de Molina por el PRI y lo impida&#8230; Al menos, eso, ahora, es lo que la gente cuenta&#8230;<\/p>\n","protected":false},"excerpt":{"rendered":"<p>Ricardo Ch\u00faa Sale y Vale EL LEGADO&#8230; Mucho se habl\u00f3 del crimen de Juan Carlos Molina Palacios, el pasado s\u00e1bado&#8230; Situaci\u00f3n aberrante y lamentable que las autoridades de la Fiscal\u00eca de Veracruz tendr\u00e1n que resolver en su momento&#8230; Que por lo visto no ha sido nada f\u00e1cil&#8230; Pero en otros temas, pese a la desgracia [&hellip;]<\/p>\n","protected":false},"author":2,"featured_media":0,"comment_status":"open","ping_status":"open","sticky":false,"template":"","format":"standard","meta":{"tdm_status":"","tdm_grid_status":"","footnotes":""},"categories":[70],"tags":[14555,3118,12299,13379,1124,3256,5174,13604],"class_list":{"0":"post-50775","1":"post","2":"type-post","3":"status-publish","4":"format-standard","6":"category-de-opinion","7":"tag-carlos-a-carillo","8":"tag-cnc","9":"tag-eric-cisneros-burgos","10":"tag-fiscalia-de-veracruz","11":"tag-javier-herrera-borunda","12":"tag-juan-carlos-molina-palacios","13":"tag-mauricio-carlin-castillo","14":"tag-ricardo-chua"},"yoast_head":"<!-- This site is optimized with the Yoast SEO plugin v27.4 - https:\/\/yoast.com\/product\/yoast-seo-wordpress\/ -->\n<title>El beneficiado - Los pol\u00edticos Veracruz<\/title>\n<meta name=\"robots\" content=\"index, follow, max-snippet:-1, max-image-preview:large, max-video-preview:-1\" \/>\n<link rel=\"canonical\" href=\"https:\/\/lospoliticosveracruz.com\/?p=50775\" \/>\n<meta property=\"og:locale\" content=\"es_ES\" \/>\n<meta property=\"og:type\" content=\"article\" \/>\n<meta property=\"og:title\" content=\"El beneficiado - Los pol\u00edticos Veracruz\" \/>\n<meta property=\"og:description\" content=\"Ricardo Ch\u00faa Sale y Vale EL LEGADO&#8230; Mucho se habl\u00f3 del crimen de Juan Carlos Molina Palacios, el pasado s\u00e1bado&#8230; Situaci\u00f3n aberrante y lamentable que las autoridades de la Fiscal\u00eca de Veracruz tendr\u00e1n que resolver en su momento&#8230; Que por lo visto no ha sido nada f\u00e1cil&#8230; Pero en otros temas, pese a la desgracia [&hellip;]\" \/>\n<meta property=\"og:url\" content=\"https:\/\/lospoliticosveracruz.com\/?p=50775\" \/>\n<meta property=\"og:site_name\" content=\"Los pol\u00edticos Veracruz\" \/>\n<meta property=\"article:publisher\" content=\"https:\/\/www.facebook.com\/people\/Notimemes-de-los-Polticos\/61565672886568\/\" \/>\n<meta property=\"article:published_time\" content=\"2019-11-13T16:20:13+00:00\" \/>\n<meta property=\"og:image\" content=\"https:\/\/lospoliticosveracruz.com\/wp-content\/uploads\/2016\/07\/Logo-Dor.jpg\" \/>\n\t<meta property=\"og:image:width\" content=\"200\" \/>\n\t<meta property=\"og:image:height\" content=\"200\" \/>\n\t<meta property=\"og:image:type\" content=\"image\/jpeg\" \/>\n<meta name=\"author\" content=\"Lo viste en Los Pol\u00edticos\" \/>\n<meta name=\"twitter:card\" content=\"summary_large_image\" \/>\n<meta name=\"twitter:creator\" content=\"@LosPoliticosVer\" \/>\n<meta name=\"twitter:site\" content=\"@LosPoliticosVer\" \/>\n<meta name=\"twitter:label1\" content=\"Escrito por\" \/>\n\t<meta name=\"twitter:data1\" content=\"Lo viste en Los Pol\u00edticos\" \/>\n\t<meta name=\"twitter:label2\" content=\"Tiempo de lectura\" \/>\n\t<meta name=\"twitter:data2\" content=\"6 minutos\" \/>\n<script type=\"application\/ld+json\" class=\"yoast-schema-graph\">{\"@context\":\"https:\\\/\\\/schema.org\",\"@graph\":[{\"@type\":\"Article\",\"@id\":\"https:\\\/\\\/lospoliticosveracruz.com\\\/?p=50775#article\",\"isPartOf\":{\"@id\":\"https:\\\/\\\/lospoliticosveracruz.com\\\/?p=50775\"},\"author\":{\"name\":\"Lo viste en Los Pol\u00edticos\",\"@id\":\"https:\\\/\\\/lospoliticosveracruz.com\\\/#\\\/schema\\\/person\\\/b8702bb0e538456e6efd07080bf2a4a2\"},\"headline\":\"El beneficiado\",\"datePublished\":\"2019-11-13T16:20:13+00:00\",\"mainEntityOfPage\":{\"@id\":\"https:\\\/\\\/lospoliticosveracruz.com\\\/?p=50775\"},\"wordCount\":1154,\"commentCount\":0,\"publisher\":{\"@id\":\"https:\\\/\\\/lospoliticosveracruz.com\\\/#organization\"},\"keywords\":[\"Carlos A. Carillo\",\"CNC\",\"Eric Cisneros Burgos\",\"Fiscal\u00eda de Veracruz\",\"Javier Herrera Borunda\",\"Juan Carlos Molina Palacios\",\"Mauricio Carl\u00edn Castillo\",\"Ricardo Ch\u00faa\"],\"articleSection\":[\"De Opini\u00f3n\"],\"inLanguage\":\"es\",\"potentialAction\":[{\"@type\":\"CommentAction\",\"name\":\"Comment\",\"target\":[\"https:\\\/\\\/lospoliticosveracruz.com\\\/?p=50775#respond\"]}]},{\"@type\":\"WebPage\",\"@id\":\"https:\\\/\\\/lospoliticosveracruz.com\\\/?p=50775\",\"url\":\"https:\\\/\\\/lospoliticosveracruz.com\\\/?p=50775\",\"name\":\"El beneficiado - Los pol\u00edticos Veracruz\",\"isPartOf\":{\"@id\":\"https:\\\/\\\/lospoliticosveracruz.com\\\/#website\"},\"datePublished\":\"2019-11-13T16:20:13+00:00\",\"breadcrumb\":{\"@id\":\"https:\\\/\\\/lospoliticosveracruz.com\\\/?p=50775#breadcrumb\"},\"inLanguage\":\"es\",\"potentialAction\":[{\"@type\":\"ReadAction\",\"target\":[\"https:\\\/\\\/lospoliticosveracruz.com\\\/?p=50775\"]}]},{\"@type\":\"BreadcrumbList\",\"@id\":\"https:\\\/\\\/lospoliticosveracruz.com\\\/?p=50775#breadcrumb\",\"itemListElement\":[{\"@type\":\"ListItem\",\"position\":1,\"name\":\"Portada\",\"item\":\"https:\\\/\\\/lospoliticosveracruz.com\\\/\"},{\"@type\":\"ListItem\",\"position\":2,\"name\":\"El beneficiado\"}]},{\"@type\":\"WebSite\",\"@id\":\"https:\\\/\\\/lospoliticosveracruz.com\\\/#website\",\"url\":\"https:\\\/\\\/lospoliticosveracruz.com\\\/\",\"name\":\"Los pol\u00edticos Veracruz\",\"description\":\"\",\"publisher\":{\"@id\":\"https:\\\/\\\/lospoliticosveracruz.com\\\/#organization\"},\"potentialAction\":[{\"@type\":\"SearchAction\",\"target\":{\"@type\":\"EntryPoint\",\"urlTemplate\":\"https:\\\/\\\/lospoliticosveracruz.com\\\/?s={search_term_string}\"},\"query-input\":{\"@type\":\"PropertyValueSpecification\",\"valueRequired\":true,\"valueName\":\"search_term_string\"}}],\"inLanguage\":\"es\"},{\"@type\":\"Organization\",\"@id\":\"https:\\\/\\\/lospoliticosveracruz.com\\\/#organization\",\"name\":\"Los pol\u00edticos Veracruz\",\"url\":\"https:\\\/\\\/lospoliticosveracruz.com\\\/\",\"logo\":{\"@type\":\"ImageObject\",\"inLanguage\":\"es\",\"@id\":\"https:\\\/\\\/lospoliticosveracruz.com\\\/#\\\/schema\\\/logo\\\/image\\\/\",\"url\":\"https:\\\/\\\/lospoliticosveracruz.com\\\/wp-content\\\/uploads\\\/2025\\\/12\\\/Logo-Nuevo-LOS-POLITICOS-1.jpg\",\"contentUrl\":\"https:\\\/\\\/lospoliticosveracruz.com\\\/wp-content\\\/uploads\\\/2025\\\/12\\\/Logo-Nuevo-LOS-POLITICOS-1.jpg\",\"width\":260,\"height\":70,\"caption\":\"Los pol\u00edticos Veracruz\"},\"image\":{\"@id\":\"https:\\\/\\\/lospoliticosveracruz.com\\\/#\\\/schema\\\/logo\\\/image\\\/\"},\"sameAs\":[\"https:\\\/\\\/www.facebook.com\\\/people\\\/Notimemes-de-los-Polticos\\\/61565672886568\\\/\",\"https:\\\/\\\/x.com\\\/LosPoliticosVer\"]},{\"@type\":\"Person\",\"@id\":\"https:\\\/\\\/lospoliticosveracruz.com\\\/#\\\/schema\\\/person\\\/b8702bb0e538456e6efd07080bf2a4a2\",\"name\":\"Lo viste en Los Pol\u00edticos\",\"image\":{\"@type\":\"ImageObject\",\"inLanguage\":\"es\",\"@id\":\"https:\\\/\\\/secure.gravatar.com\\\/avatar\\\/3a8de04a2656d44082be478bd6c086daa447c4651605818287b9532d3d0bd435?s=96&d=mm&r=g\",\"url\":\"https:\\\/\\\/secure.gravatar.com\\\/avatar\\\/3a8de04a2656d44082be478bd6c086daa447c4651605818287b9532d3d0bd435?s=96&d=mm&r=g\",\"contentUrl\":\"https:\\\/\\\/secure.gravatar.com\\\/avatar\\\/3a8de04a2656d44082be478bd6c086daa447c4651605818287b9532d3d0bd435?s=96&d=mm&r=g\",\"caption\":\"Lo viste en Los Pol\u00edticos\"},\"url\":\"https:\\\/\\\/lospoliticosveracruz.com\\\/?author=2\"}]}<\/script>\n<!-- \/ Yoast SEO plugin. -->","yoast_head_json":{"title":"El beneficiado - Los pol\u00edticos Veracruz","robots":{"index":"index","follow":"follow","max-snippet":"max-snippet:-1","max-image-preview":"max-image-preview:large","max-video-preview":"max-video-preview:-1"},"canonical":"https:\/\/lospoliticosveracruz.com\/?p=50775","og_locale":"es_ES","og_type":"article","og_title":"El beneficiado - Los pol\u00edticos Veracruz","og_description":"Ricardo Ch\u00faa Sale y Vale EL LEGADO&#8230; Mucho se habl\u00f3 del crimen de Juan Carlos Molina Palacios, el pasado s\u00e1bado&#8230; Situaci\u00f3n aberrante y lamentable que las autoridades de la Fiscal\u00eca de Veracruz tendr\u00e1n que resolver en su momento&#8230; Que por lo visto no ha sido nada f\u00e1cil&#8230; Pero en otros temas, pese a la desgracia [&hellip;]","og_url":"https:\/\/lospoliticosveracruz.com\/?p=50775","og_site_name":"Los pol\u00edticos Veracruz","article_publisher":"https:\/\/www.facebook.com\/people\/Notimemes-de-los-Polticos\/61565672886568\/","article_published_time":"2019-11-13T16:20:13+00:00","og_image":[{"width":200,"height":200,"url":"https:\/\/lospoliticosveracruz.com\/wp-content\/uploads\/2016\/07\/Logo-Dor.jpg","type":"image\/jpeg"}],"author":"Lo viste en Los Pol\u00edticos","twitter_card":"summary_large_image","twitter_creator":"@LosPoliticosVer","twitter_site":"@LosPoliticosVer","twitter_misc":{"Escrito por":"Lo viste en Los Pol\u00edticos","Tiempo de lectura":"6 minutos"},"schema":{"@context":"https:\/\/schema.org","@graph":[{"@type":"Article","@id":"https:\/\/lospoliticosveracruz.com\/?p=50775#article","isPartOf":{"@id":"https:\/\/lospoliticosveracruz.com\/?p=50775"},"author":{"name":"Lo viste en Los Pol\u00edticos","@id":"https:\/\/lospoliticosveracruz.com\/#\/schema\/person\/b8702bb0e538456e6efd07080bf2a4a2"},"headline":"El beneficiado","datePublished":"2019-11-13T16:20:13+00:00","mainEntityOfPage":{"@id":"https:\/\/lospoliticosveracruz.com\/?p=50775"},"wordCount":1154,"commentCount":0,"publisher":{"@id":"https:\/\/lospoliticosveracruz.com\/#organization"},"keywords":["Carlos A. Carillo","CNC","Eric Cisneros Burgos","Fiscal\u00eda de Veracruz","Javier Herrera Borunda","Juan Carlos Molina Palacios","Mauricio Carl\u00edn Castillo","Ricardo Ch\u00faa"],"articleSection":["De Opini\u00f3n"],"inLanguage":"es","potentialAction":[{"@type":"CommentAction","name":"Comment","target":["https:\/\/lospoliticosveracruz.com\/?p=50775#respond"]}]},{"@type":"WebPage","@id":"https:\/\/lospoliticosveracruz.com\/?p=50775","url":"https:\/\/lospoliticosveracruz.com\/?p=50775","name":"El beneficiado - Los pol\u00edticos Veracruz","isPartOf":{"@id":"https:\/\/lospoliticosveracruz.com\/#website"},"datePublished":"2019-11-13T16:20:13+00:00","breadcrumb":{"@id":"https:\/\/lospoliticosveracruz.com\/?p=50775#breadcrumb"},"inLanguage":"es","potentialAction":[{"@type":"ReadAction","target":["https:\/\/lospoliticosveracruz.com\/?p=50775"]}]},{"@type":"BreadcrumbList","@id":"https:\/\/lospoliticosveracruz.com\/?p=50775#breadcrumb","itemListElement":[{"@type":"ListItem","position":1,"name":"Portada","item":"https:\/\/lospoliticosveracruz.com\/"},{"@type":"ListItem","position":2,"name":"El beneficiado"}]},{"@type":"WebSite","@id":"https:\/\/lospoliticosveracruz.com\/#website","url":"https:\/\/lospoliticosveracruz.com\/","name":"Los pol\u00edticos Veracruz","description":"","publisher":{"@id":"https:\/\/lospoliticosveracruz.com\/#organization"},"potentialAction":[{"@type":"SearchAction","target":{"@type":"EntryPoint","urlTemplate":"https:\/\/lospoliticosveracruz.com\/?s={search_term_string}"},"query-input":{"@type":"PropertyValueSpecification","valueRequired":true,"valueName":"search_term_string"}}],"inLanguage":"es"},{"@type":"Organization","@id":"https:\/\/lospoliticosveracruz.com\/#organization","name":"Los pol\u00edticos Veracruz","url":"https:\/\/lospoliticosveracruz.com\/","logo":{"@type":"ImageObject","inLanguage":"es","@id":"https:\/\/lospoliticosveracruz.com\/#\/schema\/logo\/image\/","url":"https:\/\/lospoliticosveracruz.com\/wp-content\/uploads\/2025\/12\/Logo-Nuevo-LOS-POLITICOS-1.jpg","contentUrl":"https:\/\/lospoliticosveracruz.com\/wp-content\/uploads\/2025\/12\/Logo-Nuevo-LOS-POLITICOS-1.jpg","width":260,"height":70,"caption":"Los pol\u00edticos Veracruz"},"image":{"@id":"https:\/\/lospoliticosveracruz.com\/#\/schema\/logo\/image\/"},"sameAs":["https:\/\/www.facebook.com\/people\/Notimemes-de-los-Polticos\/61565672886568\/","https:\/\/x.com\/LosPoliticosVer"]},{"@type":"Person","@id":"https:\/\/lospoliticosveracruz.com\/#\/schema\/person\/b8702bb0e538456e6efd07080bf2a4a2","name":"Lo viste en Los Pol\u00edticos","image":{"@type":"ImageObject","inLanguage":"es","@id":"https:\/\/secure.gravatar.com\/avatar\/3a8de04a2656d44082be478bd6c086daa447c4651605818287b9532d3d0bd435?s=96&d=mm&r=g","url":"https:\/\/secure.gravatar.com\/avatar\/3a8de04a2656d44082be478bd6c086daa447c4651605818287b9532d3d0bd435?s=96&d=mm&r=g","contentUrl":"https:\/\/secure.gravatar.com\/avatar\/3a8de04a2656d44082be478bd6c086daa447c4651605818287b9532d3d0bd435?s=96&d=mm&r=g","caption":"Lo viste en Los Pol\u00edticos"},"url":"https:\/\/lospoliticosveracruz.com\/?author=2"}]}},"_links":{"self":[{"href":"https:\/\/lospoliticosveracruz.com\/index.php?rest_route=\/wp\/v2\/posts\/50775","targetHints":{"allow":["GET"]}}],"collection":[{"href":"https:\/\/lospoliticosveracruz.com\/index.php?rest_route=\/wp\/v2\/posts"}],"about":[{"href":"https:\/\/lospoliticosveracruz.com\/index.php?rest_route=\/wp\/v2\/types\/post"}],"author":[{"embeddable":true,"href":"https:\/\/lospoliticosveracruz.com\/index.php?rest_route=\/wp\/v2\/users\/2"}],"replies":[{"embeddable":true,"href":"https:\/\/lospoliticosveracruz.com\/index.php?rest_route=%2Fwp%2Fv2%2Fcomments&post=50775"}],"version-history":[{"count":1,"href":"https:\/\/lospoliticosveracruz.com\/index.php?rest_route=\/wp\/v2\/posts\/50775\/revisions"}],"predecessor-version":[{"id":50776,"href":"https:\/\/lospoliticosveracruz.com\/index.php?rest_route=\/wp\/v2\/posts\/50775\/revisions\/50776"}],"wp:attachment":[{"href":"https:\/\/lospoliticosveracruz.com\/index.php?rest_route=%2Fwp%2Fv2%2Fmedia&parent=50775"}],"wp:term":[{"taxonomy":"category","embeddable":true,"href":"https:\/\/lospoliticosveracruz.com\/index.php?rest_route=%2Fwp%2Fv2%2Fcategories&post=50775"},{"taxonomy":"post_tag","embeddable":true,"href":"https:\/\/lospoliticosveracruz.com\/index.php?rest_route=%2Fwp%2Fv2%2Ftags&post=50775"}],"curies":[{"name":"wp","href":"https:\/\/api.w.org\/{rel}","templated":true}]}}