{"id":50800,"date":"2019-11-14T12:26:49","date_gmt":"2019-11-14T18:26:49","guid":{"rendered":"http:\/\/www.lospoliticosveracruz.com.mx\/?p=50800"},"modified":"2019-11-14T12:26:49","modified_gmt":"2019-11-14T18:26:49","slug":"que-pena-rosario","status":"publish","type":"post","link":"https:\/\/lospoliticosveracruz.com\/?p=50800","title":{"rendered":"Qu\u00e9 pena, Rosario"},"content":{"rendered":"<p class=\"s3\"><b>Sergio Gonz\u00e1lez Levet<\/b><\/p>\n<p class=\"s3\"><i>Sin tacto<\/i><\/p>\n<p class=\"s3\"><span class=\"s6\"><span class=\"bumpedFont15\">No sabes, Rosario, que l\u00e1stima me dio verte ah\u00ed entre el c\u00edrculo de espaldas y brazos armado por los senadores morenistas para que no pudieran acercarse a ti sus hom\u00f3logos del PAN, que intentaban desesperadamente evitar que tomaras posesi\u00f3n<\/span><\/span><span class=\"s6\"><span class=\"bumpedFont15\">,<\/span><\/span><span class=\"s6\"><span class=\"bumpedFont15\">despu\u00e9s de fuiste seleccionada de manera tan oscura, tan injusta, tan cont<\/span><\/span><span class=\"s6\"><span class=\"bumpedFont15\">ra<\/span><\/span><span class=\"s6\"><span class=\"bumpedFont15\"> la ley.<\/span><\/span><\/p>\n<p class=\"s3\">\u200b<span class=\"s6\"><span class=\"bumpedFont15\">Y me dio<\/span><\/span><span class=\"s6\"><span class=\"bumpedFont15\"> pena ajena y propia porque tengo presente la figura de tu madre, do\u00f1a Rosario Ibarra de Piedra, mutilada en el coraz\u00f3n y el alma all\u00e1 en los a\u00f1os 70 del siglo pasado porque le desaparecieron a su hijo, a tu hermano<\/span><\/span><span class=\"s6\"><span class=\"bumpedFont15\"> Jes\u00fas<\/span><\/span><span class=\"s6\"><span class=\"bumpedFont15\">, cuya foto <\/span><\/span><span class=\"s6\"><span class=\"bumpedFont15\">de joven eterno <\/span><\/span><span class=\"s6\"><span class=\"bumpedFont15\">mostrabas entre el jaloneo de los senadores y la toma de posesi\u00f3n, no s\u00e9 para qu\u00e9.<\/span><\/span><\/p>\n<p class=\"s3\">\u200b<span class=\"s6\"><span class=\"bumpedFont15\">Yo no s\u00e9 qu\u00e9 piense esa mujer extraordinaria de esa aceptaci\u00f3n que no te honra; no s\u00e9 qu\u00e9 pienses t\u00fa misma all\u00e1 en lo profundo de tu ser, en donde bulle el recuerdo de tu hermano que sacrific\u00f3 su vida por sus ideales y en donde no caben las ambiciones personales.<\/span><\/span><\/p>\n<p class=\"s3\">\u200b<span class=\"s6\"><span class=\"bumpedFont15\">No me gust\u00f3 nada<\/span><\/span> <span class=\"s6\"><span class=\"bumpedFont15\">(<\/span><\/span><span class=\"s6\"><span class=\"bumpedFont15\">no nos agrad\u00f3 a los millones de mexicanos que pensamos que el respeto a la ley y a la normatividad es el principio b\u00e1sico de la honestidad<\/span><\/span><span class=\"s6\"><span class=\"bumpedFont15\">; del ataque a la corrupci\u00f3n)<\/span><\/span><span class=\"s6\"><span class=\"bumpedFont15\">, que llegaras al puesto de Presidenta de la Comisi\u00f3n Nacional de Derechos Humanos cuando no tienes el perfil acad\u00e9mico adecuado ni la experiencia<\/span><\/span><span class=\"s6\"><span class=\"bumpedFont15\">.<\/span><\/span><\/p>\n<p class=\"s3\">\u200b<span class=\"s6\"><span class=\"bumpedFont15\">Del mismo modo, repudiamos que los legisladores morenistas y sus aliados en este caso hicieran a un lado la exigencia impuesta en la convocatoria de que quien llegara a ese puesto no hubiera pertenecido a ning\u00fan partido pol\u00edtico durante un periodo de varios a\u00f1os. Y t\u00fa no dijiste nada cuando sabes que el a\u00f1o pasado fuiste funcionaria de Morena, y has sido una militante convencida de este partido pol\u00edtico <\/span><\/span><span class=\"s6\"><span class=\"bumpedFont15\">que dice Andr\u00e9s Manuel que no es partido, sino Movimiento. Tal vez por eso\u2026<\/span><\/span><\/p>\n<p class=\"s3\">\u200b<span class=\"s6\"><span class=\"bumpedFont15\">Tamp<\/span><\/span><span class=\"s6\"><span class=\"bumpedFont15\">o<\/span><\/span><span class=\"s6\"><span class=\"bumpedFont15\">co me gust\u00f3, Rosario, verte manejada como t\u00edtere por un senador de tu partido, que te alz\u00f3 la mano mientras re<\/span><\/span><span class=\"s6\"><span class=\"bumpedFont15\">n<\/span><\/span><span class=\"s6\"><span class=\"bumpedFont15\">d<\/span><\/span><span class=\"s6\"><span class=\"bumpedFont15\">\u00ed<\/span><\/span><span class=\"s6\"><span class=\"bumpedFont15\">as protesta, y te corrigi\u00f3 para que dijeras \u201cS\u00ed, protesto\u201d y no solamente \u201cProtesto\u201d como lo hab\u00edas hecho cuando te preguntaron, f\u00edjate bien, si estabas dispuesta a defender y acatar la Constituci\u00f3n y las leyes que de ella emanan<\/span><\/span><span class=\"s6\"><span class=\"bumpedFont15\">.<\/span><\/span><\/p>\n<p class=\"s3\">\u200b<span class=\"s6\"><span class=\"bumpedFont15\">Ya te imaginar\u00e1s qu\u00e9 pensamos de ti cuando respondiste con la afirmativa en el momento mismo en que estabas transgrediendo nuestras leyes, al aceptar un puesto para el que no calificas, aunque Andr\u00e9s Manuel quiera convencernos de lo contrario.<\/span><\/span><\/p>\n<p class=\"s3\">\u200b<span class=\"s6\"><span class=\"bumpedFont15\">El espect\u00e1culo que dieron tus correligionarios ha llegado a todo el pa\u00eds y a todo el mundo, y t\u00fa apareces en el centro cobijada por la brutalidad mientras tomabas posesi\u00f3n por la fuerza, bruta tambi\u00e9n.<\/span><\/span><\/p>\n<p class=\"s3\">\u200b<span class=\"s6\"><span class=\"bumpedFont15\">Que me perdone do\u00f1a Rosario, que me perdone Jes\u00fas, pero en verdad que me diste pena ayer, Rosario chica, y creo que de alg\u00fan modo tambi\u00e9n le dio verg\u00fcenza a ellos.<\/span><\/span><\/p>\n<p class=\"s3\">\u200b<span class=\"s6\"><span class=\"bumpedFont15\">Y todo por un puesto miserable.<\/span><\/span><\/p>\n<p><a href=\"mailto:sglevet@gmail.com\"><span class=\"s7\"><span class=\"bumpedFont15\">sglevet@gmail.com<\/span><\/span><\/a><\/p>\n","protected":false},"excerpt":{"rendered":"<p>Sergio Gonz\u00e1lez Levet Sin tacto No sabes, Rosario, que l\u00e1stima me dio verte ah\u00ed entre el c\u00edrculo de espaldas y brazos armado por los senadores morenistas para que no pudieran acercarse a ti sus hom\u00f3logos del PAN, que intentaban desesperadamente evitar que tomaras posesi\u00f3n,despu\u00e9s de fuiste seleccionada de manera tan oscura, tan injusta, tan contra [&hellip;]<\/p>\n","protected":false},"author":2,"featured_media":50802,"comment_status":"open","ping_status":"open","sticky":false,"template":"","format":"standard","meta":{"tdm_status":"","tdm_grid_status":"","footnotes":""},"categories":[70],"tags":[295,4430,15736,15737,711],"class_list":{"0":"post-50800","1":"post","2":"type-post","3":"status-publish","4":"format-standard","5":"has-post-thumbnail","7":"category-de-opinion","8":"tag-cndh","9":"tag-derechos-humanos","10":"tag-rosario-ibarra-de-piedra","11":"tag-rosario-ibarra-piedra","12":"tag-senado"},"yoast_head":"<!-- This site is optimized with the Yoast SEO plugin v27.4 - https:\/\/yoast.com\/product\/yoast-seo-wordpress\/ -->\n<title>Qu\u00e9 pena, Rosario - Los pol\u00edticos Veracruz<\/title>\n<meta name=\"robots\" content=\"index, follow, max-snippet:-1, max-image-preview:large, max-video-preview:-1\" \/>\n<link rel=\"canonical\" href=\"https:\/\/lospoliticosveracruz.com\/?p=50800\" \/>\n<meta property=\"og:locale\" content=\"es_ES\" \/>\n<meta property=\"og:type\" content=\"article\" \/>\n<meta property=\"og:title\" content=\"Qu\u00e9 pena, Rosario - Los pol\u00edticos Veracruz\" \/>\n<meta property=\"og:description\" content=\"Sergio Gonz\u00e1lez Levet Sin tacto No sabes, Rosario, que l\u00e1stima me dio verte ah\u00ed entre el c\u00edrculo de espaldas y brazos armado por los senadores morenistas para que no pudieran acercarse a ti sus hom\u00f3logos del PAN, que intentaban desesperadamente evitar que tomaras posesi\u00f3n,despu\u00e9s de fuiste seleccionada de manera tan oscura, tan injusta, tan contra [&hellip;]\" \/>\n<meta property=\"og:url\" content=\"https:\/\/lospoliticosveracruz.com\/?p=50800\" \/>\n<meta property=\"og:site_name\" content=\"Los pol\u00edticos Veracruz\" \/>\n<meta property=\"article:publisher\" content=\"https:\/\/www.facebook.com\/people\/Notimemes-de-los-Polticos\/61565672886568\/\" \/>\n<meta property=\"article:published_time\" content=\"2019-11-14T18:26:49+00:00\" \/>\n<meta property=\"og:image\" content=\"https:\/\/lospoliticosveracruz.com\/wp-content\/uploads\/2019\/11\/53C4937C-9EF5-4B34-8483-50D776798718.jpeg\" \/>\n\t<meta property=\"og:image:width\" content=\"684\" \/>\n\t<meta property=\"og:image:height\" content=\"448\" \/>\n\t<meta property=\"og:image:type\" content=\"image\/jpeg\" \/>\n<meta name=\"author\" content=\"Lo viste en Los Pol\u00edticos\" \/>\n<meta name=\"twitter:card\" content=\"summary_large_image\" \/>\n<meta name=\"twitter:creator\" content=\"@LosPoliticosVer\" \/>\n<meta name=\"twitter:site\" content=\"@LosPoliticosVer\" \/>\n<meta name=\"twitter:label1\" content=\"Escrito por\" \/>\n\t<meta name=\"twitter:data1\" content=\"Lo viste en Los Pol\u00edticos\" \/>\n\t<meta name=\"twitter:label2\" content=\"Tiempo de lectura\" \/>\n\t<meta name=\"twitter:data2\" content=\"3 minutos\" \/>\n<script type=\"application\/ld+json\" class=\"yoast-schema-graph\">{\"@context\":\"https:\\\/\\\/schema.org\",\"@graph\":[{\"@type\":\"Article\",\"@id\":\"https:\\\/\\\/lospoliticosveracruz.com\\\/?p=50800#article\",\"isPartOf\":{\"@id\":\"https:\\\/\\\/lospoliticosveracruz.com\\\/?p=50800\"},\"author\":{\"name\":\"Lo viste en Los Pol\u00edticos\",\"@id\":\"https:\\\/\\\/lospoliticosveracruz.com\\\/#\\\/schema\\\/person\\\/b8702bb0e538456e6efd07080bf2a4a2\"},\"headline\":\"Qu\u00e9 pena, Rosario\",\"datePublished\":\"2019-11-14T18:26:49+00:00\",\"mainEntityOfPage\":{\"@id\":\"https:\\\/\\\/lospoliticosveracruz.com\\\/?p=50800\"},\"wordCount\":535,\"commentCount\":0,\"publisher\":{\"@id\":\"https:\\\/\\\/lospoliticosveracruz.com\\\/#organization\"},\"image\":{\"@id\":\"https:\\\/\\\/lospoliticosveracruz.com\\\/?p=50800#primaryimage\"},\"thumbnailUrl\":\"https:\\\/\\\/lospoliticosveracruz.com\\\/wp-content\\\/uploads\\\/2019\\\/11\\\/53C4937C-9EF5-4B34-8483-50D776798718.jpeg\",\"keywords\":[\"CNDH\",\"derechos humanos\",\"Rosario Ibarra de Piedra\",\"Rosario Ibarra Piedra\",\"Senado\"],\"articleSection\":[\"De Opini\u00f3n\"],\"inLanguage\":\"es\",\"potentialAction\":[{\"@type\":\"CommentAction\",\"name\":\"Comment\",\"target\":[\"https:\\\/\\\/lospoliticosveracruz.com\\\/?p=50800#respond\"]}]},{\"@type\":\"WebPage\",\"@id\":\"https:\\\/\\\/lospoliticosveracruz.com\\\/?p=50800\",\"url\":\"https:\\\/\\\/lospoliticosveracruz.com\\\/?p=50800\",\"name\":\"Qu\u00e9 pena, Rosario - Los pol\u00edticos Veracruz\",\"isPartOf\":{\"@id\":\"https:\\\/\\\/lospoliticosveracruz.com\\\/#website\"},\"primaryImageOfPage\":{\"@id\":\"https:\\\/\\\/lospoliticosveracruz.com\\\/?p=50800#primaryimage\"},\"image\":{\"@id\":\"https:\\\/\\\/lospoliticosveracruz.com\\\/?p=50800#primaryimage\"},\"thumbnailUrl\":\"https:\\\/\\\/lospoliticosveracruz.com\\\/wp-content\\\/uploads\\\/2019\\\/11\\\/53C4937C-9EF5-4B34-8483-50D776798718.jpeg\",\"datePublished\":\"2019-11-14T18:26:49+00:00\",\"breadcrumb\":{\"@id\":\"https:\\\/\\\/lospoliticosveracruz.com\\\/?p=50800#breadcrumb\"},\"inLanguage\":\"es\",\"potentialAction\":[{\"@type\":\"ReadAction\",\"target\":[\"https:\\\/\\\/lospoliticosveracruz.com\\\/?p=50800\"]}]},{\"@type\":\"ImageObject\",\"inLanguage\":\"es\",\"@id\":\"https:\\\/\\\/lospoliticosveracruz.com\\\/?p=50800#primaryimage\",\"url\":\"https:\\\/\\\/lospoliticosveracruz.com\\\/wp-content\\\/uploads\\\/2019\\\/11\\\/53C4937C-9EF5-4B34-8483-50D776798718.jpeg\",\"contentUrl\":\"https:\\\/\\\/lospoliticosveracruz.com\\\/wp-content\\\/uploads\\\/2019\\\/11\\\/53C4937C-9EF5-4B34-8483-50D776798718.jpeg\",\"width\":684,\"height\":448},{\"@type\":\"BreadcrumbList\",\"@id\":\"https:\\\/\\\/lospoliticosveracruz.com\\\/?p=50800#breadcrumb\",\"itemListElement\":[{\"@type\":\"ListItem\",\"position\":1,\"name\":\"Portada\",\"item\":\"https:\\\/\\\/lospoliticosveracruz.com\\\/\"},{\"@type\":\"ListItem\",\"position\":2,\"name\":\"Qu\u00e9 pena, Rosario\"}]},{\"@type\":\"WebSite\",\"@id\":\"https:\\\/\\\/lospoliticosveracruz.com\\\/#website\",\"url\":\"https:\\\/\\\/lospoliticosveracruz.com\\\/\",\"name\":\"Los pol\u00edticos Veracruz\",\"description\":\"\",\"publisher\":{\"@id\":\"https:\\\/\\\/lospoliticosveracruz.com\\\/#organization\"},\"potentialAction\":[{\"@type\":\"SearchAction\",\"target\":{\"@type\":\"EntryPoint\",\"urlTemplate\":\"https:\\\/\\\/lospoliticosveracruz.com\\\/?s={search_term_string}\"},\"query-input\":{\"@type\":\"PropertyValueSpecification\",\"valueRequired\":true,\"valueName\":\"search_term_string\"}}],\"inLanguage\":\"es\"},{\"@type\":\"Organization\",\"@id\":\"https:\\\/\\\/lospoliticosveracruz.com\\\/#organization\",\"name\":\"Los pol\u00edticos Veracruz\",\"url\":\"https:\\\/\\\/lospoliticosveracruz.com\\\/\",\"logo\":{\"@type\":\"ImageObject\",\"inLanguage\":\"es\",\"@id\":\"https:\\\/\\\/lospoliticosveracruz.com\\\/#\\\/schema\\\/logo\\\/image\\\/\",\"url\":\"https:\\\/\\\/lospoliticosveracruz.com\\\/wp-content\\\/uploads\\\/2025\\\/12\\\/Logo-Nuevo-LOS-POLITICOS-1.jpg\",\"contentUrl\":\"https:\\\/\\\/lospoliticosveracruz.com\\\/wp-content\\\/uploads\\\/2025\\\/12\\\/Logo-Nuevo-LOS-POLITICOS-1.jpg\",\"width\":260,\"height\":70,\"caption\":\"Los pol\u00edticos Veracruz\"},\"image\":{\"@id\":\"https:\\\/\\\/lospoliticosveracruz.com\\\/#\\\/schema\\\/logo\\\/image\\\/\"},\"sameAs\":[\"https:\\\/\\\/www.facebook.com\\\/people\\\/Notimemes-de-los-Polticos\\\/61565672886568\\\/\",\"https:\\\/\\\/x.com\\\/LosPoliticosVer\"]},{\"@type\":\"Person\",\"@id\":\"https:\\\/\\\/lospoliticosveracruz.com\\\/#\\\/schema\\\/person\\\/b8702bb0e538456e6efd07080bf2a4a2\",\"name\":\"Lo viste en Los Pol\u00edticos\",\"image\":{\"@type\":\"ImageObject\",\"inLanguage\":\"es\",\"@id\":\"https:\\\/\\\/secure.gravatar.com\\\/avatar\\\/3a8de04a2656d44082be478bd6c086daa447c4651605818287b9532d3d0bd435?s=96&d=mm&r=g\",\"url\":\"https:\\\/\\\/secure.gravatar.com\\\/avatar\\\/3a8de04a2656d44082be478bd6c086daa447c4651605818287b9532d3d0bd435?s=96&d=mm&r=g\",\"contentUrl\":\"https:\\\/\\\/secure.gravatar.com\\\/avatar\\\/3a8de04a2656d44082be478bd6c086daa447c4651605818287b9532d3d0bd435?s=96&d=mm&r=g\",\"caption\":\"Lo viste en Los Pol\u00edticos\"},\"url\":\"https:\\\/\\\/lospoliticosveracruz.com\\\/?author=2\"}]}<\/script>\n<!-- \/ Yoast SEO plugin. -->","yoast_head_json":{"title":"Qu\u00e9 pena, Rosario - Los pol\u00edticos Veracruz","robots":{"index":"index","follow":"follow","max-snippet":"max-snippet:-1","max-image-preview":"max-image-preview:large","max-video-preview":"max-video-preview:-1"},"canonical":"https:\/\/lospoliticosveracruz.com\/?p=50800","og_locale":"es_ES","og_type":"article","og_title":"Qu\u00e9 pena, Rosario - Los pol\u00edticos Veracruz","og_description":"Sergio Gonz\u00e1lez Levet Sin tacto No sabes, Rosario, que l\u00e1stima me dio verte ah\u00ed entre el c\u00edrculo de espaldas y brazos armado por los senadores morenistas para que no pudieran acercarse a ti sus hom\u00f3logos del PAN, que intentaban desesperadamente evitar que tomaras posesi\u00f3n,despu\u00e9s de fuiste seleccionada de manera tan oscura, tan injusta, tan contra [&hellip;]","og_url":"https:\/\/lospoliticosveracruz.com\/?p=50800","og_site_name":"Los pol\u00edticos Veracruz","article_publisher":"https:\/\/www.facebook.com\/people\/Notimemes-de-los-Polticos\/61565672886568\/","article_published_time":"2019-11-14T18:26:49+00:00","og_image":[{"width":684,"height":448,"url":"https:\/\/lospoliticosveracruz.com\/wp-content\/uploads\/2019\/11\/53C4937C-9EF5-4B34-8483-50D776798718.jpeg","type":"image\/jpeg"}],"author":"Lo viste en Los Pol\u00edticos","twitter_card":"summary_large_image","twitter_creator":"@LosPoliticosVer","twitter_site":"@LosPoliticosVer","twitter_misc":{"Escrito por":"Lo viste en Los Pol\u00edticos","Tiempo de lectura":"3 minutos"},"schema":{"@context":"https:\/\/schema.org","@graph":[{"@type":"Article","@id":"https:\/\/lospoliticosveracruz.com\/?p=50800#article","isPartOf":{"@id":"https:\/\/lospoliticosveracruz.com\/?p=50800"},"author":{"name":"Lo viste en Los Pol\u00edticos","@id":"https:\/\/lospoliticosveracruz.com\/#\/schema\/person\/b8702bb0e538456e6efd07080bf2a4a2"},"headline":"Qu\u00e9 pena, Rosario","datePublished":"2019-11-14T18:26:49+00:00","mainEntityOfPage":{"@id":"https:\/\/lospoliticosveracruz.com\/?p=50800"},"wordCount":535,"commentCount":0,"publisher":{"@id":"https:\/\/lospoliticosveracruz.com\/#organization"},"image":{"@id":"https:\/\/lospoliticosveracruz.com\/?p=50800#primaryimage"},"thumbnailUrl":"https:\/\/lospoliticosveracruz.com\/wp-content\/uploads\/2019\/11\/53C4937C-9EF5-4B34-8483-50D776798718.jpeg","keywords":["CNDH","derechos humanos","Rosario Ibarra de Piedra","Rosario Ibarra Piedra","Senado"],"articleSection":["De Opini\u00f3n"],"inLanguage":"es","potentialAction":[{"@type":"CommentAction","name":"Comment","target":["https:\/\/lospoliticosveracruz.com\/?p=50800#respond"]}]},{"@type":"WebPage","@id":"https:\/\/lospoliticosveracruz.com\/?p=50800","url":"https:\/\/lospoliticosveracruz.com\/?p=50800","name":"Qu\u00e9 pena, Rosario - Los pol\u00edticos Veracruz","isPartOf":{"@id":"https:\/\/lospoliticosveracruz.com\/#website"},"primaryImageOfPage":{"@id":"https:\/\/lospoliticosveracruz.com\/?p=50800#primaryimage"},"image":{"@id":"https:\/\/lospoliticosveracruz.com\/?p=50800#primaryimage"},"thumbnailUrl":"https:\/\/lospoliticosveracruz.com\/wp-content\/uploads\/2019\/11\/53C4937C-9EF5-4B34-8483-50D776798718.jpeg","datePublished":"2019-11-14T18:26:49+00:00","breadcrumb":{"@id":"https:\/\/lospoliticosveracruz.com\/?p=50800#breadcrumb"},"inLanguage":"es","potentialAction":[{"@type":"ReadAction","target":["https:\/\/lospoliticosveracruz.com\/?p=50800"]}]},{"@type":"ImageObject","inLanguage":"es","@id":"https:\/\/lospoliticosveracruz.com\/?p=50800#primaryimage","url":"https:\/\/lospoliticosveracruz.com\/wp-content\/uploads\/2019\/11\/53C4937C-9EF5-4B34-8483-50D776798718.jpeg","contentUrl":"https:\/\/lospoliticosveracruz.com\/wp-content\/uploads\/2019\/11\/53C4937C-9EF5-4B34-8483-50D776798718.jpeg","width":684,"height":448},{"@type":"BreadcrumbList","@id":"https:\/\/lospoliticosveracruz.com\/?p=50800#breadcrumb","itemListElement":[{"@type":"ListItem","position":1,"name":"Portada","item":"https:\/\/lospoliticosveracruz.com\/"},{"@type":"ListItem","position":2,"name":"Qu\u00e9 pena, Rosario"}]},{"@type":"WebSite","@id":"https:\/\/lospoliticosveracruz.com\/#website","url":"https:\/\/lospoliticosveracruz.com\/","name":"Los pol\u00edticos Veracruz","description":"","publisher":{"@id":"https:\/\/lospoliticosveracruz.com\/#organization"},"potentialAction":[{"@type":"SearchAction","target":{"@type":"EntryPoint","urlTemplate":"https:\/\/lospoliticosveracruz.com\/?s={search_term_string}"},"query-input":{"@type":"PropertyValueSpecification","valueRequired":true,"valueName":"search_term_string"}}],"inLanguage":"es"},{"@type":"Organization","@id":"https:\/\/lospoliticosveracruz.com\/#organization","name":"Los pol\u00edticos Veracruz","url":"https:\/\/lospoliticosveracruz.com\/","logo":{"@type":"ImageObject","inLanguage":"es","@id":"https:\/\/lospoliticosveracruz.com\/#\/schema\/logo\/image\/","url":"https:\/\/lospoliticosveracruz.com\/wp-content\/uploads\/2025\/12\/Logo-Nuevo-LOS-POLITICOS-1.jpg","contentUrl":"https:\/\/lospoliticosveracruz.com\/wp-content\/uploads\/2025\/12\/Logo-Nuevo-LOS-POLITICOS-1.jpg","width":260,"height":70,"caption":"Los pol\u00edticos Veracruz"},"image":{"@id":"https:\/\/lospoliticosveracruz.com\/#\/schema\/logo\/image\/"},"sameAs":["https:\/\/www.facebook.com\/people\/Notimemes-de-los-Polticos\/61565672886568\/","https:\/\/x.com\/LosPoliticosVer"]},{"@type":"Person","@id":"https:\/\/lospoliticosveracruz.com\/#\/schema\/person\/b8702bb0e538456e6efd07080bf2a4a2","name":"Lo viste en Los Pol\u00edticos","image":{"@type":"ImageObject","inLanguage":"es","@id":"https:\/\/secure.gravatar.com\/avatar\/3a8de04a2656d44082be478bd6c086daa447c4651605818287b9532d3d0bd435?s=96&d=mm&r=g","url":"https:\/\/secure.gravatar.com\/avatar\/3a8de04a2656d44082be478bd6c086daa447c4651605818287b9532d3d0bd435?s=96&d=mm&r=g","contentUrl":"https:\/\/secure.gravatar.com\/avatar\/3a8de04a2656d44082be478bd6c086daa447c4651605818287b9532d3d0bd435?s=96&d=mm&r=g","caption":"Lo viste en Los Pol\u00edticos"},"url":"https:\/\/lospoliticosveracruz.com\/?author=2"}]}},"_links":{"self":[{"href":"https:\/\/lospoliticosveracruz.com\/index.php?rest_route=\/wp\/v2\/posts\/50800","targetHints":{"allow":["GET"]}}],"collection":[{"href":"https:\/\/lospoliticosveracruz.com\/index.php?rest_route=\/wp\/v2\/posts"}],"about":[{"href":"https:\/\/lospoliticosveracruz.com\/index.php?rest_route=\/wp\/v2\/types\/post"}],"author":[{"embeddable":true,"href":"https:\/\/lospoliticosveracruz.com\/index.php?rest_route=\/wp\/v2\/users\/2"}],"replies":[{"embeddable":true,"href":"https:\/\/lospoliticosveracruz.com\/index.php?rest_route=%2Fwp%2Fv2%2Fcomments&post=50800"}],"version-history":[{"count":2,"href":"https:\/\/lospoliticosveracruz.com\/index.php?rest_route=\/wp\/v2\/posts\/50800\/revisions"}],"predecessor-version":[{"id":50803,"href":"https:\/\/lospoliticosveracruz.com\/index.php?rest_route=\/wp\/v2\/posts\/50800\/revisions\/50803"}],"wp:featuredmedia":[{"embeddable":true,"href":"https:\/\/lospoliticosveracruz.com\/index.php?rest_route=\/wp\/v2\/media\/50802"}],"wp:attachment":[{"href":"https:\/\/lospoliticosveracruz.com\/index.php?rest_route=%2Fwp%2Fv2%2Fmedia&parent=50800"}],"wp:term":[{"taxonomy":"category","embeddable":true,"href":"https:\/\/lospoliticosveracruz.com\/index.php?rest_route=%2Fwp%2Fv2%2Fcategories&post=50800"},{"taxonomy":"post_tag","embeddable":true,"href":"https:\/\/lospoliticosveracruz.com\/index.php?rest_route=%2Fwp%2Fv2%2Ftags&post=50800"}],"curies":[{"name":"wp","href":"https:\/\/api.w.org\/{rel}","templated":true}]}}