{"id":50811,"date":"2019-11-14T23:00:45","date_gmt":"2019-11-15T05:00:45","guid":{"rendered":"http:\/\/www.lospoliticosveracruz.com.mx\/?p=50811"},"modified":"2019-11-14T19:03:13","modified_gmt":"2019-11-15T01:03:13","slug":"debajo-del-sombrero-2","status":"publish","type":"post","link":"https:\/\/lospoliticosveracruz.com\/?p=50811","title":{"rendered":"Debajo del Sombrero"},"content":{"rendered":"<p><strong>Salvador Mu\u00f1oz<\/strong><\/p>\n<p><em>Los Pol\u00edticos<\/em><\/p>\n<p><span style=\"font-weight: 400;\">Juan Carlos Molina Palacios pas\u00f3 lista de presente\u2026 estuvo all\u00ed, con su familia, con su esposa Rosy Gu\u00edzar y sus hijos; con sus parientes; con sus colaboradores; con la CNC y con el PRI; con sus compa\u00f1eros del Congreso, fueran pri\u00edstas o panistas, morenos, perredistas o del Movimiento Ciudadano\u2026 del Verde Ecologista o del PES e Independientes\u2026 reporteros, conocidos, pero al final, muchos de ellos amigos\u2026 hermanos. Era la sesi\u00f3n solemne donde se le rend\u00eda homenaje, m\u00e1s que a un Diputado, al amigo, a quien supo ganarse el coraz\u00f3n de todos, sin importar colores, siglas o ismos. Su esposa Rosy Gu\u00edzar, seguida de hijos, subi\u00f3 hasta la curul de Molina Palacios y all\u00ed coloc\u00f3 el sombrero, uno de los distintivos que hac\u00edan de Molina Palacios el personaje que era\u2026 los otros distintivos eran sus pantalones de mezclilla y la guayabera. As\u00ed, Juan Carlos pas\u00f3 lista de presente.<\/span><\/p>\n<p><span style=\"font-weight: 400;\">Era mayo, si no mal se recuerda, cuando pas\u00f3 a Tribuna Molina Palacios\u2026 el gobernador hab\u00eda pedido una pr\u00f3rroga para la entrega de la Cuenta P\u00fablica 2018. El diputado hablaba de apoyar al Gobernador para que a Veracruz le fuera bien\u2026 de llegar a acuerdos comunes, de evitar conflictos, de no burlar la Ley, de trabajar por Veracruz, \u201call\u00e1 afuera la gente est\u00e1 esperando resultados\u2026 \u00a1all\u00e1 afuera hay un desmadre total en nuestro estado\u2026! porque no hemos podido lograr la unidad por el bien de los veracruzanos\u2026 \u00a1vamos a trabajar juntos! \u00a1Vamos a unirnos por Veracruz! \u00a1Vamos a apoyar al Gobernador cuando sea por el bien de Veracruz! Y cuando venga algo que pensemos que no es por el bien de Veracruz, lo discutimos y buscamos soluciones! \u00a1Yo los invito a todos a la unidad!\u201d<\/span><\/p>\n<p><span style=\"font-weight: 400;\">\u00bfPor qu\u00e9 recuerdo este pasaje? Por algo muy sencillo. El clamor de Molina Palacios era la unidad por Veracruz de todas y cada una de las fracciones legislativas y este jueves, la hab\u00eda logrado. Una voz en com\u00fan fue la de Maleno Rosales, Juan Manuel de Unanue, Alexis S\u00e1nchez, Erika Ayala, Florencia Mart\u00ednez, en esa Tribuna que cada vez que pasaba \u201cEl Compayito\u201d, sacud\u00eda corazones, mentes, conciencias: Justicia, seguridad y todo el peso de la Ley a quienes nos arrebataron a un Diputado que dec\u00eda las cosas de frente, sin tapujos, de forma clara, directa\u2026<\/span><\/p>\n<p><span style=\"font-weight: 400;\">Panistas, Morenos, Pri\u00edstas, Perredistas, del Movimiento Ciudadano, PES y Verde Ecologista eran una sola voz, la de Juan Carlos Molina\u2026<\/span><\/p>\n<p><span style=\"font-weight: 400;\">Y su voz, fuerte, recia, claridosa, con ese acento tan especial del cuenque\u00f1o, retumb\u00f3 de nuevo en el Congreso\u2026 un video con varias intervenciones del Diputado del Sombrero hizo que su presencia se percibiera m\u00e1s entre todos los ah\u00ed presentes, reunidos por algo m\u00e1s que un amigo\u2026 porque al final, quienes conocieron a Molina Palacios vieron en \u00e9l a un hermano, un hermano mayor\u2026<\/span><\/p>\n<p><span style=\"font-weight: 400;\">Rub\u00e9n R\u00edos Uribe dio por concluida la sesi\u00f3n\u2026 Rosy Gu\u00edzar se par\u00f3 y se dirigi\u00f3 a la curul de su esposo\u2026 salud\u00f3 a Maryjos\u00e9 Gamboa y se enlaz\u00f3 en un abrazo con Andrea Yunes\u2026 luego, tom\u00f3 el sombrero de Juan Carlos\u00a0 y lo alz\u00f3, lo alz\u00f3 tan alto como si su brazo no tuviera otra intenci\u00f3n m\u00e1s que tocar el cielo y Juan Carlos extendiera su mano para recoger ese sombrero que tanto son\u00f3 en la Cuenca\u2026 \u201cDebajo del Sombrero\u201d&#8230;<\/span><\/p>\n<p><span style=\"font-weight: 400;\">S\u00ed, esto no fue un Adi\u00f3s, sino un Hasta Siempre, porque personas como Juan Carlos Molina Palacios permanecen en el recuerdo&#8230; y en el coraz\u00f3n.<\/span><\/p>\n<p>&nbsp;<\/p>\n<p><span style=\"font-weight: 400;\">smcainito@gmail.com<\/span><\/p>\n<p>&nbsp;<\/p>\n","protected":false},"excerpt":{"rendered":"<p>Salvador Mu\u00f1oz Los Pol\u00edticos Juan Carlos Molina Palacios pas\u00f3 lista de presente\u2026 estuvo all\u00ed, con su familia, con su esposa Rosy Gu\u00edzar y sus hijos; con sus parientes; con sus colaboradores; con la CNC y con el PRI; con sus compa\u00f1eros del Congreso, fueran pri\u00edstas o panistas, morenos, perredistas o del Movimiento Ciudadano\u2026 del Verde [&hellip;]<\/p>\n","protected":false},"author":2,"featured_media":50812,"comment_status":"open","ping_status":"open","sticky":false,"template":"","format":"standard","meta":{"tdm_status":"","tdm_grid_status":"","footnotes":""},"categories":[70],"tags":[15738,106,13013,3256,6732,13812,1937,5130],"class_list":{"0":"post-50811","1":"post","2":"type-post","3":"status-publish","4":"format-standard","5":"has-post-thumbnail","7":"category-de-opinion","8":"tag-el-compayito","9":"tag-erika-ayala","10":"tag-florencia-martinez","11":"tag-juan-carlos-molina-palacios","12":"tag-juan-manuel-de-unanue","13":"tag-maleno-rosales","14":"tag-maryjose-gamboa","15":"tag-rosy-guizar"},"yoast_head":"<!-- This site is optimized with the Yoast SEO plugin v27.4 - https:\/\/yoast.com\/product\/yoast-seo-wordpress\/ -->\n<title>Debajo del Sombrero - Los pol\u00edticos Veracruz<\/title>\n<meta name=\"robots\" content=\"index, follow, max-snippet:-1, max-image-preview:large, max-video-preview:-1\" \/>\n<link rel=\"canonical\" href=\"https:\/\/lospoliticosveracruz.com\/?p=50811\" \/>\n<meta property=\"og:locale\" content=\"es_ES\" \/>\n<meta property=\"og:type\" content=\"article\" \/>\n<meta property=\"og:title\" content=\"Debajo del Sombrero - Los pol\u00edticos Veracruz\" \/>\n<meta property=\"og:description\" content=\"Salvador Mu\u00f1oz Los Pol\u00edticos Juan Carlos Molina Palacios pas\u00f3 lista de presente\u2026 estuvo all\u00ed, con su familia, con su esposa Rosy Gu\u00edzar y sus hijos; con sus parientes; con sus colaboradores; con la CNC y con el PRI; con sus compa\u00f1eros del Congreso, fueran pri\u00edstas o panistas, morenos, perredistas o del Movimiento Ciudadano\u2026 del Verde [&hellip;]\" \/>\n<meta property=\"og:url\" content=\"https:\/\/lospoliticosveracruz.com\/?p=50811\" \/>\n<meta property=\"og:site_name\" content=\"Los pol\u00edticos Veracruz\" \/>\n<meta property=\"article:publisher\" content=\"https:\/\/www.facebook.com\/people\/Notimemes-de-los-Polticos\/61565672886568\/\" \/>\n<meta property=\"article:published_time\" content=\"2019-11-15T05:00:45+00:00\" \/>\n<meta property=\"og:image\" content=\"https:\/\/lospoliticosveracruz.com\/wp-content\/uploads\/2019\/11\/El-sombrero-Erika-Ayala.jpg\" \/>\n\t<meta property=\"og:image:width\" content=\"600\" \/>\n\t<meta property=\"og:image:height\" content=\"388\" \/>\n\t<meta property=\"og:image:type\" content=\"image\/jpeg\" \/>\n<meta name=\"author\" content=\"Lo viste en Los Pol\u00edticos\" \/>\n<meta name=\"twitter:card\" content=\"summary_large_image\" \/>\n<meta name=\"twitter:creator\" content=\"@LosPoliticosVer\" \/>\n<meta name=\"twitter:site\" content=\"@LosPoliticosVer\" \/>\n<meta name=\"twitter:label1\" content=\"Escrito por\" \/>\n\t<meta name=\"twitter:data1\" content=\"Lo viste en Los Pol\u00edticos\" \/>\n\t<meta name=\"twitter:label2\" content=\"Tiempo de lectura\" \/>\n\t<meta name=\"twitter:data2\" content=\"3 minutos\" \/>\n<script type=\"application\/ld+json\" class=\"yoast-schema-graph\">{\"@context\":\"https:\\\/\\\/schema.org\",\"@graph\":[{\"@type\":\"Article\",\"@id\":\"https:\\\/\\\/lospoliticosveracruz.com\\\/?p=50811#article\",\"isPartOf\":{\"@id\":\"https:\\\/\\\/lospoliticosveracruz.com\\\/?p=50811\"},\"author\":{\"name\":\"Lo viste en Los Pol\u00edticos\",\"@id\":\"https:\\\/\\\/lospoliticosveracruz.com\\\/#\\\/schema\\\/person\\\/b8702bb0e538456e6efd07080bf2a4a2\"},\"headline\":\"Debajo del Sombrero\",\"datePublished\":\"2019-11-15T05:00:45+00:00\",\"mainEntityOfPage\":{\"@id\":\"https:\\\/\\\/lospoliticosveracruz.com\\\/?p=50811\"},\"wordCount\":609,\"commentCount\":0,\"publisher\":{\"@id\":\"https:\\\/\\\/lospoliticosveracruz.com\\\/#organization\"},\"image\":{\"@id\":\"https:\\\/\\\/lospoliticosveracruz.com\\\/?p=50811#primaryimage\"},\"thumbnailUrl\":\"https:\\\/\\\/lospoliticosveracruz.com\\\/wp-content\\\/uploads\\\/2019\\\/11\\\/El-sombrero-Erika-Ayala.jpg\",\"keywords\":[\"El Compayito\",\"Erika Ayala\",\"Florencia Mart\u00ednez\",\"Juan Carlos Molina Palacios\",\"Juan Manuel de Unanue\",\"Maleno Rosales\",\"Maryjose Gamboa\",\"Rosy Gu\u00edzar\"],\"articleSection\":[\"De Opini\u00f3n\"],\"inLanguage\":\"es\",\"potentialAction\":[{\"@type\":\"CommentAction\",\"name\":\"Comment\",\"target\":[\"https:\\\/\\\/lospoliticosveracruz.com\\\/?p=50811#respond\"]}]},{\"@type\":\"WebPage\",\"@id\":\"https:\\\/\\\/lospoliticosveracruz.com\\\/?p=50811\",\"url\":\"https:\\\/\\\/lospoliticosveracruz.com\\\/?p=50811\",\"name\":\"Debajo del Sombrero - Los pol\u00edticos Veracruz\",\"isPartOf\":{\"@id\":\"https:\\\/\\\/lospoliticosveracruz.com\\\/#website\"},\"primaryImageOfPage\":{\"@id\":\"https:\\\/\\\/lospoliticosveracruz.com\\\/?p=50811#primaryimage\"},\"image\":{\"@id\":\"https:\\\/\\\/lospoliticosveracruz.com\\\/?p=50811#primaryimage\"},\"thumbnailUrl\":\"https:\\\/\\\/lospoliticosveracruz.com\\\/wp-content\\\/uploads\\\/2019\\\/11\\\/El-sombrero-Erika-Ayala.jpg\",\"datePublished\":\"2019-11-15T05:00:45+00:00\",\"breadcrumb\":{\"@id\":\"https:\\\/\\\/lospoliticosveracruz.com\\\/?p=50811#breadcrumb\"},\"inLanguage\":\"es\",\"potentialAction\":[{\"@type\":\"ReadAction\",\"target\":[\"https:\\\/\\\/lospoliticosveracruz.com\\\/?p=50811\"]}]},{\"@type\":\"ImageObject\",\"inLanguage\":\"es\",\"@id\":\"https:\\\/\\\/lospoliticosveracruz.com\\\/?p=50811#primaryimage\",\"url\":\"https:\\\/\\\/lospoliticosveracruz.com\\\/wp-content\\\/uploads\\\/2019\\\/11\\\/El-sombrero-Erika-Ayala.jpg\",\"contentUrl\":\"https:\\\/\\\/lospoliticosveracruz.com\\\/wp-content\\\/uploads\\\/2019\\\/11\\\/El-sombrero-Erika-Ayala.jpg\",\"width\":600,\"height\":388},{\"@type\":\"BreadcrumbList\",\"@id\":\"https:\\\/\\\/lospoliticosveracruz.com\\\/?p=50811#breadcrumb\",\"itemListElement\":[{\"@type\":\"ListItem\",\"position\":1,\"name\":\"Portada\",\"item\":\"https:\\\/\\\/lospoliticosveracruz.com\\\/\"},{\"@type\":\"ListItem\",\"position\":2,\"name\":\"Debajo del Sombrero\"}]},{\"@type\":\"WebSite\",\"@id\":\"https:\\\/\\\/lospoliticosveracruz.com\\\/#website\",\"url\":\"https:\\\/\\\/lospoliticosveracruz.com\\\/\",\"name\":\"Los pol\u00edticos Veracruz\",\"description\":\"\",\"publisher\":{\"@id\":\"https:\\\/\\\/lospoliticosveracruz.com\\\/#organization\"},\"potentialAction\":[{\"@type\":\"SearchAction\",\"target\":{\"@type\":\"EntryPoint\",\"urlTemplate\":\"https:\\\/\\\/lospoliticosveracruz.com\\\/?s={search_term_string}\"},\"query-input\":{\"@type\":\"PropertyValueSpecification\",\"valueRequired\":true,\"valueName\":\"search_term_string\"}}],\"inLanguage\":\"es\"},{\"@type\":\"Organization\",\"@id\":\"https:\\\/\\\/lospoliticosveracruz.com\\\/#organization\",\"name\":\"Los pol\u00edticos Veracruz\",\"url\":\"https:\\\/\\\/lospoliticosveracruz.com\\\/\",\"logo\":{\"@type\":\"ImageObject\",\"inLanguage\":\"es\",\"@id\":\"https:\\\/\\\/lospoliticosveracruz.com\\\/#\\\/schema\\\/logo\\\/image\\\/\",\"url\":\"https:\\\/\\\/lospoliticosveracruz.com\\\/wp-content\\\/uploads\\\/2025\\\/12\\\/Logo-Nuevo-LOS-POLITICOS-1.jpg\",\"contentUrl\":\"https:\\\/\\\/lospoliticosveracruz.com\\\/wp-content\\\/uploads\\\/2025\\\/12\\\/Logo-Nuevo-LOS-POLITICOS-1.jpg\",\"width\":260,\"height\":70,\"caption\":\"Los pol\u00edticos Veracruz\"},\"image\":{\"@id\":\"https:\\\/\\\/lospoliticosveracruz.com\\\/#\\\/schema\\\/logo\\\/image\\\/\"},\"sameAs\":[\"https:\\\/\\\/www.facebook.com\\\/people\\\/Notimemes-de-los-Polticos\\\/61565672886568\\\/\",\"https:\\\/\\\/x.com\\\/LosPoliticosVer\"]},{\"@type\":\"Person\",\"@id\":\"https:\\\/\\\/lospoliticosveracruz.com\\\/#\\\/schema\\\/person\\\/b8702bb0e538456e6efd07080bf2a4a2\",\"name\":\"Lo viste en Los Pol\u00edticos\",\"image\":{\"@type\":\"ImageObject\",\"inLanguage\":\"es\",\"@id\":\"https:\\\/\\\/secure.gravatar.com\\\/avatar\\\/3a8de04a2656d44082be478bd6c086daa447c4651605818287b9532d3d0bd435?s=96&d=mm&r=g\",\"url\":\"https:\\\/\\\/secure.gravatar.com\\\/avatar\\\/3a8de04a2656d44082be478bd6c086daa447c4651605818287b9532d3d0bd435?s=96&d=mm&r=g\",\"contentUrl\":\"https:\\\/\\\/secure.gravatar.com\\\/avatar\\\/3a8de04a2656d44082be478bd6c086daa447c4651605818287b9532d3d0bd435?s=96&d=mm&r=g\",\"caption\":\"Lo viste en Los Pol\u00edticos\"},\"url\":\"https:\\\/\\\/lospoliticosveracruz.com\\\/?author=2\"}]}<\/script>\n<!-- \/ Yoast SEO plugin. -->","yoast_head_json":{"title":"Debajo del Sombrero - Los pol\u00edticos Veracruz","robots":{"index":"index","follow":"follow","max-snippet":"max-snippet:-1","max-image-preview":"max-image-preview:large","max-video-preview":"max-video-preview:-1"},"canonical":"https:\/\/lospoliticosveracruz.com\/?p=50811","og_locale":"es_ES","og_type":"article","og_title":"Debajo del Sombrero - Los pol\u00edticos Veracruz","og_description":"Salvador Mu\u00f1oz Los Pol\u00edticos Juan Carlos Molina Palacios pas\u00f3 lista de presente\u2026 estuvo all\u00ed, con su familia, con su esposa Rosy Gu\u00edzar y sus hijos; con sus parientes; con sus colaboradores; con la CNC y con el PRI; con sus compa\u00f1eros del Congreso, fueran pri\u00edstas o panistas, morenos, perredistas o del Movimiento Ciudadano\u2026 del Verde [&hellip;]","og_url":"https:\/\/lospoliticosveracruz.com\/?p=50811","og_site_name":"Los pol\u00edticos Veracruz","article_publisher":"https:\/\/www.facebook.com\/people\/Notimemes-de-los-Polticos\/61565672886568\/","article_published_time":"2019-11-15T05:00:45+00:00","og_image":[{"width":600,"height":388,"url":"https:\/\/lospoliticosveracruz.com\/wp-content\/uploads\/2019\/11\/El-sombrero-Erika-Ayala.jpg","type":"image\/jpeg"}],"author":"Lo viste en Los Pol\u00edticos","twitter_card":"summary_large_image","twitter_creator":"@LosPoliticosVer","twitter_site":"@LosPoliticosVer","twitter_misc":{"Escrito por":"Lo viste en Los Pol\u00edticos","Tiempo de lectura":"3 minutos"},"schema":{"@context":"https:\/\/schema.org","@graph":[{"@type":"Article","@id":"https:\/\/lospoliticosveracruz.com\/?p=50811#article","isPartOf":{"@id":"https:\/\/lospoliticosveracruz.com\/?p=50811"},"author":{"name":"Lo viste en Los Pol\u00edticos","@id":"https:\/\/lospoliticosveracruz.com\/#\/schema\/person\/b8702bb0e538456e6efd07080bf2a4a2"},"headline":"Debajo del Sombrero","datePublished":"2019-11-15T05:00:45+00:00","mainEntityOfPage":{"@id":"https:\/\/lospoliticosveracruz.com\/?p=50811"},"wordCount":609,"commentCount":0,"publisher":{"@id":"https:\/\/lospoliticosveracruz.com\/#organization"},"image":{"@id":"https:\/\/lospoliticosveracruz.com\/?p=50811#primaryimage"},"thumbnailUrl":"https:\/\/lospoliticosveracruz.com\/wp-content\/uploads\/2019\/11\/El-sombrero-Erika-Ayala.jpg","keywords":["El Compayito","Erika Ayala","Florencia Mart\u00ednez","Juan Carlos Molina Palacios","Juan Manuel de Unanue","Maleno Rosales","Maryjose Gamboa","Rosy Gu\u00edzar"],"articleSection":["De Opini\u00f3n"],"inLanguage":"es","potentialAction":[{"@type":"CommentAction","name":"Comment","target":["https:\/\/lospoliticosveracruz.com\/?p=50811#respond"]}]},{"@type":"WebPage","@id":"https:\/\/lospoliticosveracruz.com\/?p=50811","url":"https:\/\/lospoliticosveracruz.com\/?p=50811","name":"Debajo del Sombrero - Los pol\u00edticos Veracruz","isPartOf":{"@id":"https:\/\/lospoliticosveracruz.com\/#website"},"primaryImageOfPage":{"@id":"https:\/\/lospoliticosveracruz.com\/?p=50811#primaryimage"},"image":{"@id":"https:\/\/lospoliticosveracruz.com\/?p=50811#primaryimage"},"thumbnailUrl":"https:\/\/lospoliticosveracruz.com\/wp-content\/uploads\/2019\/11\/El-sombrero-Erika-Ayala.jpg","datePublished":"2019-11-15T05:00:45+00:00","breadcrumb":{"@id":"https:\/\/lospoliticosveracruz.com\/?p=50811#breadcrumb"},"inLanguage":"es","potentialAction":[{"@type":"ReadAction","target":["https:\/\/lospoliticosveracruz.com\/?p=50811"]}]},{"@type":"ImageObject","inLanguage":"es","@id":"https:\/\/lospoliticosveracruz.com\/?p=50811#primaryimage","url":"https:\/\/lospoliticosveracruz.com\/wp-content\/uploads\/2019\/11\/El-sombrero-Erika-Ayala.jpg","contentUrl":"https:\/\/lospoliticosveracruz.com\/wp-content\/uploads\/2019\/11\/El-sombrero-Erika-Ayala.jpg","width":600,"height":388},{"@type":"BreadcrumbList","@id":"https:\/\/lospoliticosveracruz.com\/?p=50811#breadcrumb","itemListElement":[{"@type":"ListItem","position":1,"name":"Portada","item":"https:\/\/lospoliticosveracruz.com\/"},{"@type":"ListItem","position":2,"name":"Debajo del Sombrero"}]},{"@type":"WebSite","@id":"https:\/\/lospoliticosveracruz.com\/#website","url":"https:\/\/lospoliticosveracruz.com\/","name":"Los pol\u00edticos Veracruz","description":"","publisher":{"@id":"https:\/\/lospoliticosveracruz.com\/#organization"},"potentialAction":[{"@type":"SearchAction","target":{"@type":"EntryPoint","urlTemplate":"https:\/\/lospoliticosveracruz.com\/?s={search_term_string}"},"query-input":{"@type":"PropertyValueSpecification","valueRequired":true,"valueName":"search_term_string"}}],"inLanguage":"es"},{"@type":"Organization","@id":"https:\/\/lospoliticosveracruz.com\/#organization","name":"Los pol\u00edticos Veracruz","url":"https:\/\/lospoliticosveracruz.com\/","logo":{"@type":"ImageObject","inLanguage":"es","@id":"https:\/\/lospoliticosveracruz.com\/#\/schema\/logo\/image\/","url":"https:\/\/lospoliticosveracruz.com\/wp-content\/uploads\/2025\/12\/Logo-Nuevo-LOS-POLITICOS-1.jpg","contentUrl":"https:\/\/lospoliticosveracruz.com\/wp-content\/uploads\/2025\/12\/Logo-Nuevo-LOS-POLITICOS-1.jpg","width":260,"height":70,"caption":"Los pol\u00edticos Veracruz"},"image":{"@id":"https:\/\/lospoliticosveracruz.com\/#\/schema\/logo\/image\/"},"sameAs":["https:\/\/www.facebook.com\/people\/Notimemes-de-los-Polticos\/61565672886568\/","https:\/\/x.com\/LosPoliticosVer"]},{"@type":"Person","@id":"https:\/\/lospoliticosveracruz.com\/#\/schema\/person\/b8702bb0e538456e6efd07080bf2a4a2","name":"Lo viste en Los Pol\u00edticos","image":{"@type":"ImageObject","inLanguage":"es","@id":"https:\/\/secure.gravatar.com\/avatar\/3a8de04a2656d44082be478bd6c086daa447c4651605818287b9532d3d0bd435?s=96&d=mm&r=g","url":"https:\/\/secure.gravatar.com\/avatar\/3a8de04a2656d44082be478bd6c086daa447c4651605818287b9532d3d0bd435?s=96&d=mm&r=g","contentUrl":"https:\/\/secure.gravatar.com\/avatar\/3a8de04a2656d44082be478bd6c086daa447c4651605818287b9532d3d0bd435?s=96&d=mm&r=g","caption":"Lo viste en Los Pol\u00edticos"},"url":"https:\/\/lospoliticosveracruz.com\/?author=2"}]}},"_links":{"self":[{"href":"https:\/\/lospoliticosveracruz.com\/index.php?rest_route=\/wp\/v2\/posts\/50811","targetHints":{"allow":["GET"]}}],"collection":[{"href":"https:\/\/lospoliticosveracruz.com\/index.php?rest_route=\/wp\/v2\/posts"}],"about":[{"href":"https:\/\/lospoliticosveracruz.com\/index.php?rest_route=\/wp\/v2\/types\/post"}],"author":[{"embeddable":true,"href":"https:\/\/lospoliticosveracruz.com\/index.php?rest_route=\/wp\/v2\/users\/2"}],"replies":[{"embeddable":true,"href":"https:\/\/lospoliticosveracruz.com\/index.php?rest_route=%2Fwp%2Fv2%2Fcomments&post=50811"}],"version-history":[{"count":1,"href":"https:\/\/lospoliticosveracruz.com\/index.php?rest_route=\/wp\/v2\/posts\/50811\/revisions"}],"predecessor-version":[{"id":50813,"href":"https:\/\/lospoliticosveracruz.com\/index.php?rest_route=\/wp\/v2\/posts\/50811\/revisions\/50813"}],"wp:featuredmedia":[{"embeddable":true,"href":"https:\/\/lospoliticosveracruz.com\/index.php?rest_route=\/wp\/v2\/media\/50812"}],"wp:attachment":[{"href":"https:\/\/lospoliticosveracruz.com\/index.php?rest_route=%2Fwp%2Fv2%2Fmedia&parent=50811"}],"wp:term":[{"taxonomy":"category","embeddable":true,"href":"https:\/\/lospoliticosveracruz.com\/index.php?rest_route=%2Fwp%2Fv2%2Fcategories&post=50811"},{"taxonomy":"post_tag","embeddable":true,"href":"https:\/\/lospoliticosveracruz.com\/index.php?rest_route=%2Fwp%2Fv2%2Ftags&post=50811"}],"curies":[{"name":"wp","href":"https:\/\/api.w.org\/{rel}","templated":true}]}}