{"id":50890,"date":"2019-11-18T09:37:28","date_gmt":"2019-11-18T15:37:28","guid":{"rendered":"http:\/\/www.lospoliticosveracruz.com.mx\/?p=50890"},"modified":"2019-11-18T09:37:28","modified_gmt":"2019-11-18T15:37:28","slug":"jucopo-sera-una-hoguera","status":"publish","type":"post","link":"https:\/\/lospoliticosveracruz.com\/?p=50890","title":{"rendered":"Jucopo ser\u00e1 una hoguera&#8230;"},"content":{"rendered":"<p><b>Ricardo Ch\u00faa<\/b><\/p>\n<p><i>Sale y Vale<\/i><\/p>\n<p>OJO&#8230; Por si no se han dado cuenta&#8230; El que MORENA a trav\u00e9s del gobierno federal PRESUNTAMENTE haya presionado al \u00abChapito\u00bb Guzm\u00e1n Avil\u00e9s para que los dejar\u00e1 intervenir en el PAN y su grupo legislativo en el Congreso Local&#8230; Colocando a Omar Miranda como su coordinador y quitando al \u00abHe M\u00e1n\u00bb Hern\u00e1ndez&#8230; Es que esa \u00abintervenci\u00f3n\u00bb le saldr\u00e1 m\u00e1s costosa que nada&#8230; Ya que con la conformaci\u00f3n del Grupo de diputados locales panistas independientes&#8230; El que pierde es Cuitl\u00e1huac Garc\u00eda&#8230;<\/p>\n<p>Ya las se\u00f1ales eran mu claras para El Chapito y para el gobierno estatal&#8230; De imponer a Miranda, los dem\u00e1s legisladores se iban a \u00ababrir\u00bb y lo hicieron&#8230; Lo que no esperaba Cuitl\u00e1uac, G\u00f3mez Cazar\u00edn y Guzm\u00e1n Avil\u00e9s era que de coordinador de ese grupo panista independiente&#8230; Colocaran ah\u00ed a la diputada, Marijose Gamboa Torales&#8230; Se imaginan como ser\u00e1n de aqu\u00ed para adelante las reuniones de Cazarin en la Junta de Coordinaci\u00f3n Pol\u00edtica&#8230; Puro dolor de cabeza&#8230; C\u00f3mo van a \u00abfrenar\u00bb a esa mujer.. Le pusieron \u00abla pelota\u00bb en su cancha&#8230;<\/p>\n<p>Ser\u00e1 muy dif\u00edcil que Omar Miranda pueda controlar esta \u00abavalancha\u00bb de diputados locales panistas en su contra.. Ya que formaron la otra bancada y van a exigir su espacio en la JUCOPO&#8230; La nueva integrante aprovechara todos los espacios medi\u00e1ticos para dar a conocer sus posturas&#8230; Sabe que esta posici\u00f3n la puede subir de palestra&#8230; Y hasta la impulsa como una candidata m\u00e1s en Veracruz puerto en el 2021&#8230; As\u00ed que no extra\u00f1en que entre en la competencia&#8230; Miranda es un \u00abcero a la izquierda\u00bb con esta nueva bancada&#8230;<\/p>\n<p>Finalmente ella es que est\u00e1 llevando la \u00abvoz cantante\u00bb de la oposici\u00f3n en el Congreso Local.. Y con la asesor\u00eda de quien la debe de asesorar&#8230; La JUCUPO ser\u00e1 toda una \u00abhoguera\u00bb&#8230; Cazar\u00edn tendr\u00e1 que ir preparado&#8230; La vida te da sorpresas&#8230; Sorpresas te da la vida&#8230; Ya hab\u00edamos tocado el tema en este espacio&#8230; Que los est\u00e1 retando&#8230; Ah\u00ed sigue en Boca del R\u00edo, el Jefe de Grupo&#8230; Acude hasta fiestas de generaci\u00f3n de la preparatoria&#8230; Pero no se va de Veracruz&#8230; Este cap\u00edtulo tendr\u00e1 mucha historia&#8230; AMEN&#8230;<\/p>\n<p>EL CONTRAINFORME&#8230; Hoy por la ma\u00f1ana presenta el PRI estatal un \u00abContra\u00bb Informe de Gobierno de Cuitl\u00e1huac Garc\u00eda&#8230; Donde le sacaran cifras y n\u00fameros de todos las fallas, funciones incumplidas y todo lo que no ha hecho dentro del ejercicio p\u00fablico a su cargo&#8230; En pocas palabras, de nuevo lo van a exhibir, utilizando las mismas \u00abherramientas\u00bb que la izquierda en Veracruz ocup\u00f3 cuando acusaba de todo a gobiernos del PRI y del PAN&#8230; De lo \u00fanico que no se podr\u00e1n quejar en el Gobierno del Estado, que Marl\u00f3n Ram\u00edrez vaya a dar un DISCURSO DEMAGOGO&#8230;.<\/p>\n<p>Pero tan pragm\u00e1ticos son en MORENA que el dirigente estatal, de apellido, Lino porque no nos acordamos el nombre, al parecer, se llama Hugo&#8230; Es que ni siquiera se ha \u00abplaceado\u00bb en medios de comunicaci\u00f3n o en zonas donde se genera la opini\u00f3n p\u00fablica&#8230; Para DEFENDER y por lo menos APOYAR las cifra del Informe del gobernador&#8230; El tal Lino pareciera que tiene un liderazgo tan ins\u00edpido que ni siquiera le han pedido que salga a defender de lo que dicen de Cuitl\u00e1huac.. Todos callados&#8230; Pareciera que el \u00abRey ha muerto\u00bb&#8230;.<\/p>\n<p>EL SILENCIO&#8230; Lo volvemos a repetir el gobernador est\u00e1 s\u00f3lo y su fuerza no llega m\u00e1s all\u00e1 de Palacio de Gobierno&#8230; Su Gabinete \u00abMontessori\u00bb(Aquel en donde cada uno hace lo que quiere) aun contin\u00faa funcionando dentro de su gobierno&#8230; No le hacen caso, lo embarcan y lo empinan&#8230; No lo ayudan y lo dejan solo.. Nadie implemento una estrategia de control de da\u00f1os, despu\u00e9s de que el s\u00e1bado, Cuitl\u00e1huac Garc\u00eda fue m\u00e1s que fustigado en redes sociales.. Todos sus funcionarios se \u00abarriconaron\u00bb y defendieron su \u00abtrinchera\u00bb&#8230; Nadie dio la cara por \u00e9l&#8230; Pobre cuate tan solo&#8230;<\/p>\n<p>Ni siquiera MORENA le echo la mano en ello&#8230; Le mandaron a Do\u00f1a Olga S\u00e1nchez Cordero, que no est\u00e1 dentro del Primer C\u00edrculo del gabinete de L\u00f3pez Obrador&#8230; S\u00f3lo lo apoy\u00f3 Marti Batres, que en el Senado tiene la fuerza de \u00abun tehuac\u00e1n sin gas\u00bb&#8230; M\u00e1s no Ricardo Monreal, le dio un mensaje de apoyo&#8230; Vamos ni Ernesto P\u00e9rez Astorga o do\u00f1a Gloria S\u00e1nchez, los senadores de Veracruz hablaron de las \u00abbondades\u00bb de Cuitl\u00e1huac&#8230; Si lo hicieron qui\u00e9n sabe en donde porque sus cuentas estaban m\u00e1s \u00abfr\u00edas\u00bb que las \u00abnalgas de un ping\u00fcino en Polo Norte\u00bb..<\/p>\n<p>S\u00f3lo el que se atrevi\u00f3 hacerlo fue Javier G\u00f3mez Cazar\u00edn, el coordinador de los diputados locales de MORENA, pero fue un discurso tan mal preparado, mal estructurado, sin mensaje, sin aportar ning\u00fan dato nuevo&#8230; Que en Ciencia Pol\u00edtica se califica de INSULSO&#8230; Que de nada le sirvi\u00f3 a Cazar\u00edn y por eso le metieron una \u00abmadriza\u00bb de aquellas cuando saco el v\u00eddeo&#8230; Que por cierto tan mal producido, que hasta su imagen p\u00fablica se ve\u00eda p\u00e9sima&#8230; As\u00ed que de nada le sirvi\u00f3&#8230; Ah pa ayuda a Cuitl\u00e1huac&#8230;<\/p>\n<p>De los diputados federales de Veracruz&#8230; Tampoco se hizo p\u00fablico y notorio un \u00abrespaldo\u00bb directo al gobernador, durante o despu\u00e9s de su Informe&#8230; Vamos ni siquiera Ricardo Exhome, se hizo presente en el puerto en alg\u00fan medio de comunicaci\u00f3n para \u00abtaparle el ojo al macho\u00bb que sus relaciones con los funcionarios estatales, no son las mejores y no se ven que vayan a mejorar&#8230; De nuevo.. Todos callaron&#8230; Si eso no le preocupa a Cuitl\u00e1huac, entonces, la suerte est\u00e1 echada en el 2021&#8230; Ser\u00e1 el \u00abpunto de quiebre\u00bb&#8230; TAN&#8230; TAN&#8230;<\/p>\n","protected":false},"excerpt":{"rendered":"<p>Ricardo Ch\u00faa Sale y Vale OJO&#8230; Por si no se han dado cuenta&#8230; El que MORENA a trav\u00e9s del gobierno federal PRESUNTAMENTE haya presionado al \u00abChapito\u00bb Guzm\u00e1n Avil\u00e9s para que los dejar\u00e1 intervenir en el PAN y su grupo legislativo en el Congreso Local&#8230; Colocando a Omar Miranda como su coordinador y quitando al \u00abHe [&hellip;]<\/p>\n","protected":false},"author":2,"featured_media":48429,"comment_status":"open","ping_status":"open","sticky":false,"template":"","format":"standard","meta":{"tdm_status":"","tdm_grid_status":"","footnotes":""},"categories":[70],"tags":[1563,6815,1026,1951,266],"class_list":{"0":"post-50890","1":"post","2":"type-post","3":"status-publish","4":"format-standard","5":"has-post-thumbnail","7":"category-de-opinion","8":"tag-cuitlahuac-garcia-jimenez","9":"tag-maryjose-gamboa-torales","10":"tag-morena","11":"tag-omar-miranda-romero","12":"tag-pan"},"yoast_head":"<!-- This site is optimized with the Yoast SEO plugin v27.4 - https:\/\/yoast.com\/product\/yoast-seo-wordpress\/ -->\n<title>Jucopo ser\u00e1 una hoguera... - Los pol\u00edticos Veracruz<\/title>\n<meta name=\"robots\" content=\"index, follow, max-snippet:-1, max-image-preview:large, max-video-preview:-1\" \/>\n<link rel=\"canonical\" href=\"https:\/\/lospoliticosveracruz.com\/?p=50890\" \/>\n<meta property=\"og:locale\" content=\"es_ES\" \/>\n<meta property=\"og:type\" content=\"article\" \/>\n<meta property=\"og:title\" content=\"Jucopo ser\u00e1 una hoguera... - Los pol\u00edticos Veracruz\" \/>\n<meta property=\"og:description\" content=\"Ricardo Ch\u00faa Sale y Vale OJO&#8230; Por si no se han dado cuenta&#8230; El que MORENA a trav\u00e9s del gobierno federal PRESUNTAMENTE haya presionado al \u00abChapito\u00bb Guzm\u00e1n Avil\u00e9s para que los dejar\u00e1 intervenir en el PAN y su grupo legislativo en el Congreso Local&#8230; Colocando a Omar Miranda como su coordinador y quitando al \u00abHe [&hellip;]\" \/>\n<meta property=\"og:url\" content=\"https:\/\/lospoliticosveracruz.com\/?p=50890\" \/>\n<meta property=\"og:site_name\" content=\"Los pol\u00edticos Veracruz\" \/>\n<meta property=\"article:publisher\" content=\"https:\/\/www.facebook.com\/people\/Notimemes-de-los-Polticos\/61565672886568\/\" \/>\n<meta property=\"article:published_time\" content=\"2019-11-18T15:37:28+00:00\" \/>\n<meta property=\"og:image\" content=\"https:\/\/lospoliticosveracruz.com\/wp-content\/uploads\/2019\/06\/Maryjos\u00e9-Gamboa.jpeg\" \/>\n\t<meta property=\"og:image:width\" content=\"600\" \/>\n\t<meta property=\"og:image:height\" content=\"365\" \/>\n\t<meta property=\"og:image:type\" content=\"image\/jpeg\" \/>\n<meta name=\"author\" content=\"Lo viste en Los Pol\u00edticos\" \/>\n<meta name=\"twitter:card\" content=\"summary_large_image\" \/>\n<meta name=\"twitter:creator\" content=\"@LosPoliticosVer\" \/>\n<meta name=\"twitter:site\" content=\"@LosPoliticosVer\" \/>\n<meta name=\"twitter:label1\" content=\"Escrito por\" \/>\n\t<meta name=\"twitter:data1\" content=\"Lo viste en Los Pol\u00edticos\" \/>\n\t<meta name=\"twitter:label2\" content=\"Tiempo de lectura\" \/>\n\t<meta name=\"twitter:data2\" content=\"5 minutos\" \/>\n<script type=\"application\/ld+json\" class=\"yoast-schema-graph\">{\"@context\":\"https:\\\/\\\/schema.org\",\"@graph\":[{\"@type\":\"Article\",\"@id\":\"https:\\\/\\\/lospoliticosveracruz.com\\\/?p=50890#article\",\"isPartOf\":{\"@id\":\"https:\\\/\\\/lospoliticosveracruz.com\\\/?p=50890\"},\"author\":{\"name\":\"Lo viste en Los Pol\u00edticos\",\"@id\":\"https:\\\/\\\/lospoliticosveracruz.com\\\/#\\\/schema\\\/person\\\/b8702bb0e538456e6efd07080bf2a4a2\"},\"headline\":\"Jucopo ser\u00e1 una hoguera&#8230;\",\"datePublished\":\"2019-11-18T15:37:28+00:00\",\"mainEntityOfPage\":{\"@id\":\"https:\\\/\\\/lospoliticosveracruz.com\\\/?p=50890\"},\"wordCount\":1001,\"commentCount\":0,\"publisher\":{\"@id\":\"https:\\\/\\\/lospoliticosveracruz.com\\\/#organization\"},\"image\":{\"@id\":\"https:\\\/\\\/lospoliticosveracruz.com\\\/?p=50890#primaryimage\"},\"thumbnailUrl\":\"https:\\\/\\\/lospoliticosveracruz.com\\\/wp-content\\\/uploads\\\/2019\\\/06\\\/Maryjos\u00e9-Gamboa.jpeg\",\"keywords\":[\"Cuitl\u00e1huac Garc\u00eda Jim\u00e9nez\",\"Maryjos\u00e9 Gamboa Torales\",\"Morena\",\"Omar Miranda Romero\",\"PAN\"],\"articleSection\":[\"De Opini\u00f3n\"],\"inLanguage\":\"es\",\"potentialAction\":[{\"@type\":\"CommentAction\",\"name\":\"Comment\",\"target\":[\"https:\\\/\\\/lospoliticosveracruz.com\\\/?p=50890#respond\"]}]},{\"@type\":\"WebPage\",\"@id\":\"https:\\\/\\\/lospoliticosveracruz.com\\\/?p=50890\",\"url\":\"https:\\\/\\\/lospoliticosveracruz.com\\\/?p=50890\",\"name\":\"Jucopo ser\u00e1 una hoguera... - Los pol\u00edticos Veracruz\",\"isPartOf\":{\"@id\":\"https:\\\/\\\/lospoliticosveracruz.com\\\/#website\"},\"primaryImageOfPage\":{\"@id\":\"https:\\\/\\\/lospoliticosveracruz.com\\\/?p=50890#primaryimage\"},\"image\":{\"@id\":\"https:\\\/\\\/lospoliticosveracruz.com\\\/?p=50890#primaryimage\"},\"thumbnailUrl\":\"https:\\\/\\\/lospoliticosveracruz.com\\\/wp-content\\\/uploads\\\/2019\\\/06\\\/Maryjos\u00e9-Gamboa.jpeg\",\"datePublished\":\"2019-11-18T15:37:28+00:00\",\"breadcrumb\":{\"@id\":\"https:\\\/\\\/lospoliticosveracruz.com\\\/?p=50890#breadcrumb\"},\"inLanguage\":\"es\",\"potentialAction\":[{\"@type\":\"ReadAction\",\"target\":[\"https:\\\/\\\/lospoliticosveracruz.com\\\/?p=50890\"]}]},{\"@type\":\"ImageObject\",\"inLanguage\":\"es\",\"@id\":\"https:\\\/\\\/lospoliticosveracruz.com\\\/?p=50890#primaryimage\",\"url\":\"https:\\\/\\\/lospoliticosveracruz.com\\\/wp-content\\\/uploads\\\/2019\\\/06\\\/Maryjos\u00e9-Gamboa.jpeg\",\"contentUrl\":\"https:\\\/\\\/lospoliticosveracruz.com\\\/wp-content\\\/uploads\\\/2019\\\/06\\\/Maryjos\u00e9-Gamboa.jpeg\",\"width\":600,\"height\":365},{\"@type\":\"BreadcrumbList\",\"@id\":\"https:\\\/\\\/lospoliticosveracruz.com\\\/?p=50890#breadcrumb\",\"itemListElement\":[{\"@type\":\"ListItem\",\"position\":1,\"name\":\"Portada\",\"item\":\"https:\\\/\\\/lospoliticosveracruz.com\\\/\"},{\"@type\":\"ListItem\",\"position\":2,\"name\":\"Jucopo ser\u00e1 una hoguera&#8230;\"}]},{\"@type\":\"WebSite\",\"@id\":\"https:\\\/\\\/lospoliticosveracruz.com\\\/#website\",\"url\":\"https:\\\/\\\/lospoliticosveracruz.com\\\/\",\"name\":\"Los pol\u00edticos Veracruz\",\"description\":\"\",\"publisher\":{\"@id\":\"https:\\\/\\\/lospoliticosveracruz.com\\\/#organization\"},\"potentialAction\":[{\"@type\":\"SearchAction\",\"target\":{\"@type\":\"EntryPoint\",\"urlTemplate\":\"https:\\\/\\\/lospoliticosveracruz.com\\\/?s={search_term_string}\"},\"query-input\":{\"@type\":\"PropertyValueSpecification\",\"valueRequired\":true,\"valueName\":\"search_term_string\"}}],\"inLanguage\":\"es\"},{\"@type\":\"Organization\",\"@id\":\"https:\\\/\\\/lospoliticosveracruz.com\\\/#organization\",\"name\":\"Los pol\u00edticos Veracruz\",\"url\":\"https:\\\/\\\/lospoliticosveracruz.com\\\/\",\"logo\":{\"@type\":\"ImageObject\",\"inLanguage\":\"es\",\"@id\":\"https:\\\/\\\/lospoliticosveracruz.com\\\/#\\\/schema\\\/logo\\\/image\\\/\",\"url\":\"https:\\\/\\\/lospoliticosveracruz.com\\\/wp-content\\\/uploads\\\/2025\\\/12\\\/Logo-Nuevo-LOS-POLITICOS-1.jpg\",\"contentUrl\":\"https:\\\/\\\/lospoliticosveracruz.com\\\/wp-content\\\/uploads\\\/2025\\\/12\\\/Logo-Nuevo-LOS-POLITICOS-1.jpg\",\"width\":260,\"height\":70,\"caption\":\"Los pol\u00edticos Veracruz\"},\"image\":{\"@id\":\"https:\\\/\\\/lospoliticosveracruz.com\\\/#\\\/schema\\\/logo\\\/image\\\/\"},\"sameAs\":[\"https:\\\/\\\/www.facebook.com\\\/people\\\/Notimemes-de-los-Polticos\\\/61565672886568\\\/\",\"https:\\\/\\\/x.com\\\/LosPoliticosVer\"]},{\"@type\":\"Person\",\"@id\":\"https:\\\/\\\/lospoliticosveracruz.com\\\/#\\\/schema\\\/person\\\/b8702bb0e538456e6efd07080bf2a4a2\",\"name\":\"Lo viste en Los Pol\u00edticos\",\"image\":{\"@type\":\"ImageObject\",\"inLanguage\":\"es\",\"@id\":\"https:\\\/\\\/secure.gravatar.com\\\/avatar\\\/3a8de04a2656d44082be478bd6c086daa447c4651605818287b9532d3d0bd435?s=96&d=mm&r=g\",\"url\":\"https:\\\/\\\/secure.gravatar.com\\\/avatar\\\/3a8de04a2656d44082be478bd6c086daa447c4651605818287b9532d3d0bd435?s=96&d=mm&r=g\",\"contentUrl\":\"https:\\\/\\\/secure.gravatar.com\\\/avatar\\\/3a8de04a2656d44082be478bd6c086daa447c4651605818287b9532d3d0bd435?s=96&d=mm&r=g\",\"caption\":\"Lo viste en Los Pol\u00edticos\"},\"url\":\"https:\\\/\\\/lospoliticosveracruz.com\\\/?author=2\"}]}<\/script>\n<!-- \/ Yoast SEO plugin. -->","yoast_head_json":{"title":"Jucopo ser\u00e1 una hoguera... - Los pol\u00edticos Veracruz","robots":{"index":"index","follow":"follow","max-snippet":"max-snippet:-1","max-image-preview":"max-image-preview:large","max-video-preview":"max-video-preview:-1"},"canonical":"https:\/\/lospoliticosveracruz.com\/?p=50890","og_locale":"es_ES","og_type":"article","og_title":"Jucopo ser\u00e1 una hoguera... - Los pol\u00edticos Veracruz","og_description":"Ricardo Ch\u00faa Sale y Vale OJO&#8230; Por si no se han dado cuenta&#8230; El que MORENA a trav\u00e9s del gobierno federal PRESUNTAMENTE haya presionado al \u00abChapito\u00bb Guzm\u00e1n Avil\u00e9s para que los dejar\u00e1 intervenir en el PAN y su grupo legislativo en el Congreso Local&#8230; Colocando a Omar Miranda como su coordinador y quitando al \u00abHe [&hellip;]","og_url":"https:\/\/lospoliticosveracruz.com\/?p=50890","og_site_name":"Los pol\u00edticos Veracruz","article_publisher":"https:\/\/www.facebook.com\/people\/Notimemes-de-los-Polticos\/61565672886568\/","article_published_time":"2019-11-18T15:37:28+00:00","og_image":[{"width":600,"height":365,"url":"https:\/\/lospoliticosveracruz.com\/wp-content\/uploads\/2019\/06\/Maryjos\u00e9-Gamboa.jpeg","type":"image\/jpeg"}],"author":"Lo viste en Los Pol\u00edticos","twitter_card":"summary_large_image","twitter_creator":"@LosPoliticosVer","twitter_site":"@LosPoliticosVer","twitter_misc":{"Escrito por":"Lo viste en Los Pol\u00edticos","Tiempo de lectura":"5 minutos"},"schema":{"@context":"https:\/\/schema.org","@graph":[{"@type":"Article","@id":"https:\/\/lospoliticosveracruz.com\/?p=50890#article","isPartOf":{"@id":"https:\/\/lospoliticosveracruz.com\/?p=50890"},"author":{"name":"Lo viste en Los Pol\u00edticos","@id":"https:\/\/lospoliticosveracruz.com\/#\/schema\/person\/b8702bb0e538456e6efd07080bf2a4a2"},"headline":"Jucopo ser\u00e1 una hoguera&#8230;","datePublished":"2019-11-18T15:37:28+00:00","mainEntityOfPage":{"@id":"https:\/\/lospoliticosveracruz.com\/?p=50890"},"wordCount":1001,"commentCount":0,"publisher":{"@id":"https:\/\/lospoliticosveracruz.com\/#organization"},"image":{"@id":"https:\/\/lospoliticosveracruz.com\/?p=50890#primaryimage"},"thumbnailUrl":"https:\/\/lospoliticosveracruz.com\/wp-content\/uploads\/2019\/06\/Maryjos\u00e9-Gamboa.jpeg","keywords":["Cuitl\u00e1huac Garc\u00eda Jim\u00e9nez","Maryjos\u00e9 Gamboa Torales","Morena","Omar Miranda Romero","PAN"],"articleSection":["De Opini\u00f3n"],"inLanguage":"es","potentialAction":[{"@type":"CommentAction","name":"Comment","target":["https:\/\/lospoliticosveracruz.com\/?p=50890#respond"]}]},{"@type":"WebPage","@id":"https:\/\/lospoliticosveracruz.com\/?p=50890","url":"https:\/\/lospoliticosveracruz.com\/?p=50890","name":"Jucopo ser\u00e1 una hoguera... - Los pol\u00edticos Veracruz","isPartOf":{"@id":"https:\/\/lospoliticosveracruz.com\/#website"},"primaryImageOfPage":{"@id":"https:\/\/lospoliticosveracruz.com\/?p=50890#primaryimage"},"image":{"@id":"https:\/\/lospoliticosveracruz.com\/?p=50890#primaryimage"},"thumbnailUrl":"https:\/\/lospoliticosveracruz.com\/wp-content\/uploads\/2019\/06\/Maryjos\u00e9-Gamboa.jpeg","datePublished":"2019-11-18T15:37:28+00:00","breadcrumb":{"@id":"https:\/\/lospoliticosveracruz.com\/?p=50890#breadcrumb"},"inLanguage":"es","potentialAction":[{"@type":"ReadAction","target":["https:\/\/lospoliticosveracruz.com\/?p=50890"]}]},{"@type":"ImageObject","inLanguage":"es","@id":"https:\/\/lospoliticosveracruz.com\/?p=50890#primaryimage","url":"https:\/\/lospoliticosveracruz.com\/wp-content\/uploads\/2019\/06\/Maryjos\u00e9-Gamboa.jpeg","contentUrl":"https:\/\/lospoliticosveracruz.com\/wp-content\/uploads\/2019\/06\/Maryjos\u00e9-Gamboa.jpeg","width":600,"height":365},{"@type":"BreadcrumbList","@id":"https:\/\/lospoliticosveracruz.com\/?p=50890#breadcrumb","itemListElement":[{"@type":"ListItem","position":1,"name":"Portada","item":"https:\/\/lospoliticosveracruz.com\/"},{"@type":"ListItem","position":2,"name":"Jucopo ser\u00e1 una hoguera&#8230;"}]},{"@type":"WebSite","@id":"https:\/\/lospoliticosveracruz.com\/#website","url":"https:\/\/lospoliticosveracruz.com\/","name":"Los pol\u00edticos Veracruz","description":"","publisher":{"@id":"https:\/\/lospoliticosveracruz.com\/#organization"},"potentialAction":[{"@type":"SearchAction","target":{"@type":"EntryPoint","urlTemplate":"https:\/\/lospoliticosveracruz.com\/?s={search_term_string}"},"query-input":{"@type":"PropertyValueSpecification","valueRequired":true,"valueName":"search_term_string"}}],"inLanguage":"es"},{"@type":"Organization","@id":"https:\/\/lospoliticosveracruz.com\/#organization","name":"Los pol\u00edticos Veracruz","url":"https:\/\/lospoliticosveracruz.com\/","logo":{"@type":"ImageObject","inLanguage":"es","@id":"https:\/\/lospoliticosveracruz.com\/#\/schema\/logo\/image\/","url":"https:\/\/lospoliticosveracruz.com\/wp-content\/uploads\/2025\/12\/Logo-Nuevo-LOS-POLITICOS-1.jpg","contentUrl":"https:\/\/lospoliticosveracruz.com\/wp-content\/uploads\/2025\/12\/Logo-Nuevo-LOS-POLITICOS-1.jpg","width":260,"height":70,"caption":"Los pol\u00edticos Veracruz"},"image":{"@id":"https:\/\/lospoliticosveracruz.com\/#\/schema\/logo\/image\/"},"sameAs":["https:\/\/www.facebook.com\/people\/Notimemes-de-los-Polticos\/61565672886568\/","https:\/\/x.com\/LosPoliticosVer"]},{"@type":"Person","@id":"https:\/\/lospoliticosveracruz.com\/#\/schema\/person\/b8702bb0e538456e6efd07080bf2a4a2","name":"Lo viste en Los Pol\u00edticos","image":{"@type":"ImageObject","inLanguage":"es","@id":"https:\/\/secure.gravatar.com\/avatar\/3a8de04a2656d44082be478bd6c086daa447c4651605818287b9532d3d0bd435?s=96&d=mm&r=g","url":"https:\/\/secure.gravatar.com\/avatar\/3a8de04a2656d44082be478bd6c086daa447c4651605818287b9532d3d0bd435?s=96&d=mm&r=g","contentUrl":"https:\/\/secure.gravatar.com\/avatar\/3a8de04a2656d44082be478bd6c086daa447c4651605818287b9532d3d0bd435?s=96&d=mm&r=g","caption":"Lo viste en Los Pol\u00edticos"},"url":"https:\/\/lospoliticosveracruz.com\/?author=2"}]}},"_links":{"self":[{"href":"https:\/\/lospoliticosveracruz.com\/index.php?rest_route=\/wp\/v2\/posts\/50890","targetHints":{"allow":["GET"]}}],"collection":[{"href":"https:\/\/lospoliticosveracruz.com\/index.php?rest_route=\/wp\/v2\/posts"}],"about":[{"href":"https:\/\/lospoliticosveracruz.com\/index.php?rest_route=\/wp\/v2\/types\/post"}],"author":[{"embeddable":true,"href":"https:\/\/lospoliticosveracruz.com\/index.php?rest_route=\/wp\/v2\/users\/2"}],"replies":[{"embeddable":true,"href":"https:\/\/lospoliticosveracruz.com\/index.php?rest_route=%2Fwp%2Fv2%2Fcomments&post=50890"}],"version-history":[{"count":1,"href":"https:\/\/lospoliticosveracruz.com\/index.php?rest_route=\/wp\/v2\/posts\/50890\/revisions"}],"predecessor-version":[{"id":50891,"href":"https:\/\/lospoliticosveracruz.com\/index.php?rest_route=\/wp\/v2\/posts\/50890\/revisions\/50891"}],"wp:featuredmedia":[{"embeddable":true,"href":"https:\/\/lospoliticosveracruz.com\/index.php?rest_route=\/wp\/v2\/media\/48429"}],"wp:attachment":[{"href":"https:\/\/lospoliticosveracruz.com\/index.php?rest_route=%2Fwp%2Fv2%2Fmedia&parent=50890"}],"wp:term":[{"taxonomy":"category","embeddable":true,"href":"https:\/\/lospoliticosveracruz.com\/index.php?rest_route=%2Fwp%2Fv2%2Fcategories&post=50890"},{"taxonomy":"post_tag","embeddable":true,"href":"https:\/\/lospoliticosveracruz.com\/index.php?rest_route=%2Fwp%2Fv2%2Ftags&post=50890"}],"curies":[{"name":"wp","href":"https:\/\/api.w.org\/{rel}","templated":true}]}}