{"id":50907,"date":"2019-11-19T08:38:07","date_gmt":"2019-11-19T14:38:07","guid":{"rendered":"http:\/\/www.lospoliticosveracruz.com.mx\/?p=50907"},"modified":"2019-11-19T08:38:07","modified_gmt":"2019-11-19T14:38:07","slug":"el-mclaren-del-puerto-y-su-dueno","status":"publish","type":"post","link":"https:\/\/lospoliticosveracruz.com\/?p=50907","title":{"rendered":"El McLaren del Puerto&#8230; \u00a1y su due\u00f1o!"},"content":{"rendered":"<p><strong>Ricardo Ch\u00faa<\/strong><\/p>\n<p><em>Sale y Vale<\/em><\/p>\n<p>VERACRUZ, ABUSOS Y VIOLENCIA IMPARABLES&#8230; El I Informe de Gobierno de Cuitl\u00e1huac Garc\u00eda pudo haber dicho que la violencia y la criminalidad en la entidad ya bajaron&#8230; Pero los hechos dicen otra cosa&#8230; Este domingo se report\u00f3, si no nos equivocamos el caso n\u00famero 9 o 10 de una mujer que sufri\u00f3 agresi\u00f3n sexual a unos metros del Hospital General de Veracruz, por el Centro Hist\u00f3rico, la chica de 23 a\u00f1os estaba hospedada en un hotel de la zona, cuando caminaba por la avenida 20 de noviembre, fue violentada y ultrajada&#8230;. \u00bfY la seguridad?&#8230;<\/p>\n<p>Aqu\u00ed s\u00f3lo queda apuntar que con este nuevo caso&#8230; Si la Fiscal\u00eda de Veracruz no da un resultado pronto para que acaben estos casos que violentan la integridad de la mujer&#8230; Va a quedar claro que la encargada de la FGE, Ver\u00f3nica Hern\u00e1ndez, no sirve para el cargo&#8230; Van casi 10 casos en un mes y no se puede dar con el paradero de los personajes que est\u00e1n llevando a cabo estos delitos&#8230; \u00bfAcaso en Veracruz puerto existe una banda de violadores seriales?&#8230; Y Cuitl\u00e1huac callado&#8230; Ver\u00f3nica Hern\u00e1ndez est\u00e1 muda&#8230; Todos en silencio&#8230;<\/p>\n<p>Falta que como los agresiones sexuales se presentan un municipio gobernado por el PAN, falta que por ello el gobierno estatal de MORENA no act\u00fae&#8230;Ser\u00eda un caso grave&#8230; Y no s\u00f3lo es ese tipo de violencia&#8230; Sino tambi\u00e9n la inseguridad llega hasta las carreteras de Veracruz&#8230; Volvieron asaltar a un cami\u00f3n de pasajeros en la carretera 180 de los llamados de \u00absegunda clase\u00bb&#8230; Hace d\u00eda hab\u00edan secuestrado un cami\u00f3n con pasajeros en Alvarado&#8230; La violencia est\u00e1 imparable&#8230; Y eso no se puede negar&#8230; El crimen vuelve a ganar la batalla&#8230; AMEN..<\/p>\n<p>EL SUBEJERCICIO.. Pareciera que todos los gobernadores de MORENA en M\u00e9xico tienen la consigna de no aplicar los recursos federales en los estados&#8230; Para que este dinero puede ser devuelto al gobierno federal de L\u00f3pez Obrador para que lo gaste en donde \u00e9l decida&#8230; El Presidente lo ocupar\u00e1 en lo que quiera, m\u00e1s no en Veracruz.. Seg\u00fan el dirigente estatal del PRI, Marl\u00f3n Ram\u00edrez, el gobernador, Cuitl\u00e1huac Garc\u00eda tendr\u00e1 un subejercicio de casi 5 mil millones de pesos en este a\u00f1o.. A d\u00f3nde va ese dinero&#8230;<\/p>\n<p>Y eso no s\u00f3lo pasa en Veracruz&#8230; Dense una vuelta en Puebla de Barbosa y ver\u00e1n que no hay obra p\u00fablica&#8230; Morelos ni se diga, lo mismo Tabasco, Chiapas y CDMX&#8230; Pareciera una consigna&#8230; Ojal\u00e1 Cuitl\u00e1huac Garc\u00eda tuviera los argumentos suficientes para \u00abcallarle la boca\u00bb a Marl\u00f3n&#8230;. Pero no los tiene&#8230; Y s\u00f3lo dir\u00e1 que son ataques de un priista \u00abaliado\u00bb a Yunes, conservador, noeliberal, fifi.. Etc\u00e9tera y m\u00e1s etc\u00e9tera.. El caso es que Cuitl\u00e1huac terminar\u00e1 devolviendo ese dinero&#8230; No le queda de otro&#8230; Veracruz que se joda&#8230;<\/p>\n<p>Los propios emprearios se\u00f1alan que no hay obra p\u00fablica, en sector salud no hay medicamentos y programas preventivos para evitar propagaci\u00f3n de enfermedades como en dengue&#8230; La inseguridad rebaso a la administraci\u00f3n.. La tasa de desempleo aumenta en la entidad y hay desaceleraci\u00f3n econ\u00f3mica&#8230; En Veracruz el pueblo sufre de caos pol\u00edtico y hay carencia de flujo de efectivo en el sector comercial&#8230; En pocas palabras no hay dinero y todav\u00eda el gobierno del Estado lo devuelve&#8230; \u00abMalditos aquellos que con sus palabras defienden al pueblo y con sus hechos los traicionan\u00bb. Benito Ju\u00e1rez&#8230; El que entendi\u00f3, entendi\u00f3&#8230;<\/p>\n<p>DE RICOS Y SABROSOS&#8230; Desde hace unos d\u00edas en las principales zonas de Veracruz y Boca del R\u00edo, se ha dejado ver un \u00absuper\u00bb auto deportivo, de eso que s\u00f3lo trae Cristiano Ronaldo, Messi o alg\u00fan Jeque \u00c1rabe por las calles de Monaco o la Riviera Francesa&#8230; El mentado \u00abcarrito\u00bb es un McLaren 720, una edici\u00f3n limitada SPA, color amarillo (como pa que no se note) y que seg\u00fan, el \u00abRicardo\u00bb consultado vale alrededor de 10 millones de pesos esa unidad&#8230; Es decir, unos 500 mil d\u00f3lares o m\u00e1s dependiendo de la demanda&#8230; Propiedad de un constructor del puerto de Veracruz&#8230;<\/p>\n<p>Ese valor tiene porque este \u00abMcLaren\u00bb es una edici\u00f3n limitada, que al parecer, s\u00f3lo hay 3 en el mundo&#8230; Y tenemos la suerte verlo rodar por el bulevar de Boca del R\u00edo&#8230; La edici\u00f3n que \u00abno es especial\u00bb vale alrededor de 6 millones de pesos, es decir, 300 mil d\u00f3lares.. Pero no, la que anda por las calles de Veracruz y Boca, es la versi\u00f3n de super lujo&#8230; Muchos chismosos del \u00abJet Set\u00bb dec\u00edan que el due\u00f1o es un personaje de nombre: Flavio, familiar de los magnates de \u00abPuente Moreno\u00bb&#8230;<\/p>\n<p>Y es que este tipo de autos no se ven todos los d\u00edas por las calles de Boca del R\u00edo, si no es Miami, pero a todos los \u00abricos y sabrosos\u00bb los ten\u00eda intrigados de qui\u00e9n era el due\u00f1o porque lo ve\u00edan circular&#8230; Adem\u00e1s de que anda rolando sin placas, ni permisos&#8230; Eso hace ver el grado de influencia que tiene el due\u00f1o, Por eso, un personaje de talla, pues, si puede tener un carro como este y m\u00e1s si quiere&#8230;.<\/p>\n<p>S\u00f3lo hay que recordar que el due\u00f1o del veh\u00edculo, presuntamente, es socio de esas \u00abpir\u00e1mides y torres\u00bb de departamentos que se est\u00e1n construyendo en los fraccionamientos Virginia y Reforma.. Donde han tenido enfrentamiento con los vecinos que est\u00e1n enojados porque, al parecer, no se han cumplido con las normas y todas las licencias de construcci\u00f3n&#8230; Y que los reclamos de los vecinos han llegado hasta los medios de comunicaci\u00f3n&#8230; Pero bueno el auto est\u00e1 de antolog\u00eda&#8230; Que envidia&#8230; Rico McPato&#8230; AMEN&#8230;<\/p>\n","protected":false},"excerpt":{"rendered":"<p>Ricardo Ch\u00faa Sale y Vale VERACRUZ, ABUSOS Y VIOLENCIA IMPARABLES&#8230; El I Informe de Gobierno de Cuitl\u00e1huac Garc\u00eda pudo haber dicho que la violencia y la criminalidad en la entidad ya bajaron&#8230; Pero los hechos dicen otra cosa&#8230; Este domingo se report\u00f3, si no nos equivocamos el caso n\u00famero 9 o 10 de una mujer [&hellip;]<\/p>\n","protected":false},"author":2,"featured_media":50908,"comment_status":"open","ping_status":"open","sticky":false,"template":"","format":"standard","meta":{"tdm_status":"","tdm_grid_status":"","footnotes":""},"categories":[70],"tags":[1681,13379,12652,1026,266,195],"class_list":{"0":"post-50907","1":"post","2":"type-post","3":"status-publish","4":"format-standard","5":"has-post-thumbnail","7":"category-de-opinion","8":"tag-cuitlahuac-garcia","9":"tag-fiscalia-de-veracruz","10":"tag-hospital-general-de-veracruz","11":"tag-morena","12":"tag-pan","13":"tag-veracruz"},"yoast_head":"<!-- This site is optimized with the Yoast SEO plugin v27.4 - https:\/\/yoast.com\/product\/yoast-seo-wordpress\/ -->\n<title>El McLaren del Puerto... \u00a1y su due\u00f1o! - Los pol\u00edticos Veracruz<\/title>\n<meta name=\"robots\" content=\"index, follow, max-snippet:-1, max-image-preview:large, max-video-preview:-1\" \/>\n<link rel=\"canonical\" href=\"https:\/\/lospoliticosveracruz.com\/?p=50907\" \/>\n<meta property=\"og:locale\" content=\"es_ES\" \/>\n<meta property=\"og:type\" content=\"article\" \/>\n<meta property=\"og:title\" content=\"El McLaren del Puerto... \u00a1y su due\u00f1o! - Los pol\u00edticos Veracruz\" \/>\n<meta property=\"og:description\" content=\"Ricardo Ch\u00faa Sale y Vale VERACRUZ, ABUSOS Y VIOLENCIA IMPARABLES&#8230; El I Informe de Gobierno de Cuitl\u00e1huac Garc\u00eda pudo haber dicho que la violencia y la criminalidad en la entidad ya bajaron&#8230; Pero los hechos dicen otra cosa&#8230; Este domingo se report\u00f3, si no nos equivocamos el caso n\u00famero 9 o 10 de una mujer [&hellip;]\" \/>\n<meta property=\"og:url\" content=\"https:\/\/lospoliticosveracruz.com\/?p=50907\" \/>\n<meta property=\"og:site_name\" content=\"Los pol\u00edticos Veracruz\" \/>\n<meta property=\"article:publisher\" content=\"https:\/\/www.facebook.com\/people\/Notimemes-de-los-Polticos\/61565672886568\/\" \/>\n<meta property=\"article:published_time\" content=\"2019-11-19T14:38:07+00:00\" \/>\n<meta property=\"og:image\" content=\"https:\/\/lospoliticosveracruz.com\/wp-content\/uploads\/2019\/11\/McLaren.jpeg\" \/>\n\t<meta property=\"og:image:width\" content=\"600\" \/>\n\t<meta property=\"og:image:height\" content=\"437\" \/>\n\t<meta property=\"og:image:type\" content=\"image\/jpeg\" \/>\n<meta name=\"author\" content=\"Lo viste en Los Pol\u00edticos\" \/>\n<meta name=\"twitter:card\" content=\"summary_large_image\" \/>\n<meta name=\"twitter:creator\" content=\"@LosPoliticosVer\" \/>\n<meta name=\"twitter:site\" content=\"@LosPoliticosVer\" \/>\n<meta name=\"twitter:label1\" content=\"Escrito por\" \/>\n\t<meta name=\"twitter:data1\" content=\"Lo viste en Los Pol\u00edticos\" \/>\n\t<meta name=\"twitter:label2\" content=\"Tiempo de lectura\" \/>\n\t<meta name=\"twitter:data2\" content=\"5 minutos\" \/>\n<script type=\"application\/ld+json\" class=\"yoast-schema-graph\">{\"@context\":\"https:\\\/\\\/schema.org\",\"@graph\":[{\"@type\":\"Article\",\"@id\":\"https:\\\/\\\/lospoliticosveracruz.com\\\/?p=50907#article\",\"isPartOf\":{\"@id\":\"https:\\\/\\\/lospoliticosveracruz.com\\\/?p=50907\"},\"author\":{\"name\":\"Lo viste en Los Pol\u00edticos\",\"@id\":\"https:\\\/\\\/lospoliticosveracruz.com\\\/#\\\/schema\\\/person\\\/b8702bb0e538456e6efd07080bf2a4a2\"},\"headline\":\"El McLaren del Puerto&#8230; \u00a1y su due\u00f1o!\",\"datePublished\":\"2019-11-19T14:38:07+00:00\",\"mainEntityOfPage\":{\"@id\":\"https:\\\/\\\/lospoliticosveracruz.com\\\/?p=50907\"},\"wordCount\":991,\"commentCount\":0,\"publisher\":{\"@id\":\"https:\\\/\\\/lospoliticosveracruz.com\\\/#organization\"},\"image\":{\"@id\":\"https:\\\/\\\/lospoliticosveracruz.com\\\/?p=50907#primaryimage\"},\"thumbnailUrl\":\"https:\\\/\\\/lospoliticosveracruz.com\\\/wp-content\\\/uploads\\\/2019\\\/11\\\/McLaren.jpeg\",\"keywords\":[\"Cuitl\u00e1huac Garc\u00eda\",\"Fiscal\u00eda de Veracruz\",\"Hospital General de Veracruz\",\"Morena\",\"PAN\",\"Veracruz\"],\"articleSection\":[\"De Opini\u00f3n\"],\"inLanguage\":\"es\",\"potentialAction\":[{\"@type\":\"CommentAction\",\"name\":\"Comment\",\"target\":[\"https:\\\/\\\/lospoliticosveracruz.com\\\/?p=50907#respond\"]}]},{\"@type\":\"WebPage\",\"@id\":\"https:\\\/\\\/lospoliticosveracruz.com\\\/?p=50907\",\"url\":\"https:\\\/\\\/lospoliticosveracruz.com\\\/?p=50907\",\"name\":\"El McLaren del Puerto... \u00a1y su due\u00f1o! - Los pol\u00edticos Veracruz\",\"isPartOf\":{\"@id\":\"https:\\\/\\\/lospoliticosveracruz.com\\\/#website\"},\"primaryImageOfPage\":{\"@id\":\"https:\\\/\\\/lospoliticosveracruz.com\\\/?p=50907#primaryimage\"},\"image\":{\"@id\":\"https:\\\/\\\/lospoliticosveracruz.com\\\/?p=50907#primaryimage\"},\"thumbnailUrl\":\"https:\\\/\\\/lospoliticosveracruz.com\\\/wp-content\\\/uploads\\\/2019\\\/11\\\/McLaren.jpeg\",\"datePublished\":\"2019-11-19T14:38:07+00:00\",\"breadcrumb\":{\"@id\":\"https:\\\/\\\/lospoliticosveracruz.com\\\/?p=50907#breadcrumb\"},\"inLanguage\":\"es\",\"potentialAction\":[{\"@type\":\"ReadAction\",\"target\":[\"https:\\\/\\\/lospoliticosveracruz.com\\\/?p=50907\"]}]},{\"@type\":\"ImageObject\",\"inLanguage\":\"es\",\"@id\":\"https:\\\/\\\/lospoliticosveracruz.com\\\/?p=50907#primaryimage\",\"url\":\"https:\\\/\\\/lospoliticosveracruz.com\\\/wp-content\\\/uploads\\\/2019\\\/11\\\/McLaren.jpeg\",\"contentUrl\":\"https:\\\/\\\/lospoliticosveracruz.com\\\/wp-content\\\/uploads\\\/2019\\\/11\\\/McLaren.jpeg\",\"width\":600,\"height\":437},{\"@type\":\"BreadcrumbList\",\"@id\":\"https:\\\/\\\/lospoliticosveracruz.com\\\/?p=50907#breadcrumb\",\"itemListElement\":[{\"@type\":\"ListItem\",\"position\":1,\"name\":\"Portada\",\"item\":\"https:\\\/\\\/lospoliticosveracruz.com\\\/\"},{\"@type\":\"ListItem\",\"position\":2,\"name\":\"El McLaren del Puerto&#8230; \u00a1y su due\u00f1o!\"}]},{\"@type\":\"WebSite\",\"@id\":\"https:\\\/\\\/lospoliticosveracruz.com\\\/#website\",\"url\":\"https:\\\/\\\/lospoliticosveracruz.com\\\/\",\"name\":\"Los pol\u00edticos Veracruz\",\"description\":\"\",\"publisher\":{\"@id\":\"https:\\\/\\\/lospoliticosveracruz.com\\\/#organization\"},\"potentialAction\":[{\"@type\":\"SearchAction\",\"target\":{\"@type\":\"EntryPoint\",\"urlTemplate\":\"https:\\\/\\\/lospoliticosveracruz.com\\\/?s={search_term_string}\"},\"query-input\":{\"@type\":\"PropertyValueSpecification\",\"valueRequired\":true,\"valueName\":\"search_term_string\"}}],\"inLanguage\":\"es\"},{\"@type\":\"Organization\",\"@id\":\"https:\\\/\\\/lospoliticosveracruz.com\\\/#organization\",\"name\":\"Los pol\u00edticos Veracruz\",\"url\":\"https:\\\/\\\/lospoliticosveracruz.com\\\/\",\"logo\":{\"@type\":\"ImageObject\",\"inLanguage\":\"es\",\"@id\":\"https:\\\/\\\/lospoliticosveracruz.com\\\/#\\\/schema\\\/logo\\\/image\\\/\",\"url\":\"https:\\\/\\\/lospoliticosveracruz.com\\\/wp-content\\\/uploads\\\/2025\\\/12\\\/Logo-Nuevo-LOS-POLITICOS-1.jpg\",\"contentUrl\":\"https:\\\/\\\/lospoliticosveracruz.com\\\/wp-content\\\/uploads\\\/2025\\\/12\\\/Logo-Nuevo-LOS-POLITICOS-1.jpg\",\"width\":260,\"height\":70,\"caption\":\"Los pol\u00edticos Veracruz\"},\"image\":{\"@id\":\"https:\\\/\\\/lospoliticosveracruz.com\\\/#\\\/schema\\\/logo\\\/image\\\/\"},\"sameAs\":[\"https:\\\/\\\/www.facebook.com\\\/people\\\/Notimemes-de-los-Polticos\\\/61565672886568\\\/\",\"https:\\\/\\\/x.com\\\/LosPoliticosVer\"]},{\"@type\":\"Person\",\"@id\":\"https:\\\/\\\/lospoliticosveracruz.com\\\/#\\\/schema\\\/person\\\/b8702bb0e538456e6efd07080bf2a4a2\",\"name\":\"Lo viste en Los Pol\u00edticos\",\"image\":{\"@type\":\"ImageObject\",\"inLanguage\":\"es\",\"@id\":\"https:\\\/\\\/secure.gravatar.com\\\/avatar\\\/3a8de04a2656d44082be478bd6c086daa447c4651605818287b9532d3d0bd435?s=96&d=mm&r=g\",\"url\":\"https:\\\/\\\/secure.gravatar.com\\\/avatar\\\/3a8de04a2656d44082be478bd6c086daa447c4651605818287b9532d3d0bd435?s=96&d=mm&r=g\",\"contentUrl\":\"https:\\\/\\\/secure.gravatar.com\\\/avatar\\\/3a8de04a2656d44082be478bd6c086daa447c4651605818287b9532d3d0bd435?s=96&d=mm&r=g\",\"caption\":\"Lo viste en Los Pol\u00edticos\"},\"url\":\"https:\\\/\\\/lospoliticosveracruz.com\\\/?author=2\"}]}<\/script>\n<!-- \/ Yoast SEO plugin. -->","yoast_head_json":{"title":"El McLaren del Puerto... \u00a1y su due\u00f1o! - Los pol\u00edticos Veracruz","robots":{"index":"index","follow":"follow","max-snippet":"max-snippet:-1","max-image-preview":"max-image-preview:large","max-video-preview":"max-video-preview:-1"},"canonical":"https:\/\/lospoliticosveracruz.com\/?p=50907","og_locale":"es_ES","og_type":"article","og_title":"El McLaren del Puerto... \u00a1y su due\u00f1o! - Los pol\u00edticos Veracruz","og_description":"Ricardo Ch\u00faa Sale y Vale VERACRUZ, ABUSOS Y VIOLENCIA IMPARABLES&#8230; El I Informe de Gobierno de Cuitl\u00e1huac Garc\u00eda pudo haber dicho que la violencia y la criminalidad en la entidad ya bajaron&#8230; Pero los hechos dicen otra cosa&#8230; Este domingo se report\u00f3, si no nos equivocamos el caso n\u00famero 9 o 10 de una mujer [&hellip;]","og_url":"https:\/\/lospoliticosveracruz.com\/?p=50907","og_site_name":"Los pol\u00edticos Veracruz","article_publisher":"https:\/\/www.facebook.com\/people\/Notimemes-de-los-Polticos\/61565672886568\/","article_published_time":"2019-11-19T14:38:07+00:00","og_image":[{"width":600,"height":437,"url":"https:\/\/lospoliticosveracruz.com\/wp-content\/uploads\/2019\/11\/McLaren.jpeg","type":"image\/jpeg"}],"author":"Lo viste en Los Pol\u00edticos","twitter_card":"summary_large_image","twitter_creator":"@LosPoliticosVer","twitter_site":"@LosPoliticosVer","twitter_misc":{"Escrito por":"Lo viste en Los Pol\u00edticos","Tiempo de lectura":"5 minutos"},"schema":{"@context":"https:\/\/schema.org","@graph":[{"@type":"Article","@id":"https:\/\/lospoliticosveracruz.com\/?p=50907#article","isPartOf":{"@id":"https:\/\/lospoliticosveracruz.com\/?p=50907"},"author":{"name":"Lo viste en Los Pol\u00edticos","@id":"https:\/\/lospoliticosveracruz.com\/#\/schema\/person\/b8702bb0e538456e6efd07080bf2a4a2"},"headline":"El McLaren del Puerto&#8230; \u00a1y su due\u00f1o!","datePublished":"2019-11-19T14:38:07+00:00","mainEntityOfPage":{"@id":"https:\/\/lospoliticosveracruz.com\/?p=50907"},"wordCount":991,"commentCount":0,"publisher":{"@id":"https:\/\/lospoliticosveracruz.com\/#organization"},"image":{"@id":"https:\/\/lospoliticosveracruz.com\/?p=50907#primaryimage"},"thumbnailUrl":"https:\/\/lospoliticosveracruz.com\/wp-content\/uploads\/2019\/11\/McLaren.jpeg","keywords":["Cuitl\u00e1huac Garc\u00eda","Fiscal\u00eda de Veracruz","Hospital General de Veracruz","Morena","PAN","Veracruz"],"articleSection":["De Opini\u00f3n"],"inLanguage":"es","potentialAction":[{"@type":"CommentAction","name":"Comment","target":["https:\/\/lospoliticosveracruz.com\/?p=50907#respond"]}]},{"@type":"WebPage","@id":"https:\/\/lospoliticosveracruz.com\/?p=50907","url":"https:\/\/lospoliticosveracruz.com\/?p=50907","name":"El McLaren del Puerto... \u00a1y su due\u00f1o! - Los pol\u00edticos Veracruz","isPartOf":{"@id":"https:\/\/lospoliticosveracruz.com\/#website"},"primaryImageOfPage":{"@id":"https:\/\/lospoliticosveracruz.com\/?p=50907#primaryimage"},"image":{"@id":"https:\/\/lospoliticosveracruz.com\/?p=50907#primaryimage"},"thumbnailUrl":"https:\/\/lospoliticosveracruz.com\/wp-content\/uploads\/2019\/11\/McLaren.jpeg","datePublished":"2019-11-19T14:38:07+00:00","breadcrumb":{"@id":"https:\/\/lospoliticosveracruz.com\/?p=50907#breadcrumb"},"inLanguage":"es","potentialAction":[{"@type":"ReadAction","target":["https:\/\/lospoliticosveracruz.com\/?p=50907"]}]},{"@type":"ImageObject","inLanguage":"es","@id":"https:\/\/lospoliticosveracruz.com\/?p=50907#primaryimage","url":"https:\/\/lospoliticosveracruz.com\/wp-content\/uploads\/2019\/11\/McLaren.jpeg","contentUrl":"https:\/\/lospoliticosveracruz.com\/wp-content\/uploads\/2019\/11\/McLaren.jpeg","width":600,"height":437},{"@type":"BreadcrumbList","@id":"https:\/\/lospoliticosveracruz.com\/?p=50907#breadcrumb","itemListElement":[{"@type":"ListItem","position":1,"name":"Portada","item":"https:\/\/lospoliticosveracruz.com\/"},{"@type":"ListItem","position":2,"name":"El McLaren del Puerto&#8230; \u00a1y su due\u00f1o!"}]},{"@type":"WebSite","@id":"https:\/\/lospoliticosveracruz.com\/#website","url":"https:\/\/lospoliticosveracruz.com\/","name":"Los pol\u00edticos Veracruz","description":"","publisher":{"@id":"https:\/\/lospoliticosveracruz.com\/#organization"},"potentialAction":[{"@type":"SearchAction","target":{"@type":"EntryPoint","urlTemplate":"https:\/\/lospoliticosveracruz.com\/?s={search_term_string}"},"query-input":{"@type":"PropertyValueSpecification","valueRequired":true,"valueName":"search_term_string"}}],"inLanguage":"es"},{"@type":"Organization","@id":"https:\/\/lospoliticosveracruz.com\/#organization","name":"Los pol\u00edticos Veracruz","url":"https:\/\/lospoliticosveracruz.com\/","logo":{"@type":"ImageObject","inLanguage":"es","@id":"https:\/\/lospoliticosveracruz.com\/#\/schema\/logo\/image\/","url":"https:\/\/lospoliticosveracruz.com\/wp-content\/uploads\/2025\/12\/Logo-Nuevo-LOS-POLITICOS-1.jpg","contentUrl":"https:\/\/lospoliticosveracruz.com\/wp-content\/uploads\/2025\/12\/Logo-Nuevo-LOS-POLITICOS-1.jpg","width":260,"height":70,"caption":"Los pol\u00edticos Veracruz"},"image":{"@id":"https:\/\/lospoliticosveracruz.com\/#\/schema\/logo\/image\/"},"sameAs":["https:\/\/www.facebook.com\/people\/Notimemes-de-los-Polticos\/61565672886568\/","https:\/\/x.com\/LosPoliticosVer"]},{"@type":"Person","@id":"https:\/\/lospoliticosveracruz.com\/#\/schema\/person\/b8702bb0e538456e6efd07080bf2a4a2","name":"Lo viste en Los Pol\u00edticos","image":{"@type":"ImageObject","inLanguage":"es","@id":"https:\/\/secure.gravatar.com\/avatar\/3a8de04a2656d44082be478bd6c086daa447c4651605818287b9532d3d0bd435?s=96&d=mm&r=g","url":"https:\/\/secure.gravatar.com\/avatar\/3a8de04a2656d44082be478bd6c086daa447c4651605818287b9532d3d0bd435?s=96&d=mm&r=g","contentUrl":"https:\/\/secure.gravatar.com\/avatar\/3a8de04a2656d44082be478bd6c086daa447c4651605818287b9532d3d0bd435?s=96&d=mm&r=g","caption":"Lo viste en Los Pol\u00edticos"},"url":"https:\/\/lospoliticosveracruz.com\/?author=2"}]}},"_links":{"self":[{"href":"https:\/\/lospoliticosveracruz.com\/index.php?rest_route=\/wp\/v2\/posts\/50907","targetHints":{"allow":["GET"]}}],"collection":[{"href":"https:\/\/lospoliticosveracruz.com\/index.php?rest_route=\/wp\/v2\/posts"}],"about":[{"href":"https:\/\/lospoliticosveracruz.com\/index.php?rest_route=\/wp\/v2\/types\/post"}],"author":[{"embeddable":true,"href":"https:\/\/lospoliticosveracruz.com\/index.php?rest_route=\/wp\/v2\/users\/2"}],"replies":[{"embeddable":true,"href":"https:\/\/lospoliticosveracruz.com\/index.php?rest_route=%2Fwp%2Fv2%2Fcomments&post=50907"}],"version-history":[{"count":1,"href":"https:\/\/lospoliticosveracruz.com\/index.php?rest_route=\/wp\/v2\/posts\/50907\/revisions"}],"predecessor-version":[{"id":50909,"href":"https:\/\/lospoliticosveracruz.com\/index.php?rest_route=\/wp\/v2\/posts\/50907\/revisions\/50909"}],"wp:featuredmedia":[{"embeddable":true,"href":"https:\/\/lospoliticosveracruz.com\/index.php?rest_route=\/wp\/v2\/media\/50908"}],"wp:attachment":[{"href":"https:\/\/lospoliticosveracruz.com\/index.php?rest_route=%2Fwp%2Fv2%2Fmedia&parent=50907"}],"wp:term":[{"taxonomy":"category","embeddable":true,"href":"https:\/\/lospoliticosveracruz.com\/index.php?rest_route=%2Fwp%2Fv2%2Fcategories&post=50907"},{"taxonomy":"post_tag","embeddable":true,"href":"https:\/\/lospoliticosveracruz.com\/index.php?rest_route=%2Fwp%2Fv2%2Ftags&post=50907"}],"curies":[{"name":"wp","href":"https:\/\/api.w.org\/{rel}","templated":true}]}}