{"id":50983,"date":"2019-11-22T07:36:07","date_gmt":"2019-11-22T13:36:07","guid":{"rendered":"http:\/\/www.lospoliticosveracruz.com.mx\/?p=50983"},"modified":"2019-11-22T07:36:07","modified_gmt":"2019-11-22T13:36:07","slug":"el-neron-mesoamericano-y-su-pais-incendiado","status":"publish","type":"post","link":"https:\/\/lospoliticosveracruz.com\/?p=50983","title":{"rendered":"\u00a0El Ner\u00f3n mesoamericano y su pa\u00eds incendiado"},"content":{"rendered":"<p><strong>Felipe de Jes\u00fas Fern\u00e1ndez Basilio<\/strong><\/p>\n<p><em>Desde a Janela<\/em><\/p>\n<p>As\u00ed es queridos lectores, por desgracia ya nos estamos acostumbrando a ser un pa\u00eds en guerra, un pa\u00eds en donde la violencia es pan de todos los d\u00edas y que \u00e9sta no solo proviene del crimen organizado sino de toda clase de grupos que vandalizan universidades, comercios, casa y que secuestran veh\u00edculos y v\u00edas de comunicaci\u00f3n.<\/p>\n<p>Y todo ello sin dejar de lado el bache econ\u00f3mico por el que M\u00e9xico atraviesa con el crecimiento econ\u00f3mico nulo y la ca\u00edda del \u00edndice del empleo formal entre otros muchos indicadores que nos dice que no se est\u00e1 conduciendo adecuadamente el pa\u00eds.<\/p>\n<p>Mas a pesar de todos los problemas, tenemos a un presidente enajenado que al igual que el c\u00e9lebre emperador romano Ner\u00f3n se dedica a escribir libros, al parecer muy vendidos en las plataformas comerciales m\u00e1s neoliberales del planeta y los que no se encuentran en los tianguis de pueblo, en los que habla del origen de la corrupci\u00f3n en M\u00e9xico y otros temas generales con mucha enjundia, pero con escaso rigor hist\u00f3rico y escribe mientras el pa\u00eds se incendia.<\/p>\n<p>Y ya que tocamos a Ner\u00f3n, queda la duda si el incendio es fortuito o es provocado, aunque sabemos que una parte de la ignici\u00f3n s\u00ed es causada por el presidente y sus huestes y esa es la constante violaci\u00f3n a las leyes org\u00e1nicas tanto constitucionales como legales para invadir y pisotear a todos los \u00f3rganos aut\u00f3nomos del pa\u00eds, ya que los morenistas se comportan como las termitas, una vez que penetran en una instituci\u00f3n la destruyen por completo desde su interior.<\/p>\n<p>Mas cuando se desmantelan las instituciones democr\u00e1ticas, lo que sucede es que se pierde la confianza en el pa\u00eds y como ejemplo de lo anterior tenemos que si antes alguien se quejaba de que los omb\u00fadsmanes eran d\u00e9biles y complacientes con el gobierno; ahora esa situaci\u00f3n va a empeorar, ya que la actual aparte de ser dudosa su elecci\u00f3n da la impresi\u00f3n de ser una pelele de Palacio Nacional y eso se confirma porque a pesar de no cumplir con los requisitos legales para desempe\u00f1ar el cargo entre ellos no tener militancia partidista cuando hasta hace poco se desempe\u00f1aba en la dirigencia del partido en el gobierno, seg\u00fan el presidente hubiera sido \u201cinjusto\u201d no designarla para tal cargo.<\/p>\n<p>Y lo mismo sucede con la Suprema Corte de Justicia y el Consejo de la Judicatura Federal, organismos que poco a poco van siendo infiltrados por amistades y antiguos colaboradores de L\u00f3pez, lo cual resta credibilidad e imparcialidad tanto a la que es la m\u00e1xima instancia en la impartici\u00f3n de justicia como al \u00f3rgano que se encarga de designar a jueces y magistrados en todo el pa\u00eds.<\/p>\n<p>Esa parte del incendio s\u00ed es atribuible a nuestro Ner\u00f3n presidente.<\/p>\n<p>Mas volviendo a los comportamientos neronianos de L\u00f3pez, tenemos que tambi\u00e9n se dedica a llevar a cabo aventuras estilo la guerra fr\u00eda pero de cuarta, como hasta el momento es su gobierno, al rogar a un presidente defenestrado para que venga a asilarse a M\u00e9xico para desde aqu\u00ed seguir dando \u00f3rdenes a sus compinches para desestabilizar y aterrorizar a su pa\u00eds y regresar al mismo en\u00a0 la primera oportunidad que tenga, pasando por alto L\u00f3pez todas las convenciones internacionales acerca de lo que es el asilo pol\u00edtico.<\/p>\n<p>Y en el colmo del caso, el presidente en persona entrega condecoraciones a los militares que pilotearon la nave que trajo al boliviano a nuestro pa\u00eds, nave que fue comandada nada m\u00e1s y nada menos que por un \u00a1General!<\/p>\n<p>O sea, para dirigir un avi\u00f3n se ocupa a un general del aire, cuando esa es una tarea para personal de rango mucho m\u00e1s bajo; un general que deber\u00eda de estar ocupado dise\u00f1ando estrategias para combatir al crimen organizado es utilizado para hacer un viaje internacional y de rutina y no solo eso, sino que las condecoraciones y los ascensos se entregan por ese tipo de aventuras en lugar de entregarse a los militares que arriesgan su vida y su integridad tanto personal como familiar por intentar mantener la seguridad p\u00fablica, a quienes en lugar de premiar se les reprende por osar tacar al llamado \u201cpueblo bueno\u201d.<\/p>\n<p>Y aunque muchos de los males del pa\u00eds no son culpa de L\u00f3pez, como tampoco la corrupci\u00f3n fue culpa de Cort\u00e9s, s\u00ed es responsabilidad de L\u00f3pez el no hacer lo necesario para combatirlos y m\u00e1s si se ha dado cuenta que sus m\u00e9todos originales no han funcionado y por ello se debe de exigirle que cambie el rumbo y se tome m\u00e1s en serio el rubro de la seguridad y el control de las marchas.<\/p>\n<p>Culiac\u00e1n y la UNAM son testigos de c\u00f3mo est\u00e1 descompuesta la seguridad en M\u00e9xico y casi todos, menos los fan\u00e1ticos, nos damos cuenta de que las cosas van empeorando y mientras el presidente se comporte como el emperador Ner\u00f3n, la situaci\u00f3n va a empeorar.<\/p>\n<p><a href=\"mailto:felfebas@gmail.com\">felfebas@gmail.com<\/a><\/p>\n<p>Twitter: @FelipeFBasilio<\/p>\n","protected":false},"excerpt":{"rendered":"<p>Felipe de Jes\u00fas Fern\u00e1ndez Basilio Desde a Janela As\u00ed es queridos lectores, por desgracia ya nos estamos acostumbrando a ser un pa\u00eds en guerra, un pa\u00eds en donde la violencia es pan de todos los d\u00edas y que \u00e9sta no solo proviene del crimen organizado sino de toda clase de grupos que vandalizan universidades, comercios, [&hellip;]<\/p>\n","protected":false},"author":2,"featured_media":50984,"comment_status":"open","ping_status":"open","sticky":false,"template":"","format":"standard","meta":{"tdm_status":"","tdm_grid_status":"","footnotes":""},"categories":[70],"tags":[12430,12710,395,15793,467],"class_list":{"0":"post-50983","1":"post","2":"type-post","3":"status-publish","4":"format-standard","5":"has-post-thumbnail","7":"category-de-opinion","8":"tag-consejo-de-la-judicatura-federal","9":"tag-felipe-de-jesus-fernandez-basilio","10":"tag-mexico","11":"tag-neron","12":"tag-suprema-corte-de-justicia"},"yoast_head":"<!-- This site is optimized with the Yoast SEO plugin v27.4 - https:\/\/yoast.com\/product\/yoast-seo-wordpress\/ -->\n<title>\u00a0El Ner\u00f3n mesoamericano y su pa\u00eds incendiado - Los pol\u00edticos Veracruz<\/title>\n<meta name=\"robots\" content=\"index, follow, max-snippet:-1, max-image-preview:large, max-video-preview:-1\" \/>\n<link rel=\"canonical\" href=\"https:\/\/lospoliticosveracruz.com\/?p=50983\" \/>\n<meta property=\"og:locale\" content=\"es_ES\" \/>\n<meta property=\"og:type\" content=\"article\" \/>\n<meta property=\"og:title\" content=\"\u00a0El Ner\u00f3n mesoamericano y su pa\u00eds incendiado - Los pol\u00edticos Veracruz\" \/>\n<meta property=\"og:description\" content=\"Felipe de Jes\u00fas Fern\u00e1ndez Basilio Desde a Janela As\u00ed es queridos lectores, por desgracia ya nos estamos acostumbrando a ser un pa\u00eds en guerra, un pa\u00eds en donde la violencia es pan de todos los d\u00edas y que \u00e9sta no solo proviene del crimen organizado sino de toda clase de grupos que vandalizan universidades, comercios, [&hellip;]\" \/>\n<meta property=\"og:url\" content=\"https:\/\/lospoliticosveracruz.com\/?p=50983\" \/>\n<meta property=\"og:site_name\" content=\"Los pol\u00edticos Veracruz\" \/>\n<meta property=\"article:publisher\" content=\"https:\/\/www.facebook.com\/people\/Notimemes-de-los-Polticos\/61565672886568\/\" \/>\n<meta property=\"article:published_time\" content=\"2019-11-22T13:36:07+00:00\" \/>\n<meta property=\"og:image\" content=\"https:\/\/lospoliticosveracruz.com\/wp-content\/uploads\/2019\/11\/Neron.jpg\" \/>\n\t<meta property=\"og:image:width\" content=\"600\" \/>\n\t<meta property=\"og:image:height\" content=\"348\" \/>\n\t<meta property=\"og:image:type\" content=\"image\/jpeg\" \/>\n<meta name=\"author\" content=\"Lo viste en Los Pol\u00edticos\" \/>\n<meta name=\"twitter:card\" content=\"summary_large_image\" \/>\n<meta name=\"twitter:creator\" content=\"@LosPoliticosVer\" \/>\n<meta name=\"twitter:site\" content=\"@LosPoliticosVer\" \/>\n<meta name=\"twitter:label1\" content=\"Escrito por\" \/>\n\t<meta name=\"twitter:data1\" content=\"Lo viste en Los Pol\u00edticos\" \/>\n\t<meta name=\"twitter:label2\" content=\"Tiempo de lectura\" \/>\n\t<meta name=\"twitter:data2\" content=\"4 minutos\" \/>\n<script type=\"application\/ld+json\" class=\"yoast-schema-graph\">{\"@context\":\"https:\\\/\\\/schema.org\",\"@graph\":[{\"@type\":\"Article\",\"@id\":\"https:\\\/\\\/lospoliticosveracruz.com\\\/?p=50983#article\",\"isPartOf\":{\"@id\":\"https:\\\/\\\/lospoliticosveracruz.com\\\/?p=50983\"},\"author\":{\"name\":\"Lo viste en Los Pol\u00edticos\",\"@id\":\"https:\\\/\\\/lospoliticosveracruz.com\\\/#\\\/schema\\\/person\\\/b8702bb0e538456e6efd07080bf2a4a2\"},\"headline\":\"\u00a0El Ner\u00f3n mesoamericano y su pa\u00eds incendiado\",\"datePublished\":\"2019-11-22T13:36:07+00:00\",\"mainEntityOfPage\":{\"@id\":\"https:\\\/\\\/lospoliticosveracruz.com\\\/?p=50983\"},\"wordCount\":900,\"commentCount\":0,\"publisher\":{\"@id\":\"https:\\\/\\\/lospoliticosveracruz.com\\\/#organization\"},\"image\":{\"@id\":\"https:\\\/\\\/lospoliticosveracruz.com\\\/?p=50983#primaryimage\"},\"thumbnailUrl\":\"https:\\\/\\\/lospoliticosveracruz.com\\\/wp-content\\\/uploads\\\/2019\\\/11\\\/Neron.jpg\",\"keywords\":[\"Consejo de la Judicatura Federal\",\"Felipe de Jes\u00fas Fern\u00e1ndez Basilio\",\"M\u00e9xico\",\"Ner\u00f3n\",\"Suprema Corte de Justicia\"],\"articleSection\":[\"De Opini\u00f3n\"],\"inLanguage\":\"es\",\"potentialAction\":[{\"@type\":\"CommentAction\",\"name\":\"Comment\",\"target\":[\"https:\\\/\\\/lospoliticosveracruz.com\\\/?p=50983#respond\"]}]},{\"@type\":\"WebPage\",\"@id\":\"https:\\\/\\\/lospoliticosveracruz.com\\\/?p=50983\",\"url\":\"https:\\\/\\\/lospoliticosveracruz.com\\\/?p=50983\",\"name\":\"\u00a0El Ner\u00f3n mesoamericano y su pa\u00eds incendiado - Los pol\u00edticos Veracruz\",\"isPartOf\":{\"@id\":\"https:\\\/\\\/lospoliticosveracruz.com\\\/#website\"},\"primaryImageOfPage\":{\"@id\":\"https:\\\/\\\/lospoliticosveracruz.com\\\/?p=50983#primaryimage\"},\"image\":{\"@id\":\"https:\\\/\\\/lospoliticosveracruz.com\\\/?p=50983#primaryimage\"},\"thumbnailUrl\":\"https:\\\/\\\/lospoliticosveracruz.com\\\/wp-content\\\/uploads\\\/2019\\\/11\\\/Neron.jpg\",\"datePublished\":\"2019-11-22T13:36:07+00:00\",\"breadcrumb\":{\"@id\":\"https:\\\/\\\/lospoliticosveracruz.com\\\/?p=50983#breadcrumb\"},\"inLanguage\":\"es\",\"potentialAction\":[{\"@type\":\"ReadAction\",\"target\":[\"https:\\\/\\\/lospoliticosveracruz.com\\\/?p=50983\"]}]},{\"@type\":\"ImageObject\",\"inLanguage\":\"es\",\"@id\":\"https:\\\/\\\/lospoliticosveracruz.com\\\/?p=50983#primaryimage\",\"url\":\"https:\\\/\\\/lospoliticosveracruz.com\\\/wp-content\\\/uploads\\\/2019\\\/11\\\/Neron.jpg\",\"contentUrl\":\"https:\\\/\\\/lospoliticosveracruz.com\\\/wp-content\\\/uploads\\\/2019\\\/11\\\/Neron.jpg\",\"width\":600,\"height\":348},{\"@type\":\"BreadcrumbList\",\"@id\":\"https:\\\/\\\/lospoliticosveracruz.com\\\/?p=50983#breadcrumb\",\"itemListElement\":[{\"@type\":\"ListItem\",\"position\":1,\"name\":\"Portada\",\"item\":\"https:\\\/\\\/lospoliticosveracruz.com\\\/\"},{\"@type\":\"ListItem\",\"position\":2,\"name\":\"\u00a0El Ner\u00f3n mesoamericano y su pa\u00eds incendiado\"}]},{\"@type\":\"WebSite\",\"@id\":\"https:\\\/\\\/lospoliticosveracruz.com\\\/#website\",\"url\":\"https:\\\/\\\/lospoliticosveracruz.com\\\/\",\"name\":\"Los pol\u00edticos Veracruz\",\"description\":\"\",\"publisher\":{\"@id\":\"https:\\\/\\\/lospoliticosveracruz.com\\\/#organization\"},\"potentialAction\":[{\"@type\":\"SearchAction\",\"target\":{\"@type\":\"EntryPoint\",\"urlTemplate\":\"https:\\\/\\\/lospoliticosveracruz.com\\\/?s={search_term_string}\"},\"query-input\":{\"@type\":\"PropertyValueSpecification\",\"valueRequired\":true,\"valueName\":\"search_term_string\"}}],\"inLanguage\":\"es\"},{\"@type\":\"Organization\",\"@id\":\"https:\\\/\\\/lospoliticosveracruz.com\\\/#organization\",\"name\":\"Los pol\u00edticos Veracruz\",\"url\":\"https:\\\/\\\/lospoliticosveracruz.com\\\/\",\"logo\":{\"@type\":\"ImageObject\",\"inLanguage\":\"es\",\"@id\":\"https:\\\/\\\/lospoliticosveracruz.com\\\/#\\\/schema\\\/logo\\\/image\\\/\",\"url\":\"https:\\\/\\\/lospoliticosveracruz.com\\\/wp-content\\\/uploads\\\/2025\\\/12\\\/Logo-Nuevo-LOS-POLITICOS-1.jpg\",\"contentUrl\":\"https:\\\/\\\/lospoliticosveracruz.com\\\/wp-content\\\/uploads\\\/2025\\\/12\\\/Logo-Nuevo-LOS-POLITICOS-1.jpg\",\"width\":260,\"height\":70,\"caption\":\"Los pol\u00edticos Veracruz\"},\"image\":{\"@id\":\"https:\\\/\\\/lospoliticosveracruz.com\\\/#\\\/schema\\\/logo\\\/image\\\/\"},\"sameAs\":[\"https:\\\/\\\/www.facebook.com\\\/people\\\/Notimemes-de-los-Polticos\\\/61565672886568\\\/\",\"https:\\\/\\\/x.com\\\/LosPoliticosVer\"]},{\"@type\":\"Person\",\"@id\":\"https:\\\/\\\/lospoliticosveracruz.com\\\/#\\\/schema\\\/person\\\/b8702bb0e538456e6efd07080bf2a4a2\",\"name\":\"Lo viste en Los Pol\u00edticos\",\"image\":{\"@type\":\"ImageObject\",\"inLanguage\":\"es\",\"@id\":\"https:\\\/\\\/secure.gravatar.com\\\/avatar\\\/3a8de04a2656d44082be478bd6c086daa447c4651605818287b9532d3d0bd435?s=96&d=mm&r=g\",\"url\":\"https:\\\/\\\/secure.gravatar.com\\\/avatar\\\/3a8de04a2656d44082be478bd6c086daa447c4651605818287b9532d3d0bd435?s=96&d=mm&r=g\",\"contentUrl\":\"https:\\\/\\\/secure.gravatar.com\\\/avatar\\\/3a8de04a2656d44082be478bd6c086daa447c4651605818287b9532d3d0bd435?s=96&d=mm&r=g\",\"caption\":\"Lo viste en Los Pol\u00edticos\"},\"url\":\"https:\\\/\\\/lospoliticosveracruz.com\\\/?author=2\"}]}<\/script>\n<!-- \/ Yoast SEO plugin. -->","yoast_head_json":{"title":"\u00a0El Ner\u00f3n mesoamericano y su pa\u00eds incendiado - Los pol\u00edticos Veracruz","robots":{"index":"index","follow":"follow","max-snippet":"max-snippet:-1","max-image-preview":"max-image-preview:large","max-video-preview":"max-video-preview:-1"},"canonical":"https:\/\/lospoliticosveracruz.com\/?p=50983","og_locale":"es_ES","og_type":"article","og_title":"\u00a0El Ner\u00f3n mesoamericano y su pa\u00eds incendiado - Los pol\u00edticos Veracruz","og_description":"Felipe de Jes\u00fas Fern\u00e1ndez Basilio Desde a Janela As\u00ed es queridos lectores, por desgracia ya nos estamos acostumbrando a ser un pa\u00eds en guerra, un pa\u00eds en donde la violencia es pan de todos los d\u00edas y que \u00e9sta no solo proviene del crimen organizado sino de toda clase de grupos que vandalizan universidades, comercios, [&hellip;]","og_url":"https:\/\/lospoliticosveracruz.com\/?p=50983","og_site_name":"Los pol\u00edticos Veracruz","article_publisher":"https:\/\/www.facebook.com\/people\/Notimemes-de-los-Polticos\/61565672886568\/","article_published_time":"2019-11-22T13:36:07+00:00","og_image":[{"width":600,"height":348,"url":"https:\/\/lospoliticosveracruz.com\/wp-content\/uploads\/2019\/11\/Neron.jpg","type":"image\/jpeg"}],"author":"Lo viste en Los Pol\u00edticos","twitter_card":"summary_large_image","twitter_creator":"@LosPoliticosVer","twitter_site":"@LosPoliticosVer","twitter_misc":{"Escrito por":"Lo viste en Los Pol\u00edticos","Tiempo de lectura":"4 minutos"},"schema":{"@context":"https:\/\/schema.org","@graph":[{"@type":"Article","@id":"https:\/\/lospoliticosveracruz.com\/?p=50983#article","isPartOf":{"@id":"https:\/\/lospoliticosveracruz.com\/?p=50983"},"author":{"name":"Lo viste en Los Pol\u00edticos","@id":"https:\/\/lospoliticosveracruz.com\/#\/schema\/person\/b8702bb0e538456e6efd07080bf2a4a2"},"headline":"\u00a0El Ner\u00f3n mesoamericano y su pa\u00eds incendiado","datePublished":"2019-11-22T13:36:07+00:00","mainEntityOfPage":{"@id":"https:\/\/lospoliticosveracruz.com\/?p=50983"},"wordCount":900,"commentCount":0,"publisher":{"@id":"https:\/\/lospoliticosveracruz.com\/#organization"},"image":{"@id":"https:\/\/lospoliticosveracruz.com\/?p=50983#primaryimage"},"thumbnailUrl":"https:\/\/lospoliticosveracruz.com\/wp-content\/uploads\/2019\/11\/Neron.jpg","keywords":["Consejo de la Judicatura Federal","Felipe de Jes\u00fas Fern\u00e1ndez Basilio","M\u00e9xico","Ner\u00f3n","Suprema Corte de Justicia"],"articleSection":["De Opini\u00f3n"],"inLanguage":"es","potentialAction":[{"@type":"CommentAction","name":"Comment","target":["https:\/\/lospoliticosveracruz.com\/?p=50983#respond"]}]},{"@type":"WebPage","@id":"https:\/\/lospoliticosveracruz.com\/?p=50983","url":"https:\/\/lospoliticosveracruz.com\/?p=50983","name":"\u00a0El Ner\u00f3n mesoamericano y su pa\u00eds incendiado - Los pol\u00edticos Veracruz","isPartOf":{"@id":"https:\/\/lospoliticosveracruz.com\/#website"},"primaryImageOfPage":{"@id":"https:\/\/lospoliticosveracruz.com\/?p=50983#primaryimage"},"image":{"@id":"https:\/\/lospoliticosveracruz.com\/?p=50983#primaryimage"},"thumbnailUrl":"https:\/\/lospoliticosveracruz.com\/wp-content\/uploads\/2019\/11\/Neron.jpg","datePublished":"2019-11-22T13:36:07+00:00","breadcrumb":{"@id":"https:\/\/lospoliticosveracruz.com\/?p=50983#breadcrumb"},"inLanguage":"es","potentialAction":[{"@type":"ReadAction","target":["https:\/\/lospoliticosveracruz.com\/?p=50983"]}]},{"@type":"ImageObject","inLanguage":"es","@id":"https:\/\/lospoliticosveracruz.com\/?p=50983#primaryimage","url":"https:\/\/lospoliticosveracruz.com\/wp-content\/uploads\/2019\/11\/Neron.jpg","contentUrl":"https:\/\/lospoliticosveracruz.com\/wp-content\/uploads\/2019\/11\/Neron.jpg","width":600,"height":348},{"@type":"BreadcrumbList","@id":"https:\/\/lospoliticosveracruz.com\/?p=50983#breadcrumb","itemListElement":[{"@type":"ListItem","position":1,"name":"Portada","item":"https:\/\/lospoliticosveracruz.com\/"},{"@type":"ListItem","position":2,"name":"\u00a0El Ner\u00f3n mesoamericano y su pa\u00eds incendiado"}]},{"@type":"WebSite","@id":"https:\/\/lospoliticosveracruz.com\/#website","url":"https:\/\/lospoliticosveracruz.com\/","name":"Los pol\u00edticos Veracruz","description":"","publisher":{"@id":"https:\/\/lospoliticosveracruz.com\/#organization"},"potentialAction":[{"@type":"SearchAction","target":{"@type":"EntryPoint","urlTemplate":"https:\/\/lospoliticosveracruz.com\/?s={search_term_string}"},"query-input":{"@type":"PropertyValueSpecification","valueRequired":true,"valueName":"search_term_string"}}],"inLanguage":"es"},{"@type":"Organization","@id":"https:\/\/lospoliticosveracruz.com\/#organization","name":"Los pol\u00edticos Veracruz","url":"https:\/\/lospoliticosveracruz.com\/","logo":{"@type":"ImageObject","inLanguage":"es","@id":"https:\/\/lospoliticosveracruz.com\/#\/schema\/logo\/image\/","url":"https:\/\/lospoliticosveracruz.com\/wp-content\/uploads\/2025\/12\/Logo-Nuevo-LOS-POLITICOS-1.jpg","contentUrl":"https:\/\/lospoliticosveracruz.com\/wp-content\/uploads\/2025\/12\/Logo-Nuevo-LOS-POLITICOS-1.jpg","width":260,"height":70,"caption":"Los pol\u00edticos Veracruz"},"image":{"@id":"https:\/\/lospoliticosveracruz.com\/#\/schema\/logo\/image\/"},"sameAs":["https:\/\/www.facebook.com\/people\/Notimemes-de-los-Polticos\/61565672886568\/","https:\/\/x.com\/LosPoliticosVer"]},{"@type":"Person","@id":"https:\/\/lospoliticosveracruz.com\/#\/schema\/person\/b8702bb0e538456e6efd07080bf2a4a2","name":"Lo viste en Los Pol\u00edticos","image":{"@type":"ImageObject","inLanguage":"es","@id":"https:\/\/secure.gravatar.com\/avatar\/3a8de04a2656d44082be478bd6c086daa447c4651605818287b9532d3d0bd435?s=96&d=mm&r=g","url":"https:\/\/secure.gravatar.com\/avatar\/3a8de04a2656d44082be478bd6c086daa447c4651605818287b9532d3d0bd435?s=96&d=mm&r=g","contentUrl":"https:\/\/secure.gravatar.com\/avatar\/3a8de04a2656d44082be478bd6c086daa447c4651605818287b9532d3d0bd435?s=96&d=mm&r=g","caption":"Lo viste en Los Pol\u00edticos"},"url":"https:\/\/lospoliticosveracruz.com\/?author=2"}]}},"_links":{"self":[{"href":"https:\/\/lospoliticosveracruz.com\/index.php?rest_route=\/wp\/v2\/posts\/50983","targetHints":{"allow":["GET"]}}],"collection":[{"href":"https:\/\/lospoliticosveracruz.com\/index.php?rest_route=\/wp\/v2\/posts"}],"about":[{"href":"https:\/\/lospoliticosveracruz.com\/index.php?rest_route=\/wp\/v2\/types\/post"}],"author":[{"embeddable":true,"href":"https:\/\/lospoliticosveracruz.com\/index.php?rest_route=\/wp\/v2\/users\/2"}],"replies":[{"embeddable":true,"href":"https:\/\/lospoliticosveracruz.com\/index.php?rest_route=%2Fwp%2Fv2%2Fcomments&post=50983"}],"version-history":[{"count":1,"href":"https:\/\/lospoliticosveracruz.com\/index.php?rest_route=\/wp\/v2\/posts\/50983\/revisions"}],"predecessor-version":[{"id":50985,"href":"https:\/\/lospoliticosveracruz.com\/index.php?rest_route=\/wp\/v2\/posts\/50983\/revisions\/50985"}],"wp:featuredmedia":[{"embeddable":true,"href":"https:\/\/lospoliticosveracruz.com\/index.php?rest_route=\/wp\/v2\/media\/50984"}],"wp:attachment":[{"href":"https:\/\/lospoliticosveracruz.com\/index.php?rest_route=%2Fwp%2Fv2%2Fmedia&parent=50983"}],"wp:term":[{"taxonomy":"category","embeddable":true,"href":"https:\/\/lospoliticosveracruz.com\/index.php?rest_route=%2Fwp%2Fv2%2Fcategories&post=50983"},{"taxonomy":"post_tag","embeddable":true,"href":"https:\/\/lospoliticosveracruz.com\/index.php?rest_route=%2Fwp%2Fv2%2Ftags&post=50983"}],"curies":[{"name":"wp","href":"https:\/\/api.w.org\/{rel}","templated":true}]}}