{"id":50989,"date":"2019-11-22T09:54:11","date_gmt":"2019-11-22T15:54:11","guid":{"rendered":"http:\/\/www.lospoliticosveracruz.com.mx\/?p=50989"},"modified":"2019-11-22T09:54:11","modified_gmt":"2019-11-22T15:54:11","slug":"eric-el-evasor","status":"publish","type":"post","link":"https:\/\/lospoliticosveracruz.com\/?p=50989","title":{"rendered":"Eric, el evasor"},"content":{"rendered":"<p><b>Ricardo Ch\u00faa\u00a0<\/b><\/p>\n<p><i>Sale y Vale<\/i><\/p>\n<p>AL ESTILO PRI&#8230; Ayer empezaron las comparecencias de funcionarios en el Congreso Local&#8230; Y el turno fue para Eric Cisneros, secretario de Gobierno de Cuitl\u00e0huac&#8230; Y m\u00e1s que un evento de alto personaje de MORENA en Veracruz&#8230; Pareci\u00f3 un evento preparado para Erick Lagos, Gerardo Buganza o Reynaldo Escobar&#8230; Al puro estilo PRI.. Donde hay CULTO a la personalidad&#8230; El informe, ese vale \u00abmayes\u00bb, no importa&#8230; Lucirse es lo de hoy&#8230; Los Morenos como priistas o panistas&#8230; No hay duda, los jugadores cambian&#8230; El juego no&#8230;<\/p>\n<p>Bien lo dicen las cr\u00f3nicas por redes sociales de lo sucedido en el recinto&#8230; Era un evento que recordaba a los hechos a funcionarios fidelistas o duartistas&#8230; No a los Yunistas porque ah\u00ed, nadie brillaba m\u00e1s que Miguel Angel, entonces, Rogelio Franco ni fu, ni fa cuando comparec\u00eda&#8230; Pero cuando lo hac\u00eda Erick Lagos, ufff, le cuidaban hasta el perfil de las fotos y el traje&#8230; El de Eric Cisneros fue exactamente lo mismo&#8230; Hasta porras llev\u00f3&#8230; \u00bfNo que en MORENA eran distintos?.. El poder transforma y te hace sentir amado y hasta guapo&#8230; \u00bfO no?&#8230;<\/p>\n<p>Al entrar al Congreso del Estado hab\u00eda cercos de seguridad&#8230; Qui\u00e9n sabe a qu\u00e9 tem\u00edan&#8230; Estaba hasta la Guardia Nacional cuidando la comparecencia, para eso los est\u00e1n ocupando, no para combatir al crimen&#8230; En loa patios del Congreso hab\u00eda sillas y pantallas gigantes para que los asistentes pudieran \u00abdisfrutar\u00bb c\u00f3modamente sentados del evento&#8230; Y no se perdieran i un detalle&#8230; Ya que el Pleno de la Legislatura estatal estaba a \u00abreventar\u00bb&#8230; Pero de funcionarios estatales que les ordenan ir a aplaudirle al Jefe&#8230; Al estilo PRI.. El Juego no cambia&#8230;<\/p>\n<p>As\u00ed que con vigilancia y porras de funcionarios, m\u00e1s acarreados de colonias, no pod\u00eda salir mal nada&#8230; Al menos, en la log\u00edstica priista, perd\u00f3n de MORENA, todo funcion\u00f3 de maravilla&#8230; Obvio a los -acarreados- no les dieron lo mismo $$ que les daban en tiempo de Erick Lagos o Reynaldo Escobar&#8230; Tuvieron que conformarse con los \u00abapoyos austeros\u00bb pero al final de cuentas, en eso no fallaron&#8230; Pero los m\u00e1s aplaudidores eran los funcionarios porque sus \u00abjefes\u00bb estaban vigilando que no dejaran de aplaudir&#8230; OJO&#8230;\u00bfQu\u00e9 no eran priistas?&#8230;<\/p>\n<p>LA EVASI\u00d3N&#8230; Ya en los hechos reales y por lo cual, Eric Cisneros estaba ah\u00ed.. Se puede decir que si no fuera por las porras y la log\u00edstica manejada para quedar bien con el secretario de Gobierno&#8230; Este pas\u00f3 sin \u00abpena, ni gloria\u00bb.. Y, no precisamente porque el funcionario estatal fuera ignorado por los diputados locales&#8230; S\u00f3lo que simplemente NO FUE PREPARADO a la comparecencia y todas las preguntas las evadi\u00f3 al estilo L\u00f3pez Obrador&#8230;<\/p>\n<p>Por lo cual, qued\u00f3 mal parado por la falta de conocimiento de los temas y por una clara actitud de no entrar en debate con nadie porque quedaria en rid\u00edculo por tratar de defender lo indefendible en su funci\u00f3n dentro del gobierno de Cuitl\u00e1huac Garc\u00eda&#8230; Que al final es dar GOBERNABILIDAD a VERACRUZ y no lo hace, ya que alrededor de 180 alcaldes est\u00e1n en contra de esta administraci\u00f3n porque no hay CONSENSO Y NEGOCIACI\u00d3N POL\u00cdTICA, que es el fin por el cual existe una Secretar\u00eda de Gobierno&#8230;<\/p>\n<p>En pocas palabras, su funci\u00f3n ES OPACA porque hay INGOBERNABILIDAD&#8230; Peor aun qued\u00f3 cuando los diputados locales lo cuestionaron sobre la violencia de la cual es objeto el pueblo veracruzano&#8230; Evadi\u00f3 y s\u00f3lo se limitaba a responder que mandar\u00eda la informaci\u00f3n a las oficinas de los diputados&#8230; Marijose Gamboa fue la que m\u00e1s exhibi\u00f3 la falta de conocimiento de Eric Cisneros&#8230; Raro pero no se perdi\u00f3 en discusiones o peleas insulsas&#8230; Lo cuestion\u00f3, le argument\u00f3, le pidi\u00f3 explicaci\u00f3n, lo ret\u00f3 y Eric no supo que contestar&#8230;<\/p>\n<p>El secretario de Gobierno la \u00abquiso meterla en su juego\u00bb mencionando que le \u00abtiene mucho cari\u00f1o\u00bb&#8230; Pero la legisladora ignor\u00f3 todo eso y lo cuestion\u00f3&#8230; Se comport\u00f3 como estadista y pol\u00edtica madura&#8230; Cambio \u00abel chip\u00bb y a todos sorprendi\u00f3&#8230; Por eso, exhibi\u00f3 a Eric Cisneros por falta de conocimiento, no por enfrentarse verbalmente a \u00e9l&#8230; Esa estrategia le funcion\u00f3, no cay\u00f3 en su juego y si se habla en t\u00e9rminos futboleros, Eric perdi\u00f3 su comparecencia por lo menos 1 a 0&#8230;<\/p>\n<p>Si bien es cierto, no hubo violencia verbal dentro del recinto entre diputados y Cisneros Burgos&#8230; Lo que deja de mensaje esta primera comparecencia es que la t\u00e1ctica de la oposici\u00f3n ha cambiado&#8230; Argumentar y no pelear&#8230; Exhibir sin amedrentar&#8230; Dejar en claro que son funcionarios que quedaran bajo sospecha por su falta de experiencia pol\u00edtica al no ir preparados como se debe a un examen como lo es un comparecencia&#8230; OJO TAN AVISAOS&#8230; Y EL QUE AVISA NO TRACIONA&#8230; SEGOB de Veracruz perdi\u00f3.. AMEN&#8230;<\/p>\n<p>PD&#8230;Nos dicen los que saben del tema&#8230; Que la decisi\u00f3n de designar a Omar Miranda, como coordinador de la bancada del PAN en el Congreso Local, por parte de Joaqu\u00ecn Guzm\u00e1n Avil\u00e8s, se le puede tomar ya como su primera pifia, que ha cometido como l\u00edder estatal panista&#8230; Ya que este legislador local lleg\u00f3 a destruir la poca armon\u00eda que quedaba entre sus compa\u00f1eros panista, quienes de \u00abgandalla\u00bb no lo bajan&#8230; Y nos quedamos cortos&#8230;<\/p>\n<p>El tema es que Miranda no entiende que el papel de un coordinador de bancada y como su representante en la Junta de Coordinaci\u00f3n Pol\u00edtica, es el de consensuar&#8230; No el de agandallar.. Ya que es tanto el agandalle de Miranda, que ya incluso, hay molestia entre los propios integrantes de su mini-bancada.. Y \u00e9l sabe perfectamente bien quienes son los que est\u00e1n molestos y el por qu\u00e9&#8230; Tienen presente que quien traiciona una vez.. Lo hace siempre&#8230;<\/p>\n<p>De esa manera, no le quedar\u00e1 de otra al \u00abEl Chapito\u00bb Guzm\u00e1n Avil\u00e9s,.que tendr\u00e1 que entender de que este tipo de decisiones cuando se toman&#8230; Se deben tener una visi\u00f3n de estadista a largo plazo, porque a qui\u00e9n m\u00e1s beneficia estas decisiones es a los adversarios pol\u00edticos del PAN&#8230; Los cuales son quienes ven con benepl\u00e1cito como son los propios diputados panistas son los que se lastiman desde el interior del mismo partido&#8230;. Y por lo tanto, ya no hay oposici\u00f3n&#8230; El que entendi\u00f3, entendi\u00f3.. REQUIEM POR EL CHAPITO&#8230;<\/p>\n","protected":false},"excerpt":{"rendered":"<p>Ricardo Ch\u00faa\u00a0 Sale y Vale AL ESTILO PRI&#8230; Ayer empezaron las comparecencias de funcionarios en el Congreso Local&#8230; Y el turno fue para Eric Cisneros, secretario de Gobierno de Cuitl\u00e0huac&#8230; Y m\u00e1s que un evento de alto personaje de MORENA en Veracruz&#8230; Pareci\u00f3 un evento preparado para Erick Lagos, Gerardo Buganza o Reynaldo Escobar&#8230; Al [&hellip;]<\/p>\n","protected":false},"author":2,"featured_media":50990,"comment_status":"open","ping_status":"open","sticky":false,"template":"","format":"standard","meta":{"tdm_status":"","tdm_grid_status":"","footnotes":""},"categories":[70],"tags":[],"class_list":{"0":"post-50989","1":"post","2":"type-post","3":"status-publish","4":"format-standard","5":"has-post-thumbnail","7":"category-de-opinion"},"yoast_head":"<!-- This site is optimized with the Yoast SEO plugin v27.4 - https:\/\/yoast.com\/product\/yoast-seo-wordpress\/ -->\n<title>Eric, el evasor - Los pol\u00edticos Veracruz<\/title>\n<meta name=\"robots\" content=\"index, follow, max-snippet:-1, max-image-preview:large, max-video-preview:-1\" \/>\n<link rel=\"canonical\" href=\"https:\/\/lospoliticosveracruz.com\/?p=50989\" \/>\n<meta property=\"og:locale\" content=\"es_ES\" \/>\n<meta property=\"og:type\" content=\"article\" \/>\n<meta property=\"og:title\" content=\"Eric, el evasor - Los pol\u00edticos Veracruz\" \/>\n<meta property=\"og:description\" content=\"Ricardo Ch\u00faa\u00a0 Sale y Vale AL ESTILO PRI&#8230; Ayer empezaron las comparecencias de funcionarios en el Congreso Local&#8230; Y el turno fue para Eric Cisneros, secretario de Gobierno de Cuitl\u00e0huac&#8230; Y m\u00e1s que un evento de alto personaje de MORENA en Veracruz&#8230; Pareci\u00f3 un evento preparado para Erick Lagos, Gerardo Buganza o Reynaldo Escobar&#8230; Al [&hellip;]\" \/>\n<meta property=\"og:url\" content=\"https:\/\/lospoliticosveracruz.com\/?p=50989\" \/>\n<meta property=\"og:site_name\" content=\"Los pol\u00edticos Veracruz\" \/>\n<meta property=\"article:publisher\" content=\"https:\/\/www.facebook.com\/people\/Notimemes-de-los-Polticos\/61565672886568\/\" \/>\n<meta property=\"article:published_time\" content=\"2019-11-22T15:54:11+00:00\" \/>\n<meta property=\"og:image\" content=\"https:\/\/lospoliticosveracruz.com\/wp-content\/uploads\/2019\/11\/D72281C8-9B04-4B10-968D-E59BB1510DE2.jpeg\" \/>\n\t<meta property=\"og:image:width\" content=\"1024\" \/>\n\t<meta property=\"og:image:height\" content=\"684\" \/>\n\t<meta property=\"og:image:type\" content=\"image\/jpeg\" \/>\n<meta name=\"author\" content=\"Lo viste en Los Pol\u00edticos\" \/>\n<meta name=\"twitter:card\" content=\"summary_large_image\" \/>\n<meta name=\"twitter:creator\" content=\"@LosPoliticosVer\" \/>\n<meta name=\"twitter:site\" content=\"@LosPoliticosVer\" \/>\n<meta name=\"twitter:label1\" content=\"Escrito por\" \/>\n\t<meta name=\"twitter:data1\" content=\"Lo viste en Los Pol\u00edticos\" \/>\n\t<meta name=\"twitter:label2\" content=\"Tiempo de lectura\" \/>\n\t<meta name=\"twitter:data2\" content=\"5 minutos\" \/>\n<script type=\"application\/ld+json\" class=\"yoast-schema-graph\">{\"@context\":\"https:\\\/\\\/schema.org\",\"@graph\":[{\"@type\":\"Article\",\"@id\":\"https:\\\/\\\/lospoliticosveracruz.com\\\/?p=50989#article\",\"isPartOf\":{\"@id\":\"https:\\\/\\\/lospoliticosveracruz.com\\\/?p=50989\"},\"author\":{\"name\":\"Lo viste en Los Pol\u00edticos\",\"@id\":\"https:\\\/\\\/lospoliticosveracruz.com\\\/#\\\/schema\\\/person\\\/b8702bb0e538456e6efd07080bf2a4a2\"},\"headline\":\"Eric, el evasor\",\"datePublished\":\"2019-11-22T15:54:11+00:00\",\"mainEntityOfPage\":{\"@id\":\"https:\\\/\\\/lospoliticosveracruz.com\\\/?p=50989\"},\"wordCount\":1085,\"commentCount\":0,\"publisher\":{\"@id\":\"https:\\\/\\\/lospoliticosveracruz.com\\\/#organization\"},\"image\":{\"@id\":\"https:\\\/\\\/lospoliticosveracruz.com\\\/?p=50989#primaryimage\"},\"thumbnailUrl\":\"https:\\\/\\\/lospoliticosveracruz.com\\\/wp-content\\\/uploads\\\/2019\\\/11\\\/D72281C8-9B04-4B10-968D-E59BB1510DE2.jpeg\",\"articleSection\":[\"De Opini\u00f3n\"],\"inLanguage\":\"es\",\"potentialAction\":[{\"@type\":\"CommentAction\",\"name\":\"Comment\",\"target\":[\"https:\\\/\\\/lospoliticosveracruz.com\\\/?p=50989#respond\"]}]},{\"@type\":\"WebPage\",\"@id\":\"https:\\\/\\\/lospoliticosveracruz.com\\\/?p=50989\",\"url\":\"https:\\\/\\\/lospoliticosveracruz.com\\\/?p=50989\",\"name\":\"Eric, el evasor - Los pol\u00edticos Veracruz\",\"isPartOf\":{\"@id\":\"https:\\\/\\\/lospoliticosveracruz.com\\\/#website\"},\"primaryImageOfPage\":{\"@id\":\"https:\\\/\\\/lospoliticosveracruz.com\\\/?p=50989#primaryimage\"},\"image\":{\"@id\":\"https:\\\/\\\/lospoliticosveracruz.com\\\/?p=50989#primaryimage\"},\"thumbnailUrl\":\"https:\\\/\\\/lospoliticosveracruz.com\\\/wp-content\\\/uploads\\\/2019\\\/11\\\/D72281C8-9B04-4B10-968D-E59BB1510DE2.jpeg\",\"datePublished\":\"2019-11-22T15:54:11+00:00\",\"breadcrumb\":{\"@id\":\"https:\\\/\\\/lospoliticosveracruz.com\\\/?p=50989#breadcrumb\"},\"inLanguage\":\"es\",\"potentialAction\":[{\"@type\":\"ReadAction\",\"target\":[\"https:\\\/\\\/lospoliticosveracruz.com\\\/?p=50989\"]}]},{\"@type\":\"ImageObject\",\"inLanguage\":\"es\",\"@id\":\"https:\\\/\\\/lospoliticosveracruz.com\\\/?p=50989#primaryimage\",\"url\":\"https:\\\/\\\/lospoliticosveracruz.com\\\/wp-content\\\/uploads\\\/2019\\\/11\\\/D72281C8-9B04-4B10-968D-E59BB1510DE2.jpeg\",\"contentUrl\":\"https:\\\/\\\/lospoliticosveracruz.com\\\/wp-content\\\/uploads\\\/2019\\\/11\\\/D72281C8-9B04-4B10-968D-E59BB1510DE2.jpeg\",\"width\":1024,\"height\":684},{\"@type\":\"BreadcrumbList\",\"@id\":\"https:\\\/\\\/lospoliticosveracruz.com\\\/?p=50989#breadcrumb\",\"itemListElement\":[{\"@type\":\"ListItem\",\"position\":1,\"name\":\"Portada\",\"item\":\"https:\\\/\\\/lospoliticosveracruz.com\\\/\"},{\"@type\":\"ListItem\",\"position\":2,\"name\":\"Eric, el evasor\"}]},{\"@type\":\"WebSite\",\"@id\":\"https:\\\/\\\/lospoliticosveracruz.com\\\/#website\",\"url\":\"https:\\\/\\\/lospoliticosveracruz.com\\\/\",\"name\":\"Los pol\u00edticos Veracruz\",\"description\":\"\",\"publisher\":{\"@id\":\"https:\\\/\\\/lospoliticosveracruz.com\\\/#organization\"},\"potentialAction\":[{\"@type\":\"SearchAction\",\"target\":{\"@type\":\"EntryPoint\",\"urlTemplate\":\"https:\\\/\\\/lospoliticosveracruz.com\\\/?s={search_term_string}\"},\"query-input\":{\"@type\":\"PropertyValueSpecification\",\"valueRequired\":true,\"valueName\":\"search_term_string\"}}],\"inLanguage\":\"es\"},{\"@type\":\"Organization\",\"@id\":\"https:\\\/\\\/lospoliticosveracruz.com\\\/#organization\",\"name\":\"Los pol\u00edticos Veracruz\",\"url\":\"https:\\\/\\\/lospoliticosveracruz.com\\\/\",\"logo\":{\"@type\":\"ImageObject\",\"inLanguage\":\"es\",\"@id\":\"https:\\\/\\\/lospoliticosveracruz.com\\\/#\\\/schema\\\/logo\\\/image\\\/\",\"url\":\"https:\\\/\\\/lospoliticosveracruz.com\\\/wp-content\\\/uploads\\\/2025\\\/12\\\/Logo-Nuevo-LOS-POLITICOS-1.jpg\",\"contentUrl\":\"https:\\\/\\\/lospoliticosveracruz.com\\\/wp-content\\\/uploads\\\/2025\\\/12\\\/Logo-Nuevo-LOS-POLITICOS-1.jpg\",\"width\":260,\"height\":70,\"caption\":\"Los pol\u00edticos Veracruz\"},\"image\":{\"@id\":\"https:\\\/\\\/lospoliticosveracruz.com\\\/#\\\/schema\\\/logo\\\/image\\\/\"},\"sameAs\":[\"https:\\\/\\\/www.facebook.com\\\/people\\\/Notimemes-de-los-Polticos\\\/61565672886568\\\/\",\"https:\\\/\\\/x.com\\\/LosPoliticosVer\"]},{\"@type\":\"Person\",\"@id\":\"https:\\\/\\\/lospoliticosveracruz.com\\\/#\\\/schema\\\/person\\\/b8702bb0e538456e6efd07080bf2a4a2\",\"name\":\"Lo viste en Los Pol\u00edticos\",\"image\":{\"@type\":\"ImageObject\",\"inLanguage\":\"es\",\"@id\":\"https:\\\/\\\/secure.gravatar.com\\\/avatar\\\/3a8de04a2656d44082be478bd6c086daa447c4651605818287b9532d3d0bd435?s=96&d=mm&r=g\",\"url\":\"https:\\\/\\\/secure.gravatar.com\\\/avatar\\\/3a8de04a2656d44082be478bd6c086daa447c4651605818287b9532d3d0bd435?s=96&d=mm&r=g\",\"contentUrl\":\"https:\\\/\\\/secure.gravatar.com\\\/avatar\\\/3a8de04a2656d44082be478bd6c086daa447c4651605818287b9532d3d0bd435?s=96&d=mm&r=g\",\"caption\":\"Lo viste en Los Pol\u00edticos\"},\"url\":\"https:\\\/\\\/lospoliticosveracruz.com\\\/?author=2\"}]}<\/script>\n<!-- \/ Yoast SEO plugin. -->","yoast_head_json":{"title":"Eric, el evasor - Los pol\u00edticos Veracruz","robots":{"index":"index","follow":"follow","max-snippet":"max-snippet:-1","max-image-preview":"max-image-preview:large","max-video-preview":"max-video-preview:-1"},"canonical":"https:\/\/lospoliticosveracruz.com\/?p=50989","og_locale":"es_ES","og_type":"article","og_title":"Eric, el evasor - Los pol\u00edticos Veracruz","og_description":"Ricardo Ch\u00faa\u00a0 Sale y Vale AL ESTILO PRI&#8230; Ayer empezaron las comparecencias de funcionarios en el Congreso Local&#8230; Y el turno fue para Eric Cisneros, secretario de Gobierno de Cuitl\u00e0huac&#8230; Y m\u00e1s que un evento de alto personaje de MORENA en Veracruz&#8230; Pareci\u00f3 un evento preparado para Erick Lagos, Gerardo Buganza o Reynaldo Escobar&#8230; Al [&hellip;]","og_url":"https:\/\/lospoliticosveracruz.com\/?p=50989","og_site_name":"Los pol\u00edticos Veracruz","article_publisher":"https:\/\/www.facebook.com\/people\/Notimemes-de-los-Polticos\/61565672886568\/","article_published_time":"2019-11-22T15:54:11+00:00","og_image":[{"width":1024,"height":684,"url":"https:\/\/lospoliticosveracruz.com\/wp-content\/uploads\/2019\/11\/D72281C8-9B04-4B10-968D-E59BB1510DE2.jpeg","type":"image\/jpeg"}],"author":"Lo viste en Los Pol\u00edticos","twitter_card":"summary_large_image","twitter_creator":"@LosPoliticosVer","twitter_site":"@LosPoliticosVer","twitter_misc":{"Escrito por":"Lo viste en Los Pol\u00edticos","Tiempo de lectura":"5 minutos"},"schema":{"@context":"https:\/\/schema.org","@graph":[{"@type":"Article","@id":"https:\/\/lospoliticosveracruz.com\/?p=50989#article","isPartOf":{"@id":"https:\/\/lospoliticosveracruz.com\/?p=50989"},"author":{"name":"Lo viste en Los Pol\u00edticos","@id":"https:\/\/lospoliticosveracruz.com\/#\/schema\/person\/b8702bb0e538456e6efd07080bf2a4a2"},"headline":"Eric, el evasor","datePublished":"2019-11-22T15:54:11+00:00","mainEntityOfPage":{"@id":"https:\/\/lospoliticosveracruz.com\/?p=50989"},"wordCount":1085,"commentCount":0,"publisher":{"@id":"https:\/\/lospoliticosveracruz.com\/#organization"},"image":{"@id":"https:\/\/lospoliticosveracruz.com\/?p=50989#primaryimage"},"thumbnailUrl":"https:\/\/lospoliticosveracruz.com\/wp-content\/uploads\/2019\/11\/D72281C8-9B04-4B10-968D-E59BB1510DE2.jpeg","articleSection":["De Opini\u00f3n"],"inLanguage":"es","potentialAction":[{"@type":"CommentAction","name":"Comment","target":["https:\/\/lospoliticosveracruz.com\/?p=50989#respond"]}]},{"@type":"WebPage","@id":"https:\/\/lospoliticosveracruz.com\/?p=50989","url":"https:\/\/lospoliticosveracruz.com\/?p=50989","name":"Eric, el evasor - Los pol\u00edticos Veracruz","isPartOf":{"@id":"https:\/\/lospoliticosveracruz.com\/#website"},"primaryImageOfPage":{"@id":"https:\/\/lospoliticosveracruz.com\/?p=50989#primaryimage"},"image":{"@id":"https:\/\/lospoliticosveracruz.com\/?p=50989#primaryimage"},"thumbnailUrl":"https:\/\/lospoliticosveracruz.com\/wp-content\/uploads\/2019\/11\/D72281C8-9B04-4B10-968D-E59BB1510DE2.jpeg","datePublished":"2019-11-22T15:54:11+00:00","breadcrumb":{"@id":"https:\/\/lospoliticosveracruz.com\/?p=50989#breadcrumb"},"inLanguage":"es","potentialAction":[{"@type":"ReadAction","target":["https:\/\/lospoliticosveracruz.com\/?p=50989"]}]},{"@type":"ImageObject","inLanguage":"es","@id":"https:\/\/lospoliticosveracruz.com\/?p=50989#primaryimage","url":"https:\/\/lospoliticosveracruz.com\/wp-content\/uploads\/2019\/11\/D72281C8-9B04-4B10-968D-E59BB1510DE2.jpeg","contentUrl":"https:\/\/lospoliticosveracruz.com\/wp-content\/uploads\/2019\/11\/D72281C8-9B04-4B10-968D-E59BB1510DE2.jpeg","width":1024,"height":684},{"@type":"BreadcrumbList","@id":"https:\/\/lospoliticosveracruz.com\/?p=50989#breadcrumb","itemListElement":[{"@type":"ListItem","position":1,"name":"Portada","item":"https:\/\/lospoliticosveracruz.com\/"},{"@type":"ListItem","position":2,"name":"Eric, el evasor"}]},{"@type":"WebSite","@id":"https:\/\/lospoliticosveracruz.com\/#website","url":"https:\/\/lospoliticosveracruz.com\/","name":"Los pol\u00edticos Veracruz","description":"","publisher":{"@id":"https:\/\/lospoliticosveracruz.com\/#organization"},"potentialAction":[{"@type":"SearchAction","target":{"@type":"EntryPoint","urlTemplate":"https:\/\/lospoliticosveracruz.com\/?s={search_term_string}"},"query-input":{"@type":"PropertyValueSpecification","valueRequired":true,"valueName":"search_term_string"}}],"inLanguage":"es"},{"@type":"Organization","@id":"https:\/\/lospoliticosveracruz.com\/#organization","name":"Los pol\u00edticos Veracruz","url":"https:\/\/lospoliticosveracruz.com\/","logo":{"@type":"ImageObject","inLanguage":"es","@id":"https:\/\/lospoliticosveracruz.com\/#\/schema\/logo\/image\/","url":"https:\/\/lospoliticosveracruz.com\/wp-content\/uploads\/2025\/12\/Logo-Nuevo-LOS-POLITICOS-1.jpg","contentUrl":"https:\/\/lospoliticosveracruz.com\/wp-content\/uploads\/2025\/12\/Logo-Nuevo-LOS-POLITICOS-1.jpg","width":260,"height":70,"caption":"Los pol\u00edticos Veracruz"},"image":{"@id":"https:\/\/lospoliticosveracruz.com\/#\/schema\/logo\/image\/"},"sameAs":["https:\/\/www.facebook.com\/people\/Notimemes-de-los-Polticos\/61565672886568\/","https:\/\/x.com\/LosPoliticosVer"]},{"@type":"Person","@id":"https:\/\/lospoliticosveracruz.com\/#\/schema\/person\/b8702bb0e538456e6efd07080bf2a4a2","name":"Lo viste en Los Pol\u00edticos","image":{"@type":"ImageObject","inLanguage":"es","@id":"https:\/\/secure.gravatar.com\/avatar\/3a8de04a2656d44082be478bd6c086daa447c4651605818287b9532d3d0bd435?s=96&d=mm&r=g","url":"https:\/\/secure.gravatar.com\/avatar\/3a8de04a2656d44082be478bd6c086daa447c4651605818287b9532d3d0bd435?s=96&d=mm&r=g","contentUrl":"https:\/\/secure.gravatar.com\/avatar\/3a8de04a2656d44082be478bd6c086daa447c4651605818287b9532d3d0bd435?s=96&d=mm&r=g","caption":"Lo viste en Los Pol\u00edticos"},"url":"https:\/\/lospoliticosveracruz.com\/?author=2"}]}},"_links":{"self":[{"href":"https:\/\/lospoliticosveracruz.com\/index.php?rest_route=\/wp\/v2\/posts\/50989","targetHints":{"allow":["GET"]}}],"collection":[{"href":"https:\/\/lospoliticosveracruz.com\/index.php?rest_route=\/wp\/v2\/posts"}],"about":[{"href":"https:\/\/lospoliticosveracruz.com\/index.php?rest_route=\/wp\/v2\/types\/post"}],"author":[{"embeddable":true,"href":"https:\/\/lospoliticosveracruz.com\/index.php?rest_route=\/wp\/v2\/users\/2"}],"replies":[{"embeddable":true,"href":"https:\/\/lospoliticosveracruz.com\/index.php?rest_route=%2Fwp%2Fv2%2Fcomments&post=50989"}],"version-history":[{"count":1,"href":"https:\/\/lospoliticosveracruz.com\/index.php?rest_route=\/wp\/v2\/posts\/50989\/revisions"}],"predecessor-version":[{"id":50991,"href":"https:\/\/lospoliticosveracruz.com\/index.php?rest_route=\/wp\/v2\/posts\/50989\/revisions\/50991"}],"wp:featuredmedia":[{"embeddable":true,"href":"https:\/\/lospoliticosveracruz.com\/index.php?rest_route=\/wp\/v2\/media\/50990"}],"wp:attachment":[{"href":"https:\/\/lospoliticosveracruz.com\/index.php?rest_route=%2Fwp%2Fv2%2Fmedia&parent=50989"}],"wp:term":[{"taxonomy":"category","embeddable":true,"href":"https:\/\/lospoliticosveracruz.com\/index.php?rest_route=%2Fwp%2Fv2%2Fcategories&post=50989"},{"taxonomy":"post_tag","embeddable":true,"href":"https:\/\/lospoliticosveracruz.com\/index.php?rest_route=%2Fwp%2Fv2%2Ftags&post=50989"}],"curies":[{"name":"wp","href":"https:\/\/api.w.org\/{rel}","templated":true}]}}