{"id":50995,"date":"2019-11-22T23:00:39","date_gmt":"2019-11-23T05:00:39","guid":{"rendered":"http:\/\/www.lospoliticosveracruz.com.mx\/?p=50995"},"modified":"2019-11-23T08:18:48","modified_gmt":"2019-11-23T14:18:48","slug":"lima-en-el-banquillo","status":"publish","type":"post","link":"https:\/\/lospoliticosveracruz.com\/?p=50995","title":{"rendered":"Lima, en el banquillo"},"content":{"rendered":"<p><strong><span data-removefontsize=\"true\" data-originalcomputedfontsize=\"14.666666984558105\">Brenda Caballero<\/span><\/strong><\/p>\n<p><span data-removefontsize=\"true\" data-originalcomputedfontsize=\"14.666666984558105\"><i>N\u00fameros\u00a0Rojos<\/i><\/span><\/p>\n<p>Faltaba una hora para que iniciara la comparecencia del titular de la Secretar\u00eda de Finanzas y Planeaci\u00f3n cuando toda la artiller\u00eda pesada de Sefiplan ya estaba en el Congreso del Estado. Presentes entre otros, los subsecretarios de Ingresos, Ricardo Rodr\u00edguez D\u00edaz, y de Egresos, Pabel Pazos Rinc\u00f3n, que ultimaban detalles. Minutos antes de las diez de la ma\u00f1ana, muy sonriente, lleg\u00f3 Jos\u00e9 Luis Lima Franco, titular de la dependencia, junto con Eleazar Guerrero P\u00e9rez, Subsecretario de Finanzas y Administraci\u00f3n, y Jos\u00e9 Manuel Pozos del \u00c1ngel, Subsecretario de Planeaci\u00f3n, quienes tomaron sus respectivos lugares.<\/p>\n<p><span data-removefontsize=\"true\" data-originalcomputedfontsize=\"14.666666984558105\">La Comisi\u00f3n Permanente de Hacienda del Estado, encabezada por la diputada Rosalinda Galindo Silva (quien por cierto, cada vez que la veo est\u00e1 m\u00e1s transformada) daba inicio a la Comparecencia.<\/span><\/p>\n<p><span data-removefontsize=\"true\" data-originalcomputedfontsize=\"14.666666984558105\">Lima Franco tuvo 15 minutos para resumir y presumir los logros realizados en la dependencia que encabeza, destacando la austeridad, racionalidad, control y planeaci\u00f3n, en cumplimiento a las demandas de los veracruzanos, evitando la corrupci\u00f3n y la reorientaci\u00f3n social del gasto.<\/span><\/p>\n<p><span data-removefontsize=\"true\" data-originalcomputedfontsize=\"14.666666984558105\">Tuvo tiempo de hacer un reconocimiento a los diputados por la aprobaci\u00f3n de la Ley de Austeridad, ya que sin el apoyo de \u00e9stos, no hubieran sido posible tales resultados. Incluso, dijo que Veracruz fue el primer Estado de la Rep\u00fablica que aprob\u00f3 dicha Ley y la llev\u00f3 a la pr\u00e1ctica.<\/span><\/p>\n<p><span data-removefontsize=\"true\" data-originalcomputedfontsize=\"14.666666984558105\">Dentro de tantas cifras, mencion\u00f3 el incremento a Seguridad P\u00fablica, a Turismo, a v\u00edctimas del delito y desaparecidos, y a Infraestructura y Obra P\u00fablica. Se logr\u00f3 pagar a algunos proveedores, cubrir las aportaciones del IMSS al 100 por ciento y se aument\u00f3 la recaudaci\u00f3n estatal de manera hist\u00f3rica, pues indic\u00f3 que es necesario ir disminuyendo la dependencia de los recursos federales. Para esto, se especializ\u00f3 al servicio p\u00fablico para poder recaudar m\u00e1s y por primera vez ya se puede pagar con tarjeta en 23 oficinas de Hacienda del Estado.<\/span><\/p>\n<p><span data-removefontsize=\"true\" data-originalcomputedfontsize=\"14.666666984558105\">Indic\u00f3 que Veracruz pas\u00f3 del lugar 17 al 8 en eficiencia recaudatoria y que se pretende mejorar la posici\u00f3n a nivel nacional. \u00a1Hasta se hizo una gira en la agenda hacendaria para acercarse a los alcaldes! Pues hab\u00eda sectores que no se escuchaban.<\/span><\/p>\n<p><strong><span data-removefontsize=\"true\" data-originalcomputedfontsize=\"14.666666984558105\">\u201cLas promesas se cumplen y las deudas se pagan\u201d<\/span><\/strong><\/p>\n<p><span data-removefontsize=\"true\" data-originalcomputedfontsize=\"14.666666984558105\">Resalt\u00f3 el pago a 92 municipios y a 176 proveedores, todo ello con austeridad y contenci\u00f3n del gasto, esto sin comprometer el dinero para \u00e1reas prioritarias como seguridad, salud o educaci\u00f3n.<\/span><\/p>\n<p><span data-removefontsize=\"true\" data-originalcomputedfontsize=\"14.666666984558105\">Indic\u00f3 que a partir de diciembre se empezar\u00e1 a pagar al SAT el adeudo en materia de impuestos correspondiente a la Universidad Veracruzana.<\/span><\/p>\n<p><strong><span data-removefontsize=\"true\" data-originalcomputedfontsize=\"14.666666984558105\">\u201cSe dej\u00f3 de ir en picada y ahora vamos para arriba\u201d<\/span><\/strong><\/p>\n<p><span data-removefontsize=\"true\" data-originalcomputedfontsize=\"14.666666984558105\">Lima se mostr\u00f3 seguro y optimista al indicar que ahora se habla de que Veracruz tiene finanzas sanas pues esto repercutir\u00e1 en un mejor futuro para los veracruzanos. El estado mejor\u00f3 6 pelda\u00f1os.<\/span><\/p>\n<p><span data-removefontsize=\"true\" data-originalcomputedfontsize=\"14.666666984558105\">Su tiempo transcurri\u00f3 y vendr\u00eda lo bueno. Las preguntas de los diputados quienes ya escuchaban atentamente lo que Lima dec\u00eda y uno que otro cuchicheaba con sus asesores.<\/span><\/p>\n<p><span data-removefontsize=\"true\" data-originalcomputedfontsize=\"14.666666984558105\">La bienvenida no tuvo nada de novedoso\u2026 ya se predec\u00eda que ser\u00eda Jos\u00e9 Manuel Pozos Castro el que lo hiciera e iniciara con las preguntas. Sus cuestionamientos fueron sobre los beneficios a los veracruzanos por la pasada reestructuraci\u00f3n de deuda y toc\u00f3 el tema del subejercicio. Lima indic\u00f3 que hubo una gran participaci\u00f3n de bancos, debido a la confianza financiera y la calificaci\u00f3n crediticia del estado, recibiendo ofertas por 50 mil millones de pesos, Con ello se pagar\u00e1 menos por el servicio de la deuda de los bancos, no se aumenta el plazo; en conclusi\u00f3n, no se aument\u00f3 un solo peso, expres\u00f3. Si se paga menos en la tasa de inter\u00e9s, se tendr\u00e1n recursos libres para ejercerlos en obra para los veracruzanos.<\/span><\/p>\n<p><span data-removefontsize=\"true\" data-originalcomputedfontsize=\"14.666666984558105\">Sobre el subejercicio, aclar\u00f3 que se tiene hasta este 31 de diciembre para comprometer el recurso y hasta marzo 31 del pr\u00f3ximo a\u00f1o, ejercerlos.<\/span><\/p>\n<p><span data-removefontsize=\"true\" data-originalcomputedfontsize=\"14.666666984558105\">Bingen Rementer\u00eda tom\u00f3 la palabra y de inmediato fot\u00f3grafos se movilizaron hacia su lugar, pues la oposici\u00f3n preguntar\u00eda. Su cuestionamiento fue con relaci\u00f3n al pago final por la reestructuraci\u00f3n de la deuda, adem\u00e1s del nombre de los bancos que la absorbieron. Bingen tratando de enganchar a Lima, record\u00f3 que ya le hab\u00eda hecho la misma pregunta un par de veces anteriormente; incluso insisti\u00f3 en que la licuadora hab\u00eda regresado a Sefiplan, pero no hubo sangre por si quer\u00edan verla. Banobras tom\u00f3 casi la tercera parte de la deuda; el resto, Santander, Banorte, Bancomer y Banbaj\u00edo, respondi\u00f3 Lima. Con respecto al monto final de la deuda, indic\u00f3 que no se puede tener una cifra al momento, pues depender\u00e1 de diversos factores financieros a nivel nacional, \u201cporque la tasa de inter\u00e9s la rige Banxico\u201d, pero que con la reestructuraci\u00f3n se sentar\u00edan las bases para las siguientes administraciones, con el objetivo que no se preocupen por pagar deuda.<\/span><\/p>\n<p><span data-removefontsize=\"true\" data-originalcomputedfontsize=\"14.666666984558105\">Haciendo uso de su tiempo, Bingen cuestion\u00f3 el destino del 2 por ciento al hospedaje y el posible impuesto ambientalista en Veracruz. Lima indic\u00f3 que los hoteleros deben solicitar el recurso y presentar sus proyectos. Al respecto del posible impuesto ambientalista, el secretario contest\u00f3 que la propuesta est\u00e1 basada en Zacatecas, primer estado que lo implement\u00f3, pero ac\u00e1 en Veracruz se est\u00e1 manejando la viabilidad previo acuerdo con la ciudadan\u00eda y Congreso, con la finalidad de mejoras ambientales. <\/span><\/p>\n<p><span data-removefontsize=\"true\" data-originalcomputedfontsize=\"14.666666984558105\">Toc\u00f3 el turno a Erika Ayala, quien al igual que Pozos Castro, hizo un reconocimiento al secretario por traer buenas cuentas. La diputada habl\u00f3 por los vendedores de loter\u00eda y c\u00f3mo les afectan las modificaciones del impuesto de premios y sorteos. Lima indic\u00f3 que ya se hab\u00eda hecho una consulta hasta al mismo SAT, pero que permanec\u00eda la controversia de interpretaci\u00f3n de la ley, por lo que de manera in\u00e9dita se comprometi\u00f3 a Modificar el c\u00f3digo financiero del estado la pr\u00f3xima semana para que se apruebe lo m\u00e1s pronto posible y deje de afectar a los billeteros. <\/span><\/p>\n<p><span data-removefontsize=\"true\" data-originalcomputedfontsize=\"14.666666984558105\">Y vinieron los aplausos, pues la porra de Sefiplan se hizo presente en las butacas.<\/span><\/p>\n<p><strong><span data-removefontsize=\"true\" data-originalcomputedfontsize=\"14.666666984558105\">\u201cVer por las futuras generaciones en lugar de ver por las futuras elecciones\u201d<\/span><\/strong><\/p>\n<p><span data-removefontsize=\"true\" data-originalcomputedfontsize=\"14.666666984558105\">El joven secretario declar\u00f3 que las finanzas del estado presentan dos problemas estructurales graves: el d\u00e9ficit al sistema de pensiones y la n\u00f3mina de maestros, ya que tres trabajadores en activo pagan a un jubilado. \u201cDe nada va a servir que se generen recursos si tienen que destinarse a pensiones\u2026 Las futuras generaciones ser\u00e1n insostenibles\u201d; se\u00f1al\u00f3 que \u201cse tiene que hacer una reforma de fondo al sistema de pensiones\u201d, por lo que propuso de manera urgente a los diputados hacerlo de manera integral.<\/span><\/p>\n<p><span data-removefontsize=\"true\" data-originalcomputedfontsize=\"14.666666984558105\">La verdad, algo que no me hab\u00eda tocado presenciar en comparecencia alguna, fue el reconocimiento de diputados y diputadas al trabajo de Jos\u00e9 Luis Lima Franco. \u00a1Vaya! \u00a1hasta Marijos\u00e9 Gamboa! \u00a1ver para creer! Pues hasta pareciera que defendi\u00f3 a Sefiplan, pues las otras dependencias de todo le echan la culpa. <\/span><\/p>\n<p><span data-removefontsize=\"true\" data-originalcomputedfontsize=\"14.666666984558105\">La diputada Mar\u00eda Candelas Francisco Doce cuestion\u00f3 sobre el destino de los recursos del impuesto al fomento a la educaci\u00f3n a los tecnol\u00f3gicos, y Lima se comprometi\u00f3 a que en los siguientes meses se inaugura la primera escuela con lo recaudado de ese impuesto estatal; la diputada Mar\u00eda Graciela Hern\u00e1ndez I\u00f1iguez pregunt\u00f3 sobre la recaudaci\u00f3n de la verificaci\u00f3n vehicular al fondo ambiental veracruzano. Marijos\u00e9 Gamboa cuestion\u00f3 la viabilidad de exentar el cobro de la caseta de peaje de La Antigua, a lo que Lima Franco respondi\u00f3 que para poder hacerlo se necesitar\u00eda pagar 3 mil millones de pesos para cancelar la concesi\u00f3n, dinero que se recuperar\u00eda de 5 a 10 a\u00f1os, aunque se mostr\u00f3 abierto al di\u00e1logo y ofreci\u00f3 ver un esquema que pueda beneficiar a la poblaci\u00f3n.<\/span><\/p>\n<p><span data-removefontsize=\"true\" data-originalcomputedfontsize=\"14.666666984558105\">Omar Miranda pregunt\u00f3 sobre la contrataci\u00f3n de despachos para la restructuraci\u00f3n de la deuda a lo que el secretario se\u00f1al\u00f3 que no se contrat\u00f3 asesores financieros como en otros tiempos, solamente un despacho de abogados para hacer contratos y acompa\u00f1amiento. <\/span><\/p>\n<p><span data-removefontsize=\"true\" data-originalcomputedfontsize=\"14.666666984558105\">La diputada de Morena, Cristina Alarc\u00f3n Guti\u00e9rrez, le pidi\u00f3 un \u201ctiempito\u201d a Lima y dej\u00f3 mudos a los presentes y hasta en el cuchicheo, pues acus\u00f3 al subdirector de Patrimonio del Estado de tratarla mal: \u201cServidores p\u00fablicos que no dan una, que tratan mal a la gente. No se dejan ayudar o apoyar, que entiendan que est\u00e1n para servir\u201d. Ante ello, Lima se disculp\u00f3 p\u00fablicamente y se comprometi\u00f3 a atender el asunto personalmente. Sin embargo, el diputado Raymundo Andrade asegur\u00f3 tener otros datos, pues a \u00e9l lo trataron muy bien en Patrimonio del Estado.<\/span><\/p>\n<p><span data-removefontsize=\"true\" data-originalcomputedfontsize=\"14.666666984558105\">Sin duda, la comparecencia de ayer mostr\u00f3 que la Sefiplan a cargo de Jos\u00e9 Luis Lima Franco es una de las fortalezas del poder ejecutivo y que el recurso que se gaste, impactar\u00e1 en la vida de todos los veracruzanos.<\/span><\/p>\n<p><span data-removefontsize=\"true\" data-originalcomputedfontsize=\"14.666666984558105\">@NumerosRojos_BC<\/span><\/p>\n<p><a href=\"mailto:caballero_brenda@hotmail.com\" data-removefontsize=\"true\" data-originalcomputedfontsize=\"14.666666984558105\">caballero_brenda@hotmail.com<\/a><\/p>\n","protected":false},"excerpt":{"rendered":"<p>Brenda Caballero N\u00fameros\u00a0Rojos Faltaba una hora para que iniciara la comparecencia del titular de la Secretar\u00eda de Finanzas y Planeaci\u00f3n cuando toda la artiller\u00eda pesada de Sefiplan ya estaba en el Congreso del Estado. Presentes entre otros, los subsecretarios de Ingresos, Ricardo Rodr\u00edguez D\u00edaz, y de Egresos, Pabel Pazos Rinc\u00f3n, que ultimaban detalles. Minutos antes [&hellip;]<\/p>\n","protected":false},"author":2,"featured_media":50996,"comment_status":"open","ping_status":"open","sticky":false,"template":"","format":"standard","meta":{"tdm_status":"","tdm_grid_status":"","footnotes":""},"categories":[70],"tags":[4684,13621,13912,106,13713,15794,14166,1871,15012,13490,640],"class_list":{"0":"post-50995","1":"post","2":"type-post","3":"status-publish","4":"format-standard","5":"has-post-thumbnail","7":"category-de-opinion","8":"tag-bingen-rementeria","9":"tag-cristina-alarcon-gutierrez","10":"tag-eleazar-guerrero-perez","11":"tag-erika-ayala","12":"tag-jose-luis-lima-franco","13":"tag-jose-manuel-pozos-del-angel","14":"tag-maria-graciela-hernandez-iniguez","15":"tag-marijose-gamboa-torales","16":"tag-pabel-pazos-rincon","17":"tag-ricardo-rodriguez-diaz","18":"tag-sefiplan"},"yoast_head":"<!-- This site is optimized with the Yoast SEO plugin v27.4 - https:\/\/yoast.com\/product\/yoast-seo-wordpress\/ -->\n<title>Lima, en el banquillo - Los pol\u00edticos Veracruz<\/title>\n<meta name=\"robots\" content=\"index, follow, max-snippet:-1, max-image-preview:large, max-video-preview:-1\" \/>\n<link rel=\"canonical\" href=\"https:\/\/lospoliticosveracruz.com\/?p=50995\" \/>\n<meta property=\"og:locale\" content=\"es_ES\" \/>\n<meta property=\"og:type\" content=\"article\" \/>\n<meta property=\"og:title\" content=\"Lima, en el banquillo - Los pol\u00edticos Veracruz\" \/>\n<meta property=\"og:description\" content=\"Brenda Caballero N\u00fameros\u00a0Rojos Faltaba una hora para que iniciara la comparecencia del titular de la Secretar\u00eda de Finanzas y Planeaci\u00f3n cuando toda la artiller\u00eda pesada de Sefiplan ya estaba en el Congreso del Estado. Presentes entre otros, los subsecretarios de Ingresos, Ricardo Rodr\u00edguez D\u00edaz, y de Egresos, Pabel Pazos Rinc\u00f3n, que ultimaban detalles. Minutos antes [&hellip;]\" \/>\n<meta property=\"og:url\" content=\"https:\/\/lospoliticosveracruz.com\/?p=50995\" \/>\n<meta property=\"og:site_name\" content=\"Los pol\u00edticos Veracruz\" \/>\n<meta property=\"article:publisher\" content=\"https:\/\/www.facebook.com\/people\/Notimemes-de-los-Polticos\/61565672886568\/\" \/>\n<meta property=\"article:published_time\" content=\"2019-11-23T05:00:39+00:00\" \/>\n<meta property=\"article:modified_time\" content=\"2019-11-23T14:18:48+00:00\" \/>\n<meta property=\"og:image\" content=\"https:\/\/lospoliticosveracruz.com\/wp-content\/uploads\/2019\/11\/516D0CFA-E16C-49A6-BCE6-688A3BF32E55-e1574518215411.png\" \/>\n\t<meta property=\"og:image:width\" content=\"600\" \/>\n\t<meta property=\"og:image:height\" content=\"401\" \/>\n\t<meta property=\"og:image:type\" content=\"image\/png\" \/>\n<meta name=\"author\" content=\"Lo viste en Los Pol\u00edticos\" \/>\n<meta name=\"twitter:card\" content=\"summary_large_image\" \/>\n<meta name=\"twitter:creator\" content=\"@LosPoliticosVer\" \/>\n<meta name=\"twitter:site\" content=\"@LosPoliticosVer\" \/>\n<meta name=\"twitter:label1\" content=\"Escrito por\" \/>\n\t<meta name=\"twitter:data1\" content=\"Lo viste en Los Pol\u00edticos\" \/>\n\t<meta name=\"twitter:label2\" content=\"Tiempo de lectura\" \/>\n\t<meta name=\"twitter:data2\" content=\"8 minutos\" \/>\n<script type=\"application\/ld+json\" class=\"yoast-schema-graph\">{\"@context\":\"https:\\\/\\\/schema.org\",\"@graph\":[{\"@type\":\"Article\",\"@id\":\"https:\\\/\\\/lospoliticosveracruz.com\\\/?p=50995#article\",\"isPartOf\":{\"@id\":\"https:\\\/\\\/lospoliticosveracruz.com\\\/?p=50995\"},\"author\":{\"name\":\"Lo viste en Los Pol\u00edticos\",\"@id\":\"https:\\\/\\\/lospoliticosveracruz.com\\\/#\\\/schema\\\/person\\\/b8702bb0e538456e6efd07080bf2a4a2\"},\"headline\":\"Lima, en el banquillo\",\"datePublished\":\"2019-11-23T05:00:39+00:00\",\"dateModified\":\"2019-11-23T14:18:48+00:00\",\"mainEntityOfPage\":{\"@id\":\"https:\\\/\\\/lospoliticosveracruz.com\\\/?p=50995\"},\"wordCount\":1515,\"commentCount\":0,\"publisher\":{\"@id\":\"https:\\\/\\\/lospoliticosveracruz.com\\\/#organization\"},\"image\":{\"@id\":\"https:\\\/\\\/lospoliticosveracruz.com\\\/?p=50995#primaryimage\"},\"thumbnailUrl\":\"https:\\\/\\\/lospoliticosveracruz.com\\\/wp-content\\\/uploads\\\/2019\\\/11\\\/516D0CFA-E16C-49A6-BCE6-688A3BF32E55-e1574518215411.png\",\"keywords\":[\"Bingen Rementer\u00eda\",\"Cristina Alarc\u00f3n Guti\u00e9rrez\",\"Eleazar Guerrero P\u00e9rez\",\"Erika Ayala\",\"Jos\u00e9 Luis Lima Franco\",\"Jos\u00e9 Manuel Pozos del \u00c1ngel\",\"Mar\u00eda Graciela Hern\u00e1ndez I\u00f1iguez\",\"Marijose Gamboa Torales\",\"Pabel Pazos Rinc\u00f3n\",\"Ricardo Rodr\u00edguez D\u00edaz\",\"Sefiplan\"],\"articleSection\":[\"De Opini\u00f3n\"],\"inLanguage\":\"es\",\"potentialAction\":[{\"@type\":\"CommentAction\",\"name\":\"Comment\",\"target\":[\"https:\\\/\\\/lospoliticosveracruz.com\\\/?p=50995#respond\"]}]},{\"@type\":\"WebPage\",\"@id\":\"https:\\\/\\\/lospoliticosveracruz.com\\\/?p=50995\",\"url\":\"https:\\\/\\\/lospoliticosveracruz.com\\\/?p=50995\",\"name\":\"Lima, en el banquillo - Los pol\u00edticos Veracruz\",\"isPartOf\":{\"@id\":\"https:\\\/\\\/lospoliticosveracruz.com\\\/#website\"},\"primaryImageOfPage\":{\"@id\":\"https:\\\/\\\/lospoliticosveracruz.com\\\/?p=50995#primaryimage\"},\"image\":{\"@id\":\"https:\\\/\\\/lospoliticosveracruz.com\\\/?p=50995#primaryimage\"},\"thumbnailUrl\":\"https:\\\/\\\/lospoliticosveracruz.com\\\/wp-content\\\/uploads\\\/2019\\\/11\\\/516D0CFA-E16C-49A6-BCE6-688A3BF32E55-e1574518215411.png\",\"datePublished\":\"2019-11-23T05:00:39+00:00\",\"dateModified\":\"2019-11-23T14:18:48+00:00\",\"breadcrumb\":{\"@id\":\"https:\\\/\\\/lospoliticosveracruz.com\\\/?p=50995#breadcrumb\"},\"inLanguage\":\"es\",\"potentialAction\":[{\"@type\":\"ReadAction\",\"target\":[\"https:\\\/\\\/lospoliticosveracruz.com\\\/?p=50995\"]}]},{\"@type\":\"ImageObject\",\"inLanguage\":\"es\",\"@id\":\"https:\\\/\\\/lospoliticosveracruz.com\\\/?p=50995#primaryimage\",\"url\":\"https:\\\/\\\/lospoliticosveracruz.com\\\/wp-content\\\/uploads\\\/2019\\\/11\\\/516D0CFA-E16C-49A6-BCE6-688A3BF32E55-e1574518215411.png\",\"contentUrl\":\"https:\\\/\\\/lospoliticosveracruz.com\\\/wp-content\\\/uploads\\\/2019\\\/11\\\/516D0CFA-E16C-49A6-BCE6-688A3BF32E55-e1574518215411.png\",\"width\":600,\"height\":401},{\"@type\":\"BreadcrumbList\",\"@id\":\"https:\\\/\\\/lospoliticosveracruz.com\\\/?p=50995#breadcrumb\",\"itemListElement\":[{\"@type\":\"ListItem\",\"position\":1,\"name\":\"Portada\",\"item\":\"https:\\\/\\\/lospoliticosveracruz.com\\\/\"},{\"@type\":\"ListItem\",\"position\":2,\"name\":\"Lima, en el banquillo\"}]},{\"@type\":\"WebSite\",\"@id\":\"https:\\\/\\\/lospoliticosveracruz.com\\\/#website\",\"url\":\"https:\\\/\\\/lospoliticosveracruz.com\\\/\",\"name\":\"Los pol\u00edticos Veracruz\",\"description\":\"\",\"publisher\":{\"@id\":\"https:\\\/\\\/lospoliticosveracruz.com\\\/#organization\"},\"potentialAction\":[{\"@type\":\"SearchAction\",\"target\":{\"@type\":\"EntryPoint\",\"urlTemplate\":\"https:\\\/\\\/lospoliticosveracruz.com\\\/?s={search_term_string}\"},\"query-input\":{\"@type\":\"PropertyValueSpecification\",\"valueRequired\":true,\"valueName\":\"search_term_string\"}}],\"inLanguage\":\"es\"},{\"@type\":\"Organization\",\"@id\":\"https:\\\/\\\/lospoliticosveracruz.com\\\/#organization\",\"name\":\"Los pol\u00edticos Veracruz\",\"url\":\"https:\\\/\\\/lospoliticosveracruz.com\\\/\",\"logo\":{\"@type\":\"ImageObject\",\"inLanguage\":\"es\",\"@id\":\"https:\\\/\\\/lospoliticosveracruz.com\\\/#\\\/schema\\\/logo\\\/image\\\/\",\"url\":\"https:\\\/\\\/lospoliticosveracruz.com\\\/wp-content\\\/uploads\\\/2025\\\/12\\\/Logo-Nuevo-LOS-POLITICOS-1.jpg\",\"contentUrl\":\"https:\\\/\\\/lospoliticosveracruz.com\\\/wp-content\\\/uploads\\\/2025\\\/12\\\/Logo-Nuevo-LOS-POLITICOS-1.jpg\",\"width\":260,\"height\":70,\"caption\":\"Los pol\u00edticos Veracruz\"},\"image\":{\"@id\":\"https:\\\/\\\/lospoliticosveracruz.com\\\/#\\\/schema\\\/logo\\\/image\\\/\"},\"sameAs\":[\"https:\\\/\\\/www.facebook.com\\\/people\\\/Notimemes-de-los-Polticos\\\/61565672886568\\\/\",\"https:\\\/\\\/x.com\\\/LosPoliticosVer\"]},{\"@type\":\"Person\",\"@id\":\"https:\\\/\\\/lospoliticosveracruz.com\\\/#\\\/schema\\\/person\\\/b8702bb0e538456e6efd07080bf2a4a2\",\"name\":\"Lo viste en Los Pol\u00edticos\",\"image\":{\"@type\":\"ImageObject\",\"inLanguage\":\"es\",\"@id\":\"https:\\\/\\\/secure.gravatar.com\\\/avatar\\\/3a8de04a2656d44082be478bd6c086daa447c4651605818287b9532d3d0bd435?s=96&d=mm&r=g\",\"url\":\"https:\\\/\\\/secure.gravatar.com\\\/avatar\\\/3a8de04a2656d44082be478bd6c086daa447c4651605818287b9532d3d0bd435?s=96&d=mm&r=g\",\"contentUrl\":\"https:\\\/\\\/secure.gravatar.com\\\/avatar\\\/3a8de04a2656d44082be478bd6c086daa447c4651605818287b9532d3d0bd435?s=96&d=mm&r=g\",\"caption\":\"Lo viste en Los Pol\u00edticos\"},\"url\":\"https:\\\/\\\/lospoliticosveracruz.com\\\/?author=2\"}]}<\/script>\n<!-- \/ Yoast SEO plugin. -->","yoast_head_json":{"title":"Lima, en el banquillo - Los pol\u00edticos Veracruz","robots":{"index":"index","follow":"follow","max-snippet":"max-snippet:-1","max-image-preview":"max-image-preview:large","max-video-preview":"max-video-preview:-1"},"canonical":"https:\/\/lospoliticosveracruz.com\/?p=50995","og_locale":"es_ES","og_type":"article","og_title":"Lima, en el banquillo - Los pol\u00edticos Veracruz","og_description":"Brenda Caballero N\u00fameros\u00a0Rojos Faltaba una hora para que iniciara la comparecencia del titular de la Secretar\u00eda de Finanzas y Planeaci\u00f3n cuando toda la artiller\u00eda pesada de Sefiplan ya estaba en el Congreso del Estado. Presentes entre otros, los subsecretarios de Ingresos, Ricardo Rodr\u00edguez D\u00edaz, y de Egresos, Pabel Pazos Rinc\u00f3n, que ultimaban detalles. Minutos antes [&hellip;]","og_url":"https:\/\/lospoliticosveracruz.com\/?p=50995","og_site_name":"Los pol\u00edticos Veracruz","article_publisher":"https:\/\/www.facebook.com\/people\/Notimemes-de-los-Polticos\/61565672886568\/","article_published_time":"2019-11-23T05:00:39+00:00","article_modified_time":"2019-11-23T14:18:48+00:00","og_image":[{"width":600,"height":401,"url":"https:\/\/lospoliticosveracruz.com\/wp-content\/uploads\/2019\/11\/516D0CFA-E16C-49A6-BCE6-688A3BF32E55-e1574518215411.png","type":"image\/png"}],"author":"Lo viste en Los Pol\u00edticos","twitter_card":"summary_large_image","twitter_creator":"@LosPoliticosVer","twitter_site":"@LosPoliticosVer","twitter_misc":{"Escrito por":"Lo viste en Los Pol\u00edticos","Tiempo de lectura":"8 minutos"},"schema":{"@context":"https:\/\/schema.org","@graph":[{"@type":"Article","@id":"https:\/\/lospoliticosveracruz.com\/?p=50995#article","isPartOf":{"@id":"https:\/\/lospoliticosveracruz.com\/?p=50995"},"author":{"name":"Lo viste en Los Pol\u00edticos","@id":"https:\/\/lospoliticosveracruz.com\/#\/schema\/person\/b8702bb0e538456e6efd07080bf2a4a2"},"headline":"Lima, en el banquillo","datePublished":"2019-11-23T05:00:39+00:00","dateModified":"2019-11-23T14:18:48+00:00","mainEntityOfPage":{"@id":"https:\/\/lospoliticosveracruz.com\/?p=50995"},"wordCount":1515,"commentCount":0,"publisher":{"@id":"https:\/\/lospoliticosveracruz.com\/#organization"},"image":{"@id":"https:\/\/lospoliticosveracruz.com\/?p=50995#primaryimage"},"thumbnailUrl":"https:\/\/lospoliticosveracruz.com\/wp-content\/uploads\/2019\/11\/516D0CFA-E16C-49A6-BCE6-688A3BF32E55-e1574518215411.png","keywords":["Bingen Rementer\u00eda","Cristina Alarc\u00f3n Guti\u00e9rrez","Eleazar Guerrero P\u00e9rez","Erika Ayala","Jos\u00e9 Luis Lima Franco","Jos\u00e9 Manuel Pozos del \u00c1ngel","Mar\u00eda Graciela Hern\u00e1ndez I\u00f1iguez","Marijose Gamboa Torales","Pabel Pazos Rinc\u00f3n","Ricardo Rodr\u00edguez D\u00edaz","Sefiplan"],"articleSection":["De Opini\u00f3n"],"inLanguage":"es","potentialAction":[{"@type":"CommentAction","name":"Comment","target":["https:\/\/lospoliticosveracruz.com\/?p=50995#respond"]}]},{"@type":"WebPage","@id":"https:\/\/lospoliticosveracruz.com\/?p=50995","url":"https:\/\/lospoliticosveracruz.com\/?p=50995","name":"Lima, en el banquillo - Los pol\u00edticos Veracruz","isPartOf":{"@id":"https:\/\/lospoliticosveracruz.com\/#website"},"primaryImageOfPage":{"@id":"https:\/\/lospoliticosveracruz.com\/?p=50995#primaryimage"},"image":{"@id":"https:\/\/lospoliticosveracruz.com\/?p=50995#primaryimage"},"thumbnailUrl":"https:\/\/lospoliticosveracruz.com\/wp-content\/uploads\/2019\/11\/516D0CFA-E16C-49A6-BCE6-688A3BF32E55-e1574518215411.png","datePublished":"2019-11-23T05:00:39+00:00","dateModified":"2019-11-23T14:18:48+00:00","breadcrumb":{"@id":"https:\/\/lospoliticosveracruz.com\/?p=50995#breadcrumb"},"inLanguage":"es","potentialAction":[{"@type":"ReadAction","target":["https:\/\/lospoliticosveracruz.com\/?p=50995"]}]},{"@type":"ImageObject","inLanguage":"es","@id":"https:\/\/lospoliticosveracruz.com\/?p=50995#primaryimage","url":"https:\/\/lospoliticosveracruz.com\/wp-content\/uploads\/2019\/11\/516D0CFA-E16C-49A6-BCE6-688A3BF32E55-e1574518215411.png","contentUrl":"https:\/\/lospoliticosveracruz.com\/wp-content\/uploads\/2019\/11\/516D0CFA-E16C-49A6-BCE6-688A3BF32E55-e1574518215411.png","width":600,"height":401},{"@type":"BreadcrumbList","@id":"https:\/\/lospoliticosveracruz.com\/?p=50995#breadcrumb","itemListElement":[{"@type":"ListItem","position":1,"name":"Portada","item":"https:\/\/lospoliticosveracruz.com\/"},{"@type":"ListItem","position":2,"name":"Lima, en el banquillo"}]},{"@type":"WebSite","@id":"https:\/\/lospoliticosveracruz.com\/#website","url":"https:\/\/lospoliticosveracruz.com\/","name":"Los pol\u00edticos Veracruz","description":"","publisher":{"@id":"https:\/\/lospoliticosveracruz.com\/#organization"},"potentialAction":[{"@type":"SearchAction","target":{"@type":"EntryPoint","urlTemplate":"https:\/\/lospoliticosveracruz.com\/?s={search_term_string}"},"query-input":{"@type":"PropertyValueSpecification","valueRequired":true,"valueName":"search_term_string"}}],"inLanguage":"es"},{"@type":"Organization","@id":"https:\/\/lospoliticosveracruz.com\/#organization","name":"Los pol\u00edticos Veracruz","url":"https:\/\/lospoliticosveracruz.com\/","logo":{"@type":"ImageObject","inLanguage":"es","@id":"https:\/\/lospoliticosveracruz.com\/#\/schema\/logo\/image\/","url":"https:\/\/lospoliticosveracruz.com\/wp-content\/uploads\/2025\/12\/Logo-Nuevo-LOS-POLITICOS-1.jpg","contentUrl":"https:\/\/lospoliticosveracruz.com\/wp-content\/uploads\/2025\/12\/Logo-Nuevo-LOS-POLITICOS-1.jpg","width":260,"height":70,"caption":"Los pol\u00edticos Veracruz"},"image":{"@id":"https:\/\/lospoliticosveracruz.com\/#\/schema\/logo\/image\/"},"sameAs":["https:\/\/www.facebook.com\/people\/Notimemes-de-los-Polticos\/61565672886568\/","https:\/\/x.com\/LosPoliticosVer"]},{"@type":"Person","@id":"https:\/\/lospoliticosveracruz.com\/#\/schema\/person\/b8702bb0e538456e6efd07080bf2a4a2","name":"Lo viste en Los Pol\u00edticos","image":{"@type":"ImageObject","inLanguage":"es","@id":"https:\/\/secure.gravatar.com\/avatar\/3a8de04a2656d44082be478bd6c086daa447c4651605818287b9532d3d0bd435?s=96&d=mm&r=g","url":"https:\/\/secure.gravatar.com\/avatar\/3a8de04a2656d44082be478bd6c086daa447c4651605818287b9532d3d0bd435?s=96&d=mm&r=g","contentUrl":"https:\/\/secure.gravatar.com\/avatar\/3a8de04a2656d44082be478bd6c086daa447c4651605818287b9532d3d0bd435?s=96&d=mm&r=g","caption":"Lo viste en Los Pol\u00edticos"},"url":"https:\/\/lospoliticosveracruz.com\/?author=2"}]}},"_links":{"self":[{"href":"https:\/\/lospoliticosveracruz.com\/index.php?rest_route=\/wp\/v2\/posts\/50995","targetHints":{"allow":["GET"]}}],"collection":[{"href":"https:\/\/lospoliticosveracruz.com\/index.php?rest_route=\/wp\/v2\/posts"}],"about":[{"href":"https:\/\/lospoliticosveracruz.com\/index.php?rest_route=\/wp\/v2\/types\/post"}],"author":[{"embeddable":true,"href":"https:\/\/lospoliticosveracruz.com\/index.php?rest_route=\/wp\/v2\/users\/2"}],"replies":[{"embeddable":true,"href":"https:\/\/lospoliticosveracruz.com\/index.php?rest_route=%2Fwp%2Fv2%2Fcomments&post=50995"}],"version-history":[{"count":1,"href":"https:\/\/lospoliticosveracruz.com\/index.php?rest_route=\/wp\/v2\/posts\/50995\/revisions"}],"predecessor-version":[{"id":50997,"href":"https:\/\/lospoliticosveracruz.com\/index.php?rest_route=\/wp\/v2\/posts\/50995\/revisions\/50997"}],"wp:featuredmedia":[{"embeddable":true,"href":"https:\/\/lospoliticosveracruz.com\/index.php?rest_route=\/wp\/v2\/media\/50996"}],"wp:attachment":[{"href":"https:\/\/lospoliticosveracruz.com\/index.php?rest_route=%2Fwp%2Fv2%2Fmedia&parent=50995"}],"wp:term":[{"taxonomy":"category","embeddable":true,"href":"https:\/\/lospoliticosveracruz.com\/index.php?rest_route=%2Fwp%2Fv2%2Fcategories&post=50995"},{"taxonomy":"post_tag","embeddable":true,"href":"https:\/\/lospoliticosveracruz.com\/index.php?rest_route=%2Fwp%2Fv2%2Ftags&post=50995"}],"curies":[{"name":"wp","href":"https:\/\/api.w.org\/{rel}","templated":true}]}}