{"id":51021,"date":"2019-11-25T09:57:52","date_gmt":"2019-11-25T15:57:52","guid":{"rendered":"http:\/\/www.lospoliticosveracruz.com.mx\/?p=51021"},"modified":"2019-11-25T09:57:52","modified_gmt":"2019-11-25T15:57:52","slug":"veracruz-donde-reina-la-violencia","status":"publish","type":"post","link":"https:\/\/lospoliticosveracruz.com\/?p=51021","title":{"rendered":"Veracruz, donde reina la violencia"},"content":{"rendered":"<p><strong>Ricardo Ch\u00faa<\/strong><\/p>\n<p><em>Sale y Vale<\/em><\/p>\n<p>VIOLENCIA EN VERACRUZ.. De nuevo la violencia y los grupos fuera de la ley, le siguen ganando la \u00abbatalla\u00bb al gobierno estatal de Cuitl\u00e1huac Garc\u00eda.. Y la BARBARIE se hace presente en el norte de la entidad&#8230;. Donde en plena carretera federal en Tihuatlan se encontr\u00f3 los restos humanos de un hombre que fue desmenbrado&#8230; As\u00ed de grotesco la imagen de esta escena del crimen&#8230; Cualquiera que haya sido el motivo no importa&#8230; El caso es que esto se vuelve ya cotidiano en la sociedad veracruzana&#8230; Eso provoca INSEGURIDAD y temor&#8230;<\/p>\n<p>Pero esto no es lo \u00fanico sino que tambi\u00e9n hallaron sin vida con visibles muestras de violencia a un hombre en Paso Ovejas&#8230; Pero no s\u00f3lo fue eso sino que en Soconusco mataron a un taxista dentro de un taller mec\u00e1nico&#8230; Y para acabarla en Orizaba en plena luz del d\u00eda y enfrente al Poliforum, un comando armado llega y con lujo de violencia, \u00ablevantan\u00bb a una MUJER taxista, sin que hasta el momento se conozca su paradero&#8230;. As\u00ed de grave est\u00e1 la inseguridad en Veracruz&#8230;<\/p>\n<p>El hecho que el tema de la inseguridad entre la poblaci\u00f3n veracruzana&#8230;. Contin\u00faa siendo el \u00abtal\u00f3n de Aquiles\u00bb de esta administraci\u00f3n estatal de MORENA, que por m\u00e1s declaraciones que den sus altos funcionarios&#8230; No la logran abatir y se denota que no pueden contra de ella&#8230; Por eso las quejas de la sociedad civil y hasta de la propia iglesia al gobierno de Cuitl\u00e1huac, que paren en estos hechos de violencia&#8230; Pero la realidad es que no pueden y no se ve para cuando pueda disminuir&#8230; Veracruz est\u00e1 a merced de la violencia&#8230; CONSUMATUM EST&#8230;<\/p>\n<p>SIGUE LA PERSECUCI\u00d3N&#8230; Tal como lo vienen haciendo de unos meses a la fecha&#8230; El gobierno de Cuitl\u00e1huac Garc\u00eda emprende otra \u00abcruzada\u00bb en contra de ex funcionarios \u00abduartista\u00bb con el \u00abfin de hacer justicia\u00bb y se va a proceder contra las presuntas irregularidades y desfalcos que hubieron en los Juegos Centroamericanos y del C\u00e1ribe del 2014, que se llevaron a cabo en Veracruz, y est\u00e1n anunciando proceder contra Carlos Sosa Ahumada, ex director del IVD y en ese entonces encargado de la organizaci\u00f3n de estos juegos&#8230;<\/p>\n<p>No es por \u00abdudar de las buenas intenciones\u00bb del gobernador, Cuitl\u00e1huac Garc\u00eda para hacer justicia en este caso&#8230; Y por ello es que Zenyanzen present\u00f3 la denuncia correspondiente ante la FGE para actuar contra los responsables&#8230; Lo \u00abraro\u00bb del tema es que proceder\u00e1n contra Sosa Ahumada, que en su momento hizo p\u00fablico y notorio, su apoyo en 2018 a Miguel Yunes junior en su carrera por la gubernatura&#8230; Y lo hizo en Soledad de Doblado&#8230; As\u00ed que aqu\u00ed suena como \u00abvenganza\u00bb&#8230;. Esperemos equivocarnos&#8230;<\/p>\n<p>Lo \u00fanico que se puede temer es que con este caso&#8230; Inicie una \u00abcruzada\u00bb legal contra ex funcionarios y personajes que han ayudado al PRI o el PAN en Veracruz&#8230; Como parte de una estrategia para \u00abdebilitarlos\u00bb entorno a los futuros procesos electorales del 2021&#8230; Situaci\u00f3n que no ser\u00eda rara&#8230; Ya que si a nivel nacional, Andr\u00e9s Manuel L\u00f3pez Obrador est\u00e1 actuando de esa manera&#8230; Qui\u00e9n impide o impedir\u00eda que Cuitl\u00e1huac no haga lo mismo en Veracruz&#8230; Si le gusta copiar estos \u00abguiones\u00bb del Presidente&#8230; AMEN&#8230;<\/p>\n<p>GANA UNANUE&#8230; Qui\u00e9n se llev\u00f3 realmente el triunfo de la elecci\u00f3n a la dirigencia municipal de Boca del R\u00edo por el PAN, fue el diputado local panista, Juan Manuel Unanue&#8230;. Ya que este personaje era el que respalda pol\u00edticamente, al que ha sido electo el nuevo presidente local de este partido, Jos\u00e9 Luis Sosa&#8230; Quien compiti\u00f3 en contra de Ricardo Cuevas, personaje que era impulsado por el nuevo l\u00edder estatal del PAN, \u00abEl Chapito\u00bb Guzm\u00e1n Aviles y su aliado, el ex alcalde, Francisco Guti\u00e9rrez de Velasco&#8230;<\/p>\n<p>Cabe se\u00f1alar, que en la contienda interna panista, Sosa obtuvo un total de 678 votos a favor&#8230; Mientras que Cuevas s\u00f3lo logr\u00f3 juntar 208 votos en este comit\u00e9 boque\u00f1o&#8230; Con esto queda demostrado que el control pol\u00edtico del panismo en esta ciudad, lo tiene Juan Manuel Unanue&#8230; No \u00abPoquito\u00bb Guti\u00e9rrez y menos ha podido permear en su estructura el grupo pol\u00edtico del \u00abChapito\u00bb Guzman&#8230; Su militancia los ve como \u00abapestados\u00bb y por eso no voto por \u00abcarta\u00bb panista&#8230;<\/p>\n<p>Adem\u00e1s del triunfo de Jos\u00e9 Luis Sosa fue m\u00e1s que evidente&#8230; Ya que con esos n\u00fameros de la contienda interna \u00abbarri\u00f3\u00bb la elecci\u00f3n&#8230; Demostrando que el grupo de \u00abPoquito\u00bb no tiene fuerza dentro del panismo&#8230; Luego que se han manejado muchas versiones al respecto, que el ex alcalde panista est\u00e1 en \u00abpl\u00e1ticas\u00bb con MORENA y PVEM para la elecci\u00f3n del 2021&#8230; Donde se presume puede ser la \u00abcarta fuerte\u00bb de los Morenos y sus aliados para la contienda municipal&#8230;.<\/p>\n<p>Pero lo que es un hecho&#8230; Es que al menos para el pr\u00f3ximo proceso electoral local dentro del PAN, quien lleva mano de este asunto es el legislador local en Boca del R\u00edo&#8230; Y este triunfo de Sosa, no s\u00f3lo representa un rechazo al grupo que comanda el comit\u00e9 estatal&#8230; Sino que tambi\u00e9n al propio Guti\u00e9rrez de Velasco&#8230; Y apuntala todo proyecto que pueda emprender Unanue&#8230; Boca del R\u00edo contin\u00faa siendo una \u00abComarca de Los Yunes\u00bb y sus aliados&#8230; Ese qued\u00f3 claro&#8230; AMEN..<\/p>\n","protected":false},"excerpt":{"rendered":"<p>Ricardo Ch\u00faa Sale y Vale VIOLENCIA EN VERACRUZ.. De nuevo la violencia y los grupos fuera de la ley, le siguen ganando la \u00abbatalla\u00bb al gobierno estatal de Cuitl\u00e1huac Garc\u00eda.. Y la BARBARIE se hace presente en el norte de la entidad&#8230;. Donde en plena carretera federal en Tihuatlan se encontr\u00f3 los restos humanos de [&hellip;]<\/p>\n","protected":false},"author":2,"featured_media":50893,"comment_status":"open","ping_status":"open","sticky":false,"template":"","format":"standard","meta":{"tdm_status":"","tdm_grid_status":"","footnotes":""},"categories":[70],"tags":[409,1563,196,1026,13604,4153,195],"class_list":{"0":"post-51021","1":"post","2":"type-post","3":"status-publish","4":"format-standard","5":"has-post-thumbnail","7":"category-de-opinion","8":"tag-carlos-sosa-ahumada","9":"tag-cuitlahuac-garcia-jimenez","10":"tag-inseguridad","11":"tag-morena","12":"tag-ricardo-chua","13":"tag-tihuatlan","14":"tag-veracruz"},"yoast_head":"<!-- This site is optimized with the Yoast SEO plugin v27.4 - https:\/\/yoast.com\/product\/yoast-seo-wordpress\/ -->\n<title>Veracruz, donde reina la violencia - Los pol\u00edticos Veracruz<\/title>\n<meta name=\"robots\" content=\"index, follow, max-snippet:-1, max-image-preview:large, max-video-preview:-1\" \/>\n<link rel=\"canonical\" href=\"https:\/\/lospoliticosveracruz.com\/?p=51021\" \/>\n<meta property=\"og:locale\" content=\"es_ES\" \/>\n<meta property=\"og:type\" content=\"article\" \/>\n<meta property=\"og:title\" content=\"Veracruz, donde reina la violencia - Los pol\u00edticos Veracruz\" \/>\n<meta property=\"og:description\" content=\"Ricardo Ch\u00faa Sale y Vale VIOLENCIA EN VERACRUZ.. De nuevo la violencia y los grupos fuera de la ley, le siguen ganando la \u00abbatalla\u00bb al gobierno estatal de Cuitl\u00e1huac Garc\u00eda.. Y la BARBARIE se hace presente en el norte de la entidad&#8230;. Donde en plena carretera federal en Tihuatlan se encontr\u00f3 los restos humanos de [&hellip;]\" \/>\n<meta property=\"og:url\" content=\"https:\/\/lospoliticosveracruz.com\/?p=51021\" \/>\n<meta property=\"og:site_name\" content=\"Los pol\u00edticos Veracruz\" \/>\n<meta property=\"article:publisher\" content=\"https:\/\/www.facebook.com\/people\/Notimemes-de-los-Polticos\/61565672886568\/\" \/>\n<meta property=\"article:published_time\" content=\"2019-11-25T15:57:52+00:00\" \/>\n<meta property=\"og:image\" content=\"https:\/\/lospoliticosveracruz.com\/wp-content\/uploads\/2019\/11\/Cuic2.jpg\" \/>\n\t<meta property=\"og:image:width\" content=\"600\" \/>\n\t<meta property=\"og:image:height\" content=\"386\" \/>\n\t<meta property=\"og:image:type\" content=\"image\/jpeg\" \/>\n<meta name=\"author\" content=\"Lo viste en Los Pol\u00edticos\" \/>\n<meta name=\"twitter:card\" content=\"summary_large_image\" \/>\n<meta name=\"twitter:creator\" content=\"@LosPoliticosVer\" \/>\n<meta name=\"twitter:site\" content=\"@LosPoliticosVer\" \/>\n<meta name=\"twitter:label1\" content=\"Escrito por\" \/>\n\t<meta name=\"twitter:data1\" content=\"Lo viste en Los Pol\u00edticos\" \/>\n\t<meta name=\"twitter:label2\" content=\"Tiempo de lectura\" \/>\n\t<meta name=\"twitter:data2\" content=\"5 minutos\" \/>\n<script type=\"application\/ld+json\" class=\"yoast-schema-graph\">{\"@context\":\"https:\\\/\\\/schema.org\",\"@graph\":[{\"@type\":\"Article\",\"@id\":\"https:\\\/\\\/lospoliticosveracruz.com\\\/?p=51021#article\",\"isPartOf\":{\"@id\":\"https:\\\/\\\/lospoliticosveracruz.com\\\/?p=51021\"},\"author\":{\"name\":\"Lo viste en Los Pol\u00edticos\",\"@id\":\"https:\\\/\\\/lospoliticosveracruz.com\\\/#\\\/schema\\\/person\\\/b8702bb0e538456e6efd07080bf2a4a2\"},\"headline\":\"Veracruz, donde reina la violencia\",\"datePublished\":\"2019-11-25T15:57:52+00:00\",\"mainEntityOfPage\":{\"@id\":\"https:\\\/\\\/lospoliticosveracruz.com\\\/?p=51021\"},\"wordCount\":913,\"commentCount\":0,\"publisher\":{\"@id\":\"https:\\\/\\\/lospoliticosveracruz.com\\\/#organization\"},\"image\":{\"@id\":\"https:\\\/\\\/lospoliticosveracruz.com\\\/?p=51021#primaryimage\"},\"thumbnailUrl\":\"https:\\\/\\\/lospoliticosveracruz.com\\\/wp-content\\\/uploads\\\/2019\\\/11\\\/Cuic2.jpg\",\"keywords\":[\"Carlos Sosa Ahumada\",\"Cuitl\u00e1huac Garc\u00eda Jim\u00e9nez\",\"inseguridad\",\"Morena\",\"Ricardo Ch\u00faa\",\"Tihuatl\u00e1n\",\"Veracruz\"],\"articleSection\":[\"De Opini\u00f3n\"],\"inLanguage\":\"es\",\"potentialAction\":[{\"@type\":\"CommentAction\",\"name\":\"Comment\",\"target\":[\"https:\\\/\\\/lospoliticosveracruz.com\\\/?p=51021#respond\"]}]},{\"@type\":\"WebPage\",\"@id\":\"https:\\\/\\\/lospoliticosveracruz.com\\\/?p=51021\",\"url\":\"https:\\\/\\\/lospoliticosveracruz.com\\\/?p=51021\",\"name\":\"Veracruz, donde reina la violencia - Los pol\u00edticos Veracruz\",\"isPartOf\":{\"@id\":\"https:\\\/\\\/lospoliticosveracruz.com\\\/#website\"},\"primaryImageOfPage\":{\"@id\":\"https:\\\/\\\/lospoliticosveracruz.com\\\/?p=51021#primaryimage\"},\"image\":{\"@id\":\"https:\\\/\\\/lospoliticosveracruz.com\\\/?p=51021#primaryimage\"},\"thumbnailUrl\":\"https:\\\/\\\/lospoliticosveracruz.com\\\/wp-content\\\/uploads\\\/2019\\\/11\\\/Cuic2.jpg\",\"datePublished\":\"2019-11-25T15:57:52+00:00\",\"breadcrumb\":{\"@id\":\"https:\\\/\\\/lospoliticosveracruz.com\\\/?p=51021#breadcrumb\"},\"inLanguage\":\"es\",\"potentialAction\":[{\"@type\":\"ReadAction\",\"target\":[\"https:\\\/\\\/lospoliticosveracruz.com\\\/?p=51021\"]}]},{\"@type\":\"ImageObject\",\"inLanguage\":\"es\",\"@id\":\"https:\\\/\\\/lospoliticosveracruz.com\\\/?p=51021#primaryimage\",\"url\":\"https:\\\/\\\/lospoliticosveracruz.com\\\/wp-content\\\/uploads\\\/2019\\\/11\\\/Cuic2.jpg\",\"contentUrl\":\"https:\\\/\\\/lospoliticosveracruz.com\\\/wp-content\\\/uploads\\\/2019\\\/11\\\/Cuic2.jpg\",\"width\":600,\"height\":386},{\"@type\":\"BreadcrumbList\",\"@id\":\"https:\\\/\\\/lospoliticosveracruz.com\\\/?p=51021#breadcrumb\",\"itemListElement\":[{\"@type\":\"ListItem\",\"position\":1,\"name\":\"Portada\",\"item\":\"https:\\\/\\\/lospoliticosveracruz.com\\\/\"},{\"@type\":\"ListItem\",\"position\":2,\"name\":\"Veracruz, donde reina la violencia\"}]},{\"@type\":\"WebSite\",\"@id\":\"https:\\\/\\\/lospoliticosveracruz.com\\\/#website\",\"url\":\"https:\\\/\\\/lospoliticosveracruz.com\\\/\",\"name\":\"Los pol\u00edticos Veracruz\",\"description\":\"\",\"publisher\":{\"@id\":\"https:\\\/\\\/lospoliticosveracruz.com\\\/#organization\"},\"potentialAction\":[{\"@type\":\"SearchAction\",\"target\":{\"@type\":\"EntryPoint\",\"urlTemplate\":\"https:\\\/\\\/lospoliticosveracruz.com\\\/?s={search_term_string}\"},\"query-input\":{\"@type\":\"PropertyValueSpecification\",\"valueRequired\":true,\"valueName\":\"search_term_string\"}}],\"inLanguage\":\"es\"},{\"@type\":\"Organization\",\"@id\":\"https:\\\/\\\/lospoliticosveracruz.com\\\/#organization\",\"name\":\"Los pol\u00edticos Veracruz\",\"url\":\"https:\\\/\\\/lospoliticosveracruz.com\\\/\",\"logo\":{\"@type\":\"ImageObject\",\"inLanguage\":\"es\",\"@id\":\"https:\\\/\\\/lospoliticosveracruz.com\\\/#\\\/schema\\\/logo\\\/image\\\/\",\"url\":\"https:\\\/\\\/lospoliticosveracruz.com\\\/wp-content\\\/uploads\\\/2025\\\/12\\\/Logo-Nuevo-LOS-POLITICOS-1.jpg\",\"contentUrl\":\"https:\\\/\\\/lospoliticosveracruz.com\\\/wp-content\\\/uploads\\\/2025\\\/12\\\/Logo-Nuevo-LOS-POLITICOS-1.jpg\",\"width\":260,\"height\":70,\"caption\":\"Los pol\u00edticos Veracruz\"},\"image\":{\"@id\":\"https:\\\/\\\/lospoliticosveracruz.com\\\/#\\\/schema\\\/logo\\\/image\\\/\"},\"sameAs\":[\"https:\\\/\\\/www.facebook.com\\\/people\\\/Notimemes-de-los-Polticos\\\/61565672886568\\\/\",\"https:\\\/\\\/x.com\\\/LosPoliticosVer\"]},{\"@type\":\"Person\",\"@id\":\"https:\\\/\\\/lospoliticosveracruz.com\\\/#\\\/schema\\\/person\\\/b8702bb0e538456e6efd07080bf2a4a2\",\"name\":\"Lo viste en Los Pol\u00edticos\",\"image\":{\"@type\":\"ImageObject\",\"inLanguage\":\"es\",\"@id\":\"https:\\\/\\\/secure.gravatar.com\\\/avatar\\\/3a8de04a2656d44082be478bd6c086daa447c4651605818287b9532d3d0bd435?s=96&d=mm&r=g\",\"url\":\"https:\\\/\\\/secure.gravatar.com\\\/avatar\\\/3a8de04a2656d44082be478bd6c086daa447c4651605818287b9532d3d0bd435?s=96&d=mm&r=g\",\"contentUrl\":\"https:\\\/\\\/secure.gravatar.com\\\/avatar\\\/3a8de04a2656d44082be478bd6c086daa447c4651605818287b9532d3d0bd435?s=96&d=mm&r=g\",\"caption\":\"Lo viste en Los Pol\u00edticos\"},\"url\":\"https:\\\/\\\/lospoliticosveracruz.com\\\/?author=2\"}]}<\/script>\n<!-- \/ Yoast SEO plugin. -->","yoast_head_json":{"title":"Veracruz, donde reina la violencia - Los pol\u00edticos Veracruz","robots":{"index":"index","follow":"follow","max-snippet":"max-snippet:-1","max-image-preview":"max-image-preview:large","max-video-preview":"max-video-preview:-1"},"canonical":"https:\/\/lospoliticosveracruz.com\/?p=51021","og_locale":"es_ES","og_type":"article","og_title":"Veracruz, donde reina la violencia - Los pol\u00edticos Veracruz","og_description":"Ricardo Ch\u00faa Sale y Vale VIOLENCIA EN VERACRUZ.. De nuevo la violencia y los grupos fuera de la ley, le siguen ganando la \u00abbatalla\u00bb al gobierno estatal de Cuitl\u00e1huac Garc\u00eda.. Y la BARBARIE se hace presente en el norte de la entidad&#8230;. Donde en plena carretera federal en Tihuatlan se encontr\u00f3 los restos humanos de [&hellip;]","og_url":"https:\/\/lospoliticosveracruz.com\/?p=51021","og_site_name":"Los pol\u00edticos Veracruz","article_publisher":"https:\/\/www.facebook.com\/people\/Notimemes-de-los-Polticos\/61565672886568\/","article_published_time":"2019-11-25T15:57:52+00:00","og_image":[{"width":600,"height":386,"url":"https:\/\/lospoliticosveracruz.com\/wp-content\/uploads\/2019\/11\/Cuic2.jpg","type":"image\/jpeg"}],"author":"Lo viste en Los Pol\u00edticos","twitter_card":"summary_large_image","twitter_creator":"@LosPoliticosVer","twitter_site":"@LosPoliticosVer","twitter_misc":{"Escrito por":"Lo viste en Los Pol\u00edticos","Tiempo de lectura":"5 minutos"},"schema":{"@context":"https:\/\/schema.org","@graph":[{"@type":"Article","@id":"https:\/\/lospoliticosveracruz.com\/?p=51021#article","isPartOf":{"@id":"https:\/\/lospoliticosveracruz.com\/?p=51021"},"author":{"name":"Lo viste en Los Pol\u00edticos","@id":"https:\/\/lospoliticosveracruz.com\/#\/schema\/person\/b8702bb0e538456e6efd07080bf2a4a2"},"headline":"Veracruz, donde reina la violencia","datePublished":"2019-11-25T15:57:52+00:00","mainEntityOfPage":{"@id":"https:\/\/lospoliticosveracruz.com\/?p=51021"},"wordCount":913,"commentCount":0,"publisher":{"@id":"https:\/\/lospoliticosveracruz.com\/#organization"},"image":{"@id":"https:\/\/lospoliticosveracruz.com\/?p=51021#primaryimage"},"thumbnailUrl":"https:\/\/lospoliticosveracruz.com\/wp-content\/uploads\/2019\/11\/Cuic2.jpg","keywords":["Carlos Sosa Ahumada","Cuitl\u00e1huac Garc\u00eda Jim\u00e9nez","inseguridad","Morena","Ricardo Ch\u00faa","Tihuatl\u00e1n","Veracruz"],"articleSection":["De Opini\u00f3n"],"inLanguage":"es","potentialAction":[{"@type":"CommentAction","name":"Comment","target":["https:\/\/lospoliticosveracruz.com\/?p=51021#respond"]}]},{"@type":"WebPage","@id":"https:\/\/lospoliticosveracruz.com\/?p=51021","url":"https:\/\/lospoliticosveracruz.com\/?p=51021","name":"Veracruz, donde reina la violencia - Los pol\u00edticos Veracruz","isPartOf":{"@id":"https:\/\/lospoliticosveracruz.com\/#website"},"primaryImageOfPage":{"@id":"https:\/\/lospoliticosveracruz.com\/?p=51021#primaryimage"},"image":{"@id":"https:\/\/lospoliticosveracruz.com\/?p=51021#primaryimage"},"thumbnailUrl":"https:\/\/lospoliticosveracruz.com\/wp-content\/uploads\/2019\/11\/Cuic2.jpg","datePublished":"2019-11-25T15:57:52+00:00","breadcrumb":{"@id":"https:\/\/lospoliticosveracruz.com\/?p=51021#breadcrumb"},"inLanguage":"es","potentialAction":[{"@type":"ReadAction","target":["https:\/\/lospoliticosveracruz.com\/?p=51021"]}]},{"@type":"ImageObject","inLanguage":"es","@id":"https:\/\/lospoliticosveracruz.com\/?p=51021#primaryimage","url":"https:\/\/lospoliticosveracruz.com\/wp-content\/uploads\/2019\/11\/Cuic2.jpg","contentUrl":"https:\/\/lospoliticosveracruz.com\/wp-content\/uploads\/2019\/11\/Cuic2.jpg","width":600,"height":386},{"@type":"BreadcrumbList","@id":"https:\/\/lospoliticosveracruz.com\/?p=51021#breadcrumb","itemListElement":[{"@type":"ListItem","position":1,"name":"Portada","item":"https:\/\/lospoliticosveracruz.com\/"},{"@type":"ListItem","position":2,"name":"Veracruz, donde reina la violencia"}]},{"@type":"WebSite","@id":"https:\/\/lospoliticosveracruz.com\/#website","url":"https:\/\/lospoliticosveracruz.com\/","name":"Los pol\u00edticos Veracruz","description":"","publisher":{"@id":"https:\/\/lospoliticosveracruz.com\/#organization"},"potentialAction":[{"@type":"SearchAction","target":{"@type":"EntryPoint","urlTemplate":"https:\/\/lospoliticosveracruz.com\/?s={search_term_string}"},"query-input":{"@type":"PropertyValueSpecification","valueRequired":true,"valueName":"search_term_string"}}],"inLanguage":"es"},{"@type":"Organization","@id":"https:\/\/lospoliticosveracruz.com\/#organization","name":"Los pol\u00edticos Veracruz","url":"https:\/\/lospoliticosveracruz.com\/","logo":{"@type":"ImageObject","inLanguage":"es","@id":"https:\/\/lospoliticosveracruz.com\/#\/schema\/logo\/image\/","url":"https:\/\/lospoliticosveracruz.com\/wp-content\/uploads\/2025\/12\/Logo-Nuevo-LOS-POLITICOS-1.jpg","contentUrl":"https:\/\/lospoliticosveracruz.com\/wp-content\/uploads\/2025\/12\/Logo-Nuevo-LOS-POLITICOS-1.jpg","width":260,"height":70,"caption":"Los pol\u00edticos Veracruz"},"image":{"@id":"https:\/\/lospoliticosveracruz.com\/#\/schema\/logo\/image\/"},"sameAs":["https:\/\/www.facebook.com\/people\/Notimemes-de-los-Polticos\/61565672886568\/","https:\/\/x.com\/LosPoliticosVer"]},{"@type":"Person","@id":"https:\/\/lospoliticosveracruz.com\/#\/schema\/person\/b8702bb0e538456e6efd07080bf2a4a2","name":"Lo viste en Los Pol\u00edticos","image":{"@type":"ImageObject","inLanguage":"es","@id":"https:\/\/secure.gravatar.com\/avatar\/3a8de04a2656d44082be478bd6c086daa447c4651605818287b9532d3d0bd435?s=96&d=mm&r=g","url":"https:\/\/secure.gravatar.com\/avatar\/3a8de04a2656d44082be478bd6c086daa447c4651605818287b9532d3d0bd435?s=96&d=mm&r=g","contentUrl":"https:\/\/secure.gravatar.com\/avatar\/3a8de04a2656d44082be478bd6c086daa447c4651605818287b9532d3d0bd435?s=96&d=mm&r=g","caption":"Lo viste en Los Pol\u00edticos"},"url":"https:\/\/lospoliticosveracruz.com\/?author=2"}]}},"_links":{"self":[{"href":"https:\/\/lospoliticosveracruz.com\/index.php?rest_route=\/wp\/v2\/posts\/51021","targetHints":{"allow":["GET"]}}],"collection":[{"href":"https:\/\/lospoliticosveracruz.com\/index.php?rest_route=\/wp\/v2\/posts"}],"about":[{"href":"https:\/\/lospoliticosveracruz.com\/index.php?rest_route=\/wp\/v2\/types\/post"}],"author":[{"embeddable":true,"href":"https:\/\/lospoliticosveracruz.com\/index.php?rest_route=\/wp\/v2\/users\/2"}],"replies":[{"embeddable":true,"href":"https:\/\/lospoliticosveracruz.com\/index.php?rest_route=%2Fwp%2Fv2%2Fcomments&post=51021"}],"version-history":[{"count":1,"href":"https:\/\/lospoliticosveracruz.com\/index.php?rest_route=\/wp\/v2\/posts\/51021\/revisions"}],"predecessor-version":[{"id":51022,"href":"https:\/\/lospoliticosveracruz.com\/index.php?rest_route=\/wp\/v2\/posts\/51021\/revisions\/51022"}],"wp:featuredmedia":[{"embeddable":true,"href":"https:\/\/lospoliticosveracruz.com\/index.php?rest_route=\/wp\/v2\/media\/50893"}],"wp:attachment":[{"href":"https:\/\/lospoliticosveracruz.com\/index.php?rest_route=%2Fwp%2Fv2%2Fmedia&parent=51021"}],"wp:term":[{"taxonomy":"category","embeddable":true,"href":"https:\/\/lospoliticosveracruz.com\/index.php?rest_route=%2Fwp%2Fv2%2Fcategories&post=51021"},{"taxonomy":"post_tag","embeddable":true,"href":"https:\/\/lospoliticosveracruz.com\/index.php?rest_route=%2Fwp%2Fv2%2Ftags&post=51021"}],"curies":[{"name":"wp","href":"https:\/\/api.w.org\/{rel}","templated":true}]}}