{"id":51057,"date":"2019-11-26T23:01:18","date_gmt":"2019-11-27T05:01:18","guid":{"rendered":"http:\/\/www.lospoliticosveracruz.com.mx\/?p=51057"},"modified":"2019-11-26T19:10:41","modified_gmt":"2019-11-27T01:10:41","slug":"morena-cuestion-de-prioridades","status":"publish","type":"post","link":"https:\/\/lospoliticosveracruz.com\/?p=51057","title":{"rendered":"Morena: Cuesti\u00f3n de Prioridades"},"content":{"rendered":"<p><strong>Salvador Mu\u00f1oz<\/strong><\/p>\n<p><em>Los Pol\u00edticos<\/em><\/p>\n<p><span style=\"font-weight: 400;\">Por la ma\u00f1ana, recibo unas fotos tras la manifestaci\u00f3n de mujeres por el centro de Xalapa\u2026 las paredes el lunes rayadas, este martes estaban parchadas con pintura blanca.<\/span><\/p>\n<p><span style=\"font-weight: 400;\">Recuerdo el comentario en redes sociales de que una maestra fue asesinada en Torre\u00f3n. Al d\u00eda siguiente del feminicidio, la sangre a\u00fan marcaba el suelo.<\/span><\/p>\n<p><span style=\"font-weight: 400;\">Tras la manifestaci\u00f3n de mujeres y su vandalismo, las autoridades salieron muy temprano a aplicar la de \u201cque no quede huella, que no, que no \/ que no quede huella\u201d&#8230; cuesti\u00f3n de prioridades.<\/span><\/p>\n<p><span style=\"font-weight: 400;\">Por la tarde, me entero que Maleno Rosales, Augusto Nah\u00fam Alvarez Pellico y Jessica Ram\u00edrez Cisneros hab\u00edan sido expulsados de\u00a0 Morena.<\/span><\/p>\n<p><span style=\"font-weight: 400;\">Es una pena que un partido que est\u00e1 en ciernes, tenga la piel tan delicada, tan sensible, como para tomar tal decisi\u00f3n contra tres diputados que al parecer, creyeron en la democracia y la libertad de expresi\u00f3n al interior de Morena.<\/span><\/p>\n<p><span style=\"font-weight: 400;\">Que se les pas\u00f3 la mano \u201ccalumniando\u201d y \u201cdifamando\u201d a Juan Javier G\u00f3mez Cazar\u00edn y Eric Cisneros Burgos\u2026 puede que s\u00ed, pero entonces se pudo haber requerido de lo m\u00e1s elemental para atender estos casos: pol\u00edtica y di\u00e1logo, \u00a1y claro! Al final, se trata de convencer\u2026<\/span><\/p>\n<p><span style=\"font-weight: 400;\">Era bonito ver a diputados de Morena poni\u00e9ndole sabor al caldo en las comparecencias, como lo hizo en su\u00a0 momento Augusto Nah\u00fam Alvarez Pellico, quien dijo que las oficinas de Sedesol en Orizaba est\u00e1n en una casa de enlace, de un partido\u2026 creo que seguir\u00e1n poni\u00e9ndole sabor ahora con m\u00e1s ganas.<\/span><\/p>\n<p><span style=\"font-weight: 400;\">Antes de que anochezca, veo un video de la manifestaci\u00f3n que hicieron en Chile cantidad de mujeres\u2026 no s\u00e9 si sea correcto llamarle \u201cPerformance\u201d pero al ritmo de un tambor, van cantando su reclamo y entre las frases con las que me quedo son estas dos:<\/span><\/p>\n<p><span style=\"font-weight: 400;\">\u201cY la culpa no era m\u00eda<\/span><\/p>\n<p><span style=\"font-weight: 400;\">Ni d\u00f3nde estaba ni c\u00f3mo vest\u00eda\u201d<\/span><\/p>\n<p><span style=\"font-weight: 400;\">As\u00ed como \u00e9sta:<\/span><\/p>\n<p><span style=\"font-weight: 400;\">\u201cEl violador eres t\u00fa&#8230;<\/span><\/p>\n<p><span style=\"font-weight: 400;\">\u201cEl estado opresor es un macho violador\u201d&#8230;<\/span><\/p>\n<p><span style=\"font-weight: 400;\">Ac\u00e1 en Xalapa, fueron muy criticadas las mujeres que cubiertas de la cara (Balaclavas), agredieron a varones sin otra raz\u00f3n m\u00e1s que el serlo.<\/span><\/p>\n<p><span style=\"font-weight: 400;\">La manifestaci\u00f3n cambia su tinte cuando te cubres la cara\u2026 entiendo que puede haber miedo, pero a la vez, cubrirte con una balaclava te da el valor para otras cosas.<\/span><\/p>\n<p><span style=\"font-weight: 400;\">La balaclava es esa prenda que te cubre la cara totalmente o puede usarse como gorro\u2026 las puso mucho de moda Arturo Berm\u00fadez Zurita entre sus elementos y \u00e9l mismo, que gustaba de participar en operativos.<\/span><\/p>\n<p><span style=\"font-weight: 400;\">De acuerdo a la prensa andina, la mayor\u00eda de los feminicidios ocurridos y que van a la alza de manera alarmante, han sido perpetrados por personas del entorno familiar\u2026<\/span><\/p>\n<p><span style=\"font-weight: 400;\">Aunque resolver un feminicidio con etiquetas de \u201cpasional\u201d, por ese lado, es f\u00e1cil\u2026 no s\u00e9 si se hagan estudios sobre los asesinatos de mujeres para tratar de entender y luego entonces, evitar que sigan ocurriendo.<\/span><\/p>\n<p><span style=\"font-weight: 400;\">Lo que s\u00ed debe de preocuparnos es esa creciente agresividad hacia la mujer, sea en M\u00e9xico o cualquier parte del mundo, cual si hubiera un pinche virus suelto y no hemos sido capaz de detectarlo.<\/span><\/p>\n<p><span style=\"font-weight: 400;\">Mientras, Ver\u00f3nica Hern\u00e1ndez est\u00e1 m\u00e1s preocupada por las \u201ccifras reales\u201d que por resolver los cr\u00edmenes\u2026 cuesti\u00f3n de prioridades.<\/span><\/p>\n<p>&nbsp;<\/p>\n<p><span style=\"font-weight: 400;\">smcainito@gmail.com<\/span><\/p>\n<p>&nbsp;<\/p>\n","protected":false},"excerpt":{"rendered":"<p>Salvador Mu\u00f1oz Los Pol\u00edticos Por la ma\u00f1ana, recibo unas fotos tras la manifestaci\u00f3n de mujeres por el centro de Xalapa\u2026 las paredes el lunes rayadas, este martes estaban parchadas con pintura blanca. Recuerdo el comentario en redes sociales de que una maestra fue asesinada en Torre\u00f3n. Al d\u00eda siguiente del feminicidio, la sangre a\u00fan marcaba [&hellip;]<\/p>\n","protected":false},"author":2,"featured_media":51058,"comment_status":"open","ping_status":"open","sticky":false,"template":"","format":"standard","meta":{"tdm_status":"","tdm_grid_status":"","footnotes":""},"categories":[70],"tags":[960,3880,12299,13448,12695,13812,1026,2646,96],"class_list":{"0":"post-51057","1":"post","2":"type-post","3":"status-publish","4":"format-standard","5":"has-post-thumbnail","7":"category-de-opinion","8":"tag-arturo-bermudez-zurita","9":"tag-chile","10":"tag-eric-cisneros-burgos","11":"tag-jessica-ramirez-cisneros","12":"tag-juan-javier-gomez-cazarin","13":"tag-maleno-rosales","14":"tag-morena","15":"tag-salvador-munoz","16":"tag-xalapa"},"yoast_head":"<!-- This site is optimized with the Yoast SEO plugin v27.4 - https:\/\/yoast.com\/product\/yoast-seo-wordpress\/ -->\n<title>Morena: Cuesti\u00f3n de Prioridades - Los pol\u00edticos Veracruz<\/title>\n<meta name=\"robots\" content=\"index, follow, max-snippet:-1, max-image-preview:large, max-video-preview:-1\" \/>\n<link rel=\"canonical\" href=\"https:\/\/lospoliticosveracruz.com\/?p=51057\" \/>\n<meta property=\"og:locale\" content=\"es_ES\" \/>\n<meta property=\"og:type\" content=\"article\" \/>\n<meta property=\"og:title\" content=\"Morena: Cuesti\u00f3n de Prioridades - Los pol\u00edticos Veracruz\" \/>\n<meta property=\"og:description\" content=\"Salvador Mu\u00f1oz Los Pol\u00edticos Por la ma\u00f1ana, recibo unas fotos tras la manifestaci\u00f3n de mujeres por el centro de Xalapa\u2026 las paredes el lunes rayadas, este martes estaban parchadas con pintura blanca. Recuerdo el comentario en redes sociales de que una maestra fue asesinada en Torre\u00f3n. Al d\u00eda siguiente del feminicidio, la sangre a\u00fan marcaba [&hellip;]\" \/>\n<meta property=\"og:url\" content=\"https:\/\/lospoliticosveracruz.com\/?p=51057\" \/>\n<meta property=\"og:site_name\" content=\"Los pol\u00edticos Veracruz\" \/>\n<meta property=\"article:publisher\" content=\"https:\/\/www.facebook.com\/people\/Notimemes-de-los-Polticos\/61565672886568\/\" \/>\n<meta property=\"article:published_time\" content=\"2019-11-27T05:01:18+00:00\" \/>\n<meta property=\"og:image\" content=\"https:\/\/lospoliticosveracruz.com\/wp-content\/uploads\/2019\/11\/Pinta.jpg\" \/>\n\t<meta property=\"og:image:width\" content=\"600\" \/>\n\t<meta property=\"og:image:height\" content=\"410\" \/>\n\t<meta property=\"og:image:type\" content=\"image\/jpeg\" \/>\n<meta name=\"author\" content=\"Lo viste en Los Pol\u00edticos\" \/>\n<meta name=\"twitter:card\" content=\"summary_large_image\" \/>\n<meta name=\"twitter:creator\" content=\"@LosPoliticosVer\" \/>\n<meta name=\"twitter:site\" content=\"@LosPoliticosVer\" \/>\n<meta name=\"twitter:label1\" content=\"Escrito por\" \/>\n\t<meta name=\"twitter:data1\" content=\"Lo viste en Los Pol\u00edticos\" \/>\n\t<meta name=\"twitter:label2\" content=\"Tiempo de lectura\" \/>\n\t<meta name=\"twitter:data2\" content=\"3 minutos\" \/>\n<script type=\"application\/ld+json\" class=\"yoast-schema-graph\">{\"@context\":\"https:\\\/\\\/schema.org\",\"@graph\":[{\"@type\":\"Article\",\"@id\":\"https:\\\/\\\/lospoliticosveracruz.com\\\/?p=51057#article\",\"isPartOf\":{\"@id\":\"https:\\\/\\\/lospoliticosveracruz.com\\\/?p=51057\"},\"author\":{\"name\":\"Lo viste en Los Pol\u00edticos\",\"@id\":\"https:\\\/\\\/lospoliticosveracruz.com\\\/#\\\/schema\\\/person\\\/b8702bb0e538456e6efd07080bf2a4a2\"},\"headline\":\"Morena: Cuesti\u00f3n de Prioridades\",\"datePublished\":\"2019-11-27T05:01:18+00:00\",\"mainEntityOfPage\":{\"@id\":\"https:\\\/\\\/lospoliticosveracruz.com\\\/?p=51057\"},\"wordCount\":579,\"commentCount\":0,\"publisher\":{\"@id\":\"https:\\\/\\\/lospoliticosveracruz.com\\\/#organization\"},\"image\":{\"@id\":\"https:\\\/\\\/lospoliticosveracruz.com\\\/?p=51057#primaryimage\"},\"thumbnailUrl\":\"https:\\\/\\\/lospoliticosveracruz.com\\\/wp-content\\\/uploads\\\/2019\\\/11\\\/Pinta.jpg\",\"keywords\":[\"Arturo Berm\u00fadez Zurita\",\"Chile\",\"Eric Cisneros Burgos\",\"Jessica Ram\u00edrez Cisneros\",\"Juan Javier G\u00f3mez Cazar\u00edn\",\"Maleno Rosales\",\"Morena\",\"Salvador Mu\u00f1oz\",\"Xalapa\"],\"articleSection\":[\"De Opini\u00f3n\"],\"inLanguage\":\"es\",\"potentialAction\":[{\"@type\":\"CommentAction\",\"name\":\"Comment\",\"target\":[\"https:\\\/\\\/lospoliticosveracruz.com\\\/?p=51057#respond\"]}]},{\"@type\":\"WebPage\",\"@id\":\"https:\\\/\\\/lospoliticosveracruz.com\\\/?p=51057\",\"url\":\"https:\\\/\\\/lospoliticosveracruz.com\\\/?p=51057\",\"name\":\"Morena: Cuesti\u00f3n de Prioridades - Los pol\u00edticos Veracruz\",\"isPartOf\":{\"@id\":\"https:\\\/\\\/lospoliticosveracruz.com\\\/#website\"},\"primaryImageOfPage\":{\"@id\":\"https:\\\/\\\/lospoliticosveracruz.com\\\/?p=51057#primaryimage\"},\"image\":{\"@id\":\"https:\\\/\\\/lospoliticosveracruz.com\\\/?p=51057#primaryimage\"},\"thumbnailUrl\":\"https:\\\/\\\/lospoliticosveracruz.com\\\/wp-content\\\/uploads\\\/2019\\\/11\\\/Pinta.jpg\",\"datePublished\":\"2019-11-27T05:01:18+00:00\",\"breadcrumb\":{\"@id\":\"https:\\\/\\\/lospoliticosveracruz.com\\\/?p=51057#breadcrumb\"},\"inLanguage\":\"es\",\"potentialAction\":[{\"@type\":\"ReadAction\",\"target\":[\"https:\\\/\\\/lospoliticosveracruz.com\\\/?p=51057\"]}]},{\"@type\":\"ImageObject\",\"inLanguage\":\"es\",\"@id\":\"https:\\\/\\\/lospoliticosveracruz.com\\\/?p=51057#primaryimage\",\"url\":\"https:\\\/\\\/lospoliticosveracruz.com\\\/wp-content\\\/uploads\\\/2019\\\/11\\\/Pinta.jpg\",\"contentUrl\":\"https:\\\/\\\/lospoliticosveracruz.com\\\/wp-content\\\/uploads\\\/2019\\\/11\\\/Pinta.jpg\",\"width\":600,\"height\":410},{\"@type\":\"BreadcrumbList\",\"@id\":\"https:\\\/\\\/lospoliticosveracruz.com\\\/?p=51057#breadcrumb\",\"itemListElement\":[{\"@type\":\"ListItem\",\"position\":1,\"name\":\"Portada\",\"item\":\"https:\\\/\\\/lospoliticosveracruz.com\\\/\"},{\"@type\":\"ListItem\",\"position\":2,\"name\":\"Morena: Cuesti\u00f3n de Prioridades\"}]},{\"@type\":\"WebSite\",\"@id\":\"https:\\\/\\\/lospoliticosveracruz.com\\\/#website\",\"url\":\"https:\\\/\\\/lospoliticosveracruz.com\\\/\",\"name\":\"Los pol\u00edticos Veracruz\",\"description\":\"\",\"publisher\":{\"@id\":\"https:\\\/\\\/lospoliticosveracruz.com\\\/#organization\"},\"potentialAction\":[{\"@type\":\"SearchAction\",\"target\":{\"@type\":\"EntryPoint\",\"urlTemplate\":\"https:\\\/\\\/lospoliticosveracruz.com\\\/?s={search_term_string}\"},\"query-input\":{\"@type\":\"PropertyValueSpecification\",\"valueRequired\":true,\"valueName\":\"search_term_string\"}}],\"inLanguage\":\"es\"},{\"@type\":\"Organization\",\"@id\":\"https:\\\/\\\/lospoliticosveracruz.com\\\/#organization\",\"name\":\"Los pol\u00edticos Veracruz\",\"url\":\"https:\\\/\\\/lospoliticosveracruz.com\\\/\",\"logo\":{\"@type\":\"ImageObject\",\"inLanguage\":\"es\",\"@id\":\"https:\\\/\\\/lospoliticosveracruz.com\\\/#\\\/schema\\\/logo\\\/image\\\/\",\"url\":\"https:\\\/\\\/lospoliticosveracruz.com\\\/wp-content\\\/uploads\\\/2025\\\/12\\\/Logo-Nuevo-LOS-POLITICOS-1.jpg\",\"contentUrl\":\"https:\\\/\\\/lospoliticosveracruz.com\\\/wp-content\\\/uploads\\\/2025\\\/12\\\/Logo-Nuevo-LOS-POLITICOS-1.jpg\",\"width\":260,\"height\":70,\"caption\":\"Los pol\u00edticos Veracruz\"},\"image\":{\"@id\":\"https:\\\/\\\/lospoliticosveracruz.com\\\/#\\\/schema\\\/logo\\\/image\\\/\"},\"sameAs\":[\"https:\\\/\\\/www.facebook.com\\\/people\\\/Notimemes-de-los-Polticos\\\/61565672886568\\\/\",\"https:\\\/\\\/x.com\\\/LosPoliticosVer\"]},{\"@type\":\"Person\",\"@id\":\"https:\\\/\\\/lospoliticosveracruz.com\\\/#\\\/schema\\\/person\\\/b8702bb0e538456e6efd07080bf2a4a2\",\"name\":\"Lo viste en Los Pol\u00edticos\",\"image\":{\"@type\":\"ImageObject\",\"inLanguage\":\"es\",\"@id\":\"https:\\\/\\\/secure.gravatar.com\\\/avatar\\\/3a8de04a2656d44082be478bd6c086daa447c4651605818287b9532d3d0bd435?s=96&d=mm&r=g\",\"url\":\"https:\\\/\\\/secure.gravatar.com\\\/avatar\\\/3a8de04a2656d44082be478bd6c086daa447c4651605818287b9532d3d0bd435?s=96&d=mm&r=g\",\"contentUrl\":\"https:\\\/\\\/secure.gravatar.com\\\/avatar\\\/3a8de04a2656d44082be478bd6c086daa447c4651605818287b9532d3d0bd435?s=96&d=mm&r=g\",\"caption\":\"Lo viste en Los Pol\u00edticos\"},\"url\":\"https:\\\/\\\/lospoliticosveracruz.com\\\/?author=2\"}]}<\/script>\n<!-- \/ Yoast SEO plugin. -->","yoast_head_json":{"title":"Morena: Cuesti\u00f3n de Prioridades - Los pol\u00edticos Veracruz","robots":{"index":"index","follow":"follow","max-snippet":"max-snippet:-1","max-image-preview":"max-image-preview:large","max-video-preview":"max-video-preview:-1"},"canonical":"https:\/\/lospoliticosveracruz.com\/?p=51057","og_locale":"es_ES","og_type":"article","og_title":"Morena: Cuesti\u00f3n de Prioridades - Los pol\u00edticos Veracruz","og_description":"Salvador Mu\u00f1oz Los Pol\u00edticos Por la ma\u00f1ana, recibo unas fotos tras la manifestaci\u00f3n de mujeres por el centro de Xalapa\u2026 las paredes el lunes rayadas, este martes estaban parchadas con pintura blanca. Recuerdo el comentario en redes sociales de que una maestra fue asesinada en Torre\u00f3n. Al d\u00eda siguiente del feminicidio, la sangre a\u00fan marcaba [&hellip;]","og_url":"https:\/\/lospoliticosveracruz.com\/?p=51057","og_site_name":"Los pol\u00edticos Veracruz","article_publisher":"https:\/\/www.facebook.com\/people\/Notimemes-de-los-Polticos\/61565672886568\/","article_published_time":"2019-11-27T05:01:18+00:00","og_image":[{"width":600,"height":410,"url":"https:\/\/lospoliticosveracruz.com\/wp-content\/uploads\/2019\/11\/Pinta.jpg","type":"image\/jpeg"}],"author":"Lo viste en Los Pol\u00edticos","twitter_card":"summary_large_image","twitter_creator":"@LosPoliticosVer","twitter_site":"@LosPoliticosVer","twitter_misc":{"Escrito por":"Lo viste en Los Pol\u00edticos","Tiempo de lectura":"3 minutos"},"schema":{"@context":"https:\/\/schema.org","@graph":[{"@type":"Article","@id":"https:\/\/lospoliticosveracruz.com\/?p=51057#article","isPartOf":{"@id":"https:\/\/lospoliticosveracruz.com\/?p=51057"},"author":{"name":"Lo viste en Los Pol\u00edticos","@id":"https:\/\/lospoliticosveracruz.com\/#\/schema\/person\/b8702bb0e538456e6efd07080bf2a4a2"},"headline":"Morena: Cuesti\u00f3n de Prioridades","datePublished":"2019-11-27T05:01:18+00:00","mainEntityOfPage":{"@id":"https:\/\/lospoliticosveracruz.com\/?p=51057"},"wordCount":579,"commentCount":0,"publisher":{"@id":"https:\/\/lospoliticosveracruz.com\/#organization"},"image":{"@id":"https:\/\/lospoliticosveracruz.com\/?p=51057#primaryimage"},"thumbnailUrl":"https:\/\/lospoliticosveracruz.com\/wp-content\/uploads\/2019\/11\/Pinta.jpg","keywords":["Arturo Berm\u00fadez Zurita","Chile","Eric Cisneros Burgos","Jessica Ram\u00edrez Cisneros","Juan Javier G\u00f3mez Cazar\u00edn","Maleno Rosales","Morena","Salvador Mu\u00f1oz","Xalapa"],"articleSection":["De Opini\u00f3n"],"inLanguage":"es","potentialAction":[{"@type":"CommentAction","name":"Comment","target":["https:\/\/lospoliticosveracruz.com\/?p=51057#respond"]}]},{"@type":"WebPage","@id":"https:\/\/lospoliticosveracruz.com\/?p=51057","url":"https:\/\/lospoliticosveracruz.com\/?p=51057","name":"Morena: Cuesti\u00f3n de Prioridades - Los pol\u00edticos Veracruz","isPartOf":{"@id":"https:\/\/lospoliticosveracruz.com\/#website"},"primaryImageOfPage":{"@id":"https:\/\/lospoliticosveracruz.com\/?p=51057#primaryimage"},"image":{"@id":"https:\/\/lospoliticosveracruz.com\/?p=51057#primaryimage"},"thumbnailUrl":"https:\/\/lospoliticosveracruz.com\/wp-content\/uploads\/2019\/11\/Pinta.jpg","datePublished":"2019-11-27T05:01:18+00:00","breadcrumb":{"@id":"https:\/\/lospoliticosveracruz.com\/?p=51057#breadcrumb"},"inLanguage":"es","potentialAction":[{"@type":"ReadAction","target":["https:\/\/lospoliticosveracruz.com\/?p=51057"]}]},{"@type":"ImageObject","inLanguage":"es","@id":"https:\/\/lospoliticosveracruz.com\/?p=51057#primaryimage","url":"https:\/\/lospoliticosveracruz.com\/wp-content\/uploads\/2019\/11\/Pinta.jpg","contentUrl":"https:\/\/lospoliticosveracruz.com\/wp-content\/uploads\/2019\/11\/Pinta.jpg","width":600,"height":410},{"@type":"BreadcrumbList","@id":"https:\/\/lospoliticosveracruz.com\/?p=51057#breadcrumb","itemListElement":[{"@type":"ListItem","position":1,"name":"Portada","item":"https:\/\/lospoliticosveracruz.com\/"},{"@type":"ListItem","position":2,"name":"Morena: Cuesti\u00f3n de Prioridades"}]},{"@type":"WebSite","@id":"https:\/\/lospoliticosveracruz.com\/#website","url":"https:\/\/lospoliticosveracruz.com\/","name":"Los pol\u00edticos Veracruz","description":"","publisher":{"@id":"https:\/\/lospoliticosveracruz.com\/#organization"},"potentialAction":[{"@type":"SearchAction","target":{"@type":"EntryPoint","urlTemplate":"https:\/\/lospoliticosveracruz.com\/?s={search_term_string}"},"query-input":{"@type":"PropertyValueSpecification","valueRequired":true,"valueName":"search_term_string"}}],"inLanguage":"es"},{"@type":"Organization","@id":"https:\/\/lospoliticosveracruz.com\/#organization","name":"Los pol\u00edticos Veracruz","url":"https:\/\/lospoliticosveracruz.com\/","logo":{"@type":"ImageObject","inLanguage":"es","@id":"https:\/\/lospoliticosveracruz.com\/#\/schema\/logo\/image\/","url":"https:\/\/lospoliticosveracruz.com\/wp-content\/uploads\/2025\/12\/Logo-Nuevo-LOS-POLITICOS-1.jpg","contentUrl":"https:\/\/lospoliticosveracruz.com\/wp-content\/uploads\/2025\/12\/Logo-Nuevo-LOS-POLITICOS-1.jpg","width":260,"height":70,"caption":"Los pol\u00edticos Veracruz"},"image":{"@id":"https:\/\/lospoliticosveracruz.com\/#\/schema\/logo\/image\/"},"sameAs":["https:\/\/www.facebook.com\/people\/Notimemes-de-los-Polticos\/61565672886568\/","https:\/\/x.com\/LosPoliticosVer"]},{"@type":"Person","@id":"https:\/\/lospoliticosveracruz.com\/#\/schema\/person\/b8702bb0e538456e6efd07080bf2a4a2","name":"Lo viste en Los Pol\u00edticos","image":{"@type":"ImageObject","inLanguage":"es","@id":"https:\/\/secure.gravatar.com\/avatar\/3a8de04a2656d44082be478bd6c086daa447c4651605818287b9532d3d0bd435?s=96&d=mm&r=g","url":"https:\/\/secure.gravatar.com\/avatar\/3a8de04a2656d44082be478bd6c086daa447c4651605818287b9532d3d0bd435?s=96&d=mm&r=g","contentUrl":"https:\/\/secure.gravatar.com\/avatar\/3a8de04a2656d44082be478bd6c086daa447c4651605818287b9532d3d0bd435?s=96&d=mm&r=g","caption":"Lo viste en Los Pol\u00edticos"},"url":"https:\/\/lospoliticosveracruz.com\/?author=2"}]}},"_links":{"self":[{"href":"https:\/\/lospoliticosveracruz.com\/index.php?rest_route=\/wp\/v2\/posts\/51057","targetHints":{"allow":["GET"]}}],"collection":[{"href":"https:\/\/lospoliticosveracruz.com\/index.php?rest_route=\/wp\/v2\/posts"}],"about":[{"href":"https:\/\/lospoliticosveracruz.com\/index.php?rest_route=\/wp\/v2\/types\/post"}],"author":[{"embeddable":true,"href":"https:\/\/lospoliticosveracruz.com\/index.php?rest_route=\/wp\/v2\/users\/2"}],"replies":[{"embeddable":true,"href":"https:\/\/lospoliticosveracruz.com\/index.php?rest_route=%2Fwp%2Fv2%2Fcomments&post=51057"}],"version-history":[{"count":1,"href":"https:\/\/lospoliticosveracruz.com\/index.php?rest_route=\/wp\/v2\/posts\/51057\/revisions"}],"predecessor-version":[{"id":51059,"href":"https:\/\/lospoliticosveracruz.com\/index.php?rest_route=\/wp\/v2\/posts\/51057\/revisions\/51059"}],"wp:featuredmedia":[{"embeddable":true,"href":"https:\/\/lospoliticosveracruz.com\/index.php?rest_route=\/wp\/v2\/media\/51058"}],"wp:attachment":[{"href":"https:\/\/lospoliticosveracruz.com\/index.php?rest_route=%2Fwp%2Fv2%2Fmedia&parent=51057"}],"wp:term":[{"taxonomy":"category","embeddable":true,"href":"https:\/\/lospoliticosveracruz.com\/index.php?rest_route=%2Fwp%2Fv2%2Fcategories&post=51057"},{"taxonomy":"post_tag","embeddable":true,"href":"https:\/\/lospoliticosveracruz.com\/index.php?rest_route=%2Fwp%2Fv2%2Ftags&post=51057"}],"curies":[{"name":"wp","href":"https:\/\/api.w.org\/{rel}","templated":true}]}}