{"id":51134,"date":"2019-11-29T11:50:41","date_gmt":"2019-11-29T17:50:41","guid":{"rendered":"http:\/\/www.lospoliticosveracruz.com.mx\/?p=51134"},"modified":"2019-11-29T11:50:41","modified_gmt":"2019-11-29T17:50:41","slug":"levantones-secuestros-mejor-fiesta","status":"publish","type":"post","link":"https:\/\/lospoliticosveracruz.com\/?p=51134","title":{"rendered":"Levantones, secuestros&#8230; mejor fiesta"},"content":{"rendered":"<p><b>Ricardo Ch\u00faa\u00a0<\/b><\/p>\n<p><i>Sale y Vale<\/i><\/p>\n<p>EL SALADO&#8230; Vaya d\u00eda de jueves del gobernador, Cuitl\u00e1huac Garc\u00eda Jim\u00e9nez&#8230; Mientras \u00e9l se la pas\u00f3 anunciado v\u00eda sus redes sociales que acudir\u00eda a la convocatoria lanzada por el Presidente de M\u00e9xico, Andr\u00e9s Manuel L\u00f3pez Obrador, a un mitin en el z\u00f3calo de CDMX este domingo a las 11:00 hora de la ma\u00f1ana para celebrar su primer a\u00f1o en el poder&#8230; En Veracruz, al mandatario estatal, estaba teniendo escenas terribles de violencia en los municipios de Ciudad Mendoza y Xalapa&#8230;..Con \u00abLEVANTONES\u00bb Y SECUESTROS&#8230;<\/p>\n<p>De nuevo un menor y una mujer entre los secuestrados y una pareja de maestros tambi\u00e9n sufriendo este tipo de actos&#8230; Mientras el Gobernador se la pasaba anunciado la fiesta de L\u00f3pez Obrador&#8230; Y no se le conoce que haya dirigido alguna linea para estas personas que est\u00e1n sufriendo por la desaparici\u00f3n de un familiar&#8230; Cuitl\u00e1huac seguramente llegar\u00e1 la ma\u00f1ana del sabado&#8230; Y har\u00e1 un \u00absabadaba\u00bb digno de su investidura&#8230; Hay que ver, si fue a \u00abLa Polar\u00bb&#8230; LA BENDICI\u00d3N DE VERACRUZ,,,<\/p>\n<p>OJO&#8230;. S\u00f3lo como duda&#8230; Cu\u00e1nto se gastar\u00e1 el gobierno de Veracruz con la movilizaci\u00f3n de \u00absimpatizantes\u00bb de MORENA al z\u00f3calo capitalino este domingo a observar a Andr\u00e9s Manuel L\u00f3pez Obrador&#8230; Ayer lo mencion\u00e1bamos en este espacio&#8230; El Primo Eleazar est\u00e1 a cargo de todo ese operativo&#8230; As\u00ed que ese domingo ser\u00e1 de \u00abChupi-fiesta\u00bb porque de algo tienen que desestreszar a la comunidad &#8230; LASTIMA MARGARITO&#8230;<\/p>\n<p>SE VA BOSCO&#8230; Una poderosa Fuente priista nos informa que se da una de las primeras salidas del equipo del alcalde panista, Fernando Yunes M\u00e1rquez&#8230; Ya que en este mes de diciembre dir\u00e1 ADI\u00d3S a su cargo como director de Turismo Municipal, Juan Bosco&#8230; Es decir, no llega a enero&#8230; Al parecer no tuvo conflictos con el alcalde, ni nada por el estilo&#8230; Simplemente se va y no se sabe a ciencia cierta el por qu\u00e9&#8230; En fin, GUD BAY&#8230;<\/p>\n<p>La historia nos se\u00f1ala que Bosco lleg\u00f3 con Ram\u00f3n Poo, en el 2014 a este cargo en Turismo Municipal por invitaci\u00f3n del entonces alcalde porte\u00f1o y porque adem\u00e1s era uno de sus amigos personales que llegaron con \u00e9l a esta administraci\u00f3n&#8230; Al terminar Poo su encargo como presidente municipal, por la cercan\u00eda de Bosco con los Yunes azules, se qued\u00f3 en este sitio donde ya cumplir\u00eda dos a\u00f1os con ChiquiNando el pr\u00f3ximo mes de diciembre&#8230; Pero por alguna \u00abextra\u00f1a causa\u00bb se acab\u00f3 el ciclo y se va&#8230;<\/p>\n<p>En la HISTORIA NEGRA que tambi\u00e9n se ha construido pol\u00edticamente entorno a Juan Bosco&#8230; Es que en su momento fue se\u00f1alado por militantes del PRI, en el 2017, en plena campa\u00f1a para la alcald\u00eda de este puerto&#8230; De haberle facilitado MUCHA INFORMACI\u00d3N a ChiquiFer para \u00abboicotear\u00bb en ese entonces al candidato priista que era Fidel Kuri Grajales&#8230; Y que eso sirvi\u00f3 para que ChiquiNando lograr\u00e1 casi 100 mil votos&#8230; Y que eso tuvo su \u00abpago de factura\u00bb de repetir en el mismo cargo&#8230; Al menos eso es&#8230; Lo que la gente cuenta&#8230; TAN Y TAN..<\/p>\n<p>La OTRA VERSI\u00d3N que se est\u00e1 \u00abtejiendo\u00bb alrededor de Bosco en estos d\u00edas&#8230; Es que el Gober de Veracruz lo invit\u00f3 a formar parte de su gabinete estatal&#8230; Para colocarlo en una posici\u00f3n especial en SECTUR y ayude a Xochilt Arbes\u00fa a entrar con los \u00abRicos y Sabrosos\u00bb y toda la banda \u00abFifi\u00bb de esta conurbaci\u00f3n de Veracruz y Boca del R\u00edo&#8230; Ya que por m\u00e1s que lo han intentado, simplemente, la comadre de Rocio Nahle, pues, no logra entrar a esta regi\u00f3n&#8230; Con Bosco ser\u00eda diferente&#8230;<\/p>\n<p>Vamos esta misma versi\u00f3n se\u00f1ala.. Es que tambi\u00e9n le preparan el terreno a Bosco para quedarse, dentro de unos meses, con la titularidad de SECTUR estatal&#8230; Siempre y cuando, la Arbes\u00fa no \u00abprenda\u00bb con el empresarios del sector servicios de Veracruz y Boca del R\u00edo&#8230;. Bosco finalmente es parte de ese sector social desde hace muchos a\u00f1os&#8230; Adem\u00e1s con su llegada intentan mandar un mensaje a los Yunes&#8230;. De que s\u00f3lo los \u00abchicharrones de MORENA son los que truenan\u00bb&#8230; Al menos, eso es, lo que la gente sigue contando&#8230; AMEN&#8230;<\/p>\n","protected":false},"excerpt":{"rendered":"<p>Ricardo Ch\u00faa\u00a0 Sale y Vale EL SALADO&#8230; Vaya d\u00eda de jueves del gobernador, Cuitl\u00e1huac Garc\u00eda Jim\u00e9nez&#8230; Mientras \u00e9l se la pas\u00f3 anunciado v\u00eda sus redes sociales que acudir\u00eda a la convocatoria lanzada por el Presidente de M\u00e9xico, Andr\u00e9s Manuel L\u00f3pez Obrador, a un mitin en el z\u00f3calo de CDMX este domingo a las 11:00 hora [&hellip;]<\/p>\n","protected":false},"author":2,"featured_media":51135,"comment_status":"open","ping_status":"open","sticky":false,"template":"","format":"standard","meta":{"tdm_status":"","tdm_grid_status":"","footnotes":""},"categories":[70],"tags":[618,1563,818,15846,13604,198,12607],"class_list":{"0":"post-51134","1":"post","2":"type-post","3":"status-publish","4":"format-standard","5":"has-post-thumbnail","7":"category-de-opinion","8":"tag-andres-manuel-lopez-obrador","9":"tag-cuitlahuac-garcia-jimenez","10":"tag-fernando-yunes-marquez","11":"tag-juan-bosco","12":"tag-ricardo-chua","13":"tag-turismo","14":"tag-xochitl-arbesu-lago"},"yoast_head":"<!-- This site is optimized with the Yoast SEO plugin v27.4 - https:\/\/yoast.com\/product\/yoast-seo-wordpress\/ -->\n<title>Levantones, secuestros... mejor fiesta - Los pol\u00edticos Veracruz<\/title>\n<meta name=\"robots\" content=\"index, follow, max-snippet:-1, max-image-preview:large, max-video-preview:-1\" \/>\n<link rel=\"canonical\" href=\"https:\/\/lospoliticosveracruz.com\/?p=51134\" \/>\n<meta property=\"og:locale\" content=\"es_ES\" \/>\n<meta property=\"og:type\" content=\"article\" \/>\n<meta property=\"og:title\" content=\"Levantones, secuestros... mejor fiesta - Los pol\u00edticos Veracruz\" \/>\n<meta property=\"og:description\" content=\"Ricardo Ch\u00faa\u00a0 Sale y Vale EL SALADO&#8230; Vaya d\u00eda de jueves del gobernador, Cuitl\u00e1huac Garc\u00eda Jim\u00e9nez&#8230; Mientras \u00e9l se la pas\u00f3 anunciado v\u00eda sus redes sociales que acudir\u00eda a la convocatoria lanzada por el Presidente de M\u00e9xico, Andr\u00e9s Manuel L\u00f3pez Obrador, a un mitin en el z\u00f3calo de CDMX este domingo a las 11:00 hora [&hellip;]\" \/>\n<meta property=\"og:url\" content=\"https:\/\/lospoliticosveracruz.com\/?p=51134\" \/>\n<meta property=\"og:site_name\" content=\"Los pol\u00edticos Veracruz\" \/>\n<meta property=\"article:publisher\" content=\"https:\/\/www.facebook.com\/people\/Notimemes-de-los-Polticos\/61565672886568\/\" \/>\n<meta property=\"article:published_time\" content=\"2019-11-29T17:50:41+00:00\" \/>\n<meta property=\"og:image\" content=\"https:\/\/lospoliticosveracruz.com\/wp-content\/uploads\/2019\/11\/7ED6C0F6-D3DC-48AA-9F85-617217EB9ED4.jpeg\" \/>\n\t<meta property=\"og:image:width\" content=\"702\" \/>\n\t<meta property=\"og:image:height\" content=\"496\" \/>\n\t<meta property=\"og:image:type\" content=\"image\/jpeg\" \/>\n<meta name=\"author\" content=\"Lo viste en Los Pol\u00edticos\" \/>\n<meta name=\"twitter:card\" content=\"summary_large_image\" \/>\n<meta name=\"twitter:creator\" content=\"@LosPoliticosVer\" \/>\n<meta name=\"twitter:site\" content=\"@LosPoliticosVer\" \/>\n<meta name=\"twitter:label1\" content=\"Escrito por\" \/>\n\t<meta name=\"twitter:data1\" content=\"Lo viste en Los Pol\u00edticos\" \/>\n\t<meta name=\"twitter:label2\" content=\"Tiempo de lectura\" \/>\n\t<meta name=\"twitter:data2\" content=\"4 minutos\" \/>\n<script type=\"application\/ld+json\" class=\"yoast-schema-graph\">{\"@context\":\"https:\\\/\\\/schema.org\",\"@graph\":[{\"@type\":\"Article\",\"@id\":\"https:\\\/\\\/lospoliticosveracruz.com\\\/?p=51134#article\",\"isPartOf\":{\"@id\":\"https:\\\/\\\/lospoliticosveracruz.com\\\/?p=51134\"},\"author\":{\"name\":\"Lo viste en Los Pol\u00edticos\",\"@id\":\"https:\\\/\\\/lospoliticosveracruz.com\\\/#\\\/schema\\\/person\\\/b8702bb0e538456e6efd07080bf2a4a2\"},\"headline\":\"Levantones, secuestros&#8230; mejor fiesta\",\"datePublished\":\"2019-11-29T17:50:41+00:00\",\"mainEntityOfPage\":{\"@id\":\"https:\\\/\\\/lospoliticosveracruz.com\\\/?p=51134\"},\"wordCount\":735,\"commentCount\":0,\"publisher\":{\"@id\":\"https:\\\/\\\/lospoliticosveracruz.com\\\/#organization\"},\"image\":{\"@id\":\"https:\\\/\\\/lospoliticosveracruz.com\\\/?p=51134#primaryimage\"},\"thumbnailUrl\":\"https:\\\/\\\/lospoliticosveracruz.com\\\/wp-content\\\/uploads\\\/2019\\\/11\\\/7ED6C0F6-D3DC-48AA-9F85-617217EB9ED4.jpeg\",\"keywords\":[\"Andr\u00e9s Manuel L\u00f3pez Obrador\",\"Cuitl\u00e1huac Garc\u00eda Jim\u00e9nez\",\"Fernando Yunes M\u00e1rquez\",\"Juan Bosco\",\"Ricardo Ch\u00faa\",\"Turismo\",\"X\u00f3chitl Arbes\u00fa Lago\"],\"articleSection\":[\"De Opini\u00f3n\"],\"inLanguage\":\"es\",\"potentialAction\":[{\"@type\":\"CommentAction\",\"name\":\"Comment\",\"target\":[\"https:\\\/\\\/lospoliticosveracruz.com\\\/?p=51134#respond\"]}]},{\"@type\":\"WebPage\",\"@id\":\"https:\\\/\\\/lospoliticosveracruz.com\\\/?p=51134\",\"url\":\"https:\\\/\\\/lospoliticosveracruz.com\\\/?p=51134\",\"name\":\"Levantones, secuestros... mejor fiesta - Los pol\u00edticos Veracruz\",\"isPartOf\":{\"@id\":\"https:\\\/\\\/lospoliticosveracruz.com\\\/#website\"},\"primaryImageOfPage\":{\"@id\":\"https:\\\/\\\/lospoliticosveracruz.com\\\/?p=51134#primaryimage\"},\"image\":{\"@id\":\"https:\\\/\\\/lospoliticosveracruz.com\\\/?p=51134#primaryimage\"},\"thumbnailUrl\":\"https:\\\/\\\/lospoliticosveracruz.com\\\/wp-content\\\/uploads\\\/2019\\\/11\\\/7ED6C0F6-D3DC-48AA-9F85-617217EB9ED4.jpeg\",\"datePublished\":\"2019-11-29T17:50:41+00:00\",\"breadcrumb\":{\"@id\":\"https:\\\/\\\/lospoliticosveracruz.com\\\/?p=51134#breadcrumb\"},\"inLanguage\":\"es\",\"potentialAction\":[{\"@type\":\"ReadAction\",\"target\":[\"https:\\\/\\\/lospoliticosveracruz.com\\\/?p=51134\"]}]},{\"@type\":\"ImageObject\",\"inLanguage\":\"es\",\"@id\":\"https:\\\/\\\/lospoliticosveracruz.com\\\/?p=51134#primaryimage\",\"url\":\"https:\\\/\\\/lospoliticosveracruz.com\\\/wp-content\\\/uploads\\\/2019\\\/11\\\/7ED6C0F6-D3DC-48AA-9F85-617217EB9ED4.jpeg\",\"contentUrl\":\"https:\\\/\\\/lospoliticosveracruz.com\\\/wp-content\\\/uploads\\\/2019\\\/11\\\/7ED6C0F6-D3DC-48AA-9F85-617217EB9ED4.jpeg\",\"width\":702,\"height\":496},{\"@type\":\"BreadcrumbList\",\"@id\":\"https:\\\/\\\/lospoliticosveracruz.com\\\/?p=51134#breadcrumb\",\"itemListElement\":[{\"@type\":\"ListItem\",\"position\":1,\"name\":\"Portada\",\"item\":\"https:\\\/\\\/lospoliticosveracruz.com\\\/\"},{\"@type\":\"ListItem\",\"position\":2,\"name\":\"Levantones, secuestros&#8230; mejor fiesta\"}]},{\"@type\":\"WebSite\",\"@id\":\"https:\\\/\\\/lospoliticosveracruz.com\\\/#website\",\"url\":\"https:\\\/\\\/lospoliticosveracruz.com\\\/\",\"name\":\"Los pol\u00edticos Veracruz\",\"description\":\"\",\"publisher\":{\"@id\":\"https:\\\/\\\/lospoliticosveracruz.com\\\/#organization\"},\"potentialAction\":[{\"@type\":\"SearchAction\",\"target\":{\"@type\":\"EntryPoint\",\"urlTemplate\":\"https:\\\/\\\/lospoliticosveracruz.com\\\/?s={search_term_string}\"},\"query-input\":{\"@type\":\"PropertyValueSpecification\",\"valueRequired\":true,\"valueName\":\"search_term_string\"}}],\"inLanguage\":\"es\"},{\"@type\":\"Organization\",\"@id\":\"https:\\\/\\\/lospoliticosveracruz.com\\\/#organization\",\"name\":\"Los pol\u00edticos Veracruz\",\"url\":\"https:\\\/\\\/lospoliticosveracruz.com\\\/\",\"logo\":{\"@type\":\"ImageObject\",\"inLanguage\":\"es\",\"@id\":\"https:\\\/\\\/lospoliticosveracruz.com\\\/#\\\/schema\\\/logo\\\/image\\\/\",\"url\":\"https:\\\/\\\/lospoliticosveracruz.com\\\/wp-content\\\/uploads\\\/2025\\\/12\\\/Logo-Nuevo-LOS-POLITICOS-1.jpg\",\"contentUrl\":\"https:\\\/\\\/lospoliticosveracruz.com\\\/wp-content\\\/uploads\\\/2025\\\/12\\\/Logo-Nuevo-LOS-POLITICOS-1.jpg\",\"width\":260,\"height\":70,\"caption\":\"Los pol\u00edticos Veracruz\"},\"image\":{\"@id\":\"https:\\\/\\\/lospoliticosveracruz.com\\\/#\\\/schema\\\/logo\\\/image\\\/\"},\"sameAs\":[\"https:\\\/\\\/www.facebook.com\\\/people\\\/Notimemes-de-los-Polticos\\\/61565672886568\\\/\",\"https:\\\/\\\/x.com\\\/LosPoliticosVer\"]},{\"@type\":\"Person\",\"@id\":\"https:\\\/\\\/lospoliticosveracruz.com\\\/#\\\/schema\\\/person\\\/b8702bb0e538456e6efd07080bf2a4a2\",\"name\":\"Lo viste en Los Pol\u00edticos\",\"image\":{\"@type\":\"ImageObject\",\"inLanguage\":\"es\",\"@id\":\"https:\\\/\\\/secure.gravatar.com\\\/avatar\\\/3a8de04a2656d44082be478bd6c086daa447c4651605818287b9532d3d0bd435?s=96&d=mm&r=g\",\"url\":\"https:\\\/\\\/secure.gravatar.com\\\/avatar\\\/3a8de04a2656d44082be478bd6c086daa447c4651605818287b9532d3d0bd435?s=96&d=mm&r=g\",\"contentUrl\":\"https:\\\/\\\/secure.gravatar.com\\\/avatar\\\/3a8de04a2656d44082be478bd6c086daa447c4651605818287b9532d3d0bd435?s=96&d=mm&r=g\",\"caption\":\"Lo viste en Los Pol\u00edticos\"},\"url\":\"https:\\\/\\\/lospoliticosveracruz.com\\\/?author=2\"}]}<\/script>\n<!-- \/ Yoast SEO plugin. -->","yoast_head_json":{"title":"Levantones, secuestros... mejor fiesta - Los pol\u00edticos Veracruz","robots":{"index":"index","follow":"follow","max-snippet":"max-snippet:-1","max-image-preview":"max-image-preview:large","max-video-preview":"max-video-preview:-1"},"canonical":"https:\/\/lospoliticosveracruz.com\/?p=51134","og_locale":"es_ES","og_type":"article","og_title":"Levantones, secuestros... mejor fiesta - Los pol\u00edticos Veracruz","og_description":"Ricardo Ch\u00faa\u00a0 Sale y Vale EL SALADO&#8230; Vaya d\u00eda de jueves del gobernador, Cuitl\u00e1huac Garc\u00eda Jim\u00e9nez&#8230; Mientras \u00e9l se la pas\u00f3 anunciado v\u00eda sus redes sociales que acudir\u00eda a la convocatoria lanzada por el Presidente de M\u00e9xico, Andr\u00e9s Manuel L\u00f3pez Obrador, a un mitin en el z\u00f3calo de CDMX este domingo a las 11:00 hora [&hellip;]","og_url":"https:\/\/lospoliticosveracruz.com\/?p=51134","og_site_name":"Los pol\u00edticos Veracruz","article_publisher":"https:\/\/www.facebook.com\/people\/Notimemes-de-los-Polticos\/61565672886568\/","article_published_time":"2019-11-29T17:50:41+00:00","og_image":[{"width":702,"height":496,"url":"https:\/\/lospoliticosveracruz.com\/wp-content\/uploads\/2019\/11\/7ED6C0F6-D3DC-48AA-9F85-617217EB9ED4.jpeg","type":"image\/jpeg"}],"author":"Lo viste en Los Pol\u00edticos","twitter_card":"summary_large_image","twitter_creator":"@LosPoliticosVer","twitter_site":"@LosPoliticosVer","twitter_misc":{"Escrito por":"Lo viste en Los Pol\u00edticos","Tiempo de lectura":"4 minutos"},"schema":{"@context":"https:\/\/schema.org","@graph":[{"@type":"Article","@id":"https:\/\/lospoliticosveracruz.com\/?p=51134#article","isPartOf":{"@id":"https:\/\/lospoliticosveracruz.com\/?p=51134"},"author":{"name":"Lo viste en Los Pol\u00edticos","@id":"https:\/\/lospoliticosveracruz.com\/#\/schema\/person\/b8702bb0e538456e6efd07080bf2a4a2"},"headline":"Levantones, secuestros&#8230; mejor fiesta","datePublished":"2019-11-29T17:50:41+00:00","mainEntityOfPage":{"@id":"https:\/\/lospoliticosveracruz.com\/?p=51134"},"wordCount":735,"commentCount":0,"publisher":{"@id":"https:\/\/lospoliticosveracruz.com\/#organization"},"image":{"@id":"https:\/\/lospoliticosveracruz.com\/?p=51134#primaryimage"},"thumbnailUrl":"https:\/\/lospoliticosveracruz.com\/wp-content\/uploads\/2019\/11\/7ED6C0F6-D3DC-48AA-9F85-617217EB9ED4.jpeg","keywords":["Andr\u00e9s Manuel L\u00f3pez Obrador","Cuitl\u00e1huac Garc\u00eda Jim\u00e9nez","Fernando Yunes M\u00e1rquez","Juan Bosco","Ricardo Ch\u00faa","Turismo","X\u00f3chitl Arbes\u00fa Lago"],"articleSection":["De Opini\u00f3n"],"inLanguage":"es","potentialAction":[{"@type":"CommentAction","name":"Comment","target":["https:\/\/lospoliticosveracruz.com\/?p=51134#respond"]}]},{"@type":"WebPage","@id":"https:\/\/lospoliticosveracruz.com\/?p=51134","url":"https:\/\/lospoliticosveracruz.com\/?p=51134","name":"Levantones, secuestros... mejor fiesta - Los pol\u00edticos Veracruz","isPartOf":{"@id":"https:\/\/lospoliticosveracruz.com\/#website"},"primaryImageOfPage":{"@id":"https:\/\/lospoliticosveracruz.com\/?p=51134#primaryimage"},"image":{"@id":"https:\/\/lospoliticosveracruz.com\/?p=51134#primaryimage"},"thumbnailUrl":"https:\/\/lospoliticosveracruz.com\/wp-content\/uploads\/2019\/11\/7ED6C0F6-D3DC-48AA-9F85-617217EB9ED4.jpeg","datePublished":"2019-11-29T17:50:41+00:00","breadcrumb":{"@id":"https:\/\/lospoliticosveracruz.com\/?p=51134#breadcrumb"},"inLanguage":"es","potentialAction":[{"@type":"ReadAction","target":["https:\/\/lospoliticosveracruz.com\/?p=51134"]}]},{"@type":"ImageObject","inLanguage":"es","@id":"https:\/\/lospoliticosveracruz.com\/?p=51134#primaryimage","url":"https:\/\/lospoliticosveracruz.com\/wp-content\/uploads\/2019\/11\/7ED6C0F6-D3DC-48AA-9F85-617217EB9ED4.jpeg","contentUrl":"https:\/\/lospoliticosveracruz.com\/wp-content\/uploads\/2019\/11\/7ED6C0F6-D3DC-48AA-9F85-617217EB9ED4.jpeg","width":702,"height":496},{"@type":"BreadcrumbList","@id":"https:\/\/lospoliticosveracruz.com\/?p=51134#breadcrumb","itemListElement":[{"@type":"ListItem","position":1,"name":"Portada","item":"https:\/\/lospoliticosveracruz.com\/"},{"@type":"ListItem","position":2,"name":"Levantones, secuestros&#8230; mejor fiesta"}]},{"@type":"WebSite","@id":"https:\/\/lospoliticosveracruz.com\/#website","url":"https:\/\/lospoliticosveracruz.com\/","name":"Los pol\u00edticos Veracruz","description":"","publisher":{"@id":"https:\/\/lospoliticosveracruz.com\/#organization"},"potentialAction":[{"@type":"SearchAction","target":{"@type":"EntryPoint","urlTemplate":"https:\/\/lospoliticosveracruz.com\/?s={search_term_string}"},"query-input":{"@type":"PropertyValueSpecification","valueRequired":true,"valueName":"search_term_string"}}],"inLanguage":"es"},{"@type":"Organization","@id":"https:\/\/lospoliticosveracruz.com\/#organization","name":"Los pol\u00edticos Veracruz","url":"https:\/\/lospoliticosveracruz.com\/","logo":{"@type":"ImageObject","inLanguage":"es","@id":"https:\/\/lospoliticosveracruz.com\/#\/schema\/logo\/image\/","url":"https:\/\/lospoliticosveracruz.com\/wp-content\/uploads\/2025\/12\/Logo-Nuevo-LOS-POLITICOS-1.jpg","contentUrl":"https:\/\/lospoliticosveracruz.com\/wp-content\/uploads\/2025\/12\/Logo-Nuevo-LOS-POLITICOS-1.jpg","width":260,"height":70,"caption":"Los pol\u00edticos Veracruz"},"image":{"@id":"https:\/\/lospoliticosveracruz.com\/#\/schema\/logo\/image\/"},"sameAs":["https:\/\/www.facebook.com\/people\/Notimemes-de-los-Polticos\/61565672886568\/","https:\/\/x.com\/LosPoliticosVer"]},{"@type":"Person","@id":"https:\/\/lospoliticosveracruz.com\/#\/schema\/person\/b8702bb0e538456e6efd07080bf2a4a2","name":"Lo viste en Los Pol\u00edticos","image":{"@type":"ImageObject","inLanguage":"es","@id":"https:\/\/secure.gravatar.com\/avatar\/3a8de04a2656d44082be478bd6c086daa447c4651605818287b9532d3d0bd435?s=96&d=mm&r=g","url":"https:\/\/secure.gravatar.com\/avatar\/3a8de04a2656d44082be478bd6c086daa447c4651605818287b9532d3d0bd435?s=96&d=mm&r=g","contentUrl":"https:\/\/secure.gravatar.com\/avatar\/3a8de04a2656d44082be478bd6c086daa447c4651605818287b9532d3d0bd435?s=96&d=mm&r=g","caption":"Lo viste en Los Pol\u00edticos"},"url":"https:\/\/lospoliticosveracruz.com\/?author=2"}]}},"_links":{"self":[{"href":"https:\/\/lospoliticosveracruz.com\/index.php?rest_route=\/wp\/v2\/posts\/51134","targetHints":{"allow":["GET"]}}],"collection":[{"href":"https:\/\/lospoliticosveracruz.com\/index.php?rest_route=\/wp\/v2\/posts"}],"about":[{"href":"https:\/\/lospoliticosveracruz.com\/index.php?rest_route=\/wp\/v2\/types\/post"}],"author":[{"embeddable":true,"href":"https:\/\/lospoliticosveracruz.com\/index.php?rest_route=\/wp\/v2\/users\/2"}],"replies":[{"embeddable":true,"href":"https:\/\/lospoliticosveracruz.com\/index.php?rest_route=%2Fwp%2Fv2%2Fcomments&post=51134"}],"version-history":[{"count":1,"href":"https:\/\/lospoliticosveracruz.com\/index.php?rest_route=\/wp\/v2\/posts\/51134\/revisions"}],"predecessor-version":[{"id":51136,"href":"https:\/\/lospoliticosveracruz.com\/index.php?rest_route=\/wp\/v2\/posts\/51134\/revisions\/51136"}],"wp:featuredmedia":[{"embeddable":true,"href":"https:\/\/lospoliticosveracruz.com\/index.php?rest_route=\/wp\/v2\/media\/51135"}],"wp:attachment":[{"href":"https:\/\/lospoliticosveracruz.com\/index.php?rest_route=%2Fwp%2Fv2%2Fmedia&parent=51134"}],"wp:term":[{"taxonomy":"category","embeddable":true,"href":"https:\/\/lospoliticosveracruz.com\/index.php?rest_route=%2Fwp%2Fv2%2Fcategories&post=51134"},{"taxonomy":"post_tag","embeddable":true,"href":"https:\/\/lospoliticosveracruz.com\/index.php?rest_route=%2Fwp%2Fv2%2Ftags&post=51134"}],"curies":[{"name":"wp","href":"https:\/\/api.w.org\/{rel}","templated":true}]}}