{"id":51187,"date":"2019-12-03T09:07:16","date_gmt":"2019-12-03T15:07:16","guid":{"rendered":"http:\/\/www.lospoliticosveracruz.com.mx\/?p=51187"},"modified":"2019-12-03T09:07:16","modified_gmt":"2019-12-03T15:07:16","slug":"presidenta-de-panzazo","status":"publish","type":"post","link":"https:\/\/lospoliticosveracruz.com\/?p=51187","title":{"rendered":"Presidenta, de panzazo"},"content":{"rendered":"<p><strong>Sergio Gonz\u00e1lez Levet<\/strong><\/p>\n<p><em>Sin tacto<\/em><\/p>\n<p>Cuando empec\u00e9 mi carrera period\u00edstica (si le podemos llamar as\u00ed), el sistema pol\u00edtico mexicano, priista de la dictadura perfecta, estaba dise\u00f1ado de tal manera que el Gobernador en cada Estado designaba directamente, por dedazo, al Presidente del Tribunal Superior de Justicia y a los magistrados de la tremenda corte, perd\u00f3n, de la suprema corte.<\/p>\n<p>Lo mismo suced\u00eda con los legisladores, que llegaban por la voluntad omn\u00edmoda del hombre fuerte en cada entidad federativa, del mismo modo que lo hac\u00eda el Presidente de la Rep\u00fablica con los organismos y las c\u00e1maras federales.<\/p>\n<p>Muchos a\u00f1os y muchas luchas tuvieron que pasar para que se fueran decantando los poderes meta-constitucionales de los titulares del Ejecutivo federal y estatales, y as\u00ed llegamos a la Reforma Pol\u00edtica concebida por Jes\u00fas Reyes Heroles, que dio un lugar en las c\u00e1maras a los partidos de oposici\u00f3n, y tiempo despu\u00e9s a la creaci\u00f3n de organismos aut\u00f3nomos en \u00e1reas decisivas de la democracia, como la electoral, la judicial, la fiscalizadora y la de derechos humanos.<\/p>\n<p>La cruzada democr\u00e1tica fue ganando terreno a base de sacrificios, y de la muerte violenta de muchos paladines de las libertades ciudadanas.<\/p>\n<p>La joven democracia mexicana logr\u00f3 ir ganando espacios y el sistema de gobierno adelant\u00f3 hacia la equidad, hacia la libertad, hacia la seguridad.<\/p>\n<p>En esta escala de Jacob hab\u00eda, sin embargo, un prietito en el arroz, un pelo en la sopa, un tremendo escollo, que fue la corrupci\u00f3n, que se volvi\u00f3 galopante hasta el l\u00edmite de que los ciudadanos ya no aguantaron m\u00e1s\u2026<\/p>\n<p>Y votaron por el cambio, en forma tal que le dieron todo el poder de nuevo al Ejecutivo y a su partido.<\/p>\n<p>Por eso ahora, de nueva cuenta el Presidente y sus gobernadores tienen facultades m\u00e1s all\u00e1 de lo que dice la ley suprema, y est\u00e1n regresando a imponer a los titulares de los otros poderes, y por eso est\u00e1n metiendo con calzador a sus incondicionales en las \u00e1reas que hab\u00edan conseguido ser m\u00e1s o menos aut\u00f3nomas.<\/p>\n<p>Y para muestra un bot\u00f3n jarocho:<\/p>\n<p>Ayer fue electa por mayor\u00eda de cinco magistrados obligados contra tres libres de conciencia la licenciada Sof\u00eda Mart\u00ednez Huerta, una persona que tiene en su carrera 25 a\u00f1os en el sistema judicial, pero solamente un mes y medio con el nivel de magistratura, como atinadamente cabece\u00f3 el peri\u00f3dico digital Al Calor Pol\u00edtico, de Joaqu\u00edn Rosas Garc\u00e9s.<\/p>\n<p>Una vez electa y hecha la toma de posesi\u00f3n, la presidenta magistrada fue a saludar de mano a sus iguales y se present\u00f3 un espect\u00e1culo bochornoso para quienes insisten en que volvamos a las malas costumbres del pasado.<\/p>\n<p>La jurista Yolanda Cecilia Casta\u00f1eda, justamente indignada, evit\u00f3 darle la mano a la funcionaria entrante y le dijo con todas sus letras que hab\u00eda llegado por dedazo y sin tener los suficientes m\u00e9ritos, como se hac\u00eda antes, cuando los gobiernos eran corruptos.<\/p>\n<p>La licenciada Mart\u00ednez Huerta, en el af\u00e1n de empatar la situaci\u00f3n, le record\u00f3 a la maestra Casta\u00f1eda que hab\u00edan egresado al mismo tiempo de la Facultad de Derecho, a lo que \u00e9sta -\u00a1qu\u00e9 pena!- le contest\u00f3:<\/p>\n<p>\u2014S\u00ed, pero yo sal\u00ed con magna cum laude, y t\u00fa pasaste apenas de panzazo.<\/p>\n<p>\u201cTiempos en que yo era adolescente\u2026 tiempos, ay, tan iguales al presente\u201d.<\/p>\n<p>&nbsp;<\/p>\n<p><a href=\"mailto:sglevet@gmail.com\">sglevet@gmail.com<\/a><\/p>\n","protected":false},"excerpt":{"rendered":"<p>Sergio Gonz\u00e1lez Levet Sin tacto Cuando empec\u00e9 mi carrera period\u00edstica (si le podemos llamar as\u00ed), el sistema pol\u00edtico mexicano, priista de la dictadura perfecta, estaba dise\u00f1ado de tal manera que el Gobernador en cada Estado designaba directamente, por dedazo, al Presidente del Tribunal Superior de Justicia y a los magistrados de la tremenda corte, perd\u00f3n, [&hellip;]<\/p>\n","protected":false},"author":2,"featured_media":51188,"comment_status":"open","ping_status":"open","sticky":false,"template":"","format":"standard","meta":{"tdm_status":"","tdm_grid_status":"","footnotes":""},"categories":[70],"tags":[451,541,10796,1282,15849,10798],"class_list":{"0":"post-51187","1":"post","2":"type-post","3":"status-publish","4":"format-standard","5":"has-post-thumbnail","7":"category-de-opinion","8":"tag-gobernador","9":"tag-jesus-reyes-heroles","10":"tag-magistrados","11":"tag-sergio-gonzalez-levet","12":"tag-sofia-martinez-huerta","13":"tag-tribunal-superior-de-justicia"},"yoast_head":"<!-- This site is optimized with the Yoast SEO plugin v27.4 - https:\/\/yoast.com\/product\/yoast-seo-wordpress\/ -->\n<title>Presidenta, de panzazo - Los pol\u00edticos Veracruz<\/title>\n<meta name=\"robots\" content=\"index, follow, max-snippet:-1, max-image-preview:large, max-video-preview:-1\" \/>\n<link rel=\"canonical\" href=\"https:\/\/lospoliticosveracruz.com\/?p=51187\" \/>\n<meta property=\"og:locale\" content=\"es_ES\" \/>\n<meta property=\"og:type\" content=\"article\" \/>\n<meta property=\"og:title\" content=\"Presidenta, de panzazo - Los pol\u00edticos Veracruz\" \/>\n<meta property=\"og:description\" content=\"Sergio Gonz\u00e1lez Levet Sin tacto Cuando empec\u00e9 mi carrera period\u00edstica (si le podemos llamar as\u00ed), el sistema pol\u00edtico mexicano, priista de la dictadura perfecta, estaba dise\u00f1ado de tal manera que el Gobernador en cada Estado designaba directamente, por dedazo, al Presidente del Tribunal Superior de Justicia y a los magistrados de la tremenda corte, perd\u00f3n, [&hellip;]\" \/>\n<meta property=\"og:url\" content=\"https:\/\/lospoliticosveracruz.com\/?p=51187\" \/>\n<meta property=\"og:site_name\" content=\"Los pol\u00edticos Veracruz\" \/>\n<meta property=\"article:publisher\" content=\"https:\/\/www.facebook.com\/people\/Notimemes-de-los-Polticos\/61565672886568\/\" \/>\n<meta property=\"article:published_time\" content=\"2019-12-03T15:07:16+00:00\" \/>\n<meta property=\"og:image\" content=\"https:\/\/lospoliticosveracruz.com\/wp-content\/uploads\/2019\/12\/Yolanda.jpeg\" \/>\n\t<meta property=\"og:image:width\" content=\"600\" \/>\n\t<meta property=\"og:image:height\" content=\"422\" \/>\n\t<meta property=\"og:image:type\" content=\"image\/jpeg\" \/>\n<meta name=\"author\" content=\"Lo viste en Los Pol\u00edticos\" \/>\n<meta name=\"twitter:card\" content=\"summary_large_image\" \/>\n<meta name=\"twitter:creator\" content=\"@LosPoliticosVer\" \/>\n<meta name=\"twitter:site\" content=\"@LosPoliticosVer\" \/>\n<meta name=\"twitter:label1\" content=\"Escrito por\" \/>\n\t<meta name=\"twitter:data1\" content=\"Lo viste en Los Pol\u00edticos\" \/>\n\t<meta name=\"twitter:label2\" content=\"Tiempo de lectura\" \/>\n\t<meta name=\"twitter:data2\" content=\"3 minutos\" \/>\n<script type=\"application\/ld+json\" class=\"yoast-schema-graph\">{\"@context\":\"https:\\\/\\\/schema.org\",\"@graph\":[{\"@type\":\"Article\",\"@id\":\"https:\\\/\\\/lospoliticosveracruz.com\\\/?p=51187#article\",\"isPartOf\":{\"@id\":\"https:\\\/\\\/lospoliticosveracruz.com\\\/?p=51187\"},\"author\":{\"name\":\"Lo viste en Los Pol\u00edticos\",\"@id\":\"https:\\\/\\\/lospoliticosveracruz.com\\\/#\\\/schema\\\/person\\\/b8702bb0e538456e6efd07080bf2a4a2\"},\"headline\":\"Presidenta, de panzazo\",\"datePublished\":\"2019-12-03T15:07:16+00:00\",\"mainEntityOfPage\":{\"@id\":\"https:\\\/\\\/lospoliticosveracruz.com\\\/?p=51187\"},\"wordCount\":594,\"commentCount\":0,\"publisher\":{\"@id\":\"https:\\\/\\\/lospoliticosveracruz.com\\\/#organization\"},\"image\":{\"@id\":\"https:\\\/\\\/lospoliticosveracruz.com\\\/?p=51187#primaryimage\"},\"thumbnailUrl\":\"https:\\\/\\\/lospoliticosveracruz.com\\\/wp-content\\\/uploads\\\/2019\\\/12\\\/Yolanda.jpeg\",\"keywords\":[\"gobernador\",\"Jes\u00fas Reyes Heroles\",\"Magistrados\",\"Sergio Gonz\u00e1lez Levet\",\"Sof\u00eda Mart\u00ednez Huerta\",\"Tribunal Superior de Justicia\"],\"articleSection\":[\"De Opini\u00f3n\"],\"inLanguage\":\"es\",\"potentialAction\":[{\"@type\":\"CommentAction\",\"name\":\"Comment\",\"target\":[\"https:\\\/\\\/lospoliticosveracruz.com\\\/?p=51187#respond\"]}]},{\"@type\":\"WebPage\",\"@id\":\"https:\\\/\\\/lospoliticosveracruz.com\\\/?p=51187\",\"url\":\"https:\\\/\\\/lospoliticosveracruz.com\\\/?p=51187\",\"name\":\"Presidenta, de panzazo - Los pol\u00edticos Veracruz\",\"isPartOf\":{\"@id\":\"https:\\\/\\\/lospoliticosveracruz.com\\\/#website\"},\"primaryImageOfPage\":{\"@id\":\"https:\\\/\\\/lospoliticosveracruz.com\\\/?p=51187#primaryimage\"},\"image\":{\"@id\":\"https:\\\/\\\/lospoliticosveracruz.com\\\/?p=51187#primaryimage\"},\"thumbnailUrl\":\"https:\\\/\\\/lospoliticosveracruz.com\\\/wp-content\\\/uploads\\\/2019\\\/12\\\/Yolanda.jpeg\",\"datePublished\":\"2019-12-03T15:07:16+00:00\",\"breadcrumb\":{\"@id\":\"https:\\\/\\\/lospoliticosveracruz.com\\\/?p=51187#breadcrumb\"},\"inLanguage\":\"es\",\"potentialAction\":[{\"@type\":\"ReadAction\",\"target\":[\"https:\\\/\\\/lospoliticosveracruz.com\\\/?p=51187\"]}]},{\"@type\":\"ImageObject\",\"inLanguage\":\"es\",\"@id\":\"https:\\\/\\\/lospoliticosveracruz.com\\\/?p=51187#primaryimage\",\"url\":\"https:\\\/\\\/lospoliticosveracruz.com\\\/wp-content\\\/uploads\\\/2019\\\/12\\\/Yolanda.jpeg\",\"contentUrl\":\"https:\\\/\\\/lospoliticosveracruz.com\\\/wp-content\\\/uploads\\\/2019\\\/12\\\/Yolanda.jpeg\",\"width\":600,\"height\":422},{\"@type\":\"BreadcrumbList\",\"@id\":\"https:\\\/\\\/lospoliticosveracruz.com\\\/?p=51187#breadcrumb\",\"itemListElement\":[{\"@type\":\"ListItem\",\"position\":1,\"name\":\"Portada\",\"item\":\"https:\\\/\\\/lospoliticosveracruz.com\\\/\"},{\"@type\":\"ListItem\",\"position\":2,\"name\":\"Presidenta, de panzazo\"}]},{\"@type\":\"WebSite\",\"@id\":\"https:\\\/\\\/lospoliticosveracruz.com\\\/#website\",\"url\":\"https:\\\/\\\/lospoliticosveracruz.com\\\/\",\"name\":\"Los pol\u00edticos Veracruz\",\"description\":\"\",\"publisher\":{\"@id\":\"https:\\\/\\\/lospoliticosveracruz.com\\\/#organization\"},\"potentialAction\":[{\"@type\":\"SearchAction\",\"target\":{\"@type\":\"EntryPoint\",\"urlTemplate\":\"https:\\\/\\\/lospoliticosveracruz.com\\\/?s={search_term_string}\"},\"query-input\":{\"@type\":\"PropertyValueSpecification\",\"valueRequired\":true,\"valueName\":\"search_term_string\"}}],\"inLanguage\":\"es\"},{\"@type\":\"Organization\",\"@id\":\"https:\\\/\\\/lospoliticosveracruz.com\\\/#organization\",\"name\":\"Los pol\u00edticos Veracruz\",\"url\":\"https:\\\/\\\/lospoliticosveracruz.com\\\/\",\"logo\":{\"@type\":\"ImageObject\",\"inLanguage\":\"es\",\"@id\":\"https:\\\/\\\/lospoliticosveracruz.com\\\/#\\\/schema\\\/logo\\\/image\\\/\",\"url\":\"https:\\\/\\\/lospoliticosveracruz.com\\\/wp-content\\\/uploads\\\/2025\\\/12\\\/Logo-Nuevo-LOS-POLITICOS-1.jpg\",\"contentUrl\":\"https:\\\/\\\/lospoliticosveracruz.com\\\/wp-content\\\/uploads\\\/2025\\\/12\\\/Logo-Nuevo-LOS-POLITICOS-1.jpg\",\"width\":260,\"height\":70,\"caption\":\"Los pol\u00edticos Veracruz\"},\"image\":{\"@id\":\"https:\\\/\\\/lospoliticosveracruz.com\\\/#\\\/schema\\\/logo\\\/image\\\/\"},\"sameAs\":[\"https:\\\/\\\/www.facebook.com\\\/people\\\/Notimemes-de-los-Polticos\\\/61565672886568\\\/\",\"https:\\\/\\\/x.com\\\/LosPoliticosVer\"]},{\"@type\":\"Person\",\"@id\":\"https:\\\/\\\/lospoliticosveracruz.com\\\/#\\\/schema\\\/person\\\/b8702bb0e538456e6efd07080bf2a4a2\",\"name\":\"Lo viste en Los Pol\u00edticos\",\"image\":{\"@type\":\"ImageObject\",\"inLanguage\":\"es\",\"@id\":\"https:\\\/\\\/secure.gravatar.com\\\/avatar\\\/3a8de04a2656d44082be478bd6c086daa447c4651605818287b9532d3d0bd435?s=96&d=mm&r=g\",\"url\":\"https:\\\/\\\/secure.gravatar.com\\\/avatar\\\/3a8de04a2656d44082be478bd6c086daa447c4651605818287b9532d3d0bd435?s=96&d=mm&r=g\",\"contentUrl\":\"https:\\\/\\\/secure.gravatar.com\\\/avatar\\\/3a8de04a2656d44082be478bd6c086daa447c4651605818287b9532d3d0bd435?s=96&d=mm&r=g\",\"caption\":\"Lo viste en Los Pol\u00edticos\"},\"url\":\"https:\\\/\\\/lospoliticosveracruz.com\\\/?author=2\"}]}<\/script>\n<!-- \/ Yoast SEO plugin. -->","yoast_head_json":{"title":"Presidenta, de panzazo - Los pol\u00edticos Veracruz","robots":{"index":"index","follow":"follow","max-snippet":"max-snippet:-1","max-image-preview":"max-image-preview:large","max-video-preview":"max-video-preview:-1"},"canonical":"https:\/\/lospoliticosveracruz.com\/?p=51187","og_locale":"es_ES","og_type":"article","og_title":"Presidenta, de panzazo - Los pol\u00edticos Veracruz","og_description":"Sergio Gonz\u00e1lez Levet Sin tacto Cuando empec\u00e9 mi carrera period\u00edstica (si le podemos llamar as\u00ed), el sistema pol\u00edtico mexicano, priista de la dictadura perfecta, estaba dise\u00f1ado de tal manera que el Gobernador en cada Estado designaba directamente, por dedazo, al Presidente del Tribunal Superior de Justicia y a los magistrados de la tremenda corte, perd\u00f3n, [&hellip;]","og_url":"https:\/\/lospoliticosveracruz.com\/?p=51187","og_site_name":"Los pol\u00edticos Veracruz","article_publisher":"https:\/\/www.facebook.com\/people\/Notimemes-de-los-Polticos\/61565672886568\/","article_published_time":"2019-12-03T15:07:16+00:00","og_image":[{"width":600,"height":422,"url":"https:\/\/lospoliticosveracruz.com\/wp-content\/uploads\/2019\/12\/Yolanda.jpeg","type":"image\/jpeg"}],"author":"Lo viste en Los Pol\u00edticos","twitter_card":"summary_large_image","twitter_creator":"@LosPoliticosVer","twitter_site":"@LosPoliticosVer","twitter_misc":{"Escrito por":"Lo viste en Los Pol\u00edticos","Tiempo de lectura":"3 minutos"},"schema":{"@context":"https:\/\/schema.org","@graph":[{"@type":"Article","@id":"https:\/\/lospoliticosveracruz.com\/?p=51187#article","isPartOf":{"@id":"https:\/\/lospoliticosveracruz.com\/?p=51187"},"author":{"name":"Lo viste en Los Pol\u00edticos","@id":"https:\/\/lospoliticosveracruz.com\/#\/schema\/person\/b8702bb0e538456e6efd07080bf2a4a2"},"headline":"Presidenta, de panzazo","datePublished":"2019-12-03T15:07:16+00:00","mainEntityOfPage":{"@id":"https:\/\/lospoliticosveracruz.com\/?p=51187"},"wordCount":594,"commentCount":0,"publisher":{"@id":"https:\/\/lospoliticosveracruz.com\/#organization"},"image":{"@id":"https:\/\/lospoliticosveracruz.com\/?p=51187#primaryimage"},"thumbnailUrl":"https:\/\/lospoliticosveracruz.com\/wp-content\/uploads\/2019\/12\/Yolanda.jpeg","keywords":["gobernador","Jes\u00fas Reyes Heroles","Magistrados","Sergio Gonz\u00e1lez Levet","Sof\u00eda Mart\u00ednez Huerta","Tribunal Superior de Justicia"],"articleSection":["De Opini\u00f3n"],"inLanguage":"es","potentialAction":[{"@type":"CommentAction","name":"Comment","target":["https:\/\/lospoliticosveracruz.com\/?p=51187#respond"]}]},{"@type":"WebPage","@id":"https:\/\/lospoliticosveracruz.com\/?p=51187","url":"https:\/\/lospoliticosveracruz.com\/?p=51187","name":"Presidenta, de panzazo - Los pol\u00edticos Veracruz","isPartOf":{"@id":"https:\/\/lospoliticosveracruz.com\/#website"},"primaryImageOfPage":{"@id":"https:\/\/lospoliticosveracruz.com\/?p=51187#primaryimage"},"image":{"@id":"https:\/\/lospoliticosveracruz.com\/?p=51187#primaryimage"},"thumbnailUrl":"https:\/\/lospoliticosveracruz.com\/wp-content\/uploads\/2019\/12\/Yolanda.jpeg","datePublished":"2019-12-03T15:07:16+00:00","breadcrumb":{"@id":"https:\/\/lospoliticosveracruz.com\/?p=51187#breadcrumb"},"inLanguage":"es","potentialAction":[{"@type":"ReadAction","target":["https:\/\/lospoliticosveracruz.com\/?p=51187"]}]},{"@type":"ImageObject","inLanguage":"es","@id":"https:\/\/lospoliticosveracruz.com\/?p=51187#primaryimage","url":"https:\/\/lospoliticosveracruz.com\/wp-content\/uploads\/2019\/12\/Yolanda.jpeg","contentUrl":"https:\/\/lospoliticosveracruz.com\/wp-content\/uploads\/2019\/12\/Yolanda.jpeg","width":600,"height":422},{"@type":"BreadcrumbList","@id":"https:\/\/lospoliticosveracruz.com\/?p=51187#breadcrumb","itemListElement":[{"@type":"ListItem","position":1,"name":"Portada","item":"https:\/\/lospoliticosveracruz.com\/"},{"@type":"ListItem","position":2,"name":"Presidenta, de panzazo"}]},{"@type":"WebSite","@id":"https:\/\/lospoliticosveracruz.com\/#website","url":"https:\/\/lospoliticosveracruz.com\/","name":"Los pol\u00edticos Veracruz","description":"","publisher":{"@id":"https:\/\/lospoliticosveracruz.com\/#organization"},"potentialAction":[{"@type":"SearchAction","target":{"@type":"EntryPoint","urlTemplate":"https:\/\/lospoliticosveracruz.com\/?s={search_term_string}"},"query-input":{"@type":"PropertyValueSpecification","valueRequired":true,"valueName":"search_term_string"}}],"inLanguage":"es"},{"@type":"Organization","@id":"https:\/\/lospoliticosveracruz.com\/#organization","name":"Los pol\u00edticos Veracruz","url":"https:\/\/lospoliticosveracruz.com\/","logo":{"@type":"ImageObject","inLanguage":"es","@id":"https:\/\/lospoliticosveracruz.com\/#\/schema\/logo\/image\/","url":"https:\/\/lospoliticosveracruz.com\/wp-content\/uploads\/2025\/12\/Logo-Nuevo-LOS-POLITICOS-1.jpg","contentUrl":"https:\/\/lospoliticosveracruz.com\/wp-content\/uploads\/2025\/12\/Logo-Nuevo-LOS-POLITICOS-1.jpg","width":260,"height":70,"caption":"Los pol\u00edticos Veracruz"},"image":{"@id":"https:\/\/lospoliticosveracruz.com\/#\/schema\/logo\/image\/"},"sameAs":["https:\/\/www.facebook.com\/people\/Notimemes-de-los-Polticos\/61565672886568\/","https:\/\/x.com\/LosPoliticosVer"]},{"@type":"Person","@id":"https:\/\/lospoliticosveracruz.com\/#\/schema\/person\/b8702bb0e538456e6efd07080bf2a4a2","name":"Lo viste en Los Pol\u00edticos","image":{"@type":"ImageObject","inLanguage":"es","@id":"https:\/\/secure.gravatar.com\/avatar\/3a8de04a2656d44082be478bd6c086daa447c4651605818287b9532d3d0bd435?s=96&d=mm&r=g","url":"https:\/\/secure.gravatar.com\/avatar\/3a8de04a2656d44082be478bd6c086daa447c4651605818287b9532d3d0bd435?s=96&d=mm&r=g","contentUrl":"https:\/\/secure.gravatar.com\/avatar\/3a8de04a2656d44082be478bd6c086daa447c4651605818287b9532d3d0bd435?s=96&d=mm&r=g","caption":"Lo viste en Los Pol\u00edticos"},"url":"https:\/\/lospoliticosveracruz.com\/?author=2"}]}},"_links":{"self":[{"href":"https:\/\/lospoliticosveracruz.com\/index.php?rest_route=\/wp\/v2\/posts\/51187","targetHints":{"allow":["GET"]}}],"collection":[{"href":"https:\/\/lospoliticosveracruz.com\/index.php?rest_route=\/wp\/v2\/posts"}],"about":[{"href":"https:\/\/lospoliticosveracruz.com\/index.php?rest_route=\/wp\/v2\/types\/post"}],"author":[{"embeddable":true,"href":"https:\/\/lospoliticosveracruz.com\/index.php?rest_route=\/wp\/v2\/users\/2"}],"replies":[{"embeddable":true,"href":"https:\/\/lospoliticosveracruz.com\/index.php?rest_route=%2Fwp%2Fv2%2Fcomments&post=51187"}],"version-history":[{"count":1,"href":"https:\/\/lospoliticosveracruz.com\/index.php?rest_route=\/wp\/v2\/posts\/51187\/revisions"}],"predecessor-version":[{"id":51189,"href":"https:\/\/lospoliticosveracruz.com\/index.php?rest_route=\/wp\/v2\/posts\/51187\/revisions\/51189"}],"wp:featuredmedia":[{"embeddable":true,"href":"https:\/\/lospoliticosveracruz.com\/index.php?rest_route=\/wp\/v2\/media\/51188"}],"wp:attachment":[{"href":"https:\/\/lospoliticosveracruz.com\/index.php?rest_route=%2Fwp%2Fv2%2Fmedia&parent=51187"}],"wp:term":[{"taxonomy":"category","embeddable":true,"href":"https:\/\/lospoliticosveracruz.com\/index.php?rest_route=%2Fwp%2Fv2%2Fcategories&post=51187"},{"taxonomy":"post_tag","embeddable":true,"href":"https:\/\/lospoliticosveracruz.com\/index.php?rest_route=%2Fwp%2Fv2%2Ftags&post=51187"}],"curies":[{"name":"wp","href":"https:\/\/api.w.org\/{rel}","templated":true}]}}