{"id":51224,"date":"2019-12-04T09:16:18","date_gmt":"2019-12-04T15:16:18","guid":{"rendered":"http:\/\/www.lospoliticosveracruz.com.mx\/?p=51224"},"modified":"2019-12-04T09:16:18","modified_gmt":"2019-12-04T15:16:18","slug":"teleton-zenyazen-y-agui-largos","status":"publish","type":"post","link":"https:\/\/lospoliticosveracruz.com\/?p=51224","title":{"rendered":"Telet\u00f3n, Zenyazen y agui-largos"},"content":{"rendered":"<p><b>Ricardo Ch\u00faa\u00a0<\/b><\/p>\n<p><i>Sale y Vale<\/i><\/p>\n<p>LA DUDA&#8230; A poco ser\u00e1 capaz el gobernador de Veracruz, Cuitl\u00e1huac Garc\u00eda Jim\u00e9nez, aparecerse como los dem\u00e1s gobernadores de MORENA en el pa\u00eds, al evento del TELET\u00d3N en la entidad&#8230; Aportar un \u00abbillete\u00bb por parte de su administraci\u00f3n por \u00abdonativos\u00bb caritativos que har\u00e1n los funcionarios estatales para este programa televisivo que hace labor social y m\u00e9dica con ni\u00f1os de capacidades diferentes en el pa\u00eds&#8230; En Poza Rica hay un Centro Telet\u00f3n&#8230;.<\/p>\n<p>Lo expresamos no porque Telet\u00f3n no haga esa loable labor de apoyo a la ni\u00f1ez con problemas f\u00edsicos o salud&#8230; Sino porque este gobierno estatal simplemente fall\u00f3 en el tema de la salud p\u00fablica&#8230; Varios ni\u00f1os enfermos de c\u00e1ncer, murieron esperando tratamiento&#8230; Hubo manifestaciones y Cuitl\u00e1huac nunca dio a la cara&#8230; Se apoy\u00f3 en el secretario de Salud, Roberto Ramos Alor y nada sucedi\u00f3&#8230;. Por eso si ahora decide apoyar al TELET\u00d3N los reclamos no se har\u00e1n esperar&#8230;. Pero si L\u00f3pez Obrador lo hace, \u00e9l por qu\u00e9 no&#8230; \u00bfAguantara el gober la rechifla?&#8230; Que conste que es duda&#8230;<\/p>\n<p>LOS PENDIENTES DE ZENYANZEN&#8230; En su comparecencia en el Congreso Local de \u00abTarz\u00e1n Boy\u00bb que parec\u00eda un evento al estilo Fidel Herrera.. El titular de la SEV, Zenyazen Escobar no se sali\u00f3 del argumento de la 4T en M\u00e9xico&#8230; Que todo es culpa del pasado, que la corrupci\u00f3n, que el complot, que si Yunes, que se acab\u00f3 la venta de plazas de maestros&#8230; Bla, bla y bla&#8230; Pero hay dos temas que no los toc\u00f3: La Pepsi Cola y el pago de \u00abacarreados\u00bb al evento de AMLO el domingo pasado por parte de la SEV&#8230;<\/p>\n<p>El Zenyanzen no pudo y no quiso explicar el por qu\u00e9 se le dio la concesi\u00f3n de la venta de refresco a la empresa Pepsi Cola en todos las cooperativas escolares, bajo el control de la SEV&#8230; Esos 8 millones de pesos que habl\u00f3 de la recaudaci\u00f3n de cooperativas escolares est\u00e1 bajo sospecha&#8230; Muy poco por la concesi\u00f3n&#8230; Lo otro fueron se\u00f1alamientos por los recursos que presuntamente se gastaron para llevar a personal de la SEV al AMLOFEST y obviamente a la \u00abporra\u00bb preparada para su comparecencia&#8230;<\/p>\n<p>Zenyanzen se puede decir que es el funcionario \u00abm\u00e1s ma\u00f1oso\u00bb de la 4T en Veracruz&#8230; Ya que es uno de los pocos que tiene experiencia en gobierno porque fue diputado&#8230; Sabe \u00abbailarse\u00bb a funcionarios en la SEV&#8230; Y se est\u00e1 \u00abvendiendo\u00bb como el sucesor de Cuitl\u00e1huac para el 2024&#8230; El 2021 le vale&#8230; Ya no est\u00e1 a la altura de su vida.. Por eso opera para dentro e 5 a\u00f1os Ja Ja Ja&#8230; Bueno, al menos, eso dicen sus allegados y en el Congreso Local los tiene&#8230; Y s\u00f3lo \u00abdistraen\u00bb a sus adversarios con el tema C\u00f3rdoba&#8230; El Zenya sali\u00f3 m\u00e1s canijo que Sun Tzu&#8230;<\/p>\n<p>SIN AGUINALDOS&#8230; Ya est\u00e1 confirmado de que los funcionarios del gobierno estatal les est\u00e1n diciendo que: NO HABR\u00c1 AGUINALDOS&#8230; Al menos los que prestan servicios a la sociedad veracruzana,,, A los altos funcionarios de la 4T en Veracruz, al parecer, no los tocaran en su \u00abprestaci\u00f3n\u00bb&#8230; Que se jodan otros, ellos no&#8230;. Que se les descuente para \u00abcooperar\u00bb en los camiones que fueron al CDMX a echarle \u00abporras\u00bb a L\u00f3pez Obrador el pasado domingo&#8230; El recurso, as\u00ed pareciera, es para el subejercicio,.. No hay de otra&#8230;<\/p>\n<p>Todos los que esperan este dinero para las fiestas de fin de a\u00f1o&#8230; Ni modo, seg\u00fan el Primo Eleazar, pues, no hay&#8230; As\u00ed que se quedar\u00e1n sin pavo y sidra porque wiskhy s\u00f3lo en sue\u00f1os&#8230; No hay&#8230; Y, si lo quieren tendr\u00e1n que presionar en las calles&#8230; Y lo tendr\u00e1n que hacer antes de que sus funcionarios de SEFIPLAN se vayan de vacaciones&#8230; A poco creen que les pedir\u00e1n a los bur\u00f3cratas que trabajen en temporada navide\u00f1a sino les pagaron su aguinaldo&#8230;<\/p>\n<p>En algunas dependencia de gobierno estatal&#8230; La \u00abgrilla\u00bb est\u00e1 a todo lo que da&#8230; No quieren ir a trabajar despu\u00e9s del 15 de diciembre si es que no les pagan el AGUINALDO y como son los propios jefes de estos trabajadores, los que ya les est\u00e1n mandando a decir que no habr\u00e1 dinero para esa prestaci\u00f3n de ley&#8230; Los m\u00e1s afectados son los que est\u00e1n armando de valor para enfrentar este \u00abjaloneo\u00bb con los altos funcionarios de MORENA&#8230;. Con el argumento de la austeridad&#8230; Ahora resulta que no les quieren pagar&#8230; Menos a los trabajadores externos&#8230;<\/p>\n<p>El caso es muy sencillo muchos de los trabajadores que prestan su servicio a la administraci\u00f3n de Cuitl\u00e1huac Garc\u00eda esperaran hasta el 6 de diciembre para que les resuelvan si les dan aguinaldo o no&#8230; En caso de negarles ese pago, dejar\u00e1n votados los trabajos y no prestar\u00e1n sus servicios&#8230; Los veracruzanos que pagan por esos servicios cuando lleguen a la dependencia y no lo puedan ocupar o tener el servicio, ser\u00e1n los primeros en reclamar a los jefes de las oficinas&#8230; As\u00ed que Tan avisaos&#8230; Y el que avisa no traiciona&#8230;<\/p>\n<p>EL CHAPITO Y SU \u00abGOLPEADOR\u00bb&#8230; Vaya conflicto que se le viene al \u00abChapito\u00bb Guzm\u00e1n Aviles con el tema, de que uno de los funcionarios que reci\u00e9n nombr\u00f3 dentro del comit\u00e9 estatal, golpeo f\u00edsicamente a una miembro del PAN en las elecciones a delegados en noviembre pasado&#8230; El nombre de este presunto golpeador es: Arturo Calder\u00f3n Lara, qui\u00e9n ostenta el cargo de Secretario de Estrategia del CDE.. Y, por lo cual, ya hay una denuncia penal en la Fiscal\u00eda de Veracruz&#8230;<\/p>\n<p>Ahora el \u00abpaquete\u00bb le queda a Ver\u00f3nica Hern\u00e1ndez para saber si en verdad investiga el tema&#8230; Ya que dentro del PAN han comentado que Calder\u00f3n Lara ha dicho que nada proceder\u00e1 por la cercan\u00eda que tiene Guzm\u00e1n Aviles con el gobierno de Cuitl\u00e1huac Garc\u00eda&#8230; Y que como hay una \u00abFiscal Carnal\u00bb, pues, la denuncia \u00abdormir\u00e1 el sue\u00f1o de los justos\u00bb&#8230;As\u00ed que ahora la labor de la FGE estar\u00e1 bajo la mira para saber que procedi\u00f3 sobre este caso&#8230; De quedarse ambiguo&#8230; Ver\u00f3nica Hern\u00e1ndez quedar\u00e1 como una \u00abempleada\u00bb de Cuitl\u00e1huac..<\/p>\n<p>El tema es grave porque la denuncia es por agresiones f\u00edsicas y ya est\u00e1 en la Fiscal\u00eda con la carpeta de investigaci\u00f3n: 1306\/2019&#8230; As\u00ed que lo que pase de aqu\u00ed en adelante ser\u00e1 \u00abCULPA DE LA FISCAL\u00bb&#8230; Y sobre todo, si no se procede, ser\u00e1 directamente Joaqu\u00edn Rosendo Guzm\u00e1n Avil\u00e9s, el que \u00abpague las consecuencias\u00bb porque su dirigencia se ir\u00e1 reduciendo al puro comit\u00e9 estatal&#8230; Ya se \u00abparti\u00f3\u00bb con los diputados locales ahora ser\u00eda dividirse con la militancia&#8230; El Chapito no quiere alianza, quiere PAN-Caca&#8230; Ma\u00f1ana toda la historia&#8230;<\/p>\n","protected":false},"excerpt":{"rendered":"<p>Ricardo Ch\u00faa\u00a0 Sale y Vale LA DUDA&#8230; A poco ser\u00e1 capaz el gobernador de Veracruz, Cuitl\u00e1huac Garc\u00eda Jim\u00e9nez, aparecerse como los dem\u00e1s gobernadores de MORENA en el pa\u00eds, al evento del TELET\u00d3N en la entidad&#8230; Aportar un \u00abbillete\u00bb por parte de su administraci\u00f3n por \u00abdonativos\u00bb caritativos que har\u00e1n los funcionarios estatales para este programa televisivo [&hellip;]<\/p>\n","protected":false},"author":2,"featured_media":0,"comment_status":"open","ping_status":"open","sticky":false,"template":"","format":"standard","meta":{"tdm_status":"","tdm_grid_status":"","footnotes":""},"categories":[70],"tags":[1563,1267,384],"class_list":{"0":"post-51224","1":"post","2":"type-post","3":"status-publish","4":"format-standard","6":"category-de-opinion","7":"tag-cuitlahuac-garcia-jimenez","8":"tag-poza-rica","9":"tag-teleton"},"yoast_head":"<!-- This site is optimized with the Yoast SEO plugin v27.4 - https:\/\/yoast.com\/product\/yoast-seo-wordpress\/ -->\n<title>Telet\u00f3n, Zenyazen y agui-largos - Los pol\u00edticos Veracruz<\/title>\n<meta name=\"robots\" content=\"index, follow, max-snippet:-1, max-image-preview:large, max-video-preview:-1\" \/>\n<link rel=\"canonical\" href=\"https:\/\/lospoliticosveracruz.com\/?p=51224\" \/>\n<meta property=\"og:locale\" content=\"es_ES\" \/>\n<meta property=\"og:type\" content=\"article\" \/>\n<meta property=\"og:title\" content=\"Telet\u00f3n, Zenyazen y agui-largos - Los pol\u00edticos Veracruz\" \/>\n<meta property=\"og:description\" content=\"Ricardo Ch\u00faa\u00a0 Sale y Vale LA DUDA&#8230; A poco ser\u00e1 capaz el gobernador de Veracruz, Cuitl\u00e1huac Garc\u00eda Jim\u00e9nez, aparecerse como los dem\u00e1s gobernadores de MORENA en el pa\u00eds, al evento del TELET\u00d3N en la entidad&#8230; Aportar un \u00abbillete\u00bb por parte de su administraci\u00f3n por \u00abdonativos\u00bb caritativos que har\u00e1n los funcionarios estatales para este programa televisivo [&hellip;]\" \/>\n<meta property=\"og:url\" content=\"https:\/\/lospoliticosveracruz.com\/?p=51224\" \/>\n<meta property=\"og:site_name\" content=\"Los pol\u00edticos Veracruz\" \/>\n<meta property=\"article:publisher\" content=\"https:\/\/www.facebook.com\/people\/Notimemes-de-los-Polticos\/61565672886568\/\" \/>\n<meta property=\"article:published_time\" content=\"2019-12-04T15:16:18+00:00\" \/>\n<meta property=\"og:image\" content=\"https:\/\/lospoliticosveracruz.com\/wp-content\/uploads\/2016\/07\/Logo-Dor.jpg\" \/>\n\t<meta property=\"og:image:width\" content=\"200\" \/>\n\t<meta property=\"og:image:height\" content=\"200\" \/>\n\t<meta property=\"og:image:type\" content=\"image\/jpeg\" \/>\n<meta name=\"author\" content=\"Lo viste en Los Pol\u00edticos\" \/>\n<meta name=\"twitter:card\" content=\"summary_large_image\" \/>\n<meta name=\"twitter:creator\" content=\"@LosPoliticosVer\" \/>\n<meta name=\"twitter:site\" content=\"@LosPoliticosVer\" \/>\n<meta name=\"twitter:label1\" content=\"Escrito por\" \/>\n\t<meta name=\"twitter:data1\" content=\"Lo viste en Los Pol\u00edticos\" \/>\n\t<meta name=\"twitter:label2\" content=\"Tiempo de lectura\" \/>\n\t<meta name=\"twitter:data2\" content=\"6 minutos\" \/>\n<script type=\"application\/ld+json\" class=\"yoast-schema-graph\">{\"@context\":\"https:\\\/\\\/schema.org\",\"@graph\":[{\"@type\":\"Article\",\"@id\":\"https:\\\/\\\/lospoliticosveracruz.com\\\/?p=51224#article\",\"isPartOf\":{\"@id\":\"https:\\\/\\\/lospoliticosveracruz.com\\\/?p=51224\"},\"author\":{\"name\":\"Lo viste en Los Pol\u00edticos\",\"@id\":\"https:\\\/\\\/lospoliticosveracruz.com\\\/#\\\/schema\\\/person\\\/b8702bb0e538456e6efd07080bf2a4a2\"},\"headline\":\"Telet\u00f3n, Zenyazen y agui-largos\",\"datePublished\":\"2019-12-04T15:16:18+00:00\",\"mainEntityOfPage\":{\"@id\":\"https:\\\/\\\/lospoliticosveracruz.com\\\/?p=51224\"},\"wordCount\":1161,\"commentCount\":0,\"publisher\":{\"@id\":\"https:\\\/\\\/lospoliticosveracruz.com\\\/#organization\"},\"keywords\":[\"Cuitl\u00e1huac Garc\u00eda Jim\u00e9nez\",\"Poza Rica\",\"Telet\u00f3n\"],\"articleSection\":[\"De Opini\u00f3n\"],\"inLanguage\":\"es\",\"potentialAction\":[{\"@type\":\"CommentAction\",\"name\":\"Comment\",\"target\":[\"https:\\\/\\\/lospoliticosveracruz.com\\\/?p=51224#respond\"]}]},{\"@type\":\"WebPage\",\"@id\":\"https:\\\/\\\/lospoliticosveracruz.com\\\/?p=51224\",\"url\":\"https:\\\/\\\/lospoliticosveracruz.com\\\/?p=51224\",\"name\":\"Telet\u00f3n, Zenyazen y agui-largos - Los pol\u00edticos Veracruz\",\"isPartOf\":{\"@id\":\"https:\\\/\\\/lospoliticosveracruz.com\\\/#website\"},\"datePublished\":\"2019-12-04T15:16:18+00:00\",\"breadcrumb\":{\"@id\":\"https:\\\/\\\/lospoliticosveracruz.com\\\/?p=51224#breadcrumb\"},\"inLanguage\":\"es\",\"potentialAction\":[{\"@type\":\"ReadAction\",\"target\":[\"https:\\\/\\\/lospoliticosveracruz.com\\\/?p=51224\"]}]},{\"@type\":\"BreadcrumbList\",\"@id\":\"https:\\\/\\\/lospoliticosveracruz.com\\\/?p=51224#breadcrumb\",\"itemListElement\":[{\"@type\":\"ListItem\",\"position\":1,\"name\":\"Portada\",\"item\":\"https:\\\/\\\/lospoliticosveracruz.com\\\/\"},{\"@type\":\"ListItem\",\"position\":2,\"name\":\"Telet\u00f3n, Zenyazen y agui-largos\"}]},{\"@type\":\"WebSite\",\"@id\":\"https:\\\/\\\/lospoliticosveracruz.com\\\/#website\",\"url\":\"https:\\\/\\\/lospoliticosveracruz.com\\\/\",\"name\":\"Los pol\u00edticos Veracruz\",\"description\":\"\",\"publisher\":{\"@id\":\"https:\\\/\\\/lospoliticosveracruz.com\\\/#organization\"},\"potentialAction\":[{\"@type\":\"SearchAction\",\"target\":{\"@type\":\"EntryPoint\",\"urlTemplate\":\"https:\\\/\\\/lospoliticosveracruz.com\\\/?s={search_term_string}\"},\"query-input\":{\"@type\":\"PropertyValueSpecification\",\"valueRequired\":true,\"valueName\":\"search_term_string\"}}],\"inLanguage\":\"es\"},{\"@type\":\"Organization\",\"@id\":\"https:\\\/\\\/lospoliticosveracruz.com\\\/#organization\",\"name\":\"Los pol\u00edticos Veracruz\",\"url\":\"https:\\\/\\\/lospoliticosveracruz.com\\\/\",\"logo\":{\"@type\":\"ImageObject\",\"inLanguage\":\"es\",\"@id\":\"https:\\\/\\\/lospoliticosveracruz.com\\\/#\\\/schema\\\/logo\\\/image\\\/\",\"url\":\"https:\\\/\\\/lospoliticosveracruz.com\\\/wp-content\\\/uploads\\\/2025\\\/12\\\/Logo-Nuevo-LOS-POLITICOS-1.jpg\",\"contentUrl\":\"https:\\\/\\\/lospoliticosveracruz.com\\\/wp-content\\\/uploads\\\/2025\\\/12\\\/Logo-Nuevo-LOS-POLITICOS-1.jpg\",\"width\":260,\"height\":70,\"caption\":\"Los pol\u00edticos Veracruz\"},\"image\":{\"@id\":\"https:\\\/\\\/lospoliticosveracruz.com\\\/#\\\/schema\\\/logo\\\/image\\\/\"},\"sameAs\":[\"https:\\\/\\\/www.facebook.com\\\/people\\\/Notimemes-de-los-Polticos\\\/61565672886568\\\/\",\"https:\\\/\\\/x.com\\\/LosPoliticosVer\"]},{\"@type\":\"Person\",\"@id\":\"https:\\\/\\\/lospoliticosveracruz.com\\\/#\\\/schema\\\/person\\\/b8702bb0e538456e6efd07080bf2a4a2\",\"name\":\"Lo viste en Los Pol\u00edticos\",\"image\":{\"@type\":\"ImageObject\",\"inLanguage\":\"es\",\"@id\":\"https:\\\/\\\/secure.gravatar.com\\\/avatar\\\/3a8de04a2656d44082be478bd6c086daa447c4651605818287b9532d3d0bd435?s=96&d=mm&r=g\",\"url\":\"https:\\\/\\\/secure.gravatar.com\\\/avatar\\\/3a8de04a2656d44082be478bd6c086daa447c4651605818287b9532d3d0bd435?s=96&d=mm&r=g\",\"contentUrl\":\"https:\\\/\\\/secure.gravatar.com\\\/avatar\\\/3a8de04a2656d44082be478bd6c086daa447c4651605818287b9532d3d0bd435?s=96&d=mm&r=g\",\"caption\":\"Lo viste en Los Pol\u00edticos\"},\"url\":\"https:\\\/\\\/lospoliticosveracruz.com\\\/?author=2\"}]}<\/script>\n<!-- \/ Yoast SEO plugin. -->","yoast_head_json":{"title":"Telet\u00f3n, Zenyazen y agui-largos - Los pol\u00edticos Veracruz","robots":{"index":"index","follow":"follow","max-snippet":"max-snippet:-1","max-image-preview":"max-image-preview:large","max-video-preview":"max-video-preview:-1"},"canonical":"https:\/\/lospoliticosveracruz.com\/?p=51224","og_locale":"es_ES","og_type":"article","og_title":"Telet\u00f3n, Zenyazen y agui-largos - Los pol\u00edticos Veracruz","og_description":"Ricardo Ch\u00faa\u00a0 Sale y Vale LA DUDA&#8230; A poco ser\u00e1 capaz el gobernador de Veracruz, Cuitl\u00e1huac Garc\u00eda Jim\u00e9nez, aparecerse como los dem\u00e1s gobernadores de MORENA en el pa\u00eds, al evento del TELET\u00d3N en la entidad&#8230; Aportar un \u00abbillete\u00bb por parte de su administraci\u00f3n por \u00abdonativos\u00bb caritativos que har\u00e1n los funcionarios estatales para este programa televisivo [&hellip;]","og_url":"https:\/\/lospoliticosveracruz.com\/?p=51224","og_site_name":"Los pol\u00edticos Veracruz","article_publisher":"https:\/\/www.facebook.com\/people\/Notimemes-de-los-Polticos\/61565672886568\/","article_published_time":"2019-12-04T15:16:18+00:00","og_image":[{"width":200,"height":200,"url":"https:\/\/lospoliticosveracruz.com\/wp-content\/uploads\/2016\/07\/Logo-Dor.jpg","type":"image\/jpeg"}],"author":"Lo viste en Los Pol\u00edticos","twitter_card":"summary_large_image","twitter_creator":"@LosPoliticosVer","twitter_site":"@LosPoliticosVer","twitter_misc":{"Escrito por":"Lo viste en Los Pol\u00edticos","Tiempo de lectura":"6 minutos"},"schema":{"@context":"https:\/\/schema.org","@graph":[{"@type":"Article","@id":"https:\/\/lospoliticosveracruz.com\/?p=51224#article","isPartOf":{"@id":"https:\/\/lospoliticosveracruz.com\/?p=51224"},"author":{"name":"Lo viste en Los Pol\u00edticos","@id":"https:\/\/lospoliticosveracruz.com\/#\/schema\/person\/b8702bb0e538456e6efd07080bf2a4a2"},"headline":"Telet\u00f3n, Zenyazen y agui-largos","datePublished":"2019-12-04T15:16:18+00:00","mainEntityOfPage":{"@id":"https:\/\/lospoliticosveracruz.com\/?p=51224"},"wordCount":1161,"commentCount":0,"publisher":{"@id":"https:\/\/lospoliticosveracruz.com\/#organization"},"keywords":["Cuitl\u00e1huac Garc\u00eda Jim\u00e9nez","Poza Rica","Telet\u00f3n"],"articleSection":["De Opini\u00f3n"],"inLanguage":"es","potentialAction":[{"@type":"CommentAction","name":"Comment","target":["https:\/\/lospoliticosveracruz.com\/?p=51224#respond"]}]},{"@type":"WebPage","@id":"https:\/\/lospoliticosveracruz.com\/?p=51224","url":"https:\/\/lospoliticosveracruz.com\/?p=51224","name":"Telet\u00f3n, Zenyazen y agui-largos - Los pol\u00edticos Veracruz","isPartOf":{"@id":"https:\/\/lospoliticosveracruz.com\/#website"},"datePublished":"2019-12-04T15:16:18+00:00","breadcrumb":{"@id":"https:\/\/lospoliticosveracruz.com\/?p=51224#breadcrumb"},"inLanguage":"es","potentialAction":[{"@type":"ReadAction","target":["https:\/\/lospoliticosveracruz.com\/?p=51224"]}]},{"@type":"BreadcrumbList","@id":"https:\/\/lospoliticosveracruz.com\/?p=51224#breadcrumb","itemListElement":[{"@type":"ListItem","position":1,"name":"Portada","item":"https:\/\/lospoliticosveracruz.com\/"},{"@type":"ListItem","position":2,"name":"Telet\u00f3n, Zenyazen y agui-largos"}]},{"@type":"WebSite","@id":"https:\/\/lospoliticosveracruz.com\/#website","url":"https:\/\/lospoliticosveracruz.com\/","name":"Los pol\u00edticos Veracruz","description":"","publisher":{"@id":"https:\/\/lospoliticosveracruz.com\/#organization"},"potentialAction":[{"@type":"SearchAction","target":{"@type":"EntryPoint","urlTemplate":"https:\/\/lospoliticosveracruz.com\/?s={search_term_string}"},"query-input":{"@type":"PropertyValueSpecification","valueRequired":true,"valueName":"search_term_string"}}],"inLanguage":"es"},{"@type":"Organization","@id":"https:\/\/lospoliticosveracruz.com\/#organization","name":"Los pol\u00edticos Veracruz","url":"https:\/\/lospoliticosveracruz.com\/","logo":{"@type":"ImageObject","inLanguage":"es","@id":"https:\/\/lospoliticosveracruz.com\/#\/schema\/logo\/image\/","url":"https:\/\/lospoliticosveracruz.com\/wp-content\/uploads\/2025\/12\/Logo-Nuevo-LOS-POLITICOS-1.jpg","contentUrl":"https:\/\/lospoliticosveracruz.com\/wp-content\/uploads\/2025\/12\/Logo-Nuevo-LOS-POLITICOS-1.jpg","width":260,"height":70,"caption":"Los pol\u00edticos Veracruz"},"image":{"@id":"https:\/\/lospoliticosveracruz.com\/#\/schema\/logo\/image\/"},"sameAs":["https:\/\/www.facebook.com\/people\/Notimemes-de-los-Polticos\/61565672886568\/","https:\/\/x.com\/LosPoliticosVer"]},{"@type":"Person","@id":"https:\/\/lospoliticosveracruz.com\/#\/schema\/person\/b8702bb0e538456e6efd07080bf2a4a2","name":"Lo viste en Los Pol\u00edticos","image":{"@type":"ImageObject","inLanguage":"es","@id":"https:\/\/secure.gravatar.com\/avatar\/3a8de04a2656d44082be478bd6c086daa447c4651605818287b9532d3d0bd435?s=96&d=mm&r=g","url":"https:\/\/secure.gravatar.com\/avatar\/3a8de04a2656d44082be478bd6c086daa447c4651605818287b9532d3d0bd435?s=96&d=mm&r=g","contentUrl":"https:\/\/secure.gravatar.com\/avatar\/3a8de04a2656d44082be478bd6c086daa447c4651605818287b9532d3d0bd435?s=96&d=mm&r=g","caption":"Lo viste en Los Pol\u00edticos"},"url":"https:\/\/lospoliticosveracruz.com\/?author=2"}]}},"_links":{"self":[{"href":"https:\/\/lospoliticosveracruz.com\/index.php?rest_route=\/wp\/v2\/posts\/51224","targetHints":{"allow":["GET"]}}],"collection":[{"href":"https:\/\/lospoliticosveracruz.com\/index.php?rest_route=\/wp\/v2\/posts"}],"about":[{"href":"https:\/\/lospoliticosveracruz.com\/index.php?rest_route=\/wp\/v2\/types\/post"}],"author":[{"embeddable":true,"href":"https:\/\/lospoliticosveracruz.com\/index.php?rest_route=\/wp\/v2\/users\/2"}],"replies":[{"embeddable":true,"href":"https:\/\/lospoliticosveracruz.com\/index.php?rest_route=%2Fwp%2Fv2%2Fcomments&post=51224"}],"version-history":[{"count":1,"href":"https:\/\/lospoliticosveracruz.com\/index.php?rest_route=\/wp\/v2\/posts\/51224\/revisions"}],"predecessor-version":[{"id":51225,"href":"https:\/\/lospoliticosveracruz.com\/index.php?rest_route=\/wp\/v2\/posts\/51224\/revisions\/51225"}],"wp:attachment":[{"href":"https:\/\/lospoliticosveracruz.com\/index.php?rest_route=%2Fwp%2Fv2%2Fmedia&parent=51224"}],"wp:term":[{"taxonomy":"category","embeddable":true,"href":"https:\/\/lospoliticosveracruz.com\/index.php?rest_route=%2Fwp%2Fv2%2Fcategories&post=51224"},{"taxonomy":"post_tag","embeddable":true,"href":"https:\/\/lospoliticosveracruz.com\/index.php?rest_route=%2Fwp%2Fv2%2Ftags&post=51224"}],"curies":[{"name":"wp","href":"https:\/\/api.w.org\/{rel}","templated":true}]}}