{"id":51241,"date":"2019-12-05T07:46:25","date_gmt":"2019-12-05T13:46:25","guid":{"rendered":"http:\/\/www.lospoliticosveracruz.com.mx\/?p=51241"},"modified":"2019-12-05T07:46:25","modified_gmt":"2019-12-05T13:46:25","slug":"el-caso-de-roberto-ramos-alor","status":"publish","type":"post","link":"https:\/\/lospoliticosveracruz.com\/?p=51241","title":{"rendered":"El caso de Roberto Ramos Alor"},"content":{"rendered":"<p><strong>Enrique Yasser Pompeyo<\/strong><\/p>\n<p><em>Mesa de Redacci\u00f3n<\/em><\/p>\n<p>Una burla. As\u00ed se puede resumir la comparecencia del titular de la Secretar\u00eda de Salud de Veracruz, Roberto Ramos Alor.<\/p>\n<p>Fue m\u00e1s que decepcionante y el titular del Poder Ejecutivo del Estado debe considerar seriamente sustituirlo por el bien de los veracruzanos.<\/p>\n<p>Como se sabe, el funcionario fue recomendado por la actual titular de la Secretar\u00eda de Energ\u00eda, Roc\u00edo Nahle Garc\u00eda, quien tambi\u00e9n aspira a la gubernatura en 2024.<\/p>\n<p>De nada le ha servido a Ramos Alor su trayectoria y carrera. Como se recordar\u00e1 es m\u00e9dico cirujano egresado de la Universidad Nacional Aut\u00f3noma de M\u00e9xico (UNAM).<\/p>\n<p>Tambi\u00e9n cuenta con un posgrado en Pediatr\u00eda M\u00e9dica por el Instituto Mexicano del Seguro Social (IMSS); tiene una subespecialidad en neumolog\u00eda pedi\u00e1trica en el Hospital General Centro M\u00e9dico Nacional La Raza y es egresado de la licenciatura en Derecho por la Universidad Veracruzana (UV).<\/p>\n<p>Pese a que asegur\u00f3 que se ha privilegiado el humanismo, la equidad, la igual y la justicia social, la realidad que sufren los ciudadanos tumban su discurso de papel.<\/p>\n<p>Es preocupante y lamentable la insensibilidad con la que se ha tratado a los veracruzanos.<\/p>\n<p>El reclamo de los legisladores fue un\u00e1nime. A un a\u00f1o del gobierno de la Cuarta Transformaci\u00f3n, las promesas para brindar un mejor servicio en materia de salud no se han cumplido.<\/p>\n<p>La dependencia y el secretario fueron rebasados. Nada justifica su inacci\u00f3n, pues experiencia tiene.<\/p>\n<p>Urge que el mandatario act\u00fae, pues de otra manera, continuar\u00e1n muriendo m\u00e1s veracruzanos.<\/p>\n<p>REMUNERACI\u00d3N A SERVIDORES P\u00daBLICOS<\/p>\n<p>Con la finalidad de que se establezca transparencia y un c\u00e1lculo razonable del sueldo del Presidente de la Rep\u00fablica y el total de servidores p\u00fablicos, el senador Julen Rementer\u00eda del Puerto, present\u00f3 una reserva al art\u00edculo cuarto transitorio, que establece un plazo de 120 d\u00edas a partir de que se publiquen las reformas, para modificar las leyes reglamentarias de los art\u00edculos 75 y 127 constitucionales en la que se crear\u00e1 un organismo t\u00e9cnico responsable de realizar los estudios para fundamentar los salarios de los funcionarios p\u00fablicos.<\/p>\n<p>En dichas reformas se deber\u00e1 establecer el organismo t\u00e9cnico responsable de los estudios para definir los par\u00e1metros, elementos y procedimientos relativos a las remuneraciones de los servidores p\u00fablicos.<\/p>\n<p>En la reserva presentada por el legislador veracruzano, se plantea que la opini\u00f3n fundada y motivada sea con car\u00e1cter vinculante para la C\u00e1mara de Diputados, en el establecimiento de los salarios en el Presupuesto de Egresos de la Federaci\u00f3n.<\/p>\n<p>\u201cEsto recoge la inquietud de cu\u00e1l es el salario, cu\u00e1l ser\u00eda lo justo para unos, para otros, y falta que tenga un grado de vinculaci\u00f3n de este \u00f3rgano t\u00e9cnico, para que no sean como las llamadas a misa, que no servir\u00e1n de nada\u201d, precis\u00f3 Rementer\u00eda del Puerto.<\/p>\n<p>Asimismo destac\u00f3 que no existe un par\u00e1metro que diga cu\u00e1l ser\u00eda la cantidad adecuada, y por ello se propone que las decisiones sean vinculantes para la determinaci\u00f3n de las percepciones.<\/p>\n<p>Cabe destacar que la minuta enviada por la C\u00e1mara de Diputados, dispone que ning\u00fan servidor p\u00fablico pueda recibir un salario o retribuci\u00f3n por el desempe\u00f1o de su funci\u00f3n, empleo, cargo o comisi\u00f3n mayor a la establecida para el Presidente de la Rep\u00fablica en el Presupuesto de Egresos de la Federaci\u00f3n.<\/p>\n<p>Dicho dictamen establece que no podr\u00e1 cubrirse ninguna percepci\u00f3n mediante el ejercicio de partidas cuyo objeto sea diferente en el presupuesto correspondiente, salvo el caso de que las transferencias se encuentren autorizadas.<\/p>\n<p>Finalmente expres\u00f3 su voto en abstenci\u00f3n al dictamen, porque la redacci\u00f3n propuesta para el art\u00edculo 127 constitucional incluye a los integrantes del Poder Judicial de la Federaci\u00f3n, violentando la divisi\u00f3n de poderes, independencia judicial y los criterios emitidos por la Corte Interamericana de Derechos Humanos sobre el tema.<\/p>\n<p>enriquepompeyo@hotmail.com<\/p>\n","protected":false},"excerpt":{"rendered":"<p>Enrique Yasser Pompeyo Mesa de Redacci\u00f3n Una burla. As\u00ed se puede resumir la comparecencia del titular de la Secretar\u00eda de Salud de Veracruz, Roberto Ramos Alor. Fue m\u00e1s que decepcionante y el titular del Poder Ejecutivo del Estado debe considerar seriamente sustituirlo por el bien de los veracruzanos. Como se sabe, el funcionario fue recomendado [&hellip;]<\/p>\n","protected":false},"author":2,"featured_media":51242,"comment_status":"open","ping_status":"open","sticky":false,"template":"","format":"standard","meta":{"tdm_status":"","tdm_grid_status":"","footnotes":""},"categories":[70],"tags":[15477,12606,4386,90,195],"class_list":{"0":"post-51241","1":"post","2":"type-post","3":"status-publish","4":"format-standard","5":"has-post-thumbnail","7":"category-de-opinion","8":"tag-enrique-yasser-pompeyo","9":"tag-roberto-ramos-alor","10":"tag-rocio-nahle-garcia","11":"tag-salud","12":"tag-veracruz"},"yoast_head":"<!-- This site is optimized with the Yoast SEO plugin v27.4 - https:\/\/yoast.com\/product\/yoast-seo-wordpress\/ -->\n<title>El caso de Roberto Ramos Alor - Los pol\u00edticos Veracruz<\/title>\n<meta name=\"robots\" content=\"index, follow, max-snippet:-1, max-image-preview:large, max-video-preview:-1\" \/>\n<link rel=\"canonical\" href=\"https:\/\/lospoliticosveracruz.com\/?p=51241\" \/>\n<meta property=\"og:locale\" content=\"es_ES\" \/>\n<meta property=\"og:type\" content=\"article\" \/>\n<meta property=\"og:title\" content=\"El caso de Roberto Ramos Alor - Los pol\u00edticos Veracruz\" \/>\n<meta property=\"og:description\" content=\"Enrique Yasser Pompeyo Mesa de Redacci\u00f3n Una burla. As\u00ed se puede resumir la comparecencia del titular de la Secretar\u00eda de Salud de Veracruz, Roberto Ramos Alor. Fue m\u00e1s que decepcionante y el titular del Poder Ejecutivo del Estado debe considerar seriamente sustituirlo por el bien de los veracruzanos. Como se sabe, el funcionario fue recomendado [&hellip;]\" \/>\n<meta property=\"og:url\" content=\"https:\/\/lospoliticosveracruz.com\/?p=51241\" \/>\n<meta property=\"og:site_name\" content=\"Los pol\u00edticos Veracruz\" \/>\n<meta property=\"article:publisher\" content=\"https:\/\/www.facebook.com\/people\/Notimemes-de-los-Polticos\/61565672886568\/\" \/>\n<meta property=\"article:published_time\" content=\"2019-12-05T13:46:25+00:00\" \/>\n<meta property=\"og:image\" content=\"https:\/\/lospoliticosveracruz.com\/wp-content\/uploads\/2019\/12\/Sr-Barriga-B.jpg\" \/>\n\t<meta property=\"og:image:width\" content=\"600\" \/>\n\t<meta property=\"og:image:height\" content=\"397\" \/>\n\t<meta property=\"og:image:type\" content=\"image\/jpeg\" \/>\n<meta name=\"author\" content=\"Lo viste en Los Pol\u00edticos\" \/>\n<meta name=\"twitter:card\" content=\"summary_large_image\" \/>\n<meta name=\"twitter:creator\" content=\"@LosPoliticosVer\" \/>\n<meta name=\"twitter:site\" content=\"@LosPoliticosVer\" \/>\n<meta name=\"twitter:label1\" content=\"Escrito por\" \/>\n\t<meta name=\"twitter:data1\" content=\"Lo viste en Los Pol\u00edticos\" \/>\n\t<meta name=\"twitter:label2\" content=\"Tiempo de lectura\" \/>\n\t<meta name=\"twitter:data2\" content=\"3 minutos\" \/>\n<script type=\"application\/ld+json\" class=\"yoast-schema-graph\">{\"@context\":\"https:\\\/\\\/schema.org\",\"@graph\":[{\"@type\":\"Article\",\"@id\":\"https:\\\/\\\/lospoliticosveracruz.com\\\/?p=51241#article\",\"isPartOf\":{\"@id\":\"https:\\\/\\\/lospoliticosveracruz.com\\\/?p=51241\"},\"author\":{\"name\":\"Lo viste en Los Pol\u00edticos\",\"@id\":\"https:\\\/\\\/lospoliticosveracruz.com\\\/#\\\/schema\\\/person\\\/b8702bb0e538456e6efd07080bf2a4a2\"},\"headline\":\"El caso de Roberto Ramos Alor\",\"datePublished\":\"2019-12-05T13:46:25+00:00\",\"mainEntityOfPage\":{\"@id\":\"https:\\\/\\\/lospoliticosveracruz.com\\\/?p=51241\"},\"wordCount\":684,\"commentCount\":0,\"publisher\":{\"@id\":\"https:\\\/\\\/lospoliticosveracruz.com\\\/#organization\"},\"image\":{\"@id\":\"https:\\\/\\\/lospoliticosveracruz.com\\\/?p=51241#primaryimage\"},\"thumbnailUrl\":\"https:\\\/\\\/lospoliticosveracruz.com\\\/wp-content\\\/uploads\\\/2019\\\/12\\\/Sr-Barriga-B.jpg\",\"keywords\":[\"Enrique Yasser Pompeyo\",\"Roberto Ramos Alor\",\"Roc\u00edo Nahle Garc\u00eda\",\"Salud\",\"Veracruz\"],\"articleSection\":[\"De Opini\u00f3n\"],\"inLanguage\":\"es\",\"potentialAction\":[{\"@type\":\"CommentAction\",\"name\":\"Comment\",\"target\":[\"https:\\\/\\\/lospoliticosveracruz.com\\\/?p=51241#respond\"]}]},{\"@type\":\"WebPage\",\"@id\":\"https:\\\/\\\/lospoliticosveracruz.com\\\/?p=51241\",\"url\":\"https:\\\/\\\/lospoliticosveracruz.com\\\/?p=51241\",\"name\":\"El caso de Roberto Ramos Alor - Los pol\u00edticos Veracruz\",\"isPartOf\":{\"@id\":\"https:\\\/\\\/lospoliticosveracruz.com\\\/#website\"},\"primaryImageOfPage\":{\"@id\":\"https:\\\/\\\/lospoliticosveracruz.com\\\/?p=51241#primaryimage\"},\"image\":{\"@id\":\"https:\\\/\\\/lospoliticosveracruz.com\\\/?p=51241#primaryimage\"},\"thumbnailUrl\":\"https:\\\/\\\/lospoliticosveracruz.com\\\/wp-content\\\/uploads\\\/2019\\\/12\\\/Sr-Barriga-B.jpg\",\"datePublished\":\"2019-12-05T13:46:25+00:00\",\"breadcrumb\":{\"@id\":\"https:\\\/\\\/lospoliticosveracruz.com\\\/?p=51241#breadcrumb\"},\"inLanguage\":\"es\",\"potentialAction\":[{\"@type\":\"ReadAction\",\"target\":[\"https:\\\/\\\/lospoliticosveracruz.com\\\/?p=51241\"]}]},{\"@type\":\"ImageObject\",\"inLanguage\":\"es\",\"@id\":\"https:\\\/\\\/lospoliticosveracruz.com\\\/?p=51241#primaryimage\",\"url\":\"https:\\\/\\\/lospoliticosveracruz.com\\\/wp-content\\\/uploads\\\/2019\\\/12\\\/Sr-Barriga-B.jpg\",\"contentUrl\":\"https:\\\/\\\/lospoliticosveracruz.com\\\/wp-content\\\/uploads\\\/2019\\\/12\\\/Sr-Barriga-B.jpg\",\"width\":600,\"height\":397},{\"@type\":\"BreadcrumbList\",\"@id\":\"https:\\\/\\\/lospoliticosveracruz.com\\\/?p=51241#breadcrumb\",\"itemListElement\":[{\"@type\":\"ListItem\",\"position\":1,\"name\":\"Portada\",\"item\":\"https:\\\/\\\/lospoliticosveracruz.com\\\/\"},{\"@type\":\"ListItem\",\"position\":2,\"name\":\"El caso de Roberto Ramos Alor\"}]},{\"@type\":\"WebSite\",\"@id\":\"https:\\\/\\\/lospoliticosveracruz.com\\\/#website\",\"url\":\"https:\\\/\\\/lospoliticosveracruz.com\\\/\",\"name\":\"Los pol\u00edticos Veracruz\",\"description\":\"\",\"publisher\":{\"@id\":\"https:\\\/\\\/lospoliticosveracruz.com\\\/#organization\"},\"potentialAction\":[{\"@type\":\"SearchAction\",\"target\":{\"@type\":\"EntryPoint\",\"urlTemplate\":\"https:\\\/\\\/lospoliticosveracruz.com\\\/?s={search_term_string}\"},\"query-input\":{\"@type\":\"PropertyValueSpecification\",\"valueRequired\":true,\"valueName\":\"search_term_string\"}}],\"inLanguage\":\"es\"},{\"@type\":\"Organization\",\"@id\":\"https:\\\/\\\/lospoliticosveracruz.com\\\/#organization\",\"name\":\"Los pol\u00edticos Veracruz\",\"url\":\"https:\\\/\\\/lospoliticosveracruz.com\\\/\",\"logo\":{\"@type\":\"ImageObject\",\"inLanguage\":\"es\",\"@id\":\"https:\\\/\\\/lospoliticosveracruz.com\\\/#\\\/schema\\\/logo\\\/image\\\/\",\"url\":\"https:\\\/\\\/lospoliticosveracruz.com\\\/wp-content\\\/uploads\\\/2025\\\/12\\\/Logo-Nuevo-LOS-POLITICOS-1.jpg\",\"contentUrl\":\"https:\\\/\\\/lospoliticosveracruz.com\\\/wp-content\\\/uploads\\\/2025\\\/12\\\/Logo-Nuevo-LOS-POLITICOS-1.jpg\",\"width\":260,\"height\":70,\"caption\":\"Los pol\u00edticos Veracruz\"},\"image\":{\"@id\":\"https:\\\/\\\/lospoliticosveracruz.com\\\/#\\\/schema\\\/logo\\\/image\\\/\"},\"sameAs\":[\"https:\\\/\\\/www.facebook.com\\\/people\\\/Notimemes-de-los-Polticos\\\/61565672886568\\\/\",\"https:\\\/\\\/x.com\\\/LosPoliticosVer\"]},{\"@type\":\"Person\",\"@id\":\"https:\\\/\\\/lospoliticosveracruz.com\\\/#\\\/schema\\\/person\\\/b8702bb0e538456e6efd07080bf2a4a2\",\"name\":\"Lo viste en Los Pol\u00edticos\",\"image\":{\"@type\":\"ImageObject\",\"inLanguage\":\"es\",\"@id\":\"https:\\\/\\\/secure.gravatar.com\\\/avatar\\\/3a8de04a2656d44082be478bd6c086daa447c4651605818287b9532d3d0bd435?s=96&d=mm&r=g\",\"url\":\"https:\\\/\\\/secure.gravatar.com\\\/avatar\\\/3a8de04a2656d44082be478bd6c086daa447c4651605818287b9532d3d0bd435?s=96&d=mm&r=g\",\"contentUrl\":\"https:\\\/\\\/secure.gravatar.com\\\/avatar\\\/3a8de04a2656d44082be478bd6c086daa447c4651605818287b9532d3d0bd435?s=96&d=mm&r=g\",\"caption\":\"Lo viste en Los Pol\u00edticos\"},\"url\":\"https:\\\/\\\/lospoliticosveracruz.com\\\/?author=2\"}]}<\/script>\n<!-- \/ Yoast SEO plugin. -->","yoast_head_json":{"title":"El caso de Roberto Ramos Alor - Los pol\u00edticos Veracruz","robots":{"index":"index","follow":"follow","max-snippet":"max-snippet:-1","max-image-preview":"max-image-preview:large","max-video-preview":"max-video-preview:-1"},"canonical":"https:\/\/lospoliticosveracruz.com\/?p=51241","og_locale":"es_ES","og_type":"article","og_title":"El caso de Roberto Ramos Alor - Los pol\u00edticos Veracruz","og_description":"Enrique Yasser Pompeyo Mesa de Redacci\u00f3n Una burla. As\u00ed se puede resumir la comparecencia del titular de la Secretar\u00eda de Salud de Veracruz, Roberto Ramos Alor. Fue m\u00e1s que decepcionante y el titular del Poder Ejecutivo del Estado debe considerar seriamente sustituirlo por el bien de los veracruzanos. Como se sabe, el funcionario fue recomendado [&hellip;]","og_url":"https:\/\/lospoliticosveracruz.com\/?p=51241","og_site_name":"Los pol\u00edticos Veracruz","article_publisher":"https:\/\/www.facebook.com\/people\/Notimemes-de-los-Polticos\/61565672886568\/","article_published_time":"2019-12-05T13:46:25+00:00","og_image":[{"width":600,"height":397,"url":"https:\/\/lospoliticosveracruz.com\/wp-content\/uploads\/2019\/12\/Sr-Barriga-B.jpg","type":"image\/jpeg"}],"author":"Lo viste en Los Pol\u00edticos","twitter_card":"summary_large_image","twitter_creator":"@LosPoliticosVer","twitter_site":"@LosPoliticosVer","twitter_misc":{"Escrito por":"Lo viste en Los Pol\u00edticos","Tiempo de lectura":"3 minutos"},"schema":{"@context":"https:\/\/schema.org","@graph":[{"@type":"Article","@id":"https:\/\/lospoliticosveracruz.com\/?p=51241#article","isPartOf":{"@id":"https:\/\/lospoliticosveracruz.com\/?p=51241"},"author":{"name":"Lo viste en Los Pol\u00edticos","@id":"https:\/\/lospoliticosveracruz.com\/#\/schema\/person\/b8702bb0e538456e6efd07080bf2a4a2"},"headline":"El caso de Roberto Ramos Alor","datePublished":"2019-12-05T13:46:25+00:00","mainEntityOfPage":{"@id":"https:\/\/lospoliticosveracruz.com\/?p=51241"},"wordCount":684,"commentCount":0,"publisher":{"@id":"https:\/\/lospoliticosveracruz.com\/#organization"},"image":{"@id":"https:\/\/lospoliticosveracruz.com\/?p=51241#primaryimage"},"thumbnailUrl":"https:\/\/lospoliticosveracruz.com\/wp-content\/uploads\/2019\/12\/Sr-Barriga-B.jpg","keywords":["Enrique Yasser Pompeyo","Roberto Ramos Alor","Roc\u00edo Nahle Garc\u00eda","Salud","Veracruz"],"articleSection":["De Opini\u00f3n"],"inLanguage":"es","potentialAction":[{"@type":"CommentAction","name":"Comment","target":["https:\/\/lospoliticosveracruz.com\/?p=51241#respond"]}]},{"@type":"WebPage","@id":"https:\/\/lospoliticosveracruz.com\/?p=51241","url":"https:\/\/lospoliticosveracruz.com\/?p=51241","name":"El caso de Roberto Ramos Alor - Los pol\u00edticos Veracruz","isPartOf":{"@id":"https:\/\/lospoliticosveracruz.com\/#website"},"primaryImageOfPage":{"@id":"https:\/\/lospoliticosveracruz.com\/?p=51241#primaryimage"},"image":{"@id":"https:\/\/lospoliticosveracruz.com\/?p=51241#primaryimage"},"thumbnailUrl":"https:\/\/lospoliticosveracruz.com\/wp-content\/uploads\/2019\/12\/Sr-Barriga-B.jpg","datePublished":"2019-12-05T13:46:25+00:00","breadcrumb":{"@id":"https:\/\/lospoliticosveracruz.com\/?p=51241#breadcrumb"},"inLanguage":"es","potentialAction":[{"@type":"ReadAction","target":["https:\/\/lospoliticosveracruz.com\/?p=51241"]}]},{"@type":"ImageObject","inLanguage":"es","@id":"https:\/\/lospoliticosveracruz.com\/?p=51241#primaryimage","url":"https:\/\/lospoliticosveracruz.com\/wp-content\/uploads\/2019\/12\/Sr-Barriga-B.jpg","contentUrl":"https:\/\/lospoliticosveracruz.com\/wp-content\/uploads\/2019\/12\/Sr-Barriga-B.jpg","width":600,"height":397},{"@type":"BreadcrumbList","@id":"https:\/\/lospoliticosveracruz.com\/?p=51241#breadcrumb","itemListElement":[{"@type":"ListItem","position":1,"name":"Portada","item":"https:\/\/lospoliticosveracruz.com\/"},{"@type":"ListItem","position":2,"name":"El caso de Roberto Ramos Alor"}]},{"@type":"WebSite","@id":"https:\/\/lospoliticosveracruz.com\/#website","url":"https:\/\/lospoliticosveracruz.com\/","name":"Los pol\u00edticos Veracruz","description":"","publisher":{"@id":"https:\/\/lospoliticosveracruz.com\/#organization"},"potentialAction":[{"@type":"SearchAction","target":{"@type":"EntryPoint","urlTemplate":"https:\/\/lospoliticosveracruz.com\/?s={search_term_string}"},"query-input":{"@type":"PropertyValueSpecification","valueRequired":true,"valueName":"search_term_string"}}],"inLanguage":"es"},{"@type":"Organization","@id":"https:\/\/lospoliticosveracruz.com\/#organization","name":"Los pol\u00edticos Veracruz","url":"https:\/\/lospoliticosveracruz.com\/","logo":{"@type":"ImageObject","inLanguage":"es","@id":"https:\/\/lospoliticosveracruz.com\/#\/schema\/logo\/image\/","url":"https:\/\/lospoliticosveracruz.com\/wp-content\/uploads\/2025\/12\/Logo-Nuevo-LOS-POLITICOS-1.jpg","contentUrl":"https:\/\/lospoliticosveracruz.com\/wp-content\/uploads\/2025\/12\/Logo-Nuevo-LOS-POLITICOS-1.jpg","width":260,"height":70,"caption":"Los pol\u00edticos Veracruz"},"image":{"@id":"https:\/\/lospoliticosveracruz.com\/#\/schema\/logo\/image\/"},"sameAs":["https:\/\/www.facebook.com\/people\/Notimemes-de-los-Polticos\/61565672886568\/","https:\/\/x.com\/LosPoliticosVer"]},{"@type":"Person","@id":"https:\/\/lospoliticosveracruz.com\/#\/schema\/person\/b8702bb0e538456e6efd07080bf2a4a2","name":"Lo viste en Los Pol\u00edticos","image":{"@type":"ImageObject","inLanguage":"es","@id":"https:\/\/secure.gravatar.com\/avatar\/3a8de04a2656d44082be478bd6c086daa447c4651605818287b9532d3d0bd435?s=96&d=mm&r=g","url":"https:\/\/secure.gravatar.com\/avatar\/3a8de04a2656d44082be478bd6c086daa447c4651605818287b9532d3d0bd435?s=96&d=mm&r=g","contentUrl":"https:\/\/secure.gravatar.com\/avatar\/3a8de04a2656d44082be478bd6c086daa447c4651605818287b9532d3d0bd435?s=96&d=mm&r=g","caption":"Lo viste en Los Pol\u00edticos"},"url":"https:\/\/lospoliticosveracruz.com\/?author=2"}]}},"_links":{"self":[{"href":"https:\/\/lospoliticosveracruz.com\/index.php?rest_route=\/wp\/v2\/posts\/51241","targetHints":{"allow":["GET"]}}],"collection":[{"href":"https:\/\/lospoliticosveracruz.com\/index.php?rest_route=\/wp\/v2\/posts"}],"about":[{"href":"https:\/\/lospoliticosveracruz.com\/index.php?rest_route=\/wp\/v2\/types\/post"}],"author":[{"embeddable":true,"href":"https:\/\/lospoliticosveracruz.com\/index.php?rest_route=\/wp\/v2\/users\/2"}],"replies":[{"embeddable":true,"href":"https:\/\/lospoliticosveracruz.com\/index.php?rest_route=%2Fwp%2Fv2%2Fcomments&post=51241"}],"version-history":[{"count":1,"href":"https:\/\/lospoliticosveracruz.com\/index.php?rest_route=\/wp\/v2\/posts\/51241\/revisions"}],"predecessor-version":[{"id":51243,"href":"https:\/\/lospoliticosveracruz.com\/index.php?rest_route=\/wp\/v2\/posts\/51241\/revisions\/51243"}],"wp:featuredmedia":[{"embeddable":true,"href":"https:\/\/lospoliticosveracruz.com\/index.php?rest_route=\/wp\/v2\/media\/51242"}],"wp:attachment":[{"href":"https:\/\/lospoliticosveracruz.com\/index.php?rest_route=%2Fwp%2Fv2%2Fmedia&parent=51241"}],"wp:term":[{"taxonomy":"category","embeddable":true,"href":"https:\/\/lospoliticosveracruz.com\/index.php?rest_route=%2Fwp%2Fv2%2Fcategories&post=51241"},{"taxonomy":"post_tag","embeddable":true,"href":"https:\/\/lospoliticosveracruz.com\/index.php?rest_route=%2Fwp%2Fv2%2Ftags&post=51241"}],"curies":[{"name":"wp","href":"https:\/\/api.w.org\/{rel}","templated":true}]}}