{"id":51244,"date":"2019-12-05T12:04:59","date_gmt":"2019-12-05T18:04:59","guid":{"rendered":"http:\/\/www.lospoliticosveracruz.com.mx\/?p=51244"},"modified":"2019-12-05T12:04:59","modified_gmt":"2019-12-05T18:04:59","slug":"sev-inversion-y-combate-a-la-corrupcion","status":"publish","type":"post","link":"https:\/\/lospoliticosveracruz.com\/?p=51244","title":{"rendered":"SEV, inversi\u00f3n y combate a la corrupci\u00f3n"},"content":{"rendered":"<p><strong>Luis Alberto Romero<\/strong><\/p>\n<p><em>Hora cero<\/em><\/p>\n<p>En el Congreso de Veracruz, una de las comparecencias m\u00e1s esperadas era la del titular de la Secretar\u00eda de Educaci\u00f3n, Zenyazen Escobar, quien acudi\u00f3 a la sede del legislativo este martes por la tarde.<\/p>\n<p>La comparecencia era esperada no s\u00f3lo por la importancia presupuestal de la SEV, sino por el tema de las irregularidades detectadas a la pasada administraci\u00f3n y, sobre todo, por la connotaci\u00f3n pol\u00edtica, dado que el secretario es uno de los funcionarios m\u00e1s cercanos al gobernador Cuitl\u00e1huac Garc\u00eda.<\/p>\n<p>No se trat\u00f3, pues, de uno m\u00e1s en la lista de secretarios y titulares de organismos aut\u00f3nomos que por ley deben acudir ante los diputados para explicar los detalles del funcionamiento de respectivas dependencias, sino del titular de una de las oficinas m\u00e1s importantes \u2013junto con Segob y SSP\u2013 en el organigrama y en el presupuesto.<\/p>\n<p>El ex diputado local veracruzano se refiri\u00f3 al enorme reto que encara la dependencia a su cargo; habl\u00f3 de la inversi\u00f3n, los recursos, la capacitaci\u00f3n de docentes y, en t\u00e9rminos generales, los pormenores del trabajo de todo el a\u00f1o.<\/p>\n<p>Para ilustrar la importancia de la Secretar\u00eda, Zenyazen Escobar se\u00f1al\u00f3 que la entidad es la que tiene m\u00e1s escuelas en el pa\u00eds, 24 mil 36.<\/p>\n<p>Se refiri\u00f3 tambi\u00e9n al programa \u201cEscuela Garantizada, Escritura Garante\u201d, gracia al cual se cre\u00f3 la plataforma del Sistema de Control Jur\u00eddico para la Regularizaci\u00f3n de Bienes Inmuebles; se integraron dos mil 105 expedientes para su tr\u00e1mite de regularizaci\u00f3n y se entregaron 172 t\u00edtulos de propiedad y 57 m\u00e1s se encuentran en proceso de escrituraci\u00f3n.<\/p>\n<p>Habl\u00f3 de la canalizaci\u00f3n de m\u00e1s de 11 mil becas a estudiantes veracruzanos del nivel medio superior; as\u00ed como casi 400 apoyos para madres j\u00f3venes que cursan su educaci\u00f3n b\u00e1sica. Adem\u00e1s, destac\u00f3 un punto medular en la pol\u00edtica de apoyo a los j\u00f3venes de la entidad: que m\u00e1s de 297 mil estudiantes nivel b\u00e1sico, 220 mil de medio-superior, y tres mil 500 del programa J\u00f3venes Escribiendo el Futuro reciben recursos.<\/p>\n<p>En general, el funcionario se refiri\u00f3 a cinco puntos medulares en la operaci\u00f3n de la dependencia: Escuelas, Estudiantes, Docentes, Cultura y Deporte y Reordenamiento de la Operaci\u00f3n Administrativa.<\/p>\n<p>Sin embargo, uno de los puntos que m\u00e1s llam\u00f3 la atenci\u00f3n, incluso por el morbo que genera, es el relacionado con las denuncias por las irregularidades detectadas a la pasada administraci\u00f3n. En ese sentido, destac\u00f3 Escobar Garc\u00eda los nuevos tiempos que corren en la SEV, donde se intenta trabajar de forma diferente con relaci\u00f3n a pasadas administraciones.<\/p>\n<p>Lo fundamental es que las irregularidades detectadas no se encubren, sino que se corrigen y denuncian ante las instancias de combate a la corrupci\u00f3n.<\/p>\n<p>Recordemos que la SEV es la dependencia de la estructura gubernamental veracruzana que m\u00e1s denuncias y se\u00f1alamientos por corrupci\u00f3n ha generado contra la pasada administraci\u00f3n; y en ese sentido, el papel de Zenyazen Escobar ha sido de mucha importancia. De hecho, la presencia del secretario en las oficinas de combate a la corrupci\u00f3n y al delito ha sido constante durante el a\u00f1o que est\u00e1 por concluir.<\/p>\n<p>Por otro lado, habr\u00eda que destacar que un ejemplo de la inmejorable relaci\u00f3n de esta administraci\u00f3n con los sindicatos del magisterio se observ\u00f3 durante la comparecencia de Zenyazen Escobar, que ha sido hasta hoy la m\u00e1s concurrida y la que m\u00e1s muestras de apoyo ha recibido en el Congreso de Veracruz. @luisromero85<\/p>\n","protected":false},"excerpt":{"rendered":"<p>Luis Alberto Romero Hora cero En el Congreso de Veracruz, una de las comparecencias m\u00e1s esperadas era la del titular de la Secretar\u00eda de Educaci\u00f3n, Zenyazen Escobar, quien acudi\u00f3 a la sede del legislativo este martes por la tarde. La comparecencia era esperada no s\u00f3lo por la importancia presupuestal de la SEV, sino por el [&hellip;]<\/p>\n","protected":false},"author":2,"featured_media":51245,"comment_status":"open","ping_status":"open","sticky":false,"template":"","format":"standard","meta":{"tdm_status":"","tdm_grid_status":"","footnotes":""},"categories":[70],"tags":[1681,15869,88,195],"class_list":{"0":"post-51244","1":"post","2":"type-post","3":"status-publish","4":"format-standard","5":"has-post-thumbnail","7":"category-de-opinion","8":"tag-cuitlahuac-garcia","9":"tag-jovenes-escribiendo-el-futuro","10":"tag-sev","11":"tag-veracruz"},"yoast_head":"<!-- This site is optimized with the Yoast SEO plugin v27.4 - https:\/\/yoast.com\/product\/yoast-seo-wordpress\/ -->\n<title>SEV, inversi\u00f3n y combate a la corrupci\u00f3n - Los pol\u00edticos Veracruz<\/title>\n<meta name=\"robots\" content=\"index, follow, max-snippet:-1, max-image-preview:large, max-video-preview:-1\" \/>\n<link rel=\"canonical\" href=\"https:\/\/lospoliticosveracruz.com\/?p=51244\" \/>\n<meta property=\"og:locale\" content=\"es_ES\" \/>\n<meta property=\"og:type\" content=\"article\" \/>\n<meta property=\"og:title\" content=\"SEV, inversi\u00f3n y combate a la corrupci\u00f3n - Los pol\u00edticos Veracruz\" \/>\n<meta property=\"og:description\" content=\"Luis Alberto Romero Hora cero En el Congreso de Veracruz, una de las comparecencias m\u00e1s esperadas era la del titular de la Secretar\u00eda de Educaci\u00f3n, Zenyazen Escobar, quien acudi\u00f3 a la sede del legislativo este martes por la tarde. La comparecencia era esperada no s\u00f3lo por la importancia presupuestal de la SEV, sino por el [&hellip;]\" \/>\n<meta property=\"og:url\" content=\"https:\/\/lospoliticosveracruz.com\/?p=51244\" \/>\n<meta property=\"og:site_name\" content=\"Los pol\u00edticos Veracruz\" \/>\n<meta property=\"article:publisher\" content=\"https:\/\/www.facebook.com\/people\/Notimemes-de-los-Polticos\/61565672886568\/\" \/>\n<meta property=\"article:published_time\" content=\"2019-12-05T18:04:59+00:00\" \/>\n<meta property=\"og:image\" content=\"https:\/\/lospoliticosveracruz.com\/wp-content\/uploads\/2019\/12\/Zenyazen.jpg\" \/>\n\t<meta property=\"og:image:width\" content=\"600\" \/>\n\t<meta property=\"og:image:height\" content=\"397\" \/>\n\t<meta property=\"og:image:type\" content=\"image\/jpeg\" \/>\n<meta name=\"author\" content=\"Lo viste en Los Pol\u00edticos\" \/>\n<meta name=\"twitter:card\" content=\"summary_large_image\" \/>\n<meta name=\"twitter:creator\" content=\"@LosPoliticosVer\" \/>\n<meta name=\"twitter:site\" content=\"@LosPoliticosVer\" \/>\n<meta name=\"twitter:label1\" content=\"Escrito por\" \/>\n\t<meta name=\"twitter:data1\" content=\"Lo viste en Los Pol\u00edticos\" \/>\n\t<meta name=\"twitter:label2\" content=\"Tiempo de lectura\" \/>\n\t<meta name=\"twitter:data2\" content=\"3 minutos\" \/>\n<script type=\"application\/ld+json\" class=\"yoast-schema-graph\">{\"@context\":\"https:\\\/\\\/schema.org\",\"@graph\":[{\"@type\":\"Article\",\"@id\":\"https:\\\/\\\/lospoliticosveracruz.com\\\/?p=51244#article\",\"isPartOf\":{\"@id\":\"https:\\\/\\\/lospoliticosveracruz.com\\\/?p=51244\"},\"author\":{\"name\":\"Lo viste en Los Pol\u00edticos\",\"@id\":\"https:\\\/\\\/lospoliticosveracruz.com\\\/#\\\/schema\\\/person\\\/b8702bb0e538456e6efd07080bf2a4a2\"},\"headline\":\"SEV, inversi\u00f3n y combate a la corrupci\u00f3n\",\"datePublished\":\"2019-12-05T18:04:59+00:00\",\"mainEntityOfPage\":{\"@id\":\"https:\\\/\\\/lospoliticosveracruz.com\\\/?p=51244\"},\"wordCount\":615,\"commentCount\":0,\"publisher\":{\"@id\":\"https:\\\/\\\/lospoliticosveracruz.com\\\/#organization\"},\"image\":{\"@id\":\"https:\\\/\\\/lospoliticosveracruz.com\\\/?p=51244#primaryimage\"},\"thumbnailUrl\":\"https:\\\/\\\/lospoliticosveracruz.com\\\/wp-content\\\/uploads\\\/2019\\\/12\\\/Zenyazen.jpg\",\"keywords\":[\"Cuitl\u00e1huac Garc\u00eda\",\"J\u00f3venes Escribiendo el Futuro\",\"SEV\",\"Veracruz\"],\"articleSection\":[\"De Opini\u00f3n\"],\"inLanguage\":\"es\",\"potentialAction\":[{\"@type\":\"CommentAction\",\"name\":\"Comment\",\"target\":[\"https:\\\/\\\/lospoliticosveracruz.com\\\/?p=51244#respond\"]}]},{\"@type\":\"WebPage\",\"@id\":\"https:\\\/\\\/lospoliticosveracruz.com\\\/?p=51244\",\"url\":\"https:\\\/\\\/lospoliticosveracruz.com\\\/?p=51244\",\"name\":\"SEV, inversi\u00f3n y combate a la corrupci\u00f3n - Los pol\u00edticos Veracruz\",\"isPartOf\":{\"@id\":\"https:\\\/\\\/lospoliticosveracruz.com\\\/#website\"},\"primaryImageOfPage\":{\"@id\":\"https:\\\/\\\/lospoliticosveracruz.com\\\/?p=51244#primaryimage\"},\"image\":{\"@id\":\"https:\\\/\\\/lospoliticosveracruz.com\\\/?p=51244#primaryimage\"},\"thumbnailUrl\":\"https:\\\/\\\/lospoliticosveracruz.com\\\/wp-content\\\/uploads\\\/2019\\\/12\\\/Zenyazen.jpg\",\"datePublished\":\"2019-12-05T18:04:59+00:00\",\"breadcrumb\":{\"@id\":\"https:\\\/\\\/lospoliticosveracruz.com\\\/?p=51244#breadcrumb\"},\"inLanguage\":\"es\",\"potentialAction\":[{\"@type\":\"ReadAction\",\"target\":[\"https:\\\/\\\/lospoliticosveracruz.com\\\/?p=51244\"]}]},{\"@type\":\"ImageObject\",\"inLanguage\":\"es\",\"@id\":\"https:\\\/\\\/lospoliticosveracruz.com\\\/?p=51244#primaryimage\",\"url\":\"https:\\\/\\\/lospoliticosveracruz.com\\\/wp-content\\\/uploads\\\/2019\\\/12\\\/Zenyazen.jpg\",\"contentUrl\":\"https:\\\/\\\/lospoliticosveracruz.com\\\/wp-content\\\/uploads\\\/2019\\\/12\\\/Zenyazen.jpg\",\"width\":600,\"height\":397},{\"@type\":\"BreadcrumbList\",\"@id\":\"https:\\\/\\\/lospoliticosveracruz.com\\\/?p=51244#breadcrumb\",\"itemListElement\":[{\"@type\":\"ListItem\",\"position\":1,\"name\":\"Portada\",\"item\":\"https:\\\/\\\/lospoliticosveracruz.com\\\/\"},{\"@type\":\"ListItem\",\"position\":2,\"name\":\"SEV, inversi\u00f3n y combate a la corrupci\u00f3n\"}]},{\"@type\":\"WebSite\",\"@id\":\"https:\\\/\\\/lospoliticosveracruz.com\\\/#website\",\"url\":\"https:\\\/\\\/lospoliticosveracruz.com\\\/\",\"name\":\"Los pol\u00edticos Veracruz\",\"description\":\"\",\"publisher\":{\"@id\":\"https:\\\/\\\/lospoliticosveracruz.com\\\/#organization\"},\"potentialAction\":[{\"@type\":\"SearchAction\",\"target\":{\"@type\":\"EntryPoint\",\"urlTemplate\":\"https:\\\/\\\/lospoliticosveracruz.com\\\/?s={search_term_string}\"},\"query-input\":{\"@type\":\"PropertyValueSpecification\",\"valueRequired\":true,\"valueName\":\"search_term_string\"}}],\"inLanguage\":\"es\"},{\"@type\":\"Organization\",\"@id\":\"https:\\\/\\\/lospoliticosveracruz.com\\\/#organization\",\"name\":\"Los pol\u00edticos Veracruz\",\"url\":\"https:\\\/\\\/lospoliticosveracruz.com\\\/\",\"logo\":{\"@type\":\"ImageObject\",\"inLanguage\":\"es\",\"@id\":\"https:\\\/\\\/lospoliticosveracruz.com\\\/#\\\/schema\\\/logo\\\/image\\\/\",\"url\":\"https:\\\/\\\/lospoliticosveracruz.com\\\/wp-content\\\/uploads\\\/2025\\\/12\\\/Logo-Nuevo-LOS-POLITICOS-1.jpg\",\"contentUrl\":\"https:\\\/\\\/lospoliticosveracruz.com\\\/wp-content\\\/uploads\\\/2025\\\/12\\\/Logo-Nuevo-LOS-POLITICOS-1.jpg\",\"width\":260,\"height\":70,\"caption\":\"Los pol\u00edticos Veracruz\"},\"image\":{\"@id\":\"https:\\\/\\\/lospoliticosveracruz.com\\\/#\\\/schema\\\/logo\\\/image\\\/\"},\"sameAs\":[\"https:\\\/\\\/www.facebook.com\\\/people\\\/Notimemes-de-los-Polticos\\\/61565672886568\\\/\",\"https:\\\/\\\/x.com\\\/LosPoliticosVer\"]},{\"@type\":\"Person\",\"@id\":\"https:\\\/\\\/lospoliticosveracruz.com\\\/#\\\/schema\\\/person\\\/b8702bb0e538456e6efd07080bf2a4a2\",\"name\":\"Lo viste en Los Pol\u00edticos\",\"image\":{\"@type\":\"ImageObject\",\"inLanguage\":\"es\",\"@id\":\"https:\\\/\\\/secure.gravatar.com\\\/avatar\\\/3a8de04a2656d44082be478bd6c086daa447c4651605818287b9532d3d0bd435?s=96&d=mm&r=g\",\"url\":\"https:\\\/\\\/secure.gravatar.com\\\/avatar\\\/3a8de04a2656d44082be478bd6c086daa447c4651605818287b9532d3d0bd435?s=96&d=mm&r=g\",\"contentUrl\":\"https:\\\/\\\/secure.gravatar.com\\\/avatar\\\/3a8de04a2656d44082be478bd6c086daa447c4651605818287b9532d3d0bd435?s=96&d=mm&r=g\",\"caption\":\"Lo viste en Los Pol\u00edticos\"},\"url\":\"https:\\\/\\\/lospoliticosveracruz.com\\\/?author=2\"}]}<\/script>\n<!-- \/ Yoast SEO plugin. -->","yoast_head_json":{"title":"SEV, inversi\u00f3n y combate a la corrupci\u00f3n - Los pol\u00edticos Veracruz","robots":{"index":"index","follow":"follow","max-snippet":"max-snippet:-1","max-image-preview":"max-image-preview:large","max-video-preview":"max-video-preview:-1"},"canonical":"https:\/\/lospoliticosveracruz.com\/?p=51244","og_locale":"es_ES","og_type":"article","og_title":"SEV, inversi\u00f3n y combate a la corrupci\u00f3n - Los pol\u00edticos Veracruz","og_description":"Luis Alberto Romero Hora cero En el Congreso de Veracruz, una de las comparecencias m\u00e1s esperadas era la del titular de la Secretar\u00eda de Educaci\u00f3n, Zenyazen Escobar, quien acudi\u00f3 a la sede del legislativo este martes por la tarde. La comparecencia era esperada no s\u00f3lo por la importancia presupuestal de la SEV, sino por el [&hellip;]","og_url":"https:\/\/lospoliticosveracruz.com\/?p=51244","og_site_name":"Los pol\u00edticos Veracruz","article_publisher":"https:\/\/www.facebook.com\/people\/Notimemes-de-los-Polticos\/61565672886568\/","article_published_time":"2019-12-05T18:04:59+00:00","og_image":[{"width":600,"height":397,"url":"https:\/\/lospoliticosveracruz.com\/wp-content\/uploads\/2019\/12\/Zenyazen.jpg","type":"image\/jpeg"}],"author":"Lo viste en Los Pol\u00edticos","twitter_card":"summary_large_image","twitter_creator":"@LosPoliticosVer","twitter_site":"@LosPoliticosVer","twitter_misc":{"Escrito por":"Lo viste en Los Pol\u00edticos","Tiempo de lectura":"3 minutos"},"schema":{"@context":"https:\/\/schema.org","@graph":[{"@type":"Article","@id":"https:\/\/lospoliticosveracruz.com\/?p=51244#article","isPartOf":{"@id":"https:\/\/lospoliticosveracruz.com\/?p=51244"},"author":{"name":"Lo viste en Los Pol\u00edticos","@id":"https:\/\/lospoliticosveracruz.com\/#\/schema\/person\/b8702bb0e538456e6efd07080bf2a4a2"},"headline":"SEV, inversi\u00f3n y combate a la corrupci\u00f3n","datePublished":"2019-12-05T18:04:59+00:00","mainEntityOfPage":{"@id":"https:\/\/lospoliticosveracruz.com\/?p=51244"},"wordCount":615,"commentCount":0,"publisher":{"@id":"https:\/\/lospoliticosveracruz.com\/#organization"},"image":{"@id":"https:\/\/lospoliticosveracruz.com\/?p=51244#primaryimage"},"thumbnailUrl":"https:\/\/lospoliticosveracruz.com\/wp-content\/uploads\/2019\/12\/Zenyazen.jpg","keywords":["Cuitl\u00e1huac Garc\u00eda","J\u00f3venes Escribiendo el Futuro","SEV","Veracruz"],"articleSection":["De Opini\u00f3n"],"inLanguage":"es","potentialAction":[{"@type":"CommentAction","name":"Comment","target":["https:\/\/lospoliticosveracruz.com\/?p=51244#respond"]}]},{"@type":"WebPage","@id":"https:\/\/lospoliticosveracruz.com\/?p=51244","url":"https:\/\/lospoliticosveracruz.com\/?p=51244","name":"SEV, inversi\u00f3n y combate a la corrupci\u00f3n - Los pol\u00edticos Veracruz","isPartOf":{"@id":"https:\/\/lospoliticosveracruz.com\/#website"},"primaryImageOfPage":{"@id":"https:\/\/lospoliticosveracruz.com\/?p=51244#primaryimage"},"image":{"@id":"https:\/\/lospoliticosveracruz.com\/?p=51244#primaryimage"},"thumbnailUrl":"https:\/\/lospoliticosveracruz.com\/wp-content\/uploads\/2019\/12\/Zenyazen.jpg","datePublished":"2019-12-05T18:04:59+00:00","breadcrumb":{"@id":"https:\/\/lospoliticosveracruz.com\/?p=51244#breadcrumb"},"inLanguage":"es","potentialAction":[{"@type":"ReadAction","target":["https:\/\/lospoliticosveracruz.com\/?p=51244"]}]},{"@type":"ImageObject","inLanguage":"es","@id":"https:\/\/lospoliticosveracruz.com\/?p=51244#primaryimage","url":"https:\/\/lospoliticosveracruz.com\/wp-content\/uploads\/2019\/12\/Zenyazen.jpg","contentUrl":"https:\/\/lospoliticosveracruz.com\/wp-content\/uploads\/2019\/12\/Zenyazen.jpg","width":600,"height":397},{"@type":"BreadcrumbList","@id":"https:\/\/lospoliticosveracruz.com\/?p=51244#breadcrumb","itemListElement":[{"@type":"ListItem","position":1,"name":"Portada","item":"https:\/\/lospoliticosveracruz.com\/"},{"@type":"ListItem","position":2,"name":"SEV, inversi\u00f3n y combate a la corrupci\u00f3n"}]},{"@type":"WebSite","@id":"https:\/\/lospoliticosveracruz.com\/#website","url":"https:\/\/lospoliticosveracruz.com\/","name":"Los pol\u00edticos Veracruz","description":"","publisher":{"@id":"https:\/\/lospoliticosveracruz.com\/#organization"},"potentialAction":[{"@type":"SearchAction","target":{"@type":"EntryPoint","urlTemplate":"https:\/\/lospoliticosveracruz.com\/?s={search_term_string}"},"query-input":{"@type":"PropertyValueSpecification","valueRequired":true,"valueName":"search_term_string"}}],"inLanguage":"es"},{"@type":"Organization","@id":"https:\/\/lospoliticosveracruz.com\/#organization","name":"Los pol\u00edticos Veracruz","url":"https:\/\/lospoliticosveracruz.com\/","logo":{"@type":"ImageObject","inLanguage":"es","@id":"https:\/\/lospoliticosveracruz.com\/#\/schema\/logo\/image\/","url":"https:\/\/lospoliticosveracruz.com\/wp-content\/uploads\/2025\/12\/Logo-Nuevo-LOS-POLITICOS-1.jpg","contentUrl":"https:\/\/lospoliticosveracruz.com\/wp-content\/uploads\/2025\/12\/Logo-Nuevo-LOS-POLITICOS-1.jpg","width":260,"height":70,"caption":"Los pol\u00edticos Veracruz"},"image":{"@id":"https:\/\/lospoliticosveracruz.com\/#\/schema\/logo\/image\/"},"sameAs":["https:\/\/www.facebook.com\/people\/Notimemes-de-los-Polticos\/61565672886568\/","https:\/\/x.com\/LosPoliticosVer"]},{"@type":"Person","@id":"https:\/\/lospoliticosveracruz.com\/#\/schema\/person\/b8702bb0e538456e6efd07080bf2a4a2","name":"Lo viste en Los Pol\u00edticos","image":{"@type":"ImageObject","inLanguage":"es","@id":"https:\/\/secure.gravatar.com\/avatar\/3a8de04a2656d44082be478bd6c086daa447c4651605818287b9532d3d0bd435?s=96&d=mm&r=g","url":"https:\/\/secure.gravatar.com\/avatar\/3a8de04a2656d44082be478bd6c086daa447c4651605818287b9532d3d0bd435?s=96&d=mm&r=g","contentUrl":"https:\/\/secure.gravatar.com\/avatar\/3a8de04a2656d44082be478bd6c086daa447c4651605818287b9532d3d0bd435?s=96&d=mm&r=g","caption":"Lo viste en Los Pol\u00edticos"},"url":"https:\/\/lospoliticosveracruz.com\/?author=2"}]}},"_links":{"self":[{"href":"https:\/\/lospoliticosveracruz.com\/index.php?rest_route=\/wp\/v2\/posts\/51244","targetHints":{"allow":["GET"]}}],"collection":[{"href":"https:\/\/lospoliticosveracruz.com\/index.php?rest_route=\/wp\/v2\/posts"}],"about":[{"href":"https:\/\/lospoliticosveracruz.com\/index.php?rest_route=\/wp\/v2\/types\/post"}],"author":[{"embeddable":true,"href":"https:\/\/lospoliticosveracruz.com\/index.php?rest_route=\/wp\/v2\/users\/2"}],"replies":[{"embeddable":true,"href":"https:\/\/lospoliticosveracruz.com\/index.php?rest_route=%2Fwp%2Fv2%2Fcomments&post=51244"}],"version-history":[{"count":1,"href":"https:\/\/lospoliticosveracruz.com\/index.php?rest_route=\/wp\/v2\/posts\/51244\/revisions"}],"predecessor-version":[{"id":51246,"href":"https:\/\/lospoliticosveracruz.com\/index.php?rest_route=\/wp\/v2\/posts\/51244\/revisions\/51246"}],"wp:featuredmedia":[{"embeddable":true,"href":"https:\/\/lospoliticosveracruz.com\/index.php?rest_route=\/wp\/v2\/media\/51245"}],"wp:attachment":[{"href":"https:\/\/lospoliticosveracruz.com\/index.php?rest_route=%2Fwp%2Fv2%2Fmedia&parent=51244"}],"wp:term":[{"taxonomy":"category","embeddable":true,"href":"https:\/\/lospoliticosveracruz.com\/index.php?rest_route=%2Fwp%2Fv2%2Fcategories&post=51244"},{"taxonomy":"post_tag","embeddable":true,"href":"https:\/\/lospoliticosveracruz.com\/index.php?rest_route=%2Fwp%2Fv2%2Ftags&post=51244"}],"curies":[{"name":"wp","href":"https:\/\/api.w.org\/{rel}","templated":true}]}}