{"id":51247,"date":"2019-12-05T13:57:48","date_gmt":"2019-12-05T19:57:48","guid":{"rendered":"http:\/\/www.lospoliticosveracruz.com.mx\/?p=51247"},"modified":"2019-12-05T13:57:48","modified_gmt":"2019-12-05T19:57:48","slug":"dar-la-voz-y-escuchar-a-la-militancia-el-dialogo-priista","status":"publish","type":"post","link":"https:\/\/lospoliticosveracruz.com\/?p=51247","title":{"rendered":"Dar la voz y escuchar a la militancia, el di\u00e1logo pri\u00edsta"},"content":{"rendered":"<p>&nbsp;<\/p>\n<p>Dar la voz y escuchar a la militancia de distintas zonas geogr\u00e1ficas de la entidad, es el objetivo de los foros denominados \u00abDi\u00e1logo Pri\u00edsta: fomentando la participaci\u00f3n pol\u00edtica\u00bb, organizados por el Instituto Reyes Heroles en coordinaci\u00f3n con la Red de J\u00f3venes Por M\u00e9xico, la Secretar\u00eda de Mujeres J\u00f3venes y la Expresi\u00f3n Juvenil Revolucionaria en Veracruz.<\/p>\n<p>Enrique Mendoza Ruiz, presidente del Instituto Reyes Heroles, indic\u00f3 que estos di\u00e1logos forman parte del programa anual de trabajo. \u00abLas regiones en donde se desarrollan tienen puntos sedes que dispuso el presidente del PRI estatal, Marlon Ram\u00edrez Mar\u00edn, para poder generar el acercamiento a los municipios en los que no ha realizado alguna visita o que tiene el compromiso de volver, porque le preocupa la agenda de todo el estado\u00bb, detall\u00f3.<\/p>\n<p>Explic\u00f3 que la intenci\u00f3n de esta actividad es generar catarsis de los grupos pol\u00edticos en los municipios para que expresen ideas, llev\u00e1ndoles un ponente que les lea una referencia hist\u00f3rica del partido, un contexto actual y una propuesta de qu\u00e9 es lo que se puede hacer para reverdecer y reflorecer la actividad pol\u00edtica dentro del PRI.<\/p>\n<p>\u00abLa intenci\u00f3n fundamental es poder generar ideas, recabar impresiones y tener un registro de las opiniones de los militantes de distintas zonas del estado\u00bb, dijo.<\/p>\n<p>Con estos foros se est\u00e1 recorriendo desde la Huasteca alta hasta la regi\u00f3n Olmeca. Las pr\u00f3ximas fechas son: el viernes 6 de diciembre en Zongolica; domingo 8 de diciembre La Antigua; s\u00e1bado 14 de diciembre Tlacotalpan y San Andr\u00e9s Tuxtla; domingo 15 de diciembre, Ixhuatl\u00e1n del Sureste; martes 17 de diciembre Huayacocotla; y mi\u00e9rcoles 18 de diciembre Chicontepec.<\/p>\n","protected":false},"excerpt":{"rendered":"<p>&nbsp; Dar la voz y escuchar a la militancia de distintas zonas geogr\u00e1ficas de la entidad, es el objetivo de los foros denominados \u00abDi\u00e1logo Pri\u00edsta: fomentando la participaci\u00f3n pol\u00edtica\u00bb, organizados por el Instituto Reyes Heroles en coordinaci\u00f3n con la Red de J\u00f3venes Por M\u00e9xico, la Secretar\u00eda de Mujeres J\u00f3venes y la Expresi\u00f3n Juvenil Revolucionaria en [&hellip;]<\/p>\n","protected":false},"author":2,"featured_media":0,"comment_status":"open","ping_status":"open","sticky":false,"template":"","format":"standard","meta":{"tdm_status":"","tdm_grid_status":"","footnotes":""},"categories":[73],"tags":[15870,9014,15873,15871,2908,251,1627,15872,195],"class_list":{"0":"post-51247","1":"post","2":"type-post","3":"status-publish","4":"format-standard","6":"category-de-boleto","7":"tag-dialogo-priista","8":"tag-enrique-mendoza-ruiz","9":"tag-expresion-juvenil-revolucionaria","10":"tag-instituto-reyes-heroles","11":"tag-marlon-ramirez-marin","12":"tag-pri","13":"tag-red-de-jovenes-por-mexico","14":"tag-secretaria-de-mujeres-jovenes","15":"tag-veracruz"},"yoast_head":"<!-- This site is optimized with the Yoast SEO plugin v27.4 - https:\/\/yoast.com\/product\/yoast-seo-wordpress\/ -->\n<title>Dar la voz y escuchar a la militancia, el di\u00e1logo pri\u00edsta - Los pol\u00edticos Veracruz<\/title>\n<meta name=\"robots\" content=\"index, follow, max-snippet:-1, max-image-preview:large, max-video-preview:-1\" \/>\n<link rel=\"canonical\" href=\"https:\/\/lospoliticosveracruz.com\/?p=51247\" \/>\n<meta property=\"og:locale\" content=\"es_ES\" \/>\n<meta property=\"og:type\" content=\"article\" \/>\n<meta property=\"og:title\" content=\"Dar la voz y escuchar a la militancia, el di\u00e1logo pri\u00edsta - Los pol\u00edticos Veracruz\" \/>\n<meta property=\"og:description\" content=\"&nbsp; Dar la voz y escuchar a la militancia de distintas zonas geogr\u00e1ficas de la entidad, es el objetivo de los foros denominados \u00abDi\u00e1logo Pri\u00edsta: fomentando la participaci\u00f3n pol\u00edtica\u00bb, organizados por el Instituto Reyes Heroles en coordinaci\u00f3n con la Red de J\u00f3venes Por M\u00e9xico, la Secretar\u00eda de Mujeres J\u00f3venes y la Expresi\u00f3n Juvenil Revolucionaria en [&hellip;]\" \/>\n<meta property=\"og:url\" content=\"https:\/\/lospoliticosveracruz.com\/?p=51247\" \/>\n<meta property=\"og:site_name\" content=\"Los pol\u00edticos Veracruz\" \/>\n<meta property=\"article:publisher\" content=\"https:\/\/www.facebook.com\/people\/Notimemes-de-los-Polticos\/61565672886568\/\" \/>\n<meta property=\"article:published_time\" content=\"2019-12-05T19:57:48+00:00\" \/>\n<meta property=\"og:image\" content=\"https:\/\/lospoliticosveracruz.com\/wp-content\/uploads\/2016\/07\/Logo-Dor.jpg\" \/>\n\t<meta property=\"og:image:width\" content=\"200\" \/>\n\t<meta property=\"og:image:height\" content=\"200\" \/>\n\t<meta property=\"og:image:type\" content=\"image\/jpeg\" \/>\n<meta name=\"author\" content=\"Lo viste en Los Pol\u00edticos\" \/>\n<meta name=\"twitter:card\" content=\"summary_large_image\" \/>\n<meta name=\"twitter:creator\" content=\"@LosPoliticosVer\" \/>\n<meta name=\"twitter:site\" content=\"@LosPoliticosVer\" \/>\n<meta name=\"twitter:label1\" content=\"Escrito por\" \/>\n\t<meta name=\"twitter:data1\" content=\"Lo viste en Los Pol\u00edticos\" \/>\n\t<meta name=\"twitter:label2\" content=\"Tiempo de lectura\" \/>\n\t<meta name=\"twitter:data2\" content=\"1 minuto\" \/>\n<script type=\"application\/ld+json\" class=\"yoast-schema-graph\">{\"@context\":\"https:\\\/\\\/schema.org\",\"@graph\":[{\"@type\":\"Article\",\"@id\":\"https:\\\/\\\/lospoliticosveracruz.com\\\/?p=51247#article\",\"isPartOf\":{\"@id\":\"https:\\\/\\\/lospoliticosveracruz.com\\\/?p=51247\"},\"author\":{\"name\":\"Lo viste en Los Pol\u00edticos\",\"@id\":\"https:\\\/\\\/lospoliticosveracruz.com\\\/#\\\/schema\\\/person\\\/b8702bb0e538456e6efd07080bf2a4a2\"},\"headline\":\"Dar la voz y escuchar a la militancia, el di\u00e1logo pri\u00edsta\",\"datePublished\":\"2019-12-05T19:57:48+00:00\",\"mainEntityOfPage\":{\"@id\":\"https:\\\/\\\/lospoliticosveracruz.com\\\/?p=51247\"},\"wordCount\":299,\"commentCount\":0,\"publisher\":{\"@id\":\"https:\\\/\\\/lospoliticosveracruz.com\\\/#organization\"},\"keywords\":[\"Di\u00e1logo Pri\u00edsta\",\"Enrique Mendoza Ruiz\",\"Expresi\u00f3n Juvenil Revolucionaria\",\"Instituto Reyes Heroles\",\"Marlon Ram\u00edrez Mar\u00edn\",\"PRI\",\"Red de J\u00f3venes por M\u00e9xico\",\"Secretar\u00eda de Mujeres J\u00f3venes\",\"Veracruz\"],\"articleSection\":[\"De Boleto\"],\"inLanguage\":\"es\",\"potentialAction\":[{\"@type\":\"CommentAction\",\"name\":\"Comment\",\"target\":[\"https:\\\/\\\/lospoliticosveracruz.com\\\/?p=51247#respond\"]}]},{\"@type\":\"WebPage\",\"@id\":\"https:\\\/\\\/lospoliticosveracruz.com\\\/?p=51247\",\"url\":\"https:\\\/\\\/lospoliticosveracruz.com\\\/?p=51247\",\"name\":\"Dar la voz y escuchar a la militancia, el di\u00e1logo pri\u00edsta - Los pol\u00edticos Veracruz\",\"isPartOf\":{\"@id\":\"https:\\\/\\\/lospoliticosveracruz.com\\\/#website\"},\"datePublished\":\"2019-12-05T19:57:48+00:00\",\"breadcrumb\":{\"@id\":\"https:\\\/\\\/lospoliticosveracruz.com\\\/?p=51247#breadcrumb\"},\"inLanguage\":\"es\",\"potentialAction\":[{\"@type\":\"ReadAction\",\"target\":[\"https:\\\/\\\/lospoliticosveracruz.com\\\/?p=51247\"]}]},{\"@type\":\"BreadcrumbList\",\"@id\":\"https:\\\/\\\/lospoliticosveracruz.com\\\/?p=51247#breadcrumb\",\"itemListElement\":[{\"@type\":\"ListItem\",\"position\":1,\"name\":\"Portada\",\"item\":\"https:\\\/\\\/lospoliticosveracruz.com\\\/\"},{\"@type\":\"ListItem\",\"position\":2,\"name\":\"Dar la voz y escuchar a la militancia, el di\u00e1logo pri\u00edsta\"}]},{\"@type\":\"WebSite\",\"@id\":\"https:\\\/\\\/lospoliticosveracruz.com\\\/#website\",\"url\":\"https:\\\/\\\/lospoliticosveracruz.com\\\/\",\"name\":\"Los pol\u00edticos Veracruz\",\"description\":\"\",\"publisher\":{\"@id\":\"https:\\\/\\\/lospoliticosveracruz.com\\\/#organization\"},\"potentialAction\":[{\"@type\":\"SearchAction\",\"target\":{\"@type\":\"EntryPoint\",\"urlTemplate\":\"https:\\\/\\\/lospoliticosveracruz.com\\\/?s={search_term_string}\"},\"query-input\":{\"@type\":\"PropertyValueSpecification\",\"valueRequired\":true,\"valueName\":\"search_term_string\"}}],\"inLanguage\":\"es\"},{\"@type\":\"Organization\",\"@id\":\"https:\\\/\\\/lospoliticosveracruz.com\\\/#organization\",\"name\":\"Los pol\u00edticos Veracruz\",\"url\":\"https:\\\/\\\/lospoliticosveracruz.com\\\/\",\"logo\":{\"@type\":\"ImageObject\",\"inLanguage\":\"es\",\"@id\":\"https:\\\/\\\/lospoliticosveracruz.com\\\/#\\\/schema\\\/logo\\\/image\\\/\",\"url\":\"https:\\\/\\\/lospoliticosveracruz.com\\\/wp-content\\\/uploads\\\/2025\\\/12\\\/Logo-Nuevo-LOS-POLITICOS-1.jpg\",\"contentUrl\":\"https:\\\/\\\/lospoliticosveracruz.com\\\/wp-content\\\/uploads\\\/2025\\\/12\\\/Logo-Nuevo-LOS-POLITICOS-1.jpg\",\"width\":260,\"height\":70,\"caption\":\"Los pol\u00edticos Veracruz\"},\"image\":{\"@id\":\"https:\\\/\\\/lospoliticosveracruz.com\\\/#\\\/schema\\\/logo\\\/image\\\/\"},\"sameAs\":[\"https:\\\/\\\/www.facebook.com\\\/people\\\/Notimemes-de-los-Polticos\\\/61565672886568\\\/\",\"https:\\\/\\\/x.com\\\/LosPoliticosVer\"]},{\"@type\":\"Person\",\"@id\":\"https:\\\/\\\/lospoliticosveracruz.com\\\/#\\\/schema\\\/person\\\/b8702bb0e538456e6efd07080bf2a4a2\",\"name\":\"Lo viste en Los Pol\u00edticos\",\"image\":{\"@type\":\"ImageObject\",\"inLanguage\":\"es\",\"@id\":\"https:\\\/\\\/secure.gravatar.com\\\/avatar\\\/3a8de04a2656d44082be478bd6c086daa447c4651605818287b9532d3d0bd435?s=96&d=mm&r=g\",\"url\":\"https:\\\/\\\/secure.gravatar.com\\\/avatar\\\/3a8de04a2656d44082be478bd6c086daa447c4651605818287b9532d3d0bd435?s=96&d=mm&r=g\",\"contentUrl\":\"https:\\\/\\\/secure.gravatar.com\\\/avatar\\\/3a8de04a2656d44082be478bd6c086daa447c4651605818287b9532d3d0bd435?s=96&d=mm&r=g\",\"caption\":\"Lo viste en Los Pol\u00edticos\"},\"url\":\"https:\\\/\\\/lospoliticosveracruz.com\\\/?author=2\"}]}<\/script>\n<!-- \/ Yoast SEO plugin. -->","yoast_head_json":{"title":"Dar la voz y escuchar a la militancia, el di\u00e1logo pri\u00edsta - Los pol\u00edticos Veracruz","robots":{"index":"index","follow":"follow","max-snippet":"max-snippet:-1","max-image-preview":"max-image-preview:large","max-video-preview":"max-video-preview:-1"},"canonical":"https:\/\/lospoliticosveracruz.com\/?p=51247","og_locale":"es_ES","og_type":"article","og_title":"Dar la voz y escuchar a la militancia, el di\u00e1logo pri\u00edsta - Los pol\u00edticos Veracruz","og_description":"&nbsp; Dar la voz y escuchar a la militancia de distintas zonas geogr\u00e1ficas de la entidad, es el objetivo de los foros denominados \u00abDi\u00e1logo Pri\u00edsta: fomentando la participaci\u00f3n pol\u00edtica\u00bb, organizados por el Instituto Reyes Heroles en coordinaci\u00f3n con la Red de J\u00f3venes Por M\u00e9xico, la Secretar\u00eda de Mujeres J\u00f3venes y la Expresi\u00f3n Juvenil Revolucionaria en [&hellip;]","og_url":"https:\/\/lospoliticosveracruz.com\/?p=51247","og_site_name":"Los pol\u00edticos Veracruz","article_publisher":"https:\/\/www.facebook.com\/people\/Notimemes-de-los-Polticos\/61565672886568\/","article_published_time":"2019-12-05T19:57:48+00:00","og_image":[{"width":200,"height":200,"url":"https:\/\/lospoliticosveracruz.com\/wp-content\/uploads\/2016\/07\/Logo-Dor.jpg","type":"image\/jpeg"}],"author":"Lo viste en Los Pol\u00edticos","twitter_card":"summary_large_image","twitter_creator":"@LosPoliticosVer","twitter_site":"@LosPoliticosVer","twitter_misc":{"Escrito por":"Lo viste en Los Pol\u00edticos","Tiempo de lectura":"1 minuto"},"schema":{"@context":"https:\/\/schema.org","@graph":[{"@type":"Article","@id":"https:\/\/lospoliticosveracruz.com\/?p=51247#article","isPartOf":{"@id":"https:\/\/lospoliticosveracruz.com\/?p=51247"},"author":{"name":"Lo viste en Los Pol\u00edticos","@id":"https:\/\/lospoliticosveracruz.com\/#\/schema\/person\/b8702bb0e538456e6efd07080bf2a4a2"},"headline":"Dar la voz y escuchar a la militancia, el di\u00e1logo pri\u00edsta","datePublished":"2019-12-05T19:57:48+00:00","mainEntityOfPage":{"@id":"https:\/\/lospoliticosveracruz.com\/?p=51247"},"wordCount":299,"commentCount":0,"publisher":{"@id":"https:\/\/lospoliticosveracruz.com\/#organization"},"keywords":["Di\u00e1logo Pri\u00edsta","Enrique Mendoza Ruiz","Expresi\u00f3n Juvenil Revolucionaria","Instituto Reyes Heroles","Marlon Ram\u00edrez Mar\u00edn","PRI","Red de J\u00f3venes por M\u00e9xico","Secretar\u00eda de Mujeres J\u00f3venes","Veracruz"],"articleSection":["De Boleto"],"inLanguage":"es","potentialAction":[{"@type":"CommentAction","name":"Comment","target":["https:\/\/lospoliticosveracruz.com\/?p=51247#respond"]}]},{"@type":"WebPage","@id":"https:\/\/lospoliticosveracruz.com\/?p=51247","url":"https:\/\/lospoliticosveracruz.com\/?p=51247","name":"Dar la voz y escuchar a la militancia, el di\u00e1logo pri\u00edsta - Los pol\u00edticos Veracruz","isPartOf":{"@id":"https:\/\/lospoliticosveracruz.com\/#website"},"datePublished":"2019-12-05T19:57:48+00:00","breadcrumb":{"@id":"https:\/\/lospoliticosveracruz.com\/?p=51247#breadcrumb"},"inLanguage":"es","potentialAction":[{"@type":"ReadAction","target":["https:\/\/lospoliticosveracruz.com\/?p=51247"]}]},{"@type":"BreadcrumbList","@id":"https:\/\/lospoliticosveracruz.com\/?p=51247#breadcrumb","itemListElement":[{"@type":"ListItem","position":1,"name":"Portada","item":"https:\/\/lospoliticosveracruz.com\/"},{"@type":"ListItem","position":2,"name":"Dar la voz y escuchar a la militancia, el di\u00e1logo pri\u00edsta"}]},{"@type":"WebSite","@id":"https:\/\/lospoliticosveracruz.com\/#website","url":"https:\/\/lospoliticosveracruz.com\/","name":"Los pol\u00edticos Veracruz","description":"","publisher":{"@id":"https:\/\/lospoliticosveracruz.com\/#organization"},"potentialAction":[{"@type":"SearchAction","target":{"@type":"EntryPoint","urlTemplate":"https:\/\/lospoliticosveracruz.com\/?s={search_term_string}"},"query-input":{"@type":"PropertyValueSpecification","valueRequired":true,"valueName":"search_term_string"}}],"inLanguage":"es"},{"@type":"Organization","@id":"https:\/\/lospoliticosveracruz.com\/#organization","name":"Los pol\u00edticos Veracruz","url":"https:\/\/lospoliticosveracruz.com\/","logo":{"@type":"ImageObject","inLanguage":"es","@id":"https:\/\/lospoliticosveracruz.com\/#\/schema\/logo\/image\/","url":"https:\/\/lospoliticosveracruz.com\/wp-content\/uploads\/2025\/12\/Logo-Nuevo-LOS-POLITICOS-1.jpg","contentUrl":"https:\/\/lospoliticosveracruz.com\/wp-content\/uploads\/2025\/12\/Logo-Nuevo-LOS-POLITICOS-1.jpg","width":260,"height":70,"caption":"Los pol\u00edticos Veracruz"},"image":{"@id":"https:\/\/lospoliticosveracruz.com\/#\/schema\/logo\/image\/"},"sameAs":["https:\/\/www.facebook.com\/people\/Notimemes-de-los-Polticos\/61565672886568\/","https:\/\/x.com\/LosPoliticosVer"]},{"@type":"Person","@id":"https:\/\/lospoliticosveracruz.com\/#\/schema\/person\/b8702bb0e538456e6efd07080bf2a4a2","name":"Lo viste en Los Pol\u00edticos","image":{"@type":"ImageObject","inLanguage":"es","@id":"https:\/\/secure.gravatar.com\/avatar\/3a8de04a2656d44082be478bd6c086daa447c4651605818287b9532d3d0bd435?s=96&d=mm&r=g","url":"https:\/\/secure.gravatar.com\/avatar\/3a8de04a2656d44082be478bd6c086daa447c4651605818287b9532d3d0bd435?s=96&d=mm&r=g","contentUrl":"https:\/\/secure.gravatar.com\/avatar\/3a8de04a2656d44082be478bd6c086daa447c4651605818287b9532d3d0bd435?s=96&d=mm&r=g","caption":"Lo viste en Los Pol\u00edticos"},"url":"https:\/\/lospoliticosveracruz.com\/?author=2"}]}},"_links":{"self":[{"href":"https:\/\/lospoliticosveracruz.com\/index.php?rest_route=\/wp\/v2\/posts\/51247","targetHints":{"allow":["GET"]}}],"collection":[{"href":"https:\/\/lospoliticosveracruz.com\/index.php?rest_route=\/wp\/v2\/posts"}],"about":[{"href":"https:\/\/lospoliticosveracruz.com\/index.php?rest_route=\/wp\/v2\/types\/post"}],"author":[{"embeddable":true,"href":"https:\/\/lospoliticosveracruz.com\/index.php?rest_route=\/wp\/v2\/users\/2"}],"replies":[{"embeddable":true,"href":"https:\/\/lospoliticosveracruz.com\/index.php?rest_route=%2Fwp%2Fv2%2Fcomments&post=51247"}],"version-history":[{"count":1,"href":"https:\/\/lospoliticosveracruz.com\/index.php?rest_route=\/wp\/v2\/posts\/51247\/revisions"}],"predecessor-version":[{"id":51249,"href":"https:\/\/lospoliticosveracruz.com\/index.php?rest_route=\/wp\/v2\/posts\/51247\/revisions\/51249"}],"wp:attachment":[{"href":"https:\/\/lospoliticosveracruz.com\/index.php?rest_route=%2Fwp%2Fv2%2Fmedia&parent=51247"}],"wp:term":[{"taxonomy":"category","embeddable":true,"href":"https:\/\/lospoliticosveracruz.com\/index.php?rest_route=%2Fwp%2Fv2%2Fcategories&post=51247"},{"taxonomy":"post_tag","embeddable":true,"href":"https:\/\/lospoliticosveracruz.com\/index.php?rest_route=%2Fwp%2Fv2%2Ftags&post=51247"}],"curies":[{"name":"wp","href":"https:\/\/api.w.org\/{rel}","templated":true}]}}