{"id":51263,"date":"2019-12-06T08:04:59","date_gmt":"2019-12-06T14:04:59","guid":{"rendered":"http:\/\/www.lospoliticosveracruz.com.mx\/?p=51263"},"modified":"2019-12-06T08:04:59","modified_gmt":"2019-12-06T14:04:59","slug":"un-gobernador-que-defrauda-y-huye","status":"publish","type":"post","link":"https:\/\/lospoliticosveracruz.com\/?p=51263","title":{"rendered":"Un gobernador que defrauda y huye"},"content":{"rendered":"<p><strong>Felipe de Jes\u00fas Fern\u00e1ndez Basilio<\/strong><\/p>\n<p><em>Desde a Janela<\/em><\/p>\n<p>En todo el mundo hay gobernantes malos, en algunos lugares los hay m\u00e1s malos a\u00fan, pero en pocos lados hay gobernantes tan malos y c\u00ednicos como en Veracruz, estado que verdaderamente ha tenido una p\u00e9sima racha de gobernantes nefastos y como ejemplo tenemos la seguidilla de gobernantes compuesta por Herrera, Duarte y ahora Garc\u00eda, a Yunes no lo incluyo en esa lista porque su trabajo fue regular dando un poco de orden y de igual manera trat\u00f3 de recuperar el bot\u00edn que sus antecesores se rob\u00f3, aunque su gobierno desluci\u00f3 mucho debido a la ambici\u00f3n personal y familiar por el poder y porque se rode\u00f3 de puros personajes grises y serviles que no pudieran quitar brillo a sus v\u00e1stagos m\u00e1s justo es decir tambi\u00e9n que en su gobierno no se observ\u00f3 una intenci\u00f3n clara de da\u00f1ar al estado como s\u00ed sucedi\u00f3 y sucede con los enumerados previamente.<\/p>\n<p>Al dispendio financiero, a la criminalidad importada por Herrera y al saque\u00f3 desmedido de Duarte agregamos ahora el encubrimiento y la corrupci\u00f3n descarada de Garc\u00eda, a los que sumamos la hipocres\u00eda y la mentira como forma habitual de conducirse en el actual gobierno veracruzano.<\/p>\n<p>Porque ya nos qued\u00f3 bien claro que no se va ni a seguir recuperando el dinero robado tan descaradamente al estado ni mucho menos se va a perseguir a quienes perpetraron ese atraco en contra de las arcas veracruzanas, as\u00ed como tambi\u00e9n nos qued\u00f3 claro que oficialmente no hay un contrapeso fuerte frente a un gobierno que est\u00e1 organizado para hacer todo lo contario a lo que es su funci\u00f3n: gobernar.<\/p>\n<p>El poder legislativo se encuentra dominado por una mayor\u00eda af\u00edn al gobierno del estado que lo \u00fanico que hace es aprobar no solo las iniciativas, sino que tambi\u00e9n las trampas e ilegalidades que les env\u00edan de Palacio de Gobierno o quiz\u00e1s del Nacional.<\/p>\n<p>El poder judicial tampoco es un contrapeso, porque sigue siendo tan servil como siempre lo ha sido con el gobierno en turno y lleno de magistrados que solo viven en un estado de confort con cargo al erario, cobran sueldos muy altos y la mayor\u00eda de ellos no trabaja en la impartici\u00f3n de justicia y es muy com\u00fan verlos como floreros en foros, seminarios y cualquier evento p\u00fablico o acad\u00e9mico, es decir son muy caros y no trabajan para lo que fueron contratados.<\/p>\n<p>Los \u00f3rganos aut\u00f3nomos tampoco sirven de contrapeso, debido a que son conducidos como meros instrumentos de ornato como sucede en la CEDH, la que opera de una manera muy similar a lo descrito en el caso de muchos magistrados o se encuentran ocupados por personas sumisas y sin perfil para el cargo o fueron descabezados ilegalmente como ocurri\u00f3 con la fiscal\u00eda.<\/p>\n<p>Y del gabinete del ejecutivo ya mejor ni hablamos, porque ah\u00ed se ve todo tipo de desaseos y corruptelas, siendo ejemplos de eso los contratos que se firman en casi todas las dependencias mediante una adjudicaci\u00f3n directa, lo cual es el gran sin\u00f3nimo de la corrupci\u00f3n, ya que con ese mecanismo se inhibe la libre competencia para favorecer a un solo proveedor, el cual generalmente es amigo de quien hace la convocatoria.<\/p>\n<p>O bien tenemos el caso de los contratos celebrados entre las autoridades educativas y la empresa l\u00edder en el mercado de alimento chatarra en el pa\u00eds para que sus productos se vendan en exclusiva en las escuelas del estado, cuando la tendencia nacional e internacional es buscar la erradicaci\u00f3n de ese tipo de alimentos en las escuelas y sustituirlos por alimentos sanos.<\/p>\n<p>Pero lo que retrata completamente al actual gobernador y a su gobierno en general es la manera tan fr\u00eda e indiferente con el que afrontan el mayor de todos los problemas que tenemos en el pa\u00eds: la inseguridad y uno de los derivados de la misma que son las desapariciones de personas ya sea por parte del crimen organizado, por las autoridades o bien por ambos.<\/p>\n<p>Y sucede que tanto el gobernador como la encargada espuria de la fiscal\u00eda se negaron atender personalmente a los familiares de muchos desaparecidos en la zona centro del estado, poniendo como pretexto que solo iban a recibir a los familiares de los \u00faltimos desaparecidos y no a todos, ya que una de las muletillas del actual gobierno es que dan atenci\u00f3n directa solo a los interesados y no a intermediarios, y como se congregaron m\u00e1s personas afectadas por esa desgracia mejor cerraron y acordonaron el edificio en el que se iban a reunir y pusieron pies en polvorosa por una puerta de servicio, dejando plantados a todos los que hab\u00edan acudido de muy lejos para obtener una explicaci\u00f3n o al menos una promesa de b\u00fasqueda.<\/p>\n<p>Actuando de esa manera cuando el gobernador prometi\u00f3 hasta el cansancio que las desapariciones se iban a esclarecer y que iba personalmente a buscar una soluci\u00f3n a ese problema m\u00e1s al no hacerlo primero le ech\u00f3 la culpa al fiscal que no era de su grupo pol\u00edtico y ahora que tiene, aunque sea de forma espuria, a una incondicional mejor opta por no recibir a nadie para no dar ninguna explicaci\u00f3n, que seguramente no tiene y salir huyendo por la puerta de atr\u00e1s dejando plantados y burlados a los familiares de los desaparecidos.<\/p>\n<p>Y si a eso le sumamos la pregonada austeridad republicana con baja de salarios de altos funcionarios p\u00fablicos que en un a\u00f1o no ha hecho y la lucha contra la corrupci\u00f3n y el nepotismo, los cuales han sido fomentados por el mismo gobierno; bien se puede decir que Garc\u00eda es un gobernador que defrauda y cuando se le complican las cosas mejor huye.<\/p>\n<p><a href=\"mailto:felfebas@gmail.com\">felfebas@gmail.com<\/a><\/p>\n<p>Twitter: @FelipeFBasilio<\/p>\n","protected":false},"excerpt":{"rendered":"<p>Felipe de Jes\u00fas Fern\u00e1ndez Basilio Desde a Janela En todo el mundo hay gobernantes malos, en algunos lugares los hay m\u00e1s malos a\u00fan, pero en pocos lados hay gobernantes tan malos y c\u00ednicos como en Veracruz, estado que verdaderamente ha tenido una p\u00e9sima racha de gobernantes nefastos y como ejemplo tenemos la seguidilla de gobernantes [&hellip;]<\/p>\n","protected":false},"author":2,"featured_media":51264,"comment_status":"open","ping_status":"open","sticky":false,"template":"","format":"standard","meta":{"tdm_status":"","tdm_grid_status":"","footnotes":""},"categories":[70],"tags":[4813,1681,79,162,195],"class_list":{"0":"post-51263","1":"post","2":"type-post","3":"status-publish","4":"format-standard","5":"has-post-thumbnail","7":"category-de-opinion","8":"tag-cedh","9":"tag-cuitlahuac-garcia","10":"tag-fidel-herrera","11":"tag-javier-duarte","12":"tag-veracruz"},"yoast_head":"<!-- This site is optimized with the Yoast SEO plugin v27.4 - https:\/\/yoast.com\/product\/yoast-seo-wordpress\/ -->\n<title>Un gobernador que defrauda y huye - Los pol\u00edticos Veracruz<\/title>\n<meta name=\"robots\" content=\"index, follow, max-snippet:-1, max-image-preview:large, max-video-preview:-1\" \/>\n<link rel=\"canonical\" href=\"https:\/\/lospoliticosveracruz.com\/?p=51263\" \/>\n<meta property=\"og:locale\" content=\"es_ES\" \/>\n<meta property=\"og:type\" content=\"article\" \/>\n<meta property=\"og:title\" content=\"Un gobernador que defrauda y huye - Los pol\u00edticos Veracruz\" \/>\n<meta property=\"og:description\" content=\"Felipe de Jes\u00fas Fern\u00e1ndez Basilio Desde a Janela En todo el mundo hay gobernantes malos, en algunos lugares los hay m\u00e1s malos a\u00fan, pero en pocos lados hay gobernantes tan malos y c\u00ednicos como en Veracruz, estado que verdaderamente ha tenido una p\u00e9sima racha de gobernantes nefastos y como ejemplo tenemos la seguidilla de gobernantes [&hellip;]\" \/>\n<meta property=\"og:url\" content=\"https:\/\/lospoliticosveracruz.com\/?p=51263\" \/>\n<meta property=\"og:site_name\" content=\"Los pol\u00edticos Veracruz\" \/>\n<meta property=\"article:publisher\" content=\"https:\/\/www.facebook.com\/people\/Notimemes-de-los-Polticos\/61565672886568\/\" \/>\n<meta property=\"article:published_time\" content=\"2019-12-06T14:04:59+00:00\" \/>\n<meta property=\"og:image\" content=\"https:\/\/lospoliticosveracruz.com\/wp-content\/uploads\/2019\/12\/Veronica-y-Cuitl\u00e1huac.jpg\" \/>\n\t<meta property=\"og:image:width\" content=\"600\" \/>\n\t<meta property=\"og:image:height\" content=\"340\" \/>\n\t<meta property=\"og:image:type\" content=\"image\/jpeg\" \/>\n<meta name=\"author\" content=\"Lo viste en Los Pol\u00edticos\" \/>\n<meta name=\"twitter:card\" content=\"summary_large_image\" \/>\n<meta name=\"twitter:creator\" content=\"@LosPoliticosVer\" \/>\n<meta name=\"twitter:site\" content=\"@LosPoliticosVer\" \/>\n<meta name=\"twitter:label1\" content=\"Escrito por\" \/>\n\t<meta name=\"twitter:data1\" content=\"Lo viste en Los Pol\u00edticos\" \/>\n\t<meta name=\"twitter:label2\" content=\"Tiempo de lectura\" \/>\n\t<meta name=\"twitter:data2\" content=\"5 minutos\" \/>\n<script type=\"application\/ld+json\" class=\"yoast-schema-graph\">{\"@context\":\"https:\\\/\\\/schema.org\",\"@graph\":[{\"@type\":\"Article\",\"@id\":\"https:\\\/\\\/lospoliticosveracruz.com\\\/?p=51263#article\",\"isPartOf\":{\"@id\":\"https:\\\/\\\/lospoliticosveracruz.com\\\/?p=51263\"},\"author\":{\"name\":\"Lo viste en Los Pol\u00edticos\",\"@id\":\"https:\\\/\\\/lospoliticosveracruz.com\\\/#\\\/schema\\\/person\\\/b8702bb0e538456e6efd07080bf2a4a2\"},\"headline\":\"Un gobernador que defrauda y huye\",\"datePublished\":\"2019-12-06T14:04:59+00:00\",\"mainEntityOfPage\":{\"@id\":\"https:\\\/\\\/lospoliticosveracruz.com\\\/?p=51263\"},\"wordCount\":1003,\"commentCount\":0,\"publisher\":{\"@id\":\"https:\\\/\\\/lospoliticosveracruz.com\\\/#organization\"},\"image\":{\"@id\":\"https:\\\/\\\/lospoliticosveracruz.com\\\/?p=51263#primaryimage\"},\"thumbnailUrl\":\"https:\\\/\\\/lospoliticosveracruz.com\\\/wp-content\\\/uploads\\\/2019\\\/12\\\/Veronica-y-Cuitl\u00e1huac.jpg\",\"keywords\":[\"CEDH\",\"Cuitl\u00e1huac Garc\u00eda\",\"Fidel Herrera\",\"Javier Duarte\",\"Veracruz\"],\"articleSection\":[\"De Opini\u00f3n\"],\"inLanguage\":\"es\",\"potentialAction\":[{\"@type\":\"CommentAction\",\"name\":\"Comment\",\"target\":[\"https:\\\/\\\/lospoliticosveracruz.com\\\/?p=51263#respond\"]}]},{\"@type\":\"WebPage\",\"@id\":\"https:\\\/\\\/lospoliticosveracruz.com\\\/?p=51263\",\"url\":\"https:\\\/\\\/lospoliticosveracruz.com\\\/?p=51263\",\"name\":\"Un gobernador que defrauda y huye - Los pol\u00edticos Veracruz\",\"isPartOf\":{\"@id\":\"https:\\\/\\\/lospoliticosveracruz.com\\\/#website\"},\"primaryImageOfPage\":{\"@id\":\"https:\\\/\\\/lospoliticosveracruz.com\\\/?p=51263#primaryimage\"},\"image\":{\"@id\":\"https:\\\/\\\/lospoliticosveracruz.com\\\/?p=51263#primaryimage\"},\"thumbnailUrl\":\"https:\\\/\\\/lospoliticosveracruz.com\\\/wp-content\\\/uploads\\\/2019\\\/12\\\/Veronica-y-Cuitl\u00e1huac.jpg\",\"datePublished\":\"2019-12-06T14:04:59+00:00\",\"breadcrumb\":{\"@id\":\"https:\\\/\\\/lospoliticosveracruz.com\\\/?p=51263#breadcrumb\"},\"inLanguage\":\"es\",\"potentialAction\":[{\"@type\":\"ReadAction\",\"target\":[\"https:\\\/\\\/lospoliticosveracruz.com\\\/?p=51263\"]}]},{\"@type\":\"ImageObject\",\"inLanguage\":\"es\",\"@id\":\"https:\\\/\\\/lospoliticosveracruz.com\\\/?p=51263#primaryimage\",\"url\":\"https:\\\/\\\/lospoliticosveracruz.com\\\/wp-content\\\/uploads\\\/2019\\\/12\\\/Veronica-y-Cuitl\u00e1huac.jpg\",\"contentUrl\":\"https:\\\/\\\/lospoliticosveracruz.com\\\/wp-content\\\/uploads\\\/2019\\\/12\\\/Veronica-y-Cuitl\u00e1huac.jpg\",\"width\":600,\"height\":340},{\"@type\":\"BreadcrumbList\",\"@id\":\"https:\\\/\\\/lospoliticosveracruz.com\\\/?p=51263#breadcrumb\",\"itemListElement\":[{\"@type\":\"ListItem\",\"position\":1,\"name\":\"Portada\",\"item\":\"https:\\\/\\\/lospoliticosveracruz.com\\\/\"},{\"@type\":\"ListItem\",\"position\":2,\"name\":\"Un gobernador que defrauda y huye\"}]},{\"@type\":\"WebSite\",\"@id\":\"https:\\\/\\\/lospoliticosveracruz.com\\\/#website\",\"url\":\"https:\\\/\\\/lospoliticosveracruz.com\\\/\",\"name\":\"Los pol\u00edticos Veracruz\",\"description\":\"\",\"publisher\":{\"@id\":\"https:\\\/\\\/lospoliticosveracruz.com\\\/#organization\"},\"potentialAction\":[{\"@type\":\"SearchAction\",\"target\":{\"@type\":\"EntryPoint\",\"urlTemplate\":\"https:\\\/\\\/lospoliticosveracruz.com\\\/?s={search_term_string}\"},\"query-input\":{\"@type\":\"PropertyValueSpecification\",\"valueRequired\":true,\"valueName\":\"search_term_string\"}}],\"inLanguage\":\"es\"},{\"@type\":\"Organization\",\"@id\":\"https:\\\/\\\/lospoliticosveracruz.com\\\/#organization\",\"name\":\"Los pol\u00edticos Veracruz\",\"url\":\"https:\\\/\\\/lospoliticosveracruz.com\\\/\",\"logo\":{\"@type\":\"ImageObject\",\"inLanguage\":\"es\",\"@id\":\"https:\\\/\\\/lospoliticosveracruz.com\\\/#\\\/schema\\\/logo\\\/image\\\/\",\"url\":\"https:\\\/\\\/lospoliticosveracruz.com\\\/wp-content\\\/uploads\\\/2025\\\/12\\\/Logo-Nuevo-LOS-POLITICOS-1.jpg\",\"contentUrl\":\"https:\\\/\\\/lospoliticosveracruz.com\\\/wp-content\\\/uploads\\\/2025\\\/12\\\/Logo-Nuevo-LOS-POLITICOS-1.jpg\",\"width\":260,\"height\":70,\"caption\":\"Los pol\u00edticos Veracruz\"},\"image\":{\"@id\":\"https:\\\/\\\/lospoliticosveracruz.com\\\/#\\\/schema\\\/logo\\\/image\\\/\"},\"sameAs\":[\"https:\\\/\\\/www.facebook.com\\\/people\\\/Notimemes-de-los-Polticos\\\/61565672886568\\\/\",\"https:\\\/\\\/x.com\\\/LosPoliticosVer\"]},{\"@type\":\"Person\",\"@id\":\"https:\\\/\\\/lospoliticosveracruz.com\\\/#\\\/schema\\\/person\\\/b8702bb0e538456e6efd07080bf2a4a2\",\"name\":\"Lo viste en Los Pol\u00edticos\",\"image\":{\"@type\":\"ImageObject\",\"inLanguage\":\"es\",\"@id\":\"https:\\\/\\\/secure.gravatar.com\\\/avatar\\\/3a8de04a2656d44082be478bd6c086daa447c4651605818287b9532d3d0bd435?s=96&d=mm&r=g\",\"url\":\"https:\\\/\\\/secure.gravatar.com\\\/avatar\\\/3a8de04a2656d44082be478bd6c086daa447c4651605818287b9532d3d0bd435?s=96&d=mm&r=g\",\"contentUrl\":\"https:\\\/\\\/secure.gravatar.com\\\/avatar\\\/3a8de04a2656d44082be478bd6c086daa447c4651605818287b9532d3d0bd435?s=96&d=mm&r=g\",\"caption\":\"Lo viste en Los Pol\u00edticos\"},\"url\":\"https:\\\/\\\/lospoliticosveracruz.com\\\/?author=2\"}]}<\/script>\n<!-- \/ Yoast SEO plugin. -->","yoast_head_json":{"title":"Un gobernador que defrauda y huye - Los pol\u00edticos Veracruz","robots":{"index":"index","follow":"follow","max-snippet":"max-snippet:-1","max-image-preview":"max-image-preview:large","max-video-preview":"max-video-preview:-1"},"canonical":"https:\/\/lospoliticosveracruz.com\/?p=51263","og_locale":"es_ES","og_type":"article","og_title":"Un gobernador que defrauda y huye - Los pol\u00edticos Veracruz","og_description":"Felipe de Jes\u00fas Fern\u00e1ndez Basilio Desde a Janela En todo el mundo hay gobernantes malos, en algunos lugares los hay m\u00e1s malos a\u00fan, pero en pocos lados hay gobernantes tan malos y c\u00ednicos como en Veracruz, estado que verdaderamente ha tenido una p\u00e9sima racha de gobernantes nefastos y como ejemplo tenemos la seguidilla de gobernantes [&hellip;]","og_url":"https:\/\/lospoliticosveracruz.com\/?p=51263","og_site_name":"Los pol\u00edticos Veracruz","article_publisher":"https:\/\/www.facebook.com\/people\/Notimemes-de-los-Polticos\/61565672886568\/","article_published_time":"2019-12-06T14:04:59+00:00","og_image":[{"width":600,"height":340,"url":"https:\/\/lospoliticosveracruz.com\/wp-content\/uploads\/2019\/12\/Veronica-y-Cuitl\u00e1huac.jpg","type":"image\/jpeg"}],"author":"Lo viste en Los Pol\u00edticos","twitter_card":"summary_large_image","twitter_creator":"@LosPoliticosVer","twitter_site":"@LosPoliticosVer","twitter_misc":{"Escrito por":"Lo viste en Los Pol\u00edticos","Tiempo de lectura":"5 minutos"},"schema":{"@context":"https:\/\/schema.org","@graph":[{"@type":"Article","@id":"https:\/\/lospoliticosveracruz.com\/?p=51263#article","isPartOf":{"@id":"https:\/\/lospoliticosveracruz.com\/?p=51263"},"author":{"name":"Lo viste en Los Pol\u00edticos","@id":"https:\/\/lospoliticosveracruz.com\/#\/schema\/person\/b8702bb0e538456e6efd07080bf2a4a2"},"headline":"Un gobernador que defrauda y huye","datePublished":"2019-12-06T14:04:59+00:00","mainEntityOfPage":{"@id":"https:\/\/lospoliticosveracruz.com\/?p=51263"},"wordCount":1003,"commentCount":0,"publisher":{"@id":"https:\/\/lospoliticosveracruz.com\/#organization"},"image":{"@id":"https:\/\/lospoliticosveracruz.com\/?p=51263#primaryimage"},"thumbnailUrl":"https:\/\/lospoliticosveracruz.com\/wp-content\/uploads\/2019\/12\/Veronica-y-Cuitl\u00e1huac.jpg","keywords":["CEDH","Cuitl\u00e1huac Garc\u00eda","Fidel Herrera","Javier Duarte","Veracruz"],"articleSection":["De Opini\u00f3n"],"inLanguage":"es","potentialAction":[{"@type":"CommentAction","name":"Comment","target":["https:\/\/lospoliticosveracruz.com\/?p=51263#respond"]}]},{"@type":"WebPage","@id":"https:\/\/lospoliticosveracruz.com\/?p=51263","url":"https:\/\/lospoliticosveracruz.com\/?p=51263","name":"Un gobernador que defrauda y huye - Los pol\u00edticos Veracruz","isPartOf":{"@id":"https:\/\/lospoliticosveracruz.com\/#website"},"primaryImageOfPage":{"@id":"https:\/\/lospoliticosveracruz.com\/?p=51263#primaryimage"},"image":{"@id":"https:\/\/lospoliticosveracruz.com\/?p=51263#primaryimage"},"thumbnailUrl":"https:\/\/lospoliticosveracruz.com\/wp-content\/uploads\/2019\/12\/Veronica-y-Cuitl\u00e1huac.jpg","datePublished":"2019-12-06T14:04:59+00:00","breadcrumb":{"@id":"https:\/\/lospoliticosveracruz.com\/?p=51263#breadcrumb"},"inLanguage":"es","potentialAction":[{"@type":"ReadAction","target":["https:\/\/lospoliticosveracruz.com\/?p=51263"]}]},{"@type":"ImageObject","inLanguage":"es","@id":"https:\/\/lospoliticosveracruz.com\/?p=51263#primaryimage","url":"https:\/\/lospoliticosveracruz.com\/wp-content\/uploads\/2019\/12\/Veronica-y-Cuitl\u00e1huac.jpg","contentUrl":"https:\/\/lospoliticosveracruz.com\/wp-content\/uploads\/2019\/12\/Veronica-y-Cuitl\u00e1huac.jpg","width":600,"height":340},{"@type":"BreadcrumbList","@id":"https:\/\/lospoliticosveracruz.com\/?p=51263#breadcrumb","itemListElement":[{"@type":"ListItem","position":1,"name":"Portada","item":"https:\/\/lospoliticosveracruz.com\/"},{"@type":"ListItem","position":2,"name":"Un gobernador que defrauda y huye"}]},{"@type":"WebSite","@id":"https:\/\/lospoliticosveracruz.com\/#website","url":"https:\/\/lospoliticosveracruz.com\/","name":"Los pol\u00edticos Veracruz","description":"","publisher":{"@id":"https:\/\/lospoliticosveracruz.com\/#organization"},"potentialAction":[{"@type":"SearchAction","target":{"@type":"EntryPoint","urlTemplate":"https:\/\/lospoliticosveracruz.com\/?s={search_term_string}"},"query-input":{"@type":"PropertyValueSpecification","valueRequired":true,"valueName":"search_term_string"}}],"inLanguage":"es"},{"@type":"Organization","@id":"https:\/\/lospoliticosveracruz.com\/#organization","name":"Los pol\u00edticos Veracruz","url":"https:\/\/lospoliticosveracruz.com\/","logo":{"@type":"ImageObject","inLanguage":"es","@id":"https:\/\/lospoliticosveracruz.com\/#\/schema\/logo\/image\/","url":"https:\/\/lospoliticosveracruz.com\/wp-content\/uploads\/2025\/12\/Logo-Nuevo-LOS-POLITICOS-1.jpg","contentUrl":"https:\/\/lospoliticosveracruz.com\/wp-content\/uploads\/2025\/12\/Logo-Nuevo-LOS-POLITICOS-1.jpg","width":260,"height":70,"caption":"Los pol\u00edticos Veracruz"},"image":{"@id":"https:\/\/lospoliticosveracruz.com\/#\/schema\/logo\/image\/"},"sameAs":["https:\/\/www.facebook.com\/people\/Notimemes-de-los-Polticos\/61565672886568\/","https:\/\/x.com\/LosPoliticosVer"]},{"@type":"Person","@id":"https:\/\/lospoliticosveracruz.com\/#\/schema\/person\/b8702bb0e538456e6efd07080bf2a4a2","name":"Lo viste en Los Pol\u00edticos","image":{"@type":"ImageObject","inLanguage":"es","@id":"https:\/\/secure.gravatar.com\/avatar\/3a8de04a2656d44082be478bd6c086daa447c4651605818287b9532d3d0bd435?s=96&d=mm&r=g","url":"https:\/\/secure.gravatar.com\/avatar\/3a8de04a2656d44082be478bd6c086daa447c4651605818287b9532d3d0bd435?s=96&d=mm&r=g","contentUrl":"https:\/\/secure.gravatar.com\/avatar\/3a8de04a2656d44082be478bd6c086daa447c4651605818287b9532d3d0bd435?s=96&d=mm&r=g","caption":"Lo viste en Los Pol\u00edticos"},"url":"https:\/\/lospoliticosveracruz.com\/?author=2"}]}},"_links":{"self":[{"href":"https:\/\/lospoliticosveracruz.com\/index.php?rest_route=\/wp\/v2\/posts\/51263","targetHints":{"allow":["GET"]}}],"collection":[{"href":"https:\/\/lospoliticosveracruz.com\/index.php?rest_route=\/wp\/v2\/posts"}],"about":[{"href":"https:\/\/lospoliticosveracruz.com\/index.php?rest_route=\/wp\/v2\/types\/post"}],"author":[{"embeddable":true,"href":"https:\/\/lospoliticosveracruz.com\/index.php?rest_route=\/wp\/v2\/users\/2"}],"replies":[{"embeddable":true,"href":"https:\/\/lospoliticosveracruz.com\/index.php?rest_route=%2Fwp%2Fv2%2Fcomments&post=51263"}],"version-history":[{"count":1,"href":"https:\/\/lospoliticosveracruz.com\/index.php?rest_route=\/wp\/v2\/posts\/51263\/revisions"}],"predecessor-version":[{"id":51265,"href":"https:\/\/lospoliticosveracruz.com\/index.php?rest_route=\/wp\/v2\/posts\/51263\/revisions\/51265"}],"wp:featuredmedia":[{"embeddable":true,"href":"https:\/\/lospoliticosveracruz.com\/index.php?rest_route=\/wp\/v2\/media\/51264"}],"wp:attachment":[{"href":"https:\/\/lospoliticosveracruz.com\/index.php?rest_route=%2Fwp%2Fv2%2Fmedia&parent=51263"}],"wp:term":[{"taxonomy":"category","embeddable":true,"href":"https:\/\/lospoliticosveracruz.com\/index.php?rest_route=%2Fwp%2Fv2%2Fcategories&post=51263"},{"taxonomy":"post_tag","embeddable":true,"href":"https:\/\/lospoliticosveracruz.com\/index.php?rest_route=%2Fwp%2Fv2%2Ftags&post=51263"}],"curies":[{"name":"wp","href":"https:\/\/api.w.org\/{rel}","templated":true}]}}