{"id":51270,"date":"2019-12-06T08:39:39","date_gmt":"2019-12-06T14:39:39","guid":{"rendered":"http:\/\/www.lospoliticosveracruz.com.mx\/?p=51270"},"modified":"2019-12-06T08:39:39","modified_gmt":"2019-12-06T14:39:39","slug":"el-pan-en-cordoba-elegira-dirigencia-este-fin-de-semana-pero","status":"publish","type":"post","link":"https:\/\/lospoliticosveracruz.com\/?p=51270","title":{"rendered":"El PAN en C\u00f3rdoba elegir\u00e1 dirigencia este fin de semana, pero\u2026"},"content":{"rendered":"<p align=\"center\"><b>Oscar Coria Reyes<\/b><\/p>\n<p align=\"center\"><em>En Contraste<\/em><\/p>\n<p><u><\/u>El ocho de noviembre del presente a\u00f1o, el Comit\u00e9 Directivo Estatal del Partido Acci\u00f3n Nacional, emiti\u00f3 la convocatoria para renovar el comit\u00e9 municipal de la ciudad de C\u00f3rdoba, donde estableci\u00f3 los lineamientos que deber\u00edan de observar todos los aspirantes a participar, convocatoria firmada por el dirigente estatal Joaqu\u00edn Guzm\u00e1n Rosendo Avil\u00e9s en su car\u00e1cter de presidente estatal y por Tito Delf\u00edn Cano en su car\u00e1cter de Secretario General.<\/p>\n<p><u><\/u>En dicha convocatoria en su cap\u00edtulo cinco inciso \u201ce\u201d se establece como requisito a los aspirantes \u201c<i>Estar al corriente con sus obligaciones como militante en t\u00e9rminos del art\u00edculo 12 de los Estatutos Generales del PAN vigentes<\/i>\u201d. Lo anterior significa que todos los aspirantes deb\u00edan de comprobar estar al corriente con sus \u201cobligaciones\u201d, es decir, con el pago de aportaciones que les correspondan.<\/p>\n<p><u><\/u>En C\u00f3rdoba al cierre de las inscripciones, se registraron dos aspirantes, Adri\u00e1n P\u00e9rez Croda y Elisa Paola de Aquino Pardo, siendo el caso de Paola Pardo (as\u00ed se le conoce entre la militancia) haber sido regidora tercera en la administraci\u00f3n municipal del ex alcalde Tomas R\u00edos Bernal en el periodo 2014-2017.<\/p>\n<p><u><\/u>Ante lo anterior y tras ciertos se\u00f1alamientos en redes sociales por parte del expresidente del PAN en C\u00f3rdoba y ex regidor en la misma administraci\u00f3n, Iv\u00e1n Espinoza Hermida, en el sentido de que esta aspirante a la dirigencia municipal de su partido no cumpli\u00f3 con sus obligaciones en cuanto al pago de cuotas; en entrevista radiof\u00f3nica realizada por un servidor el 19 de noviembre, Paola Pardo se\u00f1alo a pregunta expresa que \u00bfSi ella hab\u00eda cumplido con sus obligaciones como militante?, se\u00f1alo que ella hab\u00eda cubierto sus cuotas a Iv\u00e1n Espinoza, cuotas que seg\u00fan este ascienden y que qued\u00f3 a deber por la cantidad de $125,500.22 (CIENTO VEINTICINCO MIL QUINIENTOS PESOS 22\/100 M.N.), y, que ella desconoc\u00eda si el presidente en aquel entonces hab\u00eda reportado ese recurso o no.<\/p>\n<p><u><\/u>Ante ciertas inconsistencias en sus respuestas, se le cuestion\u00f3 si ten\u00eda sus cartas de derechos a salvo, requisito indispensable para poder competir, indico que ella ten\u00eda carta de los dos comit\u00e9s, refiri\u00e9ndose a el encabezado por Iban Espinoza y posteriormente por el encabezado por Antonio Salamanca Barcelata, qui\u00e9n fue designado Delegado Municipal, tras la salida de Espinoza Hermida. Se\u00f1alando que ambos le hab\u00edan emitido dichos documentos, donde se le cuestion\u00f3 si le hab\u00eda pagado a Antonio Salamanca, se\u00f1alando que s\u00ed, con lo cual, su respuesta se contrapon\u00eda a la primera dada, se\u00f1alando que esos documentos hab\u00edan presentado al actual Delegado Municipal, Hugo Fern\u00e1ndez Bernal, para su registro como candidato.<\/p>\n<p><u><\/u>Tras esta entrevista las reacciones no se hicieron esperar por parte de los mencionados, ante lo cual Iban Espinoza nos hizo llegar un documento donde se\u00f1ala los adeudos que hasta el \u00faltimo d\u00eda de su dirigencia, Paola Pardo, ten\u00eda con el comit\u00e9 municipal, de igual forma, Antonio Salamanca Barcelata, hacia p\u00fablico un escrito, se\u00f1alando que \u00e9l emiti\u00f3 la carta de derechos a salvo de \u201cBuena Fe\u201d con la promesa de que se cubrir\u00edan todos los adeudos, lo cual a todas luces fue un craso error, en virtud de que en el manejo de recursos econ\u00f3micos, nunca debe de obrar dicha \u201cBuena Fe\u201d, m\u00e1s que este dejo adeudos econ\u00f3micos en la delegaci\u00f3n municipal.<\/p>\n<p><u><\/u>Por su parte Hugo Fern\u00e1ndez Bernal, y tras estas controversias, fue cuestionado el 28 de noviembre al respecto, se\u00f1alando en entrevista\u00a0 (<a href=\"https:\/\/www.facebook.com\/encontrastever\/videos\/2551161424951144\/\" target=\"_blank\" data-saferedirecturl=\"https:\/\/www.google.com\/url?q=https:\/\/www.facebook.com\/encontrastever\/videos\/2551161424951144\/&amp;source=gmail&amp;ust=1575726229979000&amp;usg=AFQjCNEY8Udj0EkO2BK8fU-E4NEPPY_3kg\">https:\/\/www.facebook.com\/<wbr \/>encontrastever\/videos\/<wbr \/>2551161424951144\/<\/a>) que el s\u00f3lo recibi\u00f3 los documentos emitidos presentados, pero que a \u00e9l no le correspond\u00eda determinar o no su validez, de igual forma, fue tajante al se\u00f1alar que \u00e9l no recibi\u00f3 ni ha recibido recurso alguno.<\/p>\n<p><u><\/u>Ante todo, lo anterior, y, al no haber impugnaciones, que se conozcan, por parte del otro aspirante a la dirigencia municipal, Adri\u00e1n P\u00e9rez Croda, este domingo 8 de diciembre se estar\u00e1 eligiendo la nueva dirigencia municipal de C\u00f3rdoba, con una nube de dudas sobre la legalidad o no de la candidatura del Elisa Paola de Aquino Pardo, sin embargo, con muchas probabilidades de obtener el triunfo gracias a los amarres hechos con los diversos grupos pol\u00edticos que hay en esta ciudad.<\/p>\n<p><u><\/u>Se\u00f1alar que por s\u00ed s\u00f3lo, ninguno de los grupos podr\u00eda obtener el triunfo en un proceso interno, es por ello, que le grupo de V\u00edctor Serralde, quien es quien postula a Paola Pardo, necesariamente tuvo que hacer amarres con los \u201cJulen\u201d y con el grupo de la alcalde de C\u00f3rdoba, para poder aspirar a obtener el triunfo en este proceso interno a desarrollarse este fin de semana.<\/p>\n<p><u><\/u>\u00a0Ahora s\u00f3lo queda esperar el resultado, y, ver si posterior a la elecci\u00f3n no se vienen una serie de impugnaciones que se tengan que dirimir en tribunales.<u><\/u>\u00a0<u><\/u><\/p>\n<p><u><\/u>Comentarios, cr\u00edticas y\/o sugerencias: <a href=\"mailto:oscar_coria4@hotmail.com\" target=\"_blank\">oscar_coria4@hotmail.com<\/a><\/p>\n","protected":false},"excerpt":{"rendered":"<p>Oscar Coria Reyes En Contraste El ocho de noviembre del presente a\u00f1o, el Comit\u00e9 Directivo Estatal del Partido Acci\u00f3n Nacional, emiti\u00f3 la convocatoria para renovar el comit\u00e9 municipal de la ciudad de C\u00f3rdoba, donde estableci\u00f3 los lineamientos que deber\u00edan de observar todos los aspirantes a participar, convocatoria firmada por el dirigente estatal Joaqu\u00edn Guzm\u00e1n Rosendo [&hellip;]<\/p>\n","protected":false},"author":2,"featured_media":51271,"comment_status":"open","ping_status":"open","sticky":false,"template":"","format":"standard","meta":{"tdm_status":"","tdm_grid_status":"","footnotes":""},"categories":[70],"tags":[15884,751,15887,5827,15888,15885,15883,266,7518,5398],"class_list":{"0":"post-51270","1":"post","2":"type-post","3":"status-publish","4":"format-standard","5":"has-post-thumbnail","7":"category-de-opinion","8":"tag-comite-municipal","9":"tag-cordoba","10":"tag-elisa-paola-de-aquino-pardo","11":"tag-hugo-fernandez-bernal","12":"tag-ivan-espinoza-hermida","13":"tag-joaquin-guzman-rosendo-aviles","14":"tag-oscar-coria-reyes","15":"tag-pan","16":"tag-tito-delfin-cano","17":"tag-tomas-rios-bernal"},"yoast_head":"<!-- This site is optimized with the Yoast SEO plugin v27.4 - https:\/\/yoast.com\/product\/yoast-seo-wordpress\/ -->\n<title>El PAN en C\u00f3rdoba elegir\u00e1 dirigencia este fin de semana, pero\u2026 - Los pol\u00edticos Veracruz<\/title>\n<meta name=\"robots\" content=\"index, follow, max-snippet:-1, max-image-preview:large, max-video-preview:-1\" \/>\n<link rel=\"canonical\" href=\"https:\/\/lospoliticosveracruz.com\/?p=51270\" \/>\n<meta property=\"og:locale\" content=\"es_ES\" \/>\n<meta property=\"og:type\" content=\"article\" \/>\n<meta property=\"og:title\" content=\"El PAN en C\u00f3rdoba elegir\u00e1 dirigencia este fin de semana, pero\u2026 - Los pol\u00edticos Veracruz\" \/>\n<meta property=\"og:description\" content=\"Oscar Coria Reyes En Contraste El ocho de noviembre del presente a\u00f1o, el Comit\u00e9 Directivo Estatal del Partido Acci\u00f3n Nacional, emiti\u00f3 la convocatoria para renovar el comit\u00e9 municipal de la ciudad de C\u00f3rdoba, donde estableci\u00f3 los lineamientos que deber\u00edan de observar todos los aspirantes a participar, convocatoria firmada por el dirigente estatal Joaqu\u00edn Guzm\u00e1n Rosendo [&hellip;]\" \/>\n<meta property=\"og:url\" content=\"https:\/\/lospoliticosveracruz.com\/?p=51270\" \/>\n<meta property=\"og:site_name\" content=\"Los pol\u00edticos Veracruz\" \/>\n<meta property=\"article:publisher\" content=\"https:\/\/www.facebook.com\/people\/Notimemes-de-los-Polticos\/61565672886568\/\" \/>\n<meta property=\"article:published_time\" content=\"2019-12-06T14:39:39+00:00\" \/>\n<meta property=\"og:image\" content=\"https:\/\/lospoliticosveracruz.com\/wp-content\/uploads\/2019\/12\/paola-y-adrian.jpg\" \/>\n\t<meta property=\"og:image:width\" content=\"600\" \/>\n\t<meta property=\"og:image:height\" content=\"414\" \/>\n\t<meta property=\"og:image:type\" content=\"image\/jpeg\" \/>\n<meta name=\"author\" content=\"Lo viste en Los Pol\u00edticos\" \/>\n<meta name=\"twitter:card\" content=\"summary_large_image\" \/>\n<meta name=\"twitter:creator\" content=\"@LosPoliticosVer\" \/>\n<meta name=\"twitter:site\" content=\"@LosPoliticosVer\" \/>\n<meta name=\"twitter:label1\" content=\"Escrito por\" \/>\n\t<meta name=\"twitter:data1\" content=\"Lo viste en Los Pol\u00edticos\" \/>\n\t<meta name=\"twitter:label2\" content=\"Tiempo de lectura\" \/>\n\t<meta name=\"twitter:data2\" content=\"4 minutos\" \/>\n<script type=\"application\/ld+json\" class=\"yoast-schema-graph\">{\"@context\":\"https:\\\/\\\/schema.org\",\"@graph\":[{\"@type\":\"Article\",\"@id\":\"https:\\\/\\\/lospoliticosveracruz.com\\\/?p=51270#article\",\"isPartOf\":{\"@id\":\"https:\\\/\\\/lospoliticosveracruz.com\\\/?p=51270\"},\"author\":{\"name\":\"Lo viste en Los Pol\u00edticos\",\"@id\":\"https:\\\/\\\/lospoliticosveracruz.com\\\/#\\\/schema\\\/person\\\/b8702bb0e538456e6efd07080bf2a4a2\"},\"headline\":\"El PAN en C\u00f3rdoba elegir\u00e1 dirigencia este fin de semana, pero\u2026\",\"datePublished\":\"2019-12-06T14:39:39+00:00\",\"mainEntityOfPage\":{\"@id\":\"https:\\\/\\\/lospoliticosveracruz.com\\\/?p=51270\"},\"wordCount\":861,\"commentCount\":0,\"publisher\":{\"@id\":\"https:\\\/\\\/lospoliticosveracruz.com\\\/#organization\"},\"image\":{\"@id\":\"https:\\\/\\\/lospoliticosveracruz.com\\\/?p=51270#primaryimage\"},\"thumbnailUrl\":\"https:\\\/\\\/lospoliticosveracruz.com\\\/wp-content\\\/uploads\\\/2019\\\/12\\\/paola-y-adrian.jpg\",\"keywords\":[\"comit\u00e9 municipal\",\"C\u00f3rdoba\",\"Elisa Paola de Aquino Pardo\",\"Hugo Fern\u00e1ndez Bernal\",\"Iv\u00e1n Espinoza Hermida\",\"Joaqu\u00edn Guzm\u00e1n Rosendo Avil\u00e9s\",\"Oscar Coria Reyes\",\"PAN\",\"Tito Delf\u00edn Cano\",\"Tom\u00e1s R\u00edos Bernal\"],\"articleSection\":[\"De Opini\u00f3n\"],\"inLanguage\":\"es\",\"potentialAction\":[{\"@type\":\"CommentAction\",\"name\":\"Comment\",\"target\":[\"https:\\\/\\\/lospoliticosveracruz.com\\\/?p=51270#respond\"]}]},{\"@type\":\"WebPage\",\"@id\":\"https:\\\/\\\/lospoliticosveracruz.com\\\/?p=51270\",\"url\":\"https:\\\/\\\/lospoliticosveracruz.com\\\/?p=51270\",\"name\":\"El PAN en C\u00f3rdoba elegir\u00e1 dirigencia este fin de semana, pero\u2026 - Los pol\u00edticos Veracruz\",\"isPartOf\":{\"@id\":\"https:\\\/\\\/lospoliticosveracruz.com\\\/#website\"},\"primaryImageOfPage\":{\"@id\":\"https:\\\/\\\/lospoliticosveracruz.com\\\/?p=51270#primaryimage\"},\"image\":{\"@id\":\"https:\\\/\\\/lospoliticosveracruz.com\\\/?p=51270#primaryimage\"},\"thumbnailUrl\":\"https:\\\/\\\/lospoliticosveracruz.com\\\/wp-content\\\/uploads\\\/2019\\\/12\\\/paola-y-adrian.jpg\",\"datePublished\":\"2019-12-06T14:39:39+00:00\",\"breadcrumb\":{\"@id\":\"https:\\\/\\\/lospoliticosveracruz.com\\\/?p=51270#breadcrumb\"},\"inLanguage\":\"es\",\"potentialAction\":[{\"@type\":\"ReadAction\",\"target\":[\"https:\\\/\\\/lospoliticosveracruz.com\\\/?p=51270\"]}]},{\"@type\":\"ImageObject\",\"inLanguage\":\"es\",\"@id\":\"https:\\\/\\\/lospoliticosveracruz.com\\\/?p=51270#primaryimage\",\"url\":\"https:\\\/\\\/lospoliticosveracruz.com\\\/wp-content\\\/uploads\\\/2019\\\/12\\\/paola-y-adrian.jpg\",\"contentUrl\":\"https:\\\/\\\/lospoliticosveracruz.com\\\/wp-content\\\/uploads\\\/2019\\\/12\\\/paola-y-adrian.jpg\",\"width\":600,\"height\":414},{\"@type\":\"BreadcrumbList\",\"@id\":\"https:\\\/\\\/lospoliticosveracruz.com\\\/?p=51270#breadcrumb\",\"itemListElement\":[{\"@type\":\"ListItem\",\"position\":1,\"name\":\"Portada\",\"item\":\"https:\\\/\\\/lospoliticosveracruz.com\\\/\"},{\"@type\":\"ListItem\",\"position\":2,\"name\":\"El PAN en C\u00f3rdoba elegir\u00e1 dirigencia este fin de semana, pero\u2026\"}]},{\"@type\":\"WebSite\",\"@id\":\"https:\\\/\\\/lospoliticosveracruz.com\\\/#website\",\"url\":\"https:\\\/\\\/lospoliticosveracruz.com\\\/\",\"name\":\"Los pol\u00edticos Veracruz\",\"description\":\"\",\"publisher\":{\"@id\":\"https:\\\/\\\/lospoliticosveracruz.com\\\/#organization\"},\"potentialAction\":[{\"@type\":\"SearchAction\",\"target\":{\"@type\":\"EntryPoint\",\"urlTemplate\":\"https:\\\/\\\/lospoliticosveracruz.com\\\/?s={search_term_string}\"},\"query-input\":{\"@type\":\"PropertyValueSpecification\",\"valueRequired\":true,\"valueName\":\"search_term_string\"}}],\"inLanguage\":\"es\"},{\"@type\":\"Organization\",\"@id\":\"https:\\\/\\\/lospoliticosveracruz.com\\\/#organization\",\"name\":\"Los pol\u00edticos Veracruz\",\"url\":\"https:\\\/\\\/lospoliticosveracruz.com\\\/\",\"logo\":{\"@type\":\"ImageObject\",\"inLanguage\":\"es\",\"@id\":\"https:\\\/\\\/lospoliticosveracruz.com\\\/#\\\/schema\\\/logo\\\/image\\\/\",\"url\":\"https:\\\/\\\/lospoliticosveracruz.com\\\/wp-content\\\/uploads\\\/2025\\\/12\\\/Logo-Nuevo-LOS-POLITICOS-1.jpg\",\"contentUrl\":\"https:\\\/\\\/lospoliticosveracruz.com\\\/wp-content\\\/uploads\\\/2025\\\/12\\\/Logo-Nuevo-LOS-POLITICOS-1.jpg\",\"width\":260,\"height\":70,\"caption\":\"Los pol\u00edticos Veracruz\"},\"image\":{\"@id\":\"https:\\\/\\\/lospoliticosveracruz.com\\\/#\\\/schema\\\/logo\\\/image\\\/\"},\"sameAs\":[\"https:\\\/\\\/www.facebook.com\\\/people\\\/Notimemes-de-los-Polticos\\\/61565672886568\\\/\",\"https:\\\/\\\/x.com\\\/LosPoliticosVer\"]},{\"@type\":\"Person\",\"@id\":\"https:\\\/\\\/lospoliticosveracruz.com\\\/#\\\/schema\\\/person\\\/b8702bb0e538456e6efd07080bf2a4a2\",\"name\":\"Lo viste en Los Pol\u00edticos\",\"image\":{\"@type\":\"ImageObject\",\"inLanguage\":\"es\",\"@id\":\"https:\\\/\\\/secure.gravatar.com\\\/avatar\\\/3a8de04a2656d44082be478bd6c086daa447c4651605818287b9532d3d0bd435?s=96&d=mm&r=g\",\"url\":\"https:\\\/\\\/secure.gravatar.com\\\/avatar\\\/3a8de04a2656d44082be478bd6c086daa447c4651605818287b9532d3d0bd435?s=96&d=mm&r=g\",\"contentUrl\":\"https:\\\/\\\/secure.gravatar.com\\\/avatar\\\/3a8de04a2656d44082be478bd6c086daa447c4651605818287b9532d3d0bd435?s=96&d=mm&r=g\",\"caption\":\"Lo viste en Los Pol\u00edticos\"},\"url\":\"https:\\\/\\\/lospoliticosveracruz.com\\\/?author=2\"}]}<\/script>\n<!-- \/ Yoast SEO plugin. -->","yoast_head_json":{"title":"El PAN en C\u00f3rdoba elegir\u00e1 dirigencia este fin de semana, pero\u2026 - Los pol\u00edticos Veracruz","robots":{"index":"index","follow":"follow","max-snippet":"max-snippet:-1","max-image-preview":"max-image-preview:large","max-video-preview":"max-video-preview:-1"},"canonical":"https:\/\/lospoliticosveracruz.com\/?p=51270","og_locale":"es_ES","og_type":"article","og_title":"El PAN en C\u00f3rdoba elegir\u00e1 dirigencia este fin de semana, pero\u2026 - Los pol\u00edticos Veracruz","og_description":"Oscar Coria Reyes En Contraste El ocho de noviembre del presente a\u00f1o, el Comit\u00e9 Directivo Estatal del Partido Acci\u00f3n Nacional, emiti\u00f3 la convocatoria para renovar el comit\u00e9 municipal de la ciudad de C\u00f3rdoba, donde estableci\u00f3 los lineamientos que deber\u00edan de observar todos los aspirantes a participar, convocatoria firmada por el dirigente estatal Joaqu\u00edn Guzm\u00e1n Rosendo [&hellip;]","og_url":"https:\/\/lospoliticosveracruz.com\/?p=51270","og_site_name":"Los pol\u00edticos Veracruz","article_publisher":"https:\/\/www.facebook.com\/people\/Notimemes-de-los-Polticos\/61565672886568\/","article_published_time":"2019-12-06T14:39:39+00:00","og_image":[{"width":600,"height":414,"url":"https:\/\/lospoliticosveracruz.com\/wp-content\/uploads\/2019\/12\/paola-y-adrian.jpg","type":"image\/jpeg"}],"author":"Lo viste en Los Pol\u00edticos","twitter_card":"summary_large_image","twitter_creator":"@LosPoliticosVer","twitter_site":"@LosPoliticosVer","twitter_misc":{"Escrito por":"Lo viste en Los Pol\u00edticos","Tiempo de lectura":"4 minutos"},"schema":{"@context":"https:\/\/schema.org","@graph":[{"@type":"Article","@id":"https:\/\/lospoliticosveracruz.com\/?p=51270#article","isPartOf":{"@id":"https:\/\/lospoliticosveracruz.com\/?p=51270"},"author":{"name":"Lo viste en Los Pol\u00edticos","@id":"https:\/\/lospoliticosveracruz.com\/#\/schema\/person\/b8702bb0e538456e6efd07080bf2a4a2"},"headline":"El PAN en C\u00f3rdoba elegir\u00e1 dirigencia este fin de semana, pero\u2026","datePublished":"2019-12-06T14:39:39+00:00","mainEntityOfPage":{"@id":"https:\/\/lospoliticosveracruz.com\/?p=51270"},"wordCount":861,"commentCount":0,"publisher":{"@id":"https:\/\/lospoliticosveracruz.com\/#organization"},"image":{"@id":"https:\/\/lospoliticosveracruz.com\/?p=51270#primaryimage"},"thumbnailUrl":"https:\/\/lospoliticosveracruz.com\/wp-content\/uploads\/2019\/12\/paola-y-adrian.jpg","keywords":["comit\u00e9 municipal","C\u00f3rdoba","Elisa Paola de Aquino Pardo","Hugo Fern\u00e1ndez Bernal","Iv\u00e1n Espinoza Hermida","Joaqu\u00edn Guzm\u00e1n Rosendo Avil\u00e9s","Oscar Coria Reyes","PAN","Tito Delf\u00edn Cano","Tom\u00e1s R\u00edos Bernal"],"articleSection":["De Opini\u00f3n"],"inLanguage":"es","potentialAction":[{"@type":"CommentAction","name":"Comment","target":["https:\/\/lospoliticosveracruz.com\/?p=51270#respond"]}]},{"@type":"WebPage","@id":"https:\/\/lospoliticosveracruz.com\/?p=51270","url":"https:\/\/lospoliticosveracruz.com\/?p=51270","name":"El PAN en C\u00f3rdoba elegir\u00e1 dirigencia este fin de semana, pero\u2026 - Los pol\u00edticos Veracruz","isPartOf":{"@id":"https:\/\/lospoliticosveracruz.com\/#website"},"primaryImageOfPage":{"@id":"https:\/\/lospoliticosveracruz.com\/?p=51270#primaryimage"},"image":{"@id":"https:\/\/lospoliticosveracruz.com\/?p=51270#primaryimage"},"thumbnailUrl":"https:\/\/lospoliticosveracruz.com\/wp-content\/uploads\/2019\/12\/paola-y-adrian.jpg","datePublished":"2019-12-06T14:39:39+00:00","breadcrumb":{"@id":"https:\/\/lospoliticosveracruz.com\/?p=51270#breadcrumb"},"inLanguage":"es","potentialAction":[{"@type":"ReadAction","target":["https:\/\/lospoliticosveracruz.com\/?p=51270"]}]},{"@type":"ImageObject","inLanguage":"es","@id":"https:\/\/lospoliticosveracruz.com\/?p=51270#primaryimage","url":"https:\/\/lospoliticosveracruz.com\/wp-content\/uploads\/2019\/12\/paola-y-adrian.jpg","contentUrl":"https:\/\/lospoliticosveracruz.com\/wp-content\/uploads\/2019\/12\/paola-y-adrian.jpg","width":600,"height":414},{"@type":"BreadcrumbList","@id":"https:\/\/lospoliticosveracruz.com\/?p=51270#breadcrumb","itemListElement":[{"@type":"ListItem","position":1,"name":"Portada","item":"https:\/\/lospoliticosveracruz.com\/"},{"@type":"ListItem","position":2,"name":"El PAN en C\u00f3rdoba elegir\u00e1 dirigencia este fin de semana, pero\u2026"}]},{"@type":"WebSite","@id":"https:\/\/lospoliticosveracruz.com\/#website","url":"https:\/\/lospoliticosveracruz.com\/","name":"Los pol\u00edticos Veracruz","description":"","publisher":{"@id":"https:\/\/lospoliticosveracruz.com\/#organization"},"potentialAction":[{"@type":"SearchAction","target":{"@type":"EntryPoint","urlTemplate":"https:\/\/lospoliticosveracruz.com\/?s={search_term_string}"},"query-input":{"@type":"PropertyValueSpecification","valueRequired":true,"valueName":"search_term_string"}}],"inLanguage":"es"},{"@type":"Organization","@id":"https:\/\/lospoliticosveracruz.com\/#organization","name":"Los pol\u00edticos Veracruz","url":"https:\/\/lospoliticosveracruz.com\/","logo":{"@type":"ImageObject","inLanguage":"es","@id":"https:\/\/lospoliticosveracruz.com\/#\/schema\/logo\/image\/","url":"https:\/\/lospoliticosveracruz.com\/wp-content\/uploads\/2025\/12\/Logo-Nuevo-LOS-POLITICOS-1.jpg","contentUrl":"https:\/\/lospoliticosveracruz.com\/wp-content\/uploads\/2025\/12\/Logo-Nuevo-LOS-POLITICOS-1.jpg","width":260,"height":70,"caption":"Los pol\u00edticos Veracruz"},"image":{"@id":"https:\/\/lospoliticosveracruz.com\/#\/schema\/logo\/image\/"},"sameAs":["https:\/\/www.facebook.com\/people\/Notimemes-de-los-Polticos\/61565672886568\/","https:\/\/x.com\/LosPoliticosVer"]},{"@type":"Person","@id":"https:\/\/lospoliticosveracruz.com\/#\/schema\/person\/b8702bb0e538456e6efd07080bf2a4a2","name":"Lo viste en Los Pol\u00edticos","image":{"@type":"ImageObject","inLanguage":"es","@id":"https:\/\/secure.gravatar.com\/avatar\/3a8de04a2656d44082be478bd6c086daa447c4651605818287b9532d3d0bd435?s=96&d=mm&r=g","url":"https:\/\/secure.gravatar.com\/avatar\/3a8de04a2656d44082be478bd6c086daa447c4651605818287b9532d3d0bd435?s=96&d=mm&r=g","contentUrl":"https:\/\/secure.gravatar.com\/avatar\/3a8de04a2656d44082be478bd6c086daa447c4651605818287b9532d3d0bd435?s=96&d=mm&r=g","caption":"Lo viste en Los Pol\u00edticos"},"url":"https:\/\/lospoliticosveracruz.com\/?author=2"}]}},"_links":{"self":[{"href":"https:\/\/lospoliticosveracruz.com\/index.php?rest_route=\/wp\/v2\/posts\/51270","targetHints":{"allow":["GET"]}}],"collection":[{"href":"https:\/\/lospoliticosveracruz.com\/index.php?rest_route=\/wp\/v2\/posts"}],"about":[{"href":"https:\/\/lospoliticosveracruz.com\/index.php?rest_route=\/wp\/v2\/types\/post"}],"author":[{"embeddable":true,"href":"https:\/\/lospoliticosveracruz.com\/index.php?rest_route=\/wp\/v2\/users\/2"}],"replies":[{"embeddable":true,"href":"https:\/\/lospoliticosveracruz.com\/index.php?rest_route=%2Fwp%2Fv2%2Fcomments&post=51270"}],"version-history":[{"count":1,"href":"https:\/\/lospoliticosveracruz.com\/index.php?rest_route=\/wp\/v2\/posts\/51270\/revisions"}],"predecessor-version":[{"id":51272,"href":"https:\/\/lospoliticosveracruz.com\/index.php?rest_route=\/wp\/v2\/posts\/51270\/revisions\/51272"}],"wp:featuredmedia":[{"embeddable":true,"href":"https:\/\/lospoliticosveracruz.com\/index.php?rest_route=\/wp\/v2\/media\/51271"}],"wp:attachment":[{"href":"https:\/\/lospoliticosveracruz.com\/index.php?rest_route=%2Fwp%2Fv2%2Fmedia&parent=51270"}],"wp:term":[{"taxonomy":"category","embeddable":true,"href":"https:\/\/lospoliticosveracruz.com\/index.php?rest_route=%2Fwp%2Fv2%2Fcategories&post=51270"},{"taxonomy":"post_tag","embeddable":true,"href":"https:\/\/lospoliticosveracruz.com\/index.php?rest_route=%2Fwp%2Fv2%2Ftags&post=51270"}],"curies":[{"name":"wp","href":"https:\/\/api.w.org\/{rel}","templated":true}]}}