{"id":51327,"date":"2019-12-09T23:03:37","date_gmt":"2019-12-10T05:03:37","guid":{"rendered":"http:\/\/www.lospoliticosveracruz.com.mx\/?p=51327"},"modified":"2019-12-09T20:05:38","modified_gmt":"2019-12-10T02:05:38","slug":"oposicion-desinteresada","status":"publish","type":"post","link":"https:\/\/lospoliticosveracruz.com\/?p=51327","title":{"rendered":"Oposici\u00f3n desinteresada"},"content":{"rendered":"<p><strong>Salvador Mu\u00f1oz<\/strong><\/p>\n<p><em>Los Pol\u00edticos<\/em><\/p>\n<p><span style=\"font-weight: 400;\">Acabaron las comparecencias del primer a\u00f1o de Gobierno y hay puntos por destacar:<\/span><\/p>\n<p><span style=\"font-weight: 400;\">El primero, sin duda alguna, ser\u00e1 que a partir de enero, la administraci\u00f3n estatal de Cuitl\u00e1huac Garc\u00eda Jim\u00e9nez ya no tendr\u00e1 pretexto alguno para acompa\u00f1ar su discurso con obras. Me explico mejor: durante todo este primer a\u00f1o, si hubo una cantaleta, fuera por el Gobierno o hasta los mismos diputados locales y federales, es que las administraciones anteriores dejaron un caos en las finanzas. Se entiende que en este lapso, se revis\u00f3, investig\u00f3 y en algunos casos, hasta se denunci\u00f3. Bueno, pues a partir de este segundo a\u00f1o de Gobierno, se tendr\u00e1 que ver m\u00e1s proyectos y por ende, m\u00e1s obras.<\/span><\/p>\n<p><span style=\"font-weight: 400;\">Por supuesto, se tiene que mantener el discurso de \u201clos gobiernos anteriores dejaron un caos\u201d para que al pueblo no se le olvide que algunos gobernadores generaron una burbuja de \u201cbienestar, progreso y desarrollo\u201d que al reventar, hab\u00eda arcas vac\u00edas, obras que se quedaron con \u201cla primera piedra\u201d y una econom\u00eda ficticia que s\u00f3lo se reflej\u00f3 en algunos funcionarios con mansiones, compra de bienes inmuebles y muebles, y un ritmo de vida que hoy queda en el recuerdo de sus a\u00f1os de bonanza.<\/span><\/p>\n<p><span style=\"font-weight: 400;\">El segundo punto, el papel de los diputados en general y los de la Oposici\u00f3n. De los 50 \u201ccuruleros\u201d que hay en el Congreso local, podemos hablar de dos de Morena presentes en la mayor\u00eda (si no es que en todas) de las comparecencias: Juan Javier G\u00f3mez Cazar\u00edn as\u00ed como Jos\u00e9 Manuel Pozos Castro. A destacar la presencia y participaci\u00f3n de Gonzalo Gu\u00edzar Valladares del Lado Correcto de la Historia as\u00ed como de Jorge Moreno Salinas.<\/span><\/p>\n<p><span style=\"font-weight: 400;\">Igual a destacar la participaci\u00f3n de Bingen Rementer\u00eda, Juan Manuel de Unanue, Rodrigo Garc\u00eda Escalante, Judith Pineda y Omar Miranda. Agreguen a Erika Ayala R\u00edos, incisiva. Igual, vale la pena citar a Antonio Garc\u00eda Reyes. Ana Miriam Ferr\u00e1ez y Rosalinda Galindo Silva, entre las morenas, las que m\u00e1s vi. Y hubo m\u00e1s pero destacan \u00e9stos. \u00a1Ah! Se me olvidaba Maleno Rosales y Nah\u00fam Alvarez Pellico, quienes parec\u00edan m\u00e1s oposici\u00f3n que muchos de oposici\u00f3n.<\/span><\/p>\n<p><span style=\"font-weight: 400;\">Dos puntos en este segundo punto:<\/span><span style=\"font-weight: 400;\"><br \/>\n<\/span><span style=\"font-weight: 400;\">a) Si bien, los diputados de oposici\u00f3n se mostraron incisivos, como que su enjundia se fue apagando conforme se acercaba el fin de las comparecencias.<\/span><\/p>\n<ol>\n<li><span style=\"font-weight: 400;\">b) El mejor ejemplo de ello fueron estas dos \u00faltimas comparecencias, la de Contralor\u00eda de Gobierno, como la de Protecci\u00f3n Civil. En ambas, nula la presencia de los diputados del PAN y sus disidentes; PRD, Verde, PRI y Movimiento Ciudadano\u2026 por all\u00ed se apareci\u00f3 Judith Pineda en la ma\u00f1ana de ayer para dar la cara por la segunda fuerza legislativa del Congreso\u2026 \u00a1una de 8!<\/span><\/li>\n<\/ol>\n<p><span style=\"font-weight: 400;\">Y por la tarde, ni un diputado de oposici\u00f3n hizo su aparici\u00f3n ante los siete u ocho diputados de Morena presentes, sin contar los tres de la Comisi\u00f3n respectiva. \u00a1Vamos! Hasta Ana Miriam Ferr\u00e1ez se lament\u00f3 la ausencia de legisladores de la llamada \u201coposici\u00f3n\u201d&#8230;<\/span><\/p>\n<p><span style=\"font-weight: 400;\">En fin\u2026 si la Oposici\u00f3n quiere de verdad ser Oposici\u00f3n, debe parecer Oposici\u00f3n y aprovechar estas instancias para preguntar, cuestionar, ser incisivo, as\u00ed, como fueron con Roberto Ramos Alor, quien ni siquiera meti\u00f3 sus manitas\u2026 pero si dejan pasar estas oportunidades, tendr\u00e1n que esperar un a\u00f1o y a veces, muchas cosas pueden pasar mientras tanto\u2026<\/span><\/p>\n<p><span style=\"font-weight: 400;\">Hoy, la Oposici\u00f3n se vio mal, desinteresada, pero no por la Contralor\u00eda o Protecci\u00f3n Civil, sino desinteresada en su trabajo y sobre todo, en los veracruzanos\u2026<\/span><\/p>\n<p>&nbsp;<\/p>\n<p><span style=\"font-weight: 400;\">smcainito@gmail.com<\/span><\/p>\n<p>&nbsp;<\/p>\n","protected":false},"excerpt":{"rendered":"<p>Salvador Mu\u00f1oz Los Pol\u00edticos Acabaron las comparecencias del primer a\u00f1o de Gobierno y hay puntos por destacar: El primero, sin duda alguna, ser\u00e1 que a partir de enero, la administraci\u00f3n estatal de Cuitl\u00e1huac Garc\u00eda Jim\u00e9nez ya no tendr\u00e1 pretexto alguno para acompa\u00f1ar su discurso con obras. Me explico mejor: durante todo este primer a\u00f1o, si [&hellip;]<\/p>\n","protected":false},"author":2,"featured_media":51328,"comment_status":"open","ping_status":"open","sticky":false,"template":"","format":"standard","meta":{"tdm_status":"","tdm_grid_status":"","footnotes":""},"categories":[70],"tags":[4684,830,1563,84,3525,6732,7647,13812,15028,12807,600,3722,10669,2646],"class_list":{"0":"post-51327","1":"post","2":"type-post","3":"status-publish","4":"format-standard","5":"has-post-thumbnail","7":"category-de-opinion","8":"tag-bingen-rementeria","9":"tag-comparecencias","10":"tag-cuitlahuac-garcia-jimenez","11":"tag-diputados","12":"tag-erika-ayala-rios","13":"tag-juan-manuel-de-unanue","14":"tag-judith-pineda","15":"tag-maleno-rosales","16":"tag-nahum-alvarez-pellico","17":"tag-omar-miranda","18":"tag-oposicion","19":"tag-rodrigo-garcia-escalante","20":"tag-rosalinda-galindo-silva","21":"tag-salvador-munoz"},"yoast_head":"<!-- This site is optimized with the Yoast SEO plugin v27.4 - https:\/\/yoast.com\/product\/yoast-seo-wordpress\/ -->\n<title>Oposici\u00f3n desinteresada - Los pol\u00edticos Veracruz<\/title>\n<meta name=\"robots\" content=\"index, follow, max-snippet:-1, max-image-preview:large, max-video-preview:-1\" \/>\n<link rel=\"canonical\" href=\"https:\/\/lospoliticosveracruz.com\/?p=51327\" \/>\n<meta property=\"og:locale\" content=\"es_ES\" \/>\n<meta property=\"og:type\" content=\"article\" \/>\n<meta property=\"og:title\" content=\"Oposici\u00f3n desinteresada - Los pol\u00edticos Veracruz\" \/>\n<meta property=\"og:description\" content=\"Salvador Mu\u00f1oz Los Pol\u00edticos Acabaron las comparecencias del primer a\u00f1o de Gobierno y hay puntos por destacar: El primero, sin duda alguna, ser\u00e1 que a partir de enero, la administraci\u00f3n estatal de Cuitl\u00e1huac Garc\u00eda Jim\u00e9nez ya no tendr\u00e1 pretexto alguno para acompa\u00f1ar su discurso con obras. Me explico mejor: durante todo este primer a\u00f1o, si [&hellip;]\" \/>\n<meta property=\"og:url\" content=\"https:\/\/lospoliticosveracruz.com\/?p=51327\" \/>\n<meta property=\"og:site_name\" content=\"Los pol\u00edticos Veracruz\" \/>\n<meta property=\"article:publisher\" content=\"https:\/\/www.facebook.com\/people\/Notimemes-de-los-Polticos\/61565672886568\/\" \/>\n<meta property=\"article:published_time\" content=\"2019-12-10T05:03:37+00:00\" \/>\n<meta property=\"og:image\" content=\"https:\/\/lospoliticosveracruz.com\/wp-content\/uploads\/2019\/12\/AUSENCIA.jpg\" \/>\n\t<meta property=\"og:image:width\" content=\"600\" \/>\n\t<meta property=\"og:image:height\" content=\"400\" \/>\n\t<meta property=\"og:image:type\" content=\"image\/jpeg\" \/>\n<meta name=\"author\" content=\"Lo viste en Los Pol\u00edticos\" \/>\n<meta name=\"twitter:card\" content=\"summary_large_image\" \/>\n<meta name=\"twitter:creator\" content=\"@LosPoliticosVer\" \/>\n<meta name=\"twitter:site\" content=\"@LosPoliticosVer\" \/>\n<meta name=\"twitter:label1\" content=\"Escrito por\" \/>\n\t<meta name=\"twitter:data1\" content=\"Lo viste en Los Pol\u00edticos\" \/>\n\t<meta name=\"twitter:label2\" content=\"Tiempo de lectura\" \/>\n\t<meta name=\"twitter:data2\" content=\"3 minutos\" \/>\n<script type=\"application\/ld+json\" class=\"yoast-schema-graph\">{\"@context\":\"https:\\\/\\\/schema.org\",\"@graph\":[{\"@type\":\"Article\",\"@id\":\"https:\\\/\\\/lospoliticosveracruz.com\\\/?p=51327#article\",\"isPartOf\":{\"@id\":\"https:\\\/\\\/lospoliticosveracruz.com\\\/?p=51327\"},\"author\":{\"name\":\"Lo viste en Los Pol\u00edticos\",\"@id\":\"https:\\\/\\\/lospoliticosveracruz.com\\\/#\\\/schema\\\/person\\\/b8702bb0e538456e6efd07080bf2a4a2\"},\"headline\":\"Oposici\u00f3n desinteresada\",\"datePublished\":\"2019-12-10T05:03:37+00:00\",\"mainEntityOfPage\":{\"@id\":\"https:\\\/\\\/lospoliticosveracruz.com\\\/?p=51327\"},\"wordCount\":630,\"commentCount\":0,\"publisher\":{\"@id\":\"https:\\\/\\\/lospoliticosveracruz.com\\\/#organization\"},\"image\":{\"@id\":\"https:\\\/\\\/lospoliticosveracruz.com\\\/?p=51327#primaryimage\"},\"thumbnailUrl\":\"https:\\\/\\\/lospoliticosveracruz.com\\\/wp-content\\\/uploads\\\/2019\\\/12\\\/AUSENCIA.jpg\",\"keywords\":[\"Bingen Rementer\u00eda\",\"comparecencias\",\"Cuitl\u00e1huac Garc\u00eda Jim\u00e9nez\",\"Diputados\",\"Erika Ayala R\u00edos\",\"Juan Manuel de Unanue\",\"Judith Pineda+\",\"Maleno Rosales\",\"Nahum Alvarez Pellico\",\"Omar Miranda\",\"oposici\u00f3n\",\"Rodrigo Garc\u00eda Escalante\",\"Rosalinda Galindo Silva\",\"Salvador Mu\u00f1oz\"],\"articleSection\":[\"De Opini\u00f3n\"],\"inLanguage\":\"es\",\"potentialAction\":[{\"@type\":\"CommentAction\",\"name\":\"Comment\",\"target\":[\"https:\\\/\\\/lospoliticosveracruz.com\\\/?p=51327#respond\"]}]},{\"@type\":\"WebPage\",\"@id\":\"https:\\\/\\\/lospoliticosveracruz.com\\\/?p=51327\",\"url\":\"https:\\\/\\\/lospoliticosveracruz.com\\\/?p=51327\",\"name\":\"Oposici\u00f3n desinteresada - Los pol\u00edticos Veracruz\",\"isPartOf\":{\"@id\":\"https:\\\/\\\/lospoliticosveracruz.com\\\/#website\"},\"primaryImageOfPage\":{\"@id\":\"https:\\\/\\\/lospoliticosveracruz.com\\\/?p=51327#primaryimage\"},\"image\":{\"@id\":\"https:\\\/\\\/lospoliticosveracruz.com\\\/?p=51327#primaryimage\"},\"thumbnailUrl\":\"https:\\\/\\\/lospoliticosveracruz.com\\\/wp-content\\\/uploads\\\/2019\\\/12\\\/AUSENCIA.jpg\",\"datePublished\":\"2019-12-10T05:03:37+00:00\",\"breadcrumb\":{\"@id\":\"https:\\\/\\\/lospoliticosveracruz.com\\\/?p=51327#breadcrumb\"},\"inLanguage\":\"es\",\"potentialAction\":[{\"@type\":\"ReadAction\",\"target\":[\"https:\\\/\\\/lospoliticosveracruz.com\\\/?p=51327\"]}]},{\"@type\":\"ImageObject\",\"inLanguage\":\"es\",\"@id\":\"https:\\\/\\\/lospoliticosveracruz.com\\\/?p=51327#primaryimage\",\"url\":\"https:\\\/\\\/lospoliticosveracruz.com\\\/wp-content\\\/uploads\\\/2019\\\/12\\\/AUSENCIA.jpg\",\"contentUrl\":\"https:\\\/\\\/lospoliticosveracruz.com\\\/wp-content\\\/uploads\\\/2019\\\/12\\\/AUSENCIA.jpg\",\"width\":600,\"height\":400},{\"@type\":\"BreadcrumbList\",\"@id\":\"https:\\\/\\\/lospoliticosveracruz.com\\\/?p=51327#breadcrumb\",\"itemListElement\":[{\"@type\":\"ListItem\",\"position\":1,\"name\":\"Portada\",\"item\":\"https:\\\/\\\/lospoliticosveracruz.com\\\/\"},{\"@type\":\"ListItem\",\"position\":2,\"name\":\"Oposici\u00f3n desinteresada\"}]},{\"@type\":\"WebSite\",\"@id\":\"https:\\\/\\\/lospoliticosveracruz.com\\\/#website\",\"url\":\"https:\\\/\\\/lospoliticosveracruz.com\\\/\",\"name\":\"Los pol\u00edticos Veracruz\",\"description\":\"\",\"publisher\":{\"@id\":\"https:\\\/\\\/lospoliticosveracruz.com\\\/#organization\"},\"potentialAction\":[{\"@type\":\"SearchAction\",\"target\":{\"@type\":\"EntryPoint\",\"urlTemplate\":\"https:\\\/\\\/lospoliticosveracruz.com\\\/?s={search_term_string}\"},\"query-input\":{\"@type\":\"PropertyValueSpecification\",\"valueRequired\":true,\"valueName\":\"search_term_string\"}}],\"inLanguage\":\"es\"},{\"@type\":\"Organization\",\"@id\":\"https:\\\/\\\/lospoliticosveracruz.com\\\/#organization\",\"name\":\"Los pol\u00edticos Veracruz\",\"url\":\"https:\\\/\\\/lospoliticosveracruz.com\\\/\",\"logo\":{\"@type\":\"ImageObject\",\"inLanguage\":\"es\",\"@id\":\"https:\\\/\\\/lospoliticosveracruz.com\\\/#\\\/schema\\\/logo\\\/image\\\/\",\"url\":\"https:\\\/\\\/lospoliticosveracruz.com\\\/wp-content\\\/uploads\\\/2025\\\/12\\\/Logo-Nuevo-LOS-POLITICOS-1.jpg\",\"contentUrl\":\"https:\\\/\\\/lospoliticosveracruz.com\\\/wp-content\\\/uploads\\\/2025\\\/12\\\/Logo-Nuevo-LOS-POLITICOS-1.jpg\",\"width\":260,\"height\":70,\"caption\":\"Los pol\u00edticos Veracruz\"},\"image\":{\"@id\":\"https:\\\/\\\/lospoliticosveracruz.com\\\/#\\\/schema\\\/logo\\\/image\\\/\"},\"sameAs\":[\"https:\\\/\\\/www.facebook.com\\\/people\\\/Notimemes-de-los-Polticos\\\/61565672886568\\\/\",\"https:\\\/\\\/x.com\\\/LosPoliticosVer\"]},{\"@type\":\"Person\",\"@id\":\"https:\\\/\\\/lospoliticosveracruz.com\\\/#\\\/schema\\\/person\\\/b8702bb0e538456e6efd07080bf2a4a2\",\"name\":\"Lo viste en Los Pol\u00edticos\",\"image\":{\"@type\":\"ImageObject\",\"inLanguage\":\"es\",\"@id\":\"https:\\\/\\\/secure.gravatar.com\\\/avatar\\\/3a8de04a2656d44082be478bd6c086daa447c4651605818287b9532d3d0bd435?s=96&d=mm&r=g\",\"url\":\"https:\\\/\\\/secure.gravatar.com\\\/avatar\\\/3a8de04a2656d44082be478bd6c086daa447c4651605818287b9532d3d0bd435?s=96&d=mm&r=g\",\"contentUrl\":\"https:\\\/\\\/secure.gravatar.com\\\/avatar\\\/3a8de04a2656d44082be478bd6c086daa447c4651605818287b9532d3d0bd435?s=96&d=mm&r=g\",\"caption\":\"Lo viste en Los Pol\u00edticos\"},\"url\":\"https:\\\/\\\/lospoliticosveracruz.com\\\/?author=2\"}]}<\/script>\n<!-- \/ Yoast SEO plugin. -->","yoast_head_json":{"title":"Oposici\u00f3n desinteresada - Los pol\u00edticos Veracruz","robots":{"index":"index","follow":"follow","max-snippet":"max-snippet:-1","max-image-preview":"max-image-preview:large","max-video-preview":"max-video-preview:-1"},"canonical":"https:\/\/lospoliticosveracruz.com\/?p=51327","og_locale":"es_ES","og_type":"article","og_title":"Oposici\u00f3n desinteresada - Los pol\u00edticos Veracruz","og_description":"Salvador Mu\u00f1oz Los Pol\u00edticos Acabaron las comparecencias del primer a\u00f1o de Gobierno y hay puntos por destacar: El primero, sin duda alguna, ser\u00e1 que a partir de enero, la administraci\u00f3n estatal de Cuitl\u00e1huac Garc\u00eda Jim\u00e9nez ya no tendr\u00e1 pretexto alguno para acompa\u00f1ar su discurso con obras. Me explico mejor: durante todo este primer a\u00f1o, si [&hellip;]","og_url":"https:\/\/lospoliticosveracruz.com\/?p=51327","og_site_name":"Los pol\u00edticos Veracruz","article_publisher":"https:\/\/www.facebook.com\/people\/Notimemes-de-los-Polticos\/61565672886568\/","article_published_time":"2019-12-10T05:03:37+00:00","og_image":[{"width":600,"height":400,"url":"https:\/\/lospoliticosveracruz.com\/wp-content\/uploads\/2019\/12\/AUSENCIA.jpg","type":"image\/jpeg"}],"author":"Lo viste en Los Pol\u00edticos","twitter_card":"summary_large_image","twitter_creator":"@LosPoliticosVer","twitter_site":"@LosPoliticosVer","twitter_misc":{"Escrito por":"Lo viste en Los Pol\u00edticos","Tiempo de lectura":"3 minutos"},"schema":{"@context":"https:\/\/schema.org","@graph":[{"@type":"Article","@id":"https:\/\/lospoliticosveracruz.com\/?p=51327#article","isPartOf":{"@id":"https:\/\/lospoliticosveracruz.com\/?p=51327"},"author":{"name":"Lo viste en Los Pol\u00edticos","@id":"https:\/\/lospoliticosveracruz.com\/#\/schema\/person\/b8702bb0e538456e6efd07080bf2a4a2"},"headline":"Oposici\u00f3n desinteresada","datePublished":"2019-12-10T05:03:37+00:00","mainEntityOfPage":{"@id":"https:\/\/lospoliticosveracruz.com\/?p=51327"},"wordCount":630,"commentCount":0,"publisher":{"@id":"https:\/\/lospoliticosveracruz.com\/#organization"},"image":{"@id":"https:\/\/lospoliticosveracruz.com\/?p=51327#primaryimage"},"thumbnailUrl":"https:\/\/lospoliticosveracruz.com\/wp-content\/uploads\/2019\/12\/AUSENCIA.jpg","keywords":["Bingen Rementer\u00eda","comparecencias","Cuitl\u00e1huac Garc\u00eda Jim\u00e9nez","Diputados","Erika Ayala R\u00edos","Juan Manuel de Unanue","Judith Pineda+","Maleno Rosales","Nahum Alvarez Pellico","Omar Miranda","oposici\u00f3n","Rodrigo Garc\u00eda Escalante","Rosalinda Galindo Silva","Salvador Mu\u00f1oz"],"articleSection":["De Opini\u00f3n"],"inLanguage":"es","potentialAction":[{"@type":"CommentAction","name":"Comment","target":["https:\/\/lospoliticosveracruz.com\/?p=51327#respond"]}]},{"@type":"WebPage","@id":"https:\/\/lospoliticosveracruz.com\/?p=51327","url":"https:\/\/lospoliticosveracruz.com\/?p=51327","name":"Oposici\u00f3n desinteresada - Los pol\u00edticos Veracruz","isPartOf":{"@id":"https:\/\/lospoliticosveracruz.com\/#website"},"primaryImageOfPage":{"@id":"https:\/\/lospoliticosveracruz.com\/?p=51327#primaryimage"},"image":{"@id":"https:\/\/lospoliticosveracruz.com\/?p=51327#primaryimage"},"thumbnailUrl":"https:\/\/lospoliticosveracruz.com\/wp-content\/uploads\/2019\/12\/AUSENCIA.jpg","datePublished":"2019-12-10T05:03:37+00:00","breadcrumb":{"@id":"https:\/\/lospoliticosveracruz.com\/?p=51327#breadcrumb"},"inLanguage":"es","potentialAction":[{"@type":"ReadAction","target":["https:\/\/lospoliticosveracruz.com\/?p=51327"]}]},{"@type":"ImageObject","inLanguage":"es","@id":"https:\/\/lospoliticosveracruz.com\/?p=51327#primaryimage","url":"https:\/\/lospoliticosveracruz.com\/wp-content\/uploads\/2019\/12\/AUSENCIA.jpg","contentUrl":"https:\/\/lospoliticosveracruz.com\/wp-content\/uploads\/2019\/12\/AUSENCIA.jpg","width":600,"height":400},{"@type":"BreadcrumbList","@id":"https:\/\/lospoliticosveracruz.com\/?p=51327#breadcrumb","itemListElement":[{"@type":"ListItem","position":1,"name":"Portada","item":"https:\/\/lospoliticosveracruz.com\/"},{"@type":"ListItem","position":2,"name":"Oposici\u00f3n desinteresada"}]},{"@type":"WebSite","@id":"https:\/\/lospoliticosveracruz.com\/#website","url":"https:\/\/lospoliticosveracruz.com\/","name":"Los pol\u00edticos Veracruz","description":"","publisher":{"@id":"https:\/\/lospoliticosveracruz.com\/#organization"},"potentialAction":[{"@type":"SearchAction","target":{"@type":"EntryPoint","urlTemplate":"https:\/\/lospoliticosveracruz.com\/?s={search_term_string}"},"query-input":{"@type":"PropertyValueSpecification","valueRequired":true,"valueName":"search_term_string"}}],"inLanguage":"es"},{"@type":"Organization","@id":"https:\/\/lospoliticosveracruz.com\/#organization","name":"Los pol\u00edticos Veracruz","url":"https:\/\/lospoliticosveracruz.com\/","logo":{"@type":"ImageObject","inLanguage":"es","@id":"https:\/\/lospoliticosveracruz.com\/#\/schema\/logo\/image\/","url":"https:\/\/lospoliticosveracruz.com\/wp-content\/uploads\/2025\/12\/Logo-Nuevo-LOS-POLITICOS-1.jpg","contentUrl":"https:\/\/lospoliticosveracruz.com\/wp-content\/uploads\/2025\/12\/Logo-Nuevo-LOS-POLITICOS-1.jpg","width":260,"height":70,"caption":"Los pol\u00edticos Veracruz"},"image":{"@id":"https:\/\/lospoliticosveracruz.com\/#\/schema\/logo\/image\/"},"sameAs":["https:\/\/www.facebook.com\/people\/Notimemes-de-los-Polticos\/61565672886568\/","https:\/\/x.com\/LosPoliticosVer"]},{"@type":"Person","@id":"https:\/\/lospoliticosveracruz.com\/#\/schema\/person\/b8702bb0e538456e6efd07080bf2a4a2","name":"Lo viste en Los Pol\u00edticos","image":{"@type":"ImageObject","inLanguage":"es","@id":"https:\/\/secure.gravatar.com\/avatar\/3a8de04a2656d44082be478bd6c086daa447c4651605818287b9532d3d0bd435?s=96&d=mm&r=g","url":"https:\/\/secure.gravatar.com\/avatar\/3a8de04a2656d44082be478bd6c086daa447c4651605818287b9532d3d0bd435?s=96&d=mm&r=g","contentUrl":"https:\/\/secure.gravatar.com\/avatar\/3a8de04a2656d44082be478bd6c086daa447c4651605818287b9532d3d0bd435?s=96&d=mm&r=g","caption":"Lo viste en Los Pol\u00edticos"},"url":"https:\/\/lospoliticosveracruz.com\/?author=2"}]}},"_links":{"self":[{"href":"https:\/\/lospoliticosveracruz.com\/index.php?rest_route=\/wp\/v2\/posts\/51327","targetHints":{"allow":["GET"]}}],"collection":[{"href":"https:\/\/lospoliticosveracruz.com\/index.php?rest_route=\/wp\/v2\/posts"}],"about":[{"href":"https:\/\/lospoliticosveracruz.com\/index.php?rest_route=\/wp\/v2\/types\/post"}],"author":[{"embeddable":true,"href":"https:\/\/lospoliticosveracruz.com\/index.php?rest_route=\/wp\/v2\/users\/2"}],"replies":[{"embeddable":true,"href":"https:\/\/lospoliticosveracruz.com\/index.php?rest_route=%2Fwp%2Fv2%2Fcomments&post=51327"}],"version-history":[{"count":1,"href":"https:\/\/lospoliticosveracruz.com\/index.php?rest_route=\/wp\/v2\/posts\/51327\/revisions"}],"predecessor-version":[{"id":51329,"href":"https:\/\/lospoliticosveracruz.com\/index.php?rest_route=\/wp\/v2\/posts\/51327\/revisions\/51329"}],"wp:featuredmedia":[{"embeddable":true,"href":"https:\/\/lospoliticosveracruz.com\/index.php?rest_route=\/wp\/v2\/media\/51328"}],"wp:attachment":[{"href":"https:\/\/lospoliticosveracruz.com\/index.php?rest_route=%2Fwp%2Fv2%2Fmedia&parent=51327"}],"wp:term":[{"taxonomy":"category","embeddable":true,"href":"https:\/\/lospoliticosveracruz.com\/index.php?rest_route=%2Fwp%2Fv2%2Fcategories&post=51327"},{"taxonomy":"post_tag","embeddable":true,"href":"https:\/\/lospoliticosveracruz.com\/index.php?rest_route=%2Fwp%2Fv2%2Ftags&post=51327"}],"curies":[{"name":"wp","href":"https:\/\/api.w.org\/{rel}","templated":true}]}}