{"id":51341,"date":"2019-12-10T09:15:29","date_gmt":"2019-12-10T15:15:29","guid":{"rendered":"http:\/\/www.lospoliticosveracruz.com.mx\/?p=51341"},"modified":"2019-12-10T09:15:29","modified_gmt":"2019-12-10T15:15:29","slug":"performance","status":"publish","type":"post","link":"https:\/\/lospoliticosveracruz.com\/?p=51341","title":{"rendered":"Performance"},"content":{"rendered":"<p>&nbsp;<\/p>\n<p><strong>Sergio Gonz\u00e1lez Levet<\/strong><\/p>\n<p><em>Sin tacto<\/em><\/p>\n<p>Es s\u00e1bado por la ya avanzada ma\u00f1ana en el malec\u00f3n de Veracruz. Contra lo que opina la secretaria de Turismo X\u00f3chitl-Salom\u00e9, hay pocos turistas en la zona -extranjeros, ninguno- y la gente que apenas pulula son los mismos informales de siempre, vendedores jarochos e indios que ofrecen fayuca y artesan\u00edas, y casi dan regalado porque no hay clientes pa trabajar.<\/p>\n<p>Uno de ellos se hab\u00eda acercado al protagonista y le enderez\u00f3 un perfume \u201coriginal\u201d, es decir un clon, de Carolina Herrera, \u00e9se que viene en una botella con forma de zapatilla, en solamente cien pesos, cuando la oferta inicial era de 350.<\/p>\n<p>De pronto, por el lado que da a las nieves del G\u00fcero g\u00fcero, g\u00fcera g\u00fcera, se ve una especie de barullo, un movimiento inusitado aunque discreto. El protagonista voltea desde la mesa en la que est\u00e1 sentado, atr\u00e1s de una ma\u00f1anera cerveza, y alcanza a ver que aparece caminando con paso acelerado, de pol\u00edtico poderoso, el mismo Cuitl\u00e1huac Garc\u00eda, Gobernador de Veracruz.<\/p>\n<p>Viene solo, aunque rodeado de guaruras. Pisa fuerte dentro de la burbuja de protecci\u00f3n que le facilitan los hombres de seguridad, preparados para todo, hasta el manejo de ciudadanos impertinentes.<\/p>\n<p>El protagonista piensa que el Gobernador se ve no molesto, sino inc\u00f3modo, con un rictus que a las claras le dice a su imaginaci\u00f3n que no sabr\u00eda qu\u00e9 hacer si alguien se le acercara a saludarlo, a hacerle una petici\u00f3n, a felicitarlo, a criticarlo, a reclamarle. Qu\u00e9 horror.<\/p>\n<p>Es sabadaba y tuvo que salir a trabajar por la ma\u00f1ana (la noche salsera es otra cosa, un momento ganado a pulso y minuto a minuto durante toda la semana de este trabajo que no da las satisfacciones que le prometieron en su casa, cuando lo empujaron a la aventura ignota de la pol\u00edtica). Pero es s\u00e1bado a\u00fan temprano, y todav\u00eda hay que echarle el resto al saludo en p\u00fablico, al mensaje siempre mal dicho, a la pl\u00e1tica con ciudadanos a los que nunca atina a decir la frase correcta, la expresi\u00f3n indicada, la mentira piadosa que los calme, que los convenza.<\/p>\n<p>El protagonista lo ve pasar, y unos minutos despu\u00e9s se da cuenta de que lo que sucedi\u00f3 se ajusta casi perfectamente a la primera parte de la canci\u00f3n inmortal de Leonardo Favio, y as\u00ed termina el performance:<\/p>\n<p>Hoy lo vi, fue casualidad.<\/p>\n<p>Yo estaba en el bar,<\/p>\n<p>me mir\u00f3 al pasar.<\/p>\n<p>Yo le sonre\u00ed<\/p>\n<p>y le quise hablar.<\/p>\n<p>Me pidi\u00f3 que no,<\/p>\n<p>que otra vez ser\u00e1.<\/p>\n<p>Que otra vez ser\u00e1\u2026<\/p>\n<p>Que otra vez ser\u00e1\u2026<\/p>\n<p>Tierno amanecer,<\/p>\n<p>\u00a1s\u00e9 que nunca m\u00e1s!<\/p>\n<p>&nbsp;<\/p>\n<p><a href=\"mailto:sglevet@gmail.com\">sglevet@gmail.com<\/a><\/p>\n","protected":false},"excerpt":{"rendered":"<p>&nbsp; Sergio Gonz\u00e1lez Levet Sin tacto Es s\u00e1bado por la ya avanzada ma\u00f1ana en el malec\u00f3n de Veracruz. Contra lo que opina la secretaria de Turismo X\u00f3chitl-Salom\u00e9, hay pocos turistas en la zona -extranjeros, ninguno- y la gente que apenas pulula son los mismos informales de siempre, vendedores jarochos e indios que ofrecen fayuca y [&hellip;]<\/p>\n","protected":false},"author":2,"featured_media":51342,"comment_status":"open","ping_status":"open","sticky":false,"template":"","format":"standard","meta":{"tdm_status":"","tdm_grid_status":"","footnotes":""},"categories":[70],"tags":[1681,14075,1282,198],"class_list":{"0":"post-51341","1":"post","2":"type-post","3":"status-publish","4":"format-standard","5":"has-post-thumbnail","7":"category-de-opinion","8":"tag-cuitlahuac-garcia","9":"tag-malecon-de-veracruz","10":"tag-sergio-gonzalez-levet","11":"tag-turismo"},"yoast_head":"<!-- This site is optimized with the Yoast SEO plugin v27.4 - https:\/\/yoast.com\/product\/yoast-seo-wordpress\/ -->\n<title>Performance - Los pol\u00edticos Veracruz<\/title>\n<meta name=\"robots\" content=\"index, follow, max-snippet:-1, max-image-preview:large, max-video-preview:-1\" \/>\n<link rel=\"canonical\" href=\"https:\/\/lospoliticosveracruz.com\/?p=51341\" \/>\n<meta property=\"og:locale\" content=\"es_ES\" \/>\n<meta property=\"og:type\" content=\"article\" \/>\n<meta property=\"og:title\" content=\"Performance - Los pol\u00edticos Veracruz\" \/>\n<meta property=\"og:description\" content=\"&nbsp; Sergio Gonz\u00e1lez Levet Sin tacto Es s\u00e1bado por la ya avanzada ma\u00f1ana en el malec\u00f3n de Veracruz. Contra lo que opina la secretaria de Turismo X\u00f3chitl-Salom\u00e9, hay pocos turistas en la zona -extranjeros, ninguno- y la gente que apenas pulula son los mismos informales de siempre, vendedores jarochos e indios que ofrecen fayuca y [&hellip;]\" \/>\n<meta property=\"og:url\" content=\"https:\/\/lospoliticosveracruz.com\/?p=51341\" \/>\n<meta property=\"og:site_name\" content=\"Los pol\u00edticos Veracruz\" \/>\n<meta property=\"article:publisher\" content=\"https:\/\/www.facebook.com\/people\/Notimemes-de-los-Polticos\/61565672886568\/\" \/>\n<meta property=\"article:published_time\" content=\"2019-12-10T15:15:29+00:00\" \/>\n<meta property=\"og:image\" content=\"https:\/\/lospoliticosveracruz.com\/wp-content\/uploads\/2019\/12\/Leonardo-Favio.jpg\" \/>\n\t<meta property=\"og:image:width\" content=\"600\" \/>\n\t<meta property=\"og:image:height\" content=\"450\" \/>\n\t<meta property=\"og:image:type\" content=\"image\/jpeg\" \/>\n<meta name=\"author\" content=\"Lo viste en Los Pol\u00edticos\" \/>\n<meta name=\"twitter:card\" content=\"summary_large_image\" \/>\n<meta name=\"twitter:creator\" content=\"@LosPoliticosVer\" \/>\n<meta name=\"twitter:site\" content=\"@LosPoliticosVer\" \/>\n<meta name=\"twitter:label1\" content=\"Escrito por\" \/>\n\t<meta name=\"twitter:data1\" content=\"Lo viste en Los Pol\u00edticos\" \/>\n\t<meta name=\"twitter:label2\" content=\"Tiempo de lectura\" \/>\n\t<meta name=\"twitter:data2\" content=\"2 minutos\" \/>\n<script type=\"application\/ld+json\" class=\"yoast-schema-graph\">{\"@context\":\"https:\\\/\\\/schema.org\",\"@graph\":[{\"@type\":\"Article\",\"@id\":\"https:\\\/\\\/lospoliticosveracruz.com\\\/?p=51341#article\",\"isPartOf\":{\"@id\":\"https:\\\/\\\/lospoliticosveracruz.com\\\/?p=51341\"},\"author\":{\"name\":\"Lo viste en Los Pol\u00edticos\",\"@id\":\"https:\\\/\\\/lospoliticosveracruz.com\\\/#\\\/schema\\\/person\\\/b8702bb0e538456e6efd07080bf2a4a2\"},\"headline\":\"Performance\",\"datePublished\":\"2019-12-10T15:15:29+00:00\",\"mainEntityOfPage\":{\"@id\":\"https:\\\/\\\/lospoliticosveracruz.com\\\/?p=51341\"},\"wordCount\":466,\"commentCount\":0,\"publisher\":{\"@id\":\"https:\\\/\\\/lospoliticosveracruz.com\\\/#organization\"},\"image\":{\"@id\":\"https:\\\/\\\/lospoliticosveracruz.com\\\/?p=51341#primaryimage\"},\"thumbnailUrl\":\"https:\\\/\\\/lospoliticosveracruz.com\\\/wp-content\\\/uploads\\\/2019\\\/12\\\/Leonardo-Favio.jpg\",\"keywords\":[\"Cuitl\u00e1huac Garc\u00eda\",\"malec\u00f3n de Veracruz\",\"Sergio Gonz\u00e1lez Levet\",\"Turismo\"],\"articleSection\":[\"De Opini\u00f3n\"],\"inLanguage\":\"es\",\"potentialAction\":[{\"@type\":\"CommentAction\",\"name\":\"Comment\",\"target\":[\"https:\\\/\\\/lospoliticosveracruz.com\\\/?p=51341#respond\"]}]},{\"@type\":\"WebPage\",\"@id\":\"https:\\\/\\\/lospoliticosveracruz.com\\\/?p=51341\",\"url\":\"https:\\\/\\\/lospoliticosveracruz.com\\\/?p=51341\",\"name\":\"Performance - Los pol\u00edticos Veracruz\",\"isPartOf\":{\"@id\":\"https:\\\/\\\/lospoliticosveracruz.com\\\/#website\"},\"primaryImageOfPage\":{\"@id\":\"https:\\\/\\\/lospoliticosveracruz.com\\\/?p=51341#primaryimage\"},\"image\":{\"@id\":\"https:\\\/\\\/lospoliticosveracruz.com\\\/?p=51341#primaryimage\"},\"thumbnailUrl\":\"https:\\\/\\\/lospoliticosveracruz.com\\\/wp-content\\\/uploads\\\/2019\\\/12\\\/Leonardo-Favio.jpg\",\"datePublished\":\"2019-12-10T15:15:29+00:00\",\"breadcrumb\":{\"@id\":\"https:\\\/\\\/lospoliticosveracruz.com\\\/?p=51341#breadcrumb\"},\"inLanguage\":\"es\",\"potentialAction\":[{\"@type\":\"ReadAction\",\"target\":[\"https:\\\/\\\/lospoliticosveracruz.com\\\/?p=51341\"]}]},{\"@type\":\"ImageObject\",\"inLanguage\":\"es\",\"@id\":\"https:\\\/\\\/lospoliticosveracruz.com\\\/?p=51341#primaryimage\",\"url\":\"https:\\\/\\\/lospoliticosveracruz.com\\\/wp-content\\\/uploads\\\/2019\\\/12\\\/Leonardo-Favio.jpg\",\"contentUrl\":\"https:\\\/\\\/lospoliticosveracruz.com\\\/wp-content\\\/uploads\\\/2019\\\/12\\\/Leonardo-Favio.jpg\",\"width\":600,\"height\":450},{\"@type\":\"BreadcrumbList\",\"@id\":\"https:\\\/\\\/lospoliticosveracruz.com\\\/?p=51341#breadcrumb\",\"itemListElement\":[{\"@type\":\"ListItem\",\"position\":1,\"name\":\"Portada\",\"item\":\"https:\\\/\\\/lospoliticosveracruz.com\\\/\"},{\"@type\":\"ListItem\",\"position\":2,\"name\":\"Performance\"}]},{\"@type\":\"WebSite\",\"@id\":\"https:\\\/\\\/lospoliticosveracruz.com\\\/#website\",\"url\":\"https:\\\/\\\/lospoliticosveracruz.com\\\/\",\"name\":\"Los pol\u00edticos Veracruz\",\"description\":\"\",\"publisher\":{\"@id\":\"https:\\\/\\\/lospoliticosveracruz.com\\\/#organization\"},\"potentialAction\":[{\"@type\":\"SearchAction\",\"target\":{\"@type\":\"EntryPoint\",\"urlTemplate\":\"https:\\\/\\\/lospoliticosveracruz.com\\\/?s={search_term_string}\"},\"query-input\":{\"@type\":\"PropertyValueSpecification\",\"valueRequired\":true,\"valueName\":\"search_term_string\"}}],\"inLanguage\":\"es\"},{\"@type\":\"Organization\",\"@id\":\"https:\\\/\\\/lospoliticosveracruz.com\\\/#organization\",\"name\":\"Los pol\u00edticos Veracruz\",\"url\":\"https:\\\/\\\/lospoliticosveracruz.com\\\/\",\"logo\":{\"@type\":\"ImageObject\",\"inLanguage\":\"es\",\"@id\":\"https:\\\/\\\/lospoliticosveracruz.com\\\/#\\\/schema\\\/logo\\\/image\\\/\",\"url\":\"https:\\\/\\\/lospoliticosveracruz.com\\\/wp-content\\\/uploads\\\/2025\\\/12\\\/Logo-Nuevo-LOS-POLITICOS-1.jpg\",\"contentUrl\":\"https:\\\/\\\/lospoliticosveracruz.com\\\/wp-content\\\/uploads\\\/2025\\\/12\\\/Logo-Nuevo-LOS-POLITICOS-1.jpg\",\"width\":260,\"height\":70,\"caption\":\"Los pol\u00edticos Veracruz\"},\"image\":{\"@id\":\"https:\\\/\\\/lospoliticosveracruz.com\\\/#\\\/schema\\\/logo\\\/image\\\/\"},\"sameAs\":[\"https:\\\/\\\/www.facebook.com\\\/people\\\/Notimemes-de-los-Polticos\\\/61565672886568\\\/\",\"https:\\\/\\\/x.com\\\/LosPoliticosVer\"]},{\"@type\":\"Person\",\"@id\":\"https:\\\/\\\/lospoliticosveracruz.com\\\/#\\\/schema\\\/person\\\/b8702bb0e538456e6efd07080bf2a4a2\",\"name\":\"Lo viste en Los Pol\u00edticos\",\"image\":{\"@type\":\"ImageObject\",\"inLanguage\":\"es\",\"@id\":\"https:\\\/\\\/secure.gravatar.com\\\/avatar\\\/3a8de04a2656d44082be478bd6c086daa447c4651605818287b9532d3d0bd435?s=96&d=mm&r=g\",\"url\":\"https:\\\/\\\/secure.gravatar.com\\\/avatar\\\/3a8de04a2656d44082be478bd6c086daa447c4651605818287b9532d3d0bd435?s=96&d=mm&r=g\",\"contentUrl\":\"https:\\\/\\\/secure.gravatar.com\\\/avatar\\\/3a8de04a2656d44082be478bd6c086daa447c4651605818287b9532d3d0bd435?s=96&d=mm&r=g\",\"caption\":\"Lo viste en Los Pol\u00edticos\"},\"url\":\"https:\\\/\\\/lospoliticosveracruz.com\\\/?author=2\"}]}<\/script>\n<!-- \/ Yoast SEO plugin. -->","yoast_head_json":{"title":"Performance - Los pol\u00edticos Veracruz","robots":{"index":"index","follow":"follow","max-snippet":"max-snippet:-1","max-image-preview":"max-image-preview:large","max-video-preview":"max-video-preview:-1"},"canonical":"https:\/\/lospoliticosveracruz.com\/?p=51341","og_locale":"es_ES","og_type":"article","og_title":"Performance - Los pol\u00edticos Veracruz","og_description":"&nbsp; Sergio Gonz\u00e1lez Levet Sin tacto Es s\u00e1bado por la ya avanzada ma\u00f1ana en el malec\u00f3n de Veracruz. Contra lo que opina la secretaria de Turismo X\u00f3chitl-Salom\u00e9, hay pocos turistas en la zona -extranjeros, ninguno- y la gente que apenas pulula son los mismos informales de siempre, vendedores jarochos e indios que ofrecen fayuca y [&hellip;]","og_url":"https:\/\/lospoliticosveracruz.com\/?p=51341","og_site_name":"Los pol\u00edticos Veracruz","article_publisher":"https:\/\/www.facebook.com\/people\/Notimemes-de-los-Polticos\/61565672886568\/","article_published_time":"2019-12-10T15:15:29+00:00","og_image":[{"width":600,"height":450,"url":"https:\/\/lospoliticosveracruz.com\/wp-content\/uploads\/2019\/12\/Leonardo-Favio.jpg","type":"image\/jpeg"}],"author":"Lo viste en Los Pol\u00edticos","twitter_card":"summary_large_image","twitter_creator":"@LosPoliticosVer","twitter_site":"@LosPoliticosVer","twitter_misc":{"Escrito por":"Lo viste en Los Pol\u00edticos","Tiempo de lectura":"2 minutos"},"schema":{"@context":"https:\/\/schema.org","@graph":[{"@type":"Article","@id":"https:\/\/lospoliticosveracruz.com\/?p=51341#article","isPartOf":{"@id":"https:\/\/lospoliticosveracruz.com\/?p=51341"},"author":{"name":"Lo viste en Los Pol\u00edticos","@id":"https:\/\/lospoliticosveracruz.com\/#\/schema\/person\/b8702bb0e538456e6efd07080bf2a4a2"},"headline":"Performance","datePublished":"2019-12-10T15:15:29+00:00","mainEntityOfPage":{"@id":"https:\/\/lospoliticosveracruz.com\/?p=51341"},"wordCount":466,"commentCount":0,"publisher":{"@id":"https:\/\/lospoliticosveracruz.com\/#organization"},"image":{"@id":"https:\/\/lospoliticosveracruz.com\/?p=51341#primaryimage"},"thumbnailUrl":"https:\/\/lospoliticosveracruz.com\/wp-content\/uploads\/2019\/12\/Leonardo-Favio.jpg","keywords":["Cuitl\u00e1huac Garc\u00eda","malec\u00f3n de Veracruz","Sergio Gonz\u00e1lez Levet","Turismo"],"articleSection":["De Opini\u00f3n"],"inLanguage":"es","potentialAction":[{"@type":"CommentAction","name":"Comment","target":["https:\/\/lospoliticosveracruz.com\/?p=51341#respond"]}]},{"@type":"WebPage","@id":"https:\/\/lospoliticosveracruz.com\/?p=51341","url":"https:\/\/lospoliticosveracruz.com\/?p=51341","name":"Performance - Los pol\u00edticos Veracruz","isPartOf":{"@id":"https:\/\/lospoliticosveracruz.com\/#website"},"primaryImageOfPage":{"@id":"https:\/\/lospoliticosveracruz.com\/?p=51341#primaryimage"},"image":{"@id":"https:\/\/lospoliticosveracruz.com\/?p=51341#primaryimage"},"thumbnailUrl":"https:\/\/lospoliticosveracruz.com\/wp-content\/uploads\/2019\/12\/Leonardo-Favio.jpg","datePublished":"2019-12-10T15:15:29+00:00","breadcrumb":{"@id":"https:\/\/lospoliticosveracruz.com\/?p=51341#breadcrumb"},"inLanguage":"es","potentialAction":[{"@type":"ReadAction","target":["https:\/\/lospoliticosveracruz.com\/?p=51341"]}]},{"@type":"ImageObject","inLanguage":"es","@id":"https:\/\/lospoliticosveracruz.com\/?p=51341#primaryimage","url":"https:\/\/lospoliticosveracruz.com\/wp-content\/uploads\/2019\/12\/Leonardo-Favio.jpg","contentUrl":"https:\/\/lospoliticosveracruz.com\/wp-content\/uploads\/2019\/12\/Leonardo-Favio.jpg","width":600,"height":450},{"@type":"BreadcrumbList","@id":"https:\/\/lospoliticosveracruz.com\/?p=51341#breadcrumb","itemListElement":[{"@type":"ListItem","position":1,"name":"Portada","item":"https:\/\/lospoliticosveracruz.com\/"},{"@type":"ListItem","position":2,"name":"Performance"}]},{"@type":"WebSite","@id":"https:\/\/lospoliticosveracruz.com\/#website","url":"https:\/\/lospoliticosveracruz.com\/","name":"Los pol\u00edticos Veracruz","description":"","publisher":{"@id":"https:\/\/lospoliticosveracruz.com\/#organization"},"potentialAction":[{"@type":"SearchAction","target":{"@type":"EntryPoint","urlTemplate":"https:\/\/lospoliticosveracruz.com\/?s={search_term_string}"},"query-input":{"@type":"PropertyValueSpecification","valueRequired":true,"valueName":"search_term_string"}}],"inLanguage":"es"},{"@type":"Organization","@id":"https:\/\/lospoliticosveracruz.com\/#organization","name":"Los pol\u00edticos Veracruz","url":"https:\/\/lospoliticosveracruz.com\/","logo":{"@type":"ImageObject","inLanguage":"es","@id":"https:\/\/lospoliticosveracruz.com\/#\/schema\/logo\/image\/","url":"https:\/\/lospoliticosveracruz.com\/wp-content\/uploads\/2025\/12\/Logo-Nuevo-LOS-POLITICOS-1.jpg","contentUrl":"https:\/\/lospoliticosveracruz.com\/wp-content\/uploads\/2025\/12\/Logo-Nuevo-LOS-POLITICOS-1.jpg","width":260,"height":70,"caption":"Los pol\u00edticos Veracruz"},"image":{"@id":"https:\/\/lospoliticosveracruz.com\/#\/schema\/logo\/image\/"},"sameAs":["https:\/\/www.facebook.com\/people\/Notimemes-de-los-Polticos\/61565672886568\/","https:\/\/x.com\/LosPoliticosVer"]},{"@type":"Person","@id":"https:\/\/lospoliticosveracruz.com\/#\/schema\/person\/b8702bb0e538456e6efd07080bf2a4a2","name":"Lo viste en Los Pol\u00edticos","image":{"@type":"ImageObject","inLanguage":"es","@id":"https:\/\/secure.gravatar.com\/avatar\/3a8de04a2656d44082be478bd6c086daa447c4651605818287b9532d3d0bd435?s=96&d=mm&r=g","url":"https:\/\/secure.gravatar.com\/avatar\/3a8de04a2656d44082be478bd6c086daa447c4651605818287b9532d3d0bd435?s=96&d=mm&r=g","contentUrl":"https:\/\/secure.gravatar.com\/avatar\/3a8de04a2656d44082be478bd6c086daa447c4651605818287b9532d3d0bd435?s=96&d=mm&r=g","caption":"Lo viste en Los Pol\u00edticos"},"url":"https:\/\/lospoliticosveracruz.com\/?author=2"}]}},"_links":{"self":[{"href":"https:\/\/lospoliticosveracruz.com\/index.php?rest_route=\/wp\/v2\/posts\/51341","targetHints":{"allow":["GET"]}}],"collection":[{"href":"https:\/\/lospoliticosveracruz.com\/index.php?rest_route=\/wp\/v2\/posts"}],"about":[{"href":"https:\/\/lospoliticosveracruz.com\/index.php?rest_route=\/wp\/v2\/types\/post"}],"author":[{"embeddable":true,"href":"https:\/\/lospoliticosveracruz.com\/index.php?rest_route=\/wp\/v2\/users\/2"}],"replies":[{"embeddable":true,"href":"https:\/\/lospoliticosveracruz.com\/index.php?rest_route=%2Fwp%2Fv2%2Fcomments&post=51341"}],"version-history":[{"count":1,"href":"https:\/\/lospoliticosveracruz.com\/index.php?rest_route=\/wp\/v2\/posts\/51341\/revisions"}],"predecessor-version":[{"id":51343,"href":"https:\/\/lospoliticosveracruz.com\/index.php?rest_route=\/wp\/v2\/posts\/51341\/revisions\/51343"}],"wp:featuredmedia":[{"embeddable":true,"href":"https:\/\/lospoliticosveracruz.com\/index.php?rest_route=\/wp\/v2\/media\/51342"}],"wp:attachment":[{"href":"https:\/\/lospoliticosveracruz.com\/index.php?rest_route=%2Fwp%2Fv2%2Fmedia&parent=51341"}],"wp:term":[{"taxonomy":"category","embeddable":true,"href":"https:\/\/lospoliticosveracruz.com\/index.php?rest_route=%2Fwp%2Fv2%2Fcategories&post=51341"},{"taxonomy":"post_tag","embeddable":true,"href":"https:\/\/lospoliticosveracruz.com\/index.php?rest_route=%2Fwp%2Fv2%2Ftags&post=51341"}],"curies":[{"name":"wp","href":"https:\/\/api.w.org\/{rel}","templated":true}]}}