{"id":51344,"date":"2019-12-10T14:33:36","date_gmt":"2019-12-10T20:33:36","guid":{"rendered":"http:\/\/www.lospoliticosveracruz.com.mx\/?p=51344"},"modified":"2019-12-10T14:33:36","modified_gmt":"2019-12-10T20:33:36","slug":"insiste-marlon-cuic-debe-pedir-renuncias","status":"publish","type":"post","link":"https:\/\/lospoliticosveracruz.com\/?p=51344","title":{"rendered":"Insiste Marlon: Cuic debe pedir renuncias"},"content":{"rendered":"<p>Marlon Ram\u00edrez Mar\u00edn, presidente del PRI en Veracruz, presente en la Comparecencia del Gobernador Cuitl\u00e1huac Garc\u00eda Jim\u00e9nez en el Congreso local, critic\u00f3 los subejercicios de dependencias\u00a0\u00abcomo\u00a0lo confirm\u00f3 el de SIOP, el de Desarrollo Social&#8230; el caso de tema de salud es escandaloso\u00a0pues\u00a0reconoci\u00f3 que se utilizaron entre 40 y 50 millones para el tema del dengue, si lo dividimos entre los municipios, congregaciones y comunidades, pues es la raz\u00f3n por la que el dengue se fue por las nubes&#8230;\u00bb<\/p>\n<p>Su presencia en la comparecencia obedece a que el PRI es una oposici\u00f3n civilizada, \u00abdesde el inicio se ha hablado de lo que le hace falta a Veracruz es acuerdo y di\u00e1logo\u00bb.<\/p>\n<p>Aclar\u00f3 que el PRI no pretende que\u00a0le vaya mal al gobernador aunque considera que el secretario de Salud, Roberto Ramos Alor, \u00abpor\u00a0decencia deber\u00eda de renunciar, por respeto al pueblo de Veracruz&#8230; el propio gobernador le dio la confianza, deber\u00eda de renunciar&#8230;\u00bb, hasta lament\u00f3 que la senadora Gloria S\u00e1nchez Hern\u00e1ndez defienda\u00a0lo\u00a0indefendible\u00bb.<\/p>\n<p>Ram\u00edrez Mar\u00edn agreg\u00f3 a la lista de \u00aburgentes renuncias\u00bb, a Elio Hern\u00e1ndez,\u00a0titular de la\u00a0SIOP, por tener\u00a0detenida la econom\u00eda; \u00abuna de las vertientes que mueve la econom\u00eda, que hace que el dinero circule es precisamente que se construyan obras&#8230; \u00bfd\u00edganme ustedes cu\u00e1l es la obra destacada que est\u00e1 haciendo el gobierno del Estado&#8230; en Xalapa&#8230; en Veracruz&#8230; en C\u00f3rdoba&#8230; en P\u00e1nuco&#8230;? \u00a1no hay! lo digo con conocimiento de causa porque he recorrido el Estado desde Huayacocotla hasta Nanchital\u00bb.<\/p>\n<p>Calific\u00f3 a la entidad con decrecimiento, con una econom\u00eda contra\u00edda,\u00a0no hay gasto y obviamente pues no hay buena se\u00f1al para Veracruz, por lo que el gobernador deber\u00eda hacer uso de su facultad para\u00a0remover a\u00a0quienes no est\u00e1n ayudando&#8230;<\/p>\n<p>Considera el dirigente del tricolor que hasta hoy hay una primera muestra de apertura del Congreso del Estado de su coordinador, Juan Javier G\u00f3mez Cazar\u00edn, porque la pol\u00edtica trata\u00a0de\u00a0hablar, dialogar y constrastarnos, y en el PRI somos un partido que pretende constrastar los hechos y decir lo que es verdad y lo que es mentira; lo que es bueno y que es malo; que haya esta apertura es bueno, a ver qu\u00e9 dice el gobernador y a partir de ah\u00ed tendr\u00e9 una opini\u00f3n al respecto&#8230; \u00abSe analizar\u00e1 el presupuesto y en pr\u00f3ximas fechas daremos nuestro posicionamiento al\u00a0respecto\u00bb.<\/p>\n<p>Para concluir, se le cuestion\u00f3 sobre el \u00faltimo pr\u00e9stamo que hizo el Gobierno estatal y respondi\u00f3:\u00a0\u00abno se\u00a0gastan el presupuesto y piden m\u00e1s&#8230; \u00a1Imag\u00ednense!\u00bb<\/p>\n","protected":false},"excerpt":{"rendered":"<p>Marlon Ram\u00edrez Mar\u00edn, presidente del PRI en Veracruz, presente en la Comparecencia del Gobernador Cuitl\u00e1huac Garc\u00eda Jim\u00e9nez en el Congreso local, critic\u00f3 los subejercicios de dependencias\u00a0\u00abcomo\u00a0lo confirm\u00f3 el de SIOP, el de Desarrollo Social&#8230; el caso de tema de salud es escandaloso\u00a0pues\u00a0reconoci\u00f3 que se utilizaron entre 40 y 50 millones para el tema del dengue, [&hellip;]<\/p>\n","protected":false},"author":2,"featured_media":0,"comment_status":"open","ping_status":"open","sticky":false,"template":"","format":"standard","meta":{"tdm_status":"","tdm_grid_status":"","footnotes":""},"categories":[72],"tags":[15906,1563,14501,13336,2908,251,12606,90,342,195],"class_list":{"0":"post-51344","1":"post","2":"type-post","3":"status-publish","4":"format-standard","6":"category-palomazos","7":"tag-c","8":"tag-cuitlahuac-garcia-jimenez","9":"tag-elio-hernandez-gutierrez","10":"tag-gloria-sanchez","11":"tag-marlon-ramirez-marin","12":"tag-pri","13":"tag-roberto-ramos-alor","14":"tag-salud","15":"tag-siop","16":"tag-veracruz"},"yoast_head":"<!-- This site is optimized with the Yoast SEO plugin v27.4 - https:\/\/yoast.com\/product\/yoast-seo-wordpress\/ -->\n<title>Insiste Marlon: Cuic debe pedir renuncias - Los pol\u00edticos Veracruz<\/title>\n<meta name=\"robots\" content=\"index, follow, max-snippet:-1, max-image-preview:large, max-video-preview:-1\" \/>\n<link rel=\"canonical\" href=\"https:\/\/lospoliticosveracruz.com\/?p=51344\" \/>\n<meta property=\"og:locale\" content=\"es_ES\" \/>\n<meta property=\"og:type\" content=\"article\" \/>\n<meta property=\"og:title\" content=\"Insiste Marlon: Cuic debe pedir renuncias - Los pol\u00edticos Veracruz\" \/>\n<meta property=\"og:description\" content=\"Marlon Ram\u00edrez Mar\u00edn, presidente del PRI en Veracruz, presente en la Comparecencia del Gobernador Cuitl\u00e1huac Garc\u00eda Jim\u00e9nez en el Congreso local, critic\u00f3 los subejercicios de dependencias\u00a0\u00abcomo\u00a0lo confirm\u00f3 el de SIOP, el de Desarrollo Social&#8230; el caso de tema de salud es escandaloso\u00a0pues\u00a0reconoci\u00f3 que se utilizaron entre 40 y 50 millones para el tema del dengue, [&hellip;]\" \/>\n<meta property=\"og:url\" content=\"https:\/\/lospoliticosveracruz.com\/?p=51344\" \/>\n<meta property=\"og:site_name\" content=\"Los pol\u00edticos Veracruz\" \/>\n<meta property=\"article:publisher\" content=\"https:\/\/www.facebook.com\/people\/Notimemes-de-los-Polticos\/61565672886568\/\" \/>\n<meta property=\"article:published_time\" content=\"2019-12-10T20:33:36+00:00\" \/>\n<meta property=\"og:image\" content=\"https:\/\/lospoliticosveracruz.com\/wp-content\/uploads\/2016\/07\/Logo-Dor.jpg\" \/>\n\t<meta property=\"og:image:width\" content=\"200\" \/>\n\t<meta property=\"og:image:height\" content=\"200\" \/>\n\t<meta property=\"og:image:type\" content=\"image\/jpeg\" \/>\n<meta name=\"author\" content=\"Lo viste en Los Pol\u00edticos\" \/>\n<meta name=\"twitter:card\" content=\"summary_large_image\" \/>\n<meta name=\"twitter:creator\" content=\"@LosPoliticosVer\" \/>\n<meta name=\"twitter:site\" content=\"@LosPoliticosVer\" \/>\n<meta name=\"twitter:label1\" content=\"Escrito por\" \/>\n\t<meta name=\"twitter:data1\" content=\"Lo viste en Los Pol\u00edticos\" \/>\n\t<meta name=\"twitter:label2\" content=\"Tiempo de lectura\" \/>\n\t<meta name=\"twitter:data2\" content=\"2 minutos\" \/>\n<script type=\"application\/ld+json\" class=\"yoast-schema-graph\">{\"@context\":\"https:\\\/\\\/schema.org\",\"@graph\":[{\"@type\":\"Article\",\"@id\":\"https:\\\/\\\/lospoliticosveracruz.com\\\/?p=51344#article\",\"isPartOf\":{\"@id\":\"https:\\\/\\\/lospoliticosveracruz.com\\\/?p=51344\"},\"author\":{\"name\":\"Lo viste en Los Pol\u00edticos\",\"@id\":\"https:\\\/\\\/lospoliticosveracruz.com\\\/#\\\/schema\\\/person\\\/b8702bb0e538456e6efd07080bf2a4a2\"},\"headline\":\"Insiste Marlon: Cuic debe pedir renuncias\",\"datePublished\":\"2019-12-10T20:33:36+00:00\",\"mainEntityOfPage\":{\"@id\":\"https:\\\/\\\/lospoliticosveracruz.com\\\/?p=51344\"},\"wordCount\":451,\"commentCount\":0,\"publisher\":{\"@id\":\"https:\\\/\\\/lospoliticosveracruz.com\\\/#organization\"},\"keywords\":[\"\u00e7\",\"Cuitl\u00e1huac Garc\u00eda Jim\u00e9nez\",\"Elio Hern\u00e1ndez Guti\u00e9rrez\",\"Gloria S\u00e1nchez\",\"Marlon Ram\u00edrez Mar\u00edn\",\"PRI\",\"Roberto Ramos Alor\",\"Salud\",\"SIOP\",\"Veracruz\"],\"articleSection\":[\"Palomazos\"],\"inLanguage\":\"es\",\"potentialAction\":[{\"@type\":\"CommentAction\",\"name\":\"Comment\",\"target\":[\"https:\\\/\\\/lospoliticosveracruz.com\\\/?p=51344#respond\"]}]},{\"@type\":\"WebPage\",\"@id\":\"https:\\\/\\\/lospoliticosveracruz.com\\\/?p=51344\",\"url\":\"https:\\\/\\\/lospoliticosveracruz.com\\\/?p=51344\",\"name\":\"Insiste Marlon: Cuic debe pedir renuncias - Los pol\u00edticos Veracruz\",\"isPartOf\":{\"@id\":\"https:\\\/\\\/lospoliticosveracruz.com\\\/#website\"},\"datePublished\":\"2019-12-10T20:33:36+00:00\",\"breadcrumb\":{\"@id\":\"https:\\\/\\\/lospoliticosveracruz.com\\\/?p=51344#breadcrumb\"},\"inLanguage\":\"es\",\"potentialAction\":[{\"@type\":\"ReadAction\",\"target\":[\"https:\\\/\\\/lospoliticosveracruz.com\\\/?p=51344\"]}]},{\"@type\":\"BreadcrumbList\",\"@id\":\"https:\\\/\\\/lospoliticosveracruz.com\\\/?p=51344#breadcrumb\",\"itemListElement\":[{\"@type\":\"ListItem\",\"position\":1,\"name\":\"Portada\",\"item\":\"https:\\\/\\\/lospoliticosveracruz.com\\\/\"},{\"@type\":\"ListItem\",\"position\":2,\"name\":\"Insiste Marlon: Cuic debe pedir renuncias\"}]},{\"@type\":\"WebSite\",\"@id\":\"https:\\\/\\\/lospoliticosveracruz.com\\\/#website\",\"url\":\"https:\\\/\\\/lospoliticosveracruz.com\\\/\",\"name\":\"Los pol\u00edticos Veracruz\",\"description\":\"\",\"publisher\":{\"@id\":\"https:\\\/\\\/lospoliticosveracruz.com\\\/#organization\"},\"potentialAction\":[{\"@type\":\"SearchAction\",\"target\":{\"@type\":\"EntryPoint\",\"urlTemplate\":\"https:\\\/\\\/lospoliticosveracruz.com\\\/?s={search_term_string}\"},\"query-input\":{\"@type\":\"PropertyValueSpecification\",\"valueRequired\":true,\"valueName\":\"search_term_string\"}}],\"inLanguage\":\"es\"},{\"@type\":\"Organization\",\"@id\":\"https:\\\/\\\/lospoliticosveracruz.com\\\/#organization\",\"name\":\"Los pol\u00edticos Veracruz\",\"url\":\"https:\\\/\\\/lospoliticosveracruz.com\\\/\",\"logo\":{\"@type\":\"ImageObject\",\"inLanguage\":\"es\",\"@id\":\"https:\\\/\\\/lospoliticosveracruz.com\\\/#\\\/schema\\\/logo\\\/image\\\/\",\"url\":\"https:\\\/\\\/lospoliticosveracruz.com\\\/wp-content\\\/uploads\\\/2025\\\/12\\\/Logo-Nuevo-LOS-POLITICOS-1.jpg\",\"contentUrl\":\"https:\\\/\\\/lospoliticosveracruz.com\\\/wp-content\\\/uploads\\\/2025\\\/12\\\/Logo-Nuevo-LOS-POLITICOS-1.jpg\",\"width\":260,\"height\":70,\"caption\":\"Los pol\u00edticos Veracruz\"},\"image\":{\"@id\":\"https:\\\/\\\/lospoliticosveracruz.com\\\/#\\\/schema\\\/logo\\\/image\\\/\"},\"sameAs\":[\"https:\\\/\\\/www.facebook.com\\\/people\\\/Notimemes-de-los-Polticos\\\/61565672886568\\\/\",\"https:\\\/\\\/x.com\\\/LosPoliticosVer\"]},{\"@type\":\"Person\",\"@id\":\"https:\\\/\\\/lospoliticosveracruz.com\\\/#\\\/schema\\\/person\\\/b8702bb0e538456e6efd07080bf2a4a2\",\"name\":\"Lo viste en Los Pol\u00edticos\",\"image\":{\"@type\":\"ImageObject\",\"inLanguage\":\"es\",\"@id\":\"https:\\\/\\\/secure.gravatar.com\\\/avatar\\\/3a8de04a2656d44082be478bd6c086daa447c4651605818287b9532d3d0bd435?s=96&d=mm&r=g\",\"url\":\"https:\\\/\\\/secure.gravatar.com\\\/avatar\\\/3a8de04a2656d44082be478bd6c086daa447c4651605818287b9532d3d0bd435?s=96&d=mm&r=g\",\"contentUrl\":\"https:\\\/\\\/secure.gravatar.com\\\/avatar\\\/3a8de04a2656d44082be478bd6c086daa447c4651605818287b9532d3d0bd435?s=96&d=mm&r=g\",\"caption\":\"Lo viste en Los Pol\u00edticos\"},\"url\":\"https:\\\/\\\/lospoliticosveracruz.com\\\/?author=2\"}]}<\/script>\n<!-- \/ Yoast SEO plugin. -->","yoast_head_json":{"title":"Insiste Marlon: Cuic debe pedir renuncias - Los pol\u00edticos Veracruz","robots":{"index":"index","follow":"follow","max-snippet":"max-snippet:-1","max-image-preview":"max-image-preview:large","max-video-preview":"max-video-preview:-1"},"canonical":"https:\/\/lospoliticosveracruz.com\/?p=51344","og_locale":"es_ES","og_type":"article","og_title":"Insiste Marlon: Cuic debe pedir renuncias - Los pol\u00edticos Veracruz","og_description":"Marlon Ram\u00edrez Mar\u00edn, presidente del PRI en Veracruz, presente en la Comparecencia del Gobernador Cuitl\u00e1huac Garc\u00eda Jim\u00e9nez en el Congreso local, critic\u00f3 los subejercicios de dependencias\u00a0\u00abcomo\u00a0lo confirm\u00f3 el de SIOP, el de Desarrollo Social&#8230; el caso de tema de salud es escandaloso\u00a0pues\u00a0reconoci\u00f3 que se utilizaron entre 40 y 50 millones para el tema del dengue, [&hellip;]","og_url":"https:\/\/lospoliticosveracruz.com\/?p=51344","og_site_name":"Los pol\u00edticos Veracruz","article_publisher":"https:\/\/www.facebook.com\/people\/Notimemes-de-los-Polticos\/61565672886568\/","article_published_time":"2019-12-10T20:33:36+00:00","og_image":[{"width":200,"height":200,"url":"https:\/\/lospoliticosveracruz.com\/wp-content\/uploads\/2016\/07\/Logo-Dor.jpg","type":"image\/jpeg"}],"author":"Lo viste en Los Pol\u00edticos","twitter_card":"summary_large_image","twitter_creator":"@LosPoliticosVer","twitter_site":"@LosPoliticosVer","twitter_misc":{"Escrito por":"Lo viste en Los Pol\u00edticos","Tiempo de lectura":"2 minutos"},"schema":{"@context":"https:\/\/schema.org","@graph":[{"@type":"Article","@id":"https:\/\/lospoliticosveracruz.com\/?p=51344#article","isPartOf":{"@id":"https:\/\/lospoliticosveracruz.com\/?p=51344"},"author":{"name":"Lo viste en Los Pol\u00edticos","@id":"https:\/\/lospoliticosveracruz.com\/#\/schema\/person\/b8702bb0e538456e6efd07080bf2a4a2"},"headline":"Insiste Marlon: Cuic debe pedir renuncias","datePublished":"2019-12-10T20:33:36+00:00","mainEntityOfPage":{"@id":"https:\/\/lospoliticosveracruz.com\/?p=51344"},"wordCount":451,"commentCount":0,"publisher":{"@id":"https:\/\/lospoliticosveracruz.com\/#organization"},"keywords":["\u00e7","Cuitl\u00e1huac Garc\u00eda Jim\u00e9nez","Elio Hern\u00e1ndez Guti\u00e9rrez","Gloria S\u00e1nchez","Marlon Ram\u00edrez Mar\u00edn","PRI","Roberto Ramos Alor","Salud","SIOP","Veracruz"],"articleSection":["Palomazos"],"inLanguage":"es","potentialAction":[{"@type":"CommentAction","name":"Comment","target":["https:\/\/lospoliticosveracruz.com\/?p=51344#respond"]}]},{"@type":"WebPage","@id":"https:\/\/lospoliticosveracruz.com\/?p=51344","url":"https:\/\/lospoliticosveracruz.com\/?p=51344","name":"Insiste Marlon: Cuic debe pedir renuncias - Los pol\u00edticos Veracruz","isPartOf":{"@id":"https:\/\/lospoliticosveracruz.com\/#website"},"datePublished":"2019-12-10T20:33:36+00:00","breadcrumb":{"@id":"https:\/\/lospoliticosveracruz.com\/?p=51344#breadcrumb"},"inLanguage":"es","potentialAction":[{"@type":"ReadAction","target":["https:\/\/lospoliticosveracruz.com\/?p=51344"]}]},{"@type":"BreadcrumbList","@id":"https:\/\/lospoliticosveracruz.com\/?p=51344#breadcrumb","itemListElement":[{"@type":"ListItem","position":1,"name":"Portada","item":"https:\/\/lospoliticosveracruz.com\/"},{"@type":"ListItem","position":2,"name":"Insiste Marlon: Cuic debe pedir renuncias"}]},{"@type":"WebSite","@id":"https:\/\/lospoliticosveracruz.com\/#website","url":"https:\/\/lospoliticosveracruz.com\/","name":"Los pol\u00edticos Veracruz","description":"","publisher":{"@id":"https:\/\/lospoliticosveracruz.com\/#organization"},"potentialAction":[{"@type":"SearchAction","target":{"@type":"EntryPoint","urlTemplate":"https:\/\/lospoliticosveracruz.com\/?s={search_term_string}"},"query-input":{"@type":"PropertyValueSpecification","valueRequired":true,"valueName":"search_term_string"}}],"inLanguage":"es"},{"@type":"Organization","@id":"https:\/\/lospoliticosveracruz.com\/#organization","name":"Los pol\u00edticos Veracruz","url":"https:\/\/lospoliticosveracruz.com\/","logo":{"@type":"ImageObject","inLanguage":"es","@id":"https:\/\/lospoliticosveracruz.com\/#\/schema\/logo\/image\/","url":"https:\/\/lospoliticosveracruz.com\/wp-content\/uploads\/2025\/12\/Logo-Nuevo-LOS-POLITICOS-1.jpg","contentUrl":"https:\/\/lospoliticosveracruz.com\/wp-content\/uploads\/2025\/12\/Logo-Nuevo-LOS-POLITICOS-1.jpg","width":260,"height":70,"caption":"Los pol\u00edticos Veracruz"},"image":{"@id":"https:\/\/lospoliticosveracruz.com\/#\/schema\/logo\/image\/"},"sameAs":["https:\/\/www.facebook.com\/people\/Notimemes-de-los-Polticos\/61565672886568\/","https:\/\/x.com\/LosPoliticosVer"]},{"@type":"Person","@id":"https:\/\/lospoliticosveracruz.com\/#\/schema\/person\/b8702bb0e538456e6efd07080bf2a4a2","name":"Lo viste en Los Pol\u00edticos","image":{"@type":"ImageObject","inLanguage":"es","@id":"https:\/\/secure.gravatar.com\/avatar\/3a8de04a2656d44082be478bd6c086daa447c4651605818287b9532d3d0bd435?s=96&d=mm&r=g","url":"https:\/\/secure.gravatar.com\/avatar\/3a8de04a2656d44082be478bd6c086daa447c4651605818287b9532d3d0bd435?s=96&d=mm&r=g","contentUrl":"https:\/\/secure.gravatar.com\/avatar\/3a8de04a2656d44082be478bd6c086daa447c4651605818287b9532d3d0bd435?s=96&d=mm&r=g","caption":"Lo viste en Los Pol\u00edticos"},"url":"https:\/\/lospoliticosveracruz.com\/?author=2"}]}},"_links":{"self":[{"href":"https:\/\/lospoliticosveracruz.com\/index.php?rest_route=\/wp\/v2\/posts\/51344","targetHints":{"allow":["GET"]}}],"collection":[{"href":"https:\/\/lospoliticosveracruz.com\/index.php?rest_route=\/wp\/v2\/posts"}],"about":[{"href":"https:\/\/lospoliticosveracruz.com\/index.php?rest_route=\/wp\/v2\/types\/post"}],"author":[{"embeddable":true,"href":"https:\/\/lospoliticosveracruz.com\/index.php?rest_route=\/wp\/v2\/users\/2"}],"replies":[{"embeddable":true,"href":"https:\/\/lospoliticosveracruz.com\/index.php?rest_route=%2Fwp%2Fv2%2Fcomments&post=51344"}],"version-history":[{"count":1,"href":"https:\/\/lospoliticosveracruz.com\/index.php?rest_route=\/wp\/v2\/posts\/51344\/revisions"}],"predecessor-version":[{"id":51346,"href":"https:\/\/lospoliticosveracruz.com\/index.php?rest_route=\/wp\/v2\/posts\/51344\/revisions\/51346"}],"wp:attachment":[{"href":"https:\/\/lospoliticosveracruz.com\/index.php?rest_route=%2Fwp%2Fv2%2Fmedia&parent=51344"}],"wp:term":[{"taxonomy":"category","embeddable":true,"href":"https:\/\/lospoliticosveracruz.com\/index.php?rest_route=%2Fwp%2Fv2%2Fcategories&post=51344"},{"taxonomy":"post_tag","embeddable":true,"href":"https:\/\/lospoliticosveracruz.com\/index.php?rest_route=%2Fwp%2Fv2%2Ftags&post=51344"}],"curies":[{"name":"wp","href":"https:\/\/api.w.org\/{rel}","templated":true}]}}