{"id":51368,"date":"2019-12-11T08:13:26","date_gmt":"2019-12-11T14:13:26","guid":{"rendered":"http:\/\/www.lospoliticosveracruz.com.mx\/?p=51368"},"modified":"2019-12-11T08:13:26","modified_gmt":"2019-12-11T14:13:26","slug":"crisis-economica-en-teocelo","status":"publish","type":"post","link":"https:\/\/lospoliticosveracruz.com\/?p=51368","title":{"rendered":"Crisis econ\u00f3mica en Teocelo"},"content":{"rendered":"<p><strong>Enrique Yasser Pompeyo<\/strong><\/p>\n<p><em>Mesa de Redacci\u00f3n<\/em><\/p>\n<p>En el Ayuntamiento de Teocelo que encabeza el alcalde Mario Chama D\u00edaz hay crisis econ\u00f3mica.<\/p>\n<p>La complicada situaci\u00f3n financiera por la que atraviesa el municipio se debe a varios factores.<\/p>\n<p>De entrada, hay laudos laborales de administraciones pasadas, cuyas sentencias han obligado a las actuales autoridades a cumplir.<\/p>\n<p>En un caso se pagar\u00e1n casi 300 mil pesos y hay otro de dos millones de pesos.<\/p>\n<p>Luego de que los magistrados del Tribunal Electoral de Veracruz (TEV) resolvieran que los agentes y subagentes municipales deben recibir un remuneraci\u00f3n, el Ayuntamiento erogar\u00e1 casi medio mill\u00f3n de pesos para pagar a 11 de ellos de manera retroactiva de enero a diciembre.<\/p>\n<p>Tambi\u00e9n se pag\u00f3 medio mill\u00f3n de pesos por concepto de cuotas al Instituto de Pensiones del Estado (IPE) que la administraci\u00f3n anterior no hizo.<\/p>\n<p>Incluso, la Secretar\u00eda de Finanzas (Sefiplan) mult\u00f3 al Ayuntamiento con nueve mil pesos por el impuesto del Dos por ciento a la n\u00f3mina que tampoco cubri\u00f3 el pasado gobierno local.<\/p>\n<p>Las cuotas de los trabajadores del sindicato se &#8216;esfumaron&#8217;, por lo que la administraci\u00f3n actual ha cubierto a la fecha un mill\u00f3n 200 mil pesos.<\/p>\n<p>El escenario no es alentador y pese a que las autoridades municipales buscan cumplir con las obligaciones de fin de a\u00f1o, el riesgo de un posible recorte de personal est\u00e1 latente.<\/p>\n<p>PRISI\u00d3N POR CONTRATACIONES IL\u00cdCITAS<\/p>\n<p>El senador del Partido Acci\u00f3n Nacional (PAN), Julen Rementer\u00eda del Puerto, present\u00f3 una iniciativa en la que propone reformar el p\u00e1rrafo s\u00e9ptimo del art\u00edculo 212 y adiciona un cap\u00edtulo IX denominado \u201cContrataci\u00f3n Il\u00edcita\u201d y su art\u00edculo 224 BIS al C\u00f3digo Penal Federal, para que quien contrate personas que no cumplen con los requisitos que marca la Ley sean sancionados de dos a 6 a\u00f1os de prisi\u00f3n y de 30 a 100 d\u00edas de multa.<\/p>\n<p>En dicho cap\u00edtulo menciona que ser\u00e1 responsable de contrataci\u00f3n il\u00edcita el servidor p\u00fablico que autorice cualquier tipo de contrataci\u00f3n, selecci\u00f3n, nombramiento o designaci\u00f3n, de quien se encuentre impedido por disposici\u00f3n legal, incumpla con alg\u00fan requisito se\u00f1alado por la ley o est\u00e9 inhabilitado por resoluci\u00f3n de autoridad competente para ocupar un empleo, cargo o comisi\u00f3n en el servicio p\u00fablico.<\/p>\n<p>Asimismo, que se encuentre inhabilitado para realizar contrataciones con los entes p\u00fablicos, siempre que en el caso de las inhabilitaciones, al momento de la autorizaci\u00f3n, \u00e9stas se encuentren inscritas en el sistema nacional de servidores p\u00fablicos y particulares sancionados de la Plataforma Digital Nacional.<\/p>\n<p>Refiri\u00f3 que la propuesta que plante\u00f3 pretende establecer en el C\u00f3digo Penal Federal un nuevo tipo penal dentro del T\u00edtulo D\u00e9cimo de delitos por hechos de corrupci\u00f3n, y que cuando los delitos a que se refieren los art\u00edculos 214, 217, 221, 222, 223, 224, 224 bis, del presente C\u00f3digo sean cometidos por servidores p\u00fablicos electos popularmente o cuyo nombramiento este sujeto a ratificaci\u00f3n de alguna de las C\u00e1maras del Congreso de la Uni\u00f3n, las penas previstas ser\u00e1n aumentadas hasta en un tercio.<\/p>\n<p>enriquepompeyo@hotmail.com<\/p>\n","protected":false},"excerpt":{"rendered":"<p>Enrique Yasser Pompeyo Mesa de Redacci\u00f3n En el Ayuntamiento de Teocelo que encabeza el alcalde Mario Chama D\u00edaz hay crisis econ\u00f3mica. La complicada situaci\u00f3n financiera por la que atraviesa el municipio se debe a varios factores. De entrada, hay laudos laborales de administraciones pasadas, cuyas sentencias han obligado a las actuales autoridades a cumplir. En [&hellip;]<\/p>\n","protected":false},"author":2,"featured_media":48504,"comment_status":"open","ping_status":"open","sticky":false,"template":"","format":"standard","meta":{"tdm_status":"","tdm_grid_status":"","footnotes":""},"categories":[70],"tags":[15477,14776,1452],"class_list":{"0":"post-51368","1":"post","2":"type-post","3":"status-publish","4":"format-standard","5":"has-post-thumbnail","7":"category-de-opinion","8":"tag-enrique-yasser-pompeyo","9":"tag-mario-chama-diaz","10":"tag-teocelo"},"yoast_head":"<!-- This site is optimized with the Yoast SEO plugin v27.4 - https:\/\/yoast.com\/product\/yoast-seo-wordpress\/ -->\n<title>Crisis econ\u00f3mica en Teocelo - Los pol\u00edticos Veracruz<\/title>\n<meta name=\"robots\" content=\"index, follow, max-snippet:-1, max-image-preview:large, max-video-preview:-1\" \/>\n<link rel=\"canonical\" href=\"https:\/\/lospoliticosveracruz.com\/?p=51368\" \/>\n<meta property=\"og:locale\" content=\"es_ES\" \/>\n<meta property=\"og:type\" content=\"article\" \/>\n<meta property=\"og:title\" content=\"Crisis econ\u00f3mica en Teocelo - Los pol\u00edticos Veracruz\" \/>\n<meta property=\"og:description\" content=\"Enrique Yasser Pompeyo Mesa de Redacci\u00f3n En el Ayuntamiento de Teocelo que encabeza el alcalde Mario Chama D\u00edaz hay crisis econ\u00f3mica. La complicada situaci\u00f3n financiera por la que atraviesa el municipio se debe a varios factores. De entrada, hay laudos laborales de administraciones pasadas, cuyas sentencias han obligado a las actuales autoridades a cumplir. En [&hellip;]\" \/>\n<meta property=\"og:url\" content=\"https:\/\/lospoliticosveracruz.com\/?p=51368\" \/>\n<meta property=\"og:site_name\" content=\"Los pol\u00edticos Veracruz\" \/>\n<meta property=\"article:publisher\" content=\"https:\/\/www.facebook.com\/people\/Notimemes-de-los-Polticos\/61565672886568\/\" \/>\n<meta property=\"article:published_time\" content=\"2019-12-11T14:13:26+00:00\" \/>\n<meta property=\"og:image\" content=\"https:\/\/lospoliticosveracruz.com\/wp-content\/uploads\/2019\/06\/Mario-Chama-Alcalde-Teocelo.png\" \/>\n\t<meta property=\"og:image:width\" content=\"600\" \/>\n\t<meta property=\"og:image:height\" content=\"400\" \/>\n\t<meta property=\"og:image:type\" content=\"image\/png\" \/>\n<meta name=\"author\" content=\"Lo viste en Los Pol\u00edticos\" \/>\n<meta name=\"twitter:card\" content=\"summary_large_image\" \/>\n<meta name=\"twitter:creator\" content=\"@LosPoliticosVer\" \/>\n<meta name=\"twitter:site\" content=\"@LosPoliticosVer\" \/>\n<meta name=\"twitter:label1\" content=\"Escrito por\" \/>\n\t<meta name=\"twitter:data1\" content=\"Lo viste en Los Pol\u00edticos\" \/>\n\t<meta name=\"twitter:label2\" content=\"Tiempo de lectura\" \/>\n\t<meta name=\"twitter:data2\" content=\"3 minutos\" \/>\n<script type=\"application\/ld+json\" class=\"yoast-schema-graph\">{\"@context\":\"https:\\\/\\\/schema.org\",\"@graph\":[{\"@type\":\"Article\",\"@id\":\"https:\\\/\\\/lospoliticosveracruz.com\\\/?p=51368#article\",\"isPartOf\":{\"@id\":\"https:\\\/\\\/lospoliticosveracruz.com\\\/?p=51368\"},\"author\":{\"name\":\"Lo viste en Los Pol\u00edticos\",\"@id\":\"https:\\\/\\\/lospoliticosveracruz.com\\\/#\\\/schema\\\/person\\\/b8702bb0e538456e6efd07080bf2a4a2\"},\"headline\":\"Crisis econ\u00f3mica en Teocelo\",\"datePublished\":\"2019-12-11T14:13:26+00:00\",\"mainEntityOfPage\":{\"@id\":\"https:\\\/\\\/lospoliticosveracruz.com\\\/?p=51368\"},\"wordCount\":536,\"commentCount\":0,\"publisher\":{\"@id\":\"https:\\\/\\\/lospoliticosveracruz.com\\\/#organization\"},\"image\":{\"@id\":\"https:\\\/\\\/lospoliticosveracruz.com\\\/?p=51368#primaryimage\"},\"thumbnailUrl\":\"https:\\\/\\\/lospoliticosveracruz.com\\\/wp-content\\\/uploads\\\/2019\\\/06\\\/Mario-Chama-Alcalde-Teocelo.png\",\"keywords\":[\"Enrique Yasser Pompeyo\",\"Mario Chama D\u00edaz\",\"Teocelo\"],\"articleSection\":[\"De Opini\u00f3n\"],\"inLanguage\":\"es\",\"potentialAction\":[{\"@type\":\"CommentAction\",\"name\":\"Comment\",\"target\":[\"https:\\\/\\\/lospoliticosveracruz.com\\\/?p=51368#respond\"]}]},{\"@type\":\"WebPage\",\"@id\":\"https:\\\/\\\/lospoliticosveracruz.com\\\/?p=51368\",\"url\":\"https:\\\/\\\/lospoliticosveracruz.com\\\/?p=51368\",\"name\":\"Crisis econ\u00f3mica en Teocelo - Los pol\u00edticos Veracruz\",\"isPartOf\":{\"@id\":\"https:\\\/\\\/lospoliticosveracruz.com\\\/#website\"},\"primaryImageOfPage\":{\"@id\":\"https:\\\/\\\/lospoliticosveracruz.com\\\/?p=51368#primaryimage\"},\"image\":{\"@id\":\"https:\\\/\\\/lospoliticosveracruz.com\\\/?p=51368#primaryimage\"},\"thumbnailUrl\":\"https:\\\/\\\/lospoliticosveracruz.com\\\/wp-content\\\/uploads\\\/2019\\\/06\\\/Mario-Chama-Alcalde-Teocelo.png\",\"datePublished\":\"2019-12-11T14:13:26+00:00\",\"breadcrumb\":{\"@id\":\"https:\\\/\\\/lospoliticosveracruz.com\\\/?p=51368#breadcrumb\"},\"inLanguage\":\"es\",\"potentialAction\":[{\"@type\":\"ReadAction\",\"target\":[\"https:\\\/\\\/lospoliticosveracruz.com\\\/?p=51368\"]}]},{\"@type\":\"ImageObject\",\"inLanguage\":\"es\",\"@id\":\"https:\\\/\\\/lospoliticosveracruz.com\\\/?p=51368#primaryimage\",\"url\":\"https:\\\/\\\/lospoliticosveracruz.com\\\/wp-content\\\/uploads\\\/2019\\\/06\\\/Mario-Chama-Alcalde-Teocelo.png\",\"contentUrl\":\"https:\\\/\\\/lospoliticosveracruz.com\\\/wp-content\\\/uploads\\\/2019\\\/06\\\/Mario-Chama-Alcalde-Teocelo.png\",\"width\":600,\"height\":400},{\"@type\":\"BreadcrumbList\",\"@id\":\"https:\\\/\\\/lospoliticosveracruz.com\\\/?p=51368#breadcrumb\",\"itemListElement\":[{\"@type\":\"ListItem\",\"position\":1,\"name\":\"Portada\",\"item\":\"https:\\\/\\\/lospoliticosveracruz.com\\\/\"},{\"@type\":\"ListItem\",\"position\":2,\"name\":\"Crisis econ\u00f3mica en Teocelo\"}]},{\"@type\":\"WebSite\",\"@id\":\"https:\\\/\\\/lospoliticosveracruz.com\\\/#website\",\"url\":\"https:\\\/\\\/lospoliticosveracruz.com\\\/\",\"name\":\"Los pol\u00edticos Veracruz\",\"description\":\"\",\"publisher\":{\"@id\":\"https:\\\/\\\/lospoliticosveracruz.com\\\/#organization\"},\"potentialAction\":[{\"@type\":\"SearchAction\",\"target\":{\"@type\":\"EntryPoint\",\"urlTemplate\":\"https:\\\/\\\/lospoliticosveracruz.com\\\/?s={search_term_string}\"},\"query-input\":{\"@type\":\"PropertyValueSpecification\",\"valueRequired\":true,\"valueName\":\"search_term_string\"}}],\"inLanguage\":\"es\"},{\"@type\":\"Organization\",\"@id\":\"https:\\\/\\\/lospoliticosveracruz.com\\\/#organization\",\"name\":\"Los pol\u00edticos Veracruz\",\"url\":\"https:\\\/\\\/lospoliticosveracruz.com\\\/\",\"logo\":{\"@type\":\"ImageObject\",\"inLanguage\":\"es\",\"@id\":\"https:\\\/\\\/lospoliticosveracruz.com\\\/#\\\/schema\\\/logo\\\/image\\\/\",\"url\":\"https:\\\/\\\/lospoliticosveracruz.com\\\/wp-content\\\/uploads\\\/2025\\\/12\\\/Logo-Nuevo-LOS-POLITICOS-1.jpg\",\"contentUrl\":\"https:\\\/\\\/lospoliticosveracruz.com\\\/wp-content\\\/uploads\\\/2025\\\/12\\\/Logo-Nuevo-LOS-POLITICOS-1.jpg\",\"width\":260,\"height\":70,\"caption\":\"Los pol\u00edticos Veracruz\"},\"image\":{\"@id\":\"https:\\\/\\\/lospoliticosveracruz.com\\\/#\\\/schema\\\/logo\\\/image\\\/\"},\"sameAs\":[\"https:\\\/\\\/www.facebook.com\\\/people\\\/Notimemes-de-los-Polticos\\\/61565672886568\\\/\",\"https:\\\/\\\/x.com\\\/LosPoliticosVer\"]},{\"@type\":\"Person\",\"@id\":\"https:\\\/\\\/lospoliticosveracruz.com\\\/#\\\/schema\\\/person\\\/b8702bb0e538456e6efd07080bf2a4a2\",\"name\":\"Lo viste en Los Pol\u00edticos\",\"image\":{\"@type\":\"ImageObject\",\"inLanguage\":\"es\",\"@id\":\"https:\\\/\\\/secure.gravatar.com\\\/avatar\\\/3a8de04a2656d44082be478bd6c086daa447c4651605818287b9532d3d0bd435?s=96&d=mm&r=g\",\"url\":\"https:\\\/\\\/secure.gravatar.com\\\/avatar\\\/3a8de04a2656d44082be478bd6c086daa447c4651605818287b9532d3d0bd435?s=96&d=mm&r=g\",\"contentUrl\":\"https:\\\/\\\/secure.gravatar.com\\\/avatar\\\/3a8de04a2656d44082be478bd6c086daa447c4651605818287b9532d3d0bd435?s=96&d=mm&r=g\",\"caption\":\"Lo viste en Los Pol\u00edticos\"},\"url\":\"https:\\\/\\\/lospoliticosveracruz.com\\\/?author=2\"}]}<\/script>\n<!-- \/ Yoast SEO plugin. -->","yoast_head_json":{"title":"Crisis econ\u00f3mica en Teocelo - Los pol\u00edticos Veracruz","robots":{"index":"index","follow":"follow","max-snippet":"max-snippet:-1","max-image-preview":"max-image-preview:large","max-video-preview":"max-video-preview:-1"},"canonical":"https:\/\/lospoliticosveracruz.com\/?p=51368","og_locale":"es_ES","og_type":"article","og_title":"Crisis econ\u00f3mica en Teocelo - Los pol\u00edticos Veracruz","og_description":"Enrique Yasser Pompeyo Mesa de Redacci\u00f3n En el Ayuntamiento de Teocelo que encabeza el alcalde Mario Chama D\u00edaz hay crisis econ\u00f3mica. La complicada situaci\u00f3n financiera por la que atraviesa el municipio se debe a varios factores. De entrada, hay laudos laborales de administraciones pasadas, cuyas sentencias han obligado a las actuales autoridades a cumplir. En [&hellip;]","og_url":"https:\/\/lospoliticosveracruz.com\/?p=51368","og_site_name":"Los pol\u00edticos Veracruz","article_publisher":"https:\/\/www.facebook.com\/people\/Notimemes-de-los-Polticos\/61565672886568\/","article_published_time":"2019-12-11T14:13:26+00:00","og_image":[{"width":600,"height":400,"url":"https:\/\/lospoliticosveracruz.com\/wp-content\/uploads\/2019\/06\/Mario-Chama-Alcalde-Teocelo.png","type":"image\/png"}],"author":"Lo viste en Los Pol\u00edticos","twitter_card":"summary_large_image","twitter_creator":"@LosPoliticosVer","twitter_site":"@LosPoliticosVer","twitter_misc":{"Escrito por":"Lo viste en Los Pol\u00edticos","Tiempo de lectura":"3 minutos"},"schema":{"@context":"https:\/\/schema.org","@graph":[{"@type":"Article","@id":"https:\/\/lospoliticosveracruz.com\/?p=51368#article","isPartOf":{"@id":"https:\/\/lospoliticosveracruz.com\/?p=51368"},"author":{"name":"Lo viste en Los Pol\u00edticos","@id":"https:\/\/lospoliticosveracruz.com\/#\/schema\/person\/b8702bb0e538456e6efd07080bf2a4a2"},"headline":"Crisis econ\u00f3mica en Teocelo","datePublished":"2019-12-11T14:13:26+00:00","mainEntityOfPage":{"@id":"https:\/\/lospoliticosveracruz.com\/?p=51368"},"wordCount":536,"commentCount":0,"publisher":{"@id":"https:\/\/lospoliticosveracruz.com\/#organization"},"image":{"@id":"https:\/\/lospoliticosveracruz.com\/?p=51368#primaryimage"},"thumbnailUrl":"https:\/\/lospoliticosveracruz.com\/wp-content\/uploads\/2019\/06\/Mario-Chama-Alcalde-Teocelo.png","keywords":["Enrique Yasser Pompeyo","Mario Chama D\u00edaz","Teocelo"],"articleSection":["De Opini\u00f3n"],"inLanguage":"es","potentialAction":[{"@type":"CommentAction","name":"Comment","target":["https:\/\/lospoliticosveracruz.com\/?p=51368#respond"]}]},{"@type":"WebPage","@id":"https:\/\/lospoliticosveracruz.com\/?p=51368","url":"https:\/\/lospoliticosveracruz.com\/?p=51368","name":"Crisis econ\u00f3mica en Teocelo - Los pol\u00edticos Veracruz","isPartOf":{"@id":"https:\/\/lospoliticosveracruz.com\/#website"},"primaryImageOfPage":{"@id":"https:\/\/lospoliticosveracruz.com\/?p=51368#primaryimage"},"image":{"@id":"https:\/\/lospoliticosveracruz.com\/?p=51368#primaryimage"},"thumbnailUrl":"https:\/\/lospoliticosveracruz.com\/wp-content\/uploads\/2019\/06\/Mario-Chama-Alcalde-Teocelo.png","datePublished":"2019-12-11T14:13:26+00:00","breadcrumb":{"@id":"https:\/\/lospoliticosveracruz.com\/?p=51368#breadcrumb"},"inLanguage":"es","potentialAction":[{"@type":"ReadAction","target":["https:\/\/lospoliticosveracruz.com\/?p=51368"]}]},{"@type":"ImageObject","inLanguage":"es","@id":"https:\/\/lospoliticosveracruz.com\/?p=51368#primaryimage","url":"https:\/\/lospoliticosveracruz.com\/wp-content\/uploads\/2019\/06\/Mario-Chama-Alcalde-Teocelo.png","contentUrl":"https:\/\/lospoliticosveracruz.com\/wp-content\/uploads\/2019\/06\/Mario-Chama-Alcalde-Teocelo.png","width":600,"height":400},{"@type":"BreadcrumbList","@id":"https:\/\/lospoliticosveracruz.com\/?p=51368#breadcrumb","itemListElement":[{"@type":"ListItem","position":1,"name":"Portada","item":"https:\/\/lospoliticosveracruz.com\/"},{"@type":"ListItem","position":2,"name":"Crisis econ\u00f3mica en Teocelo"}]},{"@type":"WebSite","@id":"https:\/\/lospoliticosveracruz.com\/#website","url":"https:\/\/lospoliticosveracruz.com\/","name":"Los pol\u00edticos Veracruz","description":"","publisher":{"@id":"https:\/\/lospoliticosveracruz.com\/#organization"},"potentialAction":[{"@type":"SearchAction","target":{"@type":"EntryPoint","urlTemplate":"https:\/\/lospoliticosveracruz.com\/?s={search_term_string}"},"query-input":{"@type":"PropertyValueSpecification","valueRequired":true,"valueName":"search_term_string"}}],"inLanguage":"es"},{"@type":"Organization","@id":"https:\/\/lospoliticosveracruz.com\/#organization","name":"Los pol\u00edticos Veracruz","url":"https:\/\/lospoliticosveracruz.com\/","logo":{"@type":"ImageObject","inLanguage":"es","@id":"https:\/\/lospoliticosveracruz.com\/#\/schema\/logo\/image\/","url":"https:\/\/lospoliticosveracruz.com\/wp-content\/uploads\/2025\/12\/Logo-Nuevo-LOS-POLITICOS-1.jpg","contentUrl":"https:\/\/lospoliticosveracruz.com\/wp-content\/uploads\/2025\/12\/Logo-Nuevo-LOS-POLITICOS-1.jpg","width":260,"height":70,"caption":"Los pol\u00edticos Veracruz"},"image":{"@id":"https:\/\/lospoliticosveracruz.com\/#\/schema\/logo\/image\/"},"sameAs":["https:\/\/www.facebook.com\/people\/Notimemes-de-los-Polticos\/61565672886568\/","https:\/\/x.com\/LosPoliticosVer"]},{"@type":"Person","@id":"https:\/\/lospoliticosveracruz.com\/#\/schema\/person\/b8702bb0e538456e6efd07080bf2a4a2","name":"Lo viste en Los Pol\u00edticos","image":{"@type":"ImageObject","inLanguage":"es","@id":"https:\/\/secure.gravatar.com\/avatar\/3a8de04a2656d44082be478bd6c086daa447c4651605818287b9532d3d0bd435?s=96&d=mm&r=g","url":"https:\/\/secure.gravatar.com\/avatar\/3a8de04a2656d44082be478bd6c086daa447c4651605818287b9532d3d0bd435?s=96&d=mm&r=g","contentUrl":"https:\/\/secure.gravatar.com\/avatar\/3a8de04a2656d44082be478bd6c086daa447c4651605818287b9532d3d0bd435?s=96&d=mm&r=g","caption":"Lo viste en Los Pol\u00edticos"},"url":"https:\/\/lospoliticosveracruz.com\/?author=2"}]}},"_links":{"self":[{"href":"https:\/\/lospoliticosveracruz.com\/index.php?rest_route=\/wp\/v2\/posts\/51368","targetHints":{"allow":["GET"]}}],"collection":[{"href":"https:\/\/lospoliticosveracruz.com\/index.php?rest_route=\/wp\/v2\/posts"}],"about":[{"href":"https:\/\/lospoliticosveracruz.com\/index.php?rest_route=\/wp\/v2\/types\/post"}],"author":[{"embeddable":true,"href":"https:\/\/lospoliticosveracruz.com\/index.php?rest_route=\/wp\/v2\/users\/2"}],"replies":[{"embeddable":true,"href":"https:\/\/lospoliticosveracruz.com\/index.php?rest_route=%2Fwp%2Fv2%2Fcomments&post=51368"}],"version-history":[{"count":1,"href":"https:\/\/lospoliticosveracruz.com\/index.php?rest_route=\/wp\/v2\/posts\/51368\/revisions"}],"predecessor-version":[{"id":51369,"href":"https:\/\/lospoliticosveracruz.com\/index.php?rest_route=\/wp\/v2\/posts\/51368\/revisions\/51369"}],"wp:featuredmedia":[{"embeddable":true,"href":"https:\/\/lospoliticosveracruz.com\/index.php?rest_route=\/wp\/v2\/media\/48504"}],"wp:attachment":[{"href":"https:\/\/lospoliticosveracruz.com\/index.php?rest_route=%2Fwp%2Fv2%2Fmedia&parent=51368"}],"wp:term":[{"taxonomy":"category","embeddable":true,"href":"https:\/\/lospoliticosveracruz.com\/index.php?rest_route=%2Fwp%2Fv2%2Fcategories&post=51368"},{"taxonomy":"post_tag","embeddable":true,"href":"https:\/\/lospoliticosveracruz.com\/index.php?rest_route=%2Fwp%2Fv2%2Ftags&post=51368"}],"curies":[{"name":"wp","href":"https:\/\/api.w.org\/{rel}","templated":true}]}}