{"id":51378,"date":"2019-12-11T11:58:02","date_gmt":"2019-12-11T17:58:02","guid":{"rendered":"http:\/\/www.lospoliticosveracruz.com.mx\/?p=51378"},"modified":"2019-12-11T11:58:02","modified_gmt":"2019-12-11T17:58:02","slug":"tiempo-de-reflexion","status":"publish","type":"post","link":"https:\/\/lospoliticosveracruz.com\/?p=51378","title":{"rendered":"Tiempo de reflexi\u00f3n"},"content":{"rendered":"<p><strong>Sergio Gonz\u00e1lez Levet<\/strong><\/p>\n<p><em>Sin tacto<\/em><\/p>\n<p style=\"text-align: right;\"><em>Pueblo sin Alameda. Pueblo de sol, reseco, brillante. Pilones de cantera, consumidos, en las plazas, en las esquinas. Pueblo cerrado. Pueblo de mujeres enlutadas. Pueblo solemne.<\/em> (Agust\u00edn Y\u00e1\u00f1ez, <em>Al filo del agua<\/em>).<\/p>\n<p style=\"text-align: right;\">\n<p style=\"text-align: right;\"><em>Pueblo con plaza comercial: Am\u00e9ricas, Andamar, El Dorado. Pueblo de risas, h\u00famedo, luminoso. Pilones de gente, consumidora, en las plazas, en las esquinas. Pueblo comprado. Pueblo de mujeres enfiestadas. Pueblo avorazado.<\/em> (Nuestra realidad).<\/p>\n<p>&nbsp;<\/p>\n<p>No importa: con todo y la 4T y los recortes draconianos a los salarios del pueblo bueno y honesto, es la \u00e9poca del dispendio y el derroche, tal vez ahora m\u00e1s que nunca, ante la amenaza sin par de una crisis que nos llega desde los cuatro vientos, que ciertamente viene del norte, como todas las desgracias econ\u00f3micas, financieras, ideol\u00f3gicas, pero ahora tambi\u00e9n desde nuestras propias latitudes, por tantos errores.<\/p>\n<p>Crisis que tenemos que enfrentar entre todos y que ya no es solamente econ\u00f3mica sino peor, de violencia, de crimen, de muerte.<\/p>\n<p>Para poder seguir siendo pa\u00eds, sociedad, gobierno, hay que a\u00f1adir la esperanza de un a\u00f1o m\u00e1s bonancible por el gran cambio prometido que no termina de llegar, gracias a las reformas anunciadas\u2026 o a pesar de ellas.<\/p>\n<p>Los buenos deseos: se acabar\u00e1 la crisis; las genuinas manifestaciones del pueblo traer\u00e1n, ahora s\u00ed, bonanza; terminar\u00e1n las exasperantes manifestaciones de los anarquistas; seremos felices; no habr\u00e1 m\u00e1s cambios; s\u00ed habr\u00e1 cambios; seremos todav\u00eda m\u00e1s felices\u2026<\/p>\n<p>Pero ac\u00e1: las colas en las cajas de los negocios que son de Carlos Slim y de algunos otros resultan in\u00e9ditas, como si en lugar del cataclismo estuvi\u00e9ramos en la bonanza; como si el pr\u00f3ximo aguinaldo -tan exiguo ahora con la austeridad- que ya estamos gastando no tuviera que ser utilizado ahora s\u00ed, en serio, como la tabla de salvaci\u00f3n para evitar el acoso de los bancos, la usura sin igual, la cobranza salvaje, el embargo, la p\u00e9rdida de bienes; los r\u00e9ditos hasta la punta de la pir\u00e1mide de la riqueza.<\/p>\n<p>Como si no pasara nada, como si no hubiera miles de desaparecidos y violencia por todas partes, como si no hubiera robos en despoblado y en poblado, mucha gente se arremolina en las plazas con cierta ansiedad, con prisa por llevarse la prenda nueva, el accesorio de moda, el regalo para los seres cercanos en el afecto o en la n\u00f3mina. Es que muchos piensan que ser\u00e1 su \u00faltima oportunidad de comprar en la vida, porque temen que lo que viene ser\u00e1 la miseria inmisericorde, la misericordia miserable, la inconmensurable miserabilidad.<\/p>\n<p>El rencor que no cesa.<\/p>\n<p>Yo no s\u00e9 c\u00f3mo logran llegar entre tanto veh\u00edculo que impide el acceso, sin un lugar donde estacionarse, arremolinados ya desde la misma calle. Pero ah\u00ed est\u00e1n, en las tiendas, disputando al mejor postor la prenda moderna, el vestido sin igual, las miles de frusler\u00edas que al parecer hacen apacible la vida<\/p>\n<p>Ah\u00ed los vemos: buen espect\u00e1culo el de los jarochos de toda laya arremolinados ante los aparadores, d\u00e1ndole vuelo a la tarjeta de cr\u00e9dito, comprando ahora y pagando hasta marzo (cuando ya s\u00f3lo podr\u00e1n echar mano del Monte de Piedad, por piedad), gastando hasta lo que no tendr\u00e1n nunca, porque pronto todo pasar\u00e1 al poder de los que lo tienen todo ya, aunque ahora nos digan que la riqueza se est\u00e1 redistribuyendo.<\/p>\n<p>Pueblo con Plaza Am\u00e9ricas, con Plaza El Dorado, con Plaza Andamar. Por fin con Palacio de Hierro. Pueblo con tarjeta de cr\u00e9dito; con un arma suicida. Pueblo de mujeres enlutadas\u2026<\/p>\n<p>&nbsp;<\/p>\n<p><a href=\"mailto:sglevet@gmail.com\">sglevet@gmail.com<\/a><\/p>\n","protected":false},"excerpt":{"rendered":"<p>Sergio Gonz\u00e1lez Levet Sin tacto Pueblo sin Alameda. Pueblo de sol, reseco, brillante. Pilones de cantera, consumidos, en las plazas, en las esquinas. Pueblo cerrado. Pueblo de mujeres enlutadas. Pueblo solemne. (Agust\u00edn Y\u00e1\u00f1ez, Al filo del agua). Pueblo con plaza comercial: Am\u00e9ricas, Andamar, El Dorado. Pueblo de risas, h\u00famedo, luminoso. Pilones de gente, consumidora, en [&hellip;]<\/p>\n","protected":false},"author":2,"featured_media":51379,"comment_status":"open","ping_status":"open","sticky":false,"template":"","format":"standard","meta":{"tdm_status":"","tdm_grid_status":"","footnotes":""},"categories":[70],"tags":[871,15908,195],"class_list":{"0":"post-51378","1":"post","2":"type-post","3":"status-publish","4":"format-standard","5":"has-post-thumbnail","7":"category-de-opinion","8":"tag-crisis","9":"tag-plaza-el-dorado","10":"tag-veracruz"},"yoast_head":"<!-- This site is optimized with the Yoast SEO plugin v27.4 - https:\/\/yoast.com\/product\/yoast-seo-wordpress\/ -->\n<title>Tiempo de reflexi\u00f3n - Los pol\u00edticos Veracruz<\/title>\n<meta name=\"robots\" content=\"index, follow, max-snippet:-1, max-image-preview:large, max-video-preview:-1\" \/>\n<link rel=\"canonical\" href=\"https:\/\/lospoliticosveracruz.com\/?p=51378\" \/>\n<meta property=\"og:locale\" content=\"es_ES\" \/>\n<meta property=\"og:type\" content=\"article\" \/>\n<meta property=\"og:title\" content=\"Tiempo de reflexi\u00f3n - Los pol\u00edticos Veracruz\" \/>\n<meta property=\"og:description\" content=\"Sergio Gonz\u00e1lez Levet Sin tacto Pueblo sin Alameda. Pueblo de sol, reseco, brillante. Pilones de cantera, consumidos, en las plazas, en las esquinas. Pueblo cerrado. Pueblo de mujeres enlutadas. Pueblo solemne. (Agust\u00edn Y\u00e1\u00f1ez, Al filo del agua). Pueblo con plaza comercial: Am\u00e9ricas, Andamar, El Dorado. Pueblo de risas, h\u00famedo, luminoso. Pilones de gente, consumidora, en [&hellip;]\" \/>\n<meta property=\"og:url\" content=\"https:\/\/lospoliticosveracruz.com\/?p=51378\" \/>\n<meta property=\"og:site_name\" content=\"Los pol\u00edticos Veracruz\" \/>\n<meta property=\"article:publisher\" content=\"https:\/\/www.facebook.com\/people\/Notimemes-de-los-Polticos\/61565672886568\/\" \/>\n<meta property=\"article:published_time\" content=\"2019-12-11T17:58:02+00:00\" \/>\n<meta property=\"og:image\" content=\"https:\/\/lospoliticosveracruz.com\/wp-content\/uploads\/2019\/12\/El-Dorado.jpg\" \/>\n\t<meta property=\"og:image:width\" content=\"600\" \/>\n\t<meta property=\"og:image:height\" content=\"436\" \/>\n\t<meta property=\"og:image:type\" content=\"image\/jpeg\" \/>\n<meta name=\"author\" content=\"Lo viste en Los Pol\u00edticos\" \/>\n<meta name=\"twitter:card\" content=\"summary_large_image\" \/>\n<meta name=\"twitter:creator\" content=\"@LosPoliticosVer\" \/>\n<meta name=\"twitter:site\" content=\"@LosPoliticosVer\" \/>\n<meta name=\"twitter:label1\" content=\"Escrito por\" \/>\n\t<meta name=\"twitter:data1\" content=\"Lo viste en Los Pol\u00edticos\" \/>\n\t<meta name=\"twitter:label2\" content=\"Tiempo de lectura\" \/>\n\t<meta name=\"twitter:data2\" content=\"3 minutos\" \/>\n<script type=\"application\/ld+json\" class=\"yoast-schema-graph\">{\"@context\":\"https:\\\/\\\/schema.org\",\"@graph\":[{\"@type\":\"Article\",\"@id\":\"https:\\\/\\\/lospoliticosveracruz.com\\\/?p=51378#article\",\"isPartOf\":{\"@id\":\"https:\\\/\\\/lospoliticosveracruz.com\\\/?p=51378\"},\"author\":{\"name\":\"Lo viste en Los Pol\u00edticos\",\"@id\":\"https:\\\/\\\/lospoliticosveracruz.com\\\/#\\\/schema\\\/person\\\/b8702bb0e538456e6efd07080bf2a4a2\"},\"headline\":\"Tiempo de reflexi\u00f3n\",\"datePublished\":\"2019-12-11T17:58:02+00:00\",\"mainEntityOfPage\":{\"@id\":\"https:\\\/\\\/lospoliticosveracruz.com\\\/?p=51378\"},\"wordCount\":623,\"commentCount\":0,\"publisher\":{\"@id\":\"https:\\\/\\\/lospoliticosveracruz.com\\\/#organization\"},\"image\":{\"@id\":\"https:\\\/\\\/lospoliticosveracruz.com\\\/?p=51378#primaryimage\"},\"thumbnailUrl\":\"https:\\\/\\\/lospoliticosveracruz.com\\\/wp-content\\\/uploads\\\/2019\\\/12\\\/El-Dorado.jpg\",\"keywords\":[\"crisis\",\"Plaza El Dorado\",\"Veracruz\"],\"articleSection\":[\"De Opini\u00f3n\"],\"inLanguage\":\"es\",\"potentialAction\":[{\"@type\":\"CommentAction\",\"name\":\"Comment\",\"target\":[\"https:\\\/\\\/lospoliticosveracruz.com\\\/?p=51378#respond\"]}]},{\"@type\":\"WebPage\",\"@id\":\"https:\\\/\\\/lospoliticosveracruz.com\\\/?p=51378\",\"url\":\"https:\\\/\\\/lospoliticosveracruz.com\\\/?p=51378\",\"name\":\"Tiempo de reflexi\u00f3n - Los pol\u00edticos Veracruz\",\"isPartOf\":{\"@id\":\"https:\\\/\\\/lospoliticosveracruz.com\\\/#website\"},\"primaryImageOfPage\":{\"@id\":\"https:\\\/\\\/lospoliticosveracruz.com\\\/?p=51378#primaryimage\"},\"image\":{\"@id\":\"https:\\\/\\\/lospoliticosveracruz.com\\\/?p=51378#primaryimage\"},\"thumbnailUrl\":\"https:\\\/\\\/lospoliticosveracruz.com\\\/wp-content\\\/uploads\\\/2019\\\/12\\\/El-Dorado.jpg\",\"datePublished\":\"2019-12-11T17:58:02+00:00\",\"breadcrumb\":{\"@id\":\"https:\\\/\\\/lospoliticosveracruz.com\\\/?p=51378#breadcrumb\"},\"inLanguage\":\"es\",\"potentialAction\":[{\"@type\":\"ReadAction\",\"target\":[\"https:\\\/\\\/lospoliticosveracruz.com\\\/?p=51378\"]}]},{\"@type\":\"ImageObject\",\"inLanguage\":\"es\",\"@id\":\"https:\\\/\\\/lospoliticosveracruz.com\\\/?p=51378#primaryimage\",\"url\":\"https:\\\/\\\/lospoliticosveracruz.com\\\/wp-content\\\/uploads\\\/2019\\\/12\\\/El-Dorado.jpg\",\"contentUrl\":\"https:\\\/\\\/lospoliticosveracruz.com\\\/wp-content\\\/uploads\\\/2019\\\/12\\\/El-Dorado.jpg\",\"width\":600,\"height\":436},{\"@type\":\"BreadcrumbList\",\"@id\":\"https:\\\/\\\/lospoliticosveracruz.com\\\/?p=51378#breadcrumb\",\"itemListElement\":[{\"@type\":\"ListItem\",\"position\":1,\"name\":\"Portada\",\"item\":\"https:\\\/\\\/lospoliticosveracruz.com\\\/\"},{\"@type\":\"ListItem\",\"position\":2,\"name\":\"Tiempo de reflexi\u00f3n\"}]},{\"@type\":\"WebSite\",\"@id\":\"https:\\\/\\\/lospoliticosveracruz.com\\\/#website\",\"url\":\"https:\\\/\\\/lospoliticosveracruz.com\\\/\",\"name\":\"Los pol\u00edticos Veracruz\",\"description\":\"\",\"publisher\":{\"@id\":\"https:\\\/\\\/lospoliticosveracruz.com\\\/#organization\"},\"potentialAction\":[{\"@type\":\"SearchAction\",\"target\":{\"@type\":\"EntryPoint\",\"urlTemplate\":\"https:\\\/\\\/lospoliticosveracruz.com\\\/?s={search_term_string}\"},\"query-input\":{\"@type\":\"PropertyValueSpecification\",\"valueRequired\":true,\"valueName\":\"search_term_string\"}}],\"inLanguage\":\"es\"},{\"@type\":\"Organization\",\"@id\":\"https:\\\/\\\/lospoliticosveracruz.com\\\/#organization\",\"name\":\"Los pol\u00edticos Veracruz\",\"url\":\"https:\\\/\\\/lospoliticosveracruz.com\\\/\",\"logo\":{\"@type\":\"ImageObject\",\"inLanguage\":\"es\",\"@id\":\"https:\\\/\\\/lospoliticosveracruz.com\\\/#\\\/schema\\\/logo\\\/image\\\/\",\"url\":\"https:\\\/\\\/lospoliticosveracruz.com\\\/wp-content\\\/uploads\\\/2025\\\/12\\\/Logo-Nuevo-LOS-POLITICOS-1.jpg\",\"contentUrl\":\"https:\\\/\\\/lospoliticosveracruz.com\\\/wp-content\\\/uploads\\\/2025\\\/12\\\/Logo-Nuevo-LOS-POLITICOS-1.jpg\",\"width\":260,\"height\":70,\"caption\":\"Los pol\u00edticos Veracruz\"},\"image\":{\"@id\":\"https:\\\/\\\/lospoliticosveracruz.com\\\/#\\\/schema\\\/logo\\\/image\\\/\"},\"sameAs\":[\"https:\\\/\\\/www.facebook.com\\\/people\\\/Notimemes-de-los-Polticos\\\/61565672886568\\\/\",\"https:\\\/\\\/x.com\\\/LosPoliticosVer\"]},{\"@type\":\"Person\",\"@id\":\"https:\\\/\\\/lospoliticosveracruz.com\\\/#\\\/schema\\\/person\\\/b8702bb0e538456e6efd07080bf2a4a2\",\"name\":\"Lo viste en Los Pol\u00edticos\",\"image\":{\"@type\":\"ImageObject\",\"inLanguage\":\"es\",\"@id\":\"https:\\\/\\\/secure.gravatar.com\\\/avatar\\\/3a8de04a2656d44082be478bd6c086daa447c4651605818287b9532d3d0bd435?s=96&d=mm&r=g\",\"url\":\"https:\\\/\\\/secure.gravatar.com\\\/avatar\\\/3a8de04a2656d44082be478bd6c086daa447c4651605818287b9532d3d0bd435?s=96&d=mm&r=g\",\"contentUrl\":\"https:\\\/\\\/secure.gravatar.com\\\/avatar\\\/3a8de04a2656d44082be478bd6c086daa447c4651605818287b9532d3d0bd435?s=96&d=mm&r=g\",\"caption\":\"Lo viste en Los Pol\u00edticos\"},\"url\":\"https:\\\/\\\/lospoliticosveracruz.com\\\/?author=2\"}]}<\/script>\n<!-- \/ Yoast SEO plugin. -->","yoast_head_json":{"title":"Tiempo de reflexi\u00f3n - Los pol\u00edticos Veracruz","robots":{"index":"index","follow":"follow","max-snippet":"max-snippet:-1","max-image-preview":"max-image-preview:large","max-video-preview":"max-video-preview:-1"},"canonical":"https:\/\/lospoliticosveracruz.com\/?p=51378","og_locale":"es_ES","og_type":"article","og_title":"Tiempo de reflexi\u00f3n - Los pol\u00edticos Veracruz","og_description":"Sergio Gonz\u00e1lez Levet Sin tacto Pueblo sin Alameda. Pueblo de sol, reseco, brillante. Pilones de cantera, consumidos, en las plazas, en las esquinas. Pueblo cerrado. Pueblo de mujeres enlutadas. Pueblo solemne. (Agust\u00edn Y\u00e1\u00f1ez, Al filo del agua). Pueblo con plaza comercial: Am\u00e9ricas, Andamar, El Dorado. Pueblo de risas, h\u00famedo, luminoso. Pilones de gente, consumidora, en [&hellip;]","og_url":"https:\/\/lospoliticosveracruz.com\/?p=51378","og_site_name":"Los pol\u00edticos Veracruz","article_publisher":"https:\/\/www.facebook.com\/people\/Notimemes-de-los-Polticos\/61565672886568\/","article_published_time":"2019-12-11T17:58:02+00:00","og_image":[{"width":600,"height":436,"url":"https:\/\/lospoliticosveracruz.com\/wp-content\/uploads\/2019\/12\/El-Dorado.jpg","type":"image\/jpeg"}],"author":"Lo viste en Los Pol\u00edticos","twitter_card":"summary_large_image","twitter_creator":"@LosPoliticosVer","twitter_site":"@LosPoliticosVer","twitter_misc":{"Escrito por":"Lo viste en Los Pol\u00edticos","Tiempo de lectura":"3 minutos"},"schema":{"@context":"https:\/\/schema.org","@graph":[{"@type":"Article","@id":"https:\/\/lospoliticosveracruz.com\/?p=51378#article","isPartOf":{"@id":"https:\/\/lospoliticosveracruz.com\/?p=51378"},"author":{"name":"Lo viste en Los Pol\u00edticos","@id":"https:\/\/lospoliticosveracruz.com\/#\/schema\/person\/b8702bb0e538456e6efd07080bf2a4a2"},"headline":"Tiempo de reflexi\u00f3n","datePublished":"2019-12-11T17:58:02+00:00","mainEntityOfPage":{"@id":"https:\/\/lospoliticosveracruz.com\/?p=51378"},"wordCount":623,"commentCount":0,"publisher":{"@id":"https:\/\/lospoliticosveracruz.com\/#organization"},"image":{"@id":"https:\/\/lospoliticosveracruz.com\/?p=51378#primaryimage"},"thumbnailUrl":"https:\/\/lospoliticosveracruz.com\/wp-content\/uploads\/2019\/12\/El-Dorado.jpg","keywords":["crisis","Plaza El Dorado","Veracruz"],"articleSection":["De Opini\u00f3n"],"inLanguage":"es","potentialAction":[{"@type":"CommentAction","name":"Comment","target":["https:\/\/lospoliticosveracruz.com\/?p=51378#respond"]}]},{"@type":"WebPage","@id":"https:\/\/lospoliticosveracruz.com\/?p=51378","url":"https:\/\/lospoliticosveracruz.com\/?p=51378","name":"Tiempo de reflexi\u00f3n - Los pol\u00edticos Veracruz","isPartOf":{"@id":"https:\/\/lospoliticosveracruz.com\/#website"},"primaryImageOfPage":{"@id":"https:\/\/lospoliticosveracruz.com\/?p=51378#primaryimage"},"image":{"@id":"https:\/\/lospoliticosveracruz.com\/?p=51378#primaryimage"},"thumbnailUrl":"https:\/\/lospoliticosveracruz.com\/wp-content\/uploads\/2019\/12\/El-Dorado.jpg","datePublished":"2019-12-11T17:58:02+00:00","breadcrumb":{"@id":"https:\/\/lospoliticosveracruz.com\/?p=51378#breadcrumb"},"inLanguage":"es","potentialAction":[{"@type":"ReadAction","target":["https:\/\/lospoliticosveracruz.com\/?p=51378"]}]},{"@type":"ImageObject","inLanguage":"es","@id":"https:\/\/lospoliticosveracruz.com\/?p=51378#primaryimage","url":"https:\/\/lospoliticosveracruz.com\/wp-content\/uploads\/2019\/12\/El-Dorado.jpg","contentUrl":"https:\/\/lospoliticosveracruz.com\/wp-content\/uploads\/2019\/12\/El-Dorado.jpg","width":600,"height":436},{"@type":"BreadcrumbList","@id":"https:\/\/lospoliticosveracruz.com\/?p=51378#breadcrumb","itemListElement":[{"@type":"ListItem","position":1,"name":"Portada","item":"https:\/\/lospoliticosveracruz.com\/"},{"@type":"ListItem","position":2,"name":"Tiempo de reflexi\u00f3n"}]},{"@type":"WebSite","@id":"https:\/\/lospoliticosveracruz.com\/#website","url":"https:\/\/lospoliticosveracruz.com\/","name":"Los pol\u00edticos Veracruz","description":"","publisher":{"@id":"https:\/\/lospoliticosveracruz.com\/#organization"},"potentialAction":[{"@type":"SearchAction","target":{"@type":"EntryPoint","urlTemplate":"https:\/\/lospoliticosveracruz.com\/?s={search_term_string}"},"query-input":{"@type":"PropertyValueSpecification","valueRequired":true,"valueName":"search_term_string"}}],"inLanguage":"es"},{"@type":"Organization","@id":"https:\/\/lospoliticosveracruz.com\/#organization","name":"Los pol\u00edticos Veracruz","url":"https:\/\/lospoliticosveracruz.com\/","logo":{"@type":"ImageObject","inLanguage":"es","@id":"https:\/\/lospoliticosveracruz.com\/#\/schema\/logo\/image\/","url":"https:\/\/lospoliticosveracruz.com\/wp-content\/uploads\/2025\/12\/Logo-Nuevo-LOS-POLITICOS-1.jpg","contentUrl":"https:\/\/lospoliticosveracruz.com\/wp-content\/uploads\/2025\/12\/Logo-Nuevo-LOS-POLITICOS-1.jpg","width":260,"height":70,"caption":"Los pol\u00edticos Veracruz"},"image":{"@id":"https:\/\/lospoliticosveracruz.com\/#\/schema\/logo\/image\/"},"sameAs":["https:\/\/www.facebook.com\/people\/Notimemes-de-los-Polticos\/61565672886568\/","https:\/\/x.com\/LosPoliticosVer"]},{"@type":"Person","@id":"https:\/\/lospoliticosveracruz.com\/#\/schema\/person\/b8702bb0e538456e6efd07080bf2a4a2","name":"Lo viste en Los Pol\u00edticos","image":{"@type":"ImageObject","inLanguage":"es","@id":"https:\/\/secure.gravatar.com\/avatar\/3a8de04a2656d44082be478bd6c086daa447c4651605818287b9532d3d0bd435?s=96&d=mm&r=g","url":"https:\/\/secure.gravatar.com\/avatar\/3a8de04a2656d44082be478bd6c086daa447c4651605818287b9532d3d0bd435?s=96&d=mm&r=g","contentUrl":"https:\/\/secure.gravatar.com\/avatar\/3a8de04a2656d44082be478bd6c086daa447c4651605818287b9532d3d0bd435?s=96&d=mm&r=g","caption":"Lo viste en Los Pol\u00edticos"},"url":"https:\/\/lospoliticosveracruz.com\/?author=2"}]}},"_links":{"self":[{"href":"https:\/\/lospoliticosveracruz.com\/index.php?rest_route=\/wp\/v2\/posts\/51378","targetHints":{"allow":["GET"]}}],"collection":[{"href":"https:\/\/lospoliticosveracruz.com\/index.php?rest_route=\/wp\/v2\/posts"}],"about":[{"href":"https:\/\/lospoliticosveracruz.com\/index.php?rest_route=\/wp\/v2\/types\/post"}],"author":[{"embeddable":true,"href":"https:\/\/lospoliticosveracruz.com\/index.php?rest_route=\/wp\/v2\/users\/2"}],"replies":[{"embeddable":true,"href":"https:\/\/lospoliticosveracruz.com\/index.php?rest_route=%2Fwp%2Fv2%2Fcomments&post=51378"}],"version-history":[{"count":1,"href":"https:\/\/lospoliticosveracruz.com\/index.php?rest_route=\/wp\/v2\/posts\/51378\/revisions"}],"predecessor-version":[{"id":51380,"href":"https:\/\/lospoliticosveracruz.com\/index.php?rest_route=\/wp\/v2\/posts\/51378\/revisions\/51380"}],"wp:featuredmedia":[{"embeddable":true,"href":"https:\/\/lospoliticosveracruz.com\/index.php?rest_route=\/wp\/v2\/media\/51379"}],"wp:attachment":[{"href":"https:\/\/lospoliticosveracruz.com\/index.php?rest_route=%2Fwp%2Fv2%2Fmedia&parent=51378"}],"wp:term":[{"taxonomy":"category","embeddable":true,"href":"https:\/\/lospoliticosveracruz.com\/index.php?rest_route=%2Fwp%2Fv2%2Fcategories&post=51378"},{"taxonomy":"post_tag","embeddable":true,"href":"https:\/\/lospoliticosveracruz.com\/index.php?rest_route=%2Fwp%2Fv2%2Ftags&post=51378"}],"curies":[{"name":"wp","href":"https:\/\/api.w.org\/{rel}","templated":true}]}}