{"id":51384,"date":"2019-12-11T14:45:01","date_gmt":"2019-12-11T20:45:01","guid":{"rendered":"http:\/\/www.lospoliticosveracruz.com.mx\/?p=51384"},"modified":"2019-12-11T14:45:01","modified_gmt":"2019-12-11T20:45:01","slug":"uno-de-cada-uno","status":"publish","type":"post","link":"https:\/\/lospoliticosveracruz.com\/?p=51384","title":{"rendered":"Uno de cada uno\u2026"},"content":{"rendered":"<p><strong>Jorge Arturo Rodr\u00edguez<\/strong><\/p>\n<p><em>Tierra de Babel<\/em><\/p>\n<p style=\"text-align: right;\"><em>Aperitivo: \u201cSi no puedes volar, corre. Si tampoco puedes correr, camina. Si no puedes caminar, gatea. Pero siempre sigue movi\u00e9ndote\u201d. (Ousman Umar).<\/em><\/p>\n<p>A veces nos mordemos la lengua sin darnos cuenta; otras, vociferamos sin o\u00edrnos. A menudo no tenemos la culpa. Recargamos nuestra cruz al de al lado. Pedimos apoyo, ayuda, auxilio\u2026 Da el caso, entonces, que no avanzamos. Queremos un mundo mejor. Pero nadie est\u00e1 dispuesto a dar. He ah\u00ed el detalle, chato. Opinamos; no criticamos. Se nos viene encima un tumulto de errores y mejor callamos. O simplemente estallamos en palabrer\u00edas. Y ah\u00ed nos quedamos. En un impulso atroz.<br \/>\nVoy directo y sin ambages. Me preguntaron por las comparecencias para la glosa del 1er. Informe de Gobierno. \u00bfHubo informe? \u00bfComparecencias? La primera palabra que me vino a la mente: insustancial.<br \/>\nDos diputados estuvieron siempre presentes: Juan Javier G\u00f3mez Cazar\u00edn, presidente de la Junta de Coordinaci\u00f3n Pol\u00edtica de la LXV Legislatura del Congreso del Veracruz \u2013as\u00ed de buen legislador sali\u00f3, y no es choro-, y Raymundo Andrade Rivera, de cepa humilde, haciendo honor a esa caracter\u00edstica que tanto nos hace falta.<br \/>\nYa hay rumores pa\u2019 cambiar formato de comparecencia de la glosa y hasta de la misma ins\u00edpida alharaca de que comparezca el ejecutivo estatal. No me meter\u00e9 en rollos harto sabido por todos, al menos de quienes lo vieron. Veracruz se merece m\u00e1s que palabrer\u00edas, venga de quien venga.<br \/>\nReconozco el trabajo empecinado e inteligente, astuto y hasta perverso \u2013pol\u00edticamente hablando, si no valdr\u00edamos madres- del presidente de la Jucopo de la actual legislatura. Reconozco su esfuerzo pa\u2019 calmar las aguas y darle cauce y hasta causa para seguir el camino legislativo: todos es paz, vamos por M\u00e9xico y Veracruz.<br \/>\nY hay otra persona, a la que reconozco y ojal\u00e1 as\u00ed fu\u00e9ramos todos, el diputado Raymundo Andrade Rivera. Su pecado: la humildad. Su virtud: la humildad. Aclaro, no es choro ni le mato un pollo. Ambos dos, G\u00f3mez Cazar\u00edn y Andrade Rivera, mis respetos. S\u00e9 que hay voces que dicen lo contrario. Celebro la opini\u00f3n contraria. Pero en ning\u00fan asunto que vaya de por medio la felicidad del pr\u00f3jimo, merece la actitud mediocre e indiferente de quien ostenta la autoridad y, de pil\u00f3n, el poder. No es, lo que digo, una apolog\u00eda a nadie. Es m\u00e1s bien ver, percibir, los hechos atr\u00e1s de bambalina.<br \/>\nMientras se desarrollaba la comparecencia del Gobernador y luego una sesi\u00f3n plenaria, en otras partes el mundo daba vueltas. Pos s\u00ed. \u00bfQui\u00e9n dice lo contrario? Demos un paso m\u00e1s, creamos en nosotros mismos. Creo en el mundo. Creo en el ser humano. Creo en ti que me lees. Mi duda radica en si estamos dispuesto a cambiar y hacer un M\u00e9xico mejor. Un Veracruz a la medida de las aspiraciones de cada uno de nosotros.<br \/>\nS\u00e9 de cierto que mi opini\u00f3n, vale m\u00e1s que un aguinaldo. Pero s\u00e9 de cierto que la pobreza nos ahoga. La violencia nos arrastra. Las diferencias, nos abruma en un callej\u00f3n sin salida. S\u00e9 de cierto que la demencia nos detiene. El miedo a partir nos atrapa.<br \/>\nCasi fin de a\u00f1o, \u00bfd\u00f3nde tu ser?, \u00bfd\u00f3nde tu estar? Carajos, bien dijeron, a Dios lo que es de Dios, a C\u00e9sar que se lo coma el Diablo\u2026 es un decir al rev\u00e9s. O quiz\u00e1s todo lo contrario.<br \/>\nDicho lo cual, d\u00e9jenme en la paz de M\u00e9xico y Veracruz. A\u00fan hay tiempo.<\/p>\n<p><strong>De cinismo y anexas<\/strong><\/p>\n<p>Le\u00ed hace algunos ayeres, el libro <em>En la mira. El chiste pol\u00edtico en M\u00e9xico<\/em>, de Samuel Schmidt. Jam\u00e1s cre\u00ed que AMLO\u00a0llegara a la presidencia.<br \/>\n(Por cierto, no es el indio pendejo, lo hacen a palos).<br \/>\nDe ese libro les comparto el siguiente chiste:<br \/>\n\u201cA AMLO le dicen el Wiskas, porque ocho de cada diez gatos lo prefieren\u201d.<br \/>\nEran aquellos tiempos, cuando AMLO\u00a0perreaba la presidencia. Hoy, es hoy, hoy, hoy\u2026 Y si no, lancemos \u2013pa\u2019 pasar a la historia de a de veras-, al ej\u00e9rcito contra el narco, y si no, demos una oportunidad a la paz. Porque yo ando cargando bien cargada mi carabina 30-30, aunque me lleven los pingos.<br \/>\nPor si s\u00ed o por si no, \u00bfd\u00f3nde qued\u00f3 la bolita con el diputado Molina? Y m\u00e1s preguntas que respuestas\u2026 A qu\u00e9 pinches periodistas, como chingamos la madre\u2026 Pos va\u2026 \u00bfEl mosquito transmisor del dengue es insecto o es pendejo?<br \/>\nAh\u00ed se ven.<\/p>\n","protected":false},"excerpt":{"rendered":"<p>Jorge Arturo Rodr\u00edguez Tierra de Babel Aperitivo: \u201cSi no puedes volar, corre. Si tampoco puedes correr, camina. Si no puedes caminar, gatea. Pero siempre sigue movi\u00e9ndote\u201d. (Ousman Umar). A veces nos mordemos la lengua sin darnos cuenta; otras, vociferamos sin o\u00edrnos. A menudo no tenemos la culpa. Recargamos nuestra cruz al de al lado. Pedimos [&hellip;]<\/p>\n","protected":false},"author":2,"featured_media":51385,"comment_status":"open","ping_status":"open","sticky":false,"template":"","format":"standard","meta":{"tdm_status":"","tdm_grid_status":"","footnotes":""},"categories":[70],"tags":[830,2677,12695,13203,195],"class_list":{"0":"post-51384","1":"post","2":"type-post","3":"status-publish","4":"format-standard","5":"has-post-thumbnail","7":"category-de-opinion","8":"tag-comparecencias","9":"tag-jorge-arturo-rodriguez","10":"tag-juan-javier-gomez-cazarin","11":"tag-raymundo-andrade-rivera","12":"tag-veracruz"},"yoast_head":"<!-- This site is optimized with the Yoast SEO plugin v27.4 - https:\/\/yoast.com\/product\/yoast-seo-wordpress\/ -->\n<title>Uno de cada uno\u2026 - Los pol\u00edticos Veracruz<\/title>\n<meta name=\"robots\" content=\"index, follow, max-snippet:-1, max-image-preview:large, max-video-preview:-1\" \/>\n<link rel=\"canonical\" href=\"https:\/\/lospoliticosveracruz.com\/?p=51384\" \/>\n<meta property=\"og:locale\" content=\"es_ES\" \/>\n<meta property=\"og:type\" content=\"article\" \/>\n<meta property=\"og:title\" content=\"Uno de cada uno\u2026 - Los pol\u00edticos Veracruz\" \/>\n<meta property=\"og:description\" content=\"Jorge Arturo Rodr\u00edguez Tierra de Babel Aperitivo: \u201cSi no puedes volar, corre. Si tampoco puedes correr, camina. Si no puedes caminar, gatea. Pero siempre sigue movi\u00e9ndote\u201d. (Ousman Umar). A veces nos mordemos la lengua sin darnos cuenta; otras, vociferamos sin o\u00edrnos. A menudo no tenemos la culpa. Recargamos nuestra cruz al de al lado. Pedimos [&hellip;]\" \/>\n<meta property=\"og:url\" content=\"https:\/\/lospoliticosveracruz.com\/?p=51384\" \/>\n<meta property=\"og:site_name\" content=\"Los pol\u00edticos Veracruz\" \/>\n<meta property=\"article:publisher\" content=\"https:\/\/www.facebook.com\/people\/Notimemes-de-los-Polticos\/61565672886568\/\" \/>\n<meta property=\"article:published_time\" content=\"2019-12-11T20:45:01+00:00\" \/>\n<meta property=\"og:image\" content=\"https:\/\/lospoliticosveracruz.com\/wp-content\/uploads\/2019\/12\/Raymundo-Gomez.jpg\" \/>\n\t<meta property=\"og:image:width\" content=\"600\" \/>\n\t<meta property=\"og:image:height\" content=\"446\" \/>\n\t<meta property=\"og:image:type\" content=\"image\/jpeg\" \/>\n<meta name=\"author\" content=\"Lo viste en Los Pol\u00edticos\" \/>\n<meta name=\"twitter:card\" content=\"summary_large_image\" \/>\n<meta name=\"twitter:creator\" content=\"@LosPoliticosVer\" \/>\n<meta name=\"twitter:site\" content=\"@LosPoliticosVer\" \/>\n<meta name=\"twitter:label1\" content=\"Escrito por\" \/>\n\t<meta name=\"twitter:data1\" content=\"Lo viste en Los Pol\u00edticos\" \/>\n\t<meta name=\"twitter:label2\" content=\"Tiempo de lectura\" \/>\n\t<meta name=\"twitter:data2\" content=\"4 minutos\" \/>\n<script type=\"application\/ld+json\" class=\"yoast-schema-graph\">{\"@context\":\"https:\\\/\\\/schema.org\",\"@graph\":[{\"@type\":\"Article\",\"@id\":\"https:\\\/\\\/lospoliticosveracruz.com\\\/?p=51384#article\",\"isPartOf\":{\"@id\":\"https:\\\/\\\/lospoliticosveracruz.com\\\/?p=51384\"},\"author\":{\"name\":\"Lo viste en Los Pol\u00edticos\",\"@id\":\"https:\\\/\\\/lospoliticosveracruz.com\\\/#\\\/schema\\\/person\\\/b8702bb0e538456e6efd07080bf2a4a2\"},\"headline\":\"Uno de cada uno\u2026\",\"datePublished\":\"2019-12-11T20:45:01+00:00\",\"mainEntityOfPage\":{\"@id\":\"https:\\\/\\\/lospoliticosveracruz.com\\\/?p=51384\"},\"wordCount\":776,\"commentCount\":0,\"publisher\":{\"@id\":\"https:\\\/\\\/lospoliticosveracruz.com\\\/#organization\"},\"image\":{\"@id\":\"https:\\\/\\\/lospoliticosveracruz.com\\\/?p=51384#primaryimage\"},\"thumbnailUrl\":\"https:\\\/\\\/lospoliticosveracruz.com\\\/wp-content\\\/uploads\\\/2019\\\/12\\\/Raymundo-Gomez.jpg\",\"keywords\":[\"comparecencias\",\"Jorge Arturo Rodr\u00edguez\",\"Juan Javier G\u00f3mez Cazar\u00edn\",\"Raymundo Andrade Rivera\",\"Veracruz\"],\"articleSection\":[\"De Opini\u00f3n\"],\"inLanguage\":\"es\",\"potentialAction\":[{\"@type\":\"CommentAction\",\"name\":\"Comment\",\"target\":[\"https:\\\/\\\/lospoliticosveracruz.com\\\/?p=51384#respond\"]}]},{\"@type\":\"WebPage\",\"@id\":\"https:\\\/\\\/lospoliticosveracruz.com\\\/?p=51384\",\"url\":\"https:\\\/\\\/lospoliticosveracruz.com\\\/?p=51384\",\"name\":\"Uno de cada uno\u2026 - Los pol\u00edticos Veracruz\",\"isPartOf\":{\"@id\":\"https:\\\/\\\/lospoliticosveracruz.com\\\/#website\"},\"primaryImageOfPage\":{\"@id\":\"https:\\\/\\\/lospoliticosveracruz.com\\\/?p=51384#primaryimage\"},\"image\":{\"@id\":\"https:\\\/\\\/lospoliticosveracruz.com\\\/?p=51384#primaryimage\"},\"thumbnailUrl\":\"https:\\\/\\\/lospoliticosveracruz.com\\\/wp-content\\\/uploads\\\/2019\\\/12\\\/Raymundo-Gomez.jpg\",\"datePublished\":\"2019-12-11T20:45:01+00:00\",\"breadcrumb\":{\"@id\":\"https:\\\/\\\/lospoliticosveracruz.com\\\/?p=51384#breadcrumb\"},\"inLanguage\":\"es\",\"potentialAction\":[{\"@type\":\"ReadAction\",\"target\":[\"https:\\\/\\\/lospoliticosveracruz.com\\\/?p=51384\"]}]},{\"@type\":\"ImageObject\",\"inLanguage\":\"es\",\"@id\":\"https:\\\/\\\/lospoliticosveracruz.com\\\/?p=51384#primaryimage\",\"url\":\"https:\\\/\\\/lospoliticosveracruz.com\\\/wp-content\\\/uploads\\\/2019\\\/12\\\/Raymundo-Gomez.jpg\",\"contentUrl\":\"https:\\\/\\\/lospoliticosveracruz.com\\\/wp-content\\\/uploads\\\/2019\\\/12\\\/Raymundo-Gomez.jpg\",\"width\":600,\"height\":446},{\"@type\":\"BreadcrumbList\",\"@id\":\"https:\\\/\\\/lospoliticosveracruz.com\\\/?p=51384#breadcrumb\",\"itemListElement\":[{\"@type\":\"ListItem\",\"position\":1,\"name\":\"Portada\",\"item\":\"https:\\\/\\\/lospoliticosveracruz.com\\\/\"},{\"@type\":\"ListItem\",\"position\":2,\"name\":\"Uno de cada uno\u2026\"}]},{\"@type\":\"WebSite\",\"@id\":\"https:\\\/\\\/lospoliticosveracruz.com\\\/#website\",\"url\":\"https:\\\/\\\/lospoliticosveracruz.com\\\/\",\"name\":\"Los pol\u00edticos Veracruz\",\"description\":\"\",\"publisher\":{\"@id\":\"https:\\\/\\\/lospoliticosveracruz.com\\\/#organization\"},\"potentialAction\":[{\"@type\":\"SearchAction\",\"target\":{\"@type\":\"EntryPoint\",\"urlTemplate\":\"https:\\\/\\\/lospoliticosveracruz.com\\\/?s={search_term_string}\"},\"query-input\":{\"@type\":\"PropertyValueSpecification\",\"valueRequired\":true,\"valueName\":\"search_term_string\"}}],\"inLanguage\":\"es\"},{\"@type\":\"Organization\",\"@id\":\"https:\\\/\\\/lospoliticosveracruz.com\\\/#organization\",\"name\":\"Los pol\u00edticos Veracruz\",\"url\":\"https:\\\/\\\/lospoliticosveracruz.com\\\/\",\"logo\":{\"@type\":\"ImageObject\",\"inLanguage\":\"es\",\"@id\":\"https:\\\/\\\/lospoliticosveracruz.com\\\/#\\\/schema\\\/logo\\\/image\\\/\",\"url\":\"https:\\\/\\\/lospoliticosveracruz.com\\\/wp-content\\\/uploads\\\/2025\\\/12\\\/Logo-Nuevo-LOS-POLITICOS-1.jpg\",\"contentUrl\":\"https:\\\/\\\/lospoliticosveracruz.com\\\/wp-content\\\/uploads\\\/2025\\\/12\\\/Logo-Nuevo-LOS-POLITICOS-1.jpg\",\"width\":260,\"height\":70,\"caption\":\"Los pol\u00edticos Veracruz\"},\"image\":{\"@id\":\"https:\\\/\\\/lospoliticosveracruz.com\\\/#\\\/schema\\\/logo\\\/image\\\/\"},\"sameAs\":[\"https:\\\/\\\/www.facebook.com\\\/people\\\/Notimemes-de-los-Polticos\\\/61565672886568\\\/\",\"https:\\\/\\\/x.com\\\/LosPoliticosVer\"]},{\"@type\":\"Person\",\"@id\":\"https:\\\/\\\/lospoliticosveracruz.com\\\/#\\\/schema\\\/person\\\/b8702bb0e538456e6efd07080bf2a4a2\",\"name\":\"Lo viste en Los Pol\u00edticos\",\"image\":{\"@type\":\"ImageObject\",\"inLanguage\":\"es\",\"@id\":\"https:\\\/\\\/secure.gravatar.com\\\/avatar\\\/3a8de04a2656d44082be478bd6c086daa447c4651605818287b9532d3d0bd435?s=96&d=mm&r=g\",\"url\":\"https:\\\/\\\/secure.gravatar.com\\\/avatar\\\/3a8de04a2656d44082be478bd6c086daa447c4651605818287b9532d3d0bd435?s=96&d=mm&r=g\",\"contentUrl\":\"https:\\\/\\\/secure.gravatar.com\\\/avatar\\\/3a8de04a2656d44082be478bd6c086daa447c4651605818287b9532d3d0bd435?s=96&d=mm&r=g\",\"caption\":\"Lo viste en Los Pol\u00edticos\"},\"url\":\"https:\\\/\\\/lospoliticosveracruz.com\\\/?author=2\"}]}<\/script>\n<!-- \/ Yoast SEO plugin. -->","yoast_head_json":{"title":"Uno de cada uno\u2026 - Los pol\u00edticos Veracruz","robots":{"index":"index","follow":"follow","max-snippet":"max-snippet:-1","max-image-preview":"max-image-preview:large","max-video-preview":"max-video-preview:-1"},"canonical":"https:\/\/lospoliticosveracruz.com\/?p=51384","og_locale":"es_ES","og_type":"article","og_title":"Uno de cada uno\u2026 - Los pol\u00edticos Veracruz","og_description":"Jorge Arturo Rodr\u00edguez Tierra de Babel Aperitivo: \u201cSi no puedes volar, corre. Si tampoco puedes correr, camina. Si no puedes caminar, gatea. Pero siempre sigue movi\u00e9ndote\u201d. (Ousman Umar). A veces nos mordemos la lengua sin darnos cuenta; otras, vociferamos sin o\u00edrnos. A menudo no tenemos la culpa. Recargamos nuestra cruz al de al lado. Pedimos [&hellip;]","og_url":"https:\/\/lospoliticosveracruz.com\/?p=51384","og_site_name":"Los pol\u00edticos Veracruz","article_publisher":"https:\/\/www.facebook.com\/people\/Notimemes-de-los-Polticos\/61565672886568\/","article_published_time":"2019-12-11T20:45:01+00:00","og_image":[{"width":600,"height":446,"url":"https:\/\/lospoliticosveracruz.com\/wp-content\/uploads\/2019\/12\/Raymundo-Gomez.jpg","type":"image\/jpeg"}],"author":"Lo viste en Los Pol\u00edticos","twitter_card":"summary_large_image","twitter_creator":"@LosPoliticosVer","twitter_site":"@LosPoliticosVer","twitter_misc":{"Escrito por":"Lo viste en Los Pol\u00edticos","Tiempo de lectura":"4 minutos"},"schema":{"@context":"https:\/\/schema.org","@graph":[{"@type":"Article","@id":"https:\/\/lospoliticosveracruz.com\/?p=51384#article","isPartOf":{"@id":"https:\/\/lospoliticosveracruz.com\/?p=51384"},"author":{"name":"Lo viste en Los Pol\u00edticos","@id":"https:\/\/lospoliticosveracruz.com\/#\/schema\/person\/b8702bb0e538456e6efd07080bf2a4a2"},"headline":"Uno de cada uno\u2026","datePublished":"2019-12-11T20:45:01+00:00","mainEntityOfPage":{"@id":"https:\/\/lospoliticosveracruz.com\/?p=51384"},"wordCount":776,"commentCount":0,"publisher":{"@id":"https:\/\/lospoliticosveracruz.com\/#organization"},"image":{"@id":"https:\/\/lospoliticosveracruz.com\/?p=51384#primaryimage"},"thumbnailUrl":"https:\/\/lospoliticosveracruz.com\/wp-content\/uploads\/2019\/12\/Raymundo-Gomez.jpg","keywords":["comparecencias","Jorge Arturo Rodr\u00edguez","Juan Javier G\u00f3mez Cazar\u00edn","Raymundo Andrade Rivera","Veracruz"],"articleSection":["De Opini\u00f3n"],"inLanguage":"es","potentialAction":[{"@type":"CommentAction","name":"Comment","target":["https:\/\/lospoliticosveracruz.com\/?p=51384#respond"]}]},{"@type":"WebPage","@id":"https:\/\/lospoliticosveracruz.com\/?p=51384","url":"https:\/\/lospoliticosveracruz.com\/?p=51384","name":"Uno de cada uno\u2026 - Los pol\u00edticos Veracruz","isPartOf":{"@id":"https:\/\/lospoliticosveracruz.com\/#website"},"primaryImageOfPage":{"@id":"https:\/\/lospoliticosveracruz.com\/?p=51384#primaryimage"},"image":{"@id":"https:\/\/lospoliticosveracruz.com\/?p=51384#primaryimage"},"thumbnailUrl":"https:\/\/lospoliticosveracruz.com\/wp-content\/uploads\/2019\/12\/Raymundo-Gomez.jpg","datePublished":"2019-12-11T20:45:01+00:00","breadcrumb":{"@id":"https:\/\/lospoliticosveracruz.com\/?p=51384#breadcrumb"},"inLanguage":"es","potentialAction":[{"@type":"ReadAction","target":["https:\/\/lospoliticosveracruz.com\/?p=51384"]}]},{"@type":"ImageObject","inLanguage":"es","@id":"https:\/\/lospoliticosveracruz.com\/?p=51384#primaryimage","url":"https:\/\/lospoliticosveracruz.com\/wp-content\/uploads\/2019\/12\/Raymundo-Gomez.jpg","contentUrl":"https:\/\/lospoliticosveracruz.com\/wp-content\/uploads\/2019\/12\/Raymundo-Gomez.jpg","width":600,"height":446},{"@type":"BreadcrumbList","@id":"https:\/\/lospoliticosveracruz.com\/?p=51384#breadcrumb","itemListElement":[{"@type":"ListItem","position":1,"name":"Portada","item":"https:\/\/lospoliticosveracruz.com\/"},{"@type":"ListItem","position":2,"name":"Uno de cada uno\u2026"}]},{"@type":"WebSite","@id":"https:\/\/lospoliticosveracruz.com\/#website","url":"https:\/\/lospoliticosveracruz.com\/","name":"Los pol\u00edticos Veracruz","description":"","publisher":{"@id":"https:\/\/lospoliticosveracruz.com\/#organization"},"potentialAction":[{"@type":"SearchAction","target":{"@type":"EntryPoint","urlTemplate":"https:\/\/lospoliticosveracruz.com\/?s={search_term_string}"},"query-input":{"@type":"PropertyValueSpecification","valueRequired":true,"valueName":"search_term_string"}}],"inLanguage":"es"},{"@type":"Organization","@id":"https:\/\/lospoliticosveracruz.com\/#organization","name":"Los pol\u00edticos Veracruz","url":"https:\/\/lospoliticosveracruz.com\/","logo":{"@type":"ImageObject","inLanguage":"es","@id":"https:\/\/lospoliticosveracruz.com\/#\/schema\/logo\/image\/","url":"https:\/\/lospoliticosveracruz.com\/wp-content\/uploads\/2025\/12\/Logo-Nuevo-LOS-POLITICOS-1.jpg","contentUrl":"https:\/\/lospoliticosveracruz.com\/wp-content\/uploads\/2025\/12\/Logo-Nuevo-LOS-POLITICOS-1.jpg","width":260,"height":70,"caption":"Los pol\u00edticos Veracruz"},"image":{"@id":"https:\/\/lospoliticosveracruz.com\/#\/schema\/logo\/image\/"},"sameAs":["https:\/\/www.facebook.com\/people\/Notimemes-de-los-Polticos\/61565672886568\/","https:\/\/x.com\/LosPoliticosVer"]},{"@type":"Person","@id":"https:\/\/lospoliticosveracruz.com\/#\/schema\/person\/b8702bb0e538456e6efd07080bf2a4a2","name":"Lo viste en Los Pol\u00edticos","image":{"@type":"ImageObject","inLanguage":"es","@id":"https:\/\/secure.gravatar.com\/avatar\/3a8de04a2656d44082be478bd6c086daa447c4651605818287b9532d3d0bd435?s=96&d=mm&r=g","url":"https:\/\/secure.gravatar.com\/avatar\/3a8de04a2656d44082be478bd6c086daa447c4651605818287b9532d3d0bd435?s=96&d=mm&r=g","contentUrl":"https:\/\/secure.gravatar.com\/avatar\/3a8de04a2656d44082be478bd6c086daa447c4651605818287b9532d3d0bd435?s=96&d=mm&r=g","caption":"Lo viste en Los Pol\u00edticos"},"url":"https:\/\/lospoliticosveracruz.com\/?author=2"}]}},"_links":{"self":[{"href":"https:\/\/lospoliticosveracruz.com\/index.php?rest_route=\/wp\/v2\/posts\/51384","targetHints":{"allow":["GET"]}}],"collection":[{"href":"https:\/\/lospoliticosveracruz.com\/index.php?rest_route=\/wp\/v2\/posts"}],"about":[{"href":"https:\/\/lospoliticosveracruz.com\/index.php?rest_route=\/wp\/v2\/types\/post"}],"author":[{"embeddable":true,"href":"https:\/\/lospoliticosveracruz.com\/index.php?rest_route=\/wp\/v2\/users\/2"}],"replies":[{"embeddable":true,"href":"https:\/\/lospoliticosveracruz.com\/index.php?rest_route=%2Fwp%2Fv2%2Fcomments&post=51384"}],"version-history":[{"count":1,"href":"https:\/\/lospoliticosveracruz.com\/index.php?rest_route=\/wp\/v2\/posts\/51384\/revisions"}],"predecessor-version":[{"id":51386,"href":"https:\/\/lospoliticosveracruz.com\/index.php?rest_route=\/wp\/v2\/posts\/51384\/revisions\/51386"}],"wp:featuredmedia":[{"embeddable":true,"href":"https:\/\/lospoliticosveracruz.com\/index.php?rest_route=\/wp\/v2\/media\/51385"}],"wp:attachment":[{"href":"https:\/\/lospoliticosveracruz.com\/index.php?rest_route=%2Fwp%2Fv2%2Fmedia&parent=51384"}],"wp:term":[{"taxonomy":"category","embeddable":true,"href":"https:\/\/lospoliticosveracruz.com\/index.php?rest_route=%2Fwp%2Fv2%2Fcategories&post=51384"},{"taxonomy":"post_tag","embeddable":true,"href":"https:\/\/lospoliticosveracruz.com\/index.php?rest_route=%2Fwp%2Fv2%2Ftags&post=51384"}],"curies":[{"name":"wp","href":"https:\/\/api.w.org\/{rel}","templated":true}]}}