{"id":51472,"date":"2019-12-17T09:32:59","date_gmt":"2019-12-17T15:32:59","guid":{"rendered":"http:\/\/www.lospoliticosveracruz.com.mx\/?p=51472"},"modified":"2019-12-17T09:34:10","modified_gmt":"2019-12-17T15:34:10","slug":"garnica-y-el-cobaev","status":"publish","type":"post","link":"https:\/\/lospoliticosveracruz.com\/?p=51472","title":{"rendered":"Garnica y el Cobaev"},"content":{"rendered":"<p><strong>Sergio Gonz\u00e1lez Levet<\/strong><\/p>\n<p><em>Sin tacto<\/em><\/p>\n<p>Por n\u00famero de alumnos, planteles y docentes, y hasta hace poco por calidad, el Colegio de Bachilleres de Veracruz es el subsistema m\u00e1s importante en el nivel de la educaci\u00f3n media de Veracruz.<\/p>\n<p>Tiene en operaci\u00f3n 71 planteles distribuidos en toda la geograf\u00eda estatal, y en ellos cerca de 5 mil maestros dan clase a m\u00e1s de 70 mil alumnos.<\/p>\n<p>Manejaba, hasta antes de la austeridad, alrededor de mil millones de pesos de presupuesto anual y, de acuerdo con informaci\u00f3n oficial, para 2019 se increment\u00f3 significativamente hasta 1,568 millones 19,371 pesos, una bonita suma que permitir\u00eda mejorar la calidad del servicio educativo, as\u00ed como pagar completos los salarios y prestaciones y conquistas sindicales de los empleados y docentes&#8230; y hasta sufragar algunas travesurillas.<\/p>\n<p>No sabemos los veracruzanos a ciencia cierta qu\u00e9 tanto de ese presupuesto autorizado recibi\u00f3 realmente la instituci\u00f3n, porque los gobiernos del cambio han pasado de la oscuridad informativa de sus antecesores al limbo de las cifras, pues no quieren dar cuenta fehacientemente de qu\u00e9 manera han ejercido los presupuestos.<\/p>\n<p>Pero, en fin, me ocupo de decir aqu\u00ed que el licenciado Alejandro de la Cruz Garnica Fern\u00e1ndez fue nombrado como el segundo Director Administrativo del Cobaev en la administraci\u00f3n cuitlahuista, en febrero de este a\u00f1o, en sustituci\u00f3n de Ocelotl Gonz\u00e1lez Sosa, quien hab\u00eda llegado en diciembre al puesto con el impulso de Jorge Miguel Uscanga Villalba, el Subsecretario de Educaci\u00f3n Media y Superior que sustituy\u00f3 a su prima hermana, la maestra Denisse Uscanga M\u00e9ndez, hija del reconocido pol\u00edtico veracruzano Jorge Uscanga Escobar.<\/p>\n<p>Resulta que Ocelotl (\u201ctigre\u201d en n\u00e1huatl) como Director de Administraci\u00f3n no supo hacer honor a su nombre o su padrino no tuvo la fuerza para mantenerlo en esa jugosa posici\u00f3n, y as\u00ed lleg\u00f3 Alejandro Garnica, quien seg\u00fan los comentarios internos del Colegio fue colocado por la poderosa influencia del subsecretario de Finanzas, Eleazar Guerrero (el primo que no es primo, o que s\u00ed es primo pero no importa porque Cuitl\u00e1huac es un hombre honrado).<\/p>\n<p>Bien, resulta que Garnica Fern\u00e1ndez ha tenido en su carrera dentro del sector p\u00fablico muy poca relaci\u00f3n -o ninguna de plano- en el ramo educativo, aunque lo salva su experiencia en el \u00e1mbito del manejo de finanzas.<\/p>\n<p>Como se ve, no se necesitan perfiles educativos para manejar los dineros de una instituci\u00f3n con tantos recursos como el Cobaev, sino conocimientos para ordenar los asuntos administrativos en general.<\/p>\n<p>Algunos dicen que es por el significativo padrinazgo que lo cobija y otros por su capacidad administrativa, pero corre libremente en los planteles del Colegio de Bachilleres el rumor de que se ha vuelto una especie de poder tras el trono desde la entra\u00f1able posici\u00f3n en que est\u00e1 situado, justo en el lugar en donde est\u00e1 -es una figura literaria- la caja fuerte.<\/p>\n<p>El Cobaev necesita perfiles experimentados, como el caso de Alejandro Garnica, aunque en el \u00e1mbito de la educaci\u00f3n, porque no es exagerar decir que va en ca\u00edda perfecta en sus indicadores de calidad y cobertura.<\/p>\n<p>Y esa noble instituci\u00f3n no se merece ese destino. \u00bfVerdad Gobernador?<\/p>\n<p>&nbsp;<\/p>\n<p><a href=\"mailto:sglevet@gmail.com\">sglevet@gmail.com<\/a><\/p>\n","protected":false},"excerpt":{"rendered":"<p>Sergio Gonz\u00e1lez Levet Sin tacto Por n\u00famero de alumnos, planteles y docentes, y hasta hace poco por calidad, el Colegio de Bachilleres de Veracruz es el subsistema m\u00e1s importante en el nivel de la educaci\u00f3n media de Veracruz. Tiene en operaci\u00f3n 71 planteles distribuidos en toda la geograf\u00eda estatal, y en ellos cerca de 5 [&hellip;]<\/p>\n","protected":false},"author":2,"featured_media":0,"comment_status":"open","ping_status":"open","sticky":false,"template":"","format":"standard","meta":{"tdm_status":"","tdm_grid_status":"","footnotes":""},"categories":[70],"tags":[2166,4661,13640,15949,1231,15948,195],"class_list":{"0":"post-51472","1":"post","2":"type-post","3":"status-publish","4":"format-standard","6":"category-de-opinion","7":"tag-cobaev","8":"tag-denisse-uscanga-mendez","9":"tag-eleazar-guerrero","10":"tag-jorge-miguel-uscanga-villalba","11":"tag-jorge-uscanga-escobar","12":"tag-ocelotl-gonzalez-sosa","13":"tag-veracruz"},"yoast_head":"<!-- This site is optimized with the Yoast SEO plugin v27.4 - https:\/\/yoast.com\/product\/yoast-seo-wordpress\/ -->\n<title>Garnica y el Cobaev - Los pol\u00edticos Veracruz<\/title>\n<meta name=\"robots\" content=\"index, follow, max-snippet:-1, max-image-preview:large, max-video-preview:-1\" \/>\n<link rel=\"canonical\" href=\"https:\/\/lospoliticosveracruz.com\/?p=51472\" \/>\n<meta property=\"og:locale\" content=\"es_ES\" \/>\n<meta property=\"og:type\" content=\"article\" \/>\n<meta property=\"og:title\" content=\"Garnica y el Cobaev - Los pol\u00edticos Veracruz\" \/>\n<meta property=\"og:description\" content=\"Sergio Gonz\u00e1lez Levet Sin tacto Por n\u00famero de alumnos, planteles y docentes, y hasta hace poco por calidad, el Colegio de Bachilleres de Veracruz es el subsistema m\u00e1s importante en el nivel de la educaci\u00f3n media de Veracruz. Tiene en operaci\u00f3n 71 planteles distribuidos en toda la geograf\u00eda estatal, y en ellos cerca de 5 [&hellip;]\" \/>\n<meta property=\"og:url\" content=\"https:\/\/lospoliticosveracruz.com\/?p=51472\" \/>\n<meta property=\"og:site_name\" content=\"Los pol\u00edticos Veracruz\" \/>\n<meta property=\"article:publisher\" content=\"https:\/\/www.facebook.com\/people\/Notimemes-de-los-Polticos\/61565672886568\/\" \/>\n<meta property=\"article:published_time\" content=\"2019-12-17T15:32:59+00:00\" \/>\n<meta property=\"article:modified_time\" content=\"2019-12-17T15:34:10+00:00\" \/>\n<meta property=\"og:image\" content=\"https:\/\/lospoliticosveracruz.com\/wp-content\/uploads\/2016\/07\/Logo-Dor.jpg\" \/>\n\t<meta property=\"og:image:width\" content=\"200\" \/>\n\t<meta property=\"og:image:height\" content=\"200\" \/>\n\t<meta property=\"og:image:type\" content=\"image\/jpeg\" \/>\n<meta name=\"author\" content=\"Lo viste en Los Pol\u00edticos\" \/>\n<meta name=\"twitter:card\" content=\"summary_large_image\" \/>\n<meta name=\"twitter:creator\" content=\"@LosPoliticosVer\" \/>\n<meta name=\"twitter:site\" content=\"@LosPoliticosVer\" \/>\n<meta name=\"twitter:label1\" content=\"Escrito por\" \/>\n\t<meta name=\"twitter:data1\" content=\"Lo viste en Los Pol\u00edticos\" \/>\n\t<meta name=\"twitter:label2\" content=\"Tiempo de lectura\" \/>\n\t<meta name=\"twitter:data2\" content=\"3 minutos\" \/>\n<script type=\"application\/ld+json\" class=\"yoast-schema-graph\">{\"@context\":\"https:\\\/\\\/schema.org\",\"@graph\":[{\"@type\":\"Article\",\"@id\":\"https:\\\/\\\/lospoliticosveracruz.com\\\/?p=51472#article\",\"isPartOf\":{\"@id\":\"https:\\\/\\\/lospoliticosveracruz.com\\\/?p=51472\"},\"author\":{\"name\":\"Lo viste en Los Pol\u00edticos\",\"@id\":\"https:\\\/\\\/lospoliticosveracruz.com\\\/#\\\/schema\\\/person\\\/b8702bb0e538456e6efd07080bf2a4a2\"},\"headline\":\"Garnica y el Cobaev\",\"datePublished\":\"2019-12-17T15:32:59+00:00\",\"dateModified\":\"2019-12-17T15:34:10+00:00\",\"mainEntityOfPage\":{\"@id\":\"https:\\\/\\\/lospoliticosveracruz.com\\\/?p=51472\"},\"wordCount\":544,\"commentCount\":0,\"publisher\":{\"@id\":\"https:\\\/\\\/lospoliticosveracruz.com\\\/#organization\"},\"keywords\":[\"Cobaev\",\"Denisse Uscanga M\u00e9ndez\",\"Eleazar Guerrero\",\"Jorge Miguel Uscanga Villalba\",\"Jorge Uscanga Escobar\",\"Ocelotl Gonz\u00e1lez Sosa\",\"Veracruz\"],\"articleSection\":[\"De Opini\u00f3n\"],\"inLanguage\":\"es\",\"potentialAction\":[{\"@type\":\"CommentAction\",\"name\":\"Comment\",\"target\":[\"https:\\\/\\\/lospoliticosveracruz.com\\\/?p=51472#respond\"]}]},{\"@type\":\"WebPage\",\"@id\":\"https:\\\/\\\/lospoliticosveracruz.com\\\/?p=51472\",\"url\":\"https:\\\/\\\/lospoliticosveracruz.com\\\/?p=51472\",\"name\":\"Garnica y el Cobaev - Los pol\u00edticos Veracruz\",\"isPartOf\":{\"@id\":\"https:\\\/\\\/lospoliticosveracruz.com\\\/#website\"},\"datePublished\":\"2019-12-17T15:32:59+00:00\",\"dateModified\":\"2019-12-17T15:34:10+00:00\",\"breadcrumb\":{\"@id\":\"https:\\\/\\\/lospoliticosveracruz.com\\\/?p=51472#breadcrumb\"},\"inLanguage\":\"es\",\"potentialAction\":[{\"@type\":\"ReadAction\",\"target\":[\"https:\\\/\\\/lospoliticosveracruz.com\\\/?p=51472\"]}]},{\"@type\":\"BreadcrumbList\",\"@id\":\"https:\\\/\\\/lospoliticosveracruz.com\\\/?p=51472#breadcrumb\",\"itemListElement\":[{\"@type\":\"ListItem\",\"position\":1,\"name\":\"Portada\",\"item\":\"https:\\\/\\\/lospoliticosveracruz.com\\\/\"},{\"@type\":\"ListItem\",\"position\":2,\"name\":\"Garnica y el Cobaev\"}]},{\"@type\":\"WebSite\",\"@id\":\"https:\\\/\\\/lospoliticosveracruz.com\\\/#website\",\"url\":\"https:\\\/\\\/lospoliticosveracruz.com\\\/\",\"name\":\"Los pol\u00edticos Veracruz\",\"description\":\"\",\"publisher\":{\"@id\":\"https:\\\/\\\/lospoliticosveracruz.com\\\/#organization\"},\"potentialAction\":[{\"@type\":\"SearchAction\",\"target\":{\"@type\":\"EntryPoint\",\"urlTemplate\":\"https:\\\/\\\/lospoliticosveracruz.com\\\/?s={search_term_string}\"},\"query-input\":{\"@type\":\"PropertyValueSpecification\",\"valueRequired\":true,\"valueName\":\"search_term_string\"}}],\"inLanguage\":\"es\"},{\"@type\":\"Organization\",\"@id\":\"https:\\\/\\\/lospoliticosveracruz.com\\\/#organization\",\"name\":\"Los pol\u00edticos Veracruz\",\"url\":\"https:\\\/\\\/lospoliticosveracruz.com\\\/\",\"logo\":{\"@type\":\"ImageObject\",\"inLanguage\":\"es\",\"@id\":\"https:\\\/\\\/lospoliticosveracruz.com\\\/#\\\/schema\\\/logo\\\/image\\\/\",\"url\":\"https:\\\/\\\/lospoliticosveracruz.com\\\/wp-content\\\/uploads\\\/2025\\\/12\\\/Logo-Nuevo-LOS-POLITICOS-1.jpg\",\"contentUrl\":\"https:\\\/\\\/lospoliticosveracruz.com\\\/wp-content\\\/uploads\\\/2025\\\/12\\\/Logo-Nuevo-LOS-POLITICOS-1.jpg\",\"width\":260,\"height\":70,\"caption\":\"Los pol\u00edticos Veracruz\"},\"image\":{\"@id\":\"https:\\\/\\\/lospoliticosveracruz.com\\\/#\\\/schema\\\/logo\\\/image\\\/\"},\"sameAs\":[\"https:\\\/\\\/www.facebook.com\\\/people\\\/Notimemes-de-los-Polticos\\\/61565672886568\\\/\",\"https:\\\/\\\/x.com\\\/LosPoliticosVer\"]},{\"@type\":\"Person\",\"@id\":\"https:\\\/\\\/lospoliticosveracruz.com\\\/#\\\/schema\\\/person\\\/b8702bb0e538456e6efd07080bf2a4a2\",\"name\":\"Lo viste en Los Pol\u00edticos\",\"image\":{\"@type\":\"ImageObject\",\"inLanguage\":\"es\",\"@id\":\"https:\\\/\\\/secure.gravatar.com\\\/avatar\\\/3a8de04a2656d44082be478bd6c086daa447c4651605818287b9532d3d0bd435?s=96&d=mm&r=g\",\"url\":\"https:\\\/\\\/secure.gravatar.com\\\/avatar\\\/3a8de04a2656d44082be478bd6c086daa447c4651605818287b9532d3d0bd435?s=96&d=mm&r=g\",\"contentUrl\":\"https:\\\/\\\/secure.gravatar.com\\\/avatar\\\/3a8de04a2656d44082be478bd6c086daa447c4651605818287b9532d3d0bd435?s=96&d=mm&r=g\",\"caption\":\"Lo viste en Los Pol\u00edticos\"},\"url\":\"https:\\\/\\\/lospoliticosveracruz.com\\\/?author=2\"}]}<\/script>\n<!-- \/ Yoast SEO plugin. -->","yoast_head_json":{"title":"Garnica y el Cobaev - Los pol\u00edticos Veracruz","robots":{"index":"index","follow":"follow","max-snippet":"max-snippet:-1","max-image-preview":"max-image-preview:large","max-video-preview":"max-video-preview:-1"},"canonical":"https:\/\/lospoliticosveracruz.com\/?p=51472","og_locale":"es_ES","og_type":"article","og_title":"Garnica y el Cobaev - Los pol\u00edticos Veracruz","og_description":"Sergio Gonz\u00e1lez Levet Sin tacto Por n\u00famero de alumnos, planteles y docentes, y hasta hace poco por calidad, el Colegio de Bachilleres de Veracruz es el subsistema m\u00e1s importante en el nivel de la educaci\u00f3n media de Veracruz. Tiene en operaci\u00f3n 71 planteles distribuidos en toda la geograf\u00eda estatal, y en ellos cerca de 5 [&hellip;]","og_url":"https:\/\/lospoliticosveracruz.com\/?p=51472","og_site_name":"Los pol\u00edticos Veracruz","article_publisher":"https:\/\/www.facebook.com\/people\/Notimemes-de-los-Polticos\/61565672886568\/","article_published_time":"2019-12-17T15:32:59+00:00","article_modified_time":"2019-12-17T15:34:10+00:00","og_image":[{"width":200,"height":200,"url":"https:\/\/lospoliticosveracruz.com\/wp-content\/uploads\/2016\/07\/Logo-Dor.jpg","type":"image\/jpeg"}],"author":"Lo viste en Los Pol\u00edticos","twitter_card":"summary_large_image","twitter_creator":"@LosPoliticosVer","twitter_site":"@LosPoliticosVer","twitter_misc":{"Escrito por":"Lo viste en Los Pol\u00edticos","Tiempo de lectura":"3 minutos"},"schema":{"@context":"https:\/\/schema.org","@graph":[{"@type":"Article","@id":"https:\/\/lospoliticosveracruz.com\/?p=51472#article","isPartOf":{"@id":"https:\/\/lospoliticosveracruz.com\/?p=51472"},"author":{"name":"Lo viste en Los Pol\u00edticos","@id":"https:\/\/lospoliticosveracruz.com\/#\/schema\/person\/b8702bb0e538456e6efd07080bf2a4a2"},"headline":"Garnica y el Cobaev","datePublished":"2019-12-17T15:32:59+00:00","dateModified":"2019-12-17T15:34:10+00:00","mainEntityOfPage":{"@id":"https:\/\/lospoliticosveracruz.com\/?p=51472"},"wordCount":544,"commentCount":0,"publisher":{"@id":"https:\/\/lospoliticosveracruz.com\/#organization"},"keywords":["Cobaev","Denisse Uscanga M\u00e9ndez","Eleazar Guerrero","Jorge Miguel Uscanga Villalba","Jorge Uscanga Escobar","Ocelotl Gonz\u00e1lez Sosa","Veracruz"],"articleSection":["De Opini\u00f3n"],"inLanguage":"es","potentialAction":[{"@type":"CommentAction","name":"Comment","target":["https:\/\/lospoliticosveracruz.com\/?p=51472#respond"]}]},{"@type":"WebPage","@id":"https:\/\/lospoliticosveracruz.com\/?p=51472","url":"https:\/\/lospoliticosveracruz.com\/?p=51472","name":"Garnica y el Cobaev - Los pol\u00edticos Veracruz","isPartOf":{"@id":"https:\/\/lospoliticosveracruz.com\/#website"},"datePublished":"2019-12-17T15:32:59+00:00","dateModified":"2019-12-17T15:34:10+00:00","breadcrumb":{"@id":"https:\/\/lospoliticosveracruz.com\/?p=51472#breadcrumb"},"inLanguage":"es","potentialAction":[{"@type":"ReadAction","target":["https:\/\/lospoliticosveracruz.com\/?p=51472"]}]},{"@type":"BreadcrumbList","@id":"https:\/\/lospoliticosveracruz.com\/?p=51472#breadcrumb","itemListElement":[{"@type":"ListItem","position":1,"name":"Portada","item":"https:\/\/lospoliticosveracruz.com\/"},{"@type":"ListItem","position":2,"name":"Garnica y el Cobaev"}]},{"@type":"WebSite","@id":"https:\/\/lospoliticosveracruz.com\/#website","url":"https:\/\/lospoliticosveracruz.com\/","name":"Los pol\u00edticos Veracruz","description":"","publisher":{"@id":"https:\/\/lospoliticosveracruz.com\/#organization"},"potentialAction":[{"@type":"SearchAction","target":{"@type":"EntryPoint","urlTemplate":"https:\/\/lospoliticosveracruz.com\/?s={search_term_string}"},"query-input":{"@type":"PropertyValueSpecification","valueRequired":true,"valueName":"search_term_string"}}],"inLanguage":"es"},{"@type":"Organization","@id":"https:\/\/lospoliticosveracruz.com\/#organization","name":"Los pol\u00edticos Veracruz","url":"https:\/\/lospoliticosveracruz.com\/","logo":{"@type":"ImageObject","inLanguage":"es","@id":"https:\/\/lospoliticosveracruz.com\/#\/schema\/logo\/image\/","url":"https:\/\/lospoliticosveracruz.com\/wp-content\/uploads\/2025\/12\/Logo-Nuevo-LOS-POLITICOS-1.jpg","contentUrl":"https:\/\/lospoliticosveracruz.com\/wp-content\/uploads\/2025\/12\/Logo-Nuevo-LOS-POLITICOS-1.jpg","width":260,"height":70,"caption":"Los pol\u00edticos Veracruz"},"image":{"@id":"https:\/\/lospoliticosveracruz.com\/#\/schema\/logo\/image\/"},"sameAs":["https:\/\/www.facebook.com\/people\/Notimemes-de-los-Polticos\/61565672886568\/","https:\/\/x.com\/LosPoliticosVer"]},{"@type":"Person","@id":"https:\/\/lospoliticosveracruz.com\/#\/schema\/person\/b8702bb0e538456e6efd07080bf2a4a2","name":"Lo viste en Los Pol\u00edticos","image":{"@type":"ImageObject","inLanguage":"es","@id":"https:\/\/secure.gravatar.com\/avatar\/3a8de04a2656d44082be478bd6c086daa447c4651605818287b9532d3d0bd435?s=96&d=mm&r=g","url":"https:\/\/secure.gravatar.com\/avatar\/3a8de04a2656d44082be478bd6c086daa447c4651605818287b9532d3d0bd435?s=96&d=mm&r=g","contentUrl":"https:\/\/secure.gravatar.com\/avatar\/3a8de04a2656d44082be478bd6c086daa447c4651605818287b9532d3d0bd435?s=96&d=mm&r=g","caption":"Lo viste en Los Pol\u00edticos"},"url":"https:\/\/lospoliticosveracruz.com\/?author=2"}]}},"_links":{"self":[{"href":"https:\/\/lospoliticosveracruz.com\/index.php?rest_route=\/wp\/v2\/posts\/51472","targetHints":{"allow":["GET"]}}],"collection":[{"href":"https:\/\/lospoliticosveracruz.com\/index.php?rest_route=\/wp\/v2\/posts"}],"about":[{"href":"https:\/\/lospoliticosveracruz.com\/index.php?rest_route=\/wp\/v2\/types\/post"}],"author":[{"embeddable":true,"href":"https:\/\/lospoliticosveracruz.com\/index.php?rest_route=\/wp\/v2\/users\/2"}],"replies":[{"embeddable":true,"href":"https:\/\/lospoliticosveracruz.com\/index.php?rest_route=%2Fwp%2Fv2%2Fcomments&post=51472"}],"version-history":[{"count":3,"href":"https:\/\/lospoliticosveracruz.com\/index.php?rest_route=\/wp\/v2\/posts\/51472\/revisions"}],"predecessor-version":[{"id":51475,"href":"https:\/\/lospoliticosveracruz.com\/index.php?rest_route=\/wp\/v2\/posts\/51472\/revisions\/51475"}],"wp:attachment":[{"href":"https:\/\/lospoliticosveracruz.com\/index.php?rest_route=%2Fwp%2Fv2%2Fmedia&parent=51472"}],"wp:term":[{"taxonomy":"category","embeddable":true,"href":"https:\/\/lospoliticosveracruz.com\/index.php?rest_route=%2Fwp%2Fv2%2Fcategories&post=51472"},{"taxonomy":"post_tag","embeddable":true,"href":"https:\/\/lospoliticosveracruz.com\/index.php?rest_route=%2Fwp%2Fv2%2Ftags&post=51472"}],"curies":[{"name":"wp","href":"https:\/\/api.w.org\/{rel}","templated":true}]}}