{"id":51547,"date":"2019-12-20T09:59:17","date_gmt":"2019-12-20T15:59:17","guid":{"rendered":"http:\/\/www.lospoliticosveracruz.com.mx\/?p=51547"},"modified":"2019-12-20T09:59:17","modified_gmt":"2019-12-20T15:59:17","slug":"que-bueno-que-bueno-que-son-honestos","status":"publish","type":"post","link":"https:\/\/lospoliticosveracruz.com\/?p=51547","title":{"rendered":"Qu\u00e9 bueno, qu\u00e9 bueno que son honestos"},"content":{"rendered":"<p>&nbsp;<\/p>\n<p><strong>Sergio Gonz\u00e1lez Levet<\/strong><\/p>\n<p><em>Sin tacto<\/em><\/p>\n<p>&nbsp;<\/p>\n<p>\u00a1Qu\u00e9 bueno que lleg\u00f3 la Cuarta Transformaci\u00f3n y se acabaron los dispendios de las celebraciones navide\u00f1as para los bur\u00f3cratas, que se pagaban con los recursos del erario, con los impuestos del pueblo bueno y honrado!<\/p>\n<p>Qu\u00e9 bueno que este a\u00f1o los empleados de las oficinas de gobierno de los tres niveles ya no van a gozar de su fiesta findea\u00f1era gratis, en la que recib\u00edan regalos y bonificaciones adicionales al aguinaldo.<\/p>\n<p>Qu\u00e9 bien que, encima de que les bajaron el sueldo y les quitaron compensaciones, las y los oficinistas ahora tendr\u00e1n que poner de su bolsillo si quieren su fiestecita de la chamba, que ahora s\u00ed ser\u00e1 modesta, como despedida para irse de vacaciones.<\/p>\n<p>Antes, por ejemplo, en las instituciones educativas p\u00fablicas se destinaba un jugoso presupuesto para celebrar a los maestros, a los administrativos y a los directivos. Les tra\u00edan espect\u00e1culos musicales de primer nivel, se rifaban electrodom\u00e9sticos y computadoras, y corr\u00edan las viandas y las bebidas en esa \u00fanica ocasi\u00f3n en que todos eran ricos y felices y agasajados.<\/p>\n<p>Pero ahora ya no. Ahora los trabajadores gubernamentales tendr\u00e1n que conformarse con la honrada median\u00eda de un aguinaldo rasurado al m\u00e1ximo, de la ausencia de los otrora jugosos bonos especiales, de unos pocos d\u00edas de asueto, porque hay que hacer guardias y redoblar los horarios, no sea que la gente vaya a pensar que no trabajan lo suficiente.<\/p>\n<p>Por eso el Gobernador no se va de vacaciones, y se va a quedar a hacer lo mismo que hace todos los d\u00edas, que mucha gente piensa que es nada.<\/p>\n<p>Ah, y nada de mandar de regalo arcones munificentes que hac\u00edan la felicidad de los hogares de los periodistas, de las casas grandes y chicas de los funcionarios, de los satisfechos domicilios de los amigos del poder.<\/p>\n<p>\u00a1Todo eso se acab\u00f3!<\/p>\n<p>Ahora estamos en la austerid\u00e1, que es tan austera que se enuncia sin la \u201cd\u201d final, para ahorrarse una letra.<\/p>\n<p>La Cuarta Transformaci\u00f3n ha transformarizado todo, lo que quiere decir que lo ha empobrecido al grado que muchos de los que votaron por el cambio ahora piden que un buen destransformadorizador venga y destransformarice las cosas para que le vaya bien otra vez a los empleados de a pie, a los que no robaron nada nunca porque no ten\u00edan acceso a los dineros que se llevaban sus jefes a mansalva; s\u00f3lo los ve\u00edan pasar del erario al bolsillo culpable de los corruptos, \u00e9sos que con sus excesos obligaron al pueblo a votar en masa\u00a0 por L\u00f3pez Obrador, cansados los ciudadanos de tanta felon\u00eda, de tanta abundancia inmerecida.<\/p>\n<p>Hoy trabajar en gobierno es ser sufrido, exprimido, v\u00edctima de la sospecha, amenazado con el despido; es ya no tener siquiera la fiesta de diciembre en la que gozaban de su minuto de gloria las reinas por un d\u00eda y los reyes de la alegr\u00eda.<\/p>\n<p>Eso se acab\u00f3. Ya no hay dispendio, y ese dinero ahorrado que se gastaba en las celebraciones insulsas para los empleados que se hab\u00edan sobado el lomo durante todo un a\u00f1o y toda su vida, ahora se ocupa mejor en\u2026 en\u2026 pues qui\u00e9n sabe en qu\u00e9, pero en algo se debe ocupar, para eso son honestos&#8230;<\/p>\n<p>\u00bfO no?<\/p>\n<p>&nbsp;<\/p>\n<p><a href=\"mailto:sglevet@gmail.com\">sglevet@gmail.com<\/a><\/p>\n","protected":false},"excerpt":{"rendered":"<p>&nbsp; Sergio Gonz\u00e1lez Levet Sin tacto &nbsp; \u00a1Qu\u00e9 bueno que lleg\u00f3 la Cuarta Transformaci\u00f3n y se acabaron los dispendios de las celebraciones navide\u00f1as para los bur\u00f3cratas, que se pagaban con los recursos del erario, con los impuestos del pueblo bueno y honrado! Qu\u00e9 bueno que este a\u00f1o los empleados de las oficinas de gobierno de [&hellip;]<\/p>\n","protected":false},"author":2,"featured_media":51548,"comment_status":"open","ping_status":"open","sticky":false,"template":"","format":"standard","meta":{"tdm_status":"","tdm_grid_status":"","footnotes":""},"categories":[70],"tags":[12744],"class_list":{"0":"post-51547","1":"post","2":"type-post","3":"status-publish","4":"format-standard","5":"has-post-thumbnail","7":"category-de-opinion","8":"tag-cuarta-transformacion"},"yoast_head":"<!-- This site is optimized with the Yoast SEO plugin v27.4 - https:\/\/yoast.com\/product\/yoast-seo-wordpress\/ -->\n<title>Qu\u00e9 bueno, qu\u00e9 bueno que son honestos - Los pol\u00edticos Veracruz<\/title>\n<meta name=\"robots\" content=\"index, follow, max-snippet:-1, max-image-preview:large, max-video-preview:-1\" \/>\n<link rel=\"canonical\" href=\"https:\/\/lospoliticosveracruz.com\/?p=51547\" \/>\n<meta property=\"og:locale\" content=\"es_ES\" \/>\n<meta property=\"og:type\" content=\"article\" \/>\n<meta property=\"og:title\" content=\"Qu\u00e9 bueno, qu\u00e9 bueno que son honestos - Los pol\u00edticos Veracruz\" \/>\n<meta property=\"og:description\" content=\"&nbsp; Sergio Gonz\u00e1lez Levet Sin tacto &nbsp; \u00a1Qu\u00e9 bueno que lleg\u00f3 la Cuarta Transformaci\u00f3n y se acabaron los dispendios de las celebraciones navide\u00f1as para los bur\u00f3cratas, que se pagaban con los recursos del erario, con los impuestos del pueblo bueno y honrado! Qu\u00e9 bueno que este a\u00f1o los empleados de las oficinas de gobierno de [&hellip;]\" \/>\n<meta property=\"og:url\" content=\"https:\/\/lospoliticosveracruz.com\/?p=51547\" \/>\n<meta property=\"og:site_name\" content=\"Los pol\u00edticos Veracruz\" \/>\n<meta property=\"article:publisher\" content=\"https:\/\/www.facebook.com\/people\/Notimemes-de-los-Polticos\/61565672886568\/\" \/>\n<meta property=\"article:published_time\" content=\"2019-12-20T15:59:17+00:00\" \/>\n<meta property=\"og:image\" content=\"https:\/\/lospoliticosveracruz.com\/wp-content\/uploads\/2019\/12\/Austeridad.jpg\" \/>\n\t<meta property=\"og:image:width\" content=\"600\" \/>\n\t<meta property=\"og:image:height\" content=\"304\" \/>\n\t<meta property=\"og:image:type\" content=\"image\/jpeg\" \/>\n<meta name=\"author\" content=\"Lo viste en Los Pol\u00edticos\" \/>\n<meta name=\"twitter:card\" content=\"summary_large_image\" \/>\n<meta name=\"twitter:creator\" content=\"@LosPoliticosVer\" \/>\n<meta name=\"twitter:site\" content=\"@LosPoliticosVer\" \/>\n<meta name=\"twitter:label1\" content=\"Escrito por\" \/>\n\t<meta name=\"twitter:data1\" content=\"Lo viste en Los Pol\u00edticos\" \/>\n\t<meta name=\"twitter:label2\" content=\"Tiempo de lectura\" \/>\n\t<meta name=\"twitter:data2\" content=\"3 minutos\" \/>\n<script type=\"application\/ld+json\" class=\"yoast-schema-graph\">{\"@context\":\"https:\\\/\\\/schema.org\",\"@graph\":[{\"@type\":\"Article\",\"@id\":\"https:\\\/\\\/lospoliticosveracruz.com\\\/?p=51547#article\",\"isPartOf\":{\"@id\":\"https:\\\/\\\/lospoliticosveracruz.com\\\/?p=51547\"},\"author\":{\"name\":\"Lo viste en Los Pol\u00edticos\",\"@id\":\"https:\\\/\\\/lospoliticosveracruz.com\\\/#\\\/schema\\\/person\\\/b8702bb0e538456e6efd07080bf2a4a2\"},\"headline\":\"Qu\u00e9 bueno, qu\u00e9 bueno que son honestos\",\"datePublished\":\"2019-12-20T15:59:17+00:00\",\"mainEntityOfPage\":{\"@id\":\"https:\\\/\\\/lospoliticosveracruz.com\\\/?p=51547\"},\"wordCount\":580,\"commentCount\":0,\"publisher\":{\"@id\":\"https:\\\/\\\/lospoliticosveracruz.com\\\/#organization\"},\"image\":{\"@id\":\"https:\\\/\\\/lospoliticosveracruz.com\\\/?p=51547#primaryimage\"},\"thumbnailUrl\":\"https:\\\/\\\/lospoliticosveracruz.com\\\/wp-content\\\/uploads\\\/2019\\\/12\\\/Austeridad.jpg\",\"keywords\":[\"Cuarta Transformaci\u00f3n\"],\"articleSection\":[\"De Opini\u00f3n\"],\"inLanguage\":\"es\",\"potentialAction\":[{\"@type\":\"CommentAction\",\"name\":\"Comment\",\"target\":[\"https:\\\/\\\/lospoliticosveracruz.com\\\/?p=51547#respond\"]}]},{\"@type\":\"WebPage\",\"@id\":\"https:\\\/\\\/lospoliticosveracruz.com\\\/?p=51547\",\"url\":\"https:\\\/\\\/lospoliticosveracruz.com\\\/?p=51547\",\"name\":\"Qu\u00e9 bueno, qu\u00e9 bueno que son honestos - Los pol\u00edticos Veracruz\",\"isPartOf\":{\"@id\":\"https:\\\/\\\/lospoliticosveracruz.com\\\/#website\"},\"primaryImageOfPage\":{\"@id\":\"https:\\\/\\\/lospoliticosveracruz.com\\\/?p=51547#primaryimage\"},\"image\":{\"@id\":\"https:\\\/\\\/lospoliticosveracruz.com\\\/?p=51547#primaryimage\"},\"thumbnailUrl\":\"https:\\\/\\\/lospoliticosveracruz.com\\\/wp-content\\\/uploads\\\/2019\\\/12\\\/Austeridad.jpg\",\"datePublished\":\"2019-12-20T15:59:17+00:00\",\"breadcrumb\":{\"@id\":\"https:\\\/\\\/lospoliticosveracruz.com\\\/?p=51547#breadcrumb\"},\"inLanguage\":\"es\",\"potentialAction\":[{\"@type\":\"ReadAction\",\"target\":[\"https:\\\/\\\/lospoliticosveracruz.com\\\/?p=51547\"]}]},{\"@type\":\"ImageObject\",\"inLanguage\":\"es\",\"@id\":\"https:\\\/\\\/lospoliticosveracruz.com\\\/?p=51547#primaryimage\",\"url\":\"https:\\\/\\\/lospoliticosveracruz.com\\\/wp-content\\\/uploads\\\/2019\\\/12\\\/Austeridad.jpg\",\"contentUrl\":\"https:\\\/\\\/lospoliticosveracruz.com\\\/wp-content\\\/uploads\\\/2019\\\/12\\\/Austeridad.jpg\",\"width\":600,\"height\":304},{\"@type\":\"BreadcrumbList\",\"@id\":\"https:\\\/\\\/lospoliticosveracruz.com\\\/?p=51547#breadcrumb\",\"itemListElement\":[{\"@type\":\"ListItem\",\"position\":1,\"name\":\"Portada\",\"item\":\"https:\\\/\\\/lospoliticosveracruz.com\\\/\"},{\"@type\":\"ListItem\",\"position\":2,\"name\":\"Qu\u00e9 bueno, qu\u00e9 bueno que son honestos\"}]},{\"@type\":\"WebSite\",\"@id\":\"https:\\\/\\\/lospoliticosveracruz.com\\\/#website\",\"url\":\"https:\\\/\\\/lospoliticosveracruz.com\\\/\",\"name\":\"Los pol\u00edticos Veracruz\",\"description\":\"\",\"publisher\":{\"@id\":\"https:\\\/\\\/lospoliticosveracruz.com\\\/#organization\"},\"potentialAction\":[{\"@type\":\"SearchAction\",\"target\":{\"@type\":\"EntryPoint\",\"urlTemplate\":\"https:\\\/\\\/lospoliticosveracruz.com\\\/?s={search_term_string}\"},\"query-input\":{\"@type\":\"PropertyValueSpecification\",\"valueRequired\":true,\"valueName\":\"search_term_string\"}}],\"inLanguage\":\"es\"},{\"@type\":\"Organization\",\"@id\":\"https:\\\/\\\/lospoliticosveracruz.com\\\/#organization\",\"name\":\"Los pol\u00edticos Veracruz\",\"url\":\"https:\\\/\\\/lospoliticosveracruz.com\\\/\",\"logo\":{\"@type\":\"ImageObject\",\"inLanguage\":\"es\",\"@id\":\"https:\\\/\\\/lospoliticosveracruz.com\\\/#\\\/schema\\\/logo\\\/image\\\/\",\"url\":\"https:\\\/\\\/lospoliticosveracruz.com\\\/wp-content\\\/uploads\\\/2025\\\/12\\\/Logo-Nuevo-LOS-POLITICOS-1.jpg\",\"contentUrl\":\"https:\\\/\\\/lospoliticosveracruz.com\\\/wp-content\\\/uploads\\\/2025\\\/12\\\/Logo-Nuevo-LOS-POLITICOS-1.jpg\",\"width\":260,\"height\":70,\"caption\":\"Los pol\u00edticos Veracruz\"},\"image\":{\"@id\":\"https:\\\/\\\/lospoliticosveracruz.com\\\/#\\\/schema\\\/logo\\\/image\\\/\"},\"sameAs\":[\"https:\\\/\\\/www.facebook.com\\\/people\\\/Notimemes-de-los-Polticos\\\/61565672886568\\\/\",\"https:\\\/\\\/x.com\\\/LosPoliticosVer\"]},{\"@type\":\"Person\",\"@id\":\"https:\\\/\\\/lospoliticosveracruz.com\\\/#\\\/schema\\\/person\\\/b8702bb0e538456e6efd07080bf2a4a2\",\"name\":\"Lo viste en Los Pol\u00edticos\",\"image\":{\"@type\":\"ImageObject\",\"inLanguage\":\"es\",\"@id\":\"https:\\\/\\\/secure.gravatar.com\\\/avatar\\\/3a8de04a2656d44082be478bd6c086daa447c4651605818287b9532d3d0bd435?s=96&d=mm&r=g\",\"url\":\"https:\\\/\\\/secure.gravatar.com\\\/avatar\\\/3a8de04a2656d44082be478bd6c086daa447c4651605818287b9532d3d0bd435?s=96&d=mm&r=g\",\"contentUrl\":\"https:\\\/\\\/secure.gravatar.com\\\/avatar\\\/3a8de04a2656d44082be478bd6c086daa447c4651605818287b9532d3d0bd435?s=96&d=mm&r=g\",\"caption\":\"Lo viste en Los Pol\u00edticos\"},\"url\":\"https:\\\/\\\/lospoliticosveracruz.com\\\/?author=2\"}]}<\/script>\n<!-- \/ Yoast SEO plugin. -->","yoast_head_json":{"title":"Qu\u00e9 bueno, qu\u00e9 bueno que son honestos - Los pol\u00edticos Veracruz","robots":{"index":"index","follow":"follow","max-snippet":"max-snippet:-1","max-image-preview":"max-image-preview:large","max-video-preview":"max-video-preview:-1"},"canonical":"https:\/\/lospoliticosveracruz.com\/?p=51547","og_locale":"es_ES","og_type":"article","og_title":"Qu\u00e9 bueno, qu\u00e9 bueno que son honestos - Los pol\u00edticos Veracruz","og_description":"&nbsp; Sergio Gonz\u00e1lez Levet Sin tacto &nbsp; \u00a1Qu\u00e9 bueno que lleg\u00f3 la Cuarta Transformaci\u00f3n y se acabaron los dispendios de las celebraciones navide\u00f1as para los bur\u00f3cratas, que se pagaban con los recursos del erario, con los impuestos del pueblo bueno y honrado! Qu\u00e9 bueno que este a\u00f1o los empleados de las oficinas de gobierno de [&hellip;]","og_url":"https:\/\/lospoliticosveracruz.com\/?p=51547","og_site_name":"Los pol\u00edticos Veracruz","article_publisher":"https:\/\/www.facebook.com\/people\/Notimemes-de-los-Polticos\/61565672886568\/","article_published_time":"2019-12-20T15:59:17+00:00","og_image":[{"width":600,"height":304,"url":"https:\/\/lospoliticosveracruz.com\/wp-content\/uploads\/2019\/12\/Austeridad.jpg","type":"image\/jpeg"}],"author":"Lo viste en Los Pol\u00edticos","twitter_card":"summary_large_image","twitter_creator":"@LosPoliticosVer","twitter_site":"@LosPoliticosVer","twitter_misc":{"Escrito por":"Lo viste en Los Pol\u00edticos","Tiempo de lectura":"3 minutos"},"schema":{"@context":"https:\/\/schema.org","@graph":[{"@type":"Article","@id":"https:\/\/lospoliticosveracruz.com\/?p=51547#article","isPartOf":{"@id":"https:\/\/lospoliticosveracruz.com\/?p=51547"},"author":{"name":"Lo viste en Los Pol\u00edticos","@id":"https:\/\/lospoliticosveracruz.com\/#\/schema\/person\/b8702bb0e538456e6efd07080bf2a4a2"},"headline":"Qu\u00e9 bueno, qu\u00e9 bueno que son honestos","datePublished":"2019-12-20T15:59:17+00:00","mainEntityOfPage":{"@id":"https:\/\/lospoliticosveracruz.com\/?p=51547"},"wordCount":580,"commentCount":0,"publisher":{"@id":"https:\/\/lospoliticosveracruz.com\/#organization"},"image":{"@id":"https:\/\/lospoliticosveracruz.com\/?p=51547#primaryimage"},"thumbnailUrl":"https:\/\/lospoliticosveracruz.com\/wp-content\/uploads\/2019\/12\/Austeridad.jpg","keywords":["Cuarta Transformaci\u00f3n"],"articleSection":["De Opini\u00f3n"],"inLanguage":"es","potentialAction":[{"@type":"CommentAction","name":"Comment","target":["https:\/\/lospoliticosveracruz.com\/?p=51547#respond"]}]},{"@type":"WebPage","@id":"https:\/\/lospoliticosveracruz.com\/?p=51547","url":"https:\/\/lospoliticosveracruz.com\/?p=51547","name":"Qu\u00e9 bueno, qu\u00e9 bueno que son honestos - Los pol\u00edticos Veracruz","isPartOf":{"@id":"https:\/\/lospoliticosveracruz.com\/#website"},"primaryImageOfPage":{"@id":"https:\/\/lospoliticosveracruz.com\/?p=51547#primaryimage"},"image":{"@id":"https:\/\/lospoliticosveracruz.com\/?p=51547#primaryimage"},"thumbnailUrl":"https:\/\/lospoliticosveracruz.com\/wp-content\/uploads\/2019\/12\/Austeridad.jpg","datePublished":"2019-12-20T15:59:17+00:00","breadcrumb":{"@id":"https:\/\/lospoliticosveracruz.com\/?p=51547#breadcrumb"},"inLanguage":"es","potentialAction":[{"@type":"ReadAction","target":["https:\/\/lospoliticosveracruz.com\/?p=51547"]}]},{"@type":"ImageObject","inLanguage":"es","@id":"https:\/\/lospoliticosveracruz.com\/?p=51547#primaryimage","url":"https:\/\/lospoliticosveracruz.com\/wp-content\/uploads\/2019\/12\/Austeridad.jpg","contentUrl":"https:\/\/lospoliticosveracruz.com\/wp-content\/uploads\/2019\/12\/Austeridad.jpg","width":600,"height":304},{"@type":"BreadcrumbList","@id":"https:\/\/lospoliticosveracruz.com\/?p=51547#breadcrumb","itemListElement":[{"@type":"ListItem","position":1,"name":"Portada","item":"https:\/\/lospoliticosveracruz.com\/"},{"@type":"ListItem","position":2,"name":"Qu\u00e9 bueno, qu\u00e9 bueno que son honestos"}]},{"@type":"WebSite","@id":"https:\/\/lospoliticosveracruz.com\/#website","url":"https:\/\/lospoliticosveracruz.com\/","name":"Los pol\u00edticos Veracruz","description":"","publisher":{"@id":"https:\/\/lospoliticosveracruz.com\/#organization"},"potentialAction":[{"@type":"SearchAction","target":{"@type":"EntryPoint","urlTemplate":"https:\/\/lospoliticosveracruz.com\/?s={search_term_string}"},"query-input":{"@type":"PropertyValueSpecification","valueRequired":true,"valueName":"search_term_string"}}],"inLanguage":"es"},{"@type":"Organization","@id":"https:\/\/lospoliticosveracruz.com\/#organization","name":"Los pol\u00edticos Veracruz","url":"https:\/\/lospoliticosveracruz.com\/","logo":{"@type":"ImageObject","inLanguage":"es","@id":"https:\/\/lospoliticosveracruz.com\/#\/schema\/logo\/image\/","url":"https:\/\/lospoliticosveracruz.com\/wp-content\/uploads\/2025\/12\/Logo-Nuevo-LOS-POLITICOS-1.jpg","contentUrl":"https:\/\/lospoliticosveracruz.com\/wp-content\/uploads\/2025\/12\/Logo-Nuevo-LOS-POLITICOS-1.jpg","width":260,"height":70,"caption":"Los pol\u00edticos Veracruz"},"image":{"@id":"https:\/\/lospoliticosveracruz.com\/#\/schema\/logo\/image\/"},"sameAs":["https:\/\/www.facebook.com\/people\/Notimemes-de-los-Polticos\/61565672886568\/","https:\/\/x.com\/LosPoliticosVer"]},{"@type":"Person","@id":"https:\/\/lospoliticosveracruz.com\/#\/schema\/person\/b8702bb0e538456e6efd07080bf2a4a2","name":"Lo viste en Los Pol\u00edticos","image":{"@type":"ImageObject","inLanguage":"es","@id":"https:\/\/secure.gravatar.com\/avatar\/3a8de04a2656d44082be478bd6c086daa447c4651605818287b9532d3d0bd435?s=96&d=mm&r=g","url":"https:\/\/secure.gravatar.com\/avatar\/3a8de04a2656d44082be478bd6c086daa447c4651605818287b9532d3d0bd435?s=96&d=mm&r=g","contentUrl":"https:\/\/secure.gravatar.com\/avatar\/3a8de04a2656d44082be478bd6c086daa447c4651605818287b9532d3d0bd435?s=96&d=mm&r=g","caption":"Lo viste en Los Pol\u00edticos"},"url":"https:\/\/lospoliticosveracruz.com\/?author=2"}]}},"_links":{"self":[{"href":"https:\/\/lospoliticosveracruz.com\/index.php?rest_route=\/wp\/v2\/posts\/51547","targetHints":{"allow":["GET"]}}],"collection":[{"href":"https:\/\/lospoliticosveracruz.com\/index.php?rest_route=\/wp\/v2\/posts"}],"about":[{"href":"https:\/\/lospoliticosveracruz.com\/index.php?rest_route=\/wp\/v2\/types\/post"}],"author":[{"embeddable":true,"href":"https:\/\/lospoliticosveracruz.com\/index.php?rest_route=\/wp\/v2\/users\/2"}],"replies":[{"embeddable":true,"href":"https:\/\/lospoliticosveracruz.com\/index.php?rest_route=%2Fwp%2Fv2%2Fcomments&post=51547"}],"version-history":[{"count":1,"href":"https:\/\/lospoliticosveracruz.com\/index.php?rest_route=\/wp\/v2\/posts\/51547\/revisions"}],"predecessor-version":[{"id":51549,"href":"https:\/\/lospoliticosveracruz.com\/index.php?rest_route=\/wp\/v2\/posts\/51547\/revisions\/51549"}],"wp:featuredmedia":[{"embeddable":true,"href":"https:\/\/lospoliticosveracruz.com\/index.php?rest_route=\/wp\/v2\/media\/51548"}],"wp:attachment":[{"href":"https:\/\/lospoliticosveracruz.com\/index.php?rest_route=%2Fwp%2Fv2%2Fmedia&parent=51547"}],"wp:term":[{"taxonomy":"category","embeddable":true,"href":"https:\/\/lospoliticosveracruz.com\/index.php?rest_route=%2Fwp%2Fv2%2Fcategories&post=51547"},{"taxonomy":"post_tag","embeddable":true,"href":"https:\/\/lospoliticosveracruz.com\/index.php?rest_route=%2Fwp%2Fv2%2Ftags&post=51547"}],"curies":[{"name":"wp","href":"https:\/\/api.w.org\/{rel}","templated":true}]}}