{"id":51781,"date":"2020-01-05T23:01:10","date_gmt":"2020-01-06T05:01:10","guid":{"rendered":"http:\/\/www.lospoliticosveracruz.com.mx\/?p=51781"},"modified":"2020-01-05T21:15:49","modified_gmt":"2020-01-06T03:15:49","slug":"2020-mujeres-recargadas","status":"publish","type":"post","link":"https:\/\/lospoliticosveracruz.com\/?p=51781","title":{"rendered":"2020: Mujeres Recargadas"},"content":{"rendered":"<p><b>Brenda Caballero<\/b><\/p>\n<p><em>N\u00fameros Rojos<b>\u00a0<\/b><\/em><\/p>\n<p><span style=\"font-weight: 400;\">Y como cada primer Lunes del A\u00f1o, iniciamos con las Mujeres Recargadas, las pol\u00edticas que desde este espacio consideramos dar\u00e1n de qu\u00e9 hablar en este 2020.<\/span><\/p>\n<p><span style=\"font-weight: 400;\">Sin duda, ser\u00e1 un gran a\u00f1o para las mujeres, y m\u00e1s por ser antesala de las elecciones que tendr\u00e1 Veracruz en el 2021, por lo que veremos much\u00edsimos acuerdos, alianzas inimaginables y a muchas f\u00e9minas proyect\u00e1ndose para ganar esos espacios.<\/span><\/p>\n<p><span style=\"font-weight: 400;\">Si empezamos por el Congreso local, Erika Ayala R\u00edos siempre ha sido pol\u00e9mica, se le recuerda su intervenci\u00f3n a favor de los vendedores de billetes de loter\u00eda en la comparecencia del secretario de Finanzas, Jos\u00e9 Luis Lima Franco. All\u00ed expuso que era necesario modificar el impuesto a los premios y sorteos para ellos, pues ten\u00edan p\u00e9rdidas, \u00bfy qu\u00e9 cree? \u00a1Pues que ya se modific\u00f3!<\/span><\/p>\n<p><span style=\"font-weight: 400;\">La tambi\u00e9n dirigente sindical del Cobaev puede entrar en la batalla por la alcald\u00eda de Xalapa, al igual que Rosalinda Galindo Silva, quien ya empez\u00f3 a trabajar a trav\u00e9s de su esposo Juan de Dios Alvarado, que est\u00e1 actualmente en el Ayuntamiento de Xalapa como regidor.<\/span><\/p>\n<p><span style=\"font-weight: 400;\">La que ha sorprendido es la diputada Montserrat Ortega, quien dej\u00f3 de ser \u201cla esposa de\u201d en el Congreso, para demostrar con hechos, argumentos, iniciativas y debate en Tribuna, que es una mujer preparada y sobre todo, aguerrida, por lo que no se descarte que agarre la batuta para contender seguramente por el Ayuntamiento de Tuxpan.<\/span><\/p>\n<p><span style=\"font-weight: 400;\">Kristel Hern\u00e1ndez Topete, Ivonne Trujillo, Margarita Corro, Nora Lagunes y Marijos\u00e9 Gamboa seguramente se preparan para la diputaci\u00f3n federal, aunque haya muchos que a algunas de estas citadas las vean m\u00e1s como candidatas en sus respectivos municipios para alcaldesas, pero es seguro que ellas saben que un ayuntamiento es m\u00e1s una compra de problemas, pero no se descarte a la valiente que le entre al toro por los cuernos.<\/span><\/p>\n<p><span style=\"font-weight: 400;\">Por cierto, si de diputadas federales se trata, Anil\u00fa Ingram Vallines ya suena y resuena para la alcald\u00eda de Veracruz\u2026 pero tampoco pierdan de vista a Mariana Dunyaska\u2026 \u00bfse imaginan el duelo?<\/span><\/p>\n<p><span style=\"font-weight: 400;\">Otra legisladora federal, Dorheny Garc\u00eda Cayetano, dicen que buscar\u00e1 reelegirse por la curul federal, pero habr\u00e1 que esperar, porque dicen que el Gobernador tiene muchos planes para su cuata.<\/span><\/p>\n<p><span style=\"font-weight: 400;\">Tambi\u00e9n este a\u00f1o veremos a Dulce Mar\u00eda M\u00e9ndez de la Luz Dauz\u00f3n apoyando fuertemente a Dante Delgado Rannauro. La pregunta es si le entrar\u00e1 a la reelecci\u00f3n, buscar\u00e1 la pluri de nuevo o por qu\u00e9 no, postularse para la alcald\u00eda de Xalapa cuando en esta ciudad, est\u00e1 visto que los ciudadanos ya le dieron la espalda al PRI, no ven con agrado los pleitos internos del PAN y como que en muchos, hay desilusi\u00f3n en Morena pero esperanza en la izquierda como podr\u00eda significar Movimiento Ciudadano.<\/span><\/p>\n<p><span style=\"font-weight: 400;\">Aunque Roc\u00edo Nahle seguir\u00e1 dando de qu\u00e9 hablar en este 2020, su fuerza ser\u00e1 menguada y hasta sus aliados pondr\u00e1n distancia.<\/span><\/p>\n<p><span style=\"font-weight: 400;\">Aunque no son todas seguramente habr\u00e1 mujeres que dar\u00e1n mucho de qu\u00e9 hablar en este 2020.<\/span><\/p>\n<p>&nbsp;<\/p>\n<p><span style=\"font-weight: 400;\">Email: <\/span><span style=\"font-weight: 400;\">caballero_brenda@hotmail.com<\/span><\/p>\n<p><span style=\"font-weight: 400;\">@NumerosRojos_BC<\/span><\/p>\n","protected":false},"excerpt":{"rendered":"<p>Brenda Caballero N\u00fameros Rojos\u00a0 Y como cada primer Lunes del A\u00f1o, iniciamos con las Mujeres Recargadas, las pol\u00edticas que desde este espacio consideramos dar\u00e1n de qu\u00e9 hablar en este 2020. Sin duda, ser\u00e1 un gran a\u00f1o para las mujeres, y m\u00e1s por ser antesala de las elecciones que tendr\u00e1 Veracruz en el 2021, por lo [&hellip;]<\/p>\n","protected":false},"author":2,"featured_media":0,"comment_status":"open","ping_status":"open","sticky":false,"template":"","format":"standard","meta":{"tdm_status":"","tdm_grid_status":"","footnotes":""},"categories":[70],"tags":[1872,2687,1006,575,13952,13904,3525,111,13134,13713,14502,13642,13442,6947,5381,13011,15052,3578,10669,203,96],"class_list":{"0":"post-51781","1":"post","2":"type-post","3":"status-publish","4":"format-standard","6":"category-de-opinion","7":"tag-anilu-ingram-vallines","8":"tag-brenda-caballero","9":"tag-dante-delgado-rannauro","10":"tag-diputacion-federal","11":"tag-dorheny-garcia-cayetano","12":"tag-dulce-maria-mendez-de-la-luz-dauzon","13":"tag-erika-ayala-rios","14":"tag-finanzas","15":"tag-ivonne-trujillo","16":"tag-jose-luis-lima-franco","17":"tag-juan-de-dios-alvarado","18":"tag-kristel-hernandez-topete","19":"tag-margarita-corro","20":"tag-mariana-dunyaska","21":"tag-marijose-gamboa","22":"tag-montserrat-ortega","23":"tag-nora-lagunes","24":"tag-rocio-nahle","25":"tag-rosalinda-galindo-silva","26":"tag-tuxpan","27":"tag-xalapa"},"yoast_head":"<!-- This site is optimized with the Yoast SEO plugin v27.4 - https:\/\/yoast.com\/product\/yoast-seo-wordpress\/ -->\n<title>2020: Mujeres Recargadas - Los pol\u00edticos Veracruz<\/title>\n<meta name=\"robots\" content=\"index, follow, max-snippet:-1, max-image-preview:large, max-video-preview:-1\" \/>\n<link rel=\"canonical\" href=\"https:\/\/lospoliticosveracruz.com\/?p=51781\" \/>\n<meta property=\"og:locale\" content=\"es_ES\" \/>\n<meta property=\"og:type\" content=\"article\" \/>\n<meta property=\"og:title\" content=\"2020: Mujeres Recargadas - Los pol\u00edticos Veracruz\" \/>\n<meta property=\"og:description\" content=\"Brenda Caballero N\u00fameros Rojos\u00a0 Y como cada primer Lunes del A\u00f1o, iniciamos con las Mujeres Recargadas, las pol\u00edticas que desde este espacio consideramos dar\u00e1n de qu\u00e9 hablar en este 2020. Sin duda, ser\u00e1 un gran a\u00f1o para las mujeres, y m\u00e1s por ser antesala de las elecciones que tendr\u00e1 Veracruz en el 2021, por lo [&hellip;]\" \/>\n<meta property=\"og:url\" content=\"https:\/\/lospoliticosveracruz.com\/?p=51781\" \/>\n<meta property=\"og:site_name\" content=\"Los pol\u00edticos Veracruz\" \/>\n<meta property=\"article:publisher\" content=\"https:\/\/www.facebook.com\/people\/Notimemes-de-los-Polticos\/61565672886568\/\" \/>\n<meta property=\"article:published_time\" content=\"2020-01-06T05:01:10+00:00\" \/>\n<meta property=\"og:image\" content=\"https:\/\/lospoliticosveracruz.com\/wp-content\/uploads\/2016\/07\/Logo-Dor.jpg\" \/>\n\t<meta property=\"og:image:width\" content=\"200\" \/>\n\t<meta property=\"og:image:height\" content=\"200\" \/>\n\t<meta property=\"og:image:type\" content=\"image\/jpeg\" \/>\n<meta name=\"author\" content=\"Lo viste en Los Pol\u00edticos\" \/>\n<meta name=\"twitter:card\" content=\"summary_large_image\" \/>\n<meta name=\"twitter:creator\" content=\"@LosPoliticosVer\" \/>\n<meta name=\"twitter:site\" content=\"@LosPoliticosVer\" \/>\n<meta name=\"twitter:label1\" content=\"Escrito por\" \/>\n\t<meta name=\"twitter:data1\" content=\"Lo viste en Los Pol\u00edticos\" \/>\n\t<meta name=\"twitter:label2\" content=\"Tiempo de lectura\" \/>\n\t<meta name=\"twitter:data2\" content=\"3 minutos\" \/>\n<script type=\"application\/ld+json\" class=\"yoast-schema-graph\">{\"@context\":\"https:\\\/\\\/schema.org\",\"@graph\":[{\"@type\":\"Article\",\"@id\":\"https:\\\/\\\/lospoliticosveracruz.com\\\/?p=51781#article\",\"isPartOf\":{\"@id\":\"https:\\\/\\\/lospoliticosveracruz.com\\\/?p=51781\"},\"author\":{\"name\":\"Lo viste en Los Pol\u00edticos\",\"@id\":\"https:\\\/\\\/lospoliticosveracruz.com\\\/#\\\/schema\\\/person\\\/b8702bb0e538456e6efd07080bf2a4a2\"},\"headline\":\"2020: Mujeres Recargadas\",\"datePublished\":\"2020-01-06T05:01:10+00:00\",\"mainEntityOfPage\":{\"@id\":\"https:\\\/\\\/lospoliticosveracruz.com\\\/?p=51781\"},\"wordCount\":531,\"commentCount\":0,\"publisher\":{\"@id\":\"https:\\\/\\\/lospoliticosveracruz.com\\\/#organization\"},\"keywords\":[\"Anil\u00fa Ingram Vallines\",\"Brenda Caballero\",\"Dante Delgado Rannauro\",\"diputaci\u00f3n federal\",\"Dorheny Garc\u00eda Cayetano\",\"Dulce Mar\u00eda M\u00e9ndez de la Luz Dauz\u00f3n\",\"Erika Ayala R\u00edos\",\"Finanzas\",\"Ivonne Trujillo\",\"Jos\u00e9 Luis Lima Franco\",\"Juan de Dios Alvarado\",\"Kristel Hern\u00e1ndez Topete\",\"Margarita Corro\",\"Mariana Dunyaska\",\"Marijos\u00e9 Gamboa\",\"Montserrat Ortega\",\"Nora Lagunes\",\"Roc\u00edo Nahle\",\"Rosalinda Galindo Silva\",\"Tuxpan\",\"Xalapa\"],\"articleSection\":[\"De Opini\u00f3n\"],\"inLanguage\":\"es\",\"potentialAction\":[{\"@type\":\"CommentAction\",\"name\":\"Comment\",\"target\":[\"https:\\\/\\\/lospoliticosveracruz.com\\\/?p=51781#respond\"]}]},{\"@type\":\"WebPage\",\"@id\":\"https:\\\/\\\/lospoliticosveracruz.com\\\/?p=51781\",\"url\":\"https:\\\/\\\/lospoliticosveracruz.com\\\/?p=51781\",\"name\":\"2020: Mujeres Recargadas - Los pol\u00edticos Veracruz\",\"isPartOf\":{\"@id\":\"https:\\\/\\\/lospoliticosveracruz.com\\\/#website\"},\"datePublished\":\"2020-01-06T05:01:10+00:00\",\"breadcrumb\":{\"@id\":\"https:\\\/\\\/lospoliticosveracruz.com\\\/?p=51781#breadcrumb\"},\"inLanguage\":\"es\",\"potentialAction\":[{\"@type\":\"ReadAction\",\"target\":[\"https:\\\/\\\/lospoliticosveracruz.com\\\/?p=51781\"]}]},{\"@type\":\"BreadcrumbList\",\"@id\":\"https:\\\/\\\/lospoliticosveracruz.com\\\/?p=51781#breadcrumb\",\"itemListElement\":[{\"@type\":\"ListItem\",\"position\":1,\"name\":\"Portada\",\"item\":\"https:\\\/\\\/lospoliticosveracruz.com\\\/\"},{\"@type\":\"ListItem\",\"position\":2,\"name\":\"2020: Mujeres Recargadas\"}]},{\"@type\":\"WebSite\",\"@id\":\"https:\\\/\\\/lospoliticosveracruz.com\\\/#website\",\"url\":\"https:\\\/\\\/lospoliticosveracruz.com\\\/\",\"name\":\"Los pol\u00edticos Veracruz\",\"description\":\"\",\"publisher\":{\"@id\":\"https:\\\/\\\/lospoliticosveracruz.com\\\/#organization\"},\"potentialAction\":[{\"@type\":\"SearchAction\",\"target\":{\"@type\":\"EntryPoint\",\"urlTemplate\":\"https:\\\/\\\/lospoliticosveracruz.com\\\/?s={search_term_string}\"},\"query-input\":{\"@type\":\"PropertyValueSpecification\",\"valueRequired\":true,\"valueName\":\"search_term_string\"}}],\"inLanguage\":\"es\"},{\"@type\":\"Organization\",\"@id\":\"https:\\\/\\\/lospoliticosveracruz.com\\\/#organization\",\"name\":\"Los pol\u00edticos Veracruz\",\"url\":\"https:\\\/\\\/lospoliticosveracruz.com\\\/\",\"logo\":{\"@type\":\"ImageObject\",\"inLanguage\":\"es\",\"@id\":\"https:\\\/\\\/lospoliticosveracruz.com\\\/#\\\/schema\\\/logo\\\/image\\\/\",\"url\":\"https:\\\/\\\/lospoliticosveracruz.com\\\/wp-content\\\/uploads\\\/2025\\\/12\\\/Logo-Nuevo-LOS-POLITICOS-1.jpg\",\"contentUrl\":\"https:\\\/\\\/lospoliticosveracruz.com\\\/wp-content\\\/uploads\\\/2025\\\/12\\\/Logo-Nuevo-LOS-POLITICOS-1.jpg\",\"width\":260,\"height\":70,\"caption\":\"Los pol\u00edticos Veracruz\"},\"image\":{\"@id\":\"https:\\\/\\\/lospoliticosveracruz.com\\\/#\\\/schema\\\/logo\\\/image\\\/\"},\"sameAs\":[\"https:\\\/\\\/www.facebook.com\\\/people\\\/Notimemes-de-los-Polticos\\\/61565672886568\\\/\",\"https:\\\/\\\/x.com\\\/LosPoliticosVer\"]},{\"@type\":\"Person\",\"@id\":\"https:\\\/\\\/lospoliticosveracruz.com\\\/#\\\/schema\\\/person\\\/b8702bb0e538456e6efd07080bf2a4a2\",\"name\":\"Lo viste en Los Pol\u00edticos\",\"image\":{\"@type\":\"ImageObject\",\"inLanguage\":\"es\",\"@id\":\"https:\\\/\\\/secure.gravatar.com\\\/avatar\\\/3a8de04a2656d44082be478bd6c086daa447c4651605818287b9532d3d0bd435?s=96&d=mm&r=g\",\"url\":\"https:\\\/\\\/secure.gravatar.com\\\/avatar\\\/3a8de04a2656d44082be478bd6c086daa447c4651605818287b9532d3d0bd435?s=96&d=mm&r=g\",\"contentUrl\":\"https:\\\/\\\/secure.gravatar.com\\\/avatar\\\/3a8de04a2656d44082be478bd6c086daa447c4651605818287b9532d3d0bd435?s=96&d=mm&r=g\",\"caption\":\"Lo viste en Los Pol\u00edticos\"},\"url\":\"https:\\\/\\\/lospoliticosveracruz.com\\\/?author=2\"}]}<\/script>\n<!-- \/ Yoast SEO plugin. -->","yoast_head_json":{"title":"2020: Mujeres Recargadas - Los pol\u00edticos Veracruz","robots":{"index":"index","follow":"follow","max-snippet":"max-snippet:-1","max-image-preview":"max-image-preview:large","max-video-preview":"max-video-preview:-1"},"canonical":"https:\/\/lospoliticosveracruz.com\/?p=51781","og_locale":"es_ES","og_type":"article","og_title":"2020: Mujeres Recargadas - Los pol\u00edticos Veracruz","og_description":"Brenda Caballero N\u00fameros Rojos\u00a0 Y como cada primer Lunes del A\u00f1o, iniciamos con las Mujeres Recargadas, las pol\u00edticas que desde este espacio consideramos dar\u00e1n de qu\u00e9 hablar en este 2020. Sin duda, ser\u00e1 un gran a\u00f1o para las mujeres, y m\u00e1s por ser antesala de las elecciones que tendr\u00e1 Veracruz en el 2021, por lo [&hellip;]","og_url":"https:\/\/lospoliticosveracruz.com\/?p=51781","og_site_name":"Los pol\u00edticos Veracruz","article_publisher":"https:\/\/www.facebook.com\/people\/Notimemes-de-los-Polticos\/61565672886568\/","article_published_time":"2020-01-06T05:01:10+00:00","og_image":[{"width":200,"height":200,"url":"https:\/\/lospoliticosveracruz.com\/wp-content\/uploads\/2016\/07\/Logo-Dor.jpg","type":"image\/jpeg"}],"author":"Lo viste en Los Pol\u00edticos","twitter_card":"summary_large_image","twitter_creator":"@LosPoliticosVer","twitter_site":"@LosPoliticosVer","twitter_misc":{"Escrito por":"Lo viste en Los Pol\u00edticos","Tiempo de lectura":"3 minutos"},"schema":{"@context":"https:\/\/schema.org","@graph":[{"@type":"Article","@id":"https:\/\/lospoliticosveracruz.com\/?p=51781#article","isPartOf":{"@id":"https:\/\/lospoliticosveracruz.com\/?p=51781"},"author":{"name":"Lo viste en Los Pol\u00edticos","@id":"https:\/\/lospoliticosveracruz.com\/#\/schema\/person\/b8702bb0e538456e6efd07080bf2a4a2"},"headline":"2020: Mujeres Recargadas","datePublished":"2020-01-06T05:01:10+00:00","mainEntityOfPage":{"@id":"https:\/\/lospoliticosveracruz.com\/?p=51781"},"wordCount":531,"commentCount":0,"publisher":{"@id":"https:\/\/lospoliticosveracruz.com\/#organization"},"keywords":["Anil\u00fa Ingram Vallines","Brenda Caballero","Dante Delgado Rannauro","diputaci\u00f3n federal","Dorheny Garc\u00eda Cayetano","Dulce Mar\u00eda M\u00e9ndez de la Luz Dauz\u00f3n","Erika Ayala R\u00edos","Finanzas","Ivonne Trujillo","Jos\u00e9 Luis Lima Franco","Juan de Dios Alvarado","Kristel Hern\u00e1ndez Topete","Margarita Corro","Mariana Dunyaska","Marijos\u00e9 Gamboa","Montserrat Ortega","Nora Lagunes","Roc\u00edo Nahle","Rosalinda Galindo Silva","Tuxpan","Xalapa"],"articleSection":["De Opini\u00f3n"],"inLanguage":"es","potentialAction":[{"@type":"CommentAction","name":"Comment","target":["https:\/\/lospoliticosveracruz.com\/?p=51781#respond"]}]},{"@type":"WebPage","@id":"https:\/\/lospoliticosveracruz.com\/?p=51781","url":"https:\/\/lospoliticosveracruz.com\/?p=51781","name":"2020: Mujeres Recargadas - Los pol\u00edticos Veracruz","isPartOf":{"@id":"https:\/\/lospoliticosveracruz.com\/#website"},"datePublished":"2020-01-06T05:01:10+00:00","breadcrumb":{"@id":"https:\/\/lospoliticosveracruz.com\/?p=51781#breadcrumb"},"inLanguage":"es","potentialAction":[{"@type":"ReadAction","target":["https:\/\/lospoliticosveracruz.com\/?p=51781"]}]},{"@type":"BreadcrumbList","@id":"https:\/\/lospoliticosveracruz.com\/?p=51781#breadcrumb","itemListElement":[{"@type":"ListItem","position":1,"name":"Portada","item":"https:\/\/lospoliticosveracruz.com\/"},{"@type":"ListItem","position":2,"name":"2020: Mujeres Recargadas"}]},{"@type":"WebSite","@id":"https:\/\/lospoliticosveracruz.com\/#website","url":"https:\/\/lospoliticosveracruz.com\/","name":"Los pol\u00edticos Veracruz","description":"","publisher":{"@id":"https:\/\/lospoliticosveracruz.com\/#organization"},"potentialAction":[{"@type":"SearchAction","target":{"@type":"EntryPoint","urlTemplate":"https:\/\/lospoliticosveracruz.com\/?s={search_term_string}"},"query-input":{"@type":"PropertyValueSpecification","valueRequired":true,"valueName":"search_term_string"}}],"inLanguage":"es"},{"@type":"Organization","@id":"https:\/\/lospoliticosveracruz.com\/#organization","name":"Los pol\u00edticos Veracruz","url":"https:\/\/lospoliticosveracruz.com\/","logo":{"@type":"ImageObject","inLanguage":"es","@id":"https:\/\/lospoliticosveracruz.com\/#\/schema\/logo\/image\/","url":"https:\/\/lospoliticosveracruz.com\/wp-content\/uploads\/2025\/12\/Logo-Nuevo-LOS-POLITICOS-1.jpg","contentUrl":"https:\/\/lospoliticosveracruz.com\/wp-content\/uploads\/2025\/12\/Logo-Nuevo-LOS-POLITICOS-1.jpg","width":260,"height":70,"caption":"Los pol\u00edticos Veracruz"},"image":{"@id":"https:\/\/lospoliticosveracruz.com\/#\/schema\/logo\/image\/"},"sameAs":["https:\/\/www.facebook.com\/people\/Notimemes-de-los-Polticos\/61565672886568\/","https:\/\/x.com\/LosPoliticosVer"]},{"@type":"Person","@id":"https:\/\/lospoliticosveracruz.com\/#\/schema\/person\/b8702bb0e538456e6efd07080bf2a4a2","name":"Lo viste en Los Pol\u00edticos","image":{"@type":"ImageObject","inLanguage":"es","@id":"https:\/\/secure.gravatar.com\/avatar\/3a8de04a2656d44082be478bd6c086daa447c4651605818287b9532d3d0bd435?s=96&d=mm&r=g","url":"https:\/\/secure.gravatar.com\/avatar\/3a8de04a2656d44082be478bd6c086daa447c4651605818287b9532d3d0bd435?s=96&d=mm&r=g","contentUrl":"https:\/\/secure.gravatar.com\/avatar\/3a8de04a2656d44082be478bd6c086daa447c4651605818287b9532d3d0bd435?s=96&d=mm&r=g","caption":"Lo viste en Los Pol\u00edticos"},"url":"https:\/\/lospoliticosveracruz.com\/?author=2"}]}},"_links":{"self":[{"href":"https:\/\/lospoliticosveracruz.com\/index.php?rest_route=\/wp\/v2\/posts\/51781","targetHints":{"allow":["GET"]}}],"collection":[{"href":"https:\/\/lospoliticosveracruz.com\/index.php?rest_route=\/wp\/v2\/posts"}],"about":[{"href":"https:\/\/lospoliticosveracruz.com\/index.php?rest_route=\/wp\/v2\/types\/post"}],"author":[{"embeddable":true,"href":"https:\/\/lospoliticosveracruz.com\/index.php?rest_route=\/wp\/v2\/users\/2"}],"replies":[{"embeddable":true,"href":"https:\/\/lospoliticosveracruz.com\/index.php?rest_route=%2Fwp%2Fv2%2Fcomments&post=51781"}],"version-history":[{"count":1,"href":"https:\/\/lospoliticosveracruz.com\/index.php?rest_route=\/wp\/v2\/posts\/51781\/revisions"}],"predecessor-version":[{"id":51782,"href":"https:\/\/lospoliticosveracruz.com\/index.php?rest_route=\/wp\/v2\/posts\/51781\/revisions\/51782"}],"wp:attachment":[{"href":"https:\/\/lospoliticosveracruz.com\/index.php?rest_route=%2Fwp%2Fv2%2Fmedia&parent=51781"}],"wp:term":[{"taxonomy":"category","embeddable":true,"href":"https:\/\/lospoliticosveracruz.com\/index.php?rest_route=%2Fwp%2Fv2%2Fcategories&post=51781"},{"taxonomy":"post_tag","embeddable":true,"href":"https:\/\/lospoliticosveracruz.com\/index.php?rest_route=%2Fwp%2Fv2%2Ftags&post=51781"}],"curies":[{"name":"wp","href":"https:\/\/api.w.org\/{rel}","templated":true}]}}