{"id":51791,"date":"2020-01-06T09:24:53","date_gmt":"2020-01-06T15:24:53","guid":{"rendered":"http:\/\/www.lospoliticosveracruz.com.mx\/?p=51791"},"modified":"2020-01-06T09:24:53","modified_gmt":"2020-01-06T15:24:53","slug":"ezln-a-veracruz","status":"publish","type":"post","link":"https:\/\/lospoliticosveracruz.com\/?p=51791","title":{"rendered":"EZLN, \u00a1a Veracruz!"},"content":{"rendered":"<p><strong>Ricardo Ch\u00faa<\/strong><\/p>\n<p><em>Sale y Vale<\/em><\/p>\n<p>OJO&#8230; Un aviso para Manuel Huerta y Cuitl\u00e1huac&#8230; Con eso que el CISEN no funciona y las fuerzas de inteligencia de Veracruz est\u00e1n dedicadas a promocionar campa\u00f1as pol\u00edticas de MORENA en el puerto de Veracruz y DIF estatal&#8230; Unas Fuentes bien informadas indican que entre las protestas que tienen pesando hacer simpatizantes y algunos miembros del Ej\u00e9rcito Zapatista de Liberaci\u00f3n Nacional (EZLN) contra el proyecto de L\u00f3pez Obrador conocido como \u00abEl Tren Maya\u00bb, unas las tienen pensado hacer en Veracruz&#8230;<\/p>\n<p>Esas conglomeraciones de rechazo ser\u00edan en el sur y centro de la entidad&#8230; Ya que no s\u00f3lo se manifestar\u00edan por el tema el Tren Maya, sino que le dar\u00edan su \u00abrasp\u00f3n\u00bb al proyecto de la refineria de \u00abDos Bocas\u00bb de Roc\u00edo Nahle&#8230;. Hay que recordar que los grupos zapatistas no quieren el tren porque dice que no trae nada de beneficios para las poblaciones ind\u00edgenas y ser\u00e1 todo lo contrario porque los beneficios ser\u00edan para los empresarios constructores sino para las comunidades&#8230;. ZUCUTUM&#8230;<\/p>\n<p>As\u00ed que de aqu\u00ed en adelante&#8230; El Huerta y Cuitl\u00e1huac tendr\u00e1n que estar muy \u00abatentos\u00bb para ver por donde les viene los \u00abmameyazos\u00bb&#8230; De los cuales seguramente culparan a Yunes Linares (Ja Ja Ja) ya que dir\u00e1n que como es guero y de ojo azul, es un \u00abQuetzalcoat\u00bb que vino a movilizar a las masas de simpatizantes zapatistas haciendoles creer que era la llegada de un Dios tal como lo dictaba la profes\u00eda&#8230; El caso es que por si son \u00abperas o manzana\u00bb o por si es Yunes o no lo es&#8230;. Tan aviaos&#8230;. Y el que avisa no traiciona&#8230; \u00bfQue esperaban flores?&#8230;<\/p>\n<p>AMLO, LA ODIOSA COMPARACI\u00d3N&#8230; De la visita de Andr\u00e9s Manuel L\u00f3pez Obrador al norte de Veracruz, en Huayacocotla, no se puede escribir nada nuevo&#8230; Lo mismo que hace muchos a\u00f1os&#8230; Promesas y m\u00e1s promesas de bienestar y esas zonas siguen con sus mismos retrasos de siempre&#8230; As\u00ed que AMEN&#8230; Lo trascendente es el \u00abrasp\u00f3n\u00bb a Cuitl\u00e1huac Garc\u00eda cuando lo compar\u00f3 con el oaxaque\u00f1o, Alejandro Murat&#8230; Se\u00f1alando que en Oaxaca si saben como trabajar para pavimentar caminos en zonas ind\u00edgenas y en Veracruz no&#8230;.<\/p>\n<p>Sin embargo, todo mundo sabe que la \u00abcomparaci\u00f3n\u00bb le tiene sin cuidado al gobernador xalape\u00f1o&#8230; Le vale y sabe que a \u00e9l no lo mueve \u00abni Dios padre\u00bb de la entidad, si acaso en diciembre del a\u00f1o en curso, antes no&#8230; As\u00ed que podr\u00e1n decir que Murat es m\u00e1s canoso o m\u00e1s gal\u00e1n&#8230; Pero Cuitl\u00e1huac es uno de los gobernadores \u00abconsentidos\u00bb del Presidente&#8230; Lo rega\u00f1a y respalda&#8230; As\u00ed que esa ODIOSA COMPARACI\u00d3N&#8230; Vale una \u00abpura y dos con sal\u00bb aunque venga de AMLO&#8230; Cuitl\u00e1huac sigue firme&#8230; Pesa m\u00e1s el proyecto que el bienestar del pueblo&#8230; TAN, TAN&#8230;<\/p>\n<p>SI UN CHINGO&#8230;Aqu\u00ed no hay vuelta de hoja&#8230; En Veracruz se est\u00e1 viviendo como nunca un ataque masivo de mosquitos y moscas en hogares, por las tardes y noches principalmente, y en plenas fechas navide\u00f1as donde en la entidad ha hecho SI UN CHINGO de fr\u00edo y los pinches zancudos no se mueren&#8230; As\u00ed que ser\u00e1 el sereno y aunque el gobierno de Cuitl\u00e1huac Garc\u00eda lo quiera negar&#8230; La responsabilidad de esa cantidad de moscos es SU CULPA&#8230; No fumigaron ahora la poblaci\u00f3n paga las consecuencias y las enfermedades&#8230;<\/p>\n<p>As\u00ed que la epidemia de dengue en Veracruz es responsabilidad del gobierno estatal de MORENA por no fumigar a tiempo&#8230;. NUNCA PERO NUNCA en la historia moderna de Veracruz, ni en el periodo de la conquista espa\u00f1ola&#8230; Se tiene registro que en diciembre haya pacientes y casos de dengue en hospitales&#8230; Y que se lleven varias muertes por esta enfermedad tan s\u00f3lo en el mes pasado&#8230;. Pues que chingao paso&#8230; No me digan que los moscos tomaron vitaminas y cuando eran larvas su mam\u00e1 les dio prote\u00ednas para soportar el invierno&#8230; Que no mmn&#8230;<\/p>\n<p>En todos las zonas de los municipios de Veracruz.. No importa si es colonia o fraccionamiento, si uno llega abrir la puerta de su casa, la cantidad de mosquitos que entran es impresionante&#8230; Los botes de insecticida son insuficientes porque al abrir la puerta de nuevo se vuelven a meter.. No importan los \u00abnortes\u00bb o el fr\u00edo de las noches&#8230; El mosco ah\u00ed est\u00e1 presente&#8230; Y sigue causando estragos en la poblaci\u00f3n por la enfermedad que se hace presente&#8230; QPM&#8230;<\/p>\n<p>De esa forma&#8230; Ya aqu\u00ed no hay excusa o pretexto para que el gobierno de Cuitl\u00e1huac evada esa culpa y se la eche l pasado de la epidemia del dengue y de la cantidad de moscos que se hacen presentes en Veracruz&#8230; Los fallecidos por este mal, ya pesan sobre sus hombros, no de nadie m\u00e1s&#8230; Y podr\u00e1n decir \u00abmisa\u00bb sus funcionarios de Salud pero lo que es un hecho que NO FUMIGARON y ahora no hay como defenderse de esa \u00aboleada\u00bb de mosquitos&#8230; Y todo esto es RESPONSABILIDAD de Cuitl\u00e1huac.. SI UN CHINGO&#8230;<\/p>\n<p>PD&#8230; Mal har\u00eda el \u00abPollo\u00bb P\u00e9rez Fraga esperar que del gobierno de Cuitl\u00e1huac Garc\u00eda le puedan mandar alg\u00fan tipo de apoyo para las Festividades de Carnaval de Veracruz 2020&#8230; Por m\u00e1s \u00abmensajes\u00bb o buenas intenciones que tenga su comit\u00e9 con las dependencias estatales para que puedan, sin \u00e1nimos pol\u00edticos, involucrarse en las fiestas del \u00abRey Momo\u00bb&#8230; No lo van hacer&#8230; Ya ha quedado demostrado que el Gober Xalape\u00f1o no quiere nada que \u00abhuela\u00bb a puerto y Boca del R\u00edo&#8230;<\/p>\n<p>Garc\u00eda Jim\u00e9nez ha dado claras muestras de s\u00f3lo gobernar para 210 municipios de esta entidad, si acaso, para \u00e9l y para todo su gabinete Veracruz y Boca del R\u00edo no existe&#8230; El por qu\u00e9 es muy sencillo resumirlo: Aqu\u00ed perdi\u00f3 la elecci\u00f3n a gobernador y pues uno de ellos manda un Yunes&#8230; Eso le \u00abcala hasta los tu\u00e9tanos\u00bb&#8230; Y si no celebra aqu\u00ed los 500 a\u00f1os de la fundaci\u00f3n de la Villa Rica de La Veracruz&#8230; Lo del Carnaval le viene valiendo aun m\u00e1s&#8230; En estas fiestas con el Gober no se cuenta&#8230; All\u00e1 que se quede encerrado&#8230; PUNTO Y AMEN&#8230;<\/p>\n","protected":false},"excerpt":{"rendered":"<p>Ricardo Ch\u00faa Sale y Vale OJO&#8230; Un aviso para Manuel Huerta y Cuitl\u00e1huac&#8230; Con eso que el CISEN no funciona y las fuerzas de inteligencia de Veracruz est\u00e1n dedicadas a promocionar campa\u00f1as pol\u00edticas de MORENA en el puerto de Veracruz y DIF estatal&#8230; Unas Fuentes bien informadas indican que entre las protestas que tienen pesando [&hellip;]<\/p>\n","protected":false},"author":2,"featured_media":46284,"comment_status":"open","ping_status":"open","sticky":false,"template":"","format":"standard","meta":{"tdm_status":"","tdm_grid_status":"","footnotes":""},"categories":[70],"tags":[618,16051,1563,788,14643,873,4199,1850,428,1026,1215,13604,3578,13466,195],"class_list":{"0":"post-51791","1":"post","2":"type-post","3":"status-publish","4":"format-standard","5":"has-post-thumbnail","7":"category-de-opinion","8":"tag-andres-manuel-lopez-obrador","9":"tag-carnaval-de-veracruz-2020","10":"tag-cuitlahuac-garcia-jimenez","11":"tag-dif-estatal","12":"tag-dos-bocas","13":"tag-ezln","14":"tag-huayacocotla","15":"tag-manuel-huerta-ladron-de-guevara","16":"tag-miguel-angel-yunes-linares","17":"tag-morena","18":"tag-oaxaca","19":"tag-ricardo-chua","20":"tag-rocio-nahle","21":"tag-tren-maya","22":"tag-veracruz"},"yoast_head":"<!-- This site is optimized with the Yoast SEO plugin v27.4 - https:\/\/yoast.com\/product\/yoast-seo-wordpress\/ -->\n<title>EZLN, \u00a1a Veracruz! - Los pol\u00edticos Veracruz<\/title>\n<meta name=\"robots\" content=\"index, follow, max-snippet:-1, max-image-preview:large, max-video-preview:-1\" \/>\n<link rel=\"canonical\" href=\"https:\/\/lospoliticosveracruz.com\/?p=51791\" \/>\n<meta property=\"og:locale\" content=\"es_ES\" \/>\n<meta property=\"og:type\" content=\"article\" \/>\n<meta property=\"og:title\" content=\"EZLN, \u00a1a Veracruz! - Los pol\u00edticos Veracruz\" \/>\n<meta property=\"og:description\" content=\"Ricardo Ch\u00faa Sale y Vale OJO&#8230; Un aviso para Manuel Huerta y Cuitl\u00e1huac&#8230; Con eso que el CISEN no funciona y las fuerzas de inteligencia de Veracruz est\u00e1n dedicadas a promocionar campa\u00f1as pol\u00edticas de MORENA en el puerto de Veracruz y DIF estatal&#8230; Unas Fuentes bien informadas indican que entre las protestas que tienen pesando [&hellip;]\" \/>\n<meta property=\"og:url\" content=\"https:\/\/lospoliticosveracruz.com\/?p=51791\" \/>\n<meta property=\"og:site_name\" content=\"Los pol\u00edticos Veracruz\" \/>\n<meta property=\"article:publisher\" content=\"https:\/\/www.facebook.com\/people\/Notimemes-de-los-Polticos\/61565672886568\/\" \/>\n<meta property=\"article:published_time\" content=\"2020-01-06T15:24:53+00:00\" \/>\n<meta property=\"og:image\" content=\"https:\/\/lospoliticosveracruz.com\/wp-content\/uploads\/2019\/01\/thumbnail_marcos_y_amlo.jpg\" \/>\n\t<meta property=\"og:image:width\" content=\"850\" \/>\n\t<meta property=\"og:image:height\" content=\"473\" \/>\n\t<meta property=\"og:image:type\" content=\"image\/jpeg\" \/>\n<meta name=\"author\" content=\"Lo viste en Los Pol\u00edticos\" \/>\n<meta name=\"twitter:card\" content=\"summary_large_image\" \/>\n<meta name=\"twitter:creator\" content=\"@LosPoliticosVer\" \/>\n<meta name=\"twitter:site\" content=\"@LosPoliticosVer\" \/>\n<meta name=\"twitter:label1\" content=\"Escrito por\" \/>\n\t<meta name=\"twitter:data1\" content=\"Lo viste en Los Pol\u00edticos\" \/>\n\t<meta name=\"twitter:label2\" content=\"Tiempo de lectura\" \/>\n\t<meta name=\"twitter:data2\" content=\"5 minutos\" \/>\n<script type=\"application\/ld+json\" class=\"yoast-schema-graph\">{\"@context\":\"https:\\\/\\\/schema.org\",\"@graph\":[{\"@type\":\"Article\",\"@id\":\"https:\\\/\\\/lospoliticosveracruz.com\\\/?p=51791#article\",\"isPartOf\":{\"@id\":\"https:\\\/\\\/lospoliticosveracruz.com\\\/?p=51791\"},\"author\":{\"name\":\"Lo viste en Los Pol\u00edticos\",\"@id\":\"https:\\\/\\\/lospoliticosveracruz.com\\\/#\\\/schema\\\/person\\\/b8702bb0e538456e6efd07080bf2a4a2\"},\"headline\":\"EZLN, \u00a1a Veracruz!\",\"datePublished\":\"2020-01-06T15:24:53+00:00\",\"mainEntityOfPage\":{\"@id\":\"https:\\\/\\\/lospoliticosveracruz.com\\\/?p=51791\"},\"wordCount\":1064,\"commentCount\":0,\"publisher\":{\"@id\":\"https:\\\/\\\/lospoliticosveracruz.com\\\/#organization\"},\"image\":{\"@id\":\"https:\\\/\\\/lospoliticosveracruz.com\\\/?p=51791#primaryimage\"},\"thumbnailUrl\":\"https:\\\/\\\/lospoliticosveracruz.com\\\/wp-content\\\/uploads\\\/2019\\\/01\\\/thumbnail_marcos_y_amlo.jpg\",\"keywords\":[\"Andr\u00e9s Manuel L\u00f3pez Obrador\",\"Carnaval de Veracruz 2020\",\"Cuitl\u00e1huac Garc\u00eda Jim\u00e9nez\",\"DIF estatal\",\"Dos Bocas\",\"EZLN\",\"Huayacocotla\",\"Manuel Huerta Ladr\u00f3n de Guevara\",\"Miguel Angel Yunes Linares\",\"Morena\",\"Oaxaca\",\"Ricardo Ch\u00faa\",\"Roc\u00edo Nahle\",\"Tren Maya\",\"Veracruz\"],\"articleSection\":[\"De Opini\u00f3n\"],\"inLanguage\":\"es\",\"potentialAction\":[{\"@type\":\"CommentAction\",\"name\":\"Comment\",\"target\":[\"https:\\\/\\\/lospoliticosveracruz.com\\\/?p=51791#respond\"]}]},{\"@type\":\"WebPage\",\"@id\":\"https:\\\/\\\/lospoliticosveracruz.com\\\/?p=51791\",\"url\":\"https:\\\/\\\/lospoliticosveracruz.com\\\/?p=51791\",\"name\":\"EZLN, \u00a1a Veracruz! - Los pol\u00edticos Veracruz\",\"isPartOf\":{\"@id\":\"https:\\\/\\\/lospoliticosveracruz.com\\\/#website\"},\"primaryImageOfPage\":{\"@id\":\"https:\\\/\\\/lospoliticosveracruz.com\\\/?p=51791#primaryimage\"},\"image\":{\"@id\":\"https:\\\/\\\/lospoliticosveracruz.com\\\/?p=51791#primaryimage\"},\"thumbnailUrl\":\"https:\\\/\\\/lospoliticosveracruz.com\\\/wp-content\\\/uploads\\\/2019\\\/01\\\/thumbnail_marcos_y_amlo.jpg\",\"datePublished\":\"2020-01-06T15:24:53+00:00\",\"breadcrumb\":{\"@id\":\"https:\\\/\\\/lospoliticosveracruz.com\\\/?p=51791#breadcrumb\"},\"inLanguage\":\"es\",\"potentialAction\":[{\"@type\":\"ReadAction\",\"target\":[\"https:\\\/\\\/lospoliticosveracruz.com\\\/?p=51791\"]}]},{\"@type\":\"ImageObject\",\"inLanguage\":\"es\",\"@id\":\"https:\\\/\\\/lospoliticosveracruz.com\\\/?p=51791#primaryimage\",\"url\":\"https:\\\/\\\/lospoliticosveracruz.com\\\/wp-content\\\/uploads\\\/2019\\\/01\\\/thumbnail_marcos_y_amlo.jpg\",\"contentUrl\":\"https:\\\/\\\/lospoliticosveracruz.com\\\/wp-content\\\/uploads\\\/2019\\\/01\\\/thumbnail_marcos_y_amlo.jpg\",\"width\":850,\"height\":473},{\"@type\":\"BreadcrumbList\",\"@id\":\"https:\\\/\\\/lospoliticosveracruz.com\\\/?p=51791#breadcrumb\",\"itemListElement\":[{\"@type\":\"ListItem\",\"position\":1,\"name\":\"Portada\",\"item\":\"https:\\\/\\\/lospoliticosveracruz.com\\\/\"},{\"@type\":\"ListItem\",\"position\":2,\"name\":\"EZLN, \u00a1a Veracruz!\"}]},{\"@type\":\"WebSite\",\"@id\":\"https:\\\/\\\/lospoliticosveracruz.com\\\/#website\",\"url\":\"https:\\\/\\\/lospoliticosveracruz.com\\\/\",\"name\":\"Los pol\u00edticos Veracruz\",\"description\":\"\",\"publisher\":{\"@id\":\"https:\\\/\\\/lospoliticosveracruz.com\\\/#organization\"},\"potentialAction\":[{\"@type\":\"SearchAction\",\"target\":{\"@type\":\"EntryPoint\",\"urlTemplate\":\"https:\\\/\\\/lospoliticosveracruz.com\\\/?s={search_term_string}\"},\"query-input\":{\"@type\":\"PropertyValueSpecification\",\"valueRequired\":true,\"valueName\":\"search_term_string\"}}],\"inLanguage\":\"es\"},{\"@type\":\"Organization\",\"@id\":\"https:\\\/\\\/lospoliticosveracruz.com\\\/#organization\",\"name\":\"Los pol\u00edticos Veracruz\",\"url\":\"https:\\\/\\\/lospoliticosveracruz.com\\\/\",\"logo\":{\"@type\":\"ImageObject\",\"inLanguage\":\"es\",\"@id\":\"https:\\\/\\\/lospoliticosveracruz.com\\\/#\\\/schema\\\/logo\\\/image\\\/\",\"url\":\"https:\\\/\\\/lospoliticosveracruz.com\\\/wp-content\\\/uploads\\\/2025\\\/12\\\/Logo-Nuevo-LOS-POLITICOS-1.jpg\",\"contentUrl\":\"https:\\\/\\\/lospoliticosveracruz.com\\\/wp-content\\\/uploads\\\/2025\\\/12\\\/Logo-Nuevo-LOS-POLITICOS-1.jpg\",\"width\":260,\"height\":70,\"caption\":\"Los pol\u00edticos Veracruz\"},\"image\":{\"@id\":\"https:\\\/\\\/lospoliticosveracruz.com\\\/#\\\/schema\\\/logo\\\/image\\\/\"},\"sameAs\":[\"https:\\\/\\\/www.facebook.com\\\/people\\\/Notimemes-de-los-Polticos\\\/61565672886568\\\/\",\"https:\\\/\\\/x.com\\\/LosPoliticosVer\"]},{\"@type\":\"Person\",\"@id\":\"https:\\\/\\\/lospoliticosveracruz.com\\\/#\\\/schema\\\/person\\\/b8702bb0e538456e6efd07080bf2a4a2\",\"name\":\"Lo viste en Los Pol\u00edticos\",\"image\":{\"@type\":\"ImageObject\",\"inLanguage\":\"es\",\"@id\":\"https:\\\/\\\/secure.gravatar.com\\\/avatar\\\/3a8de04a2656d44082be478bd6c086daa447c4651605818287b9532d3d0bd435?s=96&d=mm&r=g\",\"url\":\"https:\\\/\\\/secure.gravatar.com\\\/avatar\\\/3a8de04a2656d44082be478bd6c086daa447c4651605818287b9532d3d0bd435?s=96&d=mm&r=g\",\"contentUrl\":\"https:\\\/\\\/secure.gravatar.com\\\/avatar\\\/3a8de04a2656d44082be478bd6c086daa447c4651605818287b9532d3d0bd435?s=96&d=mm&r=g\",\"caption\":\"Lo viste en Los Pol\u00edticos\"},\"url\":\"https:\\\/\\\/lospoliticosveracruz.com\\\/?author=2\"}]}<\/script>\n<!-- \/ Yoast SEO plugin. -->","yoast_head_json":{"title":"EZLN, \u00a1a Veracruz! - Los pol\u00edticos Veracruz","robots":{"index":"index","follow":"follow","max-snippet":"max-snippet:-1","max-image-preview":"max-image-preview:large","max-video-preview":"max-video-preview:-1"},"canonical":"https:\/\/lospoliticosveracruz.com\/?p=51791","og_locale":"es_ES","og_type":"article","og_title":"EZLN, \u00a1a Veracruz! - Los pol\u00edticos Veracruz","og_description":"Ricardo Ch\u00faa Sale y Vale OJO&#8230; Un aviso para Manuel Huerta y Cuitl\u00e1huac&#8230; Con eso que el CISEN no funciona y las fuerzas de inteligencia de Veracruz est\u00e1n dedicadas a promocionar campa\u00f1as pol\u00edticas de MORENA en el puerto de Veracruz y DIF estatal&#8230; Unas Fuentes bien informadas indican que entre las protestas que tienen pesando [&hellip;]","og_url":"https:\/\/lospoliticosveracruz.com\/?p=51791","og_site_name":"Los pol\u00edticos Veracruz","article_publisher":"https:\/\/www.facebook.com\/people\/Notimemes-de-los-Polticos\/61565672886568\/","article_published_time":"2020-01-06T15:24:53+00:00","og_image":[{"width":850,"height":473,"url":"https:\/\/lospoliticosveracruz.com\/wp-content\/uploads\/2019\/01\/thumbnail_marcos_y_amlo.jpg","type":"image\/jpeg"}],"author":"Lo viste en Los Pol\u00edticos","twitter_card":"summary_large_image","twitter_creator":"@LosPoliticosVer","twitter_site":"@LosPoliticosVer","twitter_misc":{"Escrito por":"Lo viste en Los Pol\u00edticos","Tiempo de lectura":"5 minutos"},"schema":{"@context":"https:\/\/schema.org","@graph":[{"@type":"Article","@id":"https:\/\/lospoliticosveracruz.com\/?p=51791#article","isPartOf":{"@id":"https:\/\/lospoliticosveracruz.com\/?p=51791"},"author":{"name":"Lo viste en Los Pol\u00edticos","@id":"https:\/\/lospoliticosveracruz.com\/#\/schema\/person\/b8702bb0e538456e6efd07080bf2a4a2"},"headline":"EZLN, \u00a1a Veracruz!","datePublished":"2020-01-06T15:24:53+00:00","mainEntityOfPage":{"@id":"https:\/\/lospoliticosveracruz.com\/?p=51791"},"wordCount":1064,"commentCount":0,"publisher":{"@id":"https:\/\/lospoliticosveracruz.com\/#organization"},"image":{"@id":"https:\/\/lospoliticosveracruz.com\/?p=51791#primaryimage"},"thumbnailUrl":"https:\/\/lospoliticosveracruz.com\/wp-content\/uploads\/2019\/01\/thumbnail_marcos_y_amlo.jpg","keywords":["Andr\u00e9s Manuel L\u00f3pez Obrador","Carnaval de Veracruz 2020","Cuitl\u00e1huac Garc\u00eda Jim\u00e9nez","DIF estatal","Dos Bocas","EZLN","Huayacocotla","Manuel Huerta Ladr\u00f3n de Guevara","Miguel Angel Yunes Linares","Morena","Oaxaca","Ricardo Ch\u00faa","Roc\u00edo Nahle","Tren Maya","Veracruz"],"articleSection":["De Opini\u00f3n"],"inLanguage":"es","potentialAction":[{"@type":"CommentAction","name":"Comment","target":["https:\/\/lospoliticosveracruz.com\/?p=51791#respond"]}]},{"@type":"WebPage","@id":"https:\/\/lospoliticosveracruz.com\/?p=51791","url":"https:\/\/lospoliticosveracruz.com\/?p=51791","name":"EZLN, \u00a1a Veracruz! - Los pol\u00edticos Veracruz","isPartOf":{"@id":"https:\/\/lospoliticosveracruz.com\/#website"},"primaryImageOfPage":{"@id":"https:\/\/lospoliticosveracruz.com\/?p=51791#primaryimage"},"image":{"@id":"https:\/\/lospoliticosveracruz.com\/?p=51791#primaryimage"},"thumbnailUrl":"https:\/\/lospoliticosveracruz.com\/wp-content\/uploads\/2019\/01\/thumbnail_marcos_y_amlo.jpg","datePublished":"2020-01-06T15:24:53+00:00","breadcrumb":{"@id":"https:\/\/lospoliticosveracruz.com\/?p=51791#breadcrumb"},"inLanguage":"es","potentialAction":[{"@type":"ReadAction","target":["https:\/\/lospoliticosveracruz.com\/?p=51791"]}]},{"@type":"ImageObject","inLanguage":"es","@id":"https:\/\/lospoliticosveracruz.com\/?p=51791#primaryimage","url":"https:\/\/lospoliticosveracruz.com\/wp-content\/uploads\/2019\/01\/thumbnail_marcos_y_amlo.jpg","contentUrl":"https:\/\/lospoliticosveracruz.com\/wp-content\/uploads\/2019\/01\/thumbnail_marcos_y_amlo.jpg","width":850,"height":473},{"@type":"BreadcrumbList","@id":"https:\/\/lospoliticosveracruz.com\/?p=51791#breadcrumb","itemListElement":[{"@type":"ListItem","position":1,"name":"Portada","item":"https:\/\/lospoliticosveracruz.com\/"},{"@type":"ListItem","position":2,"name":"EZLN, \u00a1a Veracruz!"}]},{"@type":"WebSite","@id":"https:\/\/lospoliticosveracruz.com\/#website","url":"https:\/\/lospoliticosveracruz.com\/","name":"Los pol\u00edticos Veracruz","description":"","publisher":{"@id":"https:\/\/lospoliticosveracruz.com\/#organization"},"potentialAction":[{"@type":"SearchAction","target":{"@type":"EntryPoint","urlTemplate":"https:\/\/lospoliticosveracruz.com\/?s={search_term_string}"},"query-input":{"@type":"PropertyValueSpecification","valueRequired":true,"valueName":"search_term_string"}}],"inLanguage":"es"},{"@type":"Organization","@id":"https:\/\/lospoliticosveracruz.com\/#organization","name":"Los pol\u00edticos Veracruz","url":"https:\/\/lospoliticosveracruz.com\/","logo":{"@type":"ImageObject","inLanguage":"es","@id":"https:\/\/lospoliticosveracruz.com\/#\/schema\/logo\/image\/","url":"https:\/\/lospoliticosveracruz.com\/wp-content\/uploads\/2025\/12\/Logo-Nuevo-LOS-POLITICOS-1.jpg","contentUrl":"https:\/\/lospoliticosveracruz.com\/wp-content\/uploads\/2025\/12\/Logo-Nuevo-LOS-POLITICOS-1.jpg","width":260,"height":70,"caption":"Los pol\u00edticos Veracruz"},"image":{"@id":"https:\/\/lospoliticosveracruz.com\/#\/schema\/logo\/image\/"},"sameAs":["https:\/\/www.facebook.com\/people\/Notimemes-de-los-Polticos\/61565672886568\/","https:\/\/x.com\/LosPoliticosVer"]},{"@type":"Person","@id":"https:\/\/lospoliticosveracruz.com\/#\/schema\/person\/b8702bb0e538456e6efd07080bf2a4a2","name":"Lo viste en Los Pol\u00edticos","image":{"@type":"ImageObject","inLanguage":"es","@id":"https:\/\/secure.gravatar.com\/avatar\/3a8de04a2656d44082be478bd6c086daa447c4651605818287b9532d3d0bd435?s=96&d=mm&r=g","url":"https:\/\/secure.gravatar.com\/avatar\/3a8de04a2656d44082be478bd6c086daa447c4651605818287b9532d3d0bd435?s=96&d=mm&r=g","contentUrl":"https:\/\/secure.gravatar.com\/avatar\/3a8de04a2656d44082be478bd6c086daa447c4651605818287b9532d3d0bd435?s=96&d=mm&r=g","caption":"Lo viste en Los Pol\u00edticos"},"url":"https:\/\/lospoliticosveracruz.com\/?author=2"}]}},"_links":{"self":[{"href":"https:\/\/lospoliticosveracruz.com\/index.php?rest_route=\/wp\/v2\/posts\/51791","targetHints":{"allow":["GET"]}}],"collection":[{"href":"https:\/\/lospoliticosveracruz.com\/index.php?rest_route=\/wp\/v2\/posts"}],"about":[{"href":"https:\/\/lospoliticosveracruz.com\/index.php?rest_route=\/wp\/v2\/types\/post"}],"author":[{"embeddable":true,"href":"https:\/\/lospoliticosveracruz.com\/index.php?rest_route=\/wp\/v2\/users\/2"}],"replies":[{"embeddable":true,"href":"https:\/\/lospoliticosveracruz.com\/index.php?rest_route=%2Fwp%2Fv2%2Fcomments&post=51791"}],"version-history":[{"count":1,"href":"https:\/\/lospoliticosveracruz.com\/index.php?rest_route=\/wp\/v2\/posts\/51791\/revisions"}],"predecessor-version":[{"id":51792,"href":"https:\/\/lospoliticosveracruz.com\/index.php?rest_route=\/wp\/v2\/posts\/51791\/revisions\/51792"}],"wp:featuredmedia":[{"embeddable":true,"href":"https:\/\/lospoliticosveracruz.com\/index.php?rest_route=\/wp\/v2\/media\/46284"}],"wp:attachment":[{"href":"https:\/\/lospoliticosveracruz.com\/index.php?rest_route=%2Fwp%2Fv2%2Fmedia&parent=51791"}],"wp:term":[{"taxonomy":"category","embeddable":true,"href":"https:\/\/lospoliticosveracruz.com\/index.php?rest_route=%2Fwp%2Fv2%2Fcategories&post=51791"},{"taxonomy":"post_tag","embeddable":true,"href":"https:\/\/lospoliticosveracruz.com\/index.php?rest_route=%2Fwp%2Fv2%2Ftags&post=51791"}],"curies":[{"name":"wp","href":"https:\/\/api.w.org\/{rel}","templated":true}]}}