{"id":51819,"date":"2020-01-07T09:18:10","date_gmt":"2020-01-07T15:18:10","guid":{"rendered":"http:\/\/www.lospoliticosveracruz.com.mx\/?p=51819"},"modified":"2020-01-07T09:25:18","modified_gmt":"2020-01-07T15:25:18","slug":"chiquinando-la-cnc-y-el-compayito","status":"publish","type":"post","link":"https:\/\/lospoliticosveracruz.com\/?p=51819","title":{"rendered":"Chiquinando, la CNC y El Compayito"},"content":{"rendered":"<p><strong>Ricardo Ch\u00faa<\/strong><\/p>\n<p><em>Sale y Vale<\/em><\/p>\n<p>CNC, EL EVENTO&#8230; A pesar de los \u00abcalambres\u00bb dados por el gobierno de la 4T MORENA al sector campesino del pa\u00eds&#8230;. Al dejarlos sin apoyos y casi desaparecer a sus organizaciones gremiales&#8230; La CNC llev\u00f3 a cabo su evento agrarista como todos los a\u00f1os el 6 de enero&#8230; Ahora no fue ostentoso como en otra \u00e9poca&#8230; Fue m\u00e1s que austero, quiz\u00e1s, simb\u00f3lico&#8230;. Donde el que se llev\u00f3 la celebraci\u00f3n no fue un priista o un dirigente campesino sino un panista&#8230; El alcalde de Veracruz, Fernando Yunes&#8230; As\u00ed como lo leen&#8230;.<\/p>\n<p>El discurso m\u00e1s fuerte y directo sobre lo que sucede en la actualidad del campo mexicano&#8230; Lo se\u00f1al\u00f3 el alcalde porte\u00f1o azul&#8230; Ante la mirada at\u00f3nita de los invitados, se fue duro y a la cabeza contra las medidas del gobierno contra de este sector&#8230; Parec\u00eda m\u00e1s un l\u00edder cenecista que en alcalde panista&#8230; Vamos, hasta fue el primero en recordar p\u00fablicamente al \u00abCompayito\u00bb Juan Carlos Molina Palacios, que hasta se llev\u00f3 los aplausos de los asistentes&#8230;Eso fue lo m\u00e1s trascendente&#8230; Lo dem\u00e1s ni fu&#8230;. Ni fa&#8230;<\/p>\n<p>Ya que cuando todo mundo pensaba que Ismael Hern\u00e1ndez Deras, en su car\u00e1cter de l\u00edder nacional y diputado federal&#8230; Que su postura y reclamo del campo y el crimen de Molina Palacio, su l\u00edder de CNC en Veracruz&#8230; Fue m\u00e1s que plano, muy plano&#8230; Ni fu, ni fa&#8230; No encendi\u00f3 en su discurso&#8230; Le falto \u00absal y pimienta\u00bb&#8230; Al final de cuentas,.pareciera que la CNC es una organizaci\u00f3n con pol\u00edticos desanimados&#8230; Y, pol\u00edticos desanimados&#8230; Son pol\u00edticos derrotados&#8230; TAN Y TAN&#8230;. Se la deben al menor del Clan Yunes azules&#8230;<\/p>\n<p>MORENA, \u00bfLA CAIDA?&#8230; Este fin de semana&#8230; Mientras Cuitl\u00e1huac Garc\u00eda andaba organizando su \u00abD\u00eda de Reyes\u00bb a Andr\u00e9s Manuel L\u00f3pez Obrador en Huayacocotla&#8230;. En la capital del Estado, Xalapa, un grupo de ex pol\u00edticos panistas y de otros partidos se reunieron en casa de un ex diputado federal azul, que vive all\u00e1 por la zona del Teatro del Estado&#8230; Ya entrado en copas y despu\u00e9s de comer finos cortes&#8230; Empezaron hablar de todo, menos de sus familias, se centraron en el tema MORENA en Veracruz&#8230;<\/p>\n<p>Y ah\u00ed ya bien \u00abPersas\u00bb (D\u00f3nde no cab\u00edan las mentiras porque todos estaban -flojitos- y cooperando) llegaron a conclusiones que de acuerdos a informes obtenidos en sus distritos y por los movimientos pol\u00edticos que hay en Veracruz y su gobierno estatal&#8230; Los ah\u00ed reunidos coincidieron en se\u00f1alar que si bien es cierto hay posibilidad de que todo cambie&#8230; Es probable que el gobernador, Cuitl\u00e1huac Garc\u00eda s\u00f3lo se quede hasta diciembre&#8230; Despu\u00e9s de ah\u00ed si deje el gobierno&#8230; No antes como muchos supon\u00edan&#8230;<\/p>\n<p>Uno de los ex legisladores en la reuni\u00f3n, se levant\u00f3 de su silla y con el vaso en mano, antes de encaminarse al ba\u00f1o, dijo as\u00ed en abierto: \u00abEs m\u00e1s que obvio que se va ir, que no ven las se\u00f1ales, algunos militamos antes en el PRI y sabemos leer entre l\u00edneas&#8230; La parte clave de que se va, es por la manera, que est\u00e1n actuando sus allegados en el gobierno&#8230; Vean a su primo, el canijo de Eleazar&#8230; Est\u00e1n -arrollando- con todas las \u00e1reas administrativas, no est\u00e1n dejando nada, las est\u00e1n -desplumando- como si supieran que el tiempo lo tienen contado\u00bb&#8230;<\/p>\n<p>Y todav\u00eda les advirti\u00f3: \u00abVean, ese es el factor clave, por c\u00f3mo est\u00e1 jugando Eleazar, le apostaron solo por dos a\u00f1os&#8230; Sino con todo y lo que digan que inexpertos se hubieran comportado de manera m\u00e1s mesurada, pero no,. saben que se van\u00bb&#8230; Pero aun as\u00ed el ex diputado al salir del tocados&#8230; Les hizo hincapi\u00e9 que por eso la \u00fanica forma de darle -batalla- a MORENA tiene que ser en alianza en el 2021&#8230;. Es la forma de vencerlos por los menos al d\u00eda de hoy&#8230;. Si no&#8230; MORENA se puede volver a \u00abcomer todo\u00bb&#8230;<\/p>\n<p>De los temas que se tocaron en esa reuni\u00f3n xalape\u00f1a fue que coincidieron en se\u00f1alar que, al menos, como se ve el pa\u00eds&#8230; MORENA le va a ser muy dif\u00edcil que tengan mayor\u00eda en el Congreso Federal, y que los dem\u00e1s partidos peque\u00f1os, a los cuales llamaban \u00abla pedaceria\u00bb s\u00f3lo ir\u00e1 por su 3 por ciento&#8230;Y con eso, al menos, los Morenos como partido no alcanza la mayor\u00eda legislativa en el 2021&#8230;. As\u00ed se piensa que se pueda dar el escenario&#8230;<\/p>\n<p>Por eso los otros partidos buscaran ir s\u00f3lo para fortalecerse aunque s\u00f3lo alcancen el 3 por ciento&#8230; A eso va Movimiento Ciudadano, el PES, Redes Sociales Progresistas, pero que tambien corren el riesgo que no les de para el registro a estos \u00faltimos previ\u00e9ndose que esos 6 puntos no los alcanzar\u00e1n y por eso en MORENA optan por sacrificar a sus aliados&#8230; Y los Morenos har\u00edan alianza s\u00f3lo con el PVEM, qui\u00e9n corre el riesgo de perder el registro, como el PES&#8230; As\u00ed de canija la situaci\u00f3n..<\/p>\n<p>Y m\u00e1s cuando algunos de estos partidos le votaron la reforma electoral en contra a MORENA&#8230; Pero al organismo de AMLO parece no importarle&#8230; Al tocar el tema Veracruz&#8230; Los presentes coincidieron en se\u00f1alar que es muy probable en esta elecci\u00f3n del 2021&#8230;. Los Morenos puede que su escenario del pr\u00f3ximo a\u00f1o sea el mismo de lo que obtuvieron en el 2015&#8230; Donde s\u00f3lo ganaron 3 diputaciones federales de las 19 distritos que tiene la entidad&#8230;<\/p>\n<p>Mientras que en el Congreso del Estado se esperan que tengan los mismos diputados que se tuvieron en 2016&#8230; Donde s\u00f3lo ten\u00edan una bancada de no m\u00e1s de 10 legisladores locales&#8230; Ya que tambi\u00e9n es probable que la votaci\u00f3n baje&#8230;. Ya que les est\u00e1 pasando a MORENA un \u00abfen\u00f3meno muy raro\u00bb&#8230; A pesar de que L\u00f3pez Obrador los apuntale en el tema financiero&#8230; Todav\u00eda tiene la intenci\u00f3n de -apretar- a la clase media, v\u00eda los bancos y los impuestos, ellos en lugar de abstenerse, van a salir a votar en contra&#8230; La clase media le dio el triunfo&#8230; La clase media los derrotar\u00e1&#8230; .Lo dem\u00e1s fue el fest\u00edn de carnes y alcohol en abundancia que ten\u00edan los ex diputados&#8230; Pero eso es otra historia&#8230; AMEN&#8230;<\/p>\n","protected":false},"excerpt":{"rendered":"<p>Ricardo Ch\u00faa Sale y Vale CNC, EL EVENTO&#8230; A pesar de los \u00abcalambres\u00bb dados por el gobierno de la 4T MORENA al sector campesino del pa\u00eds&#8230;. Al dejarlos sin apoyos y casi desaparecer a sus organizaciones gremiales&#8230; La CNC llev\u00f3 a cabo su evento agrarista como todos los a\u00f1os el 6 de enero&#8230; Ahora no [&hellip;]<\/p>\n","protected":false},"author":2,"featured_media":0,"comment_status":"open","ping_status":"open","sticky":false,"template":"","format":"standard","meta":{"tdm_status":"","tdm_grid_status":"","footnotes":""},"categories":[70],"tags":[618,3118,1681,4466,535,4199,10349,3256,1026,2327,437,14281,195,96],"class_list":{"0":"post-51819","1":"post","2":"type-post","3":"status-publish","4":"format-standard","6":"category-de-opinion","7":"tag-andres-manuel-lopez-obrador","8":"tag-cnc","9":"tag-cuitlahuac-garcia","10":"tag-dia-de-reyes","11":"tag-fernando-yunes","12":"tag-huayacocotla","13":"tag-ismael-hernandez-deras","14":"tag-juan-carlos-molina-palacios","15":"tag-morena","16":"tag-movimiento-ciudadano","17":"tag-pes","18":"tag-redes-sociales-progresistas","19":"tag-veracruz","20":"tag-xalapa"},"yoast_head":"<!-- This site is optimized with the Yoast SEO plugin v27.4 - https:\/\/yoast.com\/product\/yoast-seo-wordpress\/ -->\n<title>Chiquinando, la CNC y El Compayito - Los pol\u00edticos Veracruz<\/title>\n<meta name=\"robots\" content=\"index, follow, max-snippet:-1, max-image-preview:large, max-video-preview:-1\" \/>\n<link rel=\"canonical\" href=\"https:\/\/lospoliticosveracruz.com\/?p=51819\" \/>\n<meta property=\"og:locale\" content=\"es_ES\" \/>\n<meta property=\"og:type\" content=\"article\" \/>\n<meta property=\"og:title\" content=\"Chiquinando, la CNC y El Compayito - Los pol\u00edticos Veracruz\" \/>\n<meta property=\"og:description\" content=\"Ricardo Ch\u00faa Sale y Vale CNC, EL EVENTO&#8230; A pesar de los \u00abcalambres\u00bb dados por el gobierno de la 4T MORENA al sector campesino del pa\u00eds&#8230;. Al dejarlos sin apoyos y casi desaparecer a sus organizaciones gremiales&#8230; La CNC llev\u00f3 a cabo su evento agrarista como todos los a\u00f1os el 6 de enero&#8230; Ahora no [&hellip;]\" \/>\n<meta property=\"og:url\" content=\"https:\/\/lospoliticosveracruz.com\/?p=51819\" \/>\n<meta property=\"og:site_name\" content=\"Los pol\u00edticos Veracruz\" \/>\n<meta property=\"article:publisher\" content=\"https:\/\/www.facebook.com\/people\/Notimemes-de-los-Polticos\/61565672886568\/\" \/>\n<meta property=\"article:published_time\" content=\"2020-01-07T15:18:10+00:00\" \/>\n<meta property=\"article:modified_time\" content=\"2020-01-07T15:25:18+00:00\" \/>\n<meta property=\"og:image\" content=\"https:\/\/lospoliticosveracruz.com\/wp-content\/uploads\/2016\/07\/Logo-Dor.jpg\" \/>\n\t<meta property=\"og:image:width\" content=\"200\" \/>\n\t<meta property=\"og:image:height\" content=\"200\" \/>\n\t<meta property=\"og:image:type\" content=\"image\/jpeg\" \/>\n<meta name=\"author\" content=\"Lo viste en Los Pol\u00edticos\" \/>\n<meta name=\"twitter:card\" content=\"summary_large_image\" \/>\n<meta name=\"twitter:creator\" content=\"@LosPoliticosVer\" \/>\n<meta name=\"twitter:site\" content=\"@LosPoliticosVer\" \/>\n<meta name=\"twitter:label1\" content=\"Escrito por\" \/>\n\t<meta name=\"twitter:data1\" content=\"Lo viste en Los Pol\u00edticos\" \/>\n\t<meta name=\"twitter:label2\" content=\"Tiempo de lectura\" \/>\n\t<meta name=\"twitter:data2\" content=\"5 minutos\" \/>\n<script type=\"application\/ld+json\" class=\"yoast-schema-graph\">{\"@context\":\"https:\\\/\\\/schema.org\",\"@graph\":[{\"@type\":\"Article\",\"@id\":\"https:\\\/\\\/lospoliticosveracruz.com\\\/?p=51819#article\",\"isPartOf\":{\"@id\":\"https:\\\/\\\/lospoliticosveracruz.com\\\/?p=51819\"},\"author\":{\"name\":\"Lo viste en Los Pol\u00edticos\",\"@id\":\"https:\\\/\\\/lospoliticosveracruz.com\\\/#\\\/schema\\\/person\\\/b8702bb0e538456e6efd07080bf2a4a2\"},\"headline\":\"Chiquinando, la CNC y El Compayito\",\"datePublished\":\"2020-01-07T15:18:10+00:00\",\"dateModified\":\"2020-01-07T15:25:18+00:00\",\"mainEntityOfPage\":{\"@id\":\"https:\\\/\\\/lospoliticosveracruz.com\\\/?p=51819\"},\"wordCount\":1095,\"commentCount\":0,\"publisher\":{\"@id\":\"https:\\\/\\\/lospoliticosveracruz.com\\\/#organization\"},\"keywords\":[\"Andr\u00e9s Manuel L\u00f3pez Obrador\",\"CNC\",\"Cuitl\u00e1huac Garc\u00eda\",\"D\u00eda de Reyes\",\"Fernando Yunes\",\"Huayacocotla\",\"Ismael Hern\u00e1ndez Deras\",\"Juan Carlos Molina Palacios\",\"Morena\",\"Movimiento Ciudadano\",\"PES\",\"Redes Sociales Progresistas\",\"Veracruz\",\"Xalapa\"],\"articleSection\":[\"De Opini\u00f3n\"],\"inLanguage\":\"es\",\"potentialAction\":[{\"@type\":\"CommentAction\",\"name\":\"Comment\",\"target\":[\"https:\\\/\\\/lospoliticosveracruz.com\\\/?p=51819#respond\"]}]},{\"@type\":\"WebPage\",\"@id\":\"https:\\\/\\\/lospoliticosveracruz.com\\\/?p=51819\",\"url\":\"https:\\\/\\\/lospoliticosveracruz.com\\\/?p=51819\",\"name\":\"Chiquinando, la CNC y El Compayito - Los pol\u00edticos Veracruz\",\"isPartOf\":{\"@id\":\"https:\\\/\\\/lospoliticosveracruz.com\\\/#website\"},\"datePublished\":\"2020-01-07T15:18:10+00:00\",\"dateModified\":\"2020-01-07T15:25:18+00:00\",\"breadcrumb\":{\"@id\":\"https:\\\/\\\/lospoliticosveracruz.com\\\/?p=51819#breadcrumb\"},\"inLanguage\":\"es\",\"potentialAction\":[{\"@type\":\"ReadAction\",\"target\":[\"https:\\\/\\\/lospoliticosveracruz.com\\\/?p=51819\"]}]},{\"@type\":\"BreadcrumbList\",\"@id\":\"https:\\\/\\\/lospoliticosveracruz.com\\\/?p=51819#breadcrumb\",\"itemListElement\":[{\"@type\":\"ListItem\",\"position\":1,\"name\":\"Portada\",\"item\":\"https:\\\/\\\/lospoliticosveracruz.com\\\/\"},{\"@type\":\"ListItem\",\"position\":2,\"name\":\"Chiquinando, la CNC y El Compayito\"}]},{\"@type\":\"WebSite\",\"@id\":\"https:\\\/\\\/lospoliticosveracruz.com\\\/#website\",\"url\":\"https:\\\/\\\/lospoliticosveracruz.com\\\/\",\"name\":\"Los pol\u00edticos Veracruz\",\"description\":\"\",\"publisher\":{\"@id\":\"https:\\\/\\\/lospoliticosveracruz.com\\\/#organization\"},\"potentialAction\":[{\"@type\":\"SearchAction\",\"target\":{\"@type\":\"EntryPoint\",\"urlTemplate\":\"https:\\\/\\\/lospoliticosveracruz.com\\\/?s={search_term_string}\"},\"query-input\":{\"@type\":\"PropertyValueSpecification\",\"valueRequired\":true,\"valueName\":\"search_term_string\"}}],\"inLanguage\":\"es\"},{\"@type\":\"Organization\",\"@id\":\"https:\\\/\\\/lospoliticosveracruz.com\\\/#organization\",\"name\":\"Los pol\u00edticos Veracruz\",\"url\":\"https:\\\/\\\/lospoliticosveracruz.com\\\/\",\"logo\":{\"@type\":\"ImageObject\",\"inLanguage\":\"es\",\"@id\":\"https:\\\/\\\/lospoliticosveracruz.com\\\/#\\\/schema\\\/logo\\\/image\\\/\",\"url\":\"https:\\\/\\\/lospoliticosveracruz.com\\\/wp-content\\\/uploads\\\/2025\\\/12\\\/Logo-Nuevo-LOS-POLITICOS-1.jpg\",\"contentUrl\":\"https:\\\/\\\/lospoliticosveracruz.com\\\/wp-content\\\/uploads\\\/2025\\\/12\\\/Logo-Nuevo-LOS-POLITICOS-1.jpg\",\"width\":260,\"height\":70,\"caption\":\"Los pol\u00edticos Veracruz\"},\"image\":{\"@id\":\"https:\\\/\\\/lospoliticosveracruz.com\\\/#\\\/schema\\\/logo\\\/image\\\/\"},\"sameAs\":[\"https:\\\/\\\/www.facebook.com\\\/people\\\/Notimemes-de-los-Polticos\\\/61565672886568\\\/\",\"https:\\\/\\\/x.com\\\/LosPoliticosVer\"]},{\"@type\":\"Person\",\"@id\":\"https:\\\/\\\/lospoliticosveracruz.com\\\/#\\\/schema\\\/person\\\/b8702bb0e538456e6efd07080bf2a4a2\",\"name\":\"Lo viste en Los Pol\u00edticos\",\"image\":{\"@type\":\"ImageObject\",\"inLanguage\":\"es\",\"@id\":\"https:\\\/\\\/secure.gravatar.com\\\/avatar\\\/3a8de04a2656d44082be478bd6c086daa447c4651605818287b9532d3d0bd435?s=96&d=mm&r=g\",\"url\":\"https:\\\/\\\/secure.gravatar.com\\\/avatar\\\/3a8de04a2656d44082be478bd6c086daa447c4651605818287b9532d3d0bd435?s=96&d=mm&r=g\",\"contentUrl\":\"https:\\\/\\\/secure.gravatar.com\\\/avatar\\\/3a8de04a2656d44082be478bd6c086daa447c4651605818287b9532d3d0bd435?s=96&d=mm&r=g\",\"caption\":\"Lo viste en Los Pol\u00edticos\"},\"url\":\"https:\\\/\\\/lospoliticosveracruz.com\\\/?author=2\"}]}<\/script>\n<!-- \/ Yoast SEO plugin. -->","yoast_head_json":{"title":"Chiquinando, la CNC y El Compayito - Los pol\u00edticos Veracruz","robots":{"index":"index","follow":"follow","max-snippet":"max-snippet:-1","max-image-preview":"max-image-preview:large","max-video-preview":"max-video-preview:-1"},"canonical":"https:\/\/lospoliticosveracruz.com\/?p=51819","og_locale":"es_ES","og_type":"article","og_title":"Chiquinando, la CNC y El Compayito - Los pol\u00edticos Veracruz","og_description":"Ricardo Ch\u00faa Sale y Vale CNC, EL EVENTO&#8230; A pesar de los \u00abcalambres\u00bb dados por el gobierno de la 4T MORENA al sector campesino del pa\u00eds&#8230;. Al dejarlos sin apoyos y casi desaparecer a sus organizaciones gremiales&#8230; La CNC llev\u00f3 a cabo su evento agrarista como todos los a\u00f1os el 6 de enero&#8230; Ahora no [&hellip;]","og_url":"https:\/\/lospoliticosveracruz.com\/?p=51819","og_site_name":"Los pol\u00edticos Veracruz","article_publisher":"https:\/\/www.facebook.com\/people\/Notimemes-de-los-Polticos\/61565672886568\/","article_published_time":"2020-01-07T15:18:10+00:00","article_modified_time":"2020-01-07T15:25:18+00:00","og_image":[{"width":200,"height":200,"url":"https:\/\/lospoliticosveracruz.com\/wp-content\/uploads\/2016\/07\/Logo-Dor.jpg","type":"image\/jpeg"}],"author":"Lo viste en Los Pol\u00edticos","twitter_card":"summary_large_image","twitter_creator":"@LosPoliticosVer","twitter_site":"@LosPoliticosVer","twitter_misc":{"Escrito por":"Lo viste en Los Pol\u00edticos","Tiempo de lectura":"5 minutos"},"schema":{"@context":"https:\/\/schema.org","@graph":[{"@type":"Article","@id":"https:\/\/lospoliticosveracruz.com\/?p=51819#article","isPartOf":{"@id":"https:\/\/lospoliticosveracruz.com\/?p=51819"},"author":{"name":"Lo viste en Los Pol\u00edticos","@id":"https:\/\/lospoliticosveracruz.com\/#\/schema\/person\/b8702bb0e538456e6efd07080bf2a4a2"},"headline":"Chiquinando, la CNC y El Compayito","datePublished":"2020-01-07T15:18:10+00:00","dateModified":"2020-01-07T15:25:18+00:00","mainEntityOfPage":{"@id":"https:\/\/lospoliticosveracruz.com\/?p=51819"},"wordCount":1095,"commentCount":0,"publisher":{"@id":"https:\/\/lospoliticosveracruz.com\/#organization"},"keywords":["Andr\u00e9s Manuel L\u00f3pez Obrador","CNC","Cuitl\u00e1huac Garc\u00eda","D\u00eda de Reyes","Fernando Yunes","Huayacocotla","Ismael Hern\u00e1ndez Deras","Juan Carlos Molina Palacios","Morena","Movimiento Ciudadano","PES","Redes Sociales Progresistas","Veracruz","Xalapa"],"articleSection":["De Opini\u00f3n"],"inLanguage":"es","potentialAction":[{"@type":"CommentAction","name":"Comment","target":["https:\/\/lospoliticosveracruz.com\/?p=51819#respond"]}]},{"@type":"WebPage","@id":"https:\/\/lospoliticosveracruz.com\/?p=51819","url":"https:\/\/lospoliticosveracruz.com\/?p=51819","name":"Chiquinando, la CNC y El Compayito - Los pol\u00edticos Veracruz","isPartOf":{"@id":"https:\/\/lospoliticosveracruz.com\/#website"},"datePublished":"2020-01-07T15:18:10+00:00","dateModified":"2020-01-07T15:25:18+00:00","breadcrumb":{"@id":"https:\/\/lospoliticosveracruz.com\/?p=51819#breadcrumb"},"inLanguage":"es","potentialAction":[{"@type":"ReadAction","target":["https:\/\/lospoliticosveracruz.com\/?p=51819"]}]},{"@type":"BreadcrumbList","@id":"https:\/\/lospoliticosveracruz.com\/?p=51819#breadcrumb","itemListElement":[{"@type":"ListItem","position":1,"name":"Portada","item":"https:\/\/lospoliticosveracruz.com\/"},{"@type":"ListItem","position":2,"name":"Chiquinando, la CNC y El Compayito"}]},{"@type":"WebSite","@id":"https:\/\/lospoliticosveracruz.com\/#website","url":"https:\/\/lospoliticosveracruz.com\/","name":"Los pol\u00edticos Veracruz","description":"","publisher":{"@id":"https:\/\/lospoliticosveracruz.com\/#organization"},"potentialAction":[{"@type":"SearchAction","target":{"@type":"EntryPoint","urlTemplate":"https:\/\/lospoliticosveracruz.com\/?s={search_term_string}"},"query-input":{"@type":"PropertyValueSpecification","valueRequired":true,"valueName":"search_term_string"}}],"inLanguage":"es"},{"@type":"Organization","@id":"https:\/\/lospoliticosveracruz.com\/#organization","name":"Los pol\u00edticos Veracruz","url":"https:\/\/lospoliticosveracruz.com\/","logo":{"@type":"ImageObject","inLanguage":"es","@id":"https:\/\/lospoliticosveracruz.com\/#\/schema\/logo\/image\/","url":"https:\/\/lospoliticosveracruz.com\/wp-content\/uploads\/2025\/12\/Logo-Nuevo-LOS-POLITICOS-1.jpg","contentUrl":"https:\/\/lospoliticosveracruz.com\/wp-content\/uploads\/2025\/12\/Logo-Nuevo-LOS-POLITICOS-1.jpg","width":260,"height":70,"caption":"Los pol\u00edticos Veracruz"},"image":{"@id":"https:\/\/lospoliticosveracruz.com\/#\/schema\/logo\/image\/"},"sameAs":["https:\/\/www.facebook.com\/people\/Notimemes-de-los-Polticos\/61565672886568\/","https:\/\/x.com\/LosPoliticosVer"]},{"@type":"Person","@id":"https:\/\/lospoliticosveracruz.com\/#\/schema\/person\/b8702bb0e538456e6efd07080bf2a4a2","name":"Lo viste en Los Pol\u00edticos","image":{"@type":"ImageObject","inLanguage":"es","@id":"https:\/\/secure.gravatar.com\/avatar\/3a8de04a2656d44082be478bd6c086daa447c4651605818287b9532d3d0bd435?s=96&d=mm&r=g","url":"https:\/\/secure.gravatar.com\/avatar\/3a8de04a2656d44082be478bd6c086daa447c4651605818287b9532d3d0bd435?s=96&d=mm&r=g","contentUrl":"https:\/\/secure.gravatar.com\/avatar\/3a8de04a2656d44082be478bd6c086daa447c4651605818287b9532d3d0bd435?s=96&d=mm&r=g","caption":"Lo viste en Los Pol\u00edticos"},"url":"https:\/\/lospoliticosveracruz.com\/?author=2"}]}},"_links":{"self":[{"href":"https:\/\/lospoliticosveracruz.com\/index.php?rest_route=\/wp\/v2\/posts\/51819","targetHints":{"allow":["GET"]}}],"collection":[{"href":"https:\/\/lospoliticosveracruz.com\/index.php?rest_route=\/wp\/v2\/posts"}],"about":[{"href":"https:\/\/lospoliticosveracruz.com\/index.php?rest_route=\/wp\/v2\/types\/post"}],"author":[{"embeddable":true,"href":"https:\/\/lospoliticosveracruz.com\/index.php?rest_route=\/wp\/v2\/users\/2"}],"replies":[{"embeddable":true,"href":"https:\/\/lospoliticosveracruz.com\/index.php?rest_route=%2Fwp%2Fv2%2Fcomments&post=51819"}],"version-history":[{"count":1,"href":"https:\/\/lospoliticosveracruz.com\/index.php?rest_route=\/wp\/v2\/posts\/51819\/revisions"}],"predecessor-version":[{"id":51821,"href":"https:\/\/lospoliticosveracruz.com\/index.php?rest_route=\/wp\/v2\/posts\/51819\/revisions\/51821"}],"wp:attachment":[{"href":"https:\/\/lospoliticosveracruz.com\/index.php?rest_route=%2Fwp%2Fv2%2Fmedia&parent=51819"}],"wp:term":[{"taxonomy":"category","embeddable":true,"href":"https:\/\/lospoliticosveracruz.com\/index.php?rest_route=%2Fwp%2Fv2%2Fcategories&post=51819"},{"taxonomy":"post_tag","embeddable":true,"href":"https:\/\/lospoliticosveracruz.com\/index.php?rest_route=%2Fwp%2Fv2%2Ftags&post=51819"}],"curies":[{"name":"wp","href":"https:\/\/api.w.org\/{rel}","templated":true}]}}