{"id":51829,"date":"2020-01-07T23:04:38","date_gmt":"2020-01-08T05:04:38","guid":{"rendered":"http:\/\/www.lospoliticosveracruz.com.mx\/?p=51829"},"modified":"2020-01-07T17:07:22","modified_gmt":"2020-01-07T23:07:22","slug":"manifestaciones-y-ramos-alor","status":"publish","type":"post","link":"https:\/\/lospoliticosveracruz.com\/?p=51829","title":{"rendered":"Manifestaciones y Ramos Alor"},"content":{"rendered":"<p><strong>Salvador Mu\u00f1oz<\/strong><\/p>\n<p><em>Los Pol\u00edticos<\/em><\/p>\n<p><span style=\"font-weight: 400;\">Llega al Centro Estatal de Cancerolog\u00eda (Cecan), el secretario de Salud en Veracruz, Roberto Ramos Alor, con juguetes cual si fuera Santa Claus, por lo gordito, aunque era D\u00eda de Reyes y si hab\u00eda que compararlo, tendr\u00eda que haber sido el elefante\u2026 pero bueno, en cuanto lo vio el director del Cecan, le dijo todo angustiado:<\/span><\/p>\n<p><span style=\"font-weight: 400;\">\u2014Se\u00f1or Secretario&#8230; \u00a1los ni\u00f1os tienen seis meses que no toman sus medicamentos!<\/span><\/p>\n<p><span style=\"font-weight: 400;\">\u2014\u00a1D\u00edgales que entonces no hay juguetes!<\/span><\/p>\n<p><span style=\"font-weight: 400;\">Cuando le planteo a la Mujer que ser\u00e1 mi entrada este chiste para mi columna, me dice que es cruel.<\/span><\/p>\n<p><span style=\"font-weight: 400;\">Me acuerdo de Carlos Ballarta, comediante que es advertido en el centro nocturno donde trabaja, que no cuente chistes sobre S\u00edndrome de Down porque entre el p\u00fablico est\u00e1 una ni\u00f1a con esas caracter\u00edsticas. El \u201cestandopero\u201d se compromete a no hacerlo, pero ya en el escenario, no resiste la tentaci\u00f3n \u00a1y lo cuenta! \u00a1Todo mundo se indigna ante el chiste! \u00a1Los padres de la ni\u00f1a! \u00a1Los que est\u00e1n en su entorno! \u00a1El due\u00f1o del Centro Nocturno! \u00a1Todo mundo se indigna por el chiste sobre S\u00edndrome de Down! pero remata Ballarta que nadie se indigna porque hay una menor de edad en un Centro Nocturno.<\/span><\/p>\n<p><span style=\"font-weight: 400;\">\u00bfSe asemeja la an\u00e9cdota de Ballarta con mi chiste? S\u00ed, puede parecer cruel, pero creo que un secretario de Salud que prometi\u00f3 a padres y madres de ni\u00f1os con c\u00e1ncer, a familiares de personas enfermas de c\u00e1ncer, all\u00e1 por marzo del a\u00f1o pasado, que no habr\u00eda desabasto de medicinas para atender los problemas oncol\u00f3gicos de estos pacientes, es m\u00e1s cruel y ofensivo que no tenga por principio, palabra; y por consecuencia, hasta valor para dar la cara a los manifestantes que se plantaron no s\u00f3lo en el Cecan, sino que tuvieron que trasladarse a la arteria principal de la capital veracruzana para bloquear la calle de Enr\u00edquez para entonces, ahora s\u00ed, ser atendidos por todo mundo\u2026 menos por Ramos Alor.<\/span><\/p>\n<p><span style=\"font-weight: 400;\">Es cierto\u2026 el desabasto de medicamentos para tratamiento oncol\u00f3gico, no es nuevo, ni tampoco de \u00edndole local\u2026 es a nivel nacional. De acuerdo al mismo presidente L\u00f3pez Obrador a finales de agosto del a\u00f1o pasado, la falta de medicinas era un tema que \u201cse estaba atendiendo\u201d, aunque pretext\u00f3 que lo que hay en el fondo \u00abes una inconformidad, pero no s\u00f3lo de los padres y de los ni\u00f1os\u201d, sino de los que vend\u00edan los medicamentos\u2026 la empresa o empresas que prove\u00edan tales medicamentos fueron suspendidas para continuar su papel\u2026 La Comisi\u00f3n Federal para la Protecci\u00f3n contra Riesgos Sanitarios (Cofepris) anunci\u00f3 que \u201clos principales productores de Metotrexato\u201d \u2013medicamento utilizado contra algunos tipos de c\u00e1ncer\u2013 no contaban con certificado vigente y de cierto modo, ni autoridades de Salud ni la misma Cofepris consideraron los problemas que tal suspensi\u00f3n conllevar\u00eda sobre todo en los pacientes\u2026 se habl\u00f3 de decesos y se habla de angustia.<\/span><\/p>\n<p><span style=\"font-weight: 400;\">Este martes, las calles de Xalapa y el Puerto de Veracruz, se llenaron de padres de familia demandando atenci\u00f3n para sus hijos y familiares enfermos de c\u00e1ncer.<\/span><\/p>\n<p><span style=\"font-weight: 400;\">A ellos no les interesa si la proveedora ten\u00eda certificado o no, si las medicinas las van a seguir trayendo de Francia (porque el primer paquete no fue suficiente) o si hay grillas pol\u00edticas entre empresas farmac\u00e9uticas y gobierno federal\u2026 \u00a1luchan por la salud de sus enfermos!<\/span><\/p>\n<p><span style=\"font-weight: 400;\">Ahora, si hay gente que cree que es cruel el chiste con el que abro este comentario, considero que hay m\u00e1s crueldad en las acciones pol\u00edticas a ciegas y la falta de valor de un secretario que es incapaz de dar la cara a quienes reclaman atenci\u00f3n, medicinas, porque sus hijos se est\u00e1n jugando la vida\u2026 eso s\u00ed es indignante.<\/span><\/p>\n<p>&nbsp;<\/p>\n<p><span style=\"font-weight: 400;\">smcainito@gmail.com<\/span><\/p>\n<p>&nbsp;<\/p>\n","protected":false},"excerpt":{"rendered":"<p>Salvador Mu\u00f1oz Los Pol\u00edticos Llega al Centro Estatal de Cancerolog\u00eda (Cecan), el secretario de Salud en Veracruz, Roberto Ramos Alor, con juguetes cual si fuera Santa Claus, por lo gordito, aunque era D\u00eda de Reyes y si hab\u00eda que compararlo, tendr\u00eda que haber sido el elefante\u2026 pero bueno, en cuanto lo vio el director del [&hellip;]<\/p>\n","protected":false},"author":2,"featured_media":0,"comment_status":"open","ping_status":"open","sticky":false,"template":"","format":"standard","meta":{"tdm_status":"","tdm_grid_status":"","footnotes":""},"categories":[70],"tags":[296,16059,297,298,7076,12606],"class_list":{"0":"post-51829","1":"post","2":"type-post","3":"status-publish","4":"format-standard","6":"category-de-opinion","7":"tag-cancer","8":"tag-carlos-ballarta","9":"tag-cecan","10":"tag-centro-estatal-de-cancerologia","11":"tag-medicamentos","12":"tag-roberto-ramos-alor"},"yoast_head":"<!-- This site is optimized with the Yoast SEO plugin v27.4 - https:\/\/yoast.com\/product\/yoast-seo-wordpress\/ -->\n<title>Manifestaciones y Ramos Alor - Los pol\u00edticos Veracruz<\/title>\n<meta name=\"robots\" content=\"index, follow, max-snippet:-1, max-image-preview:large, max-video-preview:-1\" \/>\n<link rel=\"canonical\" href=\"https:\/\/lospoliticosveracruz.com\/?p=51829\" \/>\n<meta property=\"og:locale\" content=\"es_ES\" \/>\n<meta property=\"og:type\" content=\"article\" \/>\n<meta property=\"og:title\" content=\"Manifestaciones y Ramos Alor - Los pol\u00edticos Veracruz\" \/>\n<meta property=\"og:description\" content=\"Salvador Mu\u00f1oz Los Pol\u00edticos Llega al Centro Estatal de Cancerolog\u00eda (Cecan), el secretario de Salud en Veracruz, Roberto Ramos Alor, con juguetes cual si fuera Santa Claus, por lo gordito, aunque era D\u00eda de Reyes y si hab\u00eda que compararlo, tendr\u00eda que haber sido el elefante\u2026 pero bueno, en cuanto lo vio el director del [&hellip;]\" \/>\n<meta property=\"og:url\" content=\"https:\/\/lospoliticosveracruz.com\/?p=51829\" \/>\n<meta property=\"og:site_name\" content=\"Los pol\u00edticos Veracruz\" \/>\n<meta property=\"article:publisher\" content=\"https:\/\/www.facebook.com\/people\/Notimemes-de-los-Polticos\/61565672886568\/\" \/>\n<meta property=\"article:published_time\" content=\"2020-01-08T05:04:38+00:00\" \/>\n<meta property=\"og:image\" content=\"https:\/\/lospoliticosveracruz.com\/wp-content\/uploads\/2016\/07\/Logo-Dor.jpg\" \/>\n\t<meta property=\"og:image:width\" content=\"200\" \/>\n\t<meta property=\"og:image:height\" content=\"200\" \/>\n\t<meta property=\"og:image:type\" content=\"image\/jpeg\" \/>\n<meta name=\"author\" content=\"Lo viste en Los Pol\u00edticos\" \/>\n<meta name=\"twitter:card\" content=\"summary_large_image\" \/>\n<meta name=\"twitter:creator\" content=\"@LosPoliticosVer\" \/>\n<meta name=\"twitter:site\" content=\"@LosPoliticosVer\" \/>\n<meta name=\"twitter:label1\" content=\"Escrito por\" \/>\n\t<meta name=\"twitter:data1\" content=\"Lo viste en Los Pol\u00edticos\" \/>\n\t<meta name=\"twitter:label2\" content=\"Tiempo de lectura\" \/>\n\t<meta name=\"twitter:data2\" content=\"3 minutos\" \/>\n<script type=\"application\/ld+json\" class=\"yoast-schema-graph\">{\"@context\":\"https:\\\/\\\/schema.org\",\"@graph\":[{\"@type\":\"Article\",\"@id\":\"https:\\\/\\\/lospoliticosveracruz.com\\\/?p=51829#article\",\"isPartOf\":{\"@id\":\"https:\\\/\\\/lospoliticosveracruz.com\\\/?p=51829\"},\"author\":{\"name\":\"Lo viste en Los Pol\u00edticos\",\"@id\":\"https:\\\/\\\/lospoliticosveracruz.com\\\/#\\\/schema\\\/person\\\/b8702bb0e538456e6efd07080bf2a4a2\"},\"headline\":\"Manifestaciones y Ramos Alor\",\"datePublished\":\"2020-01-08T05:04:38+00:00\",\"mainEntityOfPage\":{\"@id\":\"https:\\\/\\\/lospoliticosveracruz.com\\\/?p=51829\"},\"wordCount\":664,\"commentCount\":0,\"publisher\":{\"@id\":\"https:\\\/\\\/lospoliticosveracruz.com\\\/#organization\"},\"keywords\":[\"C\u00e1ncer\",\"Carlos Ballarta\",\"Cecan\",\"Centro Estatal de Cancerolog\u00eda\",\"Medicamentos\",\"Roberto Ramos Alor\"],\"articleSection\":[\"De Opini\u00f3n\"],\"inLanguage\":\"es\",\"potentialAction\":[{\"@type\":\"CommentAction\",\"name\":\"Comment\",\"target\":[\"https:\\\/\\\/lospoliticosveracruz.com\\\/?p=51829#respond\"]}]},{\"@type\":\"WebPage\",\"@id\":\"https:\\\/\\\/lospoliticosveracruz.com\\\/?p=51829\",\"url\":\"https:\\\/\\\/lospoliticosveracruz.com\\\/?p=51829\",\"name\":\"Manifestaciones y Ramos Alor - Los pol\u00edticos Veracruz\",\"isPartOf\":{\"@id\":\"https:\\\/\\\/lospoliticosveracruz.com\\\/#website\"},\"datePublished\":\"2020-01-08T05:04:38+00:00\",\"breadcrumb\":{\"@id\":\"https:\\\/\\\/lospoliticosveracruz.com\\\/?p=51829#breadcrumb\"},\"inLanguage\":\"es\",\"potentialAction\":[{\"@type\":\"ReadAction\",\"target\":[\"https:\\\/\\\/lospoliticosveracruz.com\\\/?p=51829\"]}]},{\"@type\":\"BreadcrumbList\",\"@id\":\"https:\\\/\\\/lospoliticosveracruz.com\\\/?p=51829#breadcrumb\",\"itemListElement\":[{\"@type\":\"ListItem\",\"position\":1,\"name\":\"Portada\",\"item\":\"https:\\\/\\\/lospoliticosveracruz.com\\\/\"},{\"@type\":\"ListItem\",\"position\":2,\"name\":\"Manifestaciones y Ramos Alor\"}]},{\"@type\":\"WebSite\",\"@id\":\"https:\\\/\\\/lospoliticosveracruz.com\\\/#website\",\"url\":\"https:\\\/\\\/lospoliticosveracruz.com\\\/\",\"name\":\"Los pol\u00edticos Veracruz\",\"description\":\"\",\"publisher\":{\"@id\":\"https:\\\/\\\/lospoliticosveracruz.com\\\/#organization\"},\"potentialAction\":[{\"@type\":\"SearchAction\",\"target\":{\"@type\":\"EntryPoint\",\"urlTemplate\":\"https:\\\/\\\/lospoliticosveracruz.com\\\/?s={search_term_string}\"},\"query-input\":{\"@type\":\"PropertyValueSpecification\",\"valueRequired\":true,\"valueName\":\"search_term_string\"}}],\"inLanguage\":\"es\"},{\"@type\":\"Organization\",\"@id\":\"https:\\\/\\\/lospoliticosveracruz.com\\\/#organization\",\"name\":\"Los pol\u00edticos Veracruz\",\"url\":\"https:\\\/\\\/lospoliticosveracruz.com\\\/\",\"logo\":{\"@type\":\"ImageObject\",\"inLanguage\":\"es\",\"@id\":\"https:\\\/\\\/lospoliticosveracruz.com\\\/#\\\/schema\\\/logo\\\/image\\\/\",\"url\":\"https:\\\/\\\/lospoliticosveracruz.com\\\/wp-content\\\/uploads\\\/2025\\\/12\\\/Logo-Nuevo-LOS-POLITICOS-1.jpg\",\"contentUrl\":\"https:\\\/\\\/lospoliticosveracruz.com\\\/wp-content\\\/uploads\\\/2025\\\/12\\\/Logo-Nuevo-LOS-POLITICOS-1.jpg\",\"width\":260,\"height\":70,\"caption\":\"Los pol\u00edticos Veracruz\"},\"image\":{\"@id\":\"https:\\\/\\\/lospoliticosveracruz.com\\\/#\\\/schema\\\/logo\\\/image\\\/\"},\"sameAs\":[\"https:\\\/\\\/www.facebook.com\\\/people\\\/Notimemes-de-los-Polticos\\\/61565672886568\\\/\",\"https:\\\/\\\/x.com\\\/LosPoliticosVer\"]},{\"@type\":\"Person\",\"@id\":\"https:\\\/\\\/lospoliticosveracruz.com\\\/#\\\/schema\\\/person\\\/b8702bb0e538456e6efd07080bf2a4a2\",\"name\":\"Lo viste en Los Pol\u00edticos\",\"image\":{\"@type\":\"ImageObject\",\"inLanguage\":\"es\",\"@id\":\"https:\\\/\\\/secure.gravatar.com\\\/avatar\\\/3a8de04a2656d44082be478bd6c086daa447c4651605818287b9532d3d0bd435?s=96&d=mm&r=g\",\"url\":\"https:\\\/\\\/secure.gravatar.com\\\/avatar\\\/3a8de04a2656d44082be478bd6c086daa447c4651605818287b9532d3d0bd435?s=96&d=mm&r=g\",\"contentUrl\":\"https:\\\/\\\/secure.gravatar.com\\\/avatar\\\/3a8de04a2656d44082be478bd6c086daa447c4651605818287b9532d3d0bd435?s=96&d=mm&r=g\",\"caption\":\"Lo viste en Los Pol\u00edticos\"},\"url\":\"https:\\\/\\\/lospoliticosveracruz.com\\\/?author=2\"}]}<\/script>\n<!-- \/ Yoast SEO plugin. -->","yoast_head_json":{"title":"Manifestaciones y Ramos Alor - Los pol\u00edticos Veracruz","robots":{"index":"index","follow":"follow","max-snippet":"max-snippet:-1","max-image-preview":"max-image-preview:large","max-video-preview":"max-video-preview:-1"},"canonical":"https:\/\/lospoliticosveracruz.com\/?p=51829","og_locale":"es_ES","og_type":"article","og_title":"Manifestaciones y Ramos Alor - Los pol\u00edticos Veracruz","og_description":"Salvador Mu\u00f1oz Los Pol\u00edticos Llega al Centro Estatal de Cancerolog\u00eda (Cecan), el secretario de Salud en Veracruz, Roberto Ramos Alor, con juguetes cual si fuera Santa Claus, por lo gordito, aunque era D\u00eda de Reyes y si hab\u00eda que compararlo, tendr\u00eda que haber sido el elefante\u2026 pero bueno, en cuanto lo vio el director del [&hellip;]","og_url":"https:\/\/lospoliticosveracruz.com\/?p=51829","og_site_name":"Los pol\u00edticos Veracruz","article_publisher":"https:\/\/www.facebook.com\/people\/Notimemes-de-los-Polticos\/61565672886568\/","article_published_time":"2020-01-08T05:04:38+00:00","og_image":[{"width":200,"height":200,"url":"https:\/\/lospoliticosveracruz.com\/wp-content\/uploads\/2016\/07\/Logo-Dor.jpg","type":"image\/jpeg"}],"author":"Lo viste en Los Pol\u00edticos","twitter_card":"summary_large_image","twitter_creator":"@LosPoliticosVer","twitter_site":"@LosPoliticosVer","twitter_misc":{"Escrito por":"Lo viste en Los Pol\u00edticos","Tiempo de lectura":"3 minutos"},"schema":{"@context":"https:\/\/schema.org","@graph":[{"@type":"Article","@id":"https:\/\/lospoliticosveracruz.com\/?p=51829#article","isPartOf":{"@id":"https:\/\/lospoliticosveracruz.com\/?p=51829"},"author":{"name":"Lo viste en Los Pol\u00edticos","@id":"https:\/\/lospoliticosveracruz.com\/#\/schema\/person\/b8702bb0e538456e6efd07080bf2a4a2"},"headline":"Manifestaciones y Ramos Alor","datePublished":"2020-01-08T05:04:38+00:00","mainEntityOfPage":{"@id":"https:\/\/lospoliticosveracruz.com\/?p=51829"},"wordCount":664,"commentCount":0,"publisher":{"@id":"https:\/\/lospoliticosveracruz.com\/#organization"},"keywords":["C\u00e1ncer","Carlos Ballarta","Cecan","Centro Estatal de Cancerolog\u00eda","Medicamentos","Roberto Ramos Alor"],"articleSection":["De Opini\u00f3n"],"inLanguage":"es","potentialAction":[{"@type":"CommentAction","name":"Comment","target":["https:\/\/lospoliticosveracruz.com\/?p=51829#respond"]}]},{"@type":"WebPage","@id":"https:\/\/lospoliticosveracruz.com\/?p=51829","url":"https:\/\/lospoliticosveracruz.com\/?p=51829","name":"Manifestaciones y Ramos Alor - Los pol\u00edticos Veracruz","isPartOf":{"@id":"https:\/\/lospoliticosveracruz.com\/#website"},"datePublished":"2020-01-08T05:04:38+00:00","breadcrumb":{"@id":"https:\/\/lospoliticosveracruz.com\/?p=51829#breadcrumb"},"inLanguage":"es","potentialAction":[{"@type":"ReadAction","target":["https:\/\/lospoliticosveracruz.com\/?p=51829"]}]},{"@type":"BreadcrumbList","@id":"https:\/\/lospoliticosveracruz.com\/?p=51829#breadcrumb","itemListElement":[{"@type":"ListItem","position":1,"name":"Portada","item":"https:\/\/lospoliticosveracruz.com\/"},{"@type":"ListItem","position":2,"name":"Manifestaciones y Ramos Alor"}]},{"@type":"WebSite","@id":"https:\/\/lospoliticosveracruz.com\/#website","url":"https:\/\/lospoliticosveracruz.com\/","name":"Los pol\u00edticos Veracruz","description":"","publisher":{"@id":"https:\/\/lospoliticosveracruz.com\/#organization"},"potentialAction":[{"@type":"SearchAction","target":{"@type":"EntryPoint","urlTemplate":"https:\/\/lospoliticosveracruz.com\/?s={search_term_string}"},"query-input":{"@type":"PropertyValueSpecification","valueRequired":true,"valueName":"search_term_string"}}],"inLanguage":"es"},{"@type":"Organization","@id":"https:\/\/lospoliticosveracruz.com\/#organization","name":"Los pol\u00edticos Veracruz","url":"https:\/\/lospoliticosveracruz.com\/","logo":{"@type":"ImageObject","inLanguage":"es","@id":"https:\/\/lospoliticosveracruz.com\/#\/schema\/logo\/image\/","url":"https:\/\/lospoliticosveracruz.com\/wp-content\/uploads\/2025\/12\/Logo-Nuevo-LOS-POLITICOS-1.jpg","contentUrl":"https:\/\/lospoliticosveracruz.com\/wp-content\/uploads\/2025\/12\/Logo-Nuevo-LOS-POLITICOS-1.jpg","width":260,"height":70,"caption":"Los pol\u00edticos Veracruz"},"image":{"@id":"https:\/\/lospoliticosveracruz.com\/#\/schema\/logo\/image\/"},"sameAs":["https:\/\/www.facebook.com\/people\/Notimemes-de-los-Polticos\/61565672886568\/","https:\/\/x.com\/LosPoliticosVer"]},{"@type":"Person","@id":"https:\/\/lospoliticosveracruz.com\/#\/schema\/person\/b8702bb0e538456e6efd07080bf2a4a2","name":"Lo viste en Los Pol\u00edticos","image":{"@type":"ImageObject","inLanguage":"es","@id":"https:\/\/secure.gravatar.com\/avatar\/3a8de04a2656d44082be478bd6c086daa447c4651605818287b9532d3d0bd435?s=96&d=mm&r=g","url":"https:\/\/secure.gravatar.com\/avatar\/3a8de04a2656d44082be478bd6c086daa447c4651605818287b9532d3d0bd435?s=96&d=mm&r=g","contentUrl":"https:\/\/secure.gravatar.com\/avatar\/3a8de04a2656d44082be478bd6c086daa447c4651605818287b9532d3d0bd435?s=96&d=mm&r=g","caption":"Lo viste en Los Pol\u00edticos"},"url":"https:\/\/lospoliticosveracruz.com\/?author=2"}]}},"_links":{"self":[{"href":"https:\/\/lospoliticosveracruz.com\/index.php?rest_route=\/wp\/v2\/posts\/51829","targetHints":{"allow":["GET"]}}],"collection":[{"href":"https:\/\/lospoliticosveracruz.com\/index.php?rest_route=\/wp\/v2\/posts"}],"about":[{"href":"https:\/\/lospoliticosveracruz.com\/index.php?rest_route=\/wp\/v2\/types\/post"}],"author":[{"embeddable":true,"href":"https:\/\/lospoliticosveracruz.com\/index.php?rest_route=\/wp\/v2\/users\/2"}],"replies":[{"embeddable":true,"href":"https:\/\/lospoliticosveracruz.com\/index.php?rest_route=%2Fwp%2Fv2%2Fcomments&post=51829"}],"version-history":[{"count":1,"href":"https:\/\/lospoliticosveracruz.com\/index.php?rest_route=\/wp\/v2\/posts\/51829\/revisions"}],"predecessor-version":[{"id":51831,"href":"https:\/\/lospoliticosveracruz.com\/index.php?rest_route=\/wp\/v2\/posts\/51829\/revisions\/51831"}],"wp:attachment":[{"href":"https:\/\/lospoliticosveracruz.com\/index.php?rest_route=%2Fwp%2Fv2%2Fmedia&parent=51829"}],"wp:term":[{"taxonomy":"category","embeddable":true,"href":"https:\/\/lospoliticosveracruz.com\/index.php?rest_route=%2Fwp%2Fv2%2Fcategories&post=51829"},{"taxonomy":"post_tag","embeddable":true,"href":"https:\/\/lospoliticosveracruz.com\/index.php?rest_route=%2Fwp%2Fv2%2Ftags&post=51829"}],"curies":[{"name":"wp","href":"https:\/\/api.w.org\/{rel}","templated":true}]}}