{"id":51907,"date":"2020-01-10T08:53:50","date_gmt":"2020-01-10T14:53:50","guid":{"rendered":"http:\/\/www.lospoliticosveracruz.com.mx\/?p=51907"},"modified":"2020-01-10T08:53:50","modified_gmt":"2020-01-10T14:53:50","slug":"erika-ayala-y-la-leycisneros","status":"publish","type":"post","link":"https:\/\/lospoliticosveracruz.com\/?p=51907","title":{"rendered":"Erika Ayala y la #LeyCisneros"},"content":{"rendered":"<p><strong>Ricardo Ch\u00faa<\/strong><\/p>\n<p><em>Sale y Vale<\/em><\/p>\n<p>\u00abLA REINIS\u00bb&#8230;. No se hagan bolas, \u00abni truenen cohetes antes de navidad del 2020&#8243;&#8230; Lo que Ericka Ayala hizo, por encargo o no del gobierno de MORENA, por presiones o no en su calidad de dirigente del sindicato del COBAEV, sobre la propuesta legislativa de dejar resuelto desde el Congreso del Estado, ante la posibilidad de la ausencia temporal o definitiva del gobernador, Cuitl\u00e1huac Garcia Jim\u00e9nes (Porque es \u00e9l que est\u00e1 en funciones), fue LEGALIZAR EL \u00abDEDAZO\u00bb del Presidente de M\u00e9xico o Legislatura Local en turno&#8230;<\/p>\n<p>El asunto es muy sencillo y f\u00e1cil de explicar&#8230; POR EJEMPLO&#8230; OJO POR EJEMPLO&#8230; No es que se haga realidad aunque muchos lo deseen&#8230; Si llegar\u00e1 ausentarse de manera temporal Cuitl\u00e1huac, el que lo sustituir\u00eda de facto ser\u00eda Eric Cisneros Burgos (De eso ya no habr\u00e1 reversa, ni de otra sopa, ser\u00eda Patrocinio)&#8230; Esto algo a lo cual el propio L\u00f3pez Obrador no se opondr\u00eda&#8230; Es MORENA&#8230; Y, por esa raz\u00f3n, dicen las \u00ablenguas de doble filo\u00bb que presionaron Ayala R\u00edos por el tema de los \u00abaviadores\u00bb del COBAEV&#8230; Y no pudo decir NO&#8230;<\/p>\n<p>Y el OTRO CASO que es el m\u00e1s INTERESANTE (Ojo sin que esto sea una realidad a futuro)&#8230; Si Cuiitl\u00e1huac dejar\u00e1 la gubernatura de manera definitiva, despu\u00e9s de los dos a\u00f1os&#8230; El Congreso Local en diciembre del 2020 (aclaro como ejemplo) pondr\u00eda al Gober sustituto que terminar\u00eda la gesti\u00f3n en 2024&#8230; Pero qui\u00e9n pondr\u00eda al Gobernador.. \u00bfAndr\u00e9s Manuel L\u00f3pez Obrador? o \u00bfJuan Javier G\u00f3mez Cazarin? (De esto \u00faltimo, risas, por favor, Juar, Juar Juar.. No mmn).<\/p>\n<p>No hay que buscarle mucho: Los diputados de MORENA lo har\u00edan de acuerdo a lo que diga L\u00f3pez Obrador, es decir, \u00abDEDAZO\u00bb pero disfrazado&#8230; A poco cre\u00edan que ser\u00eda de otra manera&#8230; Colocar\u00eda por los 4 a\u00f1os, al que se quedar\u00eda en lugar de Cuitl\u00e1huac&#8230; Pero OJO tiene que ser este a\u00f1o la licencia o a principios del otro&#8230; Ya que en noviembre del 2021&#8230; El Congreso pueda quedar en manos de la oposici\u00f3n&#8230; Y no se les vaya ocurrir colocar a un YUNES AZUL&#8230; DIOS NOS LIBRE&#8230; Y a ese no lo quita ni DIOS PADRE, menos L\u00f3pez Obrador&#8230;<\/p>\n<p>Por eso cuentan las mismas lenguas que ocuparon a Erika Ayala, por la presi\u00f3n del COBAEV para que impulsara la propuesta, aunque diga que se avoc\u00f3 a una -armonizaci\u00f3n jur\u00eddica- con la Constituci\u00f3n federal y estatal&#8230; Su actuar queda \u00abBAJO SOSPECHA\u00bb&#8230; Si lo hubiera formalizado otro diputado, otro ser\u00eda el debate&#8230; Pero como esto es pol\u00edtica, no matatena&#8230; A Maria Estuardo no la DECAPITARON por ser una \u00abREINIS\u00bb malvada o de malos sentimientos sino por presunta traici\u00f3n al trono de Inglaterra&#8230; AS\u00cd ES ESTO&#8230; TAN.. TAN&#8230;<\/p>\n<p>\u00abEL DEDAZO\u00bb, PRIMERA VERS\u00cd\u00d3N&#8230; La tarde-noche del mi\u00e9rcoles y ayer por la ma\u00f1ana.. Las pl\u00e1ticas de caf\u00e9 y de todos los \u00abgrillos\u00bb de Veracruz era por la famosa \u00abLey Cisneros\u00bb que presentar\u00eda el PRI a propuesta de Erika Ayala&#8230; Ese era un \u00abconjuro\u00bb pol\u00edtico y un \u00abc\u00f3ctel\u00bb maravilloso para los que les gusta futurear sobre la pol\u00edtica \u00abjarocha\u00bb, diciendo que esta iniciativa de aprobarse como reforma constitucional, era para quitar a Cuitl\u00e1huac de Gobernado y poner en su lugar a Patrocinio Cisneros&#8230; As\u00ed de simple y sencillo&#8230; No hay de otra&#8230;<\/p>\n<p>Por eso en grupos de \u00abguasap\u00bb de priistas que no quieren a MORENA y Cuitl\u00e1huac&#8230; Se\u00f1alaban que a Ayala R\u00edos, legal o no, deber\u00edan aplicarle \u00abLa Ley Ramos Vicarte\u00bb y expulsarla del PRI de inmediato&#8230; As\u00ed mediara Betty Paredes por ella&#8230; Ya que se cree que esa iniciativa es para evitar que el PRI, con o sin alianzas, retome el poder en la gubernatura en 2024&#8230; Y que esa situaci\u00f3n tambi\u00e9n era para \u00abtenderle la cama\u00bb a Cuitl\u00e1huac y traer a Veracruz un gobernador m\u00e1s \u00abchicho\u00bb que si entienda a esto de la pol\u00edtica y fortalezca a MORENA&#8230;<\/p>\n<p>Los mismos priistas \u00abcalientes y encabritados\u00bb en pleno inverno&#8230; Dec\u00edan que de esa manera, en 2020, Cuitl\u00e1huac estar\u00eda pide y pide licencias para evitar elecciones y que otro tomar\u00e1 su lugar&#8230; En este caso Patrocinio&#8230; Por eso el gobierno de MORENA con el Congreso Local con mayor\u00eda y con diputados de oposici\u00f3n \u00abamenazados y maniatados\u00bb iban a intentar que esta iniciativa pasara en dos periodos legislativos&#8230; Pero que tendr\u00eda que ser \u00abdetenida\u00bb por la oposici\u00f3n cuando el asunto cayera en los ayuntamientos&#8230;<\/p>\n<p>Ya que por ser reforma constitucional necesitaba la aprobaci\u00f3n de la mayor\u00eda de los cabildos de Veracruz.. Es decir 107 municipios&#8230; Pero, el razonamiento de los priistas, es que si de los 212 ayuntamientos, 142 son coalici\u00f3n PAN-PRD&#8230; En teor\u00eda no deber\u00eda pasar&#8230; Pero en MORENA se las gasta vali\u00e9ndole todo y violentando la ley&#8230; Remember Winckler&#8230; Tienen al poder judicial y Fiscal\u00eda a su favor&#8230; Al Congreso con mayor\u00eda&#8230; Qu\u00e9 se \u00abopondr\u00eda\u00bb a que -aprieten- a los alcaldes y regidores&#8230; Y estos den el si&#8230; Lo van a intentar&#8230;<\/p>\n<p>Finalmente en resumen&#8230; Lo que se ve, es que en Veracruz&#8230; En 2020 antes de que sea demasiado tarde para las intenciones electorales de MORENA&#8230; Intenta algo parecido a Puebla, despu\u00e9s de que se cay\u00f3 el helic\u00f3ptero de Martha Ericka Alonso y Rafael Moreno Valle&#8230; Que los Morenos retengan el poder, si lo ven ya perdido, pero sin que tenga que morir nadie en un fat\u00eddico accidente en plena tarde de navidad&#8230; Y que despu\u00e9s, el que quede de INTERINO&#8230; Busque su REELECCI\u00d3N&#8230; Qui\u00e9n dice que no se puede&#8230; AMEN&#8230;<\/p>\n<p>\u00abEL DEDAZO\u00bb, SEGUNDA VERSI\u00d3N&#8230; As\u00ed como surgi\u00f3 la primera versi\u00f3n&#8230; En otros grupos de \u00abguasap\u00bb de abogados y pol\u00edticos del PRI&#8230; Se\u00f1alaban que esto era una \u00abtomadura de pelo\u00bb&#8230; Ya que esta iniciativa llamada \u00abLa Ley Cisneros\u00bb es la misma reforma que se hizo en el plano nacional en 2010, ya que hab\u00eda un \u00abvac\u00edo\u00bb legislativo ante la posible renuncia del Presidente de M\u00e9xico, y, que ahora en Veracruz decidieron retomarla para la Constituci\u00f3n Local y en caso de que falte o renuncie el gobernador&#8230;<\/p>\n<p>Ya que lo \u00fanico&#8230; Es que se da certidumbre en caso de que si el Presidente no est\u00e1, quien asume de manera interina, es el titular de la Secretar\u00eda de Gobernaci\u00f3n, quien tiene que convocar a elecciones en 6 meses&#8230; A eso es lo llamaron la \u00abArmonizaci\u00f3n Jur\u00eddica\u00bb&#8230;. Con la Constituci\u00f3n Federal ahora pretenden basarse para que se haga en los estados&#8230; No hay otra explicaci\u00f3n, pero aqu\u00ed en Veracruz se le quieren ver \u00abtres patas al gato\u00bb&#8230; Cuando no lo hay&#8230;<\/p>\n<p>Seg\u00fan expertos lo que propuso Erika Ayala no tiene nada de malo&#8230; De perverso a lo mejor, pero de malo no&#8230; Y que MORENA se aproveche, es otro cantar&#8230; Ya que este iniciativa es un asunto de mero TR\u00c1MITE LEGISLATIVO, nada m\u00e1s, pero que POSIBLEMENTE es el mismo Patrocinio Cisneros, el que se aprovecha para que ESPECULEN sobre su persona&#8230; Y que al final, lo toman como un asunto de \u00abT\u00cdO LOLO\u00bb, que le sirve para agarrar incautos&#8230; Y miren que lo practican&#8230; Ah\u00ed est\u00e1n las dos versiones&#8230; \u00bfA CU\u00c1L LE CREE?&#8230;<\/p>\n","protected":false},"excerpt":{"rendered":"<p>Ricardo Ch\u00faa Sale y Vale \u00abLA REINIS\u00bb&#8230;. No se hagan bolas, \u00abni truenen cohetes antes de navidad del 2020&#8243;&#8230; Lo que Ericka Ayala hizo, por encargo o no del gobierno de MORENA, por presiones o no en su calidad de dirigente del sindicato del COBAEV, sobre la propuesta legislativa de dejar resuelto desde el Congreso [&hellip;]<\/p>\n","protected":false},"author":2,"featured_media":0,"comment_status":"open","ping_status":"open","sticky":false,"template":"","format":"standard","meta":{"tdm_status":"","tdm_grid_status":"","footnotes":""},"categories":[70],"tags":[2166,1563,12299,106,1026,13604],"class_list":{"0":"post-51907","1":"post","2":"type-post","3":"status-publish","4":"format-standard","6":"category-de-opinion","7":"tag-cobaev","8":"tag-cuitlahuac-garcia-jimenez","9":"tag-eric-cisneros-burgos","10":"tag-erika-ayala","11":"tag-morena","12":"tag-ricardo-chua"},"yoast_head":"<!-- This site is optimized with the Yoast SEO plugin v27.4 - https:\/\/yoast.com\/product\/yoast-seo-wordpress\/ -->\n<title>Erika Ayala y la #LeyCisneros - Los pol\u00edticos Veracruz<\/title>\n<meta name=\"robots\" content=\"index, follow, max-snippet:-1, max-image-preview:large, max-video-preview:-1\" \/>\n<link rel=\"canonical\" href=\"https:\/\/lospoliticosveracruz.com\/?p=51907\" \/>\n<meta property=\"og:locale\" content=\"es_ES\" \/>\n<meta property=\"og:type\" content=\"article\" \/>\n<meta property=\"og:title\" content=\"Erika Ayala y la #LeyCisneros - Los pol\u00edticos Veracruz\" \/>\n<meta property=\"og:description\" content=\"Ricardo Ch\u00faa Sale y Vale \u00abLA REINIS\u00bb&#8230;. No se hagan bolas, \u00abni truenen cohetes antes de navidad del 2020&#8243;&#8230; Lo que Ericka Ayala hizo, por encargo o no del gobierno de MORENA, por presiones o no en su calidad de dirigente del sindicato del COBAEV, sobre la propuesta legislativa de dejar resuelto desde el Congreso [&hellip;]\" \/>\n<meta property=\"og:url\" content=\"https:\/\/lospoliticosveracruz.com\/?p=51907\" \/>\n<meta property=\"og:site_name\" content=\"Los pol\u00edticos Veracruz\" \/>\n<meta property=\"article:publisher\" content=\"https:\/\/www.facebook.com\/people\/Notimemes-de-los-Polticos\/61565672886568\/\" \/>\n<meta property=\"article:published_time\" content=\"2020-01-10T14:53:50+00:00\" \/>\n<meta property=\"og:image\" content=\"https:\/\/lospoliticosveracruz.com\/wp-content\/uploads\/2016\/07\/Logo-Dor.jpg\" \/>\n\t<meta property=\"og:image:width\" content=\"200\" \/>\n\t<meta property=\"og:image:height\" content=\"200\" \/>\n\t<meta property=\"og:image:type\" content=\"image\/jpeg\" \/>\n<meta name=\"author\" content=\"Lo viste en Los Pol\u00edticos\" \/>\n<meta name=\"twitter:card\" content=\"summary_large_image\" \/>\n<meta name=\"twitter:creator\" content=\"@LosPoliticosVer\" \/>\n<meta name=\"twitter:site\" content=\"@LosPoliticosVer\" \/>\n<meta name=\"twitter:label1\" content=\"Escrito por\" \/>\n\t<meta name=\"twitter:data1\" content=\"Lo viste en Los Pol\u00edticos\" \/>\n\t<meta name=\"twitter:label2\" content=\"Tiempo de lectura\" \/>\n\t<meta name=\"twitter:data2\" content=\"6 minutos\" \/>\n<script type=\"application\/ld+json\" class=\"yoast-schema-graph\">{\"@context\":\"https:\\\/\\\/schema.org\",\"@graph\":[{\"@type\":\"Article\",\"@id\":\"https:\\\/\\\/lospoliticosveracruz.com\\\/?p=51907#article\",\"isPartOf\":{\"@id\":\"https:\\\/\\\/lospoliticosveracruz.com\\\/?p=51907\"},\"author\":{\"name\":\"Lo viste en Los Pol\u00edticos\",\"@id\":\"https:\\\/\\\/lospoliticosveracruz.com\\\/#\\\/schema\\\/person\\\/b8702bb0e538456e6efd07080bf2a4a2\"},\"headline\":\"Erika Ayala y la #LeyCisneros\",\"datePublished\":\"2020-01-10T14:53:50+00:00\",\"mainEntityOfPage\":{\"@id\":\"https:\\\/\\\/lospoliticosveracruz.com\\\/?p=51907\"},\"wordCount\":1252,\"commentCount\":0,\"publisher\":{\"@id\":\"https:\\\/\\\/lospoliticosveracruz.com\\\/#organization\"},\"keywords\":[\"Cobaev\",\"Cuitl\u00e1huac Garc\u00eda Jim\u00e9nez\",\"Eric Cisneros Burgos\",\"Erika Ayala\",\"Morena\",\"Ricardo Ch\u00faa\"],\"articleSection\":[\"De Opini\u00f3n\"],\"inLanguage\":\"es\",\"potentialAction\":[{\"@type\":\"CommentAction\",\"name\":\"Comment\",\"target\":[\"https:\\\/\\\/lospoliticosveracruz.com\\\/?p=51907#respond\"]}]},{\"@type\":\"WebPage\",\"@id\":\"https:\\\/\\\/lospoliticosveracruz.com\\\/?p=51907\",\"url\":\"https:\\\/\\\/lospoliticosveracruz.com\\\/?p=51907\",\"name\":\"Erika Ayala y la #LeyCisneros - Los pol\u00edticos Veracruz\",\"isPartOf\":{\"@id\":\"https:\\\/\\\/lospoliticosveracruz.com\\\/#website\"},\"datePublished\":\"2020-01-10T14:53:50+00:00\",\"breadcrumb\":{\"@id\":\"https:\\\/\\\/lospoliticosveracruz.com\\\/?p=51907#breadcrumb\"},\"inLanguage\":\"es\",\"potentialAction\":[{\"@type\":\"ReadAction\",\"target\":[\"https:\\\/\\\/lospoliticosveracruz.com\\\/?p=51907\"]}]},{\"@type\":\"BreadcrumbList\",\"@id\":\"https:\\\/\\\/lospoliticosveracruz.com\\\/?p=51907#breadcrumb\",\"itemListElement\":[{\"@type\":\"ListItem\",\"position\":1,\"name\":\"Portada\",\"item\":\"https:\\\/\\\/lospoliticosveracruz.com\\\/\"},{\"@type\":\"ListItem\",\"position\":2,\"name\":\"Erika Ayala y la #LeyCisneros\"}]},{\"@type\":\"WebSite\",\"@id\":\"https:\\\/\\\/lospoliticosveracruz.com\\\/#website\",\"url\":\"https:\\\/\\\/lospoliticosveracruz.com\\\/\",\"name\":\"Los pol\u00edticos Veracruz\",\"description\":\"\",\"publisher\":{\"@id\":\"https:\\\/\\\/lospoliticosveracruz.com\\\/#organization\"},\"potentialAction\":[{\"@type\":\"SearchAction\",\"target\":{\"@type\":\"EntryPoint\",\"urlTemplate\":\"https:\\\/\\\/lospoliticosveracruz.com\\\/?s={search_term_string}\"},\"query-input\":{\"@type\":\"PropertyValueSpecification\",\"valueRequired\":true,\"valueName\":\"search_term_string\"}}],\"inLanguage\":\"es\"},{\"@type\":\"Organization\",\"@id\":\"https:\\\/\\\/lospoliticosveracruz.com\\\/#organization\",\"name\":\"Los pol\u00edticos Veracruz\",\"url\":\"https:\\\/\\\/lospoliticosveracruz.com\\\/\",\"logo\":{\"@type\":\"ImageObject\",\"inLanguage\":\"es\",\"@id\":\"https:\\\/\\\/lospoliticosveracruz.com\\\/#\\\/schema\\\/logo\\\/image\\\/\",\"url\":\"https:\\\/\\\/lospoliticosveracruz.com\\\/wp-content\\\/uploads\\\/2025\\\/12\\\/Logo-Nuevo-LOS-POLITICOS-1.jpg\",\"contentUrl\":\"https:\\\/\\\/lospoliticosveracruz.com\\\/wp-content\\\/uploads\\\/2025\\\/12\\\/Logo-Nuevo-LOS-POLITICOS-1.jpg\",\"width\":260,\"height\":70,\"caption\":\"Los pol\u00edticos Veracruz\"},\"image\":{\"@id\":\"https:\\\/\\\/lospoliticosveracruz.com\\\/#\\\/schema\\\/logo\\\/image\\\/\"},\"sameAs\":[\"https:\\\/\\\/www.facebook.com\\\/people\\\/Notimemes-de-los-Polticos\\\/61565672886568\\\/\",\"https:\\\/\\\/x.com\\\/LosPoliticosVer\"]},{\"@type\":\"Person\",\"@id\":\"https:\\\/\\\/lospoliticosveracruz.com\\\/#\\\/schema\\\/person\\\/b8702bb0e538456e6efd07080bf2a4a2\",\"name\":\"Lo viste en Los Pol\u00edticos\",\"image\":{\"@type\":\"ImageObject\",\"inLanguage\":\"es\",\"@id\":\"https:\\\/\\\/secure.gravatar.com\\\/avatar\\\/3a8de04a2656d44082be478bd6c086daa447c4651605818287b9532d3d0bd435?s=96&d=mm&r=g\",\"url\":\"https:\\\/\\\/secure.gravatar.com\\\/avatar\\\/3a8de04a2656d44082be478bd6c086daa447c4651605818287b9532d3d0bd435?s=96&d=mm&r=g\",\"contentUrl\":\"https:\\\/\\\/secure.gravatar.com\\\/avatar\\\/3a8de04a2656d44082be478bd6c086daa447c4651605818287b9532d3d0bd435?s=96&d=mm&r=g\",\"caption\":\"Lo viste en Los Pol\u00edticos\"},\"url\":\"https:\\\/\\\/lospoliticosveracruz.com\\\/?author=2\"}]}<\/script>\n<!-- \/ Yoast SEO plugin. -->","yoast_head_json":{"title":"Erika Ayala y la #LeyCisneros - Los pol\u00edticos Veracruz","robots":{"index":"index","follow":"follow","max-snippet":"max-snippet:-1","max-image-preview":"max-image-preview:large","max-video-preview":"max-video-preview:-1"},"canonical":"https:\/\/lospoliticosveracruz.com\/?p=51907","og_locale":"es_ES","og_type":"article","og_title":"Erika Ayala y la #LeyCisneros - Los pol\u00edticos Veracruz","og_description":"Ricardo Ch\u00faa Sale y Vale \u00abLA REINIS\u00bb&#8230;. No se hagan bolas, \u00abni truenen cohetes antes de navidad del 2020&#8243;&#8230; Lo que Ericka Ayala hizo, por encargo o no del gobierno de MORENA, por presiones o no en su calidad de dirigente del sindicato del COBAEV, sobre la propuesta legislativa de dejar resuelto desde el Congreso [&hellip;]","og_url":"https:\/\/lospoliticosveracruz.com\/?p=51907","og_site_name":"Los pol\u00edticos Veracruz","article_publisher":"https:\/\/www.facebook.com\/people\/Notimemes-de-los-Polticos\/61565672886568\/","article_published_time":"2020-01-10T14:53:50+00:00","og_image":[{"width":200,"height":200,"url":"https:\/\/lospoliticosveracruz.com\/wp-content\/uploads\/2016\/07\/Logo-Dor.jpg","type":"image\/jpeg"}],"author":"Lo viste en Los Pol\u00edticos","twitter_card":"summary_large_image","twitter_creator":"@LosPoliticosVer","twitter_site":"@LosPoliticosVer","twitter_misc":{"Escrito por":"Lo viste en Los Pol\u00edticos","Tiempo de lectura":"6 minutos"},"schema":{"@context":"https:\/\/schema.org","@graph":[{"@type":"Article","@id":"https:\/\/lospoliticosveracruz.com\/?p=51907#article","isPartOf":{"@id":"https:\/\/lospoliticosveracruz.com\/?p=51907"},"author":{"name":"Lo viste en Los Pol\u00edticos","@id":"https:\/\/lospoliticosveracruz.com\/#\/schema\/person\/b8702bb0e538456e6efd07080bf2a4a2"},"headline":"Erika Ayala y la #LeyCisneros","datePublished":"2020-01-10T14:53:50+00:00","mainEntityOfPage":{"@id":"https:\/\/lospoliticosveracruz.com\/?p=51907"},"wordCount":1252,"commentCount":0,"publisher":{"@id":"https:\/\/lospoliticosveracruz.com\/#organization"},"keywords":["Cobaev","Cuitl\u00e1huac Garc\u00eda Jim\u00e9nez","Eric Cisneros Burgos","Erika Ayala","Morena","Ricardo Ch\u00faa"],"articleSection":["De Opini\u00f3n"],"inLanguage":"es","potentialAction":[{"@type":"CommentAction","name":"Comment","target":["https:\/\/lospoliticosveracruz.com\/?p=51907#respond"]}]},{"@type":"WebPage","@id":"https:\/\/lospoliticosveracruz.com\/?p=51907","url":"https:\/\/lospoliticosveracruz.com\/?p=51907","name":"Erika Ayala y la #LeyCisneros - Los pol\u00edticos Veracruz","isPartOf":{"@id":"https:\/\/lospoliticosveracruz.com\/#website"},"datePublished":"2020-01-10T14:53:50+00:00","breadcrumb":{"@id":"https:\/\/lospoliticosveracruz.com\/?p=51907#breadcrumb"},"inLanguage":"es","potentialAction":[{"@type":"ReadAction","target":["https:\/\/lospoliticosveracruz.com\/?p=51907"]}]},{"@type":"BreadcrumbList","@id":"https:\/\/lospoliticosveracruz.com\/?p=51907#breadcrumb","itemListElement":[{"@type":"ListItem","position":1,"name":"Portada","item":"https:\/\/lospoliticosveracruz.com\/"},{"@type":"ListItem","position":2,"name":"Erika Ayala y la #LeyCisneros"}]},{"@type":"WebSite","@id":"https:\/\/lospoliticosveracruz.com\/#website","url":"https:\/\/lospoliticosveracruz.com\/","name":"Los pol\u00edticos Veracruz","description":"","publisher":{"@id":"https:\/\/lospoliticosveracruz.com\/#organization"},"potentialAction":[{"@type":"SearchAction","target":{"@type":"EntryPoint","urlTemplate":"https:\/\/lospoliticosveracruz.com\/?s={search_term_string}"},"query-input":{"@type":"PropertyValueSpecification","valueRequired":true,"valueName":"search_term_string"}}],"inLanguage":"es"},{"@type":"Organization","@id":"https:\/\/lospoliticosveracruz.com\/#organization","name":"Los pol\u00edticos Veracruz","url":"https:\/\/lospoliticosveracruz.com\/","logo":{"@type":"ImageObject","inLanguage":"es","@id":"https:\/\/lospoliticosveracruz.com\/#\/schema\/logo\/image\/","url":"https:\/\/lospoliticosveracruz.com\/wp-content\/uploads\/2025\/12\/Logo-Nuevo-LOS-POLITICOS-1.jpg","contentUrl":"https:\/\/lospoliticosveracruz.com\/wp-content\/uploads\/2025\/12\/Logo-Nuevo-LOS-POLITICOS-1.jpg","width":260,"height":70,"caption":"Los pol\u00edticos Veracruz"},"image":{"@id":"https:\/\/lospoliticosveracruz.com\/#\/schema\/logo\/image\/"},"sameAs":["https:\/\/www.facebook.com\/people\/Notimemes-de-los-Polticos\/61565672886568\/","https:\/\/x.com\/LosPoliticosVer"]},{"@type":"Person","@id":"https:\/\/lospoliticosveracruz.com\/#\/schema\/person\/b8702bb0e538456e6efd07080bf2a4a2","name":"Lo viste en Los Pol\u00edticos","image":{"@type":"ImageObject","inLanguage":"es","@id":"https:\/\/secure.gravatar.com\/avatar\/3a8de04a2656d44082be478bd6c086daa447c4651605818287b9532d3d0bd435?s=96&d=mm&r=g","url":"https:\/\/secure.gravatar.com\/avatar\/3a8de04a2656d44082be478bd6c086daa447c4651605818287b9532d3d0bd435?s=96&d=mm&r=g","contentUrl":"https:\/\/secure.gravatar.com\/avatar\/3a8de04a2656d44082be478bd6c086daa447c4651605818287b9532d3d0bd435?s=96&d=mm&r=g","caption":"Lo viste en Los Pol\u00edticos"},"url":"https:\/\/lospoliticosveracruz.com\/?author=2"}]}},"_links":{"self":[{"href":"https:\/\/lospoliticosveracruz.com\/index.php?rest_route=\/wp\/v2\/posts\/51907","targetHints":{"allow":["GET"]}}],"collection":[{"href":"https:\/\/lospoliticosveracruz.com\/index.php?rest_route=\/wp\/v2\/posts"}],"about":[{"href":"https:\/\/lospoliticosveracruz.com\/index.php?rest_route=\/wp\/v2\/types\/post"}],"author":[{"embeddable":true,"href":"https:\/\/lospoliticosveracruz.com\/index.php?rest_route=\/wp\/v2\/users\/2"}],"replies":[{"embeddable":true,"href":"https:\/\/lospoliticosveracruz.com\/index.php?rest_route=%2Fwp%2Fv2%2Fcomments&post=51907"}],"version-history":[{"count":1,"href":"https:\/\/lospoliticosveracruz.com\/index.php?rest_route=\/wp\/v2\/posts\/51907\/revisions"}],"predecessor-version":[{"id":51909,"href":"https:\/\/lospoliticosveracruz.com\/index.php?rest_route=\/wp\/v2\/posts\/51907\/revisions\/51909"}],"wp:attachment":[{"href":"https:\/\/lospoliticosveracruz.com\/index.php?rest_route=%2Fwp%2Fv2%2Fmedia&parent=51907"}],"wp:term":[{"taxonomy":"category","embeddable":true,"href":"https:\/\/lospoliticosveracruz.com\/index.php?rest_route=%2Fwp%2Fv2%2Fcategories&post=51907"},{"taxonomy":"post_tag","embeddable":true,"href":"https:\/\/lospoliticosveracruz.com\/index.php?rest_route=%2Fwp%2Fv2%2Ftags&post=51907"}],"curies":[{"name":"wp","href":"https:\/\/api.w.org\/{rel}","templated":true}]}}