{"id":51962,"date":"2020-01-14T10:30:16","date_gmt":"2020-01-14T16:30:16","guid":{"rendered":"http:\/\/www.lospoliticosveracruz.com.mx\/?p=51962"},"modified":"2020-01-14T10:30:16","modified_gmt":"2020-01-14T16:30:16","slug":"monreal-y-el-factor-perez-astorga","status":"publish","type":"post","link":"https:\/\/lospoliticosveracruz.com\/?p=51962","title":{"rendered":"Monreal y el Factor P\u00e9rez Astorga"},"content":{"rendered":"<p><strong>Ricardo Ch\u00faa<\/strong><\/p>\n<p><em>Sale y Vale<\/em><\/p>\n<p>MONREAL, SU \u00abALFIL\u00bb EN VERACRUZ&#8230; En los \u00faltimos meses del a\u00f1o pasado al interior de MORENA en Veracruz y del gobierno estatal de Cuitl\u00e1huac Garc\u00eda Jim\u00e9nez .. Se ha venido manejando la versi\u00f3n de que el senador de este partido, Ernesto P\u00e9rez Astorga podr\u00eda estar inmerso en lo \u00aboscurito\u00bb en la creaci\u00f3n de un nuevo organismo pol\u00edtico en el pa\u00eds llamado: Fuerza Social M\u00e9xico (FSM) que PRESUNTAMENTE est\u00e1 muy ligado al l\u00edder de la c\u00e1mara de senadores, Ricardo Monreal \u00c1vila, con muchos v\u00ednculos pol\u00edticos en la entidad veracruzana&#8230;<\/p>\n<p>De todos es sabido que en su momento fue el amigo \u00abfiel\u00bb de Fidel Herrera Beltr\u00e1n, uno de sus aliados en el 2004 para que este fuera gobernador de Veracruz, cuando \u00e9l ten\u00eda el mismo cargo en Zacatecas&#8230; La historia de esa relaci\u00f3n es de todos sabida&#8230; Lo mismo que Rocio Nahle, ya que la secretar\u00eda de Energ\u00eda era parte de su grupo pol\u00edtico pero despu\u00e9s ella, se entendi\u00f3 directo con L\u00f3pez Obrador y cada quien sus cosas&#8230;. Ahora es su aliada \u00abcasual\u00bb, ya no de su grupo pol\u00edtico&#8230;.<\/p>\n<p>Pero lo que pocos sab\u00edan&#8230; Es que Ricardo y sus hermanos tienen otro gran aliado pol\u00edtico en Veracruz&#8230; Y este es el senador, Ernesto P\u00e9rez Astorga, empresario xalape\u00f1o y muy cercano a los hermanos Monreal \u00c1vila&#8230;. Tanto as\u00ed que fue uno de los \u00abbrothers\u00bb del ex gobernador zacatecano, qui\u00e9n recomend\u00f3 a P\u00e9rez Astorga, de ser el senador suplente de Ricardo Ahued all\u00e1 en los albores del 2018&#8230; Al final, la \u00abjugada\u00bb funcion\u00f3&#8230; Astorga es legislador en funciones&#8230; OJO no fue propuesto por Ahued, como todo mundo cree, fue por uno de los Monreal&#8230;<\/p>\n<p>Por esa y muchas cosas m\u00e1s&#8230;En Veracruz (en la tierra que s\u00f3lo no se sabe lo que no ha sucedido) est\u00e1n contando las \u00ablenguas de doble filo\u00bb&#8230;. Que P\u00e9rez Astorga ser\u00e1 unos de los operadores de las redes de Ricardo Monreal para el 2024&#8230; Obvio en contra del proyecto de Cuitl\u00e1huac Garc\u00eda y MORENA&#8230; Hay que recordar que Ernesto vot\u00f3 en contra de Mart\u00ed Batres para que no continuara como Presidente del Senado, pese que Batres era el senador que apoyaba Cuitl\u00e1huac&#8230; No le import\u00f3&#8230; Astorga vot\u00f3 por la l\u00ednea de Monreal&#8230;<\/p>\n<p>Ahora se sabe por qu\u00e9 y tambi\u00e9n los motivos porque el empresario xalape\u00f1o en el Senado&#8230; Todo le firma y respalda en lo que hace Ricardo Monreal&#8230; Por ello, no se tiene la certeza a ciencia cierta, si es que desde Palacio de Gobierno en Xalapa, est\u00e1n manejando EL RUMOR de que P\u00e9rez Astorga ser\u00e1 uno de los impulsores de Fuerza Social M\u00e9xico. en Veracruz.. . Que despu\u00e9s del 2021 ser\u00e1 la PLATAFORMA POL\u00cdTICA de Ricardo Monreal para el 2024&#8230;. Si Monreal junto con L\u00f3pez Obrador son los \u00fanicos \u00abanimales\u00bb pol\u00edticos que tiene MORENA&#8230;<\/p>\n<p>Por esta situaci\u00f3n que tambi\u00e9n se est\u00e1 manejando a nivel nacional&#8230;.Es que en d\u00edas pasados el propio Alejandro Rojas D\u00edaz Dur\u00e1n, que es el senador suplente de Monreal \u00c1vila y un cr\u00edtico f\u00e9rreo del gobierno de Cuitl\u00e1huac Garc\u00eda&#8230; Sali\u00f3 a desmentir la nota en El Universal de que este organismo era del l\u00edder del Senado y que tuviera a sus hom\u00f3logos legisladores operando la formaci\u00f3n del partido en cada entidad&#8230; Tal como presuntamente sucede en Veracruz con P\u00e9rez Astorga&#8230;<\/p>\n<p>Pero se ha comentado tambi\u00e9n al interior de MORENA&#8230; Que el FSM que lleg\u00f3 este domingo a las 20 asambleas estatales en el pa\u00eds&#8230; Cuando cumpla los requisitos del INE para conformarse como partido.. Muchos \u00abmonrealistas\u00bb dejar\u00e1n de ser Morenos para irse a Fuerza Social M\u00e9xico&#8230; Entre ellos, Alejandro Rojas, de qui\u00e9n se dice, ser\u00e1 el presidente nacional de este organismo&#8230; Obvio con la ven\u00eda de Ricardo&#8230;<\/p>\n<p>Hay que recordar que en este espacio en entregas anteriores&#8230; Hab\u00edamos suscrito que para este 2020 habr\u00e1 s\u00f3lo 2 o 3 partidos los que podr\u00e1n alcanzar el registro ante el INE para que el organismo pueda participar en el 2021&#8230;. Y, los seguros que tendr\u00e1n el registro, son: M\u00e9xico Libre (de Felipe C\u00e1lderon) con ese van a acabar posiblemente de \u00abenterrar\u00bb al PAN&#8230; Y el otro ser\u00e1 el FES, este segundo de manera h\u00e1bil, Monreal y sus aliados, hicieron creer que este organismo no iba a figurar y ni alcanzar\u00eda el registro para el 2021&#8230;.<\/p>\n<p>Pero ahora se sabe que nada de eso es cierto&#8230; Ya que el FSM adem\u00e1s de la plataforma ser\u00e1 el SLOGAN de Monreal Avila para el 2024: \u00abFuerza Social Monreal\u00bb&#8230; Y con este ya tendr\u00eda lista una alianza de organismos con el PRI, Movimiento Ciudadano y los \u00abhu\u00e9rfanos\u00bb del PRD&#8230; M\u00e1s cuando se tiene la percepci\u00f3n, de que ni Redes Sociales Progresistas, PES o el Grupo Social Promotor M\u00e9xico ser\u00e1n partidos pol\u00edticos&#8230; Ayer se vio a Elba Esther y como recibi\u00f3 la primera muestra del SNTE, y as\u00ed le pasar\u00e1 a su partido&#8230;<\/p>\n<p>Al final de cuentas, con lo pragm\u00e1tico que es Monreal puede hacer alianzas hasta con Felipe Calder\u00f3n para terminar de\u00bb refundir\u00bb al PAN.. Poro eso&#8230; Hoy es m\u00e1s clara la actividad de Alejandro Rojas, lo mand\u00f3 a \u00abdesmadrar\u00bb a MORENA y cumpli\u00f3 el cometido&#8230; C\u00f3mo premio ser\u00e1 el primer presidente del FSM&#8230; Ya que inteligentemente Monreal hizo que se pelear\u00e1 en el interior con los Morenos&#8230;. Por eso, aqu\u00ed ya s\u00f3lo depende del INE, si lo orillan para que ninguna r\u00e9mora \u00abpejista\u00bb se convierta en nuevo partido&#8230;<\/p>\n<p>Esa es la importancia que ahora tiene P\u00e9rez Astorga para Monreal&#8230; Y de seguro otro veracruzano le debi\u00f3 dar un consejo para seguir la ruta de c\u00f3mo hacer un partido nuevo, y este fue: Dante Delgado&#8230;. De lograrlo y si Astorga tiene \u00e9xito ser\u00e1 bueno para su futuro pol\u00edtico&#8230; Qui\u00e9n lo dir\u00eda&#8230; Veracruz de pasar a ser \u00abcuna\u00bb de Presidentes, hoy es \u00abhazmerre\u00edr\u00bb de la clase pol\u00edtica del pa\u00eds&#8230; Duarte en la c\u00e1rcel&#8230; Yunes de pol\u00edtico a deportista y Cuitl\u00e1huac es un pol\u00edtico en formaci\u00f3n que ahora es gobernador&#8230; Hay que ver que pasa con Astorga&#8230; AMEN&#8230;.<\/p>\n","protected":false},"excerpt":{"rendered":"<p>Ricardo Ch\u00faa Sale y Vale MONREAL, SU \u00abALFIL\u00bb EN VERACRUZ&#8230; En los \u00faltimos meses del a\u00f1o pasado al interior de MORENA en Veracruz y del gobierno estatal de Cuitl\u00e1huac Garc\u00eda Jim\u00e9nez .. Se ha venido manejando la versi\u00f3n de que el senador de este partido, Ernesto P\u00e9rez Astorga podr\u00eda estar inmerso en lo \u00aboscurito\u00bb en [&hellip;]<\/p>\n","protected":false},"author":2,"featured_media":0,"comment_status":"open","ping_status":"open","sticky":false,"template":"","format":"standard","meta":{"tdm_status":"","tdm_grid_status":"","footnotes":""},"categories":[70],"tags":[1563,2219,12605,3946,410,16122,1003,1026,266,13604,2944,3578,195,12816],"class_list":{"0":"post-51962","1":"post","2":"type-post","3":"status-publish","4":"format-standard","6":"category-de-opinion","7":"tag-cuitlahuac-garcia-jimenez","8":"tag-dante-delgado","9":"tag-ernesto-perez-astorga","10":"tag-felipe-calderon","11":"tag-fidel-herrera-beltran","12":"tag-fuerza-social-mexico","13":"tag-lopez-obrador","14":"tag-morena","15":"tag-pan","16":"tag-ricardo-chua","17":"tag-ricardo-monreal-avila","18":"tag-rocio-nahle","19":"tag-veracruz","20":"tag-zacatecas"},"yoast_head":"<!-- This site is optimized with the Yoast SEO plugin v27.4 - https:\/\/yoast.com\/product\/yoast-seo-wordpress\/ -->\n<title>Monreal y el Factor P\u00e9rez Astorga - Los pol\u00edticos Veracruz<\/title>\n<meta name=\"robots\" content=\"index, follow, max-snippet:-1, max-image-preview:large, max-video-preview:-1\" \/>\n<link rel=\"canonical\" href=\"https:\/\/lospoliticosveracruz.com\/?p=51962\" \/>\n<meta property=\"og:locale\" content=\"es_ES\" \/>\n<meta property=\"og:type\" content=\"article\" \/>\n<meta property=\"og:title\" content=\"Monreal y el Factor P\u00e9rez Astorga - Los pol\u00edticos Veracruz\" \/>\n<meta property=\"og:description\" content=\"Ricardo Ch\u00faa Sale y Vale MONREAL, SU \u00abALFIL\u00bb EN VERACRUZ&#8230; En los \u00faltimos meses del a\u00f1o pasado al interior de MORENA en Veracruz y del gobierno estatal de Cuitl\u00e1huac Garc\u00eda Jim\u00e9nez .. Se ha venido manejando la versi\u00f3n de que el senador de este partido, Ernesto P\u00e9rez Astorga podr\u00eda estar inmerso en lo \u00aboscurito\u00bb en [&hellip;]\" \/>\n<meta property=\"og:url\" content=\"https:\/\/lospoliticosveracruz.com\/?p=51962\" \/>\n<meta property=\"og:site_name\" content=\"Los pol\u00edticos Veracruz\" \/>\n<meta property=\"article:publisher\" content=\"https:\/\/www.facebook.com\/people\/Notimemes-de-los-Polticos\/61565672886568\/\" \/>\n<meta property=\"article:published_time\" content=\"2020-01-14T16:30:16+00:00\" \/>\n<meta property=\"og:image\" content=\"https:\/\/lospoliticosveracruz.com\/wp-content\/uploads\/2016\/07\/Logo-Dor.jpg\" \/>\n\t<meta property=\"og:image:width\" content=\"200\" \/>\n\t<meta property=\"og:image:height\" content=\"200\" \/>\n\t<meta property=\"og:image:type\" content=\"image\/jpeg\" \/>\n<meta name=\"author\" content=\"Lo viste en Los Pol\u00edticos\" \/>\n<meta name=\"twitter:card\" content=\"summary_large_image\" \/>\n<meta name=\"twitter:creator\" content=\"@LosPoliticosVer\" \/>\n<meta name=\"twitter:site\" content=\"@LosPoliticosVer\" \/>\n<meta name=\"twitter:label1\" content=\"Escrito por\" \/>\n\t<meta name=\"twitter:data1\" content=\"Lo viste en Los Pol\u00edticos\" \/>\n\t<meta name=\"twitter:label2\" content=\"Tiempo de lectura\" \/>\n\t<meta name=\"twitter:data2\" content=\"5 minutos\" \/>\n<script type=\"application\/ld+json\" class=\"yoast-schema-graph\">{\"@context\":\"https:\\\/\\\/schema.org\",\"@graph\":[{\"@type\":\"Article\",\"@id\":\"https:\\\/\\\/lospoliticosveracruz.com\\\/?p=51962#article\",\"isPartOf\":{\"@id\":\"https:\\\/\\\/lospoliticosveracruz.com\\\/?p=51962\"},\"author\":{\"name\":\"Lo viste en Los Pol\u00edticos\",\"@id\":\"https:\\\/\\\/lospoliticosveracruz.com\\\/#\\\/schema\\\/person\\\/b8702bb0e538456e6efd07080bf2a4a2\"},\"headline\":\"Monreal y el Factor P\u00e9rez Astorga\",\"datePublished\":\"2020-01-14T16:30:16+00:00\",\"mainEntityOfPage\":{\"@id\":\"https:\\\/\\\/lospoliticosveracruz.com\\\/?p=51962\"},\"wordCount\":1076,\"commentCount\":0,\"publisher\":{\"@id\":\"https:\\\/\\\/lospoliticosveracruz.com\\\/#organization\"},\"keywords\":[\"Cuitl\u00e1huac Garc\u00eda Jim\u00e9nez\",\"Dante Delgado\",\"Ernesto P\u00e9rez Astorga\",\"Felipe Calder\u00f3n\",\"Fidel Herrera Beltr\u00e1n\",\"Fuerza Social M\u00e9xico\",\"L\u00f3pez Obrador\",\"Morena\",\"PAN\",\"Ricardo Ch\u00faa\",\"Ricardo Monreal \u00c1vila\",\"Roc\u00edo Nahle\",\"Veracruz\",\"Zacatecas\"],\"articleSection\":[\"De Opini\u00f3n\"],\"inLanguage\":\"es\",\"potentialAction\":[{\"@type\":\"CommentAction\",\"name\":\"Comment\",\"target\":[\"https:\\\/\\\/lospoliticosveracruz.com\\\/?p=51962#respond\"]}]},{\"@type\":\"WebPage\",\"@id\":\"https:\\\/\\\/lospoliticosveracruz.com\\\/?p=51962\",\"url\":\"https:\\\/\\\/lospoliticosveracruz.com\\\/?p=51962\",\"name\":\"Monreal y el Factor P\u00e9rez Astorga - Los pol\u00edticos Veracruz\",\"isPartOf\":{\"@id\":\"https:\\\/\\\/lospoliticosveracruz.com\\\/#website\"},\"datePublished\":\"2020-01-14T16:30:16+00:00\",\"breadcrumb\":{\"@id\":\"https:\\\/\\\/lospoliticosveracruz.com\\\/?p=51962#breadcrumb\"},\"inLanguage\":\"es\",\"potentialAction\":[{\"@type\":\"ReadAction\",\"target\":[\"https:\\\/\\\/lospoliticosveracruz.com\\\/?p=51962\"]}]},{\"@type\":\"BreadcrumbList\",\"@id\":\"https:\\\/\\\/lospoliticosveracruz.com\\\/?p=51962#breadcrumb\",\"itemListElement\":[{\"@type\":\"ListItem\",\"position\":1,\"name\":\"Portada\",\"item\":\"https:\\\/\\\/lospoliticosveracruz.com\\\/\"},{\"@type\":\"ListItem\",\"position\":2,\"name\":\"Monreal y el Factor P\u00e9rez Astorga\"}]},{\"@type\":\"WebSite\",\"@id\":\"https:\\\/\\\/lospoliticosveracruz.com\\\/#website\",\"url\":\"https:\\\/\\\/lospoliticosveracruz.com\\\/\",\"name\":\"Los pol\u00edticos Veracruz\",\"description\":\"\",\"publisher\":{\"@id\":\"https:\\\/\\\/lospoliticosveracruz.com\\\/#organization\"},\"potentialAction\":[{\"@type\":\"SearchAction\",\"target\":{\"@type\":\"EntryPoint\",\"urlTemplate\":\"https:\\\/\\\/lospoliticosveracruz.com\\\/?s={search_term_string}\"},\"query-input\":{\"@type\":\"PropertyValueSpecification\",\"valueRequired\":true,\"valueName\":\"search_term_string\"}}],\"inLanguage\":\"es\"},{\"@type\":\"Organization\",\"@id\":\"https:\\\/\\\/lospoliticosveracruz.com\\\/#organization\",\"name\":\"Los pol\u00edticos Veracruz\",\"url\":\"https:\\\/\\\/lospoliticosveracruz.com\\\/\",\"logo\":{\"@type\":\"ImageObject\",\"inLanguage\":\"es\",\"@id\":\"https:\\\/\\\/lospoliticosveracruz.com\\\/#\\\/schema\\\/logo\\\/image\\\/\",\"url\":\"https:\\\/\\\/lospoliticosveracruz.com\\\/wp-content\\\/uploads\\\/2025\\\/12\\\/Logo-Nuevo-LOS-POLITICOS-1.jpg\",\"contentUrl\":\"https:\\\/\\\/lospoliticosveracruz.com\\\/wp-content\\\/uploads\\\/2025\\\/12\\\/Logo-Nuevo-LOS-POLITICOS-1.jpg\",\"width\":260,\"height\":70,\"caption\":\"Los pol\u00edticos Veracruz\"},\"image\":{\"@id\":\"https:\\\/\\\/lospoliticosveracruz.com\\\/#\\\/schema\\\/logo\\\/image\\\/\"},\"sameAs\":[\"https:\\\/\\\/www.facebook.com\\\/people\\\/Notimemes-de-los-Polticos\\\/61565672886568\\\/\",\"https:\\\/\\\/x.com\\\/LosPoliticosVer\"]},{\"@type\":\"Person\",\"@id\":\"https:\\\/\\\/lospoliticosveracruz.com\\\/#\\\/schema\\\/person\\\/b8702bb0e538456e6efd07080bf2a4a2\",\"name\":\"Lo viste en Los Pol\u00edticos\",\"image\":{\"@type\":\"ImageObject\",\"inLanguage\":\"es\",\"@id\":\"https:\\\/\\\/secure.gravatar.com\\\/avatar\\\/3a8de04a2656d44082be478bd6c086daa447c4651605818287b9532d3d0bd435?s=96&d=mm&r=g\",\"url\":\"https:\\\/\\\/secure.gravatar.com\\\/avatar\\\/3a8de04a2656d44082be478bd6c086daa447c4651605818287b9532d3d0bd435?s=96&d=mm&r=g\",\"contentUrl\":\"https:\\\/\\\/secure.gravatar.com\\\/avatar\\\/3a8de04a2656d44082be478bd6c086daa447c4651605818287b9532d3d0bd435?s=96&d=mm&r=g\",\"caption\":\"Lo viste en Los Pol\u00edticos\"},\"url\":\"https:\\\/\\\/lospoliticosveracruz.com\\\/?author=2\"}]}<\/script>\n<!-- \/ Yoast SEO plugin. -->","yoast_head_json":{"title":"Monreal y el Factor P\u00e9rez Astorga - Los pol\u00edticos Veracruz","robots":{"index":"index","follow":"follow","max-snippet":"max-snippet:-1","max-image-preview":"max-image-preview:large","max-video-preview":"max-video-preview:-1"},"canonical":"https:\/\/lospoliticosveracruz.com\/?p=51962","og_locale":"es_ES","og_type":"article","og_title":"Monreal y el Factor P\u00e9rez Astorga - Los pol\u00edticos Veracruz","og_description":"Ricardo Ch\u00faa Sale y Vale MONREAL, SU \u00abALFIL\u00bb EN VERACRUZ&#8230; En los \u00faltimos meses del a\u00f1o pasado al interior de MORENA en Veracruz y del gobierno estatal de Cuitl\u00e1huac Garc\u00eda Jim\u00e9nez .. Se ha venido manejando la versi\u00f3n de que el senador de este partido, Ernesto P\u00e9rez Astorga podr\u00eda estar inmerso en lo \u00aboscurito\u00bb en [&hellip;]","og_url":"https:\/\/lospoliticosveracruz.com\/?p=51962","og_site_name":"Los pol\u00edticos Veracruz","article_publisher":"https:\/\/www.facebook.com\/people\/Notimemes-de-los-Polticos\/61565672886568\/","article_published_time":"2020-01-14T16:30:16+00:00","og_image":[{"width":200,"height":200,"url":"https:\/\/lospoliticosveracruz.com\/wp-content\/uploads\/2016\/07\/Logo-Dor.jpg","type":"image\/jpeg"}],"author":"Lo viste en Los Pol\u00edticos","twitter_card":"summary_large_image","twitter_creator":"@LosPoliticosVer","twitter_site":"@LosPoliticosVer","twitter_misc":{"Escrito por":"Lo viste en Los Pol\u00edticos","Tiempo de lectura":"5 minutos"},"schema":{"@context":"https:\/\/schema.org","@graph":[{"@type":"Article","@id":"https:\/\/lospoliticosveracruz.com\/?p=51962#article","isPartOf":{"@id":"https:\/\/lospoliticosveracruz.com\/?p=51962"},"author":{"name":"Lo viste en Los Pol\u00edticos","@id":"https:\/\/lospoliticosveracruz.com\/#\/schema\/person\/b8702bb0e538456e6efd07080bf2a4a2"},"headline":"Monreal y el Factor P\u00e9rez Astorga","datePublished":"2020-01-14T16:30:16+00:00","mainEntityOfPage":{"@id":"https:\/\/lospoliticosveracruz.com\/?p=51962"},"wordCount":1076,"commentCount":0,"publisher":{"@id":"https:\/\/lospoliticosveracruz.com\/#organization"},"keywords":["Cuitl\u00e1huac Garc\u00eda Jim\u00e9nez","Dante Delgado","Ernesto P\u00e9rez Astorga","Felipe Calder\u00f3n","Fidel Herrera Beltr\u00e1n","Fuerza Social M\u00e9xico","L\u00f3pez Obrador","Morena","PAN","Ricardo Ch\u00faa","Ricardo Monreal \u00c1vila","Roc\u00edo Nahle","Veracruz","Zacatecas"],"articleSection":["De Opini\u00f3n"],"inLanguage":"es","potentialAction":[{"@type":"CommentAction","name":"Comment","target":["https:\/\/lospoliticosveracruz.com\/?p=51962#respond"]}]},{"@type":"WebPage","@id":"https:\/\/lospoliticosveracruz.com\/?p=51962","url":"https:\/\/lospoliticosveracruz.com\/?p=51962","name":"Monreal y el Factor P\u00e9rez Astorga - Los pol\u00edticos Veracruz","isPartOf":{"@id":"https:\/\/lospoliticosveracruz.com\/#website"},"datePublished":"2020-01-14T16:30:16+00:00","breadcrumb":{"@id":"https:\/\/lospoliticosveracruz.com\/?p=51962#breadcrumb"},"inLanguage":"es","potentialAction":[{"@type":"ReadAction","target":["https:\/\/lospoliticosveracruz.com\/?p=51962"]}]},{"@type":"BreadcrumbList","@id":"https:\/\/lospoliticosveracruz.com\/?p=51962#breadcrumb","itemListElement":[{"@type":"ListItem","position":1,"name":"Portada","item":"https:\/\/lospoliticosveracruz.com\/"},{"@type":"ListItem","position":2,"name":"Monreal y el Factor P\u00e9rez Astorga"}]},{"@type":"WebSite","@id":"https:\/\/lospoliticosveracruz.com\/#website","url":"https:\/\/lospoliticosveracruz.com\/","name":"Los pol\u00edticos Veracruz","description":"","publisher":{"@id":"https:\/\/lospoliticosveracruz.com\/#organization"},"potentialAction":[{"@type":"SearchAction","target":{"@type":"EntryPoint","urlTemplate":"https:\/\/lospoliticosveracruz.com\/?s={search_term_string}"},"query-input":{"@type":"PropertyValueSpecification","valueRequired":true,"valueName":"search_term_string"}}],"inLanguage":"es"},{"@type":"Organization","@id":"https:\/\/lospoliticosveracruz.com\/#organization","name":"Los pol\u00edticos Veracruz","url":"https:\/\/lospoliticosveracruz.com\/","logo":{"@type":"ImageObject","inLanguage":"es","@id":"https:\/\/lospoliticosveracruz.com\/#\/schema\/logo\/image\/","url":"https:\/\/lospoliticosveracruz.com\/wp-content\/uploads\/2025\/12\/Logo-Nuevo-LOS-POLITICOS-1.jpg","contentUrl":"https:\/\/lospoliticosveracruz.com\/wp-content\/uploads\/2025\/12\/Logo-Nuevo-LOS-POLITICOS-1.jpg","width":260,"height":70,"caption":"Los pol\u00edticos Veracruz"},"image":{"@id":"https:\/\/lospoliticosveracruz.com\/#\/schema\/logo\/image\/"},"sameAs":["https:\/\/www.facebook.com\/people\/Notimemes-de-los-Polticos\/61565672886568\/","https:\/\/x.com\/LosPoliticosVer"]},{"@type":"Person","@id":"https:\/\/lospoliticosveracruz.com\/#\/schema\/person\/b8702bb0e538456e6efd07080bf2a4a2","name":"Lo viste en Los Pol\u00edticos","image":{"@type":"ImageObject","inLanguage":"es","@id":"https:\/\/secure.gravatar.com\/avatar\/3a8de04a2656d44082be478bd6c086daa447c4651605818287b9532d3d0bd435?s=96&d=mm&r=g","url":"https:\/\/secure.gravatar.com\/avatar\/3a8de04a2656d44082be478bd6c086daa447c4651605818287b9532d3d0bd435?s=96&d=mm&r=g","contentUrl":"https:\/\/secure.gravatar.com\/avatar\/3a8de04a2656d44082be478bd6c086daa447c4651605818287b9532d3d0bd435?s=96&d=mm&r=g","caption":"Lo viste en Los Pol\u00edticos"},"url":"https:\/\/lospoliticosveracruz.com\/?author=2"}]}},"_links":{"self":[{"href":"https:\/\/lospoliticosveracruz.com\/index.php?rest_route=\/wp\/v2\/posts\/51962","targetHints":{"allow":["GET"]}}],"collection":[{"href":"https:\/\/lospoliticosveracruz.com\/index.php?rest_route=\/wp\/v2\/posts"}],"about":[{"href":"https:\/\/lospoliticosveracruz.com\/index.php?rest_route=\/wp\/v2\/types\/post"}],"author":[{"embeddable":true,"href":"https:\/\/lospoliticosveracruz.com\/index.php?rest_route=\/wp\/v2\/users\/2"}],"replies":[{"embeddable":true,"href":"https:\/\/lospoliticosveracruz.com\/index.php?rest_route=%2Fwp%2Fv2%2Fcomments&post=51962"}],"version-history":[{"count":1,"href":"https:\/\/lospoliticosveracruz.com\/index.php?rest_route=\/wp\/v2\/posts\/51962\/revisions"}],"predecessor-version":[{"id":51964,"href":"https:\/\/lospoliticosveracruz.com\/index.php?rest_route=\/wp\/v2\/posts\/51962\/revisions\/51964"}],"wp:attachment":[{"href":"https:\/\/lospoliticosveracruz.com\/index.php?rest_route=%2Fwp%2Fv2%2Fmedia&parent=51962"}],"wp:term":[{"taxonomy":"category","embeddable":true,"href":"https:\/\/lospoliticosveracruz.com\/index.php?rest_route=%2Fwp%2Fv2%2Fcategories&post=51962"},{"taxonomy":"post_tag","embeddable":true,"href":"https:\/\/lospoliticosveracruz.com\/index.php?rest_route=%2Fwp%2Fv2%2Ftags&post=51962"}],"curies":[{"name":"wp","href":"https:\/\/api.w.org\/{rel}","templated":true}]}}