{"id":52014,"date":"2020-01-16T08:26:23","date_gmt":"2020-01-16T14:26:23","guid":{"rendered":"http:\/\/www.lospoliticosveracruz.com.mx\/?p=52014"},"modified":"2020-01-16T08:26:23","modified_gmt":"2020-01-16T14:26:23","slug":"el-negro-horizonte-de-yunes-linares","status":"publish","type":"post","link":"https:\/\/lospoliticosveracruz.com\/?p=52014","title":{"rendered":"El negro horizonte de Yunes Linares"},"content":{"rendered":"<p><strong>Luis Alberto Romero<\/strong><\/p>\n<p><em>Hora cero<\/em><br \/>\nLa historia de M\u00e9xico est\u00e1 llena de pol\u00edticos que decidieron huir del pa\u00eds, exiliarse, antes que entrar a una abierta confrontaci\u00f3n con el presidente en turno.<br \/>\nVarios ex presidentes mexicanos han pasado del poder al exilio. Encontramos, por ejemplo, los casos de Antonio L\u00f3pez de Santa Anna, Valent\u00edn G\u00f3mez Far\u00edas, Nicol\u00e1s Bravo y Anastasio Bustamante, que en diferentes \u00e9pocas y por distintos motivos tuvieron que abandonar M\u00e9xico.<br \/>\nIncluso Ju\u00e1rez se vio obligado al destierro. En el siglo pasado, lo mismo ocurri\u00f3 con Porfirio D\u00edaz, quien despu\u00e9s de permanecer en el poder por tres d\u00e9cadas, sali\u00f3 a Francia para nunca volver. Sebasti\u00e1n Lerdo de Tejada tambi\u00e9n muri\u00f3 en el destierro.<br \/>\nLa historia nacional consigna, de igual manera, el caso del hombre fuerte del Maximato, Plutarco El\u00edas Calles, fundador del PNR, antecedente del PRI, quien fue expulsado a Estados Unidos.<br \/>\nDe forma m\u00e1s reciente, Carlos Salinas de Gortari, al no llevar una buena relaci\u00f3n con su sucesor en el cargo, Ernesto Zedillo, se refugi\u00f3 en Irlanda despu\u00e9s de recorrer varios pa\u00edses.<br \/>\nEx gobernadores de diferentes entidades del pa\u00eds han corrido con la misma suerte; ca\u00eddos en desgracia pol\u00edtica, optan por poner tierra de por medio por diferentes motivos.<br \/>\nNo hay un solo caso de un pol\u00edtico que haya salido bien librado de un enfrentamiento con el presidente.<br \/>\nQuienes han tenido fortuna logran exiliarse; quienes no, son detenidos, encarcelados y exhibidos ante la opini\u00f3n p\u00fablica; en la historia contempor\u00e1nea tenemos al l\u00edder petrolero Joaqu\u00edn Hern\u00e1ndez Galicia, \u201cLa Quina\u201d; o a la maestra Elba Esther Gordillo Morales, cabeza del poderoso sindicato magisterial; el primero, apresado durante el gobierno de Carlos Salinas; la segunda, en el inicio del sexenio de Pe\u00f1a Nieto.<br \/>\nLos casos m\u00e1s recientes de ex gobernadores que salieron del pa\u00eds, aunque fueron posteriormente capturados, son los de Tom\u00e1s Yarrington, ex mandatario tamaulipeco detenido en Italia; y el veracruzano Javier Duarte, apresado en Guatemala para ser trasladado al Reclusorio Norte.<br \/>\nEl punto es que no hay pol\u00edtico que haya salido bien librado de un enfrentamiento con el ejecutivo en turno, no importa si son ex presidentes, ex gobernadores, ex secretarios del gabinete y l\u00edderes partidistas.<br \/>\nEl tema surge hoy a prop\u00f3sito de la abierta confrontaci\u00f3n que ha mantenido el ex gobernador de Veracruz, Miguel \u00c1ngel Yunes Linares, con el presidente L\u00f3pez Obrador.<br \/>\nRecordemos que durante la pasada campa\u00f1a, Yunes lanz\u00f3 todo tipo de descalificaciones contra el entonces candidato de Morena; la provocaci\u00f3n fue abierta y de ello qued\u00f3 constancia en las redes sociales; le dijo corrupto, boc\u00f3n, vividor y cosas por el estilo hasta llegar al \u201cno le saques, loco\u201d, en abierto reto, casi barriobajero, como si no estuviera en su presupuesto lo que parec\u00eda una inminente victoria de quien durante a\u00f1os ha mantenido un impresionante nivel de popularidad.<br \/>\nSin embargo, una vez que L\u00f3pez Obrador lleg\u00f3 a la Presidencia y el ex gobernador no pudo dar continuidad a su proyecto en Veracruz, con su hijo como candidato de PAN-PRD-MC, de inmediato baj\u00f3 su perfil hasta mantenerse casi agazapado.<br \/>\nEl ex ejecutivo veracruzano s\u00f3lo ha tenido apariciones aisladas; alg\u00fan d\u00eda corriendo acompa\u00f1ado por sus hijos; otro en el caf\u00e9; nada importante. El \u00fanico acto pol\u00edtico m\u00e1s o menos relevante se dio en agosto pasado, cuando reuni\u00f3 a su grupo para dar l\u00ednea a favor de Jos\u00e9 de Jes\u00fas Mancha en el marco de la contienda por la dirigencia estatal panista, de la que result\u00f3 perdedor.<br \/>\nA poco m\u00e1s de un a\u00f1o de concluir su periodo en la gubernatura, Yunes Linares cuenta las horas para que termine el sexenio; sabe que en cualquier momento podr\u00eda pasar de ser el justiciero que combat\u00eda la corrupci\u00f3n de Duarte al pr\u00f3fugo de la justicia, al exiliado o, en el peor de los escenarios para su causa, al primer ex gobernador detenido por la 4T. @luisromero85<\/p>\n","protected":false},"excerpt":{"rendered":"<p>Luis Alberto Romero Hora cero La historia de M\u00e9xico est\u00e1 llena de pol\u00edticos que decidieron huir del pa\u00eds, exiliarse, antes que entrar a una abierta confrontaci\u00f3n con el presidente en turno. Varios ex presidentes mexicanos han pasado del poder al exilio. Encontramos, por ejemplo, los casos de Antonio L\u00f3pez de Santa Anna, Valent\u00edn G\u00f3mez Far\u00edas, [&hellip;]<\/p>\n","protected":false},"author":2,"featured_media":0,"comment_status":"open","ping_status":"open","sticky":false,"template":"","format":"standard","meta":{"tdm_status":"","tdm_grid_status":"","footnotes":""},"categories":[70],"tags":[3223,1934,162,4017,428,16160,15456,2205,2808,476,195],"class_list":{"0":"post-52014","1":"post","2":"type-post","3":"status-publish","4":"format-standard","6":"category-de-opinion","7":"tag-carlos-salinas-de-gortari","8":"tag-ernesto-zedillo","9":"tag-javier-duarte","10":"tag-jose-de-jesus-mancha","11":"tag-miguel-angel-yunes-linares","12":"tag-nicolas-bravo","13":"tag-plutarco-elias-calles","14":"tag-porfirio-diaz","15":"tag-sebastian-lerdo-de-tejada","16":"tag-tomas-yarrington","17":"tag-veracruz"},"yoast_head":"<!-- This site is optimized with the Yoast SEO plugin v27.4 - https:\/\/yoast.com\/product\/yoast-seo-wordpress\/ -->\n<title>El negro horizonte de Yunes Linares - Los pol\u00edticos Veracruz<\/title>\n<meta name=\"robots\" content=\"index, follow, max-snippet:-1, max-image-preview:large, max-video-preview:-1\" \/>\n<link rel=\"canonical\" href=\"https:\/\/lospoliticosveracruz.com\/?p=52014\" \/>\n<meta property=\"og:locale\" content=\"es_ES\" \/>\n<meta property=\"og:type\" content=\"article\" \/>\n<meta property=\"og:title\" content=\"El negro horizonte de Yunes Linares - Los pol\u00edticos Veracruz\" \/>\n<meta property=\"og:description\" content=\"Luis Alberto Romero Hora cero La historia de M\u00e9xico est\u00e1 llena de pol\u00edticos que decidieron huir del pa\u00eds, exiliarse, antes que entrar a una abierta confrontaci\u00f3n con el presidente en turno. Varios ex presidentes mexicanos han pasado del poder al exilio. Encontramos, por ejemplo, los casos de Antonio L\u00f3pez de Santa Anna, Valent\u00edn G\u00f3mez Far\u00edas, [&hellip;]\" \/>\n<meta property=\"og:url\" content=\"https:\/\/lospoliticosveracruz.com\/?p=52014\" \/>\n<meta property=\"og:site_name\" content=\"Los pol\u00edticos Veracruz\" \/>\n<meta property=\"article:publisher\" content=\"https:\/\/www.facebook.com\/people\/Notimemes-de-los-Polticos\/61565672886568\/\" \/>\n<meta property=\"article:published_time\" content=\"2020-01-16T14:26:23+00:00\" \/>\n<meta property=\"og:image\" content=\"https:\/\/lospoliticosveracruz.com\/wp-content\/uploads\/2016\/07\/Logo-Dor.jpg\" \/>\n\t<meta property=\"og:image:width\" content=\"200\" \/>\n\t<meta property=\"og:image:height\" content=\"200\" \/>\n\t<meta property=\"og:image:type\" content=\"image\/jpeg\" \/>\n<meta name=\"author\" content=\"Lo viste en Los Pol\u00edticos\" \/>\n<meta name=\"twitter:card\" content=\"summary_large_image\" \/>\n<meta name=\"twitter:creator\" content=\"@LosPoliticosVer\" \/>\n<meta name=\"twitter:site\" content=\"@LosPoliticosVer\" \/>\n<meta name=\"twitter:label1\" content=\"Escrito por\" \/>\n\t<meta name=\"twitter:data1\" content=\"Lo viste en Los Pol\u00edticos\" \/>\n\t<meta name=\"twitter:label2\" content=\"Tiempo de lectura\" \/>\n\t<meta name=\"twitter:data2\" content=\"3 minutos\" \/>\n<script type=\"application\/ld+json\" class=\"yoast-schema-graph\">{\"@context\":\"https:\\\/\\\/schema.org\",\"@graph\":[{\"@type\":\"Article\",\"@id\":\"https:\\\/\\\/lospoliticosveracruz.com\\\/?p=52014#article\",\"isPartOf\":{\"@id\":\"https:\\\/\\\/lospoliticosveracruz.com\\\/?p=52014\"},\"author\":{\"name\":\"Lo viste en Los Pol\u00edticos\",\"@id\":\"https:\\\/\\\/lospoliticosveracruz.com\\\/#\\\/schema\\\/person\\\/b8702bb0e538456e6efd07080bf2a4a2\"},\"headline\":\"El negro horizonte de Yunes Linares\",\"datePublished\":\"2020-01-16T14:26:23+00:00\",\"mainEntityOfPage\":{\"@id\":\"https:\\\/\\\/lospoliticosveracruz.com\\\/?p=52014\"},\"wordCount\":699,\"commentCount\":0,\"publisher\":{\"@id\":\"https:\\\/\\\/lospoliticosveracruz.com\\\/#organization\"},\"keywords\":[\"Carlos Salinas de Gortari\",\"Ernesto Zedillo\",\"Javier Duarte\",\"Jos\u00e9 de Jes\u00fas Mancha\",\"Miguel Angel Yunes Linares\",\"Nicol\u00e1s Bravo\",\"Plutarco El\u00edas Calles\",\"Porfirio D\u00edaz\",\"Sebasti\u00e1n Lerdo de Tejada\",\"Tom\u00e1s Yarrington\",\"Veracruz\"],\"articleSection\":[\"De Opini\u00f3n\"],\"inLanguage\":\"es\",\"potentialAction\":[{\"@type\":\"CommentAction\",\"name\":\"Comment\",\"target\":[\"https:\\\/\\\/lospoliticosveracruz.com\\\/?p=52014#respond\"]}]},{\"@type\":\"WebPage\",\"@id\":\"https:\\\/\\\/lospoliticosveracruz.com\\\/?p=52014\",\"url\":\"https:\\\/\\\/lospoliticosveracruz.com\\\/?p=52014\",\"name\":\"El negro horizonte de Yunes Linares - Los pol\u00edticos Veracruz\",\"isPartOf\":{\"@id\":\"https:\\\/\\\/lospoliticosveracruz.com\\\/#website\"},\"datePublished\":\"2020-01-16T14:26:23+00:00\",\"breadcrumb\":{\"@id\":\"https:\\\/\\\/lospoliticosveracruz.com\\\/?p=52014#breadcrumb\"},\"inLanguage\":\"es\",\"potentialAction\":[{\"@type\":\"ReadAction\",\"target\":[\"https:\\\/\\\/lospoliticosveracruz.com\\\/?p=52014\"]}]},{\"@type\":\"BreadcrumbList\",\"@id\":\"https:\\\/\\\/lospoliticosveracruz.com\\\/?p=52014#breadcrumb\",\"itemListElement\":[{\"@type\":\"ListItem\",\"position\":1,\"name\":\"Portada\",\"item\":\"https:\\\/\\\/lospoliticosveracruz.com\\\/\"},{\"@type\":\"ListItem\",\"position\":2,\"name\":\"El negro horizonte de Yunes Linares\"}]},{\"@type\":\"WebSite\",\"@id\":\"https:\\\/\\\/lospoliticosveracruz.com\\\/#website\",\"url\":\"https:\\\/\\\/lospoliticosveracruz.com\\\/\",\"name\":\"Los pol\u00edticos Veracruz\",\"description\":\"\",\"publisher\":{\"@id\":\"https:\\\/\\\/lospoliticosveracruz.com\\\/#organization\"},\"potentialAction\":[{\"@type\":\"SearchAction\",\"target\":{\"@type\":\"EntryPoint\",\"urlTemplate\":\"https:\\\/\\\/lospoliticosveracruz.com\\\/?s={search_term_string}\"},\"query-input\":{\"@type\":\"PropertyValueSpecification\",\"valueRequired\":true,\"valueName\":\"search_term_string\"}}],\"inLanguage\":\"es\"},{\"@type\":\"Organization\",\"@id\":\"https:\\\/\\\/lospoliticosveracruz.com\\\/#organization\",\"name\":\"Los pol\u00edticos Veracruz\",\"url\":\"https:\\\/\\\/lospoliticosveracruz.com\\\/\",\"logo\":{\"@type\":\"ImageObject\",\"inLanguage\":\"es\",\"@id\":\"https:\\\/\\\/lospoliticosveracruz.com\\\/#\\\/schema\\\/logo\\\/image\\\/\",\"url\":\"https:\\\/\\\/lospoliticosveracruz.com\\\/wp-content\\\/uploads\\\/2025\\\/12\\\/Logo-Nuevo-LOS-POLITICOS-1.jpg\",\"contentUrl\":\"https:\\\/\\\/lospoliticosveracruz.com\\\/wp-content\\\/uploads\\\/2025\\\/12\\\/Logo-Nuevo-LOS-POLITICOS-1.jpg\",\"width\":260,\"height\":70,\"caption\":\"Los pol\u00edticos Veracruz\"},\"image\":{\"@id\":\"https:\\\/\\\/lospoliticosveracruz.com\\\/#\\\/schema\\\/logo\\\/image\\\/\"},\"sameAs\":[\"https:\\\/\\\/www.facebook.com\\\/people\\\/Notimemes-de-los-Polticos\\\/61565672886568\\\/\",\"https:\\\/\\\/x.com\\\/LosPoliticosVer\"]},{\"@type\":\"Person\",\"@id\":\"https:\\\/\\\/lospoliticosveracruz.com\\\/#\\\/schema\\\/person\\\/b8702bb0e538456e6efd07080bf2a4a2\",\"name\":\"Lo viste en Los Pol\u00edticos\",\"image\":{\"@type\":\"ImageObject\",\"inLanguage\":\"es\",\"@id\":\"https:\\\/\\\/secure.gravatar.com\\\/avatar\\\/3a8de04a2656d44082be478bd6c086daa447c4651605818287b9532d3d0bd435?s=96&d=mm&r=g\",\"url\":\"https:\\\/\\\/secure.gravatar.com\\\/avatar\\\/3a8de04a2656d44082be478bd6c086daa447c4651605818287b9532d3d0bd435?s=96&d=mm&r=g\",\"contentUrl\":\"https:\\\/\\\/secure.gravatar.com\\\/avatar\\\/3a8de04a2656d44082be478bd6c086daa447c4651605818287b9532d3d0bd435?s=96&d=mm&r=g\",\"caption\":\"Lo viste en Los Pol\u00edticos\"},\"url\":\"https:\\\/\\\/lospoliticosveracruz.com\\\/?author=2\"}]}<\/script>\n<!-- \/ Yoast SEO plugin. -->","yoast_head_json":{"title":"El negro horizonte de Yunes Linares - Los pol\u00edticos Veracruz","robots":{"index":"index","follow":"follow","max-snippet":"max-snippet:-1","max-image-preview":"max-image-preview:large","max-video-preview":"max-video-preview:-1"},"canonical":"https:\/\/lospoliticosveracruz.com\/?p=52014","og_locale":"es_ES","og_type":"article","og_title":"El negro horizonte de Yunes Linares - Los pol\u00edticos Veracruz","og_description":"Luis Alberto Romero Hora cero La historia de M\u00e9xico est\u00e1 llena de pol\u00edticos que decidieron huir del pa\u00eds, exiliarse, antes que entrar a una abierta confrontaci\u00f3n con el presidente en turno. Varios ex presidentes mexicanos han pasado del poder al exilio. Encontramos, por ejemplo, los casos de Antonio L\u00f3pez de Santa Anna, Valent\u00edn G\u00f3mez Far\u00edas, [&hellip;]","og_url":"https:\/\/lospoliticosveracruz.com\/?p=52014","og_site_name":"Los pol\u00edticos Veracruz","article_publisher":"https:\/\/www.facebook.com\/people\/Notimemes-de-los-Polticos\/61565672886568\/","article_published_time":"2020-01-16T14:26:23+00:00","og_image":[{"width":200,"height":200,"url":"https:\/\/lospoliticosveracruz.com\/wp-content\/uploads\/2016\/07\/Logo-Dor.jpg","type":"image\/jpeg"}],"author":"Lo viste en Los Pol\u00edticos","twitter_card":"summary_large_image","twitter_creator":"@LosPoliticosVer","twitter_site":"@LosPoliticosVer","twitter_misc":{"Escrito por":"Lo viste en Los Pol\u00edticos","Tiempo de lectura":"3 minutos"},"schema":{"@context":"https:\/\/schema.org","@graph":[{"@type":"Article","@id":"https:\/\/lospoliticosveracruz.com\/?p=52014#article","isPartOf":{"@id":"https:\/\/lospoliticosveracruz.com\/?p=52014"},"author":{"name":"Lo viste en Los Pol\u00edticos","@id":"https:\/\/lospoliticosveracruz.com\/#\/schema\/person\/b8702bb0e538456e6efd07080bf2a4a2"},"headline":"El negro horizonte de Yunes Linares","datePublished":"2020-01-16T14:26:23+00:00","mainEntityOfPage":{"@id":"https:\/\/lospoliticosveracruz.com\/?p=52014"},"wordCount":699,"commentCount":0,"publisher":{"@id":"https:\/\/lospoliticosveracruz.com\/#organization"},"keywords":["Carlos Salinas de Gortari","Ernesto Zedillo","Javier Duarte","Jos\u00e9 de Jes\u00fas Mancha","Miguel Angel Yunes Linares","Nicol\u00e1s Bravo","Plutarco El\u00edas Calles","Porfirio D\u00edaz","Sebasti\u00e1n Lerdo de Tejada","Tom\u00e1s Yarrington","Veracruz"],"articleSection":["De Opini\u00f3n"],"inLanguage":"es","potentialAction":[{"@type":"CommentAction","name":"Comment","target":["https:\/\/lospoliticosveracruz.com\/?p=52014#respond"]}]},{"@type":"WebPage","@id":"https:\/\/lospoliticosveracruz.com\/?p=52014","url":"https:\/\/lospoliticosveracruz.com\/?p=52014","name":"El negro horizonte de Yunes Linares - Los pol\u00edticos Veracruz","isPartOf":{"@id":"https:\/\/lospoliticosveracruz.com\/#website"},"datePublished":"2020-01-16T14:26:23+00:00","breadcrumb":{"@id":"https:\/\/lospoliticosveracruz.com\/?p=52014#breadcrumb"},"inLanguage":"es","potentialAction":[{"@type":"ReadAction","target":["https:\/\/lospoliticosveracruz.com\/?p=52014"]}]},{"@type":"BreadcrumbList","@id":"https:\/\/lospoliticosveracruz.com\/?p=52014#breadcrumb","itemListElement":[{"@type":"ListItem","position":1,"name":"Portada","item":"https:\/\/lospoliticosveracruz.com\/"},{"@type":"ListItem","position":2,"name":"El negro horizonte de Yunes Linares"}]},{"@type":"WebSite","@id":"https:\/\/lospoliticosveracruz.com\/#website","url":"https:\/\/lospoliticosveracruz.com\/","name":"Los pol\u00edticos Veracruz","description":"","publisher":{"@id":"https:\/\/lospoliticosveracruz.com\/#organization"},"potentialAction":[{"@type":"SearchAction","target":{"@type":"EntryPoint","urlTemplate":"https:\/\/lospoliticosveracruz.com\/?s={search_term_string}"},"query-input":{"@type":"PropertyValueSpecification","valueRequired":true,"valueName":"search_term_string"}}],"inLanguage":"es"},{"@type":"Organization","@id":"https:\/\/lospoliticosveracruz.com\/#organization","name":"Los pol\u00edticos Veracruz","url":"https:\/\/lospoliticosveracruz.com\/","logo":{"@type":"ImageObject","inLanguage":"es","@id":"https:\/\/lospoliticosveracruz.com\/#\/schema\/logo\/image\/","url":"https:\/\/lospoliticosveracruz.com\/wp-content\/uploads\/2025\/12\/Logo-Nuevo-LOS-POLITICOS-1.jpg","contentUrl":"https:\/\/lospoliticosveracruz.com\/wp-content\/uploads\/2025\/12\/Logo-Nuevo-LOS-POLITICOS-1.jpg","width":260,"height":70,"caption":"Los pol\u00edticos Veracruz"},"image":{"@id":"https:\/\/lospoliticosveracruz.com\/#\/schema\/logo\/image\/"},"sameAs":["https:\/\/www.facebook.com\/people\/Notimemes-de-los-Polticos\/61565672886568\/","https:\/\/x.com\/LosPoliticosVer"]},{"@type":"Person","@id":"https:\/\/lospoliticosveracruz.com\/#\/schema\/person\/b8702bb0e538456e6efd07080bf2a4a2","name":"Lo viste en Los Pol\u00edticos","image":{"@type":"ImageObject","inLanguage":"es","@id":"https:\/\/secure.gravatar.com\/avatar\/3a8de04a2656d44082be478bd6c086daa447c4651605818287b9532d3d0bd435?s=96&d=mm&r=g","url":"https:\/\/secure.gravatar.com\/avatar\/3a8de04a2656d44082be478bd6c086daa447c4651605818287b9532d3d0bd435?s=96&d=mm&r=g","contentUrl":"https:\/\/secure.gravatar.com\/avatar\/3a8de04a2656d44082be478bd6c086daa447c4651605818287b9532d3d0bd435?s=96&d=mm&r=g","caption":"Lo viste en Los Pol\u00edticos"},"url":"https:\/\/lospoliticosveracruz.com\/?author=2"}]}},"_links":{"self":[{"href":"https:\/\/lospoliticosveracruz.com\/index.php?rest_route=\/wp\/v2\/posts\/52014","targetHints":{"allow":["GET"]}}],"collection":[{"href":"https:\/\/lospoliticosveracruz.com\/index.php?rest_route=\/wp\/v2\/posts"}],"about":[{"href":"https:\/\/lospoliticosveracruz.com\/index.php?rest_route=\/wp\/v2\/types\/post"}],"author":[{"embeddable":true,"href":"https:\/\/lospoliticosveracruz.com\/index.php?rest_route=\/wp\/v2\/users\/2"}],"replies":[{"embeddable":true,"href":"https:\/\/lospoliticosveracruz.com\/index.php?rest_route=%2Fwp%2Fv2%2Fcomments&post=52014"}],"version-history":[{"count":1,"href":"https:\/\/lospoliticosveracruz.com\/index.php?rest_route=\/wp\/v2\/posts\/52014\/revisions"}],"predecessor-version":[{"id":52015,"href":"https:\/\/lospoliticosveracruz.com\/index.php?rest_route=\/wp\/v2\/posts\/52014\/revisions\/52015"}],"wp:attachment":[{"href":"https:\/\/lospoliticosveracruz.com\/index.php?rest_route=%2Fwp%2Fv2%2Fmedia&parent=52014"}],"wp:term":[{"taxonomy":"category","embeddable":true,"href":"https:\/\/lospoliticosveracruz.com\/index.php?rest_route=%2Fwp%2Fv2%2Fcategories&post=52014"},{"taxonomy":"post_tag","embeddable":true,"href":"https:\/\/lospoliticosveracruz.com\/index.php?rest_route=%2Fwp%2Fv2%2Ftags&post=52014"}],"curies":[{"name":"wp","href":"https:\/\/api.w.org\/{rel}","templated":true}]}}